{"id":4394,"date":"2019-12-10T11:51:00","date_gmt":"2019-12-10T09:51:00","guid":{"rendered":"https:\/\/casal.puntzero.cat\/noticies\/pretty-tired-faces-mostra-al-cccb-les-histories-de-vida-de-dones-del-casal-dels-infants-de\/"},"modified":"2023-05-01T17:53:35","modified_gmt":"2023-05-01T15:53:35","slug":"pretty-tired-faces-mostra-al-cccb-les-histories-de-vida-de-dones-del-casal-dels-infants-de","status":"publish","type":"post","link":"https:\/\/www.casaldelsinfants.org\/es\/actualidad\/pretty-tired-faces-cccb-historias-mujeres-casal-infants\/","title":{"rendered":"Pretty, tired faces muestra en el CCCB las historias de vida de las mujeres del Casal dels Infants de Santa Coloma de Gramenet"},"content":{"rendered":"<p><span style=\"color:#000000;\">La muestra Pretty, tired faces, un conjunto de 11 retratos bordados por mujeres que participan en el Casal dels Infants de Santa Coloma de Gramenet, se expuso en el Centre de Cultura Contempor\u00e0nia de Barcelona (CCCB) entre el 25 de noviembre y el 2 de diciembre. Con estas obras, las creadoras quisieron dar a conocer sus historias de vida y experiencias en el grupo de mujeres El hilo del Casal, que forma parte del Casal Familiar.<\/span><\/p>\n<p><span style=\"color:#000000;\">La inauguraci\u00f3n oficial tuvo lugar el jueves 28 de noviembre, con la presencia de sus creadoras; la alcaldesa de Santa Coloma de Gramenet, N\u00faria Parl\u00f3n; la directora del CCCB, Judit Carrera; la directora del Casal dels Infants, Rosa Balaguer; y una cincuentena de mujeres movilizadas desde Santa Coloma de Gramenet.<\/span><\/p>\n<p><img decoding=\"async\" alt=\"Imatge de la inauguraci\u00f3 de la mostra Pretty, tired faces\" data-entity-type=\"file\" data-entity-uuid=\"260bc60f-64fb-4f93-8278-ba0c2ba3866b\" data-image-style=\"large\" src=\"\/wp-content\/uploads\/inline-images\/_1130288.JPG\" width=\"480\" height=\"361\" typeof=\"foaf:Image\" class=\"align-center\" \/><\/p>\n<p>\u00a0<\/p>\n<p><span style=\"color:#000000;\">Esto es lo que quisieron expresar alguna de las integrantes de El hilo del Casal en la inauguraci\u00f3n, acompa\u00f1adas de sus educadoras, Maria Vi\u00f1ola y Bea Hern\u00e1n.<\/span><\/p>\n<blockquote>\n<p><span style=\"color:#000000;\"><strong>Mina Akkaoui:<\/strong> \u201cEs un mensaje para decir que podemos hacer cosas, porque mucha gente cree que como amas de casa no podemos hacer nada. S\u00ed que podemos, s\u00f3lo necesitamos que alguien nos de la mano\u201d.<\/span><\/p>\n<p><span style=\"color:#000000;\"><strong>Naseem Kousar:<\/strong> \u201cPod\u00e9is ver que mi cara est\u00e1 muy contenta porque los jueves venimos a coser y bordar al Casal. Much\u00edsimas gracias por facilitarnos coser y hablar\u201d.<\/span><\/p>\n<p><span style=\"color:#000000;\"><strong>Asma Malik:<\/strong> \u201cLlevo casi nueve a\u00f1os aqu\u00ed. Antes de venir al Casal estaba aburrida en casa. En el Casal estoy contenta, puedo aprender castellano y tambi\u00e9n catal\u00e1n, poco a poco. Me ayudan con los deberes de mi hija y los jueves hacemos clase de costura\u201d.<\/span><\/p>\n<p><span style=\"color:#000000;\"><strong>Tanzina Akhtar:<\/strong> \u201cEn el Casal, todo aquello que no entendemos los acabamos entendiendo con Beatriz y Maria, que son como nuestras amigas. Queremos conocer a m\u00e1s personas a trav\u00e9s del Casal para aprender mucho. Me gustar\u00eda que el Casal fuera m\u00e1s all\u00e1\u201d.<\/span><\/p>\n<p><span style=\"color:#000000;\"><strong>Baljinder:<\/strong> \u201cSoy Baljinder y soy de India. Los jueves aprendo mucho con cada una de vosotras. Vienen muchas amigas, y esto me hace muy feliz. Mi nombre se ve brillante \u2014en el retrato\u2014 porque quiero que lo vea todo el mundo. Gracias por poner mi cara en un museo\u201d.<\/span><\/p>\n<\/blockquote>\n<p><img decoding=\"async\" alt=\"Cartell explicatiu de Pretty, tired faces i p\u00fablic contemplant les obres\" data-entity-type=\"file\" data-entity-uuid=\"bb811aad-65b0-4baa-8286-0b9c83066acf\" data-image-style=\"large\" src=\"\/wp-content\/uploads\/inline-images\/_1130318.JPG\" width=\"480\" height=\"360\" typeof=\"foaf:Image\" class=\"align-center\" \/><\/p>\n<p>\u00a0<\/p>\n<p><span style=\"color:#000000;\"><strong>Honor, orgullo y\u00a0subversi\u00f3n<\/strong><\/span><\/p>\n<p><span style=\"color:#000000;\">La alcaldesa colomense, N\u00faria Parl\u00f3n, se mostr\u00f3 muy satisfecha por contar con una muestra realizada por vecinas de la ciudad en un espacio como el CCCB: \u201cNos sentimos s\u00faper orgullosas de que mujeres de nuestra ciudad hoy est\u00e9n exponiendo aqu\u00ed esta magn\u00edfica visi\u00f3n del rostro y la fuerza de las mujeres\u201d. En la misma l\u00ednea se expres\u00f3 la directora del CCCB, Judit Carrera: \u201cEs un honor y un gran placer que hay\u00e1is aceptado exponer en nuestro centro. Os quer\u00eda insistir en que esta es vuestra casa y siempre podr\u00e9is volver. Quiero agradecer y reconocer tambi\u00e9n el trabajo que hace el Casal dels Infants\u201d.<\/span><\/p>\n<p><span style=\"color:#000000;\">Mar\u00eda Vi\u00f1olo, una de las educadoras que acompa\u00f1a a las mujeres de El hilo del Casal, quiso reivindicar que coser y cocinar \u201ctambi\u00e9n pueden ser actividades subversivas\u201d y reclam\u00f3 m\u00e1s reconocimiento para estos lenguajes en el mundo del arte y, concretamente, en el arte feminista: \u201cQue no se incluyan s\u00f3lo a mujeres blancas, sino artistas y mujeres que tienen muchas cosas que decirnos con distintos or\u00edgenes y discursos. Ellas pueden expresar temas escondidos y relacionados con la violencia institucional, como por ejemplo los efectos de la ley de Extranjer\u00eda. Sentimos que el CCCB nos ha acogido y nos ha hecho de altavoz\u201d.<\/span><\/p>\n<p>\u00a0<\/p>\n<blockquote>\n<p><span style=\"color:#000000;\"><strong>Creadoras de <\/strong><em><strong>Pretty, tired faces<\/strong><\/em><strong>:\u00a0<\/strong>Afia Begum, Amandeep Kaur, Armarjit Kaur, Asma Malik, Baljinder, Farjana Hossain, Gurwinder Kaur, Hiba Mazouzi, Mandeep Kaur, Maria Vi\u00f1olo, Mina Akkaoui, Nassem Kousar, Pawanjeet Kaur, Shahanaz Begum y\u00a0Tanzina Akhtar<\/span><\/p>\n<p><span style=\"color:#000000;\"><strong>Direcci\u00f3n del proceso creativo:\u00a0<\/strong>Maria Vi\u00f1olo Berenguel<\/span><\/p>\n<p><span style=\"color:#000000;\"><strong>Equip educativo:<\/strong>\u00a0Beatriz Hernan, Maria Vi\u00f1olo y\u00a0Marta Rom\u00e1n<\/span><\/p>\n<\/blockquote>\n<p>\u00a0<\/p>\n","protected":false},"excerpt":{"rendered":"<p>La muestra Pretty, tired faces, un conjunto de 11 retratos bordados por mujeres que participan en el Casal dels Infants de Santa Coloma de Gramenet, se expuso en el Centre de Cultura Contempor\u00e0nia de Barcelona (CCCB) entre el 25 de noviembre y el 2 de diciembre. Con estas obras, las creadoras quisieron dar a conocer [&hellip;]<\/p>\n","protected":false},"author":1,"featured_media":3291,"comment_status":"open","ping_status":"open","sticky":false,"template":"","format":"standard","meta":{"_acf_changed":false,"_et_pb_use_builder":"","_et_pb_old_content":"","_et_gb_content_width":"","inline_featured_image":false,"footnotes":""},"categories":[125],"tags":[],"seus":[19],"eixos":[107],"class_list":["post-4394","post","type-post","status-publish","format-standard","has-post-thumbnail","hentry","category-noticias","seus-santa-coloma-de-gramenet","eixos-pequena-infancia"],"acf":[],"yoast_head":"<!-- This site is optimized with the Yoast SEO plugin v27.4 - https:\/\/yoast.com\/product\/yoast-seo-wordpress\/ -->\n<title>Pretty, tired faces muestra en el CCCB las historias de vida de las mujeres del Casal dels Infants de Santa Coloma de Gramenet - Casal dels Infants<\/title>\n<meta name=\"robots\" content=\"index, follow, max-snippet:-1, max-image-preview:large, max-video-preview:-1\" \/>\n<link rel=\"canonical\" href=\"https:\/\/www.casaldelsinfants.org\/es\/actualidad\/pretty-tired-faces-cccb-historias-mujeres-casal-infants\/\" \/>\n<meta property=\"og:locale\" content=\"es_ES\" \/>\n<meta property=\"og:type\" content=\"article\" \/>\n<meta property=\"og:title\" content=\"Pretty, tired faces muestra en el CCCB las historias de vida de las mujeres del Casal dels Infants de Santa Coloma de Gramenet - Casal dels Infants\" \/>\n<meta property=\"og:description\" content=\"La muestra Pretty, tired faces, un conjunto de 11 retratos bordados por mujeres que participan en el Casal dels Infants de Santa Coloma de Gramenet, se expuso en el Centre de Cultura Contempor\u00e0nia de Barcelona (CCCB) entre el 25 de noviembre y el 2 de diciembre. Con estas obras, las creadoras quisieron dar a conocer [&hellip;]\" \/>\n<meta property=\"og:url\" content=\"https:\/\/www.casaldelsinfants.org\/es\/actualidad\/pretty-tired-faces-cccb-historias-mujeres-casal-infants\/\" \/>\n<meta property=\"og:site_name\" content=\"Casal dels Infants\" \/>\n<meta property=\"article:publisher\" content=\"https:\/\/www.facebook.com\/casalinfants\" \/>\n<meta property=\"article:published_time\" content=\"2019-12-10T09:51:00+00:00\" \/>\n<meta property=\"article:modified_time\" content=\"2023-05-01T15:53:35+00:00\" \/>\n<meta property=\"og:image\" content=\"https:\/\/www.casaldelsinfants.org\/wp-content\/uploads\/1130330-scaled.jpg\" \/>\n\t<meta property=\"og:image:width\" content=\"2560\" \/>\n\t<meta property=\"og:image:height\" content=\"1922\" \/>\n\t<meta property=\"og:image:type\" content=\"image\/jpeg\" \/>\n<meta name=\"author\" content=\"cdiAdmin\" \/>\n<meta name=\"twitter:card\" content=\"summary_large_image\" \/>\n<meta name=\"twitter:creator\" content=\"@casalinfants\" \/>\n<meta name=\"twitter:site\" content=\"@casalinfants\" \/>\n<meta name=\"twitter:label1\" content=\"Escrito por\" \/>\n\t<meta name=\"twitter:data1\" content=\"cdiAdmin\" \/>\n\t<meta name=\"twitter:label2\" content=\"Tiempo de lectura\" \/>\n\t<meta name=\"twitter:data2\" content=\"3 minutos\" \/>\n<script type=\"application\/ld+json\" class=\"yoast-schema-graph\">{\"@context\":\"https:\\\/\\\/schema.org\",\"@graph\":[{\"@type\":\"Article\",\"@id\":\"https:\\\/\\\/www.casaldelsinfants.org\\\/es\\\/actualidad\\\/pretty-tired-faces-cccb-historias-mujeres-casal-infants\\\/#article\",\"isPartOf\":{\"@id\":\"https:\\\/\\\/www.casaldelsinfants.org\\\/es\\\/actualidad\\\/pretty-tired-faces-cccb-historias-mujeres-casal-infants\\\/\"},\"author\":{\"name\":\"cdiAdmin\",\"@id\":\"https:\\\/\\\/www.casaldelsinfants.org\\\/es\\\/#\\\/schema\\\/person\\\/97707fc8c64900cf36891127dbf9fba8\"},\"headline\":\"Pretty, tired faces muestra en el CCCB las historias de vida de las mujeres del Casal dels Infants de Santa Coloma de Gramenet\",\"datePublished\":\"2019-12-10T09:51:00+00:00\",\"dateModified\":\"2023-05-01T15:53:35+00:00\",\"mainEntityOfPage\":{\"@id\":\"https:\\\/\\\/www.casaldelsinfants.org\\\/es\\\/actualidad\\\/pretty-tired-faces-cccb-historias-mujeres-casal-infants\\\/\"},\"wordCount\":673,\"commentCount\":0,\"publisher\":{\"@id\":\"https:\\\/\\\/www.casaldelsinfants.org\\\/es\\\/#organization\"},\"image\":{\"@id\":\"https:\\\/\\\/www.casaldelsinfants.org\\\/es\\\/actualidad\\\/pretty-tired-faces-cccb-historias-mujeres-casal-infants\\\/#primaryimage\"},\"thumbnailUrl\":\"https:\\\/\\\/www.casaldelsinfants.org\\\/wp-content\\\/uploads\\\/1130330-scaled.jpg\",\"articleSection\":[\"Noticia\"],\"inLanguage\":\"es\",\"potentialAction\":[{\"@type\":\"CommentAction\",\"name\":\"Comment\",\"target\":[\"https:\\\/\\\/www.casaldelsinfants.org\\\/es\\\/actualidad\\\/pretty-tired-faces-cccb-historias-mujeres-casal-infants\\\/#respond\"]}]},{\"@type\":\"WebPage\",\"@id\":\"https:\\\/\\\/www.casaldelsinfants.org\\\/es\\\/actualidad\\\/pretty-tired-faces-cccb-historias-mujeres-casal-infants\\\/\",\"url\":\"https:\\\/\\\/www.casaldelsinfants.org\\\/es\\\/actualidad\\\/pretty-tired-faces-cccb-historias-mujeres-casal-infants\\\/\",\"name\":\"Pretty, tired faces muestra en el CCCB las historias de vida de las mujeres del Casal dels Infants de Santa Coloma de Gramenet - Casal dels Infants\",\"isPartOf\":{\"@id\":\"https:\\\/\\\/www.casaldelsinfants.org\\\/es\\\/#website\"},\"primaryImageOfPage\":{\"@id\":\"https:\\\/\\\/www.casaldelsinfants.org\\\/es\\\/actualidad\\\/pretty-tired-faces-cccb-historias-mujeres-casal-infants\\\/#primaryimage\"},\"image\":{\"@id\":\"https:\\\/\\\/www.casaldelsinfants.org\\\/es\\\/actualidad\\\/pretty-tired-faces-cccb-historias-mujeres-casal-infants\\\/#primaryimage\"},\"thumbnailUrl\":\"https:\\\/\\\/www.casaldelsinfants.org\\\/wp-content\\\/uploads\\\/1130330-scaled.jpg\",\"datePublished\":\"2019-12-10T09:51:00+00:00\",\"dateModified\":\"2023-05-01T15:53:35+00:00\",\"breadcrumb\":{\"@id\":\"https:\\\/\\\/www.casaldelsinfants.org\\\/es\\\/actualidad\\\/pretty-tired-faces-cccb-historias-mujeres-casal-infants\\\/#breadcrumb\"},\"inLanguage\":\"es\",\"potentialAction\":[{\"@type\":\"ReadAction\",\"target\":[\"https:\\\/\\\/www.casaldelsinfants.org\\\/es\\\/actualidad\\\/pretty-tired-faces-cccb-historias-mujeres-casal-infants\\\/\"]}]},{\"@type\":\"ImageObject\",\"inLanguage\":\"es\",\"@id\":\"https:\\\/\\\/www.casaldelsinfants.org\\\/es\\\/actualidad\\\/pretty-tired-faces-cccb-historias-mujeres-casal-infants\\\/#primaryimage\",\"url\":\"https:\\\/\\\/www.casaldelsinfants.org\\\/wp-content\\\/uploads\\\/1130330-scaled.jpg\",\"contentUrl\":\"https:\\\/\\\/www.casaldelsinfants.org\\\/wp-content\\\/uploads\\\/1130330-scaled.jpg\",\"width\":2560,\"height\":1922,\"caption\":\"Pretty tired face mostra al CCCB les hist\u00f2ries de vida de dones del Casal dels Infants de Santa Coloma de Gramanet\"},{\"@type\":\"BreadcrumbList\",\"@id\":\"https:\\\/\\\/www.casaldelsinfants.org\\\/es\\\/actualidad\\\/pretty-tired-faces-cccb-historias-mujeres-casal-infants\\\/#breadcrumb\",\"itemListElement\":[{\"@type\":\"ListItem\",\"position\":1,\"name\":\"Inici\",\"item\":\"https:\\\/\\\/www.casaldelsinfants.org\\\/es\\\/\"},{\"@type\":\"ListItem\",\"position\":2,\"name\":\"Pretty, tired faces muestra en el CCCB las historias de vida de las mujeres del Casal dels Infants de Santa Coloma de Gramenet\"}]},{\"@type\":\"WebSite\",\"@id\":\"https:\\\/\\\/www.casaldelsinfants.org\\\/es\\\/#website\",\"url\":\"https:\\\/\\\/www.casaldelsinfants.org\\\/es\\\/\",\"name\":\"Casal dels Infants\",\"description\":\"\",\"publisher\":{\"@id\":\"https:\\\/\\\/www.casaldelsinfants.org\\\/es\\\/#organization\"},\"potentialAction\":[{\"@type\":\"SearchAction\",\"target\":{\"@type\":\"EntryPoint\",\"urlTemplate\":\"https:\\\/\\\/www.casaldelsinfants.org\\\/es\\\/?s={search_term_string}\"},\"query-input\":{\"@type\":\"PropertyValueSpecification\",\"valueRequired\":true,\"valueName\":\"search_term_string\"}}],\"inLanguage\":\"es\"},{\"@type\":\"Organization\",\"@id\":\"https:\\\/\\\/www.casaldelsinfants.org\\\/es\\\/#organization\",\"name\":\"Casal dels Infants\",\"url\":\"https:\\\/\\\/www.casaldelsinfants.org\\\/es\\\/\",\"logo\":{\"@type\":\"ImageObject\",\"inLanguage\":\"es\",\"@id\":\"https:\\\/\\\/www.casaldelsinfants.org\\\/es\\\/#\\\/schema\\\/logo\\\/image\\\/\",\"url\":\"https:\\\/\\\/www.casaldelsinfants.org\\\/wp-content\\\/uploads\\\/logo-mail.png\",\"contentUrl\":\"https:\\\/\\\/www.casaldelsinfants.org\\\/wp-content\\\/uploads\\\/logo-mail.png\",\"width\":380,\"height\":158,\"caption\":\"Casal dels Infants\"},\"image\":{\"@id\":\"https:\\\/\\\/www.casaldelsinfants.org\\\/es\\\/#\\\/schema\\\/logo\\\/image\\\/\"},\"sameAs\":[\"https:\\\/\\\/www.facebook.com\\\/casalinfants\",\"https:\\\/\\\/x.com\\\/casalinfants\",\"https:\\\/\\\/www.youtube.com\\\/user\\\/CasaldelsInfants1\",\"https:\\\/\\\/www.instagram.com\\\/casalinfants\\\/\",\"https:\\\/\\\/www.linkedin.com\\\/company\\\/casaldelsinfants?trk=organization-update_share-update_actor-text\"]},{\"@type\":\"Person\",\"@id\":\"https:\\\/\\\/www.casaldelsinfants.org\\\/es\\\/#\\\/schema\\\/person\\\/97707fc8c64900cf36891127dbf9fba8\",\"name\":\"cdiAdmin\",\"sameAs\":[\"https:\\\/\\\/casaldelsinfants.org\"]}]}<\/script>\n<!-- \/ Yoast SEO plugin. -->","yoast_head_json":{"title":"Pretty, tired faces muestra en el CCCB las historias de vida de las mujeres del Casal dels Infants de Santa Coloma de Gramenet - Casal dels Infants","robots":{"index":"index","follow":"follow","max-snippet":"max-snippet:-1","max-image-preview":"max-image-preview:large","max-video-preview":"max-video-preview:-1"},"canonical":"https:\/\/www.casaldelsinfants.org\/es\/actualidad\/pretty-tired-faces-cccb-historias-mujeres-casal-infants\/","og_locale":"es_ES","og_type":"article","og_title":"Pretty, tired faces muestra en el CCCB las historias de vida de las mujeres del Casal dels Infants de Santa Coloma de Gramenet - Casal dels Infants","og_description":"La muestra Pretty, tired faces, un conjunto de 11 retratos bordados por mujeres que participan en el Casal dels Infants de Santa Coloma de Gramenet, se expuso en el Centre de Cultura Contempor\u00e0nia de Barcelona (CCCB) entre el 25 de noviembre y el 2 de diciembre. Con estas obras, las creadoras quisieron dar a conocer [&hellip;]","og_url":"https:\/\/www.casaldelsinfants.org\/es\/actualidad\/pretty-tired-faces-cccb-historias-mujeres-casal-infants\/","og_site_name":"Casal dels Infants","article_publisher":"https:\/\/www.facebook.com\/casalinfants","article_published_time":"2019-12-10T09:51:00+00:00","article_modified_time":"2023-05-01T15:53:35+00:00","og_image":[{"width":2560,"height":1922,"url":"https:\/\/www.casaldelsinfants.org\/wp-content\/uploads\/1130330-scaled.jpg","type":"image\/jpeg"}],"author":"cdiAdmin","twitter_card":"summary_large_image","twitter_creator":"@casalinfants","twitter_site":"@casalinfants","twitter_misc":{"Escrito por":"cdiAdmin","Tiempo de lectura":"3 minutos"},"schema":{"@context":"https:\/\/schema.org","@graph":[{"@type":"Article","@id":"https:\/\/www.casaldelsinfants.org\/es\/actualidad\/pretty-tired-faces-cccb-historias-mujeres-casal-infants\/#article","isPartOf":{"@id":"https:\/\/www.casaldelsinfants.org\/es\/actualidad\/pretty-tired-faces-cccb-historias-mujeres-casal-infants\/"},"author":{"name":"cdiAdmin","@id":"https:\/\/www.casaldelsinfants.org\/es\/#\/schema\/person\/97707fc8c64900cf36891127dbf9fba8"},"headline":"Pretty, tired faces muestra en el CCCB las historias de vida de las mujeres del Casal dels Infants de Santa Coloma de Gramenet","datePublished":"2019-12-10T09:51:00+00:00","dateModified":"2023-05-01T15:53:35+00:00","mainEntityOfPage":{"@id":"https:\/\/www.casaldelsinfants.org\/es\/actualidad\/pretty-tired-faces-cccb-historias-mujeres-casal-infants\/"},"wordCount":673,"commentCount":0,"publisher":{"@id":"https:\/\/www.casaldelsinfants.org\/es\/#organization"},"image":{"@id":"https:\/\/www.casaldelsinfants.org\/es\/actualidad\/pretty-tired-faces-cccb-historias-mujeres-casal-infants\/#primaryimage"},"thumbnailUrl":"https:\/\/www.casaldelsinfants.org\/wp-content\/uploads\/1130330-scaled.jpg","articleSection":["Noticia"],"inLanguage":"es","potentialAction":[{"@type":"CommentAction","name":"Comment","target":["https:\/\/www.casaldelsinfants.org\/es\/actualidad\/pretty-tired-faces-cccb-historias-mujeres-casal-infants\/#respond"]}]},{"@type":"WebPage","@id":"https:\/\/www.casaldelsinfants.org\/es\/actualidad\/pretty-tired-faces-cccb-historias-mujeres-casal-infants\/","url":"https:\/\/www.casaldelsinfants.org\/es\/actualidad\/pretty-tired-faces-cccb-historias-mujeres-casal-infants\/","name":"Pretty, tired faces muestra en el CCCB las historias de vida de las mujeres del Casal dels Infants de Santa Coloma de Gramenet - Casal dels Infants","isPartOf":{"@id":"https:\/\/www.casaldelsinfants.org\/es\/#website"},"primaryImageOfPage":{"@id":"https:\/\/www.casaldelsinfants.org\/es\/actualidad\/pretty-tired-faces-cccb-historias-mujeres-casal-infants\/#primaryimage"},"image":{"@id":"https:\/\/www.casaldelsinfants.org\/es\/actualidad\/pretty-tired-faces-cccb-historias-mujeres-casal-infants\/#primaryimage"},"thumbnailUrl":"https:\/\/www.casaldelsinfants.org\/wp-content\/uploads\/1130330-scaled.jpg","datePublished":"2019-12-10T09:51:00+00:00","dateModified":"2023-05-01T15:53:35+00:00","breadcrumb":{"@id":"https:\/\/www.casaldelsinfants.org\/es\/actualidad\/pretty-tired-faces-cccb-historias-mujeres-casal-infants\/#breadcrumb"},"inLanguage":"es","potentialAction":[{"@type":"ReadAction","target":["https:\/\/www.casaldelsinfants.org\/es\/actualidad\/pretty-tired-faces-cccb-historias-mujeres-casal-infants\/"]}]},{"@type":"ImageObject","inLanguage":"es","@id":"https:\/\/www.casaldelsinfants.org\/es\/actualidad\/pretty-tired-faces-cccb-historias-mujeres-casal-infants\/#primaryimage","url":"https:\/\/www.casaldelsinfants.org\/wp-content\/uploads\/1130330-scaled.jpg","contentUrl":"https:\/\/www.casaldelsinfants.org\/wp-content\/uploads\/1130330-scaled.jpg","width":2560,"height":1922,"caption":"Pretty tired face mostra al CCCB les hist\u00f2ries de vida de dones del Casal dels Infants de Santa Coloma de Gramanet"},{"@type":"BreadcrumbList","@id":"https:\/\/www.casaldelsinfants.org\/es\/actualidad\/pretty-tired-faces-cccb-historias-mujeres-casal-infants\/#breadcrumb","itemListElement":[{"@type":"ListItem","position":1,"name":"Inici","item":"https:\/\/www.casaldelsinfants.org\/es\/"},{"@type":"ListItem","position":2,"name":"Pretty, tired faces muestra en el CCCB las historias de vida de las mujeres del Casal dels Infants de Santa Coloma de Gramenet"}]},{"@type":"WebSite","@id":"https:\/\/www.casaldelsinfants.org\/es\/#website","url":"https:\/\/www.casaldelsinfants.org\/es\/","name":"Casal dels Infants","description":"","publisher":{"@id":"https:\/\/www.casaldelsinfants.org\/es\/#organization"},"potentialAction":[{"@type":"SearchAction","target":{"@type":"EntryPoint","urlTemplate":"https:\/\/www.casaldelsinfants.org\/es\/?s={search_term_string}"},"query-input":{"@type":"PropertyValueSpecification","valueRequired":true,"valueName":"search_term_string"}}],"inLanguage":"es"},{"@type":"Organization","@id":"https:\/\/www.casaldelsinfants.org\/es\/#organization","name":"Casal dels Infants","url":"https:\/\/www.casaldelsinfants.org\/es\/","logo":{"@type":"ImageObject","inLanguage":"es","@id":"https:\/\/www.casaldelsinfants.org\/es\/#\/schema\/logo\/image\/","url":"https:\/\/www.casaldelsinfants.org\/wp-content\/uploads\/logo-mail.png","contentUrl":"https:\/\/www.casaldelsinfants.org\/wp-content\/uploads\/logo-mail.png","width":380,"height":158,"caption":"Casal dels Infants"},"image":{"@id":"https:\/\/www.casaldelsinfants.org\/es\/#\/schema\/logo\/image\/"},"sameAs":["https:\/\/www.facebook.com\/casalinfants","https:\/\/x.com\/casalinfants","https:\/\/www.youtube.com\/user\/CasaldelsInfants1","https:\/\/www.instagram.com\/casalinfants\/","https:\/\/www.linkedin.com\/company\/casaldelsinfants?trk=organization-update_share-update_actor-text"]},{"@type":"Person","@id":"https:\/\/www.casaldelsinfants.org\/es\/#\/schema\/person\/97707fc8c64900cf36891127dbf9fba8","name":"cdiAdmin","sameAs":["https:\/\/casaldelsinfants.org"]}]}},"publishpress_future_action":{"enabled":false,"date":"2026-05-06 11:28:03","action":"change-status","newStatus":"draft","terms":[],"taxonomy":"category","extraData":[]},"publishpress_future_workflow_manual_trigger":{"enabledWorkflows":[]},"_links":{"self":[{"href":"https:\/\/www.casaldelsinfants.org\/es\/wp-json\/wp\/v2\/posts\/4394","targetHints":{"allow":["GET"]}}],"collection":[{"href":"https:\/\/www.casaldelsinfants.org\/es\/wp-json\/wp\/v2\/posts"}],"about":[{"href":"https:\/\/www.casaldelsinfants.org\/es\/wp-json\/wp\/v2\/types\/post"}],"author":[{"embeddable":true,"href":"https:\/\/www.casaldelsinfants.org\/es\/wp-json\/wp\/v2\/users\/1"}],"replies":[{"embeddable":true,"href":"https:\/\/www.casaldelsinfants.org\/es\/wp-json\/wp\/v2\/comments?post=4394"}],"version-history":[{"count":1,"href":"https:\/\/www.casaldelsinfants.org\/es\/wp-json\/wp\/v2\/posts\/4394\/revisions"}],"predecessor-version":[{"id":6347,"href":"https:\/\/www.casaldelsinfants.org\/es\/wp-json\/wp\/v2\/posts\/4394\/revisions\/6347"}],"wp:featuredmedia":[{"embeddable":true,"href":"https:\/\/www.casaldelsinfants.org\/es\/wp-json\/wp\/v2\/media\/3291"}],"wp:attachment":[{"href":"https:\/\/www.casaldelsinfants.org\/es\/wp-json\/wp\/v2\/media?parent=4394"}],"wp:term":[{"taxonomy":"category","embeddable":true,"href":"https:\/\/www.casaldelsinfants.org\/es\/wp-json\/wp\/v2\/categories?post=4394"},{"taxonomy":"post_tag","embeddable":true,"href":"https:\/\/www.casaldelsinfants.org\/es\/wp-json\/wp\/v2\/tags?post=4394"},{"taxonomy":"seus","embeddable":true,"href":"https:\/\/www.casaldelsinfants.org\/es\/wp-json\/wp\/v2\/seus?post=4394"},{"taxonomy":"eixos","embeddable":true,"href":"https:\/\/www.casaldelsinfants.org\/es\/wp-json\/wp\/v2\/eixos?post=4394"}],"curies":[{"name":"wp","href":"https:\/\/api.w.org\/{rel}","templated":true}]}}