{"id":4398,"date":"2019-12-09T17:31:53","date_gmt":"2019-12-09T15:31:53","guid":{"rendered":"https:\/\/casal.puntzero.cat\/noticies\/com-pots-fer-costat-al-casal-dels-infants-aquest-nadal\/"},"modified":"2023-09-05T09:25:56","modified_gmt":"2023-09-05T07:25:56","slug":"com-pots-fer-costat-al-casal-dels-infants-aquest-nadal","status":"publish","type":"post","link":"https:\/\/www.casaldelsinfants.org\/es\/actualidad\/com-pots-fer-costat-al-casal-dels-infants-aquest-nadal\/","title":{"rendered":"\u00bfC\u00f3mo puedes apoyar al Casal dels Infants esta Navidad?"},"content":{"rendered":"<p><span style=\"color: #000000;\">Esta Navidad, el Casal dels Infants no se detiene. Durante las vacaciones escolares abriremos nuestros Casales de Navidad y mantendremos en funcionamientos los servicios educativos y de ocio que apoyan a los ni\u00f1os, ni\u00f1as y familias con m\u00e1s obst\u00e1culos para salir adelante.<\/span><\/p>\n<p><span style=\"font-size: 20px;\"><span style=\"color: #000000;\"><strong>\u00bfC\u00f3mo puedes apoyarnos?<\/strong><\/span><\/span><\/p>\n<p><span style=\"font-size: 20px;\"><u><strong>Regala una postal solidaria<\/strong><\/u><\/span><\/p>\n<p><span style=\"color: #000000;\">Estas fiestas puedes compartir tu solidaridad con quienes m\u00e1s quieres y juntos transformaremos la realidad de muchos ni\u00f1os, ni\u00f1as y j\u00f3venes a los que les ha tocado crecer en circunstancias de gran desventaja y vulnerabilidad.<\/span><\/p>\n<p><img decoding=\"async\" class=\"align-center\" src=\"\/wp-content\/uploads\/inline-images\/Postals%20Nadal%20Casal%20dels%20Infants%202019.png\" alt=\"Postals de Nadal del Casal dels Infants\" width=\"480\" height=\"320\" data-entity-type=\"file\" data-entity-uuid=\"f11cdfac-920b-4714-8ae1-9ba52146f2e2\" data-image-style=\"large\" \/><\/p>\n<p><a href=\"https:\/\/www.casaldelsinfants.org\/es\/que-puedes-hacer-tu\/haz-un-donativo\/\"><span style=\"font-size: 20px;\"><u><strong>Haz un donativo<\/strong><\/u><\/span><\/a><\/p>\n<p><span style=\"color: #000000;\">Con tu aportaci\u00f3n, por peque\u00f1a que sea, nos ayudar\u00e1s a mantener en funcionamiento nuestros servicios socioeducativos. Con un donativo de 15\u20ac un ni\u00f1o podr\u00e1 disfrutar de un d\u00eda en el Casal de Navidad; aportando 45\u20ac una madre y su beb\u00e9 acceder\u00e1n a nuestro servicio maternoinfantil Vincles, y con 180\u20ac garantizar\u00e1s que un ni\u00f1o o una ni\u00f1a puedan contar durante todo un trimestre con un espacio de refuerzo escolar.<\/span><\/p>\n<p><a id=\"\" title=\"\" href=\"https:\/\/www.casaldelsinfants.org\/es\/que-puedes-hacer-tu\/haz-un-donativo\/\" target=\"\" rel=\"noopener\" data-image-style=\"max_1300x1300\"><img decoding=\"async\" class=\"align-center\" src=\"\/wp-content\/uploads\/inline-images\/Fes%20un%20donatiu%20Casal%20dels%20Infants%20CASTE.png\" alt=\"Qu\u00e8 far\u00e0s possible amb un donatiu?\" width=\"1300\" height=\"329\" data-entity-type=\"file\" data-entity-uuid=\"8e8a771b-8169-4ce4-8eb8-b0caaaf1ebd1\" data-image-style=\"max_1300x1300\" \/><\/a><\/p>\n<p><a href=\"https:\/\/www.atrapalo.com\/entradas\/play-the-game-tributo-a-queen_e4838934\/\"><strong><u>Regala entradas para el concierto <span style=\"font-size: 20px;\">\u2018Voces por la igualdad de oportunidades de los j\u00f3venes\u2019 Tribuo a Queen<\/span> de Play the Game<\/u><\/strong><\/a><\/p>\n<p><span style=\"color: #000000;\">El 30 de enero ser\u00e1 una noche inolvidable en la sala Luz de Gas, con un homenaje muy especial a la banda liderada por Fredy Mercury. Reivindicaremos que cualquier joven, sea cual sea su situaci\u00f3n, debe poder salir adelante en igualdad de condiciones. Los ingresos de las entradas se destinar\u00e1n a los servicios del Casal dels Infants que acompa\u00f1an a j\u00f3venes en situaci\u00f3n de vulnerabilidad.<\/span><\/p>\n<p><a id=\"\" title=\"\" href=\"https:\/\/www.atrapalo.com\/entradas\/play-the-game-tributo-a-queen_e4838934\/\" target=\"\" rel=\"noopener\" data-image-style=\"large\"><img decoding=\"async\" class=\"align-center\" src=\"\/wp-content\/uploads\/inline-images\/Cartell%20concert%20Veus%20per%20la%20igualtat%20d%27oportunitat%20dels%20joves%202019.jpg\" alt=\"Cartell del concert Veus per la igualtat d'oportunitats dels joves Casal dels Infants 2019\" width=\"480\" height=\"248\" data-entity-type=\"file\" data-entity-uuid=\"73cf9a63-e00b-46b0-8c05-aa45464dd72e\" data-image-style=\"large\" \/><\/a><\/p>\n<p><span style=\"font-size: 20px;\"><strong><u><a href=\"https:\/\/www.casaldelsinfants.org\/es\/que-puedes-hacer-tu\/voluntariado\/\">H<\/a><\/u><\/strong><\/span><a href=\"https:\/\/www.casaldelsinfants.org\/es\/que-puedes-hacer-tu\/voluntariado\/\"><span style=\"font-size: 20px;\"><strong><u>az voluntariado<\/u><\/strong><\/span><\/a><\/p>\n<p><span style=\"color: #000000;\">Sumar tu compromiso y tus ganas de cambiar la realidad es muy importante para el Casal dels Infants. <a href=\"https:\/\/www.casaldelsinfants.org\/es\/que-puedes-hacer-tu\/voluntariado\/\"><strong>Ven a hacer voluntariado<\/strong><\/a> a nuestros servicios socioeducativos y apoyar\u00e1s a ni\u00f1os, ni\u00f1as, j\u00f3venes, padres y madres que luchan por salir adelante.<\/span><\/p>\n<p><span style=\"color: #000000;\">Optando por cualquiera de estas opciones, juntos haremos posible que muchos ni\u00f1os, ni\u00f1as, j\u00f3venes y familias cuenten con el apoyo que necesitan para superar el riesgo de exclusi\u00f3n social.<\/span><\/p>\n<p><strong><span style=\"color: #000000;\">\u00a1Te deseamos muy buenas fiestas y un feliz 2020!<\/span><\/strong><\/p>\n","protected":false},"excerpt":{"rendered":"<p>[node:summary]<\/p>\n","protected":false},"author":1,"featured_media":3298,"comment_status":"open","ping_status":"open","sticky":false,"template":"","format":"standard","meta":{"_acf_changed":false,"_et_pb_use_builder":"","_et_pb_old_content":"","_et_gb_content_width":"","inline_featured_image":false,"footnotes":""},"categories":[125],"tags":[],"seus":[],"eixos":[],"class_list":["post-4398","post","type-post","status-publish","format-standard","has-post-thumbnail","hentry","category-noticias"],"acf":[],"yoast_head":"<!-- This site is optimized with the Yoast SEO plugin v27.4 - https:\/\/yoast.com\/product\/yoast-seo-wordpress\/ -->\n<title>Apoyar Casal dels Infants Navidad<\/title>\n<meta name=\"description\" content=\"Esta Navidad, el Casal dels Infants no se detiene. Durante las vacaciones escolares abriremos nuestros Casales de Navidad y mantendremos en funcionamientos los servicios educativos y de ocio que apoyan a los ni\u00f1os, ni\u00f1as y familias con m\u00e1s obst\u00e1culos para salir adelante. \u00bfC\u00f3mo puedes apoyarnos?\" \/>\n<meta name=\"robots\" content=\"index, follow, max-snippet:-1, max-image-preview:large, max-video-preview:-1\" \/>\n<link rel=\"canonical\" href=\"https:\/\/www.casaldelsinfants.org\/es\/actualidad\/com-pots-fer-costat-al-casal-dels-infants-aquest-nadal\/\" \/>\n<meta property=\"og:locale\" content=\"es_ES\" \/>\n<meta property=\"og:type\" content=\"article\" \/>\n<meta property=\"og:title\" content=\"Apoyar Casal dels Infants Navidad\" \/>\n<meta property=\"og:description\" content=\"Esta Navidad, el Casal dels Infants no se detiene. Durante las vacaciones escolares abriremos nuestros Casales de Navidad y mantendremos en funcionamientos los servicios educativos y de ocio que apoyan a los ni\u00f1os, ni\u00f1as y familias con m\u00e1s obst\u00e1culos para salir adelante. \u00bfC\u00f3mo puedes apoyarnos?\" \/>\n<meta property=\"og:url\" content=\"https:\/\/www.casaldelsinfants.org\/es\/actualidad\/com-pots-fer-costat-al-casal-dels-infants-aquest-nadal\/\" \/>\n<meta property=\"og:site_name\" content=\"Casal dels Infants\" \/>\n<meta property=\"article:publisher\" content=\"https:\/\/www.facebook.com\/casalinfants\" \/>\n<meta property=\"article:published_time\" content=\"2019-12-09T15:31:53+00:00\" \/>\n<meta property=\"article:modified_time\" content=\"2023-09-05T07:25:56+00:00\" \/>\n<meta property=\"og:image\" content=\"https:\/\/www.casaldelsinfants.org\/wp-content\/uploads\/g9a0307-scaled.jpg\" \/>\n\t<meta property=\"og:image:width\" content=\"2560\" \/>\n\t<meta property=\"og:image:height\" content=\"1707\" \/>\n\t<meta property=\"og:image:type\" content=\"image\/jpeg\" \/>\n<meta name=\"author\" content=\"cdiAdmin\" \/>\n<meta name=\"twitter:card\" content=\"summary_large_image\" \/>\n<meta name=\"twitter:creator\" content=\"@casalinfants\" \/>\n<meta name=\"twitter:site\" content=\"@casalinfants\" \/>\n<meta name=\"twitter:label1\" content=\"Escrito por\" \/>\n\t<meta name=\"twitter:data1\" content=\"cdiAdmin\" \/>\n\t<meta name=\"twitter:label2\" content=\"Tiempo de lectura\" \/>\n\t<meta name=\"twitter:data2\" content=\"3 minutos\" \/>\n<script type=\"application\/ld+json\" class=\"yoast-schema-graph\">{\"@context\":\"https:\\\/\\\/schema.org\",\"@graph\":[{\"@type\":\"Article\",\"@id\":\"https:\\\/\\\/www.casaldelsinfants.org\\\/es\\\/actualidad\\\/com-pots-fer-costat-al-casal-dels-infants-aquest-nadal\\\/#article\",\"isPartOf\":{\"@id\":\"https:\\\/\\\/www.casaldelsinfants.org\\\/es\\\/actualidad\\\/com-pots-fer-costat-al-casal-dels-infants-aquest-nadal\\\/\"},\"author\":{\"name\":\"cdiAdmin\",\"@id\":\"https:\\\/\\\/www.casaldelsinfants.org\\\/es\\\/#\\\/schema\\\/person\\\/97707fc8c64900cf36891127dbf9fba8\"},\"headline\":\"\u00bfC\u00f3mo puedes apoyar al Casal dels Infants esta Navidad?\",\"datePublished\":\"2019-12-09T15:31:53+00:00\",\"dateModified\":\"2023-09-05T07:25:56+00:00\",\"mainEntityOfPage\":{\"@id\":\"https:\\\/\\\/www.casaldelsinfants.org\\\/es\\\/actualidad\\\/com-pots-fer-costat-al-casal-dels-infants-aquest-nadal\\\/\"},\"wordCount\":359,\"commentCount\":0,\"publisher\":{\"@id\":\"https:\\\/\\\/www.casaldelsinfants.org\\\/es\\\/#organization\"},\"image\":{\"@id\":\"https:\\\/\\\/www.casaldelsinfants.org\\\/es\\\/actualidad\\\/com-pots-fer-costat-al-casal-dels-infants-aquest-nadal\\\/#primaryimage\"},\"thumbnailUrl\":\"https:\\\/\\\/www.casaldelsinfants.org\\\/wp-content\\\/uploads\\\/g9a0307-scaled.jpg\",\"articleSection\":[\"Noticia\"],\"inLanguage\":\"es\",\"potentialAction\":[{\"@type\":\"CommentAction\",\"name\":\"Comment\",\"target\":[\"https:\\\/\\\/www.casaldelsinfants.org\\\/es\\\/actualidad\\\/com-pots-fer-costat-al-casal-dels-infants-aquest-nadal\\\/#respond\"]}]},{\"@type\":\"WebPage\",\"@id\":\"https:\\\/\\\/www.casaldelsinfants.org\\\/es\\\/actualidad\\\/com-pots-fer-costat-al-casal-dels-infants-aquest-nadal\\\/\",\"url\":\"https:\\\/\\\/www.casaldelsinfants.org\\\/es\\\/actualidad\\\/com-pots-fer-costat-al-casal-dels-infants-aquest-nadal\\\/\",\"name\":\"Apoyar Casal dels Infants Navidad\",\"isPartOf\":{\"@id\":\"https:\\\/\\\/www.casaldelsinfants.org\\\/es\\\/#website\"},\"primaryImageOfPage\":{\"@id\":\"https:\\\/\\\/www.casaldelsinfants.org\\\/es\\\/actualidad\\\/com-pots-fer-costat-al-casal-dels-infants-aquest-nadal\\\/#primaryimage\"},\"image\":{\"@id\":\"https:\\\/\\\/www.casaldelsinfants.org\\\/es\\\/actualidad\\\/com-pots-fer-costat-al-casal-dels-infants-aquest-nadal\\\/#primaryimage\"},\"thumbnailUrl\":\"https:\\\/\\\/www.casaldelsinfants.org\\\/wp-content\\\/uploads\\\/g9a0307-scaled.jpg\",\"datePublished\":\"2019-12-09T15:31:53+00:00\",\"dateModified\":\"2023-09-05T07:25:56+00:00\",\"description\":\"Esta Navidad, el Casal dels Infants no se detiene. Durante las vacaciones escolares abriremos nuestros Casales de Navidad y mantendremos en funcionamientos los servicios educativos y de ocio que apoyan a los ni\u00f1os, ni\u00f1as y familias con m\u00e1s obst\u00e1culos para salir adelante. \u00bfC\u00f3mo puedes apoyarnos?\",\"breadcrumb\":{\"@id\":\"https:\\\/\\\/www.casaldelsinfants.org\\\/es\\\/actualidad\\\/com-pots-fer-costat-al-casal-dels-infants-aquest-nadal\\\/#breadcrumb\"},\"inLanguage\":\"es\",\"potentialAction\":[{\"@type\":\"ReadAction\",\"target\":[\"https:\\\/\\\/www.casaldelsinfants.org\\\/es\\\/actualidad\\\/com-pots-fer-costat-al-casal-dels-infants-aquest-nadal\\\/\"]}]},{\"@type\":\"ImageObject\",\"inLanguage\":\"es\",\"@id\":\"https:\\\/\\\/www.casaldelsinfants.org\\\/es\\\/actualidad\\\/com-pots-fer-costat-al-casal-dels-infants-aquest-nadal\\\/#primaryimage\",\"url\":\"https:\\\/\\\/www.casaldelsinfants.org\\\/wp-content\\\/uploads\\\/g9a0307-scaled.jpg\",\"contentUrl\":\"https:\\\/\\\/www.casaldelsinfants.org\\\/wp-content\\\/uploads\\\/g9a0307-scaled.jpg\",\"width\":2560,\"height\":1707,\"caption\":\"Nenes abra\u00e7ant-se al Casal dels Infants de Badalona\"},{\"@type\":\"BreadcrumbList\",\"@id\":\"https:\\\/\\\/www.casaldelsinfants.org\\\/es\\\/actualidad\\\/com-pots-fer-costat-al-casal-dels-infants-aquest-nadal\\\/#breadcrumb\",\"itemListElement\":[{\"@type\":\"ListItem\",\"position\":1,\"name\":\"Inici\",\"item\":\"https:\\\/\\\/www.casaldelsinfants.org\\\/es\\\/\"},{\"@type\":\"ListItem\",\"position\":2,\"name\":\"\u00bfC\u00f3mo puedes apoyar al Casal dels Infants esta Navidad?\"}]},{\"@type\":\"WebSite\",\"@id\":\"https:\\\/\\\/www.casaldelsinfants.org\\\/es\\\/#website\",\"url\":\"https:\\\/\\\/www.casaldelsinfants.org\\\/es\\\/\",\"name\":\"Casal dels Infants\",\"description\":\"\",\"publisher\":{\"@id\":\"https:\\\/\\\/www.casaldelsinfants.org\\\/es\\\/#organization\"},\"potentialAction\":[{\"@type\":\"SearchAction\",\"target\":{\"@type\":\"EntryPoint\",\"urlTemplate\":\"https:\\\/\\\/www.casaldelsinfants.org\\\/es\\\/?s={search_term_string}\"},\"query-input\":{\"@type\":\"PropertyValueSpecification\",\"valueRequired\":true,\"valueName\":\"search_term_string\"}}],\"inLanguage\":\"es\"},{\"@type\":\"Organization\",\"@id\":\"https:\\\/\\\/www.casaldelsinfants.org\\\/es\\\/#organization\",\"name\":\"Casal dels Infants\",\"url\":\"https:\\\/\\\/www.casaldelsinfants.org\\\/es\\\/\",\"logo\":{\"@type\":\"ImageObject\",\"inLanguage\":\"es\",\"@id\":\"https:\\\/\\\/www.casaldelsinfants.org\\\/es\\\/#\\\/schema\\\/logo\\\/image\\\/\",\"url\":\"https:\\\/\\\/www.casaldelsinfants.org\\\/wp-content\\\/uploads\\\/logo-mail.png\",\"contentUrl\":\"https:\\\/\\\/www.casaldelsinfants.org\\\/wp-content\\\/uploads\\\/logo-mail.png\",\"width\":380,\"height\":158,\"caption\":\"Casal dels Infants\"},\"image\":{\"@id\":\"https:\\\/\\\/www.casaldelsinfants.org\\\/es\\\/#\\\/schema\\\/logo\\\/image\\\/\"},\"sameAs\":[\"https:\\\/\\\/www.facebook.com\\\/casalinfants\",\"https:\\\/\\\/x.com\\\/casalinfants\",\"https:\\\/\\\/www.youtube.com\\\/user\\\/CasaldelsInfants1\",\"https:\\\/\\\/www.instagram.com\\\/casalinfants\\\/\",\"https:\\\/\\\/www.linkedin.com\\\/company\\\/casaldelsinfants?trk=organization-update_share-update_actor-text\"]},{\"@type\":\"Person\",\"@id\":\"https:\\\/\\\/www.casaldelsinfants.org\\\/es\\\/#\\\/schema\\\/person\\\/97707fc8c64900cf36891127dbf9fba8\",\"name\":\"cdiAdmin\",\"sameAs\":[\"https:\\\/\\\/casaldelsinfants.org\"]}]}<\/script>\n<!-- \/ Yoast SEO plugin. -->","yoast_head_json":{"title":"Apoyar Casal dels Infants Navidad","description":"Esta Navidad, el Casal dels Infants no se detiene. Durante las vacaciones escolares abriremos nuestros Casales de Navidad y mantendremos en funcionamientos los servicios educativos y de ocio que apoyan a los ni\u00f1os, ni\u00f1as y familias con m\u00e1s obst\u00e1culos para salir adelante. \u00bfC\u00f3mo puedes apoyarnos?","robots":{"index":"index","follow":"follow","max-snippet":"max-snippet:-1","max-image-preview":"max-image-preview:large","max-video-preview":"max-video-preview:-1"},"canonical":"https:\/\/www.casaldelsinfants.org\/es\/actualidad\/com-pots-fer-costat-al-casal-dels-infants-aquest-nadal\/","og_locale":"es_ES","og_type":"article","og_title":"Apoyar Casal dels Infants Navidad","og_description":"Esta Navidad, el Casal dels Infants no se detiene. Durante las vacaciones escolares abriremos nuestros Casales de Navidad y mantendremos en funcionamientos los servicios educativos y de ocio que apoyan a los ni\u00f1os, ni\u00f1as y familias con m\u00e1s obst\u00e1culos para salir adelante. \u00bfC\u00f3mo puedes apoyarnos?","og_url":"https:\/\/www.casaldelsinfants.org\/es\/actualidad\/com-pots-fer-costat-al-casal-dels-infants-aquest-nadal\/","og_site_name":"Casal dels Infants","article_publisher":"https:\/\/www.facebook.com\/casalinfants","article_published_time":"2019-12-09T15:31:53+00:00","article_modified_time":"2023-09-05T07:25:56+00:00","og_image":[{"width":2560,"height":1707,"url":"https:\/\/www.casaldelsinfants.org\/wp-content\/uploads\/g9a0307-scaled.jpg","type":"image\/jpeg"}],"author":"cdiAdmin","twitter_card":"summary_large_image","twitter_creator":"@casalinfants","twitter_site":"@casalinfants","twitter_misc":{"Escrito por":"cdiAdmin","Tiempo de lectura":"3 minutos"},"schema":{"@context":"https:\/\/schema.org","@graph":[{"@type":"Article","@id":"https:\/\/www.casaldelsinfants.org\/es\/actualidad\/com-pots-fer-costat-al-casal-dels-infants-aquest-nadal\/#article","isPartOf":{"@id":"https:\/\/www.casaldelsinfants.org\/es\/actualidad\/com-pots-fer-costat-al-casal-dels-infants-aquest-nadal\/"},"author":{"name":"cdiAdmin","@id":"https:\/\/www.casaldelsinfants.org\/es\/#\/schema\/person\/97707fc8c64900cf36891127dbf9fba8"},"headline":"\u00bfC\u00f3mo puedes apoyar al Casal dels Infants esta Navidad?","datePublished":"2019-12-09T15:31:53+00:00","dateModified":"2023-09-05T07:25:56+00:00","mainEntityOfPage":{"@id":"https:\/\/www.casaldelsinfants.org\/es\/actualidad\/com-pots-fer-costat-al-casal-dels-infants-aquest-nadal\/"},"wordCount":359,"commentCount":0,"publisher":{"@id":"https:\/\/www.casaldelsinfants.org\/es\/#organization"},"image":{"@id":"https:\/\/www.casaldelsinfants.org\/es\/actualidad\/com-pots-fer-costat-al-casal-dels-infants-aquest-nadal\/#primaryimage"},"thumbnailUrl":"https:\/\/www.casaldelsinfants.org\/wp-content\/uploads\/g9a0307-scaled.jpg","articleSection":["Noticia"],"inLanguage":"es","potentialAction":[{"@type":"CommentAction","name":"Comment","target":["https:\/\/www.casaldelsinfants.org\/es\/actualidad\/com-pots-fer-costat-al-casal-dels-infants-aquest-nadal\/#respond"]}]},{"@type":"WebPage","@id":"https:\/\/www.casaldelsinfants.org\/es\/actualidad\/com-pots-fer-costat-al-casal-dels-infants-aquest-nadal\/","url":"https:\/\/www.casaldelsinfants.org\/es\/actualidad\/com-pots-fer-costat-al-casal-dels-infants-aquest-nadal\/","name":"Apoyar Casal dels Infants Navidad","isPartOf":{"@id":"https:\/\/www.casaldelsinfants.org\/es\/#website"},"primaryImageOfPage":{"@id":"https:\/\/www.casaldelsinfants.org\/es\/actualidad\/com-pots-fer-costat-al-casal-dels-infants-aquest-nadal\/#primaryimage"},"image":{"@id":"https:\/\/www.casaldelsinfants.org\/es\/actualidad\/com-pots-fer-costat-al-casal-dels-infants-aquest-nadal\/#primaryimage"},"thumbnailUrl":"https:\/\/www.casaldelsinfants.org\/wp-content\/uploads\/g9a0307-scaled.jpg","datePublished":"2019-12-09T15:31:53+00:00","dateModified":"2023-09-05T07:25:56+00:00","description":"Esta Navidad, el Casal dels Infants no se detiene. Durante las vacaciones escolares abriremos nuestros Casales de Navidad y mantendremos en funcionamientos los servicios educativos y de ocio que apoyan a los ni\u00f1os, ni\u00f1as y familias con m\u00e1s obst\u00e1culos para salir adelante. \u00bfC\u00f3mo puedes apoyarnos?","breadcrumb":{"@id":"https:\/\/www.casaldelsinfants.org\/es\/actualidad\/com-pots-fer-costat-al-casal-dels-infants-aquest-nadal\/#breadcrumb"},"inLanguage":"es","potentialAction":[{"@type":"ReadAction","target":["https:\/\/www.casaldelsinfants.org\/es\/actualidad\/com-pots-fer-costat-al-casal-dels-infants-aquest-nadal\/"]}]},{"@type":"ImageObject","inLanguage":"es","@id":"https:\/\/www.casaldelsinfants.org\/es\/actualidad\/com-pots-fer-costat-al-casal-dels-infants-aquest-nadal\/#primaryimage","url":"https:\/\/www.casaldelsinfants.org\/wp-content\/uploads\/g9a0307-scaled.jpg","contentUrl":"https:\/\/www.casaldelsinfants.org\/wp-content\/uploads\/g9a0307-scaled.jpg","width":2560,"height":1707,"caption":"Nenes abra\u00e7ant-se al Casal dels Infants de Badalona"},{"@type":"BreadcrumbList","@id":"https:\/\/www.casaldelsinfants.org\/es\/actualidad\/com-pots-fer-costat-al-casal-dels-infants-aquest-nadal\/#breadcrumb","itemListElement":[{"@type":"ListItem","position":1,"name":"Inici","item":"https:\/\/www.casaldelsinfants.org\/es\/"},{"@type":"ListItem","position":2,"name":"\u00bfC\u00f3mo puedes apoyar al Casal dels Infants esta Navidad?"}]},{"@type":"WebSite","@id":"https:\/\/www.casaldelsinfants.org\/es\/#website","url":"https:\/\/www.casaldelsinfants.org\/es\/","name":"Casal dels Infants","description":"","publisher":{"@id":"https:\/\/www.casaldelsinfants.org\/es\/#organization"},"potentialAction":[{"@type":"SearchAction","target":{"@type":"EntryPoint","urlTemplate":"https:\/\/www.casaldelsinfants.org\/es\/?s={search_term_string}"},"query-input":{"@type":"PropertyValueSpecification","valueRequired":true,"valueName":"search_term_string"}}],"inLanguage":"es"},{"@type":"Organization","@id":"https:\/\/www.casaldelsinfants.org\/es\/#organization","name":"Casal dels Infants","url":"https:\/\/www.casaldelsinfants.org\/es\/","logo":{"@type":"ImageObject","inLanguage":"es","@id":"https:\/\/www.casaldelsinfants.org\/es\/#\/schema\/logo\/image\/","url":"https:\/\/www.casaldelsinfants.org\/wp-content\/uploads\/logo-mail.png","contentUrl":"https:\/\/www.casaldelsinfants.org\/wp-content\/uploads\/logo-mail.png","width":380,"height":158,"caption":"Casal dels Infants"},"image":{"@id":"https:\/\/www.casaldelsinfants.org\/es\/#\/schema\/logo\/image\/"},"sameAs":["https:\/\/www.facebook.com\/casalinfants","https:\/\/x.com\/casalinfants","https:\/\/www.youtube.com\/user\/CasaldelsInfants1","https:\/\/www.instagram.com\/casalinfants\/","https:\/\/www.linkedin.com\/company\/casaldelsinfants?trk=organization-update_share-update_actor-text"]},{"@type":"Person","@id":"https:\/\/www.casaldelsinfants.org\/es\/#\/schema\/person\/97707fc8c64900cf36891127dbf9fba8","name":"cdiAdmin","sameAs":["https:\/\/casaldelsinfants.org"]}]}},"publishpress_future_action":{"enabled":false,"date":"2026-05-07 07:12:20","action":"change-status","newStatus":"draft","terms":[],"taxonomy":"category","extraData":[]},"publishpress_future_workflow_manual_trigger":{"enabledWorkflows":[]},"_links":{"self":[{"href":"https:\/\/www.casaldelsinfants.org\/es\/wp-json\/wp\/v2\/posts\/4398","targetHints":{"allow":["GET"]}}],"collection":[{"href":"https:\/\/www.casaldelsinfants.org\/es\/wp-json\/wp\/v2\/posts"}],"about":[{"href":"https:\/\/www.casaldelsinfants.org\/es\/wp-json\/wp\/v2\/types\/post"}],"author":[{"embeddable":true,"href":"https:\/\/www.casaldelsinfants.org\/es\/wp-json\/wp\/v2\/users\/1"}],"replies":[{"embeddable":true,"href":"https:\/\/www.casaldelsinfants.org\/es\/wp-json\/wp\/v2\/comments?post=4398"}],"version-history":[{"count":2,"href":"https:\/\/www.casaldelsinfants.org\/es\/wp-json\/wp\/v2\/posts\/4398\/revisions"}],"predecessor-version":[{"id":13680,"href":"https:\/\/www.casaldelsinfants.org\/es\/wp-json\/wp\/v2\/posts\/4398\/revisions\/13680"}],"wp:featuredmedia":[{"embeddable":true,"href":"https:\/\/www.casaldelsinfants.org\/es\/wp-json\/wp\/v2\/media\/3298"}],"wp:attachment":[{"href":"https:\/\/www.casaldelsinfants.org\/es\/wp-json\/wp\/v2\/media?parent=4398"}],"wp:term":[{"taxonomy":"category","embeddable":true,"href":"https:\/\/www.casaldelsinfants.org\/es\/wp-json\/wp\/v2\/categories?post=4398"},{"taxonomy":"post_tag","embeddable":true,"href":"https:\/\/www.casaldelsinfants.org\/es\/wp-json\/wp\/v2\/tags?post=4398"},{"taxonomy":"seus","embeddable":true,"href":"https:\/\/www.casaldelsinfants.org\/es\/wp-json\/wp\/v2\/seus?post=4398"},{"taxonomy":"eixos","embeddable":true,"href":"https:\/\/www.casaldelsinfants.org\/es\/wp-json\/wp\/v2\/eixos?post=4398"}],"curies":[{"name":"wp","href":"https:\/\/api.w.org\/{rel}","templated":true}]}}