{"id":4402,"date":"2019-11-06T13:01:11","date_gmt":"2019-11-06T11:01:11","guid":{"rendered":"https:\/\/casal.puntzero.cat\/noticies\/joves-del-casal-dels-infants-reivindiquen-amb-la-plataforma-pobresa-zero-justicia-global\/"},"modified":"2023-04-26T11:53:23","modified_gmt":"2023-04-26T09:53:23","slug":"joves-del-casal-dels-infants-reivindiquen-amb-la-plataforma-pobresa-zero-justicia-global","status":"publish","type":"post","link":"https:\/\/www.casaldelsinfants.org\/es\/actualidad\/jovenes-casal-infants-reivindican-con-plataforma-zero\/","title":{"rendered":"J\u00f3venes del Casal dels Infants reivindican con la plataforma Pobresa Zero-Just\u00edcia Global un nuevo contrato social para combatir las desigualdades"},"content":{"rendered":"<p><span style=\"color: #000000;\">Cuatro j\u00f3venes que participan en el Casal Jove Atles del Raval, Marina Planell, Maheen Ahmed, Mehk Khan y Hussnain Iftikhar, as\u00ed como el educador y exparticipante del mismo servicio Trimon Choudury, leyeron el 17 de octubre en el Centre de Cultura Contempor\u00e0nia de Barcelona (CCCB) un manifiesto en el acto de la plataforma Pobresa Zero-Just\u00edcia Global en el D\u00eda Internacional para la Erradicaci\u00f3n de la Pobreza.<\/span><\/p>\n<p><span style=\"color: #000000;\">En el texto, que elaboraron conjuntament con Asia El Mghyly, Ilham Arbiine y Rosber P\u00e9rez \u2014tambi\u00e9n participantes del Casal Jove Atles\u2014, reclaman un nuevo contrato social que \u201cgarantice un futuro digno para los j\u00f3venes y para la especie humana\u201d.<\/span><\/p>\n<p><span style=\"color: #000000;\">El acto cont\u00f3 con un di\u00e1logo entre la arquitecta y urbanista Itziar Gonz\u00e1lez y el periodista y fil\u00f3sofo Josep Ramoneda bajo el t\u00edtulo \u2018Un nuevo contrato social para combatir la desigualdad\u2019, moderado por la periodista Milagros P\u00e9rez Oliva.<\/span><\/p>\n<p><span style=\"color: #000000;\">La plataforma Pobresa Zero-Just\u00edcia Global integra 3.200 entidades sociales, por la paz, derechos humanos y cooperaci\u00f3n, as\u00ed como sindicatos, colegios profesionales, universidades y otras organizaciones, que reclaman un acci\u00f3n m\u00e1s efectiva y corresponsable contra la pobreza y las desigualdades.<\/span><\/p>\n","protected":false},"excerpt":{"rendered":"<p>Cuatro j\u00f3venes que participan en el Casal Jove Atles del Raval, Marina Planell, Maheen Ahmed, Mehk Khan y Hussnain Iftikhar, as\u00ed como el educador y exparticipante del mismo servicio Trimon Choudury, leyeron el 17 de octubre en el Centre de Cultura Contempor\u00e0nia de Barcelona (CCCB) un manifiesto en el acto de la plataforma Pobresa Zero-Just\u00edcia [&hellip;]<\/p>\n","protected":false},"author":1,"featured_media":3305,"comment_status":"open","ping_status":"open","sticky":false,"template":"","format":"standard","meta":{"_acf_changed":false,"_et_pb_use_builder":"","_et_pb_old_content":"","_et_gb_content_width":"","inline_featured_image":false,"footnotes":""},"categories":[125],"tags":[],"seus":[],"eixos":[102],"class_list":["post-4402","post","type-post","status-publish","format-standard","has-post-thumbnail","hentry","category-noticias","eixos-jovenes"],"acf":[],"yoast_head":"<!-- This site is optimized with the Yoast SEO plugin v27.4 - https:\/\/yoast.com\/product\/yoast-seo-wordpress\/ -->\n<title>J\u00f3venes del Casal dels Infants reivindican con la plataforma Pobresa Zero-Just\u00edcia Global un nuevo contrato social para combatir las desigualdades - Casal dels Infants<\/title>\n<meta name=\"robots\" content=\"index, follow, max-snippet:-1, max-image-preview:large, max-video-preview:-1\" \/>\n<link rel=\"canonical\" href=\"https:\/\/www.casaldelsinfants.org\/es\/actualidad\/jovenes-casal-infants-reivindican-con-plataforma-zero\/\" \/>\n<meta property=\"og:locale\" content=\"es_ES\" \/>\n<meta property=\"og:type\" content=\"article\" \/>\n<meta property=\"og:title\" content=\"J\u00f3venes del Casal dels Infants reivindican con la plataforma Pobresa Zero-Just\u00edcia Global un nuevo contrato social para combatir las desigualdades - Casal dels Infants\" \/>\n<meta property=\"og:description\" content=\"Cuatro j\u00f3venes que participan en el Casal Jove Atles del Raval, Marina Planell, Maheen Ahmed, Mehk Khan y Hussnain Iftikhar, as\u00ed como el educador y exparticipante del mismo servicio Trimon Choudury, leyeron el 17 de octubre en el Centre de Cultura Contempor\u00e0nia de Barcelona (CCCB) un manifiesto en el acto de la plataforma Pobresa Zero-Just\u00edcia [&hellip;]\" \/>\n<meta property=\"og:url\" content=\"https:\/\/www.casaldelsinfants.org\/es\/actualidad\/jovenes-casal-infants-reivindican-con-plataforma-zero\/\" \/>\n<meta property=\"og:site_name\" content=\"Casal dels Infants\" \/>\n<meta property=\"article:publisher\" content=\"https:\/\/www.facebook.com\/casalinfants\" \/>\n<meta property=\"article:published_time\" content=\"2019-11-06T11:01:11+00:00\" \/>\n<meta property=\"article:modified_time\" content=\"2023-04-26T09:53:23+00:00\" \/>\n<meta property=\"og:image\" content=\"https:\/\/www.casaldelsinfants.org\/wp-content\/uploads\/jovescasaldelsinfantspobresazero_0.jpg\" \/>\n\t<meta property=\"og:image:width\" content=\"640\" \/>\n\t<meta property=\"og:image:height\" content=\"427\" \/>\n\t<meta property=\"og:image:type\" content=\"image\/jpeg\" \/>\n<meta name=\"author\" content=\"cdiAdmin\" \/>\n<meta name=\"twitter:card\" content=\"summary_large_image\" \/>\n<meta name=\"twitter:creator\" content=\"@casalinfants\" \/>\n<meta name=\"twitter:site\" content=\"@casalinfants\" \/>\n<meta name=\"twitter:label1\" content=\"Escrito por\" \/>\n\t<meta name=\"twitter:data1\" content=\"cdiAdmin\" \/>\n\t<meta name=\"twitter:label2\" content=\"Tiempo de lectura\" \/>\n\t<meta name=\"twitter:data2\" content=\"1 minuto\" \/>\n<script type=\"application\/ld+json\" class=\"yoast-schema-graph\">{\"@context\":\"https:\\\/\\\/schema.org\",\"@graph\":[{\"@type\":\"Article\",\"@id\":\"https:\\\/\\\/www.casaldelsinfants.org\\\/es\\\/actualidad\\\/jovenes-casal-infants-reivindican-con-plataforma-zero\\\/#article\",\"isPartOf\":{\"@id\":\"https:\\\/\\\/www.casaldelsinfants.org\\\/es\\\/actualidad\\\/jovenes-casal-infants-reivindican-con-plataforma-zero\\\/\"},\"author\":{\"name\":\"cdiAdmin\",\"@id\":\"https:\\\/\\\/www.casaldelsinfants.org\\\/es\\\/#\\\/schema\\\/person\\\/97707fc8c64900cf36891127dbf9fba8\"},\"headline\":\"J\u00f3venes del Casal dels Infants reivindican con la plataforma Pobresa Zero-Just\u00edcia Global un nuevo contrato social para combatir las desigualdades\",\"datePublished\":\"2019-11-06T11:01:11+00:00\",\"dateModified\":\"2023-04-26T09:53:23+00:00\",\"mainEntityOfPage\":{\"@id\":\"https:\\\/\\\/www.casaldelsinfants.org\\\/es\\\/actualidad\\\/jovenes-casal-infants-reivindican-con-plataforma-zero\\\/\"},\"wordCount\":219,\"commentCount\":0,\"publisher\":{\"@id\":\"https:\\\/\\\/www.casaldelsinfants.org\\\/es\\\/#organization\"},\"image\":{\"@id\":\"https:\\\/\\\/www.casaldelsinfants.org\\\/es\\\/actualidad\\\/jovenes-casal-infants-reivindican-con-plataforma-zero\\\/#primaryimage\"},\"thumbnailUrl\":\"https:\\\/\\\/www.casaldelsinfants.org\\\/wp-content\\\/uploads\\\/jovescasaldelsinfantspobresazero_0.jpg\",\"articleSection\":[\"Noticia\"],\"inLanguage\":\"es\",\"potentialAction\":[{\"@type\":\"CommentAction\",\"name\":\"Comment\",\"target\":[\"https:\\\/\\\/www.casaldelsinfants.org\\\/es\\\/actualidad\\\/jovenes-casal-infants-reivindican-con-plataforma-zero\\\/#respond\"]}]},{\"@type\":\"WebPage\",\"@id\":\"https:\\\/\\\/www.casaldelsinfants.org\\\/es\\\/actualidad\\\/jovenes-casal-infants-reivindican-con-plataforma-zero\\\/\",\"url\":\"https:\\\/\\\/www.casaldelsinfants.org\\\/es\\\/actualidad\\\/jovenes-casal-infants-reivindican-con-plataforma-zero\\\/\",\"name\":\"J\u00f3venes del Casal dels Infants reivindican con la plataforma Pobresa Zero-Just\u00edcia Global un nuevo contrato social para combatir las desigualdades - Casal dels Infants\",\"isPartOf\":{\"@id\":\"https:\\\/\\\/www.casaldelsinfants.org\\\/es\\\/#website\"},\"primaryImageOfPage\":{\"@id\":\"https:\\\/\\\/www.casaldelsinfants.org\\\/es\\\/actualidad\\\/jovenes-casal-infants-reivindican-con-plataforma-zero\\\/#primaryimage\"},\"image\":{\"@id\":\"https:\\\/\\\/www.casaldelsinfants.org\\\/es\\\/actualidad\\\/jovenes-casal-infants-reivindican-con-plataforma-zero\\\/#primaryimage\"},\"thumbnailUrl\":\"https:\\\/\\\/www.casaldelsinfants.org\\\/wp-content\\\/uploads\\\/jovescasaldelsinfantspobresazero_0.jpg\",\"datePublished\":\"2019-11-06T11:01:11+00:00\",\"dateModified\":\"2023-04-26T09:53:23+00:00\",\"breadcrumb\":{\"@id\":\"https:\\\/\\\/www.casaldelsinfants.org\\\/es\\\/actualidad\\\/jovenes-casal-infants-reivindican-con-plataforma-zero\\\/#breadcrumb\"},\"inLanguage\":\"es\",\"potentialAction\":[{\"@type\":\"ReadAction\",\"target\":[\"https:\\\/\\\/www.casaldelsinfants.org\\\/es\\\/actualidad\\\/jovenes-casal-infants-reivindican-con-plataforma-zero\\\/\"]}]},{\"@type\":\"ImageObject\",\"inLanguage\":\"es\",\"@id\":\"https:\\\/\\\/www.casaldelsinfants.org\\\/es\\\/actualidad\\\/jovenes-casal-infants-reivindican-con-plataforma-zero\\\/#primaryimage\",\"url\":\"https:\\\/\\\/www.casaldelsinfants.org\\\/wp-content\\\/uploads\\\/jovescasaldelsinfantspobresazero_0.jpg\",\"contentUrl\":\"https:\\\/\\\/www.casaldelsinfants.org\\\/wp-content\\\/uploads\\\/jovescasaldelsinfantspobresazero_0.jpg\",\"width\":640,\"height\":427,\"caption\":\"Pobresa Zero Just\u00edcia Global, Contra la pobresa i les desigualtats Exigim els nostres drets.\"},{\"@type\":\"BreadcrumbList\",\"@id\":\"https:\\\/\\\/www.casaldelsinfants.org\\\/es\\\/actualidad\\\/jovenes-casal-infants-reivindican-con-plataforma-zero\\\/#breadcrumb\",\"itemListElement\":[{\"@type\":\"ListItem\",\"position\":1,\"name\":\"Inici\",\"item\":\"https:\\\/\\\/www.casaldelsinfants.org\\\/es\\\/\"},{\"@type\":\"ListItem\",\"position\":2,\"name\":\"J\u00f3venes del Casal dels Infants reivindican con la plataforma Pobresa Zero-Just\u00edcia Global un nuevo contrato social para combatir las desigualdades\"}]},{\"@type\":\"WebSite\",\"@id\":\"https:\\\/\\\/www.casaldelsinfants.org\\\/es\\\/#website\",\"url\":\"https:\\\/\\\/www.casaldelsinfants.org\\\/es\\\/\",\"name\":\"Casal dels Infants\",\"description\":\"\",\"publisher\":{\"@id\":\"https:\\\/\\\/www.casaldelsinfants.org\\\/es\\\/#organization\"},\"potentialAction\":[{\"@type\":\"SearchAction\",\"target\":{\"@type\":\"EntryPoint\",\"urlTemplate\":\"https:\\\/\\\/www.casaldelsinfants.org\\\/es\\\/?s={search_term_string}\"},\"query-input\":{\"@type\":\"PropertyValueSpecification\",\"valueRequired\":true,\"valueName\":\"search_term_string\"}}],\"inLanguage\":\"es\"},{\"@type\":\"Organization\",\"@id\":\"https:\\\/\\\/www.casaldelsinfants.org\\\/es\\\/#organization\",\"name\":\"Casal dels Infants\",\"url\":\"https:\\\/\\\/www.casaldelsinfants.org\\\/es\\\/\",\"logo\":{\"@type\":\"ImageObject\",\"inLanguage\":\"es\",\"@id\":\"https:\\\/\\\/www.casaldelsinfants.org\\\/es\\\/#\\\/schema\\\/logo\\\/image\\\/\",\"url\":\"https:\\\/\\\/www.casaldelsinfants.org\\\/wp-content\\\/uploads\\\/logo-mail.png\",\"contentUrl\":\"https:\\\/\\\/www.casaldelsinfants.org\\\/wp-content\\\/uploads\\\/logo-mail.png\",\"width\":380,\"height\":158,\"caption\":\"Casal dels Infants\"},\"image\":{\"@id\":\"https:\\\/\\\/www.casaldelsinfants.org\\\/es\\\/#\\\/schema\\\/logo\\\/image\\\/\"},\"sameAs\":[\"https:\\\/\\\/www.facebook.com\\\/casalinfants\",\"https:\\\/\\\/x.com\\\/casalinfants\",\"https:\\\/\\\/www.youtube.com\\\/user\\\/CasaldelsInfants1\",\"https:\\\/\\\/www.instagram.com\\\/casalinfants\\\/\",\"https:\\\/\\\/www.linkedin.com\\\/company\\\/casaldelsinfants?trk=organization-update_share-update_actor-text\"]},{\"@type\":\"Person\",\"@id\":\"https:\\\/\\\/www.casaldelsinfants.org\\\/es\\\/#\\\/schema\\\/person\\\/97707fc8c64900cf36891127dbf9fba8\",\"name\":\"cdiAdmin\",\"sameAs\":[\"https:\\\/\\\/casaldelsinfants.org\"]}]}<\/script>\n<!-- \/ Yoast SEO plugin. -->","yoast_head_json":{"title":"J\u00f3venes del Casal dels Infants reivindican con la plataforma Pobresa Zero-Just\u00edcia Global un nuevo contrato social para combatir las desigualdades - Casal dels Infants","robots":{"index":"index","follow":"follow","max-snippet":"max-snippet:-1","max-image-preview":"max-image-preview:large","max-video-preview":"max-video-preview:-1"},"canonical":"https:\/\/www.casaldelsinfants.org\/es\/actualidad\/jovenes-casal-infants-reivindican-con-plataforma-zero\/","og_locale":"es_ES","og_type":"article","og_title":"J\u00f3venes del Casal dels Infants reivindican con la plataforma Pobresa Zero-Just\u00edcia Global un nuevo contrato social para combatir las desigualdades - Casal dels Infants","og_description":"Cuatro j\u00f3venes que participan en el Casal Jove Atles del Raval, Marina Planell, Maheen Ahmed, Mehk Khan y Hussnain Iftikhar, as\u00ed como el educador y exparticipante del mismo servicio Trimon Choudury, leyeron el 17 de octubre en el Centre de Cultura Contempor\u00e0nia de Barcelona (CCCB) un manifiesto en el acto de la plataforma Pobresa Zero-Just\u00edcia [&hellip;]","og_url":"https:\/\/www.casaldelsinfants.org\/es\/actualidad\/jovenes-casal-infants-reivindican-con-plataforma-zero\/","og_site_name":"Casal dels Infants","article_publisher":"https:\/\/www.facebook.com\/casalinfants","article_published_time":"2019-11-06T11:01:11+00:00","article_modified_time":"2023-04-26T09:53:23+00:00","og_image":[{"width":640,"height":427,"url":"https:\/\/www.casaldelsinfants.org\/wp-content\/uploads\/jovescasaldelsinfantspobresazero_0.jpg","type":"image\/jpeg"}],"author":"cdiAdmin","twitter_card":"summary_large_image","twitter_creator":"@casalinfants","twitter_site":"@casalinfants","twitter_misc":{"Escrito por":"cdiAdmin","Tiempo de lectura":"1 minuto"},"schema":{"@context":"https:\/\/schema.org","@graph":[{"@type":"Article","@id":"https:\/\/www.casaldelsinfants.org\/es\/actualidad\/jovenes-casal-infants-reivindican-con-plataforma-zero\/#article","isPartOf":{"@id":"https:\/\/www.casaldelsinfants.org\/es\/actualidad\/jovenes-casal-infants-reivindican-con-plataforma-zero\/"},"author":{"name":"cdiAdmin","@id":"https:\/\/www.casaldelsinfants.org\/es\/#\/schema\/person\/97707fc8c64900cf36891127dbf9fba8"},"headline":"J\u00f3venes del Casal dels Infants reivindican con la plataforma Pobresa Zero-Just\u00edcia Global un nuevo contrato social para combatir las desigualdades","datePublished":"2019-11-06T11:01:11+00:00","dateModified":"2023-04-26T09:53:23+00:00","mainEntityOfPage":{"@id":"https:\/\/www.casaldelsinfants.org\/es\/actualidad\/jovenes-casal-infants-reivindican-con-plataforma-zero\/"},"wordCount":219,"commentCount":0,"publisher":{"@id":"https:\/\/www.casaldelsinfants.org\/es\/#organization"},"image":{"@id":"https:\/\/www.casaldelsinfants.org\/es\/actualidad\/jovenes-casal-infants-reivindican-con-plataforma-zero\/#primaryimage"},"thumbnailUrl":"https:\/\/www.casaldelsinfants.org\/wp-content\/uploads\/jovescasaldelsinfantspobresazero_0.jpg","articleSection":["Noticia"],"inLanguage":"es","potentialAction":[{"@type":"CommentAction","name":"Comment","target":["https:\/\/www.casaldelsinfants.org\/es\/actualidad\/jovenes-casal-infants-reivindican-con-plataforma-zero\/#respond"]}]},{"@type":"WebPage","@id":"https:\/\/www.casaldelsinfants.org\/es\/actualidad\/jovenes-casal-infants-reivindican-con-plataforma-zero\/","url":"https:\/\/www.casaldelsinfants.org\/es\/actualidad\/jovenes-casal-infants-reivindican-con-plataforma-zero\/","name":"J\u00f3venes del Casal dels Infants reivindican con la plataforma Pobresa Zero-Just\u00edcia Global un nuevo contrato social para combatir las desigualdades - Casal dels Infants","isPartOf":{"@id":"https:\/\/www.casaldelsinfants.org\/es\/#website"},"primaryImageOfPage":{"@id":"https:\/\/www.casaldelsinfants.org\/es\/actualidad\/jovenes-casal-infants-reivindican-con-plataforma-zero\/#primaryimage"},"image":{"@id":"https:\/\/www.casaldelsinfants.org\/es\/actualidad\/jovenes-casal-infants-reivindican-con-plataforma-zero\/#primaryimage"},"thumbnailUrl":"https:\/\/www.casaldelsinfants.org\/wp-content\/uploads\/jovescasaldelsinfantspobresazero_0.jpg","datePublished":"2019-11-06T11:01:11+00:00","dateModified":"2023-04-26T09:53:23+00:00","breadcrumb":{"@id":"https:\/\/www.casaldelsinfants.org\/es\/actualidad\/jovenes-casal-infants-reivindican-con-plataforma-zero\/#breadcrumb"},"inLanguage":"es","potentialAction":[{"@type":"ReadAction","target":["https:\/\/www.casaldelsinfants.org\/es\/actualidad\/jovenes-casal-infants-reivindican-con-plataforma-zero\/"]}]},{"@type":"ImageObject","inLanguage":"es","@id":"https:\/\/www.casaldelsinfants.org\/es\/actualidad\/jovenes-casal-infants-reivindican-con-plataforma-zero\/#primaryimage","url":"https:\/\/www.casaldelsinfants.org\/wp-content\/uploads\/jovescasaldelsinfantspobresazero_0.jpg","contentUrl":"https:\/\/www.casaldelsinfants.org\/wp-content\/uploads\/jovescasaldelsinfantspobresazero_0.jpg","width":640,"height":427,"caption":"Pobresa Zero Just\u00edcia Global, Contra la pobresa i les desigualtats Exigim els nostres drets."},{"@type":"BreadcrumbList","@id":"https:\/\/www.casaldelsinfants.org\/es\/actualidad\/jovenes-casal-infants-reivindican-con-plataforma-zero\/#breadcrumb","itemListElement":[{"@type":"ListItem","position":1,"name":"Inici","item":"https:\/\/www.casaldelsinfants.org\/es\/"},{"@type":"ListItem","position":2,"name":"J\u00f3venes del Casal dels Infants reivindican con la plataforma Pobresa Zero-Just\u00edcia Global un nuevo contrato social para combatir las desigualdades"}]},{"@type":"WebSite","@id":"https:\/\/www.casaldelsinfants.org\/es\/#website","url":"https:\/\/www.casaldelsinfants.org\/es\/","name":"Casal dels Infants","description":"","publisher":{"@id":"https:\/\/www.casaldelsinfants.org\/es\/#organization"},"potentialAction":[{"@type":"SearchAction","target":{"@type":"EntryPoint","urlTemplate":"https:\/\/www.casaldelsinfants.org\/es\/?s={search_term_string}"},"query-input":{"@type":"PropertyValueSpecification","valueRequired":true,"valueName":"search_term_string"}}],"inLanguage":"es"},{"@type":"Organization","@id":"https:\/\/www.casaldelsinfants.org\/es\/#organization","name":"Casal dels Infants","url":"https:\/\/www.casaldelsinfants.org\/es\/","logo":{"@type":"ImageObject","inLanguage":"es","@id":"https:\/\/www.casaldelsinfants.org\/es\/#\/schema\/logo\/image\/","url":"https:\/\/www.casaldelsinfants.org\/wp-content\/uploads\/logo-mail.png","contentUrl":"https:\/\/www.casaldelsinfants.org\/wp-content\/uploads\/logo-mail.png","width":380,"height":158,"caption":"Casal dels Infants"},"image":{"@id":"https:\/\/www.casaldelsinfants.org\/es\/#\/schema\/logo\/image\/"},"sameAs":["https:\/\/www.facebook.com\/casalinfants","https:\/\/x.com\/casalinfants","https:\/\/www.youtube.com\/user\/CasaldelsInfants1","https:\/\/www.instagram.com\/casalinfants\/","https:\/\/www.linkedin.com\/company\/casaldelsinfants?trk=organization-update_share-update_actor-text"]},{"@type":"Person","@id":"https:\/\/www.casaldelsinfants.org\/es\/#\/schema\/person\/97707fc8c64900cf36891127dbf9fba8","name":"cdiAdmin","sameAs":["https:\/\/casaldelsinfants.org"]}]}},"publishpress_future_action":{"enabled":false,"date":"2026-05-09 11:30:21","action":"change-status","newStatus":"draft","terms":[],"taxonomy":"category","extraData":[]},"publishpress_future_workflow_manual_trigger":{"enabledWorkflows":[]},"_links":{"self":[{"href":"https:\/\/www.casaldelsinfants.org\/es\/wp-json\/wp\/v2\/posts\/4402","targetHints":{"allow":["GET"]}}],"collection":[{"href":"https:\/\/www.casaldelsinfants.org\/es\/wp-json\/wp\/v2\/posts"}],"about":[{"href":"https:\/\/www.casaldelsinfants.org\/es\/wp-json\/wp\/v2\/types\/post"}],"author":[{"embeddable":true,"href":"https:\/\/www.casaldelsinfants.org\/es\/wp-json\/wp\/v2\/users\/1"}],"replies":[{"embeddable":true,"href":"https:\/\/www.casaldelsinfants.org\/es\/wp-json\/wp\/v2\/comments?post=4402"}],"version-history":[{"count":2,"href":"https:\/\/www.casaldelsinfants.org\/es\/wp-json\/wp\/v2\/posts\/4402\/revisions"}],"predecessor-version":[{"id":9882,"href":"https:\/\/www.casaldelsinfants.org\/es\/wp-json\/wp\/v2\/posts\/4402\/revisions\/9882"}],"wp:featuredmedia":[{"embeddable":true,"href":"https:\/\/www.casaldelsinfants.org\/es\/wp-json\/wp\/v2\/media\/3305"}],"wp:attachment":[{"href":"https:\/\/www.casaldelsinfants.org\/es\/wp-json\/wp\/v2\/media?parent=4402"}],"wp:term":[{"taxonomy":"category","embeddable":true,"href":"https:\/\/www.casaldelsinfants.org\/es\/wp-json\/wp\/v2\/categories?post=4402"},{"taxonomy":"post_tag","embeddable":true,"href":"https:\/\/www.casaldelsinfants.org\/es\/wp-json\/wp\/v2\/tags?post=4402"},{"taxonomy":"seus","embeddable":true,"href":"https:\/\/www.casaldelsinfants.org\/es\/wp-json\/wp\/v2\/seus?post=4402"},{"taxonomy":"eixos","embeddable":true,"href":"https:\/\/www.casaldelsinfants.org\/es\/wp-json\/wp\/v2\/eixos?post=4402"}],"curies":[{"name":"wp","href":"https:\/\/api.w.org\/{rel}","templated":true}]}}