{"id":4403,"date":"2019-11-05T14:34:54","date_gmt":"2019-11-05T12:34:54","guid":{"rendered":"https:\/\/casal.puntzero.cat\/noticies\/el-cccb-exposara-retrats-textils-realitzats-dones-del-casal-familiar-de-santa-coloma-de\/"},"modified":"2023-05-01T17:54:11","modified_gmt":"2023-05-01T15:54:11","slug":"el-cccb-exposara-retrats-textils-realitzats-dones-del-casal-familiar-de-santa-coloma-de","status":"publish","type":"post","link":"https:\/\/www.casaldelsinfants.org\/es\/actualidad\/cccb-retratos-textiles-mujeres-casal-santa-coloma-de-gramanet\/","title":{"rendered":"El CCCB expondr\u00e1 retratos textiles realizados por mujeres del Casal Familiar de Santa Coloma de Gramenet, en paralelo a la exposici\u00f3n \u00a1Feminismos!"},"content":{"rendered":"<p><span style=\"color:#000000;\">El <a href=\"https:\/\/www.cccb.org\/ca\" rel=\"nofollow\">Centre de Cultura Contempor\u00e0nia de Barcelona (CCCB)<\/a> expondr\u00e1 del 25 de noviembre al 2 de diciembre la muestra de obras textiles <em><strong>\u2018Preety, tired faces\u2019<\/strong><\/em>, realizadas por un grupo de mujeres que participan en el <strong>Casal dels Infants de Santa Coloma de Gramenet<\/strong>. Se trata de autoretratos bordados por ellas mismas, a trav\u00e9s de los cuales quieren \u201cvisibilizarse y expresar sus historias de vida\u201d, explica <strong>Maria Vi\u00f1olo<\/strong>, educadora de la asociaci\u00f3n. La muestra se podr\u00e1 ver en paralelo a la exposici\u00f3n <em><strong>\u00a1Feminismos!<\/strong><\/em>, que el CCCB expone hasta el 5 de enero.<\/span><\/p>\n<p>\n<span style=\"color:#000000;\">Las creadoras de estas obras participan en el servicio<strong> Casal Familiar <\/strong>del Casal dels Infants de Santa Coloma de Gramenet, en el que encuentran orientaci\u00f3n y apoyo ante situaciones de vulnerabilidad con el apoyo del equipo educativo de la asociaci\u00f3n. Algunos de los \u00e1mbitos que aborda el servicio son la crianza de los ni\u00f1os y ni\u00f1as, el fomento de las relaciones saludables en la familia, la b\u00fasqueda de trabajo, el aprendizaje del castellano y el catal\u00e1n y el asesoramiento legal.<\/span><\/p>\n<p>\n<span style=\"color:#000000;\">Dentro del Casal Familiar, las mujeres que ahora participar\u00e1n en la exposici\u00f3n <em>\u00a1Feminismos!<\/em> crearon un nuevo espacio que llamaron <strong>\u2018El hilo del Casal\u2019<\/strong>, en el que cada jueves comparten ratos de conversaci\u00f3n, apoyo mutuo y autorealizaci\u00f3n personal a trav\u00e9s de la costura: \u201cLas mujeres tenemos poder. Nosotras lo demostramos con todas las cargas de trabajo y cuidados que arrastramos, pero ahora tambi\u00e9n con estos autoretratos, con nuestro rostro\u201d, afirma <strong>Farjana Hossain<\/strong>, una de las participantes de \u2018El hilo del Casal\u2019. \u201cEstos retratos dan mucha informaci\u00f3n de nosotras, porque aqu\u00ed nos juntamos mujeres de muchos pa\u00edses diferentes, compartimos nuestras culturas y nos dedicamos tiempo a nosostras mismas\u201d, a\u00f1ade <strong>Mina Akkaoui<\/strong>.<\/span><\/p>\n<p>\n<span style=\"color:#000000;\">M\u00e1s all\u00e1 de sus autoretratos, las participantes tambi\u00e9n expondr\u00e1n creaciones con los rostros de<strong> otras mujeres de Santa Coloma de Gramenet<\/strong> que han querido participar en el proceso creativo. Se trata de vecinas de los barrios colomenses del Raval y Santa Rosa, s\u00ed como integrantes de la Coordinadora de Asociaciones de Mujeres del municipio con las que hab\u00edan compartido experiencias comunitarias a trav\u00e9s de la Red de Transmisi\u00f3n de Valores y Mensajes Positivos que impulsa el Ayuntamiento.<\/span><\/p>\n<p class=\"text-align-justify\">\u00a0<\/p>\n<p class=\"text-align-justify\">\u00a0<\/p>\n<figure role=\"group\" class=\"align-center\">\n<img decoding=\"async\" alt=\"Un dels instants del proc\u00e9s creatiu del grup al Casal dels Infants de Santa Coloma\" data-entity-type=\"file\" data-entity-uuid=\"51252afd-43ee-413b-9692-807819d7c963\" data-image-style=\"large\" height=\"467\" src=\"\/wp-content\/uploads\/inline-images\/El%20hilo%20del%20Casal%20II.JPG\" typeof=\"foaf:Image\" width=\"480\" \/><figcaption>Uno de los instantes del proceso creativo del grupo en el Casal dels Infants de Santa Coloma de Gramenet<\/figcaption><\/figure>\n<p class=\"text-align-justify\">\u00a0<\/p>\n<p class=\"text-align-justify\"><span style=\"color:#000000;\">M\u00e1s all\u00e1 de sus autoretratos, las participantes tambi\u00e9n expondr\u00e1n creaciones con los <strong>rostros de otras mujeres de Santa Coloma de Gramenet<\/strong> que han querido participar en el proceso creativo. Se trata de vecinas de los barrios colomenses del Raval y Santa Rosa, s\u00ed como integrantes de la Coordinadora de Asociaciones de Mujeres del municipio con las que hab\u00edan compartido experiencias comunitarias a trav\u00e9s de la Red de Transmisi\u00f3n de Valores y Mensajes Positivos que impulsa el Ayuntamiento.<\/span><\/p>\n<p class=\"text-align-justify\"><span style=\"color:#000000;\"><strong>Participar en los espacios culturales<\/strong><\/span><\/p>\n<p><span style=\"color:#000000;\"><strong>Maria Vi\u00f1olo<\/strong> y <strong>Bea Hern\u00e1n<\/strong>, las educadoras del Casal Familiar que han acompa\u00f1ado a las mujeres durante todo el proceso creativo, coinciden en que las participantes descubrieron en el arte textil un lenguaje potente que les permit\u00eda comunicar muchas cosas: \u201cLa idea del retrato surgi\u00f3 anim\u00e1ndolas a dar el salto de exponer sus creaciones en el espacio p\u00fablico. Porque poder mostrarlas va m\u00e1s all\u00e1 de darse a conocer: les permite hacerse suyo un espacio cultural que no frecuentan y donde, como mujeres racializadas y desfavorecidas, tambi\u00e9n tienen mucho que decir\u201d, comenta Vi\u00f1olo.<\/span><\/p>\n<p><span style=\"color:#000000;\">El grupo tambi\u00e9n ha buscado intencionadamente empezar a exponer sus creaciones el 25 de noviembre, el <strong>d\u00eda internacional para la eliminaci\u00f3n de la violencia contra las mujeres<\/strong>, dado que el rechazo a las violencias machistas forma parte del mensaje que quieren transmitir con sus retratos.<\/span><\/p>\n<p><span style=\"color:#000000;\">Por otro lado, durante la semana del 25 al 2 de noviembre, coincidiendo con los d\u00edas en los que los retratos estar\u00e1n expuestos, <strong>Maria Vi\u00f1olo realizar\u00e1 visitas guiadas<\/strong> del conjunto de la exposici\u00f3n <em>\u00a1Feminismos!<\/em> para colectivos de mujeres.<\/span><\/p>\n","protected":false},"excerpt":{"rendered":"<p>El Centre de Cultura Contempor\u00e0nia de Barcelona (CCCB) expondr\u00e1 del 25 de noviembre al 2 de diciembre la muestra de obras textiles \u2018Preety, tired faces\u2019, realizadas por un grupo de mujeres que participan en el Casal dels Infants de Santa Coloma de Gramenet. Se trata de autoretratos bordados por ellas mismas, a trav\u00e9s de los [&hellip;]<\/p>\n","protected":false},"author":1,"featured_media":3308,"comment_status":"open","ping_status":"open","sticky":false,"template":"","format":"standard","meta":{"_acf_changed":false,"_et_pb_use_builder":"","_et_pb_old_content":"","_et_gb_content_width":"","inline_featured_image":false,"footnotes":""},"categories":[125],"tags":[],"seus":[19],"eixos":[107],"class_list":["post-4403","post","type-post","status-publish","format-standard","has-post-thumbnail","hentry","category-noticias","seus-santa-coloma-de-gramenet","eixos-pequena-infancia"],"acf":[],"yoast_head":"<!-- This site is optimized with the Yoast SEO plugin v27.4 - https:\/\/yoast.com\/product\/yoast-seo-wordpress\/ -->\n<title>El CCCB expondr\u00e1 retratos textiles realizados por mujeres del Casal Familiar de Santa Coloma de Gramenet, en paralelo a la exposici\u00f3n \u00a1Feminismos! - Casal dels Infants<\/title>\n<meta name=\"robots\" content=\"index, follow, max-snippet:-1, max-image-preview:large, max-video-preview:-1\" \/>\n<link rel=\"canonical\" href=\"https:\/\/www.casaldelsinfants.org\/es\/actualidad\/cccb-retratos-textiles-mujeres-casal-santa-coloma-de-gramanet\/\" \/>\n<meta property=\"og:locale\" content=\"es_ES\" \/>\n<meta property=\"og:type\" content=\"article\" \/>\n<meta property=\"og:title\" content=\"El CCCB expondr\u00e1 retratos textiles realizados por mujeres del Casal Familiar de Santa Coloma de Gramenet, en paralelo a la exposici\u00f3n \u00a1Feminismos! - Casal dels Infants\" \/>\n<meta property=\"og:description\" content=\"El Centre de Cultura Contempor\u00e0nia de Barcelona (CCCB) expondr\u00e1 del 25 de noviembre al 2 de diciembre la muestra de obras textiles \u2018Preety, tired faces\u2019, realizadas por un grupo de mujeres que participan en el Casal dels Infants de Santa Coloma de Gramenet. Se trata de autoretratos bordados por ellas mismas, a trav\u00e9s de los [&hellip;]\" \/>\n<meta property=\"og:url\" content=\"https:\/\/www.casaldelsinfants.org\/es\/actualidad\/cccb-retratos-textiles-mujeres-casal-santa-coloma-de-gramanet\/\" \/>\n<meta property=\"og:site_name\" content=\"Casal dels Infants\" \/>\n<meta property=\"article:publisher\" content=\"https:\/\/www.facebook.com\/casalinfants\" \/>\n<meta property=\"article:published_time\" content=\"2019-11-05T12:34:54+00:00\" \/>\n<meta property=\"article:modified_time\" content=\"2023-05-01T15:54:11+00:00\" \/>\n<meta property=\"og:image\" content=\"https:\/\/www.casaldelsinfants.org\/wp-content\/uploads\/1120722-scaled.jpg\" \/>\n\t<meta property=\"og:image:width\" content=\"2560\" \/>\n\t<meta property=\"og:image:height\" content=\"1922\" \/>\n\t<meta property=\"og:image:type\" content=\"image\/jpeg\" \/>\n<meta name=\"author\" content=\"cdiAdmin\" \/>\n<meta name=\"twitter:card\" content=\"summary_large_image\" \/>\n<meta name=\"twitter:creator\" content=\"@casalinfants\" \/>\n<meta name=\"twitter:site\" content=\"@casalinfants\" \/>\n<meta name=\"twitter:label1\" content=\"Escrito por\" \/>\n\t<meta name=\"twitter:data1\" content=\"cdiAdmin\" \/>\n\t<meta name=\"twitter:label2\" content=\"Tiempo de lectura\" \/>\n\t<meta name=\"twitter:data2\" content=\"3 minutos\" \/>\n<script type=\"application\/ld+json\" class=\"yoast-schema-graph\">{\"@context\":\"https:\\\/\\\/schema.org\",\"@graph\":[{\"@type\":\"Article\",\"@id\":\"https:\\\/\\\/www.casaldelsinfants.org\\\/es\\\/actualidad\\\/cccb-retratos-textiles-mujeres-casal-santa-coloma-de-gramanet\\\/#article\",\"isPartOf\":{\"@id\":\"https:\\\/\\\/www.casaldelsinfants.org\\\/es\\\/actualidad\\\/cccb-retratos-textiles-mujeres-casal-santa-coloma-de-gramanet\\\/\"},\"author\":{\"name\":\"cdiAdmin\",\"@id\":\"https:\\\/\\\/www.casaldelsinfants.org\\\/es\\\/#\\\/schema\\\/person\\\/97707fc8c64900cf36891127dbf9fba8\"},\"headline\":\"El CCCB expondr\u00e1 retratos textiles realizados por mujeres del Casal Familiar de Santa Coloma de Gramenet, en paralelo a la exposici\u00f3n \u00a1Feminismos!\",\"datePublished\":\"2019-11-05T12:34:54+00:00\",\"dateModified\":\"2023-05-01T15:54:11+00:00\",\"mainEntityOfPage\":{\"@id\":\"https:\\\/\\\/www.casaldelsinfants.org\\\/es\\\/actualidad\\\/cccb-retratos-textiles-mujeres-casal-santa-coloma-de-gramanet\\\/\"},\"wordCount\":698,\"commentCount\":0,\"publisher\":{\"@id\":\"https:\\\/\\\/www.casaldelsinfants.org\\\/es\\\/#organization\"},\"image\":{\"@id\":\"https:\\\/\\\/www.casaldelsinfants.org\\\/es\\\/actualidad\\\/cccb-retratos-textiles-mujeres-casal-santa-coloma-de-gramanet\\\/#primaryimage\"},\"thumbnailUrl\":\"https:\\\/\\\/www.casaldelsinfants.org\\\/wp-content\\\/uploads\\\/1120722-scaled.jpg\",\"articleSection\":[\"Noticia\"],\"inLanguage\":\"es\",\"potentialAction\":[{\"@type\":\"CommentAction\",\"name\":\"Comment\",\"target\":[\"https:\\\/\\\/www.casaldelsinfants.org\\\/es\\\/actualidad\\\/cccb-retratos-textiles-mujeres-casal-santa-coloma-de-gramanet\\\/#respond\"]}]},{\"@type\":\"WebPage\",\"@id\":\"https:\\\/\\\/www.casaldelsinfants.org\\\/es\\\/actualidad\\\/cccb-retratos-textiles-mujeres-casal-santa-coloma-de-gramanet\\\/\",\"url\":\"https:\\\/\\\/www.casaldelsinfants.org\\\/es\\\/actualidad\\\/cccb-retratos-textiles-mujeres-casal-santa-coloma-de-gramanet\\\/\",\"name\":\"El CCCB expondr\u00e1 retratos textiles realizados por mujeres del Casal Familiar de Santa Coloma de Gramenet, en paralelo a la exposici\u00f3n \u00a1Feminismos! - Casal dels Infants\",\"isPartOf\":{\"@id\":\"https:\\\/\\\/www.casaldelsinfants.org\\\/es\\\/#website\"},\"primaryImageOfPage\":{\"@id\":\"https:\\\/\\\/www.casaldelsinfants.org\\\/es\\\/actualidad\\\/cccb-retratos-textiles-mujeres-casal-santa-coloma-de-gramanet\\\/#primaryimage\"},\"image\":{\"@id\":\"https:\\\/\\\/www.casaldelsinfants.org\\\/es\\\/actualidad\\\/cccb-retratos-textiles-mujeres-casal-santa-coloma-de-gramanet\\\/#primaryimage\"},\"thumbnailUrl\":\"https:\\\/\\\/www.casaldelsinfants.org\\\/wp-content\\\/uploads\\\/1120722-scaled.jpg\",\"datePublished\":\"2019-11-05T12:34:54+00:00\",\"dateModified\":\"2023-05-01T15:54:11+00:00\",\"breadcrumb\":{\"@id\":\"https:\\\/\\\/www.casaldelsinfants.org\\\/es\\\/actualidad\\\/cccb-retratos-textiles-mujeres-casal-santa-coloma-de-gramanet\\\/#breadcrumb\"},\"inLanguage\":\"es\",\"potentialAction\":[{\"@type\":\"ReadAction\",\"target\":[\"https:\\\/\\\/www.casaldelsinfants.org\\\/es\\\/actualidad\\\/cccb-retratos-textiles-mujeres-casal-santa-coloma-de-gramanet\\\/\"]}]},{\"@type\":\"ImageObject\",\"inLanguage\":\"es\",\"@id\":\"https:\\\/\\\/www.casaldelsinfants.org\\\/es\\\/actualidad\\\/cccb-retratos-textiles-mujeres-casal-santa-coloma-de-gramanet\\\/#primaryimage\",\"url\":\"https:\\\/\\\/www.casaldelsinfants.org\\\/wp-content\\\/uploads\\\/1120722-scaled.jpg\",\"contentUrl\":\"https:\\\/\\\/www.casaldelsinfants.org\\\/wp-content\\\/uploads\\\/1120722-scaled.jpg\",\"width\":2560,\"height\":1922,\"caption\":\"El CCCB exposar\u00e0 retrats t\u00e8xtils realitzats per dones del Casal Familiar de Santa Coloma de Gramenet, en paral\u2022lel a l\u2019exposici\u00f3 Feminismes!\"},{\"@type\":\"BreadcrumbList\",\"@id\":\"https:\\\/\\\/www.casaldelsinfants.org\\\/es\\\/actualidad\\\/cccb-retratos-textiles-mujeres-casal-santa-coloma-de-gramanet\\\/#breadcrumb\",\"itemListElement\":[{\"@type\":\"ListItem\",\"position\":1,\"name\":\"Inici\",\"item\":\"https:\\\/\\\/www.casaldelsinfants.org\\\/es\\\/\"},{\"@type\":\"ListItem\",\"position\":2,\"name\":\"El CCCB expondr\u00e1 retratos textiles realizados por mujeres del Casal Familiar de Santa Coloma de Gramenet, en paralelo a la exposici\u00f3n \u00a1Feminismos!\"}]},{\"@type\":\"WebSite\",\"@id\":\"https:\\\/\\\/www.casaldelsinfants.org\\\/es\\\/#website\",\"url\":\"https:\\\/\\\/www.casaldelsinfants.org\\\/es\\\/\",\"name\":\"Casal dels Infants\",\"description\":\"\",\"publisher\":{\"@id\":\"https:\\\/\\\/www.casaldelsinfants.org\\\/es\\\/#organization\"},\"potentialAction\":[{\"@type\":\"SearchAction\",\"target\":{\"@type\":\"EntryPoint\",\"urlTemplate\":\"https:\\\/\\\/www.casaldelsinfants.org\\\/es\\\/?s={search_term_string}\"},\"query-input\":{\"@type\":\"PropertyValueSpecification\",\"valueRequired\":true,\"valueName\":\"search_term_string\"}}],\"inLanguage\":\"es\"},{\"@type\":\"Organization\",\"@id\":\"https:\\\/\\\/www.casaldelsinfants.org\\\/es\\\/#organization\",\"name\":\"Casal dels Infants\",\"url\":\"https:\\\/\\\/www.casaldelsinfants.org\\\/es\\\/\",\"logo\":{\"@type\":\"ImageObject\",\"inLanguage\":\"es\",\"@id\":\"https:\\\/\\\/www.casaldelsinfants.org\\\/es\\\/#\\\/schema\\\/logo\\\/image\\\/\",\"url\":\"https:\\\/\\\/www.casaldelsinfants.org\\\/wp-content\\\/uploads\\\/logo-mail.png\",\"contentUrl\":\"https:\\\/\\\/www.casaldelsinfants.org\\\/wp-content\\\/uploads\\\/logo-mail.png\",\"width\":380,\"height\":158,\"caption\":\"Casal dels Infants\"},\"image\":{\"@id\":\"https:\\\/\\\/www.casaldelsinfants.org\\\/es\\\/#\\\/schema\\\/logo\\\/image\\\/\"},\"sameAs\":[\"https:\\\/\\\/www.facebook.com\\\/casalinfants\",\"https:\\\/\\\/x.com\\\/casalinfants\",\"https:\\\/\\\/www.youtube.com\\\/user\\\/CasaldelsInfants1\",\"https:\\\/\\\/www.instagram.com\\\/casalinfants\\\/\",\"https:\\\/\\\/www.linkedin.com\\\/company\\\/casaldelsinfants?trk=organization-update_share-update_actor-text\"]},{\"@type\":\"Person\",\"@id\":\"https:\\\/\\\/www.casaldelsinfants.org\\\/es\\\/#\\\/schema\\\/person\\\/97707fc8c64900cf36891127dbf9fba8\",\"name\":\"cdiAdmin\",\"sameAs\":[\"https:\\\/\\\/casaldelsinfants.org\"]}]}<\/script>\n<!-- \/ Yoast SEO plugin. -->","yoast_head_json":{"title":"El CCCB expondr\u00e1 retratos textiles realizados por mujeres del Casal Familiar de Santa Coloma de Gramenet, en paralelo a la exposici\u00f3n \u00a1Feminismos! - Casal dels Infants","robots":{"index":"index","follow":"follow","max-snippet":"max-snippet:-1","max-image-preview":"max-image-preview:large","max-video-preview":"max-video-preview:-1"},"canonical":"https:\/\/www.casaldelsinfants.org\/es\/actualidad\/cccb-retratos-textiles-mujeres-casal-santa-coloma-de-gramanet\/","og_locale":"es_ES","og_type":"article","og_title":"El CCCB expondr\u00e1 retratos textiles realizados por mujeres del Casal Familiar de Santa Coloma de Gramenet, en paralelo a la exposici\u00f3n \u00a1Feminismos! - Casal dels Infants","og_description":"El Centre de Cultura Contempor\u00e0nia de Barcelona (CCCB) expondr\u00e1 del 25 de noviembre al 2 de diciembre la muestra de obras textiles \u2018Preety, tired faces\u2019, realizadas por un grupo de mujeres que participan en el Casal dels Infants de Santa Coloma de Gramenet. Se trata de autoretratos bordados por ellas mismas, a trav\u00e9s de los [&hellip;]","og_url":"https:\/\/www.casaldelsinfants.org\/es\/actualidad\/cccb-retratos-textiles-mujeres-casal-santa-coloma-de-gramanet\/","og_site_name":"Casal dels Infants","article_publisher":"https:\/\/www.facebook.com\/casalinfants","article_published_time":"2019-11-05T12:34:54+00:00","article_modified_time":"2023-05-01T15:54:11+00:00","og_image":[{"width":2560,"height":1922,"url":"https:\/\/www.casaldelsinfants.org\/wp-content\/uploads\/1120722-scaled.jpg","type":"image\/jpeg"}],"author":"cdiAdmin","twitter_card":"summary_large_image","twitter_creator":"@casalinfants","twitter_site":"@casalinfants","twitter_misc":{"Escrito por":"cdiAdmin","Tiempo de lectura":"3 minutos"},"schema":{"@context":"https:\/\/schema.org","@graph":[{"@type":"Article","@id":"https:\/\/www.casaldelsinfants.org\/es\/actualidad\/cccb-retratos-textiles-mujeres-casal-santa-coloma-de-gramanet\/#article","isPartOf":{"@id":"https:\/\/www.casaldelsinfants.org\/es\/actualidad\/cccb-retratos-textiles-mujeres-casal-santa-coloma-de-gramanet\/"},"author":{"name":"cdiAdmin","@id":"https:\/\/www.casaldelsinfants.org\/es\/#\/schema\/person\/97707fc8c64900cf36891127dbf9fba8"},"headline":"El CCCB expondr\u00e1 retratos textiles realizados por mujeres del Casal Familiar de Santa Coloma de Gramenet, en paralelo a la exposici\u00f3n \u00a1Feminismos!","datePublished":"2019-11-05T12:34:54+00:00","dateModified":"2023-05-01T15:54:11+00:00","mainEntityOfPage":{"@id":"https:\/\/www.casaldelsinfants.org\/es\/actualidad\/cccb-retratos-textiles-mujeres-casal-santa-coloma-de-gramanet\/"},"wordCount":698,"commentCount":0,"publisher":{"@id":"https:\/\/www.casaldelsinfants.org\/es\/#organization"},"image":{"@id":"https:\/\/www.casaldelsinfants.org\/es\/actualidad\/cccb-retratos-textiles-mujeres-casal-santa-coloma-de-gramanet\/#primaryimage"},"thumbnailUrl":"https:\/\/www.casaldelsinfants.org\/wp-content\/uploads\/1120722-scaled.jpg","articleSection":["Noticia"],"inLanguage":"es","potentialAction":[{"@type":"CommentAction","name":"Comment","target":["https:\/\/www.casaldelsinfants.org\/es\/actualidad\/cccb-retratos-textiles-mujeres-casal-santa-coloma-de-gramanet\/#respond"]}]},{"@type":"WebPage","@id":"https:\/\/www.casaldelsinfants.org\/es\/actualidad\/cccb-retratos-textiles-mujeres-casal-santa-coloma-de-gramanet\/","url":"https:\/\/www.casaldelsinfants.org\/es\/actualidad\/cccb-retratos-textiles-mujeres-casal-santa-coloma-de-gramanet\/","name":"El CCCB expondr\u00e1 retratos textiles realizados por mujeres del Casal Familiar de Santa Coloma de Gramenet, en paralelo a la exposici\u00f3n \u00a1Feminismos! - Casal dels Infants","isPartOf":{"@id":"https:\/\/www.casaldelsinfants.org\/es\/#website"},"primaryImageOfPage":{"@id":"https:\/\/www.casaldelsinfants.org\/es\/actualidad\/cccb-retratos-textiles-mujeres-casal-santa-coloma-de-gramanet\/#primaryimage"},"image":{"@id":"https:\/\/www.casaldelsinfants.org\/es\/actualidad\/cccb-retratos-textiles-mujeres-casal-santa-coloma-de-gramanet\/#primaryimage"},"thumbnailUrl":"https:\/\/www.casaldelsinfants.org\/wp-content\/uploads\/1120722-scaled.jpg","datePublished":"2019-11-05T12:34:54+00:00","dateModified":"2023-05-01T15:54:11+00:00","breadcrumb":{"@id":"https:\/\/www.casaldelsinfants.org\/es\/actualidad\/cccb-retratos-textiles-mujeres-casal-santa-coloma-de-gramanet\/#breadcrumb"},"inLanguage":"es","potentialAction":[{"@type":"ReadAction","target":["https:\/\/www.casaldelsinfants.org\/es\/actualidad\/cccb-retratos-textiles-mujeres-casal-santa-coloma-de-gramanet\/"]}]},{"@type":"ImageObject","inLanguage":"es","@id":"https:\/\/www.casaldelsinfants.org\/es\/actualidad\/cccb-retratos-textiles-mujeres-casal-santa-coloma-de-gramanet\/#primaryimage","url":"https:\/\/www.casaldelsinfants.org\/wp-content\/uploads\/1120722-scaled.jpg","contentUrl":"https:\/\/www.casaldelsinfants.org\/wp-content\/uploads\/1120722-scaled.jpg","width":2560,"height":1922,"caption":"El CCCB exposar\u00e0 retrats t\u00e8xtils realitzats per dones del Casal Familiar de Santa Coloma de Gramenet, en paral\u2022lel a l\u2019exposici\u00f3 Feminismes!"},{"@type":"BreadcrumbList","@id":"https:\/\/www.casaldelsinfants.org\/es\/actualidad\/cccb-retratos-textiles-mujeres-casal-santa-coloma-de-gramanet\/#breadcrumb","itemListElement":[{"@type":"ListItem","position":1,"name":"Inici","item":"https:\/\/www.casaldelsinfants.org\/es\/"},{"@type":"ListItem","position":2,"name":"El CCCB expondr\u00e1 retratos textiles realizados por mujeres del Casal Familiar de Santa Coloma de Gramenet, en paralelo a la exposici\u00f3n \u00a1Feminismos!"}]},{"@type":"WebSite","@id":"https:\/\/www.casaldelsinfants.org\/es\/#website","url":"https:\/\/www.casaldelsinfants.org\/es\/","name":"Casal dels Infants","description":"","publisher":{"@id":"https:\/\/www.casaldelsinfants.org\/es\/#organization"},"potentialAction":[{"@type":"SearchAction","target":{"@type":"EntryPoint","urlTemplate":"https:\/\/www.casaldelsinfants.org\/es\/?s={search_term_string}"},"query-input":{"@type":"PropertyValueSpecification","valueRequired":true,"valueName":"search_term_string"}}],"inLanguage":"es"},{"@type":"Organization","@id":"https:\/\/www.casaldelsinfants.org\/es\/#organization","name":"Casal dels Infants","url":"https:\/\/www.casaldelsinfants.org\/es\/","logo":{"@type":"ImageObject","inLanguage":"es","@id":"https:\/\/www.casaldelsinfants.org\/es\/#\/schema\/logo\/image\/","url":"https:\/\/www.casaldelsinfants.org\/wp-content\/uploads\/logo-mail.png","contentUrl":"https:\/\/www.casaldelsinfants.org\/wp-content\/uploads\/logo-mail.png","width":380,"height":158,"caption":"Casal dels Infants"},"image":{"@id":"https:\/\/www.casaldelsinfants.org\/es\/#\/schema\/logo\/image\/"},"sameAs":["https:\/\/www.facebook.com\/casalinfants","https:\/\/x.com\/casalinfants","https:\/\/www.youtube.com\/user\/CasaldelsInfants1","https:\/\/www.instagram.com\/casalinfants\/","https:\/\/www.linkedin.com\/company\/casaldelsinfants?trk=organization-update_share-update_actor-text"]},{"@type":"Person","@id":"https:\/\/www.casaldelsinfants.org\/es\/#\/schema\/person\/97707fc8c64900cf36891127dbf9fba8","name":"cdiAdmin","sameAs":["https:\/\/casaldelsinfants.org"]}]}},"publishpress_future_action":{"enabled":false,"date":"2026-05-09 11:19:09","action":"change-status","newStatus":"draft","terms":[],"taxonomy":"category","extraData":[]},"publishpress_future_workflow_manual_trigger":{"enabledWorkflows":[]},"_links":{"self":[{"href":"https:\/\/www.casaldelsinfants.org\/es\/wp-json\/wp\/v2\/posts\/4403","targetHints":{"allow":["GET"]}}],"collection":[{"href":"https:\/\/www.casaldelsinfants.org\/es\/wp-json\/wp\/v2\/posts"}],"about":[{"href":"https:\/\/www.casaldelsinfants.org\/es\/wp-json\/wp\/v2\/types\/post"}],"author":[{"embeddable":true,"href":"https:\/\/www.casaldelsinfants.org\/es\/wp-json\/wp\/v2\/users\/1"}],"replies":[{"embeddable":true,"href":"https:\/\/www.casaldelsinfants.org\/es\/wp-json\/wp\/v2\/comments?post=4403"}],"version-history":[{"count":1,"href":"https:\/\/www.casaldelsinfants.org\/es\/wp-json\/wp\/v2\/posts\/4403\/revisions"}],"predecessor-version":[{"id":6353,"href":"https:\/\/www.casaldelsinfants.org\/es\/wp-json\/wp\/v2\/posts\/4403\/revisions\/6353"}],"wp:featuredmedia":[{"embeddable":true,"href":"https:\/\/www.casaldelsinfants.org\/es\/wp-json\/wp\/v2\/media\/3308"}],"wp:attachment":[{"href":"https:\/\/www.casaldelsinfants.org\/es\/wp-json\/wp\/v2\/media?parent=4403"}],"wp:term":[{"taxonomy":"category","embeddable":true,"href":"https:\/\/www.casaldelsinfants.org\/es\/wp-json\/wp\/v2\/categories?post=4403"},{"taxonomy":"post_tag","embeddable":true,"href":"https:\/\/www.casaldelsinfants.org\/es\/wp-json\/wp\/v2\/tags?post=4403"},{"taxonomy":"seus","embeddable":true,"href":"https:\/\/www.casaldelsinfants.org\/es\/wp-json\/wp\/v2\/seus?post=4403"},{"taxonomy":"eixos","embeddable":true,"href":"https:\/\/www.casaldelsinfants.org\/es\/wp-json\/wp\/v2\/eixos?post=4403"}],"curies":[{"name":"wp","href":"https:\/\/api.w.org\/{rel}","templated":true}]}}