{"id":4406,"date":"2019-11-04T16:59:28","date_gmt":"2019-11-04T14:59:28","guid":{"rendered":"https:\/\/casal.puntzero.cat\/noticies\/la-trobada-de-la-xarxa-dempreses-ciutadanes-posa-en-valor-la-suma-desforcos-de-les\/"},"modified":"2023-05-01T17:54:18","modified_gmt":"2023-05-01T15:54:18","slug":"la-trobada-de-la-xarxa-dempreses-ciutadanes-posa-en-valor-la-suma-desforcos-de-les","status":"publish","type":"post","link":"https:\/\/www.casaldelsinfants.org\/es\/actualidad\/encuentro-red-empresas-ciudadanas-suma-esfuerzos\/","title":{"rendered":"El Encuentro de la Red de Empresas Ciudadanas pone en valor la suma de esfuerzos de las empresas y el Casal dels Infants"},"content":{"rendered":"<p><span style=\"color:#000000;\">El Encuentro de la Red de Empresas Ciudadanas que colaboran con el Casal dels Infants se celebr\u00f3 el 25 de octubre en el Hotel Arts con la participaci\u00f3n de una cuarentena de empresas involucradas con la asociaci\u00f3n.<\/span><\/p>\n<p><span style=\"color:#000000;\">El objetivo del evento fue poner en valor todo lo que aportan las m\u00e1s de 400 empresas que colaboran con el Casal dels Infants, un apoyo imprescindible para acompa\u00f1ar a los m\u00e1s de 7.000 ni\u00f1os y ni\u00f1as, j\u00f3venes, madres y padres que la asociaci\u00f3n acompa\u00f1a durante el a\u00f1o. As\u00ed lo transmiti\u00f3 la directora general del Casal, Rosa Balaguer, al inicio del encuentro: \u201cTen\u00e9is un impacto transcendente en la vida de muchas personas, porque les ofrec\u00e9is oportunidades y esperanza\u201d.<\/span><\/p>\n<p><span style=\"color:#000000;\">El maestro de ceremonias del acto fue Tatxo Benet, socio del grupo Mediapro y colaborador del Casal dels Infants, y tambi\u00e9n intervinieron representantes de varias empresas para compartir el \u00e9xito de su relaci\u00f3n de colaboraci\u00f3n con la asociaci\u00f3n. <\/span><\/p>\n<p><span style=\"color:#000000;\">Uno de estos casos de \u00e9xito es el del propio Hotel Arts. S\u00edlvia Ravent\u00f3s, que es su coordinadora de Recursos Humanos, comparti\u00f3 la satisfacci\u00f3n de todo el equipo del hotel por el hecho de acoger el encuentro y se refiri\u00f3 a la relaci\u00f3n de colaboraci\u00f3n con la asociaci\u00f3n: \u201cNuestra semilla en el trabajo que hace el Casal es la formaci\u00f3n de j\u00f3venes\u201d. Un ejemplo de los resultados de esta colaboraci\u00f3n es Manish Baniya, que se form\u00f3 en el Aula d\u2019Hostaleria del Casal dels Infants, realiz\u00f3 las pr\u00e1cticas en el Hotel Arts y ahora, desde hace m\u00e1s de tres a\u00f1os, es uno de sus cocineros.<\/span><\/p>\n<p class=\"text-align-justify\">\u00a0<\/p>\n<figure role=\"group\" class=\"align-center\">\n<img decoding=\"async\" alt=\"Manish Baniya, xef de l'hotel Arts, interv\u00e9 acompanyat de S\u00edlvia Ravent\u00f3s, coordinadora de Recursos Humans de l'empresa\" data-entity-type=\"file\" data-entity-uuid=\"ff2c3a1b-cd87-4951-a5c8-128a75cb07c6\" data-image-style=\"large\" height=\"320\" src=\"\/wp-content\/uploads\/inline-images\/_G9A2029.jpg\" typeof=\"foaf:Image\" width=\"480\" \/><figcaption>Manish Baniya, chef del hotel Arts, interviene acompa\u00f1ado de S\u00edlvia Ravent\u00f3s, coordinadora de Recursos Humanos de la empresa<\/figcaption><\/figure>\n<p class=\"text-align-justify\">\u00a0<\/p>\n<p class=\"text-align-justify\"><span style=\"color:#000000;\">Tambi\u00e9n tomaron la palabra las personas impulsoras del concierto \u201cVeus per la igualtat d\u2019oportunitats dels joves\u201d, que ya ha celebrado dos ediciones y ha permitido apoyar a los servicios del Casal dels Infants que acompa\u00f1an a j\u00f3venes en situaci\u00f3n de vulnerabilidad. La directora general de Canet Rock, Gemma Recoder, el director general de Razzmatazz, Llu\u00eds Torrents; y Enric Crous, compromisario del Casal dels Infants, celebraron el \u00e9xito de la iniciativa, mientras que Trimon Choudury, educador y exparticipante de la asociaci\u00f3n, les agradeci\u00f3 su compromiso: \u201cNo todos los j\u00f3venes jugamos con las mismas cartas para salir adelante. Gracias por visibilizar que se necesita m\u00e1s financiaci\u00f3n para los proyectos que apoyan a los j\u00f3venes\u201d.<\/span><\/p>\n<p class=\"text-align-justify\">\n<span style=\"color:#000000;\">Desde Elabs Consulting, su CEO y cofundador, Pau Alpuente, comparti\u00f3 la estrategia que con su equipo han trazado para apoyar al Casal dels Infants en los llamados para conseguir nuevas personas voluntarias y nuevas aportaciones mediante donativos.<\/span><\/p>\n<p class=\"text-align-justify\">\u00a0<\/p>\n<figure role=\"group\" class=\"align-center\">\n<img decoding=\"async\" alt=\"Els i les joves de l'Aula d'Hostaleria del Casal dels Infants es van encarregar de servir l'esmorzar de la trobada\" data-entity-type=\"file\" data-entity-uuid=\"9a3e37db-fc55-45a5-9315-be3f49bfb2ba\" data-image-style=\"large\" height=\"360\" src=\"\/wp-content\/uploads\/inline-images\/Joves%20Aula%20Hostaleria%20Casal%20dels%20Infants%20trobada%20XEC.jpg\" typeof=\"foaf:Image\" width=\"480\" \/><figcaption>Los y las j\u00f3venes del Aula d\u2019Hostaleria del Casal dels Infants se encargaron de servir el desayuno del encuentro<\/figcaption><\/figure>\n<p class=\"text-align-justify\">\u00a0<\/p>\n<p class=\"text-align-justify\"><span style=\"color:#000000;\">En cuanto al programa de Formaci\u00f3n en Empresa del Casal dels Infants, Nacho Prats, fundador del grupo Pepa Tomate, y Xavier Garc\u00eda, subdirector general de servicios de Mullor, explicaron su v\u00ednculo con el Casal dels Infants y los frutos que ha generado. Concretamente, se refirieron a los m\u00e1s de 80 j\u00f3venes que han trabajado en sus empresas tras haberse formado en la asociaci\u00f3n.<\/span><\/p>\n<p class=\"text-align-justify\">\n<span style=\"color:#000000;\">Finalmente, dos de estos j\u00f3venes que han pasado por las aulas del Casal y por el equipo de ambas empresas, comparti\u00f3 su testimonio: \u201cNunca dejar\u00e9 de agradecer al Casal y a Pepa Tomate todo lo que he aprendido con ellos\u201d, coment\u00f3 Mathieu Sambeng, trabajador del restaurante Senyor Fabra del grupo Pepa Tomate. Cristian Salda\u00f1a, actualmente alumno de la formaci\u00f3n en limpieza industrial que el Casal dels Infants y Mullor imparten conjuntamente, se refiri\u00f3 a este proceso de aprendizaje como una etapa clave de cada a su futuro: \u201cEste es el primer paso de muchos proyectos y sue\u00f1os que tengo por delante\u201d.<\/span><br \/>\n\u00a0<\/p>\n","protected":false},"excerpt":{"rendered":"<p>El Encuentro de la Red de Empresas Ciudadanas que colaboran con el Casal dels Infants se celebr\u00f3 el 25 de octubre en el Hotel Arts con la participaci\u00f3n de una cuarentena de empresas involucradas con la asociaci\u00f3n. El objetivo del evento fue poner en valor todo lo que aportan las m\u00e1s de 400 empresas que [&hellip;]<\/p>\n","protected":false},"author":1,"featured_media":3312,"comment_status":"open","ping_status":"open","sticky":false,"template":"","format":"standard","meta":{"_acf_changed":false,"_et_pb_use_builder":"","_et_pb_old_content":"","_et_gb_content_width":"","inline_featured_image":false,"footnotes":""},"categories":[125],"tags":[],"seus":[],"eixos":[],"class_list":["post-4406","post","type-post","status-publish","format-standard","has-post-thumbnail","hentry","category-noticias"],"acf":[],"yoast_head":"<!-- This site is optimized with the Yoast SEO plugin v27.4 - https:\/\/yoast.com\/product\/yoast-seo-wordpress\/ -->\n<title>Encuentro de Empresas Ciudadanas del Casal dels Infants<\/title>\n<meta name=\"description\" content=\"El Encuentro de la Red de Empresas Ciudadanas que colaboran con el Casal dels Infants se celebr\u00f3 el 25 de octubre en el Hotel Arts con la participaci\u00f3n de una cuarentena de empresas. M\u00e1s de 400 empresas dan su apoyo cada a\u00f1o a la asociaci\u00f3n en el acompa\u00f1amiento de m\u00e1s de 7.000 ni\u00f1os, ni\u00f1as, j\u00f3venes, padres y madres.\" \/>\n<meta name=\"robots\" content=\"index, follow, max-snippet:-1, max-image-preview:large, max-video-preview:-1\" \/>\n<link rel=\"canonical\" href=\"https:\/\/www.casaldelsinfants.org\/es\/actualidad\/encuentro-red-empresas-ciudadanas-suma-esfuerzos\/\" \/>\n<meta property=\"og:locale\" content=\"es_ES\" \/>\n<meta property=\"og:type\" content=\"article\" \/>\n<meta property=\"og:title\" content=\"Encuentro de Empresas Ciudadanas del Casal dels Infants\" \/>\n<meta property=\"og:description\" content=\"El Encuentro de la Red de Empresas Ciudadanas que colaboran con el Casal dels Infants se celebr\u00f3 el 25 de octubre en el Hotel Arts con la participaci\u00f3n de una cuarentena de empresas. M\u00e1s de 400 empresas dan su apoyo cada a\u00f1o a la asociaci\u00f3n en el acompa\u00f1amiento de m\u00e1s de 7.000 ni\u00f1os, ni\u00f1as, j\u00f3venes, padres y madres.\" \/>\n<meta property=\"og:url\" content=\"https:\/\/www.casaldelsinfants.org\/es\/actualidad\/encuentro-red-empresas-ciudadanas-suma-esfuerzos\/\" \/>\n<meta property=\"og:site_name\" content=\"Casal dels Infants\" \/>\n<meta property=\"article:publisher\" content=\"https:\/\/www.facebook.com\/casalinfants\" \/>\n<meta property=\"article:published_time\" content=\"2019-11-04T14:59:28+00:00\" \/>\n<meta property=\"article:modified_time\" content=\"2023-05-01T15:54:18+00:00\" \/>\n<meta property=\"og:image\" content=\"https:\/\/www.casaldelsinfants.org\/wp-content\/uploads\/g9a2037-scaled.jpg\" \/>\n\t<meta property=\"og:image:width\" content=\"2560\" \/>\n\t<meta property=\"og:image:height\" content=\"1707\" \/>\n\t<meta property=\"og:image:type\" content=\"image\/jpeg\" \/>\n<meta name=\"author\" content=\"cdiAdmin\" \/>\n<meta name=\"twitter:card\" content=\"summary_large_image\" \/>\n<meta name=\"twitter:creator\" content=\"@casalinfants\" \/>\n<meta name=\"twitter:site\" content=\"@casalinfants\" \/>\n<meta name=\"twitter:label1\" content=\"Escrito por\" \/>\n\t<meta name=\"twitter:data1\" content=\"cdiAdmin\" \/>\n\t<meta name=\"twitter:label2\" content=\"Tiempo de lectura\" \/>\n\t<meta name=\"twitter:data2\" content=\"3 minutos\" \/>\n<script type=\"application\/ld+json\" class=\"yoast-schema-graph\">{\"@context\":\"https:\\\/\\\/schema.org\",\"@graph\":[{\"@type\":\"Article\",\"@id\":\"https:\\\/\\\/www.casaldelsinfants.org\\\/es\\\/actualidad\\\/encuentro-red-empresas-ciudadanas-suma-esfuerzos\\\/#article\",\"isPartOf\":{\"@id\":\"https:\\\/\\\/www.casaldelsinfants.org\\\/es\\\/actualidad\\\/encuentro-red-empresas-ciudadanas-suma-esfuerzos\\\/\"},\"author\":{\"name\":\"cdiAdmin\",\"@id\":\"https:\\\/\\\/www.casaldelsinfants.org\\\/es\\\/#\\\/schema\\\/person\\\/97707fc8c64900cf36891127dbf9fba8\"},\"headline\":\"El Encuentro de la Red de Empresas Ciudadanas pone en valor la suma de esfuerzos de las empresas y el Casal dels Infants\",\"datePublished\":\"2019-11-04T14:59:28+00:00\",\"dateModified\":\"2023-05-01T15:54:18+00:00\",\"mainEntityOfPage\":{\"@id\":\"https:\\\/\\\/www.casaldelsinfants.org\\\/es\\\/actualidad\\\/encuentro-red-empresas-ciudadanas-suma-esfuerzos\\\/\"},\"wordCount\":682,\"commentCount\":0,\"publisher\":{\"@id\":\"https:\\\/\\\/www.casaldelsinfants.org\\\/es\\\/#organization\"},\"image\":{\"@id\":\"https:\\\/\\\/www.casaldelsinfants.org\\\/es\\\/actualidad\\\/encuentro-red-empresas-ciudadanas-suma-esfuerzos\\\/#primaryimage\"},\"thumbnailUrl\":\"https:\\\/\\\/www.casaldelsinfants.org\\\/wp-content\\\/uploads\\\/g9a2037-scaled.jpg\",\"articleSection\":[\"Noticia\"],\"inLanguage\":\"es\",\"potentialAction\":[{\"@type\":\"CommentAction\",\"name\":\"Comment\",\"target\":[\"https:\\\/\\\/www.casaldelsinfants.org\\\/es\\\/actualidad\\\/encuentro-red-empresas-ciudadanas-suma-esfuerzos\\\/#respond\"]}]},{\"@type\":\"WebPage\",\"@id\":\"https:\\\/\\\/www.casaldelsinfants.org\\\/es\\\/actualidad\\\/encuentro-red-empresas-ciudadanas-suma-esfuerzos\\\/\",\"url\":\"https:\\\/\\\/www.casaldelsinfants.org\\\/es\\\/actualidad\\\/encuentro-red-empresas-ciudadanas-suma-esfuerzos\\\/\",\"name\":\"Encuentro de Empresas Ciudadanas del Casal dels Infants\",\"isPartOf\":{\"@id\":\"https:\\\/\\\/www.casaldelsinfants.org\\\/es\\\/#website\"},\"primaryImageOfPage\":{\"@id\":\"https:\\\/\\\/www.casaldelsinfants.org\\\/es\\\/actualidad\\\/encuentro-red-empresas-ciudadanas-suma-esfuerzos\\\/#primaryimage\"},\"image\":{\"@id\":\"https:\\\/\\\/www.casaldelsinfants.org\\\/es\\\/actualidad\\\/encuentro-red-empresas-ciudadanas-suma-esfuerzos\\\/#primaryimage\"},\"thumbnailUrl\":\"https:\\\/\\\/www.casaldelsinfants.org\\\/wp-content\\\/uploads\\\/g9a2037-scaled.jpg\",\"datePublished\":\"2019-11-04T14:59:28+00:00\",\"dateModified\":\"2023-05-01T15:54:18+00:00\",\"description\":\"El Encuentro de la Red de Empresas Ciudadanas que colaboran con el Casal dels Infants se celebr\u00f3 el 25 de octubre en el Hotel Arts con la participaci\u00f3n de una cuarentena de empresas. M\u00e1s de 400 empresas dan su apoyo cada a\u00f1o a la asociaci\u00f3n en el acompa\u00f1amiento de m\u00e1s de 7.000 ni\u00f1os, ni\u00f1as, j\u00f3venes, padres y madres.\",\"breadcrumb\":{\"@id\":\"https:\\\/\\\/www.casaldelsinfants.org\\\/es\\\/actualidad\\\/encuentro-red-empresas-ciudadanas-suma-esfuerzos\\\/#breadcrumb\"},\"inLanguage\":\"es\",\"potentialAction\":[{\"@type\":\"ReadAction\",\"target\":[\"https:\\\/\\\/www.casaldelsinfants.org\\\/es\\\/actualidad\\\/encuentro-red-empresas-ciudadanas-suma-esfuerzos\\\/\"]}]},{\"@type\":\"ImageObject\",\"inLanguage\":\"es\",\"@id\":\"https:\\\/\\\/www.casaldelsinfants.org\\\/es\\\/actualidad\\\/encuentro-red-empresas-ciudadanas-suma-esfuerzos\\\/#primaryimage\",\"url\":\"https:\\\/\\\/www.casaldelsinfants.org\\\/wp-content\\\/uploads\\\/g9a2037-scaled.jpg\",\"contentUrl\":\"https:\\\/\\\/www.casaldelsinfants.org\\\/wp-content\\\/uploads\\\/g9a2037-scaled.jpg\",\"width\":2560,\"height\":1707,\"caption\":\"Sala amb diferents persones sentades i dona fent discurs\"},{\"@type\":\"BreadcrumbList\",\"@id\":\"https:\\\/\\\/www.casaldelsinfants.org\\\/es\\\/actualidad\\\/encuentro-red-empresas-ciudadanas-suma-esfuerzos\\\/#breadcrumb\",\"itemListElement\":[{\"@type\":\"ListItem\",\"position\":1,\"name\":\"Inici\",\"item\":\"https:\\\/\\\/www.casaldelsinfants.org\\\/es\\\/\"},{\"@type\":\"ListItem\",\"position\":2,\"name\":\"El Encuentro de la Red de Empresas Ciudadanas pone en valor la suma de esfuerzos de las empresas y el Casal dels Infants\"}]},{\"@type\":\"WebSite\",\"@id\":\"https:\\\/\\\/www.casaldelsinfants.org\\\/es\\\/#website\",\"url\":\"https:\\\/\\\/www.casaldelsinfants.org\\\/es\\\/\",\"name\":\"Casal dels Infants\",\"description\":\"\",\"publisher\":{\"@id\":\"https:\\\/\\\/www.casaldelsinfants.org\\\/es\\\/#organization\"},\"potentialAction\":[{\"@type\":\"SearchAction\",\"target\":{\"@type\":\"EntryPoint\",\"urlTemplate\":\"https:\\\/\\\/www.casaldelsinfants.org\\\/es\\\/?s={search_term_string}\"},\"query-input\":{\"@type\":\"PropertyValueSpecification\",\"valueRequired\":true,\"valueName\":\"search_term_string\"}}],\"inLanguage\":\"es\"},{\"@type\":\"Organization\",\"@id\":\"https:\\\/\\\/www.casaldelsinfants.org\\\/es\\\/#organization\",\"name\":\"Casal dels Infants\",\"url\":\"https:\\\/\\\/www.casaldelsinfants.org\\\/es\\\/\",\"logo\":{\"@type\":\"ImageObject\",\"inLanguage\":\"es\",\"@id\":\"https:\\\/\\\/www.casaldelsinfants.org\\\/es\\\/#\\\/schema\\\/logo\\\/image\\\/\",\"url\":\"https:\\\/\\\/www.casaldelsinfants.org\\\/wp-content\\\/uploads\\\/logo-mail.png\",\"contentUrl\":\"https:\\\/\\\/www.casaldelsinfants.org\\\/wp-content\\\/uploads\\\/logo-mail.png\",\"width\":380,\"height\":158,\"caption\":\"Casal dels Infants\"},\"image\":{\"@id\":\"https:\\\/\\\/www.casaldelsinfants.org\\\/es\\\/#\\\/schema\\\/logo\\\/image\\\/\"},\"sameAs\":[\"https:\\\/\\\/www.facebook.com\\\/casalinfants\",\"https:\\\/\\\/x.com\\\/casalinfants\",\"https:\\\/\\\/www.youtube.com\\\/user\\\/CasaldelsInfants1\",\"https:\\\/\\\/www.instagram.com\\\/casalinfants\\\/\",\"https:\\\/\\\/www.linkedin.com\\\/company\\\/casaldelsinfants?trk=organization-update_share-update_actor-text\"]},{\"@type\":\"Person\",\"@id\":\"https:\\\/\\\/www.casaldelsinfants.org\\\/es\\\/#\\\/schema\\\/person\\\/97707fc8c64900cf36891127dbf9fba8\",\"name\":\"cdiAdmin\",\"sameAs\":[\"https:\\\/\\\/casaldelsinfants.org\"]}]}<\/script>\n<!-- \/ Yoast SEO plugin. -->","yoast_head_json":{"title":"Encuentro de Empresas Ciudadanas del Casal dels Infants","description":"El Encuentro de la Red de Empresas Ciudadanas que colaboran con el Casal dels Infants se celebr\u00f3 el 25 de octubre en el Hotel Arts con la participaci\u00f3n de una cuarentena de empresas. M\u00e1s de 400 empresas dan su apoyo cada a\u00f1o a la asociaci\u00f3n en el acompa\u00f1amiento de m\u00e1s de 7.000 ni\u00f1os, ni\u00f1as, j\u00f3venes, padres y madres.","robots":{"index":"index","follow":"follow","max-snippet":"max-snippet:-1","max-image-preview":"max-image-preview:large","max-video-preview":"max-video-preview:-1"},"canonical":"https:\/\/www.casaldelsinfants.org\/es\/actualidad\/encuentro-red-empresas-ciudadanas-suma-esfuerzos\/","og_locale":"es_ES","og_type":"article","og_title":"Encuentro de Empresas Ciudadanas del Casal dels Infants","og_description":"El Encuentro de la Red de Empresas Ciudadanas que colaboran con el Casal dels Infants se celebr\u00f3 el 25 de octubre en el Hotel Arts con la participaci\u00f3n de una cuarentena de empresas. M\u00e1s de 400 empresas dan su apoyo cada a\u00f1o a la asociaci\u00f3n en el acompa\u00f1amiento de m\u00e1s de 7.000 ni\u00f1os, ni\u00f1as, j\u00f3venes, padres y madres.","og_url":"https:\/\/www.casaldelsinfants.org\/es\/actualidad\/encuentro-red-empresas-ciudadanas-suma-esfuerzos\/","og_site_name":"Casal dels Infants","article_publisher":"https:\/\/www.facebook.com\/casalinfants","article_published_time":"2019-11-04T14:59:28+00:00","article_modified_time":"2023-05-01T15:54:18+00:00","og_image":[{"width":2560,"height":1707,"url":"https:\/\/www.casaldelsinfants.org\/wp-content\/uploads\/g9a2037-scaled.jpg","type":"image\/jpeg"}],"author":"cdiAdmin","twitter_card":"summary_large_image","twitter_creator":"@casalinfants","twitter_site":"@casalinfants","twitter_misc":{"Escrito por":"cdiAdmin","Tiempo de lectura":"3 minutos"},"schema":{"@context":"https:\/\/schema.org","@graph":[{"@type":"Article","@id":"https:\/\/www.casaldelsinfants.org\/es\/actualidad\/encuentro-red-empresas-ciudadanas-suma-esfuerzos\/#article","isPartOf":{"@id":"https:\/\/www.casaldelsinfants.org\/es\/actualidad\/encuentro-red-empresas-ciudadanas-suma-esfuerzos\/"},"author":{"name":"cdiAdmin","@id":"https:\/\/www.casaldelsinfants.org\/es\/#\/schema\/person\/97707fc8c64900cf36891127dbf9fba8"},"headline":"El Encuentro de la Red de Empresas Ciudadanas pone en valor la suma de esfuerzos de las empresas y el Casal dels Infants","datePublished":"2019-11-04T14:59:28+00:00","dateModified":"2023-05-01T15:54:18+00:00","mainEntityOfPage":{"@id":"https:\/\/www.casaldelsinfants.org\/es\/actualidad\/encuentro-red-empresas-ciudadanas-suma-esfuerzos\/"},"wordCount":682,"commentCount":0,"publisher":{"@id":"https:\/\/www.casaldelsinfants.org\/es\/#organization"},"image":{"@id":"https:\/\/www.casaldelsinfants.org\/es\/actualidad\/encuentro-red-empresas-ciudadanas-suma-esfuerzos\/#primaryimage"},"thumbnailUrl":"https:\/\/www.casaldelsinfants.org\/wp-content\/uploads\/g9a2037-scaled.jpg","articleSection":["Noticia"],"inLanguage":"es","potentialAction":[{"@type":"CommentAction","name":"Comment","target":["https:\/\/www.casaldelsinfants.org\/es\/actualidad\/encuentro-red-empresas-ciudadanas-suma-esfuerzos\/#respond"]}]},{"@type":"WebPage","@id":"https:\/\/www.casaldelsinfants.org\/es\/actualidad\/encuentro-red-empresas-ciudadanas-suma-esfuerzos\/","url":"https:\/\/www.casaldelsinfants.org\/es\/actualidad\/encuentro-red-empresas-ciudadanas-suma-esfuerzos\/","name":"Encuentro de Empresas Ciudadanas del Casal dels Infants","isPartOf":{"@id":"https:\/\/www.casaldelsinfants.org\/es\/#website"},"primaryImageOfPage":{"@id":"https:\/\/www.casaldelsinfants.org\/es\/actualidad\/encuentro-red-empresas-ciudadanas-suma-esfuerzos\/#primaryimage"},"image":{"@id":"https:\/\/www.casaldelsinfants.org\/es\/actualidad\/encuentro-red-empresas-ciudadanas-suma-esfuerzos\/#primaryimage"},"thumbnailUrl":"https:\/\/www.casaldelsinfants.org\/wp-content\/uploads\/g9a2037-scaled.jpg","datePublished":"2019-11-04T14:59:28+00:00","dateModified":"2023-05-01T15:54:18+00:00","description":"El Encuentro de la Red de Empresas Ciudadanas que colaboran con el Casal dels Infants se celebr\u00f3 el 25 de octubre en el Hotel Arts con la participaci\u00f3n de una cuarentena de empresas. M\u00e1s de 400 empresas dan su apoyo cada a\u00f1o a la asociaci\u00f3n en el acompa\u00f1amiento de m\u00e1s de 7.000 ni\u00f1os, ni\u00f1as, j\u00f3venes, padres y madres.","breadcrumb":{"@id":"https:\/\/www.casaldelsinfants.org\/es\/actualidad\/encuentro-red-empresas-ciudadanas-suma-esfuerzos\/#breadcrumb"},"inLanguage":"es","potentialAction":[{"@type":"ReadAction","target":["https:\/\/www.casaldelsinfants.org\/es\/actualidad\/encuentro-red-empresas-ciudadanas-suma-esfuerzos\/"]}]},{"@type":"ImageObject","inLanguage":"es","@id":"https:\/\/www.casaldelsinfants.org\/es\/actualidad\/encuentro-red-empresas-ciudadanas-suma-esfuerzos\/#primaryimage","url":"https:\/\/www.casaldelsinfants.org\/wp-content\/uploads\/g9a2037-scaled.jpg","contentUrl":"https:\/\/www.casaldelsinfants.org\/wp-content\/uploads\/g9a2037-scaled.jpg","width":2560,"height":1707,"caption":"Sala amb diferents persones sentades i dona fent discurs"},{"@type":"BreadcrumbList","@id":"https:\/\/www.casaldelsinfants.org\/es\/actualidad\/encuentro-red-empresas-ciudadanas-suma-esfuerzos\/#breadcrumb","itemListElement":[{"@type":"ListItem","position":1,"name":"Inici","item":"https:\/\/www.casaldelsinfants.org\/es\/"},{"@type":"ListItem","position":2,"name":"El Encuentro de la Red de Empresas Ciudadanas pone en valor la suma de esfuerzos de las empresas y el Casal dels Infants"}]},{"@type":"WebSite","@id":"https:\/\/www.casaldelsinfants.org\/es\/#website","url":"https:\/\/www.casaldelsinfants.org\/es\/","name":"Casal dels Infants","description":"","publisher":{"@id":"https:\/\/www.casaldelsinfants.org\/es\/#organization"},"potentialAction":[{"@type":"SearchAction","target":{"@type":"EntryPoint","urlTemplate":"https:\/\/www.casaldelsinfants.org\/es\/?s={search_term_string}"},"query-input":{"@type":"PropertyValueSpecification","valueRequired":true,"valueName":"search_term_string"}}],"inLanguage":"es"},{"@type":"Organization","@id":"https:\/\/www.casaldelsinfants.org\/es\/#organization","name":"Casal dels Infants","url":"https:\/\/www.casaldelsinfants.org\/es\/","logo":{"@type":"ImageObject","inLanguage":"es","@id":"https:\/\/www.casaldelsinfants.org\/es\/#\/schema\/logo\/image\/","url":"https:\/\/www.casaldelsinfants.org\/wp-content\/uploads\/logo-mail.png","contentUrl":"https:\/\/www.casaldelsinfants.org\/wp-content\/uploads\/logo-mail.png","width":380,"height":158,"caption":"Casal dels Infants"},"image":{"@id":"https:\/\/www.casaldelsinfants.org\/es\/#\/schema\/logo\/image\/"},"sameAs":["https:\/\/www.facebook.com\/casalinfants","https:\/\/x.com\/casalinfants","https:\/\/www.youtube.com\/user\/CasaldelsInfants1","https:\/\/www.instagram.com\/casalinfants\/","https:\/\/www.linkedin.com\/company\/casaldelsinfants?trk=organization-update_share-update_actor-text"]},{"@type":"Person","@id":"https:\/\/www.casaldelsinfants.org\/es\/#\/schema\/person\/97707fc8c64900cf36891127dbf9fba8","name":"cdiAdmin","sameAs":["https:\/\/casaldelsinfants.org"]}]}},"publishpress_future_action":{"enabled":false,"date":"2026-05-09 10:19:37","action":"change-status","newStatus":"draft","terms":[],"taxonomy":"category","extraData":[]},"publishpress_future_workflow_manual_trigger":{"enabledWorkflows":[]},"_links":{"self":[{"href":"https:\/\/www.casaldelsinfants.org\/es\/wp-json\/wp\/v2\/posts\/4406","targetHints":{"allow":["GET"]}}],"collection":[{"href":"https:\/\/www.casaldelsinfants.org\/es\/wp-json\/wp\/v2\/posts"}],"about":[{"href":"https:\/\/www.casaldelsinfants.org\/es\/wp-json\/wp\/v2\/types\/post"}],"author":[{"embeddable":true,"href":"https:\/\/www.casaldelsinfants.org\/es\/wp-json\/wp\/v2\/users\/1"}],"replies":[{"embeddable":true,"href":"https:\/\/www.casaldelsinfants.org\/es\/wp-json\/wp\/v2\/comments?post=4406"}],"version-history":[{"count":1,"href":"https:\/\/www.casaldelsinfants.org\/es\/wp-json\/wp\/v2\/posts\/4406\/revisions"}],"predecessor-version":[{"id":6355,"href":"https:\/\/www.casaldelsinfants.org\/es\/wp-json\/wp\/v2\/posts\/4406\/revisions\/6355"}],"wp:featuredmedia":[{"embeddable":true,"href":"https:\/\/www.casaldelsinfants.org\/es\/wp-json\/wp\/v2\/media\/3312"}],"wp:attachment":[{"href":"https:\/\/www.casaldelsinfants.org\/es\/wp-json\/wp\/v2\/media?parent=4406"}],"wp:term":[{"taxonomy":"category","embeddable":true,"href":"https:\/\/www.casaldelsinfants.org\/es\/wp-json\/wp\/v2\/categories?post=4406"},{"taxonomy":"post_tag","embeddable":true,"href":"https:\/\/www.casaldelsinfants.org\/es\/wp-json\/wp\/v2\/tags?post=4406"},{"taxonomy":"seus","embeddable":true,"href":"https:\/\/www.casaldelsinfants.org\/es\/wp-json\/wp\/v2\/seus?post=4406"},{"taxonomy":"eixos","embeddable":true,"href":"https:\/\/www.casaldelsinfants.org\/es\/wp-json\/wp\/v2\/eixos?post=4406"}],"curies":[{"name":"wp","href":"https:\/\/api.w.org\/{rel}","templated":true}]}}