{"id":4407,"date":"2019-10-22T14:27:52","date_gmt":"2019-10-22T12:27:52","guid":{"rendered":"https:\/\/casal.puntzero.cat\/noticies\/la-9a-tapa-solidaria-mobilitza-la-millor-gastronomia-contra-les-desigualtats\/"},"modified":"2023-05-01T17:54:25","modified_gmt":"2023-05-01T15:54:25","slug":"la-9a-tapa-solidaria-mobilitza-la-millor-gastronomia-contra-les-desigualtats","status":"publish","type":"post","link":"https:\/\/www.casaldelsinfants.org\/es\/actualidad\/9a-tapa-solidaria-moviliza-gastronomia-contra-desigualdades\/","title":{"rendered":"La 9a Tapa Solid\u00e0ria moviliza a la mejor gastronom\u00eda contra las desigualdades"},"content":{"rendered":"<p><span style=\"color:#000000;\">El Casal dels Infants y representantes de 64 restaurantes catalanes presentaron el martes 21 de octubre la 9\u00aa edici\u00f3n de la Tapa Solid\u00e0ria, en un acto celebrado en el restaurante El Quim de la Boqueria del Mercado de la Boqueria de Barcelona.<\/span><\/p>\n<p><span style=\"color:#000000;\">Un a\u00f1o m\u00e1s, cada establecimiento participante ha elegido una tapa concreta de su carta y donar\u00e1 al Casal dels Infants 0,50 euros por cada unidad que venda. La iniciativa se puso en marcha el 1 de octubre y se alargar\u00e1 hasta el 1 de enero.<\/span><\/p>\n<p><span style=\"color:#000000;\">Como en las ediciones previas, los ingresos se destinar\u00e1n al servicio Vincles del Casal dels Infants, un espacio maternoinfantil de acompa\u00f1amiento a madres con hijos menores de 3 a\u00f1os en situaci\u00f3n de exclusi\u00f3n social. Tambi\u00e9n beneficiar\u00e1n al servicio Casal Familiar de la asociaci\u00f3n, que ofrece acompa\u00f1amiento, asesoramiento y un espacio de apoyo mutuo a familias desfavorecidas con hijos o hijas a cargo.<\/span><\/p>\n<p><span style=\"color:#000000;\">En Vincles los ni\u00f1os y ni\u00f1as adquieren h\u00e1bitos, conocimientos y competencias claves para que se desarrollen adecuadamente, en una etapa educativa clave como es la de los 0 a los 3 a\u00f1os. Las mujeres, a menudo migradas, reciben asesoramiento y apoyo en el proceso de crianza, aprenden catal\u00e1n y castellano, se familiarizan con los servicios y recursos del barrio y construyen una red de apoyo entre ellas.<\/span><\/p>\n<p><span style=\"color:#000000;\">En cuanto al Casal Familiar, se trata de un servicio que ofrece asesoramiento, apoyo integral, espacios de relaci\u00f3n y participaci\u00f3n comunitaria a familias desfavorecidas con ni\u00f1os y ni\u00f1as a cargo. Teniendo en cuenta los distintos servicios que se beneficiar\u00e1n de los fondos recaudados, los restaurantes participantes de la 9\u00aa Tapa Solidaria contribuir\u00e1n a hacer posible el acompa\u00f1amiento de m\u00e1s de 1.500 personas en situaci\u00f3n de vulnerabilidad.<\/span><\/p>\n<p><strong><span style=\"color:#000000;\">Reconocimiento institucional<\/span><\/strong><\/p>\n<p><span style=\"color:#000000;\">El acto de presentaci\u00f3n de la 9\u00aa Tapa Solidaria cont\u00f3 tambi\u00e9n con la presencia de la Secretaria General de Inf\u00e0ncia, Adolescen\u00e8ncia i Joventut de la Generalitat, Georgina Oliva, que destac\u00f3 la importancia de iniciativas como esta en apoyo a la labor social y educativa de una entidad referente en el acompa\u00f1amiento a ni\u00f1os y ni\u00f1as en riesgo, as\u00ed como el valor del proyecto maternoinfantil Vincles.<\/span><\/p>\n<p><span style=\"color:#000000;\">Llu\u00eds Prats, voluntario del Casal dels Infants, celebr\u00f3 poder estar presentando la 0a edici\u00f3n de la Tapa Solidaria y asegur\u00f3 estar pensando en novedades para el d\u00e9cimo aniversario de la iniciativa.<\/span><\/p>\n<p><span style=\"color:#000000;\">Quim M\u00e1rquez, del restaurante El Quim de la Boqueria, y el Sr. Salvador Capdevila, presidente de la Associaci\u00f3n de Comerciants del Mercat de la Boqueria, celebraron poder acoger, este a\u00f1o, a los restaurantes participantes.<\/span><\/p>\n<p><span style=\"color:#000000;\">A la presentaci\u00f3n le segui\u00f3 un desayuno elaborado por el equipo de Escrib\u00e0 y servido por alumnos del Aula d\u2019Hostaleria, un servicio de formaci\u00f3n e inserci\u00f3n social y laboral del Casal dels Infants que cada a\u00f1o forma a una cincuentena de j\u00f3venes en el \u00e1mbito de la restauraci\u00f3n con el apoyo de empresas colaboradoras.<\/span><\/p>\n<p><span style=\"color:#000000;\">Toda la informaci\u00f3n sobre los restaurantes participantes de la 9\u00aa Tapa Solid\u00e0ria, las tapas seleccionades y el impacto que tendr\u00e1 la recaudaci\u00f3n para los proyectos Vincles y Casal Familiar se encuentra en la web <a href=\"http:\/\/www.tapasolidaria.cat\">www.tapasolidaria.cat<\/a>.<\/span><\/p>\n<p>\u00a0<\/p>\n<p>\u00a0<\/p>\n<p class=\"text-align-center\"><strong><span style=\"color:#000000;\">Listado\u00a0de restaurantes participantes de\u00a0la 9a Tapa Solid\u00e0ria:<\/span><\/strong><\/p>\n<p class=\"text-align-center\">\n<span style=\"color:#000000;\"><em>Antunez<br \/>\nAURT (Hilton Diagonal Mar Barcelona)<br \/>\nA Pluma\u00a0<br \/>\nArenal<br \/>\nArola<br \/>\nB Lounge\u00a0<br \/>\nBodega Sep\u00falveda<br \/>\nCal Tito<br \/>\nCan Llu\u00eds\u00a0<br \/>\nCan Reverter II<br \/>\nCan Ros\u00a0<br \/>\nCasa de Tapes Ca\u00f1ota\u00a0<br \/>\nCasa Guinart<br \/>\nCasa Paloma<br \/>\nCent Onze (Hotel Le Meridien)<br \/>\nCera 23<br \/>\nCETT- Aula Restaurant<br \/>\nCollonut<br \/>\nDisfrutar<br \/>\nEl Quim de la Boqueria\u00a0<br \/>\nEls Ocellets\u00a0<br \/>\nF\u00e0brica Moritz Barcelona<br \/>\nFonda Espa\u00f1a<br \/>\nFonda Marina<br \/>\nGaig<br \/>\nGouthier<br \/>\nHofmann<br \/>\nIdeal Cocktail bar<br \/>\nIkibana (avinguda Paral\u2022lel)<br \/>\nKak Koy<br \/>\nK\u00f6nig\u00a0<br \/>\nLa Gavina\u00a0<br \/>\nLa Mar Salada\u00a0<br \/>\nLa Plassohla<br \/>\nL&#8217;Arr\u00f2s\u00a0<br \/>\nLes Tres Alzines\u00a0<br \/>\nLluerna<br \/>\nL&#8217;Orwell\u00a0<br \/>\nMarea Alta<br \/>\nMart\u00ednez<br \/>\nMoka<br \/>\nNectari<br \/>\nOLEUM<br \/>\nPassad\u00eds del Pep<br \/>\nPepa Tomate (carrer Parlament)<br \/>\nPepito<br \/>\nPetit Comit\u00e9 de Nandu Jubany\u00a0<br \/>\nPinotxo bar<br \/>\nPura Brasa Arenas (Barcelona) \u00a0<br \/>\nPura Brasa Empuriabrava\u00a0<br \/>\nPura Brasa Pineda de Mar<br \/>\nPura Brasa Rambla (Barcelona)<br \/>\nPura Brasa Sant Andreu (Barcelona)<br \/>\nSauleda Catering<br \/>\nSemproniana\u00a0<br \/>\n7 Portes<br \/>\nSuculent<br \/>\nSumum\u00a0<br \/>\nTandoor<br \/>\nTapas 24 (carrer de la Diputaci\u00f3)<br \/>\nTerraza Alaire (Hotel Condes de Barcelona)<br \/>\nTickets<br \/>\nXavier Pellicer<\/em><\/span><\/p>\n<p class=\"text-align-center\">\n<span style=\"color:#000000;\"><strong>Gracias a la colaboraci\u00f3n especial de:<\/strong><\/span><\/p>\n<p><img decoding=\"async\" alt=\"Logos de les entitats i empreses que col\u00b7laboren amb la 9a Tapa Solid\u00e0ria\" data-entity-type=\"file\" data-entity-uuid=\"2a25a3f5-7c42-4803-a755-a23a4efbe979\" data-image-style=\"large\" src=\"\/wp-content\/uploads\/inline-images\/LOGO-ENVIAMENT.png\" width=\"480\" height=\"63\" typeof=\"foaf:Image\" class=\"align-center\" \/><\/p>\n<p>\u00a0<\/p>\n","protected":false},"excerpt":{"rendered":"<p>El Casal dels Infants y representantes de 64 restaurantes catalanes presentaron el martes 21 de octubre la 9\u00aa edici\u00f3n de la Tapa Solid\u00e0ria, en un acto celebrado en el restaurante El Quim de la Boqueria del Mercado de la Boqueria de Barcelona. Un a\u00f1o m\u00e1s, cada establecimiento participante ha elegido una tapa concreta de su [&hellip;]<\/p>\n","protected":false},"author":1,"featured_media":3315,"comment_status":"open","ping_status":"open","sticky":false,"template":"","format":"standard","meta":{"_acf_changed":false,"_et_pb_use_builder":"","_et_pb_old_content":"","_et_gb_content_width":"","inline_featured_image":false,"footnotes":""},"categories":[125],"tags":[],"seus":[],"eixos":[107],"class_list":["post-4407","post","type-post","status-publish","format-standard","has-post-thumbnail","hentry","category-noticias","eixos-pequena-infancia"],"acf":[],"yoast_head":"<!-- This site is optimized with the Yoast SEO plugin v27.4 - https:\/\/yoast.com\/product\/yoast-seo-wordpress\/ -->\n<title>La 9a Tapa Solid\u00e0ria moviliza a la mejor gastronom\u00eda contra las desigualdades - Casal dels Infants<\/title>\n<meta name=\"robots\" content=\"index, follow, max-snippet:-1, max-image-preview:large, max-video-preview:-1\" \/>\n<link rel=\"canonical\" href=\"https:\/\/www.casaldelsinfants.org\/es\/actualidad\/9a-tapa-solidaria-moviliza-gastronomia-contra-desigualdades\/\" \/>\n<meta property=\"og:locale\" content=\"es_ES\" \/>\n<meta property=\"og:type\" content=\"article\" \/>\n<meta property=\"og:title\" content=\"La 9a Tapa Solid\u00e0ria moviliza a la mejor gastronom\u00eda contra las desigualdades - Casal dels Infants\" \/>\n<meta property=\"og:description\" content=\"El Casal dels Infants y representantes de 64 restaurantes catalanes presentaron el martes 21 de octubre la 9\u00aa edici\u00f3n de la Tapa Solid\u00e0ria, en un acto celebrado en el restaurante El Quim de la Boqueria del Mercado de la Boqueria de Barcelona. Un a\u00f1o m\u00e1s, cada establecimiento participante ha elegido una tapa concreta de su [&hellip;]\" \/>\n<meta property=\"og:url\" content=\"https:\/\/www.casaldelsinfants.org\/es\/actualidad\/9a-tapa-solidaria-moviliza-gastronomia-contra-desigualdades\/\" \/>\n<meta property=\"og:site_name\" content=\"Casal dels Infants\" \/>\n<meta property=\"article:publisher\" content=\"https:\/\/www.facebook.com\/casalinfants\" \/>\n<meta property=\"article:published_time\" content=\"2019-10-22T12:27:52+00:00\" \/>\n<meta property=\"article:modified_time\" content=\"2023-05-01T15:54:25+00:00\" \/>\n<meta property=\"og:image\" content=\"https:\/\/www.casaldelsinfants.org\/wp-content\/uploads\/foto_9atapa.jpg\" \/>\n\t<meta property=\"og:image:width\" content=\"1200\" \/>\n\t<meta property=\"og:image:height\" content=\"800\" \/>\n\t<meta property=\"og:image:type\" content=\"image\/jpeg\" \/>\n<meta name=\"author\" content=\"cdiAdmin\" \/>\n<meta name=\"twitter:card\" content=\"summary_large_image\" \/>\n<meta name=\"twitter:creator\" content=\"@casalinfants\" \/>\n<meta name=\"twitter:site\" content=\"@casalinfants\" \/>\n<meta name=\"twitter:label1\" content=\"Escrito por\" \/>\n\t<meta name=\"twitter:data1\" content=\"cdiAdmin\" \/>\n\t<meta name=\"twitter:label2\" content=\"Tiempo de lectura\" \/>\n\t<meta name=\"twitter:data2\" content=\"4 minutos\" \/>\n<script type=\"application\/ld+json\" class=\"yoast-schema-graph\">{\"@context\":\"https:\\\/\\\/schema.org\",\"@graph\":[{\"@type\":\"Article\",\"@id\":\"https:\\\/\\\/www.casaldelsinfants.org\\\/es\\\/actualidad\\\/9a-tapa-solidaria-moviliza-gastronomia-contra-desigualdades\\\/#article\",\"isPartOf\":{\"@id\":\"https:\\\/\\\/www.casaldelsinfants.org\\\/es\\\/actualidad\\\/9a-tapa-solidaria-moviliza-gastronomia-contra-desigualdades\\\/\"},\"author\":{\"name\":\"cdiAdmin\",\"@id\":\"https:\\\/\\\/www.casaldelsinfants.org\\\/es\\\/#\\\/schema\\\/person\\\/97707fc8c64900cf36891127dbf9fba8\"},\"headline\":\"La 9a Tapa Solid\u00e0ria moviliza a la mejor gastronom\u00eda contra las desigualdades\",\"datePublished\":\"2019-10-22T12:27:52+00:00\",\"dateModified\":\"2023-05-01T15:54:25+00:00\",\"mainEntityOfPage\":{\"@id\":\"https:\\\/\\\/www.casaldelsinfants.org\\\/es\\\/actualidad\\\/9a-tapa-solidaria-moviliza-gastronomia-contra-desigualdades\\\/\"},\"wordCount\":729,\"commentCount\":0,\"publisher\":{\"@id\":\"https:\\\/\\\/www.casaldelsinfants.org\\\/es\\\/#organization\"},\"image\":{\"@id\":\"https:\\\/\\\/www.casaldelsinfants.org\\\/es\\\/actualidad\\\/9a-tapa-solidaria-moviliza-gastronomia-contra-desigualdades\\\/#primaryimage\"},\"thumbnailUrl\":\"https:\\\/\\\/www.casaldelsinfants.org\\\/wp-content\\\/uploads\\\/foto_9atapa.jpg\",\"articleSection\":[\"Noticia\"],\"inLanguage\":\"es\",\"potentialAction\":[{\"@type\":\"CommentAction\",\"name\":\"Comment\",\"target\":[\"https:\\\/\\\/www.casaldelsinfants.org\\\/es\\\/actualidad\\\/9a-tapa-solidaria-moviliza-gastronomia-contra-desigualdades\\\/#respond\"]}]},{\"@type\":\"WebPage\",\"@id\":\"https:\\\/\\\/www.casaldelsinfants.org\\\/es\\\/actualidad\\\/9a-tapa-solidaria-moviliza-gastronomia-contra-desigualdades\\\/\",\"url\":\"https:\\\/\\\/www.casaldelsinfants.org\\\/es\\\/actualidad\\\/9a-tapa-solidaria-moviliza-gastronomia-contra-desigualdades\\\/\",\"name\":\"La 9a Tapa Solid\u00e0ria moviliza a la mejor gastronom\u00eda contra las desigualdades - Casal dels Infants\",\"isPartOf\":{\"@id\":\"https:\\\/\\\/www.casaldelsinfants.org\\\/es\\\/#website\"},\"primaryImageOfPage\":{\"@id\":\"https:\\\/\\\/www.casaldelsinfants.org\\\/es\\\/actualidad\\\/9a-tapa-solidaria-moviliza-gastronomia-contra-desigualdades\\\/#primaryimage\"},\"image\":{\"@id\":\"https:\\\/\\\/www.casaldelsinfants.org\\\/es\\\/actualidad\\\/9a-tapa-solidaria-moviliza-gastronomia-contra-desigualdades\\\/#primaryimage\"},\"thumbnailUrl\":\"https:\\\/\\\/www.casaldelsinfants.org\\\/wp-content\\\/uploads\\\/foto_9atapa.jpg\",\"datePublished\":\"2019-10-22T12:27:52+00:00\",\"dateModified\":\"2023-05-01T15:54:25+00:00\",\"breadcrumb\":{\"@id\":\"https:\\\/\\\/www.casaldelsinfants.org\\\/es\\\/actualidad\\\/9a-tapa-solidaria-moviliza-gastronomia-contra-desigualdades\\\/#breadcrumb\"},\"inLanguage\":\"es\",\"potentialAction\":[{\"@type\":\"ReadAction\",\"target\":[\"https:\\\/\\\/www.casaldelsinfants.org\\\/es\\\/actualidad\\\/9a-tapa-solidaria-moviliza-gastronomia-contra-desigualdades\\\/\"]}]},{\"@type\":\"ImageObject\",\"inLanguage\":\"es\",\"@id\":\"https:\\\/\\\/www.casaldelsinfants.org\\\/es\\\/actualidad\\\/9a-tapa-solidaria-moviliza-gastronomia-contra-desigualdades\\\/#primaryimage\",\"url\":\"https:\\\/\\\/www.casaldelsinfants.org\\\/wp-content\\\/uploads\\\/foto_9atapa.jpg\",\"contentUrl\":\"https:\\\/\\\/www.casaldelsinfants.org\\\/wp-content\\\/uploads\\\/foto_9atapa.jpg\",\"width\":1200,\"height\":800,\"caption\":\"Participants de la nova tapa solid\u00e0ria\"},{\"@type\":\"BreadcrumbList\",\"@id\":\"https:\\\/\\\/www.casaldelsinfants.org\\\/es\\\/actualidad\\\/9a-tapa-solidaria-moviliza-gastronomia-contra-desigualdades\\\/#breadcrumb\",\"itemListElement\":[{\"@type\":\"ListItem\",\"position\":1,\"name\":\"Inici\",\"item\":\"https:\\\/\\\/www.casaldelsinfants.org\\\/es\\\/\"},{\"@type\":\"ListItem\",\"position\":2,\"name\":\"La 9a Tapa Solid\u00e0ria moviliza a la mejor gastronom\u00eda contra las desigualdades\"}]},{\"@type\":\"WebSite\",\"@id\":\"https:\\\/\\\/www.casaldelsinfants.org\\\/es\\\/#website\",\"url\":\"https:\\\/\\\/www.casaldelsinfants.org\\\/es\\\/\",\"name\":\"Casal dels Infants\",\"description\":\"\",\"publisher\":{\"@id\":\"https:\\\/\\\/www.casaldelsinfants.org\\\/es\\\/#organization\"},\"potentialAction\":[{\"@type\":\"SearchAction\",\"target\":{\"@type\":\"EntryPoint\",\"urlTemplate\":\"https:\\\/\\\/www.casaldelsinfants.org\\\/es\\\/?s={search_term_string}\"},\"query-input\":{\"@type\":\"PropertyValueSpecification\",\"valueRequired\":true,\"valueName\":\"search_term_string\"}}],\"inLanguage\":\"es\"},{\"@type\":\"Organization\",\"@id\":\"https:\\\/\\\/www.casaldelsinfants.org\\\/es\\\/#organization\",\"name\":\"Casal dels Infants\",\"url\":\"https:\\\/\\\/www.casaldelsinfants.org\\\/es\\\/\",\"logo\":{\"@type\":\"ImageObject\",\"inLanguage\":\"es\",\"@id\":\"https:\\\/\\\/www.casaldelsinfants.org\\\/es\\\/#\\\/schema\\\/logo\\\/image\\\/\",\"url\":\"https:\\\/\\\/www.casaldelsinfants.org\\\/wp-content\\\/uploads\\\/logo-mail.png\",\"contentUrl\":\"https:\\\/\\\/www.casaldelsinfants.org\\\/wp-content\\\/uploads\\\/logo-mail.png\",\"width\":380,\"height\":158,\"caption\":\"Casal dels Infants\"},\"image\":{\"@id\":\"https:\\\/\\\/www.casaldelsinfants.org\\\/es\\\/#\\\/schema\\\/logo\\\/image\\\/\"},\"sameAs\":[\"https:\\\/\\\/www.facebook.com\\\/casalinfants\",\"https:\\\/\\\/x.com\\\/casalinfants\",\"https:\\\/\\\/www.youtube.com\\\/user\\\/CasaldelsInfants1\",\"https:\\\/\\\/www.instagram.com\\\/casalinfants\\\/\",\"https:\\\/\\\/www.linkedin.com\\\/company\\\/casaldelsinfants?trk=organization-update_share-update_actor-text\"]},{\"@type\":\"Person\",\"@id\":\"https:\\\/\\\/www.casaldelsinfants.org\\\/es\\\/#\\\/schema\\\/person\\\/97707fc8c64900cf36891127dbf9fba8\",\"name\":\"cdiAdmin\",\"sameAs\":[\"https:\\\/\\\/casaldelsinfants.org\"]}]}<\/script>\n<!-- \/ Yoast SEO plugin. -->","yoast_head_json":{"title":"La 9a Tapa Solid\u00e0ria moviliza a la mejor gastronom\u00eda contra las desigualdades - Casal dels Infants","robots":{"index":"index","follow":"follow","max-snippet":"max-snippet:-1","max-image-preview":"max-image-preview:large","max-video-preview":"max-video-preview:-1"},"canonical":"https:\/\/www.casaldelsinfants.org\/es\/actualidad\/9a-tapa-solidaria-moviliza-gastronomia-contra-desigualdades\/","og_locale":"es_ES","og_type":"article","og_title":"La 9a Tapa Solid\u00e0ria moviliza a la mejor gastronom\u00eda contra las desigualdades - Casal dels Infants","og_description":"El Casal dels Infants y representantes de 64 restaurantes catalanes presentaron el martes 21 de octubre la 9\u00aa edici\u00f3n de la Tapa Solid\u00e0ria, en un acto celebrado en el restaurante El Quim de la Boqueria del Mercado de la Boqueria de Barcelona. Un a\u00f1o m\u00e1s, cada establecimiento participante ha elegido una tapa concreta de su [&hellip;]","og_url":"https:\/\/www.casaldelsinfants.org\/es\/actualidad\/9a-tapa-solidaria-moviliza-gastronomia-contra-desigualdades\/","og_site_name":"Casal dels Infants","article_publisher":"https:\/\/www.facebook.com\/casalinfants","article_published_time":"2019-10-22T12:27:52+00:00","article_modified_time":"2023-05-01T15:54:25+00:00","og_image":[{"width":1200,"height":800,"url":"https:\/\/www.casaldelsinfants.org\/wp-content\/uploads\/foto_9atapa.jpg","type":"image\/jpeg"}],"author":"cdiAdmin","twitter_card":"summary_large_image","twitter_creator":"@casalinfants","twitter_site":"@casalinfants","twitter_misc":{"Escrito por":"cdiAdmin","Tiempo de lectura":"4 minutos"},"schema":{"@context":"https:\/\/schema.org","@graph":[{"@type":"Article","@id":"https:\/\/www.casaldelsinfants.org\/es\/actualidad\/9a-tapa-solidaria-moviliza-gastronomia-contra-desigualdades\/#article","isPartOf":{"@id":"https:\/\/www.casaldelsinfants.org\/es\/actualidad\/9a-tapa-solidaria-moviliza-gastronomia-contra-desigualdades\/"},"author":{"name":"cdiAdmin","@id":"https:\/\/www.casaldelsinfants.org\/es\/#\/schema\/person\/97707fc8c64900cf36891127dbf9fba8"},"headline":"La 9a Tapa Solid\u00e0ria moviliza a la mejor gastronom\u00eda contra las desigualdades","datePublished":"2019-10-22T12:27:52+00:00","dateModified":"2023-05-01T15:54:25+00:00","mainEntityOfPage":{"@id":"https:\/\/www.casaldelsinfants.org\/es\/actualidad\/9a-tapa-solidaria-moviliza-gastronomia-contra-desigualdades\/"},"wordCount":729,"commentCount":0,"publisher":{"@id":"https:\/\/www.casaldelsinfants.org\/es\/#organization"},"image":{"@id":"https:\/\/www.casaldelsinfants.org\/es\/actualidad\/9a-tapa-solidaria-moviliza-gastronomia-contra-desigualdades\/#primaryimage"},"thumbnailUrl":"https:\/\/www.casaldelsinfants.org\/wp-content\/uploads\/foto_9atapa.jpg","articleSection":["Noticia"],"inLanguage":"es","potentialAction":[{"@type":"CommentAction","name":"Comment","target":["https:\/\/www.casaldelsinfants.org\/es\/actualidad\/9a-tapa-solidaria-moviliza-gastronomia-contra-desigualdades\/#respond"]}]},{"@type":"WebPage","@id":"https:\/\/www.casaldelsinfants.org\/es\/actualidad\/9a-tapa-solidaria-moviliza-gastronomia-contra-desigualdades\/","url":"https:\/\/www.casaldelsinfants.org\/es\/actualidad\/9a-tapa-solidaria-moviliza-gastronomia-contra-desigualdades\/","name":"La 9a Tapa Solid\u00e0ria moviliza a la mejor gastronom\u00eda contra las desigualdades - Casal dels Infants","isPartOf":{"@id":"https:\/\/www.casaldelsinfants.org\/es\/#website"},"primaryImageOfPage":{"@id":"https:\/\/www.casaldelsinfants.org\/es\/actualidad\/9a-tapa-solidaria-moviliza-gastronomia-contra-desigualdades\/#primaryimage"},"image":{"@id":"https:\/\/www.casaldelsinfants.org\/es\/actualidad\/9a-tapa-solidaria-moviliza-gastronomia-contra-desigualdades\/#primaryimage"},"thumbnailUrl":"https:\/\/www.casaldelsinfants.org\/wp-content\/uploads\/foto_9atapa.jpg","datePublished":"2019-10-22T12:27:52+00:00","dateModified":"2023-05-01T15:54:25+00:00","breadcrumb":{"@id":"https:\/\/www.casaldelsinfants.org\/es\/actualidad\/9a-tapa-solidaria-moviliza-gastronomia-contra-desigualdades\/#breadcrumb"},"inLanguage":"es","potentialAction":[{"@type":"ReadAction","target":["https:\/\/www.casaldelsinfants.org\/es\/actualidad\/9a-tapa-solidaria-moviliza-gastronomia-contra-desigualdades\/"]}]},{"@type":"ImageObject","inLanguage":"es","@id":"https:\/\/www.casaldelsinfants.org\/es\/actualidad\/9a-tapa-solidaria-moviliza-gastronomia-contra-desigualdades\/#primaryimage","url":"https:\/\/www.casaldelsinfants.org\/wp-content\/uploads\/foto_9atapa.jpg","contentUrl":"https:\/\/www.casaldelsinfants.org\/wp-content\/uploads\/foto_9atapa.jpg","width":1200,"height":800,"caption":"Participants de la nova tapa solid\u00e0ria"},{"@type":"BreadcrumbList","@id":"https:\/\/www.casaldelsinfants.org\/es\/actualidad\/9a-tapa-solidaria-moviliza-gastronomia-contra-desigualdades\/#breadcrumb","itemListElement":[{"@type":"ListItem","position":1,"name":"Inici","item":"https:\/\/www.casaldelsinfants.org\/es\/"},{"@type":"ListItem","position":2,"name":"La 9a Tapa Solid\u00e0ria moviliza a la mejor gastronom\u00eda contra las desigualdades"}]},{"@type":"WebSite","@id":"https:\/\/www.casaldelsinfants.org\/es\/#website","url":"https:\/\/www.casaldelsinfants.org\/es\/","name":"Casal dels Infants","description":"","publisher":{"@id":"https:\/\/www.casaldelsinfants.org\/es\/#organization"},"potentialAction":[{"@type":"SearchAction","target":{"@type":"EntryPoint","urlTemplate":"https:\/\/www.casaldelsinfants.org\/es\/?s={search_term_string}"},"query-input":{"@type":"PropertyValueSpecification","valueRequired":true,"valueName":"search_term_string"}}],"inLanguage":"es"},{"@type":"Organization","@id":"https:\/\/www.casaldelsinfants.org\/es\/#organization","name":"Casal dels Infants","url":"https:\/\/www.casaldelsinfants.org\/es\/","logo":{"@type":"ImageObject","inLanguage":"es","@id":"https:\/\/www.casaldelsinfants.org\/es\/#\/schema\/logo\/image\/","url":"https:\/\/www.casaldelsinfants.org\/wp-content\/uploads\/logo-mail.png","contentUrl":"https:\/\/www.casaldelsinfants.org\/wp-content\/uploads\/logo-mail.png","width":380,"height":158,"caption":"Casal dels Infants"},"image":{"@id":"https:\/\/www.casaldelsinfants.org\/es\/#\/schema\/logo\/image\/"},"sameAs":["https:\/\/www.facebook.com\/casalinfants","https:\/\/x.com\/casalinfants","https:\/\/www.youtube.com\/user\/CasaldelsInfants1","https:\/\/www.instagram.com\/casalinfants\/","https:\/\/www.linkedin.com\/company\/casaldelsinfants?trk=organization-update_share-update_actor-text"]},{"@type":"Person","@id":"https:\/\/www.casaldelsinfants.org\/es\/#\/schema\/person\/97707fc8c64900cf36891127dbf9fba8","name":"cdiAdmin","sameAs":["https:\/\/casaldelsinfants.org"]}]}},"publishpress_future_action":{"enabled":false,"date":"2026-05-09 10:19:18","action":"change-status","newStatus":"draft","terms":[],"taxonomy":"category","extraData":[]},"publishpress_future_workflow_manual_trigger":{"enabledWorkflows":[]},"_links":{"self":[{"href":"https:\/\/www.casaldelsinfants.org\/es\/wp-json\/wp\/v2\/posts\/4407","targetHints":{"allow":["GET"]}}],"collection":[{"href":"https:\/\/www.casaldelsinfants.org\/es\/wp-json\/wp\/v2\/posts"}],"about":[{"href":"https:\/\/www.casaldelsinfants.org\/es\/wp-json\/wp\/v2\/types\/post"}],"author":[{"embeddable":true,"href":"https:\/\/www.casaldelsinfants.org\/es\/wp-json\/wp\/v2\/users\/1"}],"replies":[{"embeddable":true,"href":"https:\/\/www.casaldelsinfants.org\/es\/wp-json\/wp\/v2\/comments?post=4407"}],"version-history":[{"count":1,"href":"https:\/\/www.casaldelsinfants.org\/es\/wp-json\/wp\/v2\/posts\/4407\/revisions"}],"predecessor-version":[{"id":6356,"href":"https:\/\/www.casaldelsinfants.org\/es\/wp-json\/wp\/v2\/posts\/4407\/revisions\/6356"}],"wp:featuredmedia":[{"embeddable":true,"href":"https:\/\/www.casaldelsinfants.org\/es\/wp-json\/wp\/v2\/media\/3315"}],"wp:attachment":[{"href":"https:\/\/www.casaldelsinfants.org\/es\/wp-json\/wp\/v2\/media?parent=4407"}],"wp:term":[{"taxonomy":"category","embeddable":true,"href":"https:\/\/www.casaldelsinfants.org\/es\/wp-json\/wp\/v2\/categories?post=4407"},{"taxonomy":"post_tag","embeddable":true,"href":"https:\/\/www.casaldelsinfants.org\/es\/wp-json\/wp\/v2\/tags?post=4407"},{"taxonomy":"seus","embeddable":true,"href":"https:\/\/www.casaldelsinfants.org\/es\/wp-json\/wp\/v2\/seus?post=4407"},{"taxonomy":"eixos","embeddable":true,"href":"https:\/\/www.casaldelsinfants.org\/es\/wp-json\/wp\/v2\/eixos?post=4407"}],"curies":[{"name":"wp","href":"https:\/\/api.w.org\/{rel}","templated":true}]}}