{"id":4409,"date":"2019-10-01T11:57:49","date_gmt":"2019-10-01T09:57:49","guid":{"rendered":"https:\/\/casal.puntzero.cat\/noticies\/nou-exti-de-la-gran-nit-solidaria-al-liceu-favor-del-casal-dels-infants\/"},"modified":"2023-05-01T17:54:37","modified_gmt":"2023-05-01T15:54:37","slug":"nou-exti-de-la-gran-nit-solidaria-al-liceu-favor-del-casal-dels-infants","status":"publish","type":"post","link":"https:\/\/www.casaldelsinfants.org\/es\/actualidad\/nuevo-exito-de-la-gran-nit-solidaria-al-liceu-favor-del-casal-dels-infants\/","title":{"rendered":"Nuevo \u00e9xito de la Gran Nit Solid\u00e0ria al Liceu a favor del Casal dels Infants"},"content":{"rendered":"<p><span style=\"color:#000000;\">La <strong>Gran Nit Solid\u00e0ria al Liceu<\/strong> a favor del Casal dels Infants se celebr\u00f3 el 5 de septiembre en el Gran Teatro del Liceu y recaud\u00f3 <strong>67.000 euros a favor del Casal dels Infants<\/strong> a trav\u00e9s de la venta de 420 entradas.<\/span><\/p>\n<p><span style=\"color:#000000;\">Un a\u00f1o m\u00e1s, el evento cont\u00f3 con la participaci\u00f3n de <strong>Carles Abell\u00e1n, Nandu Jubany, Albert Adri\u00e0 y Carles Gaig<\/strong>, encargados de elaborar tanto el aperitivo que se sirvi\u00f3 en el Foyer como el men\u00fa exclusivo de la cena que las personas asistentes degustaron en el escenario del gran teatro.<\/span><\/p>\n<figure role=\"group\" class=\"align-center\">\n<img decoding=\"async\" alt=\"Gaig, Jubany, Abell\u00e1n i Adri\u00e0 dirigint-se a les persones assistents.\" data-entity-type=\"file\" data-entity-uuid=\"0f5d0706-df38-460e-82fc-2761e83aa57e\" data-image-style=\"large\" height=\"396\" src=\"\/wp-content\/uploads\/inline-images\/NitSolidariaRaval19-34.jpg\" typeof=\"foaf:Image\" width=\"480\" \/><figcaption>Gaig, Jubany, Abell\u00e1n i Adri\u00e0 dirigint-se a les persones assistents.<\/figcaption><\/figure>\n<p><span style=\"color:#000000;\">El Casal dels Infants destinar\u00e1 los fondos recaudados a los servicios maternoinfantiles<strong> Vincles y Min\u00fascula<\/strong>, que apoyan a ni\u00f1os y ni\u00f1as de 0 a 3 a\u00f1os y sus madres. Los ni\u00f1os y ni\u00f1as que participan adquieren h\u00e1bitos y conocimientos que les permiten empezar la escuela preparados, mientras que sus madres \u2014a menudo mujeres migrantes con poca red de apoyo\u2014 y aprenden castellano y catal\u00e1n, comparten un espacio de apoyo mutuo y se familiarizan con servicios y recursos que favorecen su inclusi\u00f3n social.<\/span><\/p>\n<p><span style=\"color:#000000;\">La recaudaci\u00f3n tambi\u00e9n se destinar\u00e1 al <strong>Casal Familiar<\/strong>, un servicio que ofrece asesoramiento y espacios de relaci\u00f3n y participaci\u00f3n comunitaria a familias desfavorecidas con hijos e hijas a cargo. Los fondos repercutir\u00e1n en el acompa\u00f1amiento de m\u00e1s de 1.500 personas en situaci\u00f3n de vulnerabilidad.<br \/>\nEl presidente del Patronat de la Fundaci\u00f3 del Gran Teatre del Liceu, <strong>Salvador Alemany<\/strong>, intervino en el inicio del acto en el Foyer y se refiri\u00f3 a su v\u00ednculo personal con el el Raval, recordando que vivi\u00f3 en este barrio hasta los 15 a\u00f1os. Alemany asegur\u00f3 que esta identificaci\u00f3n con el barrio la mantiene hoy en d\u00eda colaborando con el Casal dels Infants, y reivindic\u00f3 un Liceu al alcance de todo el mundo: \u201cHoy que estamos apoyando al Casal, tenemos que hacer que los ni\u00f1os y ni\u00f1as que participan en la asociaci\u00f3n crean que la cultura no es inaccesible para ellos y ellas, que alg\u00fan d\u00eda podr\u00e1n ver una representaci\u00f3n en el Liceu\u201d.<\/span><\/p>\n<p><span style=\"color:#000000;\">Tambi\u00e9n tom\u00f3 la palabra <strong>Llu\u00eds Prats<\/strong>, representante de Gramona \u2014la empresa organizadora del evento\u2014, que destac\u00f3 los esfuerzos compartidos que hacen posible la Gran Nit Solid\u00e0ria al Liceu a favor del Casal dels Infants: \u201cHay una f\u00f3rmula indispensable para sacar adelante este proyecto, que es conseguir sumar ilusiones, esfuerzos y la generosidad de mucha gente. De muchas personas que creen que es posible transformar la vida de ni\u00f1os, ni\u00f1as y j\u00f3venes de este pa\u00eds, que la pobreza no es hereditaria\u201d.<\/span><\/p>\n<p><span style=\"color:#000000;\">El \u00faltimo turno de palabra antes de la presentaci\u00f3n de los cocineros fue para la directora general del Casal dels Infants, <strong>Rosa Balaguer<\/strong>, que agradeci\u00f3 el esfuerzo y la solidaridad de todas las personas asistentes y de las involucradas en la organizaci\u00f3n del evento: \u201cGracias a quienes nos apoy\u00e1is, a quienes cre\u00e9is que, pese a las dificultades del contexto, todav\u00eda se pueden hacer las cosas de otra manera para conseguir una sociedad diferente. Vuestro compromiso social es muy necesario\u201d.<\/span><\/p>\n<p><span style=\"color:#000000;\">Seguidamente, en el momento en el que Jubany, Gaig, Adri\u00e0 y Abell\u00e1n dieron la bienvenida a los asistentes, se produjo la sorpresa de la noche: la aparici\u00f3n del actor y humorista <strong>Carlos Latre<\/strong>. Con sus imitaciones de iconos de la alta gastronom\u00eda \u2014incluso del mismo Carles Abell\u00e1n\u2014, Latre divirti\u00f3 a los asistentes antes de que degustaran el aperitivo.<\/span><br \/>\n\u00a0<\/p>\n<p>\u00a0<\/p>\n<figure role=\"group\" class=\"align-center\">\n<img decoding=\"async\" alt=\"El xef Carlos Latre durant una de les seves imitacions.\" data-entity-type=\"file\" data-entity-uuid=\"8c6b86c5-e3df-400b-9629-0e439e5c3ffc\" data-image-style=\"large\" height=\"320\" src=\"\/wp-content\/uploads\/inline-images\/NitSolidariaRaval19-33.jpg\" typeof=\"foaf:Image\" width=\"480\" \/><figcaption>El xef Carlos Latre durant una de les seves imitacions. Fotografia: @sinnombre<\/figcaption><\/figure>\n<p><span style=\"color:#000000;\"><strong>Colaboraciones imprescindibles<\/strong><\/span><\/p>\n<p><span style=\"color:#000000;\">La Gran Nit Solid\u00e0ria a favor del Casal dels Infants es una iniciativa impulsada por los cuatro grandes chefs y <strong>Gramona<\/strong>, y se celebra en el Gran Teatre del Liceu desde el a\u00f1o 2015 \u2014en el edificio del 2017 tuvo lugar en el restaurante Bravo del Hotel W\u2014.<\/span><\/p>\n<p><span style=\"color:#000000;\">Este a\u00f1o han vuelto a colaborar con el evento <strong>Atr\u00e1palo, DM Comunicaci\u00f3, Con Sentido Com\u00fan y GSR Grup<\/strong>. En cuanto a las 420 entradas venidas, 150 las compraron personas a t\u00edtulo individual a trav\u00e9s de Atr\u00e1palo, y las restantes las adquirieron una veintena de empresas que hab\u00edan reservados una o varias mesas.<\/span><\/p>\n<p><span style=\"color:#000000;\">En el servicio de la cena participaron <strong>140 personas voluntarias<\/strong>, entre las cuales una veintena de j\u00f3venes formadas en el programa de Formaci\u00f3 i Inserci\u00f3 Laboral de la asociaci\u00f3n, as\u00ed como el equipo del Casal dels Infants, el de los cutaro chefs y el de otras empresas colaboradoras.<\/span><br \/>\n\u00a0<\/p>\n","protected":false},"excerpt":{"rendered":"<p>La Gran Nit Solid\u00e0ria al Liceu a favor del Casal dels Infants se celebr\u00f3 el 5 de septiembre en el Gran Teatro del Liceu y recaud\u00f3 67.000 euros a favor del Casal dels Infants a trav\u00e9s de la venta de 420 entradas. Un a\u00f1o m\u00e1s, el evento cont\u00f3 con la participaci\u00f3n de Carles Abell\u00e1n, Nandu [&hellip;]<\/p>\n","protected":false},"author":1,"featured_media":3321,"comment_status":"open","ping_status":"open","sticky":false,"template":"","format":"standard","meta":{"_acf_changed":false,"_et_pb_use_builder":"","_et_pb_old_content":"","_et_gb_content_width":"","inline_featured_image":false,"footnotes":""},"categories":[125],"tags":[],"seus":[],"eixos":[],"class_list":["post-4409","post","type-post","status-publish","format-standard","has-post-thumbnail","hentry","category-noticias"],"acf":[],"yoast_head":"<!-- This site is optimized with the Yoast SEO plugin v27.4 - https:\/\/yoast.com\/product\/yoast-seo-wordpress\/ -->\n<title>Nuevo \u00e9xito de la Gran Nit Solid\u00e0ria al Liceu a favor del Casal dels Infants - Casal dels Infants<\/title>\n<meta name=\"robots\" content=\"index, follow, max-snippet:-1, max-image-preview:large, max-video-preview:-1\" \/>\n<link rel=\"canonical\" href=\"https:\/\/www.casaldelsinfants.org\/es\/actualidad\/nuevo-exito-de-la-gran-nit-solidaria-al-liceu-favor-del-casal-dels-infants\/\" \/>\n<meta property=\"og:locale\" content=\"es_ES\" \/>\n<meta property=\"og:type\" content=\"article\" \/>\n<meta property=\"og:title\" content=\"Nuevo \u00e9xito de la Gran Nit Solid\u00e0ria al Liceu a favor del Casal dels Infants - Casal dels Infants\" \/>\n<meta property=\"og:description\" content=\"La Gran Nit Solid\u00e0ria al Liceu a favor del Casal dels Infants se celebr\u00f3 el 5 de septiembre en el Gran Teatro del Liceu y recaud\u00f3 67.000 euros a favor del Casal dels Infants a trav\u00e9s de la venta de 420 entradas. Un a\u00f1o m\u00e1s, el evento cont\u00f3 con la participaci\u00f3n de Carles Abell\u00e1n, Nandu [&hellip;]\" \/>\n<meta property=\"og:url\" content=\"https:\/\/www.casaldelsinfants.org\/es\/actualidad\/nuevo-exito-de-la-gran-nit-solidaria-al-liceu-favor-del-casal-dels-infants\/\" \/>\n<meta property=\"og:site_name\" content=\"Casal dels Infants\" \/>\n<meta property=\"article:publisher\" content=\"https:\/\/www.facebook.com\/casalinfants\" \/>\n<meta property=\"article:published_time\" content=\"2019-10-01T09:57:49+00:00\" \/>\n<meta property=\"article:modified_time\" content=\"2023-05-01T15:54:37+00:00\" \/>\n<meta property=\"og:image\" content=\"https:\/\/www.casaldelsinfants.org\/wp-content\/uploads\/nitsolidariaraval19-58-scaled.jpg\" \/>\n\t<meta property=\"og:image:width\" content=\"2560\" \/>\n\t<meta property=\"og:image:height\" content=\"1707\" \/>\n\t<meta property=\"og:image:type\" content=\"image\/jpeg\" \/>\n<meta name=\"author\" content=\"cdiAdmin\" \/>\n<meta name=\"twitter:card\" content=\"summary_large_image\" \/>\n<meta name=\"twitter:creator\" content=\"@casalinfants\" \/>\n<meta name=\"twitter:site\" content=\"@casalinfants\" \/>\n<meta name=\"twitter:label1\" content=\"Escrito por\" \/>\n\t<meta name=\"twitter:data1\" content=\"cdiAdmin\" \/>\n\t<meta name=\"twitter:label2\" content=\"Tiempo de lectura\" \/>\n\t<meta name=\"twitter:data2\" content=\"4 minutos\" \/>\n<script type=\"application\/ld+json\" class=\"yoast-schema-graph\">{\"@context\":\"https:\\\/\\\/schema.org\",\"@graph\":[{\"@type\":\"Article\",\"@id\":\"https:\\\/\\\/www.casaldelsinfants.org\\\/es\\\/actualidad\\\/nuevo-exito-de-la-gran-nit-solidaria-al-liceu-favor-del-casal-dels-infants\\\/#article\",\"isPartOf\":{\"@id\":\"https:\\\/\\\/www.casaldelsinfants.org\\\/es\\\/actualidad\\\/nuevo-exito-de-la-gran-nit-solidaria-al-liceu-favor-del-casal-dels-infants\\\/\"},\"author\":{\"name\":\"cdiAdmin\",\"@id\":\"https:\\\/\\\/www.casaldelsinfants.org\\\/es\\\/#\\\/schema\\\/person\\\/97707fc8c64900cf36891127dbf9fba8\"},\"headline\":\"Nuevo \u00e9xito de la Gran Nit Solid\u00e0ria al Liceu a favor del Casal dels Infants\",\"datePublished\":\"2019-10-01T09:57:49+00:00\",\"dateModified\":\"2023-05-01T15:54:37+00:00\",\"mainEntityOfPage\":{\"@id\":\"https:\\\/\\\/www.casaldelsinfants.org\\\/es\\\/actualidad\\\/nuevo-exito-de-la-gran-nit-solidaria-al-liceu-favor-del-casal-dels-infants\\\/\"},\"wordCount\":786,\"commentCount\":0,\"publisher\":{\"@id\":\"https:\\\/\\\/www.casaldelsinfants.org\\\/es\\\/#organization\"},\"image\":{\"@id\":\"https:\\\/\\\/www.casaldelsinfants.org\\\/es\\\/actualidad\\\/nuevo-exito-de-la-gran-nit-solidaria-al-liceu-favor-del-casal-dels-infants\\\/#primaryimage\"},\"thumbnailUrl\":\"https:\\\/\\\/www.casaldelsinfants.org\\\/wp-content\\\/uploads\\\/nitsolidariaraval19-58-scaled.jpg\",\"articleSection\":[\"Noticia\"],\"inLanguage\":\"es\",\"potentialAction\":[{\"@type\":\"CommentAction\",\"name\":\"Comment\",\"target\":[\"https:\\\/\\\/www.casaldelsinfants.org\\\/es\\\/actualidad\\\/nuevo-exito-de-la-gran-nit-solidaria-al-liceu-favor-del-casal-dels-infants\\\/#respond\"]}]},{\"@type\":\"WebPage\",\"@id\":\"https:\\\/\\\/www.casaldelsinfants.org\\\/es\\\/actualidad\\\/nuevo-exito-de-la-gran-nit-solidaria-al-liceu-favor-del-casal-dels-infants\\\/\",\"url\":\"https:\\\/\\\/www.casaldelsinfants.org\\\/es\\\/actualidad\\\/nuevo-exito-de-la-gran-nit-solidaria-al-liceu-favor-del-casal-dels-infants\\\/\",\"name\":\"Nuevo \u00e9xito de la Gran Nit Solid\u00e0ria al Liceu a favor del Casal dels Infants - Casal dels Infants\",\"isPartOf\":{\"@id\":\"https:\\\/\\\/www.casaldelsinfants.org\\\/es\\\/#website\"},\"primaryImageOfPage\":{\"@id\":\"https:\\\/\\\/www.casaldelsinfants.org\\\/es\\\/actualidad\\\/nuevo-exito-de-la-gran-nit-solidaria-al-liceu-favor-del-casal-dels-infants\\\/#primaryimage\"},\"image\":{\"@id\":\"https:\\\/\\\/www.casaldelsinfants.org\\\/es\\\/actualidad\\\/nuevo-exito-de-la-gran-nit-solidaria-al-liceu-favor-del-casal-dels-infants\\\/#primaryimage\"},\"thumbnailUrl\":\"https:\\\/\\\/www.casaldelsinfants.org\\\/wp-content\\\/uploads\\\/nitsolidariaraval19-58-scaled.jpg\",\"datePublished\":\"2019-10-01T09:57:49+00:00\",\"dateModified\":\"2023-05-01T15:54:37+00:00\",\"breadcrumb\":{\"@id\":\"https:\\\/\\\/www.casaldelsinfants.org\\\/es\\\/actualidad\\\/nuevo-exito-de-la-gran-nit-solidaria-al-liceu-favor-del-casal-dels-infants\\\/#breadcrumb\"},\"inLanguage\":\"es\",\"potentialAction\":[{\"@type\":\"ReadAction\",\"target\":[\"https:\\\/\\\/www.casaldelsinfants.org\\\/es\\\/actualidad\\\/nuevo-exito-de-la-gran-nit-solidaria-al-liceu-favor-del-casal-dels-infants\\\/\"]}]},{\"@type\":\"ImageObject\",\"inLanguage\":\"es\",\"@id\":\"https:\\\/\\\/www.casaldelsinfants.org\\\/es\\\/actualidad\\\/nuevo-exito-de-la-gran-nit-solidaria-al-liceu-favor-del-casal-dels-infants\\\/#primaryimage\",\"url\":\"https:\\\/\\\/www.casaldelsinfants.org\\\/wp-content\\\/uploads\\\/nitsolidariaraval19-58-scaled.jpg\",\"contentUrl\":\"https:\\\/\\\/www.casaldelsinfants.org\\\/wp-content\\\/uploads\\\/nitsolidariaraval19-58-scaled.jpg\",\"width\":2560,\"height\":1707,\"caption\":\"Conjunt de taules a la gran nit solid\u00e0ria al Liceu de Barcelona\"},{\"@type\":\"BreadcrumbList\",\"@id\":\"https:\\\/\\\/www.casaldelsinfants.org\\\/es\\\/actualidad\\\/nuevo-exito-de-la-gran-nit-solidaria-al-liceu-favor-del-casal-dels-infants\\\/#breadcrumb\",\"itemListElement\":[{\"@type\":\"ListItem\",\"position\":1,\"name\":\"Inici\",\"item\":\"https:\\\/\\\/www.casaldelsinfants.org\\\/es\\\/\"},{\"@type\":\"ListItem\",\"position\":2,\"name\":\"Nuevo \u00e9xito de la Gran Nit Solid\u00e0ria al Liceu a favor del Casal dels Infants\"}]},{\"@type\":\"WebSite\",\"@id\":\"https:\\\/\\\/www.casaldelsinfants.org\\\/es\\\/#website\",\"url\":\"https:\\\/\\\/www.casaldelsinfants.org\\\/es\\\/\",\"name\":\"Casal dels Infants\",\"description\":\"\",\"publisher\":{\"@id\":\"https:\\\/\\\/www.casaldelsinfants.org\\\/es\\\/#organization\"},\"potentialAction\":[{\"@type\":\"SearchAction\",\"target\":{\"@type\":\"EntryPoint\",\"urlTemplate\":\"https:\\\/\\\/www.casaldelsinfants.org\\\/es\\\/?s={search_term_string}\"},\"query-input\":{\"@type\":\"PropertyValueSpecification\",\"valueRequired\":true,\"valueName\":\"search_term_string\"}}],\"inLanguage\":\"es\"},{\"@type\":\"Organization\",\"@id\":\"https:\\\/\\\/www.casaldelsinfants.org\\\/es\\\/#organization\",\"name\":\"Casal dels Infants\",\"url\":\"https:\\\/\\\/www.casaldelsinfants.org\\\/es\\\/\",\"logo\":{\"@type\":\"ImageObject\",\"inLanguage\":\"es\",\"@id\":\"https:\\\/\\\/www.casaldelsinfants.org\\\/es\\\/#\\\/schema\\\/logo\\\/image\\\/\",\"url\":\"https:\\\/\\\/www.casaldelsinfants.org\\\/wp-content\\\/uploads\\\/logo-mail.png\",\"contentUrl\":\"https:\\\/\\\/www.casaldelsinfants.org\\\/wp-content\\\/uploads\\\/logo-mail.png\",\"width\":380,\"height\":158,\"caption\":\"Casal dels Infants\"},\"image\":{\"@id\":\"https:\\\/\\\/www.casaldelsinfants.org\\\/es\\\/#\\\/schema\\\/logo\\\/image\\\/\"},\"sameAs\":[\"https:\\\/\\\/www.facebook.com\\\/casalinfants\",\"https:\\\/\\\/x.com\\\/casalinfants\",\"https:\\\/\\\/www.youtube.com\\\/user\\\/CasaldelsInfants1\",\"https:\\\/\\\/www.instagram.com\\\/casalinfants\\\/\",\"https:\\\/\\\/www.linkedin.com\\\/company\\\/casaldelsinfants?trk=organization-update_share-update_actor-text\"]},{\"@type\":\"Person\",\"@id\":\"https:\\\/\\\/www.casaldelsinfants.org\\\/es\\\/#\\\/schema\\\/person\\\/97707fc8c64900cf36891127dbf9fba8\",\"name\":\"cdiAdmin\",\"sameAs\":[\"https:\\\/\\\/casaldelsinfants.org\"]}]}<\/script>\n<!-- \/ Yoast SEO plugin. -->","yoast_head_json":{"title":"Nuevo \u00e9xito de la Gran Nit Solid\u00e0ria al Liceu a favor del Casal dels Infants - Casal dels Infants","robots":{"index":"index","follow":"follow","max-snippet":"max-snippet:-1","max-image-preview":"max-image-preview:large","max-video-preview":"max-video-preview:-1"},"canonical":"https:\/\/www.casaldelsinfants.org\/es\/actualidad\/nuevo-exito-de-la-gran-nit-solidaria-al-liceu-favor-del-casal-dels-infants\/","og_locale":"es_ES","og_type":"article","og_title":"Nuevo \u00e9xito de la Gran Nit Solid\u00e0ria al Liceu a favor del Casal dels Infants - Casal dels Infants","og_description":"La Gran Nit Solid\u00e0ria al Liceu a favor del Casal dels Infants se celebr\u00f3 el 5 de septiembre en el Gran Teatro del Liceu y recaud\u00f3 67.000 euros a favor del Casal dels Infants a trav\u00e9s de la venta de 420 entradas. Un a\u00f1o m\u00e1s, el evento cont\u00f3 con la participaci\u00f3n de Carles Abell\u00e1n, Nandu [&hellip;]","og_url":"https:\/\/www.casaldelsinfants.org\/es\/actualidad\/nuevo-exito-de-la-gran-nit-solidaria-al-liceu-favor-del-casal-dels-infants\/","og_site_name":"Casal dels Infants","article_publisher":"https:\/\/www.facebook.com\/casalinfants","article_published_time":"2019-10-01T09:57:49+00:00","article_modified_time":"2023-05-01T15:54:37+00:00","og_image":[{"width":2560,"height":1707,"url":"https:\/\/www.casaldelsinfants.org\/wp-content\/uploads\/nitsolidariaraval19-58-scaled.jpg","type":"image\/jpeg"}],"author":"cdiAdmin","twitter_card":"summary_large_image","twitter_creator":"@casalinfants","twitter_site":"@casalinfants","twitter_misc":{"Escrito por":"cdiAdmin","Tiempo de lectura":"4 minutos"},"schema":{"@context":"https:\/\/schema.org","@graph":[{"@type":"Article","@id":"https:\/\/www.casaldelsinfants.org\/es\/actualidad\/nuevo-exito-de-la-gran-nit-solidaria-al-liceu-favor-del-casal-dels-infants\/#article","isPartOf":{"@id":"https:\/\/www.casaldelsinfants.org\/es\/actualidad\/nuevo-exito-de-la-gran-nit-solidaria-al-liceu-favor-del-casal-dels-infants\/"},"author":{"name":"cdiAdmin","@id":"https:\/\/www.casaldelsinfants.org\/es\/#\/schema\/person\/97707fc8c64900cf36891127dbf9fba8"},"headline":"Nuevo \u00e9xito de la Gran Nit Solid\u00e0ria al Liceu a favor del Casal dels Infants","datePublished":"2019-10-01T09:57:49+00:00","dateModified":"2023-05-01T15:54:37+00:00","mainEntityOfPage":{"@id":"https:\/\/www.casaldelsinfants.org\/es\/actualidad\/nuevo-exito-de-la-gran-nit-solidaria-al-liceu-favor-del-casal-dels-infants\/"},"wordCount":786,"commentCount":0,"publisher":{"@id":"https:\/\/www.casaldelsinfants.org\/es\/#organization"},"image":{"@id":"https:\/\/www.casaldelsinfants.org\/es\/actualidad\/nuevo-exito-de-la-gran-nit-solidaria-al-liceu-favor-del-casal-dels-infants\/#primaryimage"},"thumbnailUrl":"https:\/\/www.casaldelsinfants.org\/wp-content\/uploads\/nitsolidariaraval19-58-scaled.jpg","articleSection":["Noticia"],"inLanguage":"es","potentialAction":[{"@type":"CommentAction","name":"Comment","target":["https:\/\/www.casaldelsinfants.org\/es\/actualidad\/nuevo-exito-de-la-gran-nit-solidaria-al-liceu-favor-del-casal-dels-infants\/#respond"]}]},{"@type":"WebPage","@id":"https:\/\/www.casaldelsinfants.org\/es\/actualidad\/nuevo-exito-de-la-gran-nit-solidaria-al-liceu-favor-del-casal-dels-infants\/","url":"https:\/\/www.casaldelsinfants.org\/es\/actualidad\/nuevo-exito-de-la-gran-nit-solidaria-al-liceu-favor-del-casal-dels-infants\/","name":"Nuevo \u00e9xito de la Gran Nit Solid\u00e0ria al Liceu a favor del Casal dels Infants - Casal dels Infants","isPartOf":{"@id":"https:\/\/www.casaldelsinfants.org\/es\/#website"},"primaryImageOfPage":{"@id":"https:\/\/www.casaldelsinfants.org\/es\/actualidad\/nuevo-exito-de-la-gran-nit-solidaria-al-liceu-favor-del-casal-dels-infants\/#primaryimage"},"image":{"@id":"https:\/\/www.casaldelsinfants.org\/es\/actualidad\/nuevo-exito-de-la-gran-nit-solidaria-al-liceu-favor-del-casal-dels-infants\/#primaryimage"},"thumbnailUrl":"https:\/\/www.casaldelsinfants.org\/wp-content\/uploads\/nitsolidariaraval19-58-scaled.jpg","datePublished":"2019-10-01T09:57:49+00:00","dateModified":"2023-05-01T15:54:37+00:00","breadcrumb":{"@id":"https:\/\/www.casaldelsinfants.org\/es\/actualidad\/nuevo-exito-de-la-gran-nit-solidaria-al-liceu-favor-del-casal-dels-infants\/#breadcrumb"},"inLanguage":"es","potentialAction":[{"@type":"ReadAction","target":["https:\/\/www.casaldelsinfants.org\/es\/actualidad\/nuevo-exito-de-la-gran-nit-solidaria-al-liceu-favor-del-casal-dels-infants\/"]}]},{"@type":"ImageObject","inLanguage":"es","@id":"https:\/\/www.casaldelsinfants.org\/es\/actualidad\/nuevo-exito-de-la-gran-nit-solidaria-al-liceu-favor-del-casal-dels-infants\/#primaryimage","url":"https:\/\/www.casaldelsinfants.org\/wp-content\/uploads\/nitsolidariaraval19-58-scaled.jpg","contentUrl":"https:\/\/www.casaldelsinfants.org\/wp-content\/uploads\/nitsolidariaraval19-58-scaled.jpg","width":2560,"height":1707,"caption":"Conjunt de taules a la gran nit solid\u00e0ria al Liceu de Barcelona"},{"@type":"BreadcrumbList","@id":"https:\/\/www.casaldelsinfants.org\/es\/actualidad\/nuevo-exito-de-la-gran-nit-solidaria-al-liceu-favor-del-casal-dels-infants\/#breadcrumb","itemListElement":[{"@type":"ListItem","position":1,"name":"Inici","item":"https:\/\/www.casaldelsinfants.org\/es\/"},{"@type":"ListItem","position":2,"name":"Nuevo \u00e9xito de la Gran Nit Solid\u00e0ria al Liceu a favor del Casal dels Infants"}]},{"@type":"WebSite","@id":"https:\/\/www.casaldelsinfants.org\/es\/#website","url":"https:\/\/www.casaldelsinfants.org\/es\/","name":"Casal dels Infants","description":"","publisher":{"@id":"https:\/\/www.casaldelsinfants.org\/es\/#organization"},"potentialAction":[{"@type":"SearchAction","target":{"@type":"EntryPoint","urlTemplate":"https:\/\/www.casaldelsinfants.org\/es\/?s={search_term_string}"},"query-input":{"@type":"PropertyValueSpecification","valueRequired":true,"valueName":"search_term_string"}}],"inLanguage":"es"},{"@type":"Organization","@id":"https:\/\/www.casaldelsinfants.org\/es\/#organization","name":"Casal dels Infants","url":"https:\/\/www.casaldelsinfants.org\/es\/","logo":{"@type":"ImageObject","inLanguage":"es","@id":"https:\/\/www.casaldelsinfants.org\/es\/#\/schema\/logo\/image\/","url":"https:\/\/www.casaldelsinfants.org\/wp-content\/uploads\/logo-mail.png","contentUrl":"https:\/\/www.casaldelsinfants.org\/wp-content\/uploads\/logo-mail.png","width":380,"height":158,"caption":"Casal dels Infants"},"image":{"@id":"https:\/\/www.casaldelsinfants.org\/es\/#\/schema\/logo\/image\/"},"sameAs":["https:\/\/www.facebook.com\/casalinfants","https:\/\/x.com\/casalinfants","https:\/\/www.youtube.com\/user\/CasaldelsInfants1","https:\/\/www.instagram.com\/casalinfants\/","https:\/\/www.linkedin.com\/company\/casaldelsinfants?trk=organization-update_share-update_actor-text"]},{"@type":"Person","@id":"https:\/\/www.casaldelsinfants.org\/es\/#\/schema\/person\/97707fc8c64900cf36891127dbf9fba8","name":"cdiAdmin","sameAs":["https:\/\/casaldelsinfants.org"]}]}},"publishpress_future_action":{"enabled":false,"date":"2026-05-09 11:15:38","action":"change-status","newStatus":"draft","terms":[],"taxonomy":"category","extraData":[]},"publishpress_future_workflow_manual_trigger":{"enabledWorkflows":[]},"_links":{"self":[{"href":"https:\/\/www.casaldelsinfants.org\/es\/wp-json\/wp\/v2\/posts\/4409","targetHints":{"allow":["GET"]}}],"collection":[{"href":"https:\/\/www.casaldelsinfants.org\/es\/wp-json\/wp\/v2\/posts"}],"about":[{"href":"https:\/\/www.casaldelsinfants.org\/es\/wp-json\/wp\/v2\/types\/post"}],"author":[{"embeddable":true,"href":"https:\/\/www.casaldelsinfants.org\/es\/wp-json\/wp\/v2\/users\/1"}],"replies":[{"embeddable":true,"href":"https:\/\/www.casaldelsinfants.org\/es\/wp-json\/wp\/v2\/comments?post=4409"}],"version-history":[{"count":1,"href":"https:\/\/www.casaldelsinfants.org\/es\/wp-json\/wp\/v2\/posts\/4409\/revisions"}],"predecessor-version":[{"id":6358,"href":"https:\/\/www.casaldelsinfants.org\/es\/wp-json\/wp\/v2\/posts\/4409\/revisions\/6358"}],"wp:featuredmedia":[{"embeddable":true,"href":"https:\/\/www.casaldelsinfants.org\/es\/wp-json\/wp\/v2\/media\/3321"}],"wp:attachment":[{"href":"https:\/\/www.casaldelsinfants.org\/es\/wp-json\/wp\/v2\/media?parent=4409"}],"wp:term":[{"taxonomy":"category","embeddable":true,"href":"https:\/\/www.casaldelsinfants.org\/es\/wp-json\/wp\/v2\/categories?post=4409"},{"taxonomy":"post_tag","embeddable":true,"href":"https:\/\/www.casaldelsinfants.org\/es\/wp-json\/wp\/v2\/tags?post=4409"},{"taxonomy":"seus","embeddable":true,"href":"https:\/\/www.casaldelsinfants.org\/es\/wp-json\/wp\/v2\/seus?post=4409"},{"taxonomy":"eixos","embeddable":true,"href":"https:\/\/www.casaldelsinfants.org\/es\/wp-json\/wp\/v2\/eixos?post=4409"}],"curies":[{"name":"wp","href":"https:\/\/api.w.org\/{rel}","templated":true}]}}