{"id":4410,"date":"2019-10-01T08:23:24","date_gmt":"2019-10-01T06:23:24","guid":{"rendered":"https:\/\/casal.puntzero.cat\/noticies\/dos-anys-reflexionant-i-generant-eines-contra-el-cyberbullying-des-del-casal-obert\/"},"modified":"2023-06-08T12:32:10","modified_gmt":"2023-06-08T10:32:10","slug":"dos-anys-reflexionant-i-generant-eines-contra-el-cyberbullying-des-del-casal-obert","status":"publish","type":"post","link":"https:\/\/www.casaldelsinfants.org\/es\/actualidad\/dos-anos-generando-herramientas-contra-cyberbullying\/","title":{"rendered":"Dos a\u00f1os reflexionando y generando herramientas contra el cyberbullying desde el Casal Obert d\u2019Adolescents del Bes\u00f2s"},"content":{"rendered":"<p>Todo empez\u00f3 hace dos septiembres, cuando los y las adolescentes propusieron al equipo educativo del <strong>COA Bes\u00f2s<\/strong> abordar el <strong>acoso en las redes<\/strong>. Era un fen\u00f3meno que les interesaba, de entrada, aunque al hacer la propuesta no profundizaron mucho m\u00e1s.<\/p>\n<p>A partir de aqu\u00ed, tuvieron un espacio para reflexionar y debatir sobre el tema. A medida que avanzaba el curso y se generaba un clima de confianza y respeto mutuo dentro del grupo, <strong>algunos chicos y chicas pudieron compartir abiertamente que hab\u00edan estado implicados en casos de acoso<\/strong>, ya fuera adoptando actitudes agresoras o bien como v\u00edctimas: \u201cVivir y ver la gravedad de estos hechos hizo posible que estos chicos y chicas dejaran de ser agresores o v\u00edctimas para pasar a ser detectores, y esto es lo mejor de todo el proceso\u201d, explica Helga S\u00e1nchez, educadora del COA Bes\u00f2s.<\/p>\n<div>\n<p class=\"destacat-noticia\">Helga S\u00e1nchez, educadora del COA Bes\u00f2s:\u00a0\u201cVivir y ver la gravedad de estos hechos hizo posible que los chicos y chicas dejaran de ser agresores o v\u00edctimas para pasar a ser detectores, y esto es lo mejor de todo el proceso.\u201d<\/p>\n<\/div>\n<p>Para pasar de reproducir el acoso a detectarlo combatirlo, pasaron a la acci\u00f3n. La idea era compartir testimonios y herramientas para visibilizar las consecuencias de las agresiones y ofrecer mecanismos de respuestas a quienes las sufrieran u observaran. Y para hacerlo, aprovecharon el mismo canal mediante el cual el cyberbullying se propaga: internet y las redes sociales.<\/p>\n<p>Decidieron crear una web donde publicar\u00edan v\u00eddeos que realizar\u00edan ellos y ellas mismos, as\u00ed como enlaces y otra informaci\u00f3n de utilidad. Lo hicieron con el apoyo de talleristas de <strong><a href=\"http:\/\/www.lamandarinadenewton.com\/creant_la_nova_web\/\">La Mandarina de Newton<\/a><\/strong>.<\/p>\n<p>El resultado lleg\u00f3 a finales del curso 2017-18, cuando pusieron en marcha la web <strong><a href=\"http:\/\/nocyberbullying.barcelona\/\">http:\/\/nocyberbullying.barcelona\/<\/a><\/strong>. All\u00ed colgaron un primer v\u00eddeo en el que teatralizaban algunas de las situaciones de acoso, desmontando todos aquellos mensajes que quitan importancia a las agresiones bajo el lema #yonocallo.<\/p>\n<div class=\"video-embed-field-responsive-video form-group\"><iframe loading=\"lazy\" width=\"854\" height=\"480\" frameborder=\"0\" allowfullscreen=\"allowfullscreen\" src=\"https:\/\/www.youtube.com\/embed\/D8Wntj2JEdc?autoplay=0&amp;start=0&amp;rel=0\"><\/iframe>\n<\/div>\n<p><span style=\"color:#000000;\">En un segundo v\u00eddeo, recogieron recomendaciones para actuar ante el cyberbullying. Por un lado, es necesario <strong>hablar de lo ocurrido con la familia, profesores de confianza o amigos<\/strong>. Tambi\u00e9n se puede llamar al servicio <strong>Inf\u00e0ncia Respon (116 111)<\/strong>, un tel\u00e9fono gratuito que funciona veinticuatro horas al d\u00eda, los 365 d\u00edas del a\u00f1o, que tiene por objetivo <strong>prevenir y detectar maltratos infantiles y adolescentes<\/strong>. <\/span><\/p>\n<div class=\"video-embed-field-responsive-video form-group\"><iframe loading=\"lazy\" width=\"854\" height=\"480\" frameborder=\"0\" allowfullscreen=\"allowfullscreen\" src=\"https:\/\/www.youtube.com\/embed\/FsBxjWRCmPk?autoplay=0&amp;start=0&amp;rel=0\"><\/iframe>\n<\/div>\n<p><span style=\"color:#000000;\">Otra opci\u00f3n que recomienda este segundo v\u00eddeo es utilizar <a href=\"http:\/\/b-resol.com\/\" rel=\"nofollow\"><strong>B-Resol<\/strong><\/a>, una aplicaci\u00f3n creada para luchar contra el bullying, el cyberbullying, el acoso, los trastornos alimentarios y cualquier tipo de conflicto de los adolescentes. Los centros educativos la pueden usar a trav\u00e9s de una licencia, de tal manera que si alg\u00fan chico o chica sufre u observa uno de estos hechos puede compartirlo con el equipo de la escuela o el instituto que gestiona la aplicaci\u00f3n, de forma segura y an\u00f3nima, a trav\u00e9s de un chat. La aplicaci\u00f3n tambi\u00e9n sirve para otros espacios en los que participan adolescentes, como centros deportivos o de ocio.<\/span><\/p>\n<p><span style=\"color:#000000;\">El objetivo de los y las participantes del COA Bes\u00f2s durante el <strong>curso 2018-19<\/strong> fue precisamente <strong>hacer difusi\u00f3n de B-Resol<\/strong>, <strong>mediante las redes y tambi\u00e9n en las aulas del Institut Barri Bes\u00f2s<\/strong> (el centro que cede el espacio donde se realiza el COA Bes\u00f2s). Grabaron y colgaron en la web un <strong>tercer v\u00eddeo<\/strong> de la campa\u00f1a #yonocallo, explicando a trav\u00e9s de un caso de ejemplo <strong>c\u00f3mo utilizar la aplicaci\u00f3n<\/strong>. En el instituto, se dedicaron a dar charlas y a explicar c\u00f3mo funciona B-Resol, animando a sus compa\u00f1eros a darle uso y, sobre todo, a <strong>cambiar la mirada frente al cyberbullying<\/strong>.<\/span><\/p>\n<div class=\"video-embed-field-responsive-video form-group\"><iframe loading=\"lazy\" width=\"854\" height=\"480\" frameborder=\"0\" allowfullscreen=\"allowfullscreen\" src=\"https:\/\/www.youtube.com\/embed\/2-h9LOQLdjg?autoplay=0&amp;start=0&amp;rel=0\"><\/iframe>\n<\/div>\n","protected":false},"excerpt":{"rendered":"<p class=\"text-align-center\">\u00a0<\/p>\n<p class=\"text-align-center\">No se puede construir una sociedad igualitaria sin pensamiento cr\u00edtico. Si no somos conscientes de las consecuencias de nuestros actos. Si no nos hacemos responsables de ellos. Si no actuamos para que esta consciencia individual tambi\u00e9n implique una transformaci\u00f3n colectiva en nuestro entorno. Estas podr\u00edan ser algunas de las conclusiones del proceso de lucha contra el cyberbullying que en los \u00faltimos dos cursos han realizado los chicos y chicas que participan en el Casal Obert d\u2019Adolescents del Bes\u00f2s (COA) del Casal dels Infants del Bes\u00f2s y la Mina<\/p>\n","protected":false},"author":1,"featured_media":3324,"comment_status":"open","ping_status":"open","sticky":false,"template":"","format":"standard","meta":{"_acf_changed":false,"_et_pb_use_builder":"","_et_pb_old_content":"","_et_gb_content_width":"","inline_featured_image":false,"footnotes":""},"categories":[105],"tags":[],"seus":[17],"eixos":[99],"class_list":["post-4410","post","type-post","status-publish","format-standard","has-post-thumbnail","hentry","category-reportaje","seus-besos-la-mina","eixos-infancia-y-adolescencia"],"acf":[],"yoast_head":"<!-- This site is optimized with the Yoast SEO plugin v27.4 - https:\/\/yoast.com\/product\/yoast-seo-wordpress\/ -->\n<title>Dos a\u00f1os reflexionando y generando herramientas contra el cyberbullying desde el Casal Obert d\u2019Adolescents del Bes\u00f2s - Casal dels Infants<\/title>\n<meta name=\"robots\" content=\"index, follow, max-snippet:-1, max-image-preview:large, max-video-preview:-1\" \/>\n<link rel=\"canonical\" href=\"https:\/\/www.casaldelsinfants.org\/es\/actualidad\/dos-anos-generando-herramientas-contra-cyberbullying\/\" \/>\n<meta property=\"og:locale\" content=\"es_ES\" \/>\n<meta property=\"og:type\" content=\"article\" \/>\n<meta property=\"og:title\" content=\"Dos a\u00f1os reflexionando y generando herramientas contra el cyberbullying desde el Casal Obert d\u2019Adolescents del Bes\u00f2s - Casal dels Infants\" \/>\n<meta property=\"og:description\" content=\"\u00a0  No se puede construir una sociedad igualitaria sin pensamiento cr\u00edtico. Si no somos conscientes de las consecuencias de nuestros actos. Si no nos hacemos responsables de ellos. Si no actuamos para que esta consciencia individual tambi\u00e9n implique una transformaci\u00f3n colectiva en nuestro entorno. Estas podr\u00edan ser algunas de las conclusiones del proceso de lucha contra el cyberbullying que en los \u00faltimos dos cursos han realizado los chicos y chicas que participan en el Casal Obert d\u2019Adolescents del Bes\u00f2s (COA) del Casal dels Infants del Bes\u00f2s y la Mina\" \/>\n<meta property=\"og:url\" content=\"https:\/\/www.casaldelsinfants.org\/es\/actualidad\/dos-anos-generando-herramientas-contra-cyberbullying\/\" \/>\n<meta property=\"og:site_name\" content=\"Casal dels Infants\" \/>\n<meta property=\"article:publisher\" content=\"https:\/\/www.facebook.com\/casalinfants\" \/>\n<meta property=\"article:published_time\" content=\"2019-10-01T06:23:24+00:00\" \/>\n<meta property=\"article:modified_time\" content=\"2023-06-08T10:32:10+00:00\" \/>\n<meta property=\"og:image\" content=\"https:\/\/www.casaldelsinfants.org\/wp-content\/uploads\/coa_besos_jonocallo.jpg\" \/>\n\t<meta property=\"og:image:width\" content=\"1915\" \/>\n\t<meta property=\"og:image:height\" content=\"1081\" \/>\n\t<meta property=\"og:image:type\" content=\"image\/jpeg\" \/>\n<meta name=\"author\" content=\"cdiAdmin\" \/>\n<meta name=\"twitter:card\" content=\"summary_large_image\" \/>\n<meta name=\"twitter:creator\" content=\"@casalinfants\" \/>\n<meta name=\"twitter:site\" content=\"@casalinfants\" \/>\n<meta name=\"twitter:label1\" content=\"Escrito por\" \/>\n\t<meta name=\"twitter:data1\" content=\"cdiAdmin\" \/>\n\t<meta name=\"twitter:label2\" content=\"Tiempo de lectura\" \/>\n\t<meta name=\"twitter:data2\" content=\"4 minutos\" \/>\n<script type=\"application\/ld+json\" class=\"yoast-schema-graph\">{\"@context\":\"https:\\\/\\\/schema.org\",\"@graph\":[{\"@type\":\"Article\",\"@id\":\"https:\\\/\\\/www.casaldelsinfants.org\\\/es\\\/actualidad\\\/dos-anos-generando-herramientas-contra-cyberbullying\\\/#article\",\"isPartOf\":{\"@id\":\"https:\\\/\\\/www.casaldelsinfants.org\\\/es\\\/actualidad\\\/dos-anos-generando-herramientas-contra-cyberbullying\\\/\"},\"author\":{\"name\":\"cdiAdmin\",\"@id\":\"https:\\\/\\\/www.casaldelsinfants.org\\\/es\\\/#\\\/schema\\\/person\\\/97707fc8c64900cf36891127dbf9fba8\"},\"headline\":\"Dos a\u00f1os reflexionando y generando herramientas contra el cyberbullying desde el Casal Obert d\u2019Adolescents del Bes\u00f2s\",\"datePublished\":\"2019-10-01T06:23:24+00:00\",\"dateModified\":\"2023-06-08T10:32:10+00:00\",\"mainEntityOfPage\":{\"@id\":\"https:\\\/\\\/www.casaldelsinfants.org\\\/es\\\/actualidad\\\/dos-anos-generando-herramientas-contra-cyberbullying\\\/\"},\"wordCount\":644,\"commentCount\":0,\"publisher\":{\"@id\":\"https:\\\/\\\/www.casaldelsinfants.org\\\/es\\\/#organization\"},\"image\":{\"@id\":\"https:\\\/\\\/www.casaldelsinfants.org\\\/es\\\/actualidad\\\/dos-anos-generando-herramientas-contra-cyberbullying\\\/#primaryimage\"},\"thumbnailUrl\":\"https:\\\/\\\/www.casaldelsinfants.org\\\/wp-content\\\/uploads\\\/coa_besos_jonocallo.jpg\",\"articleSection\":[\"Reportaje\"],\"inLanguage\":\"es\",\"potentialAction\":[{\"@type\":\"CommentAction\",\"name\":\"Comment\",\"target\":[\"https:\\\/\\\/www.casaldelsinfants.org\\\/es\\\/actualidad\\\/dos-anos-generando-herramientas-contra-cyberbullying\\\/#respond\"]}]},{\"@type\":\"WebPage\",\"@id\":\"https:\\\/\\\/www.casaldelsinfants.org\\\/es\\\/actualidad\\\/dos-anos-generando-herramientas-contra-cyberbullying\\\/\",\"url\":\"https:\\\/\\\/www.casaldelsinfants.org\\\/es\\\/actualidad\\\/dos-anos-generando-herramientas-contra-cyberbullying\\\/\",\"name\":\"Dos a\u00f1os reflexionando y generando herramientas contra el cyberbullying desde el Casal Obert d\u2019Adolescents del Bes\u00f2s - Casal dels Infants\",\"isPartOf\":{\"@id\":\"https:\\\/\\\/www.casaldelsinfants.org\\\/es\\\/#website\"},\"primaryImageOfPage\":{\"@id\":\"https:\\\/\\\/www.casaldelsinfants.org\\\/es\\\/actualidad\\\/dos-anos-generando-herramientas-contra-cyberbullying\\\/#primaryimage\"},\"image\":{\"@id\":\"https:\\\/\\\/www.casaldelsinfants.org\\\/es\\\/actualidad\\\/dos-anos-generando-herramientas-contra-cyberbullying\\\/#primaryimage\"},\"thumbnailUrl\":\"https:\\\/\\\/www.casaldelsinfants.org\\\/wp-content\\\/uploads\\\/coa_besos_jonocallo.jpg\",\"datePublished\":\"2019-10-01T06:23:24+00:00\",\"dateModified\":\"2023-06-08T10:32:10+00:00\",\"breadcrumb\":{\"@id\":\"https:\\\/\\\/www.casaldelsinfants.org\\\/es\\\/actualidad\\\/dos-anos-generando-herramientas-contra-cyberbullying\\\/#breadcrumb\"},\"inLanguage\":\"es\",\"potentialAction\":[{\"@type\":\"ReadAction\",\"target\":[\"https:\\\/\\\/www.casaldelsinfants.org\\\/es\\\/actualidad\\\/dos-anos-generando-herramientas-contra-cyberbullying\\\/\"]}]},{\"@type\":\"ImageObject\",\"inLanguage\":\"es\",\"@id\":\"https:\\\/\\\/www.casaldelsinfants.org\\\/es\\\/actualidad\\\/dos-anos-generando-herramientas-contra-cyberbullying\\\/#primaryimage\",\"url\":\"https:\\\/\\\/www.casaldelsinfants.org\\\/wp-content\\\/uploads\\\/coa_besos_jonocallo.jpg\",\"contentUrl\":\"https:\\\/\\\/www.casaldelsinfants.org\\\/wp-content\\\/uploads\\\/coa_besos_jonocallo.jpg\",\"width\":1915,\"height\":1081,\"caption\":\"Adolescents amb cartell de #jonocallo\"},{\"@type\":\"BreadcrumbList\",\"@id\":\"https:\\\/\\\/www.casaldelsinfants.org\\\/es\\\/actualidad\\\/dos-anos-generando-herramientas-contra-cyberbullying\\\/#breadcrumb\",\"itemListElement\":[{\"@type\":\"ListItem\",\"position\":1,\"name\":\"Inici\",\"item\":\"https:\\\/\\\/www.casaldelsinfants.org\\\/es\\\/\"},{\"@type\":\"ListItem\",\"position\":2,\"name\":\"Dos a\u00f1os reflexionando y generando herramientas contra el cyberbullying desde el Casal Obert d\u2019Adolescents del Bes\u00f2s\"}]},{\"@type\":\"WebSite\",\"@id\":\"https:\\\/\\\/www.casaldelsinfants.org\\\/es\\\/#website\",\"url\":\"https:\\\/\\\/www.casaldelsinfants.org\\\/es\\\/\",\"name\":\"Casal dels Infants\",\"description\":\"\",\"publisher\":{\"@id\":\"https:\\\/\\\/www.casaldelsinfants.org\\\/es\\\/#organization\"},\"potentialAction\":[{\"@type\":\"SearchAction\",\"target\":{\"@type\":\"EntryPoint\",\"urlTemplate\":\"https:\\\/\\\/www.casaldelsinfants.org\\\/es\\\/?s={search_term_string}\"},\"query-input\":{\"@type\":\"PropertyValueSpecification\",\"valueRequired\":true,\"valueName\":\"search_term_string\"}}],\"inLanguage\":\"es\"},{\"@type\":\"Organization\",\"@id\":\"https:\\\/\\\/www.casaldelsinfants.org\\\/es\\\/#organization\",\"name\":\"Casal dels Infants\",\"url\":\"https:\\\/\\\/www.casaldelsinfants.org\\\/es\\\/\",\"logo\":{\"@type\":\"ImageObject\",\"inLanguage\":\"es\",\"@id\":\"https:\\\/\\\/www.casaldelsinfants.org\\\/es\\\/#\\\/schema\\\/logo\\\/image\\\/\",\"url\":\"https:\\\/\\\/www.casaldelsinfants.org\\\/wp-content\\\/uploads\\\/logo-mail.png\",\"contentUrl\":\"https:\\\/\\\/www.casaldelsinfants.org\\\/wp-content\\\/uploads\\\/logo-mail.png\",\"width\":380,\"height\":158,\"caption\":\"Casal dels Infants\"},\"image\":{\"@id\":\"https:\\\/\\\/www.casaldelsinfants.org\\\/es\\\/#\\\/schema\\\/logo\\\/image\\\/\"},\"sameAs\":[\"https:\\\/\\\/www.facebook.com\\\/casalinfants\",\"https:\\\/\\\/x.com\\\/casalinfants\",\"https:\\\/\\\/www.youtube.com\\\/user\\\/CasaldelsInfants1\",\"https:\\\/\\\/www.instagram.com\\\/casalinfants\\\/\",\"https:\\\/\\\/www.linkedin.com\\\/company\\\/casaldelsinfants?trk=organization-update_share-update_actor-text\"]},{\"@type\":\"Person\",\"@id\":\"https:\\\/\\\/www.casaldelsinfants.org\\\/es\\\/#\\\/schema\\\/person\\\/97707fc8c64900cf36891127dbf9fba8\",\"name\":\"cdiAdmin\",\"sameAs\":[\"https:\\\/\\\/casaldelsinfants.org\"]}]}<\/script>\n<!-- \/ Yoast SEO plugin. -->","yoast_head_json":{"title":"Dos a\u00f1os reflexionando y generando herramientas contra el cyberbullying desde el Casal Obert d\u2019Adolescents del Bes\u00f2s - Casal dels Infants","robots":{"index":"index","follow":"follow","max-snippet":"max-snippet:-1","max-image-preview":"max-image-preview:large","max-video-preview":"max-video-preview:-1"},"canonical":"https:\/\/www.casaldelsinfants.org\/es\/actualidad\/dos-anos-generando-herramientas-contra-cyberbullying\/","og_locale":"es_ES","og_type":"article","og_title":"Dos a\u00f1os reflexionando y generando herramientas contra el cyberbullying desde el Casal Obert d\u2019Adolescents del Bes\u00f2s - Casal dels Infants","og_description":"\u00a0  No se puede construir una sociedad igualitaria sin pensamiento cr\u00edtico. Si no somos conscientes de las consecuencias de nuestros actos. Si no nos hacemos responsables de ellos. Si no actuamos para que esta consciencia individual tambi\u00e9n implique una transformaci\u00f3n colectiva en nuestro entorno. Estas podr\u00edan ser algunas de las conclusiones del proceso de lucha contra el cyberbullying que en los \u00faltimos dos cursos han realizado los chicos y chicas que participan en el Casal Obert d\u2019Adolescents del Bes\u00f2s (COA) del Casal dels Infants del Bes\u00f2s y la Mina","og_url":"https:\/\/www.casaldelsinfants.org\/es\/actualidad\/dos-anos-generando-herramientas-contra-cyberbullying\/","og_site_name":"Casal dels Infants","article_publisher":"https:\/\/www.facebook.com\/casalinfants","article_published_time":"2019-10-01T06:23:24+00:00","article_modified_time":"2023-06-08T10:32:10+00:00","og_image":[{"width":1915,"height":1081,"url":"https:\/\/www.casaldelsinfants.org\/wp-content\/uploads\/coa_besos_jonocallo.jpg","type":"image\/jpeg"}],"author":"cdiAdmin","twitter_card":"summary_large_image","twitter_creator":"@casalinfants","twitter_site":"@casalinfants","twitter_misc":{"Escrito por":"cdiAdmin","Tiempo de lectura":"4 minutos"},"schema":{"@context":"https:\/\/schema.org","@graph":[{"@type":"Article","@id":"https:\/\/www.casaldelsinfants.org\/es\/actualidad\/dos-anos-generando-herramientas-contra-cyberbullying\/#article","isPartOf":{"@id":"https:\/\/www.casaldelsinfants.org\/es\/actualidad\/dos-anos-generando-herramientas-contra-cyberbullying\/"},"author":{"name":"cdiAdmin","@id":"https:\/\/www.casaldelsinfants.org\/es\/#\/schema\/person\/97707fc8c64900cf36891127dbf9fba8"},"headline":"Dos a\u00f1os reflexionando y generando herramientas contra el cyberbullying desde el Casal Obert d\u2019Adolescents del Bes\u00f2s","datePublished":"2019-10-01T06:23:24+00:00","dateModified":"2023-06-08T10:32:10+00:00","mainEntityOfPage":{"@id":"https:\/\/www.casaldelsinfants.org\/es\/actualidad\/dos-anos-generando-herramientas-contra-cyberbullying\/"},"wordCount":644,"commentCount":0,"publisher":{"@id":"https:\/\/www.casaldelsinfants.org\/es\/#organization"},"image":{"@id":"https:\/\/www.casaldelsinfants.org\/es\/actualidad\/dos-anos-generando-herramientas-contra-cyberbullying\/#primaryimage"},"thumbnailUrl":"https:\/\/www.casaldelsinfants.org\/wp-content\/uploads\/coa_besos_jonocallo.jpg","articleSection":["Reportaje"],"inLanguage":"es","potentialAction":[{"@type":"CommentAction","name":"Comment","target":["https:\/\/www.casaldelsinfants.org\/es\/actualidad\/dos-anos-generando-herramientas-contra-cyberbullying\/#respond"]}]},{"@type":"WebPage","@id":"https:\/\/www.casaldelsinfants.org\/es\/actualidad\/dos-anos-generando-herramientas-contra-cyberbullying\/","url":"https:\/\/www.casaldelsinfants.org\/es\/actualidad\/dos-anos-generando-herramientas-contra-cyberbullying\/","name":"Dos a\u00f1os reflexionando y generando herramientas contra el cyberbullying desde el Casal Obert d\u2019Adolescents del Bes\u00f2s - Casal dels Infants","isPartOf":{"@id":"https:\/\/www.casaldelsinfants.org\/es\/#website"},"primaryImageOfPage":{"@id":"https:\/\/www.casaldelsinfants.org\/es\/actualidad\/dos-anos-generando-herramientas-contra-cyberbullying\/#primaryimage"},"image":{"@id":"https:\/\/www.casaldelsinfants.org\/es\/actualidad\/dos-anos-generando-herramientas-contra-cyberbullying\/#primaryimage"},"thumbnailUrl":"https:\/\/www.casaldelsinfants.org\/wp-content\/uploads\/coa_besos_jonocallo.jpg","datePublished":"2019-10-01T06:23:24+00:00","dateModified":"2023-06-08T10:32:10+00:00","breadcrumb":{"@id":"https:\/\/www.casaldelsinfants.org\/es\/actualidad\/dos-anos-generando-herramientas-contra-cyberbullying\/#breadcrumb"},"inLanguage":"es","potentialAction":[{"@type":"ReadAction","target":["https:\/\/www.casaldelsinfants.org\/es\/actualidad\/dos-anos-generando-herramientas-contra-cyberbullying\/"]}]},{"@type":"ImageObject","inLanguage":"es","@id":"https:\/\/www.casaldelsinfants.org\/es\/actualidad\/dos-anos-generando-herramientas-contra-cyberbullying\/#primaryimage","url":"https:\/\/www.casaldelsinfants.org\/wp-content\/uploads\/coa_besos_jonocallo.jpg","contentUrl":"https:\/\/www.casaldelsinfants.org\/wp-content\/uploads\/coa_besos_jonocallo.jpg","width":1915,"height":1081,"caption":"Adolescents amb cartell de #jonocallo"},{"@type":"BreadcrumbList","@id":"https:\/\/www.casaldelsinfants.org\/es\/actualidad\/dos-anos-generando-herramientas-contra-cyberbullying\/#breadcrumb","itemListElement":[{"@type":"ListItem","position":1,"name":"Inici","item":"https:\/\/www.casaldelsinfants.org\/es\/"},{"@type":"ListItem","position":2,"name":"Dos a\u00f1os reflexionando y generando herramientas contra el cyberbullying desde el Casal Obert d\u2019Adolescents del Bes\u00f2s"}]},{"@type":"WebSite","@id":"https:\/\/www.casaldelsinfants.org\/es\/#website","url":"https:\/\/www.casaldelsinfants.org\/es\/","name":"Casal dels Infants","description":"","publisher":{"@id":"https:\/\/www.casaldelsinfants.org\/es\/#organization"},"potentialAction":[{"@type":"SearchAction","target":{"@type":"EntryPoint","urlTemplate":"https:\/\/www.casaldelsinfants.org\/es\/?s={search_term_string}"},"query-input":{"@type":"PropertyValueSpecification","valueRequired":true,"valueName":"search_term_string"}}],"inLanguage":"es"},{"@type":"Organization","@id":"https:\/\/www.casaldelsinfants.org\/es\/#organization","name":"Casal dels Infants","url":"https:\/\/www.casaldelsinfants.org\/es\/","logo":{"@type":"ImageObject","inLanguage":"es","@id":"https:\/\/www.casaldelsinfants.org\/es\/#\/schema\/logo\/image\/","url":"https:\/\/www.casaldelsinfants.org\/wp-content\/uploads\/logo-mail.png","contentUrl":"https:\/\/www.casaldelsinfants.org\/wp-content\/uploads\/logo-mail.png","width":380,"height":158,"caption":"Casal dels Infants"},"image":{"@id":"https:\/\/www.casaldelsinfants.org\/es\/#\/schema\/logo\/image\/"},"sameAs":["https:\/\/www.facebook.com\/casalinfants","https:\/\/x.com\/casalinfants","https:\/\/www.youtube.com\/user\/CasaldelsInfants1","https:\/\/www.instagram.com\/casalinfants\/","https:\/\/www.linkedin.com\/company\/casaldelsinfants?trk=organization-update_share-update_actor-text"]},{"@type":"Person","@id":"https:\/\/www.casaldelsinfants.org\/es\/#\/schema\/person\/97707fc8c64900cf36891127dbf9fba8","name":"cdiAdmin","sameAs":["https:\/\/casaldelsinfants.org"]}]}},"publishpress_future_action":{"enabled":false,"date":"2026-05-09 10:31:44","action":"change-status","newStatus":"draft","terms":[],"taxonomy":"category","extraData":[]},"publishpress_future_workflow_manual_trigger":{"enabledWorkflows":[]},"_links":{"self":[{"href":"https:\/\/www.casaldelsinfants.org\/es\/wp-json\/wp\/v2\/posts\/4410","targetHints":{"allow":["GET"]}}],"collection":[{"href":"https:\/\/www.casaldelsinfants.org\/es\/wp-json\/wp\/v2\/posts"}],"about":[{"href":"https:\/\/www.casaldelsinfants.org\/es\/wp-json\/wp\/v2\/types\/post"}],"author":[{"embeddable":true,"href":"https:\/\/www.casaldelsinfants.org\/es\/wp-json\/wp\/v2\/users\/1"}],"replies":[{"embeddable":true,"href":"https:\/\/www.casaldelsinfants.org\/es\/wp-json\/wp\/v2\/comments?post=4410"}],"version-history":[{"count":2,"href":"https:\/\/www.casaldelsinfants.org\/es\/wp-json\/wp\/v2\/posts\/4410\/revisions"}],"predecessor-version":[{"id":11946,"href":"https:\/\/www.casaldelsinfants.org\/es\/wp-json\/wp\/v2\/posts\/4410\/revisions\/11946"}],"wp:featuredmedia":[{"embeddable":true,"href":"https:\/\/www.casaldelsinfants.org\/es\/wp-json\/wp\/v2\/media\/3324"}],"wp:attachment":[{"href":"https:\/\/www.casaldelsinfants.org\/es\/wp-json\/wp\/v2\/media?parent=4410"}],"wp:term":[{"taxonomy":"category","embeddable":true,"href":"https:\/\/www.casaldelsinfants.org\/es\/wp-json\/wp\/v2\/categories?post=4410"},{"taxonomy":"post_tag","embeddable":true,"href":"https:\/\/www.casaldelsinfants.org\/es\/wp-json\/wp\/v2\/tags?post=4410"},{"taxonomy":"seus","embeddable":true,"href":"https:\/\/www.casaldelsinfants.org\/es\/wp-json\/wp\/v2\/seus?post=4410"},{"taxonomy":"eixos","embeddable":true,"href":"https:\/\/www.casaldelsinfants.org\/es\/wp-json\/wp\/v2\/eixos?post=4410"}],"curies":[{"name":"wp","href":"https:\/\/api.w.org\/{rel}","templated":true}]}}