{"id":4411,"date":"2019-09-16T13:20:41","date_gmt":"2019-09-16T11:20:41","guid":{"rendered":"https:\/\/casal.puntzero.cat\/noticies\/torna-el-tot-punt-el-servei-dautoreparacio-textil-comunitari-i-gratuit-al-raval\/"},"modified":"2023-05-01T17:54:45","modified_gmt":"2023-05-01T15:54:45","slug":"torna-el-tot-punt-el-servei-dautoreparacio-textil-comunitari-i-gratuit-al-raval","status":"publish","type":"post","link":"https:\/\/www.casaldelsinfants.org\/es\/actualidad\/vuelve-tot-punt-servicio-autoreparacion-textil-comunitario-raval\/","title":{"rendered":"Vuelve el \u201cTot a punt\u201d, el servicio de autoreparaci\u00f3n textil comunitario y grauito del Raval"},"content":{"rendered":"<p><span style=\"color:#000000;\">El <strong>\u201cTot a punt\u201d<\/strong>, el servicio de <strong>autoreparaci\u00f3n textil<\/strong> comunitario y gratuito en el barrio del Raval de Barcelona que impulsan desde enero un grupo de mujeres del <strong>Casal dels Infants<\/strong>, ha vuelto a ponerse en marcha este lunes 16 de septiembre.<\/span><\/p>\n<p>\n<span style=\"color:#000000;\">El servicio abrir\u00e1 por las ma\u00f1anas <strong>los lunes y los mi\u00e9rcoles (de 10 h a 13 h)<\/strong> y por las tardes <strong>los martes y los mi\u00e9rcoles (de 17.30 h a 19.30 h)<\/strong>.<\/span><br \/>\n\u00a0<\/p>\n<p><span style=\"color:#000000;\">El taller est\u00e1 abierto a todas las personas que quieran repararse una pieza de ropa, aprendiendo <strong>t\u00e9cnicas de costura b\u00e1sicas<\/strong>, como coser un bot\u00f3n, arreglar un roto, estrechar o ensanchar piezas, entre otras.<\/span><br \/>\n\u00a0<\/p>\n<p><span style=\"color:#000000;\">Las participantes del \u201cTot a punt\u201d que las atender\u00e1n ya dominan estos arreglos y podr\u00e1n explicarles bien como realizarlos, ya que hace un a\u00f1o recibieron una formaci\u00f3n en costura por parte de <strong>Serveis Medioambientals<\/strong>.<\/span><br \/>\n\u00a0<\/p>\n<div class=\"video-embed-field-responsive-video form-group\"><iframe loading=\"lazy\" width=\"854\" height=\"480\" frameborder=\"0\" allowfullscreen=\"allowfullscreen\" src=\"https:\/\/www.youtube.com\/embed\/vdAEhuCPhX0?autoplay=0&amp;start=0&amp;rel=0\"><\/iframe>\n<\/div>\n<p>El \u201cTot a punt\u201d, creado con el apoyo del <strong>Ayuntamiento de Barcelona<\/strong> y <strong>Barcelona Activa<\/strong>, quiere ser un espacio de encuentro y apoyo mutuo para el vecindario del barrio que sensibilice sobre la importancia del <strong>reaprovechamiento<\/strong>. As\u00ed, el servicio quiere reivindicar una <strong>alternativa de consumo solidaria<\/strong>, que aumente la capacidad de ahorro de las familias y que disminuya el impacto sobre el medio ambiente.<\/p>\n<p>\u00a0<\/p>\n","protected":false},"excerpt":{"rendered":"<p>El \u201cTot a punt\u201d, el servicio de autoreparaci\u00f3n textil comunitario y gratuito en el barrio del Raval de Barcelona que impulsan desde enero un grupo de mujeres del Casal dels Infants, ha vuelto a ponerse en marcha este lunes 16 de septiembre. El servicio abrir\u00e1 por las ma\u00f1anas los lunes y los mi\u00e9rcoles (de 10 [&hellip;]<\/p>\n","protected":false},"author":1,"featured_media":3327,"comment_status":"open","ping_status":"open","sticky":false,"template":"","format":"standard","meta":{"_acf_changed":false,"_et_pb_use_builder":"","_et_pb_old_content":"","_et_gb_content_width":"","inline_featured_image":false,"footnotes":""},"categories":[125],"tags":[],"seus":[16],"eixos":[110],"class_list":["post-4411","post","type-post","status-publish","format-standard","has-post-thumbnail","hentry","category-noticias","seus-el-raval","eixos-comunidad-casal-dels-infants"],"acf":[],"yoast_head":"<!-- This site is optimized with the Yoast SEO plugin v27.4 - https:\/\/yoast.com\/product\/yoast-seo-wordpress\/ -->\n<title>Tot a punt taller autoreparaci\u00f3 t\u00e8xtil Raval Barcelona Casal dels Infants<\/title>\n<meta name=\"description\" content=\"El &quot;Tot a punt&quot; \u00e9s un servei d\u2019autoreparaci\u00f3 t\u00e8xtil comunitari i gratu\u00eft del Casal dels Infants al barri del Raval, on el ve\u00efnat pot aprendre a reparar peces de roba malmeses. Dones que participen en el Casal ensenyen a fer les reparacions.\" \/>\n<meta name=\"robots\" content=\"index, follow, max-snippet:-1, max-image-preview:large, max-video-preview:-1\" \/>\n<link rel=\"canonical\" href=\"https:\/\/www.casaldelsinfants.org\/es\/actualidad\/vuelve-tot-punt-servicio-autoreparacion-textil-comunitario-raval\/\" \/>\n<meta property=\"og:locale\" content=\"es_ES\" \/>\n<meta property=\"og:type\" content=\"article\" \/>\n<meta property=\"og:title\" content=\"Tot a punt taller autoreparaci\u00f3 t\u00e8xtil Raval Barcelona Casal dels Infants\" \/>\n<meta property=\"og:description\" content=\"El &quot;Tot a punt&quot; \u00e9s un servei d\u2019autoreparaci\u00f3 t\u00e8xtil comunitari i gratu\u00eft del Casal dels Infants al barri del Raval, on el ve\u00efnat pot aprendre a reparar peces de roba malmeses. Dones que participen en el Casal ensenyen a fer les reparacions.\" \/>\n<meta property=\"og:url\" content=\"https:\/\/www.casaldelsinfants.org\/es\/actualidad\/vuelve-tot-punt-servicio-autoreparacion-textil-comunitario-raval\/\" \/>\n<meta property=\"og:site_name\" content=\"Casal dels Infants\" \/>\n<meta property=\"article:publisher\" content=\"https:\/\/www.facebook.com\/casalinfants\" \/>\n<meta property=\"article:published_time\" content=\"2019-09-16T11:20:41+00:00\" \/>\n<meta property=\"article:modified_time\" content=\"2023-05-01T15:54:45+00:00\" \/>\n<meta property=\"og:image\" content=\"https:\/\/www.casaldelsinfants.org\/wp-content\/uploads\/1080092-scaled.jpg\" \/>\n\t<meta property=\"og:image:width\" content=\"2560\" \/>\n\t<meta property=\"og:image:height\" content=\"1922\" \/>\n\t<meta property=\"og:image:type\" content=\"image\/jpeg\" \/>\n<meta name=\"author\" content=\"cdiAdmin\" \/>\n<meta name=\"twitter:card\" content=\"summary_large_image\" \/>\n<meta name=\"twitter:creator\" content=\"@casalinfants\" \/>\n<meta name=\"twitter:site\" content=\"@casalinfants\" \/>\n<meta name=\"twitter:label1\" content=\"Escrito por\" \/>\n\t<meta name=\"twitter:data1\" content=\"cdiAdmin\" \/>\n\t<meta name=\"twitter:label2\" content=\"Tiempo de lectura\" \/>\n\t<meta name=\"twitter:data2\" content=\"1 minuto\" \/>\n<script type=\"application\/ld+json\" class=\"yoast-schema-graph\">{\"@context\":\"https:\\\/\\\/schema.org\",\"@graph\":[{\"@type\":\"Article\",\"@id\":\"https:\\\/\\\/www.casaldelsinfants.org\\\/es\\\/actualidad\\\/vuelve-tot-punt-servicio-autoreparacion-textil-comunitario-raval\\\/#article\",\"isPartOf\":{\"@id\":\"https:\\\/\\\/www.casaldelsinfants.org\\\/es\\\/actualidad\\\/vuelve-tot-punt-servicio-autoreparacion-textil-comunitario-raval\\\/\"},\"author\":{\"name\":\"cdiAdmin\",\"@id\":\"https:\\\/\\\/www.casaldelsinfants.org\\\/es\\\/#\\\/schema\\\/person\\\/97707fc8c64900cf36891127dbf9fba8\"},\"headline\":\"Vuelve el \u201cTot a punt\u201d, el servicio de autoreparaci\u00f3n textil comunitario y grauito del Raval\",\"datePublished\":\"2019-09-16T11:20:41+00:00\",\"dateModified\":\"2023-05-01T15:54:45+00:00\",\"mainEntityOfPage\":{\"@id\":\"https:\\\/\\\/www.casaldelsinfants.org\\\/es\\\/actualidad\\\/vuelve-tot-punt-servicio-autoreparacion-textil-comunitario-raval\\\/\"},\"wordCount\":227,\"commentCount\":0,\"publisher\":{\"@id\":\"https:\\\/\\\/www.casaldelsinfants.org\\\/es\\\/#organization\"},\"image\":{\"@id\":\"https:\\\/\\\/www.casaldelsinfants.org\\\/es\\\/actualidad\\\/vuelve-tot-punt-servicio-autoreparacion-textil-comunitario-raval\\\/#primaryimage\"},\"thumbnailUrl\":\"https:\\\/\\\/www.casaldelsinfants.org\\\/wp-content\\\/uploads\\\/1080092-scaled.jpg\",\"articleSection\":[\"Noticia\"],\"inLanguage\":\"es\",\"potentialAction\":[{\"@type\":\"CommentAction\",\"name\":\"Comment\",\"target\":[\"https:\\\/\\\/www.casaldelsinfants.org\\\/es\\\/actualidad\\\/vuelve-tot-punt-servicio-autoreparacion-textil-comunitario-raval\\\/#respond\"]}]},{\"@type\":\"WebPage\",\"@id\":\"https:\\\/\\\/www.casaldelsinfants.org\\\/es\\\/actualidad\\\/vuelve-tot-punt-servicio-autoreparacion-textil-comunitario-raval\\\/\",\"url\":\"https:\\\/\\\/www.casaldelsinfants.org\\\/es\\\/actualidad\\\/vuelve-tot-punt-servicio-autoreparacion-textil-comunitario-raval\\\/\",\"name\":\"Tot a punt taller autoreparaci\u00f3 t\u00e8xtil Raval Barcelona Casal dels Infants\",\"isPartOf\":{\"@id\":\"https:\\\/\\\/www.casaldelsinfants.org\\\/es\\\/#website\"},\"primaryImageOfPage\":{\"@id\":\"https:\\\/\\\/www.casaldelsinfants.org\\\/es\\\/actualidad\\\/vuelve-tot-punt-servicio-autoreparacion-textil-comunitario-raval\\\/#primaryimage\"},\"image\":{\"@id\":\"https:\\\/\\\/www.casaldelsinfants.org\\\/es\\\/actualidad\\\/vuelve-tot-punt-servicio-autoreparacion-textil-comunitario-raval\\\/#primaryimage\"},\"thumbnailUrl\":\"https:\\\/\\\/www.casaldelsinfants.org\\\/wp-content\\\/uploads\\\/1080092-scaled.jpg\",\"datePublished\":\"2019-09-16T11:20:41+00:00\",\"dateModified\":\"2023-05-01T15:54:45+00:00\",\"description\":\"El \\\"Tot a punt\\\" \u00e9s un servei d\u2019autoreparaci\u00f3 t\u00e8xtil comunitari i gratu\u00eft del Casal dels Infants al barri del Raval, on el ve\u00efnat pot aprendre a reparar peces de roba malmeses. Dones que participen en el Casal ensenyen a fer les reparacions.\",\"breadcrumb\":{\"@id\":\"https:\\\/\\\/www.casaldelsinfants.org\\\/es\\\/actualidad\\\/vuelve-tot-punt-servicio-autoreparacion-textil-comunitario-raval\\\/#breadcrumb\"},\"inLanguage\":\"es\",\"potentialAction\":[{\"@type\":\"ReadAction\",\"target\":[\"https:\\\/\\\/www.casaldelsinfants.org\\\/es\\\/actualidad\\\/vuelve-tot-punt-servicio-autoreparacion-textil-comunitario-raval\\\/\"]}]},{\"@type\":\"ImageObject\",\"inLanguage\":\"es\",\"@id\":\"https:\\\/\\\/www.casaldelsinfants.org\\\/es\\\/actualidad\\\/vuelve-tot-punt-servicio-autoreparacion-textil-comunitario-raval\\\/#primaryimage\",\"url\":\"https:\\\/\\\/www.casaldelsinfants.org\\\/wp-content\\\/uploads\\\/1080092-scaled.jpg\",\"contentUrl\":\"https:\\\/\\\/www.casaldelsinfants.org\\\/wp-content\\\/uploads\\\/1080092-scaled.jpg\",\"width\":2560,\"height\":1922,\"caption\":\"Taller de costura\"},{\"@type\":\"BreadcrumbList\",\"@id\":\"https:\\\/\\\/www.casaldelsinfants.org\\\/es\\\/actualidad\\\/vuelve-tot-punt-servicio-autoreparacion-textil-comunitario-raval\\\/#breadcrumb\",\"itemListElement\":[{\"@type\":\"ListItem\",\"position\":1,\"name\":\"Inici\",\"item\":\"https:\\\/\\\/www.casaldelsinfants.org\\\/es\\\/\"},{\"@type\":\"ListItem\",\"position\":2,\"name\":\"Vuelve el \u201cTot a punt\u201d, el servicio de autoreparaci\u00f3n textil comunitario y grauito del Raval\"}]},{\"@type\":\"WebSite\",\"@id\":\"https:\\\/\\\/www.casaldelsinfants.org\\\/es\\\/#website\",\"url\":\"https:\\\/\\\/www.casaldelsinfants.org\\\/es\\\/\",\"name\":\"Casal dels Infants\",\"description\":\"\",\"publisher\":{\"@id\":\"https:\\\/\\\/www.casaldelsinfants.org\\\/es\\\/#organization\"},\"potentialAction\":[{\"@type\":\"SearchAction\",\"target\":{\"@type\":\"EntryPoint\",\"urlTemplate\":\"https:\\\/\\\/www.casaldelsinfants.org\\\/es\\\/?s={search_term_string}\"},\"query-input\":{\"@type\":\"PropertyValueSpecification\",\"valueRequired\":true,\"valueName\":\"search_term_string\"}}],\"inLanguage\":\"es\"},{\"@type\":\"Organization\",\"@id\":\"https:\\\/\\\/www.casaldelsinfants.org\\\/es\\\/#organization\",\"name\":\"Casal dels Infants\",\"url\":\"https:\\\/\\\/www.casaldelsinfants.org\\\/es\\\/\",\"logo\":{\"@type\":\"ImageObject\",\"inLanguage\":\"es\",\"@id\":\"https:\\\/\\\/www.casaldelsinfants.org\\\/es\\\/#\\\/schema\\\/logo\\\/image\\\/\",\"url\":\"https:\\\/\\\/www.casaldelsinfants.org\\\/wp-content\\\/uploads\\\/logo-mail.png\",\"contentUrl\":\"https:\\\/\\\/www.casaldelsinfants.org\\\/wp-content\\\/uploads\\\/logo-mail.png\",\"width\":380,\"height\":158,\"caption\":\"Casal dels Infants\"},\"image\":{\"@id\":\"https:\\\/\\\/www.casaldelsinfants.org\\\/es\\\/#\\\/schema\\\/logo\\\/image\\\/\"},\"sameAs\":[\"https:\\\/\\\/www.facebook.com\\\/casalinfants\",\"https:\\\/\\\/x.com\\\/casalinfants\",\"https:\\\/\\\/www.youtube.com\\\/user\\\/CasaldelsInfants1\",\"https:\\\/\\\/www.instagram.com\\\/casalinfants\\\/\",\"https:\\\/\\\/www.linkedin.com\\\/company\\\/casaldelsinfants?trk=organization-update_share-update_actor-text\"]},{\"@type\":\"Person\",\"@id\":\"https:\\\/\\\/www.casaldelsinfants.org\\\/es\\\/#\\\/schema\\\/person\\\/97707fc8c64900cf36891127dbf9fba8\",\"name\":\"cdiAdmin\",\"sameAs\":[\"https:\\\/\\\/casaldelsinfants.org\"]}]}<\/script>\n<!-- \/ Yoast SEO plugin. -->","yoast_head_json":{"title":"Tot a punt taller autoreparaci\u00f3 t\u00e8xtil Raval Barcelona Casal dels Infants","description":"El \"Tot a punt\" \u00e9s un servei d\u2019autoreparaci\u00f3 t\u00e8xtil comunitari i gratu\u00eft del Casal dels Infants al barri del Raval, on el ve\u00efnat pot aprendre a reparar peces de roba malmeses. Dones que participen en el Casal ensenyen a fer les reparacions.","robots":{"index":"index","follow":"follow","max-snippet":"max-snippet:-1","max-image-preview":"max-image-preview:large","max-video-preview":"max-video-preview:-1"},"canonical":"https:\/\/www.casaldelsinfants.org\/es\/actualidad\/vuelve-tot-punt-servicio-autoreparacion-textil-comunitario-raval\/","og_locale":"es_ES","og_type":"article","og_title":"Tot a punt taller autoreparaci\u00f3 t\u00e8xtil Raval Barcelona Casal dels Infants","og_description":"El \"Tot a punt\" \u00e9s un servei d\u2019autoreparaci\u00f3 t\u00e8xtil comunitari i gratu\u00eft del Casal dels Infants al barri del Raval, on el ve\u00efnat pot aprendre a reparar peces de roba malmeses. Dones que participen en el Casal ensenyen a fer les reparacions.","og_url":"https:\/\/www.casaldelsinfants.org\/es\/actualidad\/vuelve-tot-punt-servicio-autoreparacion-textil-comunitario-raval\/","og_site_name":"Casal dels Infants","article_publisher":"https:\/\/www.facebook.com\/casalinfants","article_published_time":"2019-09-16T11:20:41+00:00","article_modified_time":"2023-05-01T15:54:45+00:00","og_image":[{"width":2560,"height":1922,"url":"https:\/\/www.casaldelsinfants.org\/wp-content\/uploads\/1080092-scaled.jpg","type":"image\/jpeg"}],"author":"cdiAdmin","twitter_card":"summary_large_image","twitter_creator":"@casalinfants","twitter_site":"@casalinfants","twitter_misc":{"Escrito por":"cdiAdmin","Tiempo de lectura":"1 minuto"},"schema":{"@context":"https:\/\/schema.org","@graph":[{"@type":"Article","@id":"https:\/\/www.casaldelsinfants.org\/es\/actualidad\/vuelve-tot-punt-servicio-autoreparacion-textil-comunitario-raval\/#article","isPartOf":{"@id":"https:\/\/www.casaldelsinfants.org\/es\/actualidad\/vuelve-tot-punt-servicio-autoreparacion-textil-comunitario-raval\/"},"author":{"name":"cdiAdmin","@id":"https:\/\/www.casaldelsinfants.org\/es\/#\/schema\/person\/97707fc8c64900cf36891127dbf9fba8"},"headline":"Vuelve el \u201cTot a punt\u201d, el servicio de autoreparaci\u00f3n textil comunitario y grauito del Raval","datePublished":"2019-09-16T11:20:41+00:00","dateModified":"2023-05-01T15:54:45+00:00","mainEntityOfPage":{"@id":"https:\/\/www.casaldelsinfants.org\/es\/actualidad\/vuelve-tot-punt-servicio-autoreparacion-textil-comunitario-raval\/"},"wordCount":227,"commentCount":0,"publisher":{"@id":"https:\/\/www.casaldelsinfants.org\/es\/#organization"},"image":{"@id":"https:\/\/www.casaldelsinfants.org\/es\/actualidad\/vuelve-tot-punt-servicio-autoreparacion-textil-comunitario-raval\/#primaryimage"},"thumbnailUrl":"https:\/\/www.casaldelsinfants.org\/wp-content\/uploads\/1080092-scaled.jpg","articleSection":["Noticia"],"inLanguage":"es","potentialAction":[{"@type":"CommentAction","name":"Comment","target":["https:\/\/www.casaldelsinfants.org\/es\/actualidad\/vuelve-tot-punt-servicio-autoreparacion-textil-comunitario-raval\/#respond"]}]},{"@type":"WebPage","@id":"https:\/\/www.casaldelsinfants.org\/es\/actualidad\/vuelve-tot-punt-servicio-autoreparacion-textil-comunitario-raval\/","url":"https:\/\/www.casaldelsinfants.org\/es\/actualidad\/vuelve-tot-punt-servicio-autoreparacion-textil-comunitario-raval\/","name":"Tot a punt taller autoreparaci\u00f3 t\u00e8xtil Raval Barcelona Casal dels Infants","isPartOf":{"@id":"https:\/\/www.casaldelsinfants.org\/es\/#website"},"primaryImageOfPage":{"@id":"https:\/\/www.casaldelsinfants.org\/es\/actualidad\/vuelve-tot-punt-servicio-autoreparacion-textil-comunitario-raval\/#primaryimage"},"image":{"@id":"https:\/\/www.casaldelsinfants.org\/es\/actualidad\/vuelve-tot-punt-servicio-autoreparacion-textil-comunitario-raval\/#primaryimage"},"thumbnailUrl":"https:\/\/www.casaldelsinfants.org\/wp-content\/uploads\/1080092-scaled.jpg","datePublished":"2019-09-16T11:20:41+00:00","dateModified":"2023-05-01T15:54:45+00:00","description":"El \"Tot a punt\" \u00e9s un servei d\u2019autoreparaci\u00f3 t\u00e8xtil comunitari i gratu\u00eft del Casal dels Infants al barri del Raval, on el ve\u00efnat pot aprendre a reparar peces de roba malmeses. Dones que participen en el Casal ensenyen a fer les reparacions.","breadcrumb":{"@id":"https:\/\/www.casaldelsinfants.org\/es\/actualidad\/vuelve-tot-punt-servicio-autoreparacion-textil-comunitario-raval\/#breadcrumb"},"inLanguage":"es","potentialAction":[{"@type":"ReadAction","target":["https:\/\/www.casaldelsinfants.org\/es\/actualidad\/vuelve-tot-punt-servicio-autoreparacion-textil-comunitario-raval\/"]}]},{"@type":"ImageObject","inLanguage":"es","@id":"https:\/\/www.casaldelsinfants.org\/es\/actualidad\/vuelve-tot-punt-servicio-autoreparacion-textil-comunitario-raval\/#primaryimage","url":"https:\/\/www.casaldelsinfants.org\/wp-content\/uploads\/1080092-scaled.jpg","contentUrl":"https:\/\/www.casaldelsinfants.org\/wp-content\/uploads\/1080092-scaled.jpg","width":2560,"height":1922,"caption":"Taller de costura"},{"@type":"BreadcrumbList","@id":"https:\/\/www.casaldelsinfants.org\/es\/actualidad\/vuelve-tot-punt-servicio-autoreparacion-textil-comunitario-raval\/#breadcrumb","itemListElement":[{"@type":"ListItem","position":1,"name":"Inici","item":"https:\/\/www.casaldelsinfants.org\/es\/"},{"@type":"ListItem","position":2,"name":"Vuelve el \u201cTot a punt\u201d, el servicio de autoreparaci\u00f3n textil comunitario y grauito del Raval"}]},{"@type":"WebSite","@id":"https:\/\/www.casaldelsinfants.org\/es\/#website","url":"https:\/\/www.casaldelsinfants.org\/es\/","name":"Casal dels Infants","description":"","publisher":{"@id":"https:\/\/www.casaldelsinfants.org\/es\/#organization"},"potentialAction":[{"@type":"SearchAction","target":{"@type":"EntryPoint","urlTemplate":"https:\/\/www.casaldelsinfants.org\/es\/?s={search_term_string}"},"query-input":{"@type":"PropertyValueSpecification","valueRequired":true,"valueName":"search_term_string"}}],"inLanguage":"es"},{"@type":"Organization","@id":"https:\/\/www.casaldelsinfants.org\/es\/#organization","name":"Casal dels Infants","url":"https:\/\/www.casaldelsinfants.org\/es\/","logo":{"@type":"ImageObject","inLanguage":"es","@id":"https:\/\/www.casaldelsinfants.org\/es\/#\/schema\/logo\/image\/","url":"https:\/\/www.casaldelsinfants.org\/wp-content\/uploads\/logo-mail.png","contentUrl":"https:\/\/www.casaldelsinfants.org\/wp-content\/uploads\/logo-mail.png","width":380,"height":158,"caption":"Casal dels Infants"},"image":{"@id":"https:\/\/www.casaldelsinfants.org\/es\/#\/schema\/logo\/image\/"},"sameAs":["https:\/\/www.facebook.com\/casalinfants","https:\/\/x.com\/casalinfants","https:\/\/www.youtube.com\/user\/CasaldelsInfants1","https:\/\/www.instagram.com\/casalinfants\/","https:\/\/www.linkedin.com\/company\/casaldelsinfants?trk=organization-update_share-update_actor-text"]},{"@type":"Person","@id":"https:\/\/www.casaldelsinfants.org\/es\/#\/schema\/person\/97707fc8c64900cf36891127dbf9fba8","name":"cdiAdmin","sameAs":["https:\/\/casaldelsinfants.org"]}]}},"publishpress_future_action":{"enabled":false,"date":"2026-05-09 10:31:08","action":"change-status","newStatus":"draft","terms":[],"taxonomy":"category","extraData":[]},"publishpress_future_workflow_manual_trigger":{"enabledWorkflows":[]},"_links":{"self":[{"href":"https:\/\/www.casaldelsinfants.org\/es\/wp-json\/wp\/v2\/posts\/4411","targetHints":{"allow":["GET"]}}],"collection":[{"href":"https:\/\/www.casaldelsinfants.org\/es\/wp-json\/wp\/v2\/posts"}],"about":[{"href":"https:\/\/www.casaldelsinfants.org\/es\/wp-json\/wp\/v2\/types\/post"}],"author":[{"embeddable":true,"href":"https:\/\/www.casaldelsinfants.org\/es\/wp-json\/wp\/v2\/users\/1"}],"replies":[{"embeddable":true,"href":"https:\/\/www.casaldelsinfants.org\/es\/wp-json\/wp\/v2\/comments?post=4411"}],"version-history":[{"count":1,"href":"https:\/\/www.casaldelsinfants.org\/es\/wp-json\/wp\/v2\/posts\/4411\/revisions"}],"predecessor-version":[{"id":6359,"href":"https:\/\/www.casaldelsinfants.org\/es\/wp-json\/wp\/v2\/posts\/4411\/revisions\/6359"}],"wp:featuredmedia":[{"embeddable":true,"href":"https:\/\/www.casaldelsinfants.org\/es\/wp-json\/wp\/v2\/media\/3327"}],"wp:attachment":[{"href":"https:\/\/www.casaldelsinfants.org\/es\/wp-json\/wp\/v2\/media?parent=4411"}],"wp:term":[{"taxonomy":"category","embeddable":true,"href":"https:\/\/www.casaldelsinfants.org\/es\/wp-json\/wp\/v2\/categories?post=4411"},{"taxonomy":"post_tag","embeddable":true,"href":"https:\/\/www.casaldelsinfants.org\/es\/wp-json\/wp\/v2\/tags?post=4411"},{"taxonomy":"seus","embeddable":true,"href":"https:\/\/www.casaldelsinfants.org\/es\/wp-json\/wp\/v2\/seus?post=4411"},{"taxonomy":"eixos","embeddable":true,"href":"https:\/\/www.casaldelsinfants.org\/es\/wp-json\/wp\/v2\/eixos?post=4411"}],"curies":[{"name":"wp","href":"https:\/\/api.w.org\/{rel}","templated":true}]}}