{"id":4412,"date":"2019-08-27T14:15:47","date_gmt":"2019-08-27T12:15:47","guid":{"rendered":"https:\/\/casal.puntzero.cat\/noticies\/venim-celebrar-que-tots-som-iguals-la-canco-trap-del-casal-obert-dadolescents-de-salt\/"},"modified":"2022-08-17T11:20:08","modified_gmt":"2022-08-17T09:20:08","slug":"venim-celebrar-que-tots-som-iguals-la-canco-trap-del-casal-obert-dadolescents-de-salt","status":"publish","type":"post","link":"https:\/\/www.casaldelsinfants.org\/es\/actualidad\/celebramos-que-todos-somos-iguales-cancion-trap-casal-salt\/","title":{"rendered":"&#039;Venim a celebrar que tots som iguals&#039;, la canci\u00f3n trap del Casal Obert d\u2019Adolescents de Salt"},"content":{"rendered":"<p class=\"verd\"><span style=\"color:#000000;\">Chicos y chicas del Casal Obert d\u2019Adolescents (COA) del Casal dels Infants de Salt empezaron en octubre de 2018 un proceso creativo para hacer una canci\u00f3n entre todos y todas. Lo hicieron con el apoyo de Alicia y Arnau, el equipo educativo del servicio, y tambi\u00e9n con el acompa\u00f1amiento de talleristas de asociaci\u00f3n Arrels Urbanes a trav\u00e9s del proyecto Roots and Beats.<\/span><\/p>\n<p class=\"verd\"><span style=\"color:#000000;\">Meses m\u00e1s tarde, a las puertas del verano, sal\u00edan del estudio de grabaci\u00f3n de la Casa de la M\u00fasica del Giron\u00e8s con el trabajo hecho. \u201cVenim a celebrar que tots som iguals\u201d fue el resultado final, hasta grabaron un videoclip en el que algunos de ellos y ellas bailaban a ritmo de trap en las calles de Salt.<\/span><\/p>\n<p class=\"verd\"><span style=\"color:#000000;\">\u201cAlicia me llam\u00f3 un d\u00eda y me dijo que nos ten\u00eda que hablar de algo muy especial\u201d, explica Madou, uno de los participantes del COA, cuando recuerda c\u00f3mo empez\u00f3 todo. Cuando el grupo supo el motivo de tanto misterio, nadie se decepcion\u00f3. Enseguida se organizaron en tres grupos: uno para quienes quisieran cantar, uno para percusionistas y un tercero para quienes trabajar\u00edan la coreograf\u00eda del videoclip.\u00a0<\/span><\/p>\n<p class=\"verd\"><span style=\"color:#000000;\">El contenido de la canci\u00f3n tambi\u00e9n lo decidieron colectivamente: \u201cPara decidir el tema y la letra escribimos en una cartulina diferentes propuestas de t\u00edtulos y despu\u00e9s palabras que nos suger\u00edan ideas. A partir de aqu\u00ed debatimos\u201d, comenta Bidia, que tambi\u00e9n participa en el COA. Lo que finalmente qued\u00f3 plasmado en la canci\u00f3n es el orgullo por el hecho de ser de Salt que sienten los chicos y chicas, sus ganas de luchar por un futuro y la cr\u00edtica del racismo y las desigualdades: \u201cDecimos que somos de Salt y que nos gusta vivir aqu\u00ed\u201d, resume Madou.<\/span><\/p>\n<p class=\"verd\"><span style=\"color:#000000;\">En este \u00a0v\u00eddeo, participantes del COA de Salt explican c\u00f3mo estaba siendo el proceso creativo de la canci\u00f3n cuando todav\u00eda estaban cre\u00e1ndola.<\/span><\/p>\n<div class=\"video-embed-field-responsive-video form-group\"><iframe loading=\"lazy\" width=\"854\" height=\"480\" frameborder=\"0\" allowfullscreen=\"allowfullscreen\" src=\"https:\/\/www.youtube.com\/embed\/3fYAf1Dwwik?autoplay=0&amp;start=0&amp;rel=0\"><\/iframe>\n<\/div>\n<p class=\"destacat-noticia\"><span style=\"color:#000000;\">Madou (participante COA Salt): \u201cDecimos que somos de Salt y que nos gusta vivir aqu\u00ed\u201d<\/span><\/p>\n<p><span style=\"color:#000000;\">Con la canci\u00f3n y el proceso creativo que ha conllevado, en definitiva, Arrels Urbanes y el Casal dels Infants han querido transmitir a los j\u00f3venes que la m\u00fasica comunitaria es una herramienta para empoderarse y transformar la sociedad: \u201cHa sido una experiencia muy enriquecedora y motivadora de aprendizaje compartido, fruto del trabajo en equipo\u201d, concluye Alicia.<\/span><\/p>\n","protected":false},"excerpt":{"rendered":"<div class=\"video-embed-field-responsive-video form-group\"><iframe loading=\"lazy\" width=\"854\" height=\"480\" frameborder=\"0\" allowfullscreen=\"allowfullscreen\" src=\"https:\/\/www.youtube.com\/embed\/sSxUJpdBTsQ?autoplay=0&amp;start=0&amp;rel=0\"><\/iframe>\n<\/div>\n","protected":false},"author":1,"featured_media":0,"comment_status":"open","ping_status":"open","sticky":false,"template":"","format":"standard","meta":{"_acf_changed":false,"_et_pb_use_builder":"","_et_pb_old_content":"","_et_gb_content_width":"","inline_featured_image":false,"footnotes":""},"categories":[105],"tags":[],"seus":[18],"eixos":[99],"class_list":["post-4412","post","type-post","status-publish","format-standard","hentry","category-reportaje","seus-salt","eixos-infancia-y-adolescencia"],"acf":[],"yoast_head":"<!-- This site is optimized with the Yoast SEO plugin v27.4 - https:\/\/yoast.com\/product\/yoast-seo-wordpress\/ -->\n<title>&#039;Venim a celebrar que tots som iguals&#039;, la canci\u00f3n trap del Casal Obert d\u2019Adolescents de Salt| Casal dels Infants<\/title>\n<meta name=\"robots\" content=\"index, follow, max-snippet:-1, max-image-preview:large, max-video-preview:-1\" \/>\n<link rel=\"canonical\" href=\"https:\/\/www.casaldelsinfants.org\/es\/actualidad\/celebramos-que-todos-somos-iguales-cancion-trap-casal-salt\/\" \/>\n<meta property=\"og:locale\" content=\"es_ES\" \/>\n<meta property=\"og:type\" content=\"article\" \/>\n<meta property=\"og:title\" content=\"&#039;Venim a celebrar que tots som iguals&#039;, la canci\u00f3n trap del Casal Obert d\u2019Adolescents de Salt| Casal dels Infants\" \/>\n<meta property=\"og:url\" content=\"https:\/\/www.casaldelsinfants.org\/es\/actualidad\/celebramos-que-todos-somos-iguales-cancion-trap-casal-salt\/\" \/>\n<meta property=\"og:site_name\" content=\"Casal dels Infants\" \/>\n<meta property=\"article:publisher\" content=\"https:\/\/www.facebook.com\/casalinfants\" \/>\n<meta property=\"article:published_time\" content=\"2019-08-27T12:15:47+00:00\" \/>\n<meta property=\"article:modified_time\" content=\"2022-08-17T09:20:08+00:00\" \/>\n<meta name=\"author\" content=\"cdiAdmin\" \/>\n<meta name=\"twitter:card\" content=\"summary_large_image\" \/>\n<meta name=\"twitter:creator\" content=\"@casalinfants\" \/>\n<meta name=\"twitter:site\" content=\"@casalinfants\" \/>\n<meta name=\"twitter:label1\" content=\"Escrito por\" \/>\n\t<meta name=\"twitter:data1\" content=\"cdiAdmin\" \/>\n\t<meta name=\"twitter:label2\" content=\"Tiempo de lectura\" \/>\n\t<meta name=\"twitter:data2\" content=\"2 minutos\" \/>\n<script type=\"application\/ld+json\" class=\"yoast-schema-graph\">{\"@context\":\"https:\\\/\\\/schema.org\",\"@graph\":[{\"@type\":\"Article\",\"@id\":\"https:\\\/\\\/www.casaldelsinfants.org\\\/es\\\/actualidad\\\/celebramos-que-todos-somos-iguales-cancion-trap-casal-salt\\\/#article\",\"isPartOf\":{\"@id\":\"https:\\\/\\\/www.casaldelsinfants.org\\\/es\\\/actualidad\\\/celebramos-que-todos-somos-iguales-cancion-trap-casal-salt\\\/\"},\"author\":{\"name\":\"cdiAdmin\",\"@id\":\"https:\\\/\\\/www.casaldelsinfants.org\\\/es\\\/#\\\/schema\\\/person\\\/97707fc8c64900cf36891127dbf9fba8\"},\"headline\":\"&#039;Venim a celebrar que tots som iguals&#039;, la canci\u00f3n trap del Casal Obert d\u2019Adolescents de Salt\",\"datePublished\":\"2019-08-27T12:15:47+00:00\",\"dateModified\":\"2022-08-17T09:20:08+00:00\",\"mainEntityOfPage\":{\"@id\":\"https:\\\/\\\/www.casaldelsinfants.org\\\/es\\\/actualidad\\\/celebramos-que-todos-somos-iguales-cancion-trap-casal-salt\\\/\"},\"wordCount\":424,\"commentCount\":0,\"publisher\":{\"@id\":\"https:\\\/\\\/www.casaldelsinfants.org\\\/es\\\/#organization\"},\"articleSection\":[\"Reportaje\"],\"inLanguage\":\"es\",\"potentialAction\":[{\"@type\":\"CommentAction\",\"name\":\"Comment\",\"target\":[\"https:\\\/\\\/www.casaldelsinfants.org\\\/es\\\/actualidad\\\/celebramos-que-todos-somos-iguales-cancion-trap-casal-salt\\\/#respond\"]}]},{\"@type\":\"WebPage\",\"@id\":\"https:\\\/\\\/www.casaldelsinfants.org\\\/es\\\/actualidad\\\/celebramos-que-todos-somos-iguales-cancion-trap-casal-salt\\\/\",\"url\":\"https:\\\/\\\/www.casaldelsinfants.org\\\/es\\\/actualidad\\\/celebramos-que-todos-somos-iguales-cancion-trap-casal-salt\\\/\",\"name\":\"'Venim a celebrar que tots som iguals', la canci\u00f3n trap del Casal Obert d\u2019Adolescents de Salt| Casal dels Infants\",\"isPartOf\":{\"@id\":\"https:\\\/\\\/www.casaldelsinfants.org\\\/es\\\/#website\"},\"datePublished\":\"2019-08-27T12:15:47+00:00\",\"dateModified\":\"2022-08-17T09:20:08+00:00\",\"breadcrumb\":{\"@id\":\"https:\\\/\\\/www.casaldelsinfants.org\\\/es\\\/actualidad\\\/celebramos-que-todos-somos-iguales-cancion-trap-casal-salt\\\/#breadcrumb\"},\"inLanguage\":\"es\",\"potentialAction\":[{\"@type\":\"ReadAction\",\"target\":[\"https:\\\/\\\/www.casaldelsinfants.org\\\/es\\\/actualidad\\\/celebramos-que-todos-somos-iguales-cancion-trap-casal-salt\\\/\"]}]},{\"@type\":\"BreadcrumbList\",\"@id\":\"https:\\\/\\\/www.casaldelsinfants.org\\\/es\\\/actualidad\\\/celebramos-que-todos-somos-iguales-cancion-trap-casal-salt\\\/#breadcrumb\",\"itemListElement\":[{\"@type\":\"ListItem\",\"position\":1,\"name\":\"Inici\",\"item\":\"https:\\\/\\\/www.casaldelsinfants.org\\\/es\\\/\"},{\"@type\":\"ListItem\",\"position\":2,\"name\":\"&#039;Venim a celebrar que tots som iguals&#039;, la canci\u00f3n trap del Casal Obert d\u2019Adolescents de Salt\"}]},{\"@type\":\"WebSite\",\"@id\":\"https:\\\/\\\/www.casaldelsinfants.org\\\/es\\\/#website\",\"url\":\"https:\\\/\\\/www.casaldelsinfants.org\\\/es\\\/\",\"name\":\"Casal dels Infants\",\"description\":\"\",\"publisher\":{\"@id\":\"https:\\\/\\\/www.casaldelsinfants.org\\\/es\\\/#organization\"},\"potentialAction\":[{\"@type\":\"SearchAction\",\"target\":{\"@type\":\"EntryPoint\",\"urlTemplate\":\"https:\\\/\\\/www.casaldelsinfants.org\\\/es\\\/?s={search_term_string}\"},\"query-input\":{\"@type\":\"PropertyValueSpecification\",\"valueRequired\":true,\"valueName\":\"search_term_string\"}}],\"inLanguage\":\"es\"},{\"@type\":\"Organization\",\"@id\":\"https:\\\/\\\/www.casaldelsinfants.org\\\/es\\\/#organization\",\"name\":\"Casal dels Infants\",\"url\":\"https:\\\/\\\/www.casaldelsinfants.org\\\/es\\\/\",\"logo\":{\"@type\":\"ImageObject\",\"inLanguage\":\"es\",\"@id\":\"https:\\\/\\\/www.casaldelsinfants.org\\\/es\\\/#\\\/schema\\\/logo\\\/image\\\/\",\"url\":\"https:\\\/\\\/www.casaldelsinfants.org\\\/wp-content\\\/uploads\\\/logo-mail.png\",\"contentUrl\":\"https:\\\/\\\/www.casaldelsinfants.org\\\/wp-content\\\/uploads\\\/logo-mail.png\",\"width\":380,\"height\":158,\"caption\":\"Casal dels Infants\"},\"image\":{\"@id\":\"https:\\\/\\\/www.casaldelsinfants.org\\\/es\\\/#\\\/schema\\\/logo\\\/image\\\/\"},\"sameAs\":[\"https:\\\/\\\/www.facebook.com\\\/casalinfants\",\"https:\\\/\\\/x.com\\\/casalinfants\",\"https:\\\/\\\/www.youtube.com\\\/user\\\/CasaldelsInfants1\",\"https:\\\/\\\/www.instagram.com\\\/casalinfants\\\/\",\"https:\\\/\\\/www.linkedin.com\\\/company\\\/casaldelsinfants?trk=organization-update_share-update_actor-text\"]},{\"@type\":\"Person\",\"@id\":\"https:\\\/\\\/www.casaldelsinfants.org\\\/es\\\/#\\\/schema\\\/person\\\/97707fc8c64900cf36891127dbf9fba8\",\"name\":\"cdiAdmin\",\"sameAs\":[\"https:\\\/\\\/casaldelsinfants.org\"]}]}<\/script>\n<!-- \/ Yoast SEO plugin. -->","yoast_head_json":{"title":"'Venim a celebrar que tots som iguals', la canci\u00f3n trap del Casal Obert d\u2019Adolescents de Salt| Casal dels Infants","robots":{"index":"index","follow":"follow","max-snippet":"max-snippet:-1","max-image-preview":"max-image-preview:large","max-video-preview":"max-video-preview:-1"},"canonical":"https:\/\/www.casaldelsinfants.org\/es\/actualidad\/celebramos-que-todos-somos-iguales-cancion-trap-casal-salt\/","og_locale":"es_ES","og_type":"article","og_title":"'Venim a celebrar que tots som iguals', la canci\u00f3n trap del Casal Obert d\u2019Adolescents de Salt| Casal dels Infants","og_url":"https:\/\/www.casaldelsinfants.org\/es\/actualidad\/celebramos-que-todos-somos-iguales-cancion-trap-casal-salt\/","og_site_name":"Casal dels Infants","article_publisher":"https:\/\/www.facebook.com\/casalinfants","article_published_time":"2019-08-27T12:15:47+00:00","article_modified_time":"2022-08-17T09:20:08+00:00","author":"cdiAdmin","twitter_card":"summary_large_image","twitter_creator":"@casalinfants","twitter_site":"@casalinfants","twitter_misc":{"Escrito por":"cdiAdmin","Tiempo de lectura":"2 minutos"},"schema":{"@context":"https:\/\/schema.org","@graph":[{"@type":"Article","@id":"https:\/\/www.casaldelsinfants.org\/es\/actualidad\/celebramos-que-todos-somos-iguales-cancion-trap-casal-salt\/#article","isPartOf":{"@id":"https:\/\/www.casaldelsinfants.org\/es\/actualidad\/celebramos-que-todos-somos-iguales-cancion-trap-casal-salt\/"},"author":{"name":"cdiAdmin","@id":"https:\/\/www.casaldelsinfants.org\/es\/#\/schema\/person\/97707fc8c64900cf36891127dbf9fba8"},"headline":"&#039;Venim a celebrar que tots som iguals&#039;, la canci\u00f3n trap del Casal Obert d\u2019Adolescents de Salt","datePublished":"2019-08-27T12:15:47+00:00","dateModified":"2022-08-17T09:20:08+00:00","mainEntityOfPage":{"@id":"https:\/\/www.casaldelsinfants.org\/es\/actualidad\/celebramos-que-todos-somos-iguales-cancion-trap-casal-salt\/"},"wordCount":424,"commentCount":0,"publisher":{"@id":"https:\/\/www.casaldelsinfants.org\/es\/#organization"},"articleSection":["Reportaje"],"inLanguage":"es","potentialAction":[{"@type":"CommentAction","name":"Comment","target":["https:\/\/www.casaldelsinfants.org\/es\/actualidad\/celebramos-que-todos-somos-iguales-cancion-trap-casal-salt\/#respond"]}]},{"@type":"WebPage","@id":"https:\/\/www.casaldelsinfants.org\/es\/actualidad\/celebramos-que-todos-somos-iguales-cancion-trap-casal-salt\/","url":"https:\/\/www.casaldelsinfants.org\/es\/actualidad\/celebramos-que-todos-somos-iguales-cancion-trap-casal-salt\/","name":"'Venim a celebrar que tots som iguals', la canci\u00f3n trap del Casal Obert d\u2019Adolescents de Salt| Casal dels Infants","isPartOf":{"@id":"https:\/\/www.casaldelsinfants.org\/es\/#website"},"datePublished":"2019-08-27T12:15:47+00:00","dateModified":"2022-08-17T09:20:08+00:00","breadcrumb":{"@id":"https:\/\/www.casaldelsinfants.org\/es\/actualidad\/celebramos-que-todos-somos-iguales-cancion-trap-casal-salt\/#breadcrumb"},"inLanguage":"es","potentialAction":[{"@type":"ReadAction","target":["https:\/\/www.casaldelsinfants.org\/es\/actualidad\/celebramos-que-todos-somos-iguales-cancion-trap-casal-salt\/"]}]},{"@type":"BreadcrumbList","@id":"https:\/\/www.casaldelsinfants.org\/es\/actualidad\/celebramos-que-todos-somos-iguales-cancion-trap-casal-salt\/#breadcrumb","itemListElement":[{"@type":"ListItem","position":1,"name":"Inici","item":"https:\/\/www.casaldelsinfants.org\/es\/"},{"@type":"ListItem","position":2,"name":"&#039;Venim a celebrar que tots som iguals&#039;, la canci\u00f3n trap del Casal Obert d\u2019Adolescents de Salt"}]},{"@type":"WebSite","@id":"https:\/\/www.casaldelsinfants.org\/es\/#website","url":"https:\/\/www.casaldelsinfants.org\/es\/","name":"Casal dels Infants","description":"","publisher":{"@id":"https:\/\/www.casaldelsinfants.org\/es\/#organization"},"potentialAction":[{"@type":"SearchAction","target":{"@type":"EntryPoint","urlTemplate":"https:\/\/www.casaldelsinfants.org\/es\/?s={search_term_string}"},"query-input":{"@type":"PropertyValueSpecification","valueRequired":true,"valueName":"search_term_string"}}],"inLanguage":"es"},{"@type":"Organization","@id":"https:\/\/www.casaldelsinfants.org\/es\/#organization","name":"Casal dels Infants","url":"https:\/\/www.casaldelsinfants.org\/es\/","logo":{"@type":"ImageObject","inLanguage":"es","@id":"https:\/\/www.casaldelsinfants.org\/es\/#\/schema\/logo\/image\/","url":"https:\/\/www.casaldelsinfants.org\/wp-content\/uploads\/logo-mail.png","contentUrl":"https:\/\/www.casaldelsinfants.org\/wp-content\/uploads\/logo-mail.png","width":380,"height":158,"caption":"Casal dels Infants"},"image":{"@id":"https:\/\/www.casaldelsinfants.org\/es\/#\/schema\/logo\/image\/"},"sameAs":["https:\/\/www.facebook.com\/casalinfants","https:\/\/x.com\/casalinfants","https:\/\/www.youtube.com\/user\/CasaldelsInfants1","https:\/\/www.instagram.com\/casalinfants\/","https:\/\/www.linkedin.com\/company\/casaldelsinfants?trk=organization-update_share-update_actor-text"]},{"@type":"Person","@id":"https:\/\/www.casaldelsinfants.org\/es\/#\/schema\/person\/97707fc8c64900cf36891127dbf9fba8","name":"cdiAdmin","sameAs":["https:\/\/casaldelsinfants.org"]}]}},"publishpress_future_action":{"enabled":false,"date":"2026-05-09 10:19:19","action":"change-status","newStatus":"draft","terms":[],"taxonomy":"category","extraData":[]},"publishpress_future_workflow_manual_trigger":{"enabledWorkflows":[]},"_links":{"self":[{"href":"https:\/\/www.casaldelsinfants.org\/es\/wp-json\/wp\/v2\/posts\/4412","targetHints":{"allow":["GET"]}}],"collection":[{"href":"https:\/\/www.casaldelsinfants.org\/es\/wp-json\/wp\/v2\/posts"}],"about":[{"href":"https:\/\/www.casaldelsinfants.org\/es\/wp-json\/wp\/v2\/types\/post"}],"author":[{"embeddable":true,"href":"https:\/\/www.casaldelsinfants.org\/es\/wp-json\/wp\/v2\/users\/1"}],"replies":[{"embeddable":true,"href":"https:\/\/www.casaldelsinfants.org\/es\/wp-json\/wp\/v2\/comments?post=4412"}],"version-history":[{"count":1,"href":"https:\/\/www.casaldelsinfants.org\/es\/wp-json\/wp\/v2\/posts\/4412\/revisions"}],"predecessor-version":[{"id":6360,"href":"https:\/\/www.casaldelsinfants.org\/es\/wp-json\/wp\/v2\/posts\/4412\/revisions\/6360"}],"wp:attachment":[{"href":"https:\/\/www.casaldelsinfants.org\/es\/wp-json\/wp\/v2\/media?parent=4412"}],"wp:term":[{"taxonomy":"category","embeddable":true,"href":"https:\/\/www.casaldelsinfants.org\/es\/wp-json\/wp\/v2\/categories?post=4412"},{"taxonomy":"post_tag","embeddable":true,"href":"https:\/\/www.casaldelsinfants.org\/es\/wp-json\/wp\/v2\/tags?post=4412"},{"taxonomy":"seus","embeddable":true,"href":"https:\/\/www.casaldelsinfants.org\/es\/wp-json\/wp\/v2\/seus?post=4412"},{"taxonomy":"eixos","embeddable":true,"href":"https:\/\/www.casaldelsinfants.org\/es\/wp-json\/wp\/v2\/eixos?post=4412"}],"curies":[{"name":"wp","href":"https:\/\/api.w.org\/{rel}","templated":true}]}}