{"id":4414,"date":"2019-08-27T13:32:21","date_gmt":"2019-08-27T11:32:21","guid":{"rendered":"https:\/\/casal.puntzero.cat\/noticies\/hamza-joulila-del-casal-dels-infants-cap-de-sala-del-restaurant-moka\/"},"modified":"2022-08-17T11:20:09","modified_gmt":"2022-08-17T09:20:09","slug":"hamza-joulila-del-casal-dels-infants-cap-de-sala-del-restaurant-moka","status":"publish","type":"post","link":"https:\/\/www.casaldelsinfants.org\/es\/actualidad\/hamza-joulila-del-casal-dels-infants-jefe-de-sala-del-restaurante-moka\/","title":{"rendered":"Hamza Joulila: del Casal dels Infants a jefe de sala del restaurante Moka"},"content":{"rendered":"","protected":false},"excerpt":{"rendered":"<p class=\"text-align-center\">En 2005 <strong>Hamza<\/strong> llegaba solo a Barcelona, con todos los interrogantes de un adolescente que aterriza solo en una gran ciudad europea, dejando atr\u00e1s a su familia y amigos en Marruecos para luchar por un futuro mejor. No sab\u00eda hacia donde avanzar, y en el Casal dels Infants encontr\u00f3 el apoyo para hacer \u201cel primer paso en la vida\u201d, como le gusta decir. En la asociaci\u00f3n descubri\u00f3 la pasi\u00f3n por la hosteler\u00eda y una puerta para crecer y mejorar en el oficio. Quien lo acogi\u00f3 y confi\u00f3 en su potencial fue el equipo del hist\u00f3rico <strong>restaurante Moka<\/strong> de la Rambla de Barcelona. All\u00ed hizo las pr\u00e1cticas, lo contrataron para fregar platos y, a baso de trabajo y amor por su trabajo, hoy es el jefe de sala.<\/p>\n<p class=\"text-align-center\">\u00a0<\/p>\n<div class=\"video-embed-field-responsive-video form-group\"><iframe loading=\"lazy\" width=\"854\" height=\"480\" frameborder=\"0\" allowfullscreen=\"allowfullscreen\" src=\"https:\/\/www.youtube.com\/embed\/T-YZw0mwUsg?autoplay=0&amp;start=0&amp;rel=0\"><\/iframe>\n<\/div>\n","protected":false},"author":1,"featured_media":0,"comment_status":"open","ping_status":"open","sticky":false,"template":"","format":"standard","meta":{"_acf_changed":false,"_et_pb_use_builder":"","_et_pb_old_content":"","_et_gb_content_width":"","inline_featured_image":false,"footnotes":""},"categories":[105],"tags":[],"seus":[],"eixos":[110,102],"class_list":["post-4414","post","type-post","status-publish","format-standard","hentry","category-reportaje","eixos-comunidad-casal-dels-infants","eixos-jovenes"],"acf":[],"yoast_head":"<!-- This site is optimized with the Yoast SEO plugin v27.4 - https:\/\/yoast.com\/product\/yoast-seo-wordpress\/ -->\n<title>Noticias | Casal dels Infants<\/title>\n<meta name=\"description\" content=\"Hamza lleg\u00f3 a Barcelona solo y sin familia siendo adolescente. Gracias al Casal se form\u00f3 y encontr\u00f3 el apoyo que necesitaba para seguir adelante. A trav\u00e9s de nuestro programa de formaci\u00f3n e inserci\u00f3n laboral empez\u00f3 unas pr\u00e1cticas en el restaurante Moka, del que hoy, a\u00f1os despu\u00e9s, es jefe de sala. \u00a1Conoce su historia!\" \/>\n<meta name=\"robots\" content=\"index, follow, max-snippet:-1, max-image-preview:large, max-video-preview:-1\" \/>\n<link rel=\"canonical\" href=\"https:\/\/www.casaldelsinfants.org\/es\/actualidad\/hamza-joulila-del-casal-dels-infants-jefe-de-sala-del-restaurante-moka\/\" \/>\n<meta property=\"og:locale\" content=\"es_ES\" \/>\n<meta property=\"og:type\" content=\"article\" \/>\n<meta property=\"og:title\" content=\"Noticias | Casal dels Infants\" \/>\n<meta property=\"og:description\" content=\"Hamza lleg\u00f3 a Barcelona solo y sin familia siendo adolescente. Gracias al Casal se form\u00f3 y encontr\u00f3 el apoyo que necesitaba para seguir adelante. A trav\u00e9s de nuestro programa de formaci\u00f3n e inserci\u00f3n laboral empez\u00f3 unas pr\u00e1cticas en el restaurante Moka, del que hoy, a\u00f1os despu\u00e9s, es jefe de sala. \u00a1Conoce su historia!\" \/>\n<meta property=\"og:url\" content=\"https:\/\/www.casaldelsinfants.org\/es\/actualidad\/hamza-joulila-del-casal-dels-infants-jefe-de-sala-del-restaurante-moka\/\" \/>\n<meta property=\"og:site_name\" content=\"Casal dels Infants\" \/>\n<meta property=\"article:publisher\" content=\"https:\/\/www.facebook.com\/casalinfants\" \/>\n<meta property=\"article:published_time\" content=\"2019-08-27T11:32:21+00:00\" \/>\n<meta property=\"article:modified_time\" content=\"2022-08-17T09:20:09+00:00\" \/>\n<meta name=\"author\" content=\"cdiAdmin\" \/>\n<meta name=\"twitter:card\" content=\"summary_large_image\" \/>\n<meta name=\"twitter:creator\" content=\"@casalinfants\" \/>\n<meta name=\"twitter:site\" content=\"@casalinfants\" \/>\n<meta name=\"twitter:label1\" content=\"Escrito por\" \/>\n\t<meta name=\"twitter:data1\" content=\"cdiAdmin\" \/>\n<script type=\"application\/ld+json\" class=\"yoast-schema-graph\">{\"@context\":\"https:\\\/\\\/schema.org\",\"@graph\":[{\"@type\":\"Article\",\"@id\":\"https:\\\/\\\/www.casaldelsinfants.org\\\/es\\\/actualidad\\\/hamza-joulila-del-casal-dels-infants-jefe-de-sala-del-restaurante-moka\\\/#article\",\"isPartOf\":{\"@id\":\"https:\\\/\\\/www.casaldelsinfants.org\\\/es\\\/actualidad\\\/hamza-joulila-del-casal-dels-infants-jefe-de-sala-del-restaurante-moka\\\/\"},\"author\":{\"name\":\"cdiAdmin\",\"@id\":\"https:\\\/\\\/www.casaldelsinfants.org\\\/es\\\/#\\\/schema\\\/person\\\/97707fc8c64900cf36891127dbf9fba8\"},\"headline\":\"Hamza Joulila: del Casal dels Infants a jefe de sala del restaurante Moka\",\"datePublished\":\"2019-08-27T11:32:21+00:00\",\"dateModified\":\"2022-08-17T09:20:09+00:00\",\"mainEntityOfPage\":{\"@id\":\"https:\\\/\\\/www.casaldelsinfants.org\\\/es\\\/actualidad\\\/hamza-joulila-del-casal-dels-infants-jefe-de-sala-del-restaurante-moka\\\/\"},\"wordCount\":13,\"commentCount\":0,\"publisher\":{\"@id\":\"https:\\\/\\\/www.casaldelsinfants.org\\\/es\\\/#organization\"},\"articleSection\":[\"Reportaje\"],\"inLanguage\":\"es\",\"potentialAction\":[{\"@type\":\"CommentAction\",\"name\":\"Comment\",\"target\":[\"https:\\\/\\\/www.casaldelsinfants.org\\\/es\\\/actualidad\\\/hamza-joulila-del-casal-dels-infants-jefe-de-sala-del-restaurante-moka\\\/#respond\"]}]},{\"@type\":\"WebPage\",\"@id\":\"https:\\\/\\\/www.casaldelsinfants.org\\\/es\\\/actualidad\\\/hamza-joulila-del-casal-dels-infants-jefe-de-sala-del-restaurante-moka\\\/\",\"url\":\"https:\\\/\\\/www.casaldelsinfants.org\\\/es\\\/actualidad\\\/hamza-joulila-del-casal-dels-infants-jefe-de-sala-del-restaurante-moka\\\/\",\"name\":\"Noticias | Casal dels Infants\",\"isPartOf\":{\"@id\":\"https:\\\/\\\/www.casaldelsinfants.org\\\/es\\\/#website\"},\"datePublished\":\"2019-08-27T11:32:21+00:00\",\"dateModified\":\"2022-08-17T09:20:09+00:00\",\"description\":\"Hamza lleg\u00f3 a Barcelona solo y sin familia siendo adolescente. Gracias al Casal se form\u00f3 y encontr\u00f3 el apoyo que necesitaba para seguir adelante. A trav\u00e9s de nuestro programa de formaci\u00f3n e inserci\u00f3n laboral empez\u00f3 unas pr\u00e1cticas en el restaurante Moka, del que hoy, a\u00f1os despu\u00e9s, es jefe de sala. \u00a1Conoce su historia!\",\"breadcrumb\":{\"@id\":\"https:\\\/\\\/www.casaldelsinfants.org\\\/es\\\/actualidad\\\/hamza-joulila-del-casal-dels-infants-jefe-de-sala-del-restaurante-moka\\\/#breadcrumb\"},\"inLanguage\":\"es\",\"potentialAction\":[{\"@type\":\"ReadAction\",\"target\":[\"https:\\\/\\\/www.casaldelsinfants.org\\\/es\\\/actualidad\\\/hamza-joulila-del-casal-dels-infants-jefe-de-sala-del-restaurante-moka\\\/\"]}]},{\"@type\":\"BreadcrumbList\",\"@id\":\"https:\\\/\\\/www.casaldelsinfants.org\\\/es\\\/actualidad\\\/hamza-joulila-del-casal-dels-infants-jefe-de-sala-del-restaurante-moka\\\/#breadcrumb\",\"itemListElement\":[{\"@type\":\"ListItem\",\"position\":1,\"name\":\"Inici\",\"item\":\"https:\\\/\\\/www.casaldelsinfants.org\\\/es\\\/\"},{\"@type\":\"ListItem\",\"position\":2,\"name\":\"Hamza Joulila: del Casal dels Infants a jefe de sala del restaurante Moka\"}]},{\"@type\":\"WebSite\",\"@id\":\"https:\\\/\\\/www.casaldelsinfants.org\\\/es\\\/#website\",\"url\":\"https:\\\/\\\/www.casaldelsinfants.org\\\/es\\\/\",\"name\":\"Casal dels Infants\",\"description\":\"\",\"publisher\":{\"@id\":\"https:\\\/\\\/www.casaldelsinfants.org\\\/es\\\/#organization\"},\"potentialAction\":[{\"@type\":\"SearchAction\",\"target\":{\"@type\":\"EntryPoint\",\"urlTemplate\":\"https:\\\/\\\/www.casaldelsinfants.org\\\/es\\\/?s={search_term_string}\"},\"query-input\":{\"@type\":\"PropertyValueSpecification\",\"valueRequired\":true,\"valueName\":\"search_term_string\"}}],\"inLanguage\":\"es\"},{\"@type\":\"Organization\",\"@id\":\"https:\\\/\\\/www.casaldelsinfants.org\\\/es\\\/#organization\",\"name\":\"Casal dels Infants\",\"url\":\"https:\\\/\\\/www.casaldelsinfants.org\\\/es\\\/\",\"logo\":{\"@type\":\"ImageObject\",\"inLanguage\":\"es\",\"@id\":\"https:\\\/\\\/www.casaldelsinfants.org\\\/es\\\/#\\\/schema\\\/logo\\\/image\\\/\",\"url\":\"https:\\\/\\\/www.casaldelsinfants.org\\\/wp-content\\\/uploads\\\/logo-mail.png\",\"contentUrl\":\"https:\\\/\\\/www.casaldelsinfants.org\\\/wp-content\\\/uploads\\\/logo-mail.png\",\"width\":380,\"height\":158,\"caption\":\"Casal dels Infants\"},\"image\":{\"@id\":\"https:\\\/\\\/www.casaldelsinfants.org\\\/es\\\/#\\\/schema\\\/logo\\\/image\\\/\"},\"sameAs\":[\"https:\\\/\\\/www.facebook.com\\\/casalinfants\",\"https:\\\/\\\/x.com\\\/casalinfants\",\"https:\\\/\\\/www.youtube.com\\\/user\\\/CasaldelsInfants1\",\"https:\\\/\\\/www.instagram.com\\\/casalinfants\\\/\",\"https:\\\/\\\/www.linkedin.com\\\/company\\\/casaldelsinfants?trk=organization-update_share-update_actor-text\"]},{\"@type\":\"Person\",\"@id\":\"https:\\\/\\\/www.casaldelsinfants.org\\\/es\\\/#\\\/schema\\\/person\\\/97707fc8c64900cf36891127dbf9fba8\",\"name\":\"cdiAdmin\",\"sameAs\":[\"https:\\\/\\\/casaldelsinfants.org\"]}]}<\/script>\n<!-- \/ Yoast SEO plugin. -->","yoast_head_json":{"title":"Noticias | Casal dels Infants","description":"Hamza lleg\u00f3 a Barcelona solo y sin familia siendo adolescente. Gracias al Casal se form\u00f3 y encontr\u00f3 el apoyo que necesitaba para seguir adelante. A trav\u00e9s de nuestro programa de formaci\u00f3n e inserci\u00f3n laboral empez\u00f3 unas pr\u00e1cticas en el restaurante Moka, del que hoy, a\u00f1os despu\u00e9s, es jefe de sala. \u00a1Conoce su historia!","robots":{"index":"index","follow":"follow","max-snippet":"max-snippet:-1","max-image-preview":"max-image-preview:large","max-video-preview":"max-video-preview:-1"},"canonical":"https:\/\/www.casaldelsinfants.org\/es\/actualidad\/hamza-joulila-del-casal-dels-infants-jefe-de-sala-del-restaurante-moka\/","og_locale":"es_ES","og_type":"article","og_title":"Noticias | Casal dels Infants","og_description":"Hamza lleg\u00f3 a Barcelona solo y sin familia siendo adolescente. Gracias al Casal se form\u00f3 y encontr\u00f3 el apoyo que necesitaba para seguir adelante. A trav\u00e9s de nuestro programa de formaci\u00f3n e inserci\u00f3n laboral empez\u00f3 unas pr\u00e1cticas en el restaurante Moka, del que hoy, a\u00f1os despu\u00e9s, es jefe de sala. \u00a1Conoce su historia!","og_url":"https:\/\/www.casaldelsinfants.org\/es\/actualidad\/hamza-joulila-del-casal-dels-infants-jefe-de-sala-del-restaurante-moka\/","og_site_name":"Casal dels Infants","article_publisher":"https:\/\/www.facebook.com\/casalinfants","article_published_time":"2019-08-27T11:32:21+00:00","article_modified_time":"2022-08-17T09:20:09+00:00","author":"cdiAdmin","twitter_card":"summary_large_image","twitter_creator":"@casalinfants","twitter_site":"@casalinfants","twitter_misc":{"Escrito por":"cdiAdmin"},"schema":{"@context":"https:\/\/schema.org","@graph":[{"@type":"Article","@id":"https:\/\/www.casaldelsinfants.org\/es\/actualidad\/hamza-joulila-del-casal-dels-infants-jefe-de-sala-del-restaurante-moka\/#article","isPartOf":{"@id":"https:\/\/www.casaldelsinfants.org\/es\/actualidad\/hamza-joulila-del-casal-dels-infants-jefe-de-sala-del-restaurante-moka\/"},"author":{"name":"cdiAdmin","@id":"https:\/\/www.casaldelsinfants.org\/es\/#\/schema\/person\/97707fc8c64900cf36891127dbf9fba8"},"headline":"Hamza Joulila: del Casal dels Infants a jefe de sala del restaurante Moka","datePublished":"2019-08-27T11:32:21+00:00","dateModified":"2022-08-17T09:20:09+00:00","mainEntityOfPage":{"@id":"https:\/\/www.casaldelsinfants.org\/es\/actualidad\/hamza-joulila-del-casal-dels-infants-jefe-de-sala-del-restaurante-moka\/"},"wordCount":13,"commentCount":0,"publisher":{"@id":"https:\/\/www.casaldelsinfants.org\/es\/#organization"},"articleSection":["Reportaje"],"inLanguage":"es","potentialAction":[{"@type":"CommentAction","name":"Comment","target":["https:\/\/www.casaldelsinfants.org\/es\/actualidad\/hamza-joulila-del-casal-dels-infants-jefe-de-sala-del-restaurante-moka\/#respond"]}]},{"@type":"WebPage","@id":"https:\/\/www.casaldelsinfants.org\/es\/actualidad\/hamza-joulila-del-casal-dels-infants-jefe-de-sala-del-restaurante-moka\/","url":"https:\/\/www.casaldelsinfants.org\/es\/actualidad\/hamza-joulila-del-casal-dels-infants-jefe-de-sala-del-restaurante-moka\/","name":"Noticias | Casal dels Infants","isPartOf":{"@id":"https:\/\/www.casaldelsinfants.org\/es\/#website"},"datePublished":"2019-08-27T11:32:21+00:00","dateModified":"2022-08-17T09:20:09+00:00","description":"Hamza lleg\u00f3 a Barcelona solo y sin familia siendo adolescente. Gracias al Casal se form\u00f3 y encontr\u00f3 el apoyo que necesitaba para seguir adelante. A trav\u00e9s de nuestro programa de formaci\u00f3n e inserci\u00f3n laboral empez\u00f3 unas pr\u00e1cticas en el restaurante Moka, del que hoy, a\u00f1os despu\u00e9s, es jefe de sala. \u00a1Conoce su historia!","breadcrumb":{"@id":"https:\/\/www.casaldelsinfants.org\/es\/actualidad\/hamza-joulila-del-casal-dels-infants-jefe-de-sala-del-restaurante-moka\/#breadcrumb"},"inLanguage":"es","potentialAction":[{"@type":"ReadAction","target":["https:\/\/www.casaldelsinfants.org\/es\/actualidad\/hamza-joulila-del-casal-dels-infants-jefe-de-sala-del-restaurante-moka\/"]}]},{"@type":"BreadcrumbList","@id":"https:\/\/www.casaldelsinfants.org\/es\/actualidad\/hamza-joulila-del-casal-dels-infants-jefe-de-sala-del-restaurante-moka\/#breadcrumb","itemListElement":[{"@type":"ListItem","position":1,"name":"Inici","item":"https:\/\/www.casaldelsinfants.org\/es\/"},{"@type":"ListItem","position":2,"name":"Hamza Joulila: del Casal dels Infants a jefe de sala del restaurante Moka"}]},{"@type":"WebSite","@id":"https:\/\/www.casaldelsinfants.org\/es\/#website","url":"https:\/\/www.casaldelsinfants.org\/es\/","name":"Casal dels Infants","description":"","publisher":{"@id":"https:\/\/www.casaldelsinfants.org\/es\/#organization"},"potentialAction":[{"@type":"SearchAction","target":{"@type":"EntryPoint","urlTemplate":"https:\/\/www.casaldelsinfants.org\/es\/?s={search_term_string}"},"query-input":{"@type":"PropertyValueSpecification","valueRequired":true,"valueName":"search_term_string"}}],"inLanguage":"es"},{"@type":"Organization","@id":"https:\/\/www.casaldelsinfants.org\/es\/#organization","name":"Casal dels Infants","url":"https:\/\/www.casaldelsinfants.org\/es\/","logo":{"@type":"ImageObject","inLanguage":"es","@id":"https:\/\/www.casaldelsinfants.org\/es\/#\/schema\/logo\/image\/","url":"https:\/\/www.casaldelsinfants.org\/wp-content\/uploads\/logo-mail.png","contentUrl":"https:\/\/www.casaldelsinfants.org\/wp-content\/uploads\/logo-mail.png","width":380,"height":158,"caption":"Casal dels Infants"},"image":{"@id":"https:\/\/www.casaldelsinfants.org\/es\/#\/schema\/logo\/image\/"},"sameAs":["https:\/\/www.facebook.com\/casalinfants","https:\/\/x.com\/casalinfants","https:\/\/www.youtube.com\/user\/CasaldelsInfants1","https:\/\/www.instagram.com\/casalinfants\/","https:\/\/www.linkedin.com\/company\/casaldelsinfants?trk=organization-update_share-update_actor-text"]},{"@type":"Person","@id":"https:\/\/www.casaldelsinfants.org\/es\/#\/schema\/person\/97707fc8c64900cf36891127dbf9fba8","name":"cdiAdmin","sameAs":["https:\/\/casaldelsinfants.org"]}]}},"publishpress_future_action":{"enabled":false,"date":"2026-05-09 10:31:23","action":"change-status","newStatus":"draft","terms":[],"taxonomy":"category","extraData":[]},"publishpress_future_workflow_manual_trigger":{"enabledWorkflows":[]},"_links":{"self":[{"href":"https:\/\/www.casaldelsinfants.org\/es\/wp-json\/wp\/v2\/posts\/4414","targetHints":{"allow":["GET"]}}],"collection":[{"href":"https:\/\/www.casaldelsinfants.org\/es\/wp-json\/wp\/v2\/posts"}],"about":[{"href":"https:\/\/www.casaldelsinfants.org\/es\/wp-json\/wp\/v2\/types\/post"}],"author":[{"embeddable":true,"href":"https:\/\/www.casaldelsinfants.org\/es\/wp-json\/wp\/v2\/users\/1"}],"replies":[{"embeddable":true,"href":"https:\/\/www.casaldelsinfants.org\/es\/wp-json\/wp\/v2\/comments?post=4414"}],"version-history":[{"count":1,"href":"https:\/\/www.casaldelsinfants.org\/es\/wp-json\/wp\/v2\/posts\/4414\/revisions"}],"predecessor-version":[{"id":6361,"href":"https:\/\/www.casaldelsinfants.org\/es\/wp-json\/wp\/v2\/posts\/4414\/revisions\/6361"}],"wp:attachment":[{"href":"https:\/\/www.casaldelsinfants.org\/es\/wp-json\/wp\/v2\/media?parent=4414"}],"wp:term":[{"taxonomy":"category","embeddable":true,"href":"https:\/\/www.casaldelsinfants.org\/es\/wp-json\/wp\/v2\/categories?post=4414"},{"taxonomy":"post_tag","embeddable":true,"href":"https:\/\/www.casaldelsinfants.org\/es\/wp-json\/wp\/v2\/tags?post=4414"},{"taxonomy":"seus","embeddable":true,"href":"https:\/\/www.casaldelsinfants.org\/es\/wp-json\/wp\/v2\/seus?post=4414"},{"taxonomy":"eixos","embeddable":true,"href":"https:\/\/www.casaldelsinfants.org\/es\/wp-json\/wp\/v2\/eixos?post=4414"}],"curies":[{"name":"wp","href":"https:\/\/api.w.org\/{rel}","templated":true}]}}