{"id":4416,"date":"2019-08-27T12:22:45","date_gmt":"2019-08-27T10:22:45","guid":{"rendered":"https:\/\/casal.puntzero.cat\/noticies\/celebrem-25-anys-de-campaments-noarre-i-tavascan\/"},"modified":"2022-08-17T11:20:10","modified_gmt":"2022-08-17T09:20:10","slug":"celebrem-25-anys-de-campaments-noarre-i-tavascan","status":"publish","type":"post","link":"https:\/\/www.casaldelsinfants.org\/es\/actualidad\/celebramos-25-anos-de-campamentos-en-noarre-y-tavascan\/","title":{"rendered":"Celebramos 25 a\u00f1os de campamentos en Noarre y Tavascan"},"content":{"rendered":"<p><span style=\"color:#000000;\">Corr\u00eda el a\u00f1o 1994 cuando el Casal dels Infants organiz\u00f3 por primera vez una de sus aventuras m\u00e1s emblem\u00e1ticas de la asociaci\u00f3n: los campamentos para adolescentes y j\u00f3venes en el valle de Card\u00f3s, en el Pallars Sobir\u00e0. Ese verano, y los que vendr\u00edan hasta el a\u00f1o 2000, una decena de adolescentes y j\u00f3venes del Raval abandonaban el asfalto y la rutina del barrio para hacer descubrir la cara m\u00e1s agreste de los Pirineos y sus habitantes. Dormir\u00edan en las bordas de Noarre, un peque\u00f1o poblado del municipio de Lladorre a 1.600 metros de altura, sin agua corriente ni ba\u00f1os.<\/span><\/p>\n<p>\n<span style=\"color:#000000;\">Enric Canet, responsable de Relaciones Ciudadanas del Casal dels Infants, fue el impulsor de esta aventura. En este video explica c\u00f3mo nacieron los campamentos, como se hicieron mayores \u2014hoy participan una cuarentena de chicos y chicas que acampan cada verano en el Camping Les bordes de Grau, en el pueblo de Tavascan\u2014 y c\u00f3mo de ellos surgi\u00f3 un proyecto paralelo: el campo de trabajo para j\u00f3venes, en el cual chicos y chicas mayores de 16 a\u00f1os empezar\u00edan a limpiar bosques y caminos y a realizar otras tareas comunitarias, colaborando con la brigada del Ayuntamiento de Lladorre.<\/span><\/p>\n<div class=\"video-embed-field-responsive-video form-group\"><iframe loading=\"lazy\" width=\"854\" height=\"480\" frameborder=\"0\" allowfullscreen=\"allowfullscreen\" src=\"https:\/\/www.youtube.com\/embed\/WZQkvLoM3b4?autoplay=0&amp;start=0&amp;rel=0\"><\/iframe>\n<\/div>\n<p><span style=\"color:#000000;\">Este a\u00f1o, m\u00e1s all\u00e1 de este 25\u00ba aniversario, ha sido una edici\u00f3n especial de los campamentos por la implicaci\u00f3n de j\u00f3venes del Servei de Transici\u00f3 a l\u2019Autonomia (STA) apoyando a los educadores y educadoras. Se trata de j\u00f3venes sin vivienda estable que a trav\u00e9s del STA acceden a un piso compartido y se vinculan a un proceso de formaci\u00f3n e inserci\u00f3n sociolaboral, hasta que consiguen un trabajo y las condiciones para valerse por s\u00ed mismos. En este v\u00eddeo explican qu\u00e9 les ha parecido dar una mano al equipo en Tavascan.<\/span><\/p>\n<div class=\"video-embed-field-responsive-video form-group\"><iframe loading=\"lazy\" width=\"854\" height=\"480\" frameborder=\"0\" allowfullscreen=\"allowfullscreen\" src=\"https:\/\/www.youtube.com\/embed\/SKV31Gl_iWo?autoplay=0&amp;start=0&amp;rel=0\"><\/iframe>\n<\/div>\n<p><span style=\"color:#000000;\">Como pasa en cualquier otro \u00e1mbito del Casal, los campamentos no podr\u00edan salir adelante sin el compromiso y la dedicaci\u00f3n de las personas voluntarias. Han sido fundamentales para animar a los chicos y chicas cuando ten\u00edan que hacer el \u00faltimo esfuerzo antes de coronar el pico de una monta\u00f1a, han compartido sonrisas remoj\u00e1ndose en el lago y el r\u00edo, han hecho posible la magia de las actividades de noche&#8230; Y entre todos ellos y ellas, hemos recogido el testimonio de Caterina Pintado y Rosa Maria Guasch, encargadas de una tarea imprescindible: cocinar para todo el grupo.<\/span><\/p>\n<div class=\"video-embed-field-responsive-video form-group\"><iframe loading=\"lazy\" width=\"854\" height=\"480\" frameborder=\"0\" allowfullscreen=\"allowfullscreen\" src=\"https:\/\/www.youtube.com\/embed\/8rWvkR1KlfM?autoplay=0&amp;start=0&amp;rel=0\"><\/iframe>\n<\/div>\n<p><span style=\"color:#000000;\">Y, finalmente, damos un vistazo al trabajo realizado por los j\u00f3venes del campo de trabajo, que se han sudado de lo lindo con los amigos de la brigada del Ayuntamiento de Lladorre para limpiar caminos, sacar piedras de las carreteras, y, en definitiva, hacer la vida m\u00e1s f\u00e1cil a quienes habitan en este paraje natural \u00fanico. Nos lo explican en este v\u00eddeo Yadir y Kashir.<\/span><\/p>\n<div class=\"video-embed-field-responsive-video form-group\"><iframe loading=\"lazy\" width=\"854\" height=\"480\" frameborder=\"0\" allowfullscreen=\"allowfullscreen\" src=\"https:\/\/www.youtube.com\/embed\/zk-4iOIfXpU?autoplay=0&amp;start=0&amp;rel=0\"><\/iframe>\n<\/div>\n","protected":false},"excerpt":{"rendered":"<p>Corr\u00eda el a\u00f1o 1994 cuando el Casal dels Infants organiz\u00f3 por primera vez una de sus aventuras m\u00e1s emblem\u00e1ticas de la asociaci\u00f3n: los campamentos para adolescentes y j\u00f3venes en el valle de Card\u00f3s, en el Pallars Sobir\u00e0. Ese verano, y los que vendr\u00edan hasta el a\u00f1o 2000, una decena de adolescentes y j\u00f3venes del Raval [&hellip;]<\/p>\n","protected":false},"author":1,"featured_media":3332,"comment_status":"open","ping_status":"open","sticky":false,"template":"","format":"standard","meta":{"_acf_changed":false,"_et_pb_use_builder":"","_et_pb_old_content":"","_et_gb_content_width":"","inline_featured_image":false,"footnotes":""},"categories":[105],"tags":[],"seus":[],"eixos":[102],"class_list":["post-4416","post","type-post","status-publish","format-standard","has-post-thumbnail","hentry","category-reportaje","eixos-jovenes"],"acf":[],"yoast_head":"<!-- This site is optimized with the Yoast SEO plugin v27.4 - https:\/\/yoast.com\/product\/yoast-seo-wordpress\/ -->\n<title>Celebramos 25 a\u00f1os de campamentos en Noarre y Tavascan - Casal dels Infants<\/title>\n<meta name=\"robots\" content=\"index, follow, max-snippet:-1, max-image-preview:large, max-video-preview:-1\" \/>\n<link rel=\"canonical\" href=\"https:\/\/www.casaldelsinfants.org\/es\/actualidad\/celebramos-25-anos-de-campamentos-en-noarre-y-tavascan\/\" \/>\n<meta property=\"og:locale\" content=\"es_ES\" \/>\n<meta property=\"og:type\" content=\"article\" \/>\n<meta property=\"og:title\" content=\"Celebramos 25 a\u00f1os de campamentos en Noarre y Tavascan - Casal dels Infants\" \/>\n<meta property=\"og:description\" content=\"Corr\u00eda el a\u00f1o 1994 cuando el Casal dels Infants organiz\u00f3 por primera vez una de sus aventuras m\u00e1s emblem\u00e1ticas de la asociaci\u00f3n: los campamentos para adolescentes y j\u00f3venes en el valle de Card\u00f3s, en el Pallars Sobir\u00e0. Ese verano, y los que vendr\u00edan hasta el a\u00f1o 2000, una decena de adolescentes y j\u00f3venes del Raval [&hellip;]\" \/>\n<meta property=\"og:url\" content=\"https:\/\/www.casaldelsinfants.org\/es\/actualidad\/celebramos-25-anos-de-campamentos-en-noarre-y-tavascan\/\" \/>\n<meta property=\"og:site_name\" content=\"Casal dels Infants\" \/>\n<meta property=\"article:publisher\" content=\"https:\/\/www.facebook.com\/casalinfants\" \/>\n<meta property=\"article:published_time\" content=\"2019-08-27T10:22:45+00:00\" \/>\n<meta property=\"article:modified_time\" content=\"2022-08-17T09:20:10+00:00\" \/>\n<meta property=\"og:image\" content=\"https:\/\/www.casaldelsinfants.org\/wp-content\/uploads\/1120207-scaled.jpg\" \/>\n\t<meta property=\"og:image:width\" content=\"2560\" \/>\n\t<meta property=\"og:image:height\" content=\"1922\" \/>\n\t<meta property=\"og:image:type\" content=\"image\/jpeg\" \/>\n<meta name=\"author\" content=\"cdiAdmin\" \/>\n<meta name=\"twitter:card\" content=\"summary_large_image\" \/>\n<meta name=\"twitter:creator\" content=\"@casalinfants\" \/>\n<meta name=\"twitter:site\" content=\"@casalinfants\" \/>\n<meta name=\"twitter:label1\" content=\"Escrito por\" \/>\n\t<meta name=\"twitter:data1\" content=\"cdiAdmin\" \/>\n\t<meta name=\"twitter:label2\" content=\"Tiempo de lectura\" \/>\n\t<meta name=\"twitter:data2\" content=\"2 minutos\" \/>\n<script type=\"application\/ld+json\" class=\"yoast-schema-graph\">{\"@context\":\"https:\\\/\\\/schema.org\",\"@graph\":[{\"@type\":\"Article\",\"@id\":\"https:\\\/\\\/www.casaldelsinfants.org\\\/es\\\/actualidad\\\/celebramos-25-anos-de-campamentos-en-noarre-y-tavascan\\\/#article\",\"isPartOf\":{\"@id\":\"https:\\\/\\\/www.casaldelsinfants.org\\\/es\\\/actualidad\\\/celebramos-25-anos-de-campamentos-en-noarre-y-tavascan\\\/\"},\"author\":{\"name\":\"cdiAdmin\",\"@id\":\"https:\\\/\\\/www.casaldelsinfants.org\\\/es\\\/#\\\/schema\\\/person\\\/97707fc8c64900cf36891127dbf9fba8\"},\"headline\":\"Celebramos 25 a\u00f1os de campamentos en Noarre y Tavascan\",\"datePublished\":\"2019-08-27T10:22:45+00:00\",\"dateModified\":\"2022-08-17T09:20:10+00:00\",\"mainEntityOfPage\":{\"@id\":\"https:\\\/\\\/www.casaldelsinfants.org\\\/es\\\/actualidad\\\/celebramos-25-anos-de-campamentos-en-noarre-y-tavascan\\\/\"},\"wordCount\":490,\"commentCount\":0,\"publisher\":{\"@id\":\"https:\\\/\\\/www.casaldelsinfants.org\\\/es\\\/#organization\"},\"image\":{\"@id\":\"https:\\\/\\\/www.casaldelsinfants.org\\\/es\\\/actualidad\\\/celebramos-25-anos-de-campamentos-en-noarre-y-tavascan\\\/#primaryimage\"},\"thumbnailUrl\":\"https:\\\/\\\/www.casaldelsinfants.org\\\/wp-content\\\/uploads\\\/1120207-scaled.jpg\",\"articleSection\":[\"Reportaje\"],\"inLanguage\":\"es\",\"potentialAction\":[{\"@type\":\"CommentAction\",\"name\":\"Comment\",\"target\":[\"https:\\\/\\\/www.casaldelsinfants.org\\\/es\\\/actualidad\\\/celebramos-25-anos-de-campamentos-en-noarre-y-tavascan\\\/#respond\"]}]},{\"@type\":\"WebPage\",\"@id\":\"https:\\\/\\\/www.casaldelsinfants.org\\\/es\\\/actualidad\\\/celebramos-25-anos-de-campamentos-en-noarre-y-tavascan\\\/\",\"url\":\"https:\\\/\\\/www.casaldelsinfants.org\\\/es\\\/actualidad\\\/celebramos-25-anos-de-campamentos-en-noarre-y-tavascan\\\/\",\"name\":\"Celebramos 25 a\u00f1os de campamentos en Noarre y Tavascan - Casal dels Infants\",\"isPartOf\":{\"@id\":\"https:\\\/\\\/www.casaldelsinfants.org\\\/es\\\/#website\"},\"primaryImageOfPage\":{\"@id\":\"https:\\\/\\\/www.casaldelsinfants.org\\\/es\\\/actualidad\\\/celebramos-25-anos-de-campamentos-en-noarre-y-tavascan\\\/#primaryimage\"},\"image\":{\"@id\":\"https:\\\/\\\/www.casaldelsinfants.org\\\/es\\\/actualidad\\\/celebramos-25-anos-de-campamentos-en-noarre-y-tavascan\\\/#primaryimage\"},\"thumbnailUrl\":\"https:\\\/\\\/www.casaldelsinfants.org\\\/wp-content\\\/uploads\\\/1120207-scaled.jpg\",\"datePublished\":\"2019-08-27T10:22:45+00:00\",\"dateModified\":\"2022-08-17T09:20:10+00:00\",\"breadcrumb\":{\"@id\":\"https:\\\/\\\/www.casaldelsinfants.org\\\/es\\\/actualidad\\\/celebramos-25-anos-de-campamentos-en-noarre-y-tavascan\\\/#breadcrumb\"},\"inLanguage\":\"es\",\"potentialAction\":[{\"@type\":\"ReadAction\",\"target\":[\"https:\\\/\\\/www.casaldelsinfants.org\\\/es\\\/actualidad\\\/celebramos-25-anos-de-campamentos-en-noarre-y-tavascan\\\/\"]}]},{\"@type\":\"ImageObject\",\"inLanguage\":\"es\",\"@id\":\"https:\\\/\\\/www.casaldelsinfants.org\\\/es\\\/actualidad\\\/celebramos-25-anos-de-campamentos-en-noarre-y-tavascan\\\/#primaryimage\",\"url\":\"https:\\\/\\\/www.casaldelsinfants.org\\\/wp-content\\\/uploads\\\/1120207-scaled.jpg\",\"contentUrl\":\"https:\\\/\\\/www.casaldelsinfants.org\\\/wp-content\\\/uploads\\\/1120207-scaled.jpg\",\"width\":2560,\"height\":1922,\"caption\":\"Fotografia grupal de joves al campament en Noarre i Tavascan\"},{\"@type\":\"BreadcrumbList\",\"@id\":\"https:\\\/\\\/www.casaldelsinfants.org\\\/es\\\/actualidad\\\/celebramos-25-anos-de-campamentos-en-noarre-y-tavascan\\\/#breadcrumb\",\"itemListElement\":[{\"@type\":\"ListItem\",\"position\":1,\"name\":\"Inici\",\"item\":\"https:\\\/\\\/www.casaldelsinfants.org\\\/es\\\/\"},{\"@type\":\"ListItem\",\"position\":2,\"name\":\"Celebramos 25 a\u00f1os de campamentos en Noarre y Tavascan\"}]},{\"@type\":\"WebSite\",\"@id\":\"https:\\\/\\\/www.casaldelsinfants.org\\\/es\\\/#website\",\"url\":\"https:\\\/\\\/www.casaldelsinfants.org\\\/es\\\/\",\"name\":\"Casal dels Infants\",\"description\":\"\",\"publisher\":{\"@id\":\"https:\\\/\\\/www.casaldelsinfants.org\\\/es\\\/#organization\"},\"potentialAction\":[{\"@type\":\"SearchAction\",\"target\":{\"@type\":\"EntryPoint\",\"urlTemplate\":\"https:\\\/\\\/www.casaldelsinfants.org\\\/es\\\/?s={search_term_string}\"},\"query-input\":{\"@type\":\"PropertyValueSpecification\",\"valueRequired\":true,\"valueName\":\"search_term_string\"}}],\"inLanguage\":\"es\"},{\"@type\":\"Organization\",\"@id\":\"https:\\\/\\\/www.casaldelsinfants.org\\\/es\\\/#organization\",\"name\":\"Casal dels Infants\",\"url\":\"https:\\\/\\\/www.casaldelsinfants.org\\\/es\\\/\",\"logo\":{\"@type\":\"ImageObject\",\"inLanguage\":\"es\",\"@id\":\"https:\\\/\\\/www.casaldelsinfants.org\\\/es\\\/#\\\/schema\\\/logo\\\/image\\\/\",\"url\":\"https:\\\/\\\/www.casaldelsinfants.org\\\/wp-content\\\/uploads\\\/logo-mail.png\",\"contentUrl\":\"https:\\\/\\\/www.casaldelsinfants.org\\\/wp-content\\\/uploads\\\/logo-mail.png\",\"width\":380,\"height\":158,\"caption\":\"Casal dels Infants\"},\"image\":{\"@id\":\"https:\\\/\\\/www.casaldelsinfants.org\\\/es\\\/#\\\/schema\\\/logo\\\/image\\\/\"},\"sameAs\":[\"https:\\\/\\\/www.facebook.com\\\/casalinfants\",\"https:\\\/\\\/x.com\\\/casalinfants\",\"https:\\\/\\\/www.youtube.com\\\/user\\\/CasaldelsInfants1\",\"https:\\\/\\\/www.instagram.com\\\/casalinfants\\\/\",\"https:\\\/\\\/www.linkedin.com\\\/company\\\/casaldelsinfants?trk=organization-update_share-update_actor-text\"]},{\"@type\":\"Person\",\"@id\":\"https:\\\/\\\/www.casaldelsinfants.org\\\/es\\\/#\\\/schema\\\/person\\\/97707fc8c64900cf36891127dbf9fba8\",\"name\":\"cdiAdmin\",\"sameAs\":[\"https:\\\/\\\/casaldelsinfants.org\"]}]}<\/script>\n<!-- \/ Yoast SEO plugin. -->","yoast_head_json":{"title":"Celebramos 25 a\u00f1os de campamentos en Noarre y Tavascan - Casal dels Infants","robots":{"index":"index","follow":"follow","max-snippet":"max-snippet:-1","max-image-preview":"max-image-preview:large","max-video-preview":"max-video-preview:-1"},"canonical":"https:\/\/www.casaldelsinfants.org\/es\/actualidad\/celebramos-25-anos-de-campamentos-en-noarre-y-tavascan\/","og_locale":"es_ES","og_type":"article","og_title":"Celebramos 25 a\u00f1os de campamentos en Noarre y Tavascan - Casal dels Infants","og_description":"Corr\u00eda el a\u00f1o 1994 cuando el Casal dels Infants organiz\u00f3 por primera vez una de sus aventuras m\u00e1s emblem\u00e1ticas de la asociaci\u00f3n: los campamentos para adolescentes y j\u00f3venes en el valle de Card\u00f3s, en el Pallars Sobir\u00e0. Ese verano, y los que vendr\u00edan hasta el a\u00f1o 2000, una decena de adolescentes y j\u00f3venes del Raval [&hellip;]","og_url":"https:\/\/www.casaldelsinfants.org\/es\/actualidad\/celebramos-25-anos-de-campamentos-en-noarre-y-tavascan\/","og_site_name":"Casal dels Infants","article_publisher":"https:\/\/www.facebook.com\/casalinfants","article_published_time":"2019-08-27T10:22:45+00:00","article_modified_time":"2022-08-17T09:20:10+00:00","og_image":[{"width":2560,"height":1922,"url":"https:\/\/www.casaldelsinfants.org\/wp-content\/uploads\/1120207-scaled.jpg","type":"image\/jpeg"}],"author":"cdiAdmin","twitter_card":"summary_large_image","twitter_creator":"@casalinfants","twitter_site":"@casalinfants","twitter_misc":{"Escrito por":"cdiAdmin","Tiempo de lectura":"2 minutos"},"schema":{"@context":"https:\/\/schema.org","@graph":[{"@type":"Article","@id":"https:\/\/www.casaldelsinfants.org\/es\/actualidad\/celebramos-25-anos-de-campamentos-en-noarre-y-tavascan\/#article","isPartOf":{"@id":"https:\/\/www.casaldelsinfants.org\/es\/actualidad\/celebramos-25-anos-de-campamentos-en-noarre-y-tavascan\/"},"author":{"name":"cdiAdmin","@id":"https:\/\/www.casaldelsinfants.org\/es\/#\/schema\/person\/97707fc8c64900cf36891127dbf9fba8"},"headline":"Celebramos 25 a\u00f1os de campamentos en Noarre y Tavascan","datePublished":"2019-08-27T10:22:45+00:00","dateModified":"2022-08-17T09:20:10+00:00","mainEntityOfPage":{"@id":"https:\/\/www.casaldelsinfants.org\/es\/actualidad\/celebramos-25-anos-de-campamentos-en-noarre-y-tavascan\/"},"wordCount":490,"commentCount":0,"publisher":{"@id":"https:\/\/www.casaldelsinfants.org\/es\/#organization"},"image":{"@id":"https:\/\/www.casaldelsinfants.org\/es\/actualidad\/celebramos-25-anos-de-campamentos-en-noarre-y-tavascan\/#primaryimage"},"thumbnailUrl":"https:\/\/www.casaldelsinfants.org\/wp-content\/uploads\/1120207-scaled.jpg","articleSection":["Reportaje"],"inLanguage":"es","potentialAction":[{"@type":"CommentAction","name":"Comment","target":["https:\/\/www.casaldelsinfants.org\/es\/actualidad\/celebramos-25-anos-de-campamentos-en-noarre-y-tavascan\/#respond"]}]},{"@type":"WebPage","@id":"https:\/\/www.casaldelsinfants.org\/es\/actualidad\/celebramos-25-anos-de-campamentos-en-noarre-y-tavascan\/","url":"https:\/\/www.casaldelsinfants.org\/es\/actualidad\/celebramos-25-anos-de-campamentos-en-noarre-y-tavascan\/","name":"Celebramos 25 a\u00f1os de campamentos en Noarre y Tavascan - Casal dels Infants","isPartOf":{"@id":"https:\/\/www.casaldelsinfants.org\/es\/#website"},"primaryImageOfPage":{"@id":"https:\/\/www.casaldelsinfants.org\/es\/actualidad\/celebramos-25-anos-de-campamentos-en-noarre-y-tavascan\/#primaryimage"},"image":{"@id":"https:\/\/www.casaldelsinfants.org\/es\/actualidad\/celebramos-25-anos-de-campamentos-en-noarre-y-tavascan\/#primaryimage"},"thumbnailUrl":"https:\/\/www.casaldelsinfants.org\/wp-content\/uploads\/1120207-scaled.jpg","datePublished":"2019-08-27T10:22:45+00:00","dateModified":"2022-08-17T09:20:10+00:00","breadcrumb":{"@id":"https:\/\/www.casaldelsinfants.org\/es\/actualidad\/celebramos-25-anos-de-campamentos-en-noarre-y-tavascan\/#breadcrumb"},"inLanguage":"es","potentialAction":[{"@type":"ReadAction","target":["https:\/\/www.casaldelsinfants.org\/es\/actualidad\/celebramos-25-anos-de-campamentos-en-noarre-y-tavascan\/"]}]},{"@type":"ImageObject","inLanguage":"es","@id":"https:\/\/www.casaldelsinfants.org\/es\/actualidad\/celebramos-25-anos-de-campamentos-en-noarre-y-tavascan\/#primaryimage","url":"https:\/\/www.casaldelsinfants.org\/wp-content\/uploads\/1120207-scaled.jpg","contentUrl":"https:\/\/www.casaldelsinfants.org\/wp-content\/uploads\/1120207-scaled.jpg","width":2560,"height":1922,"caption":"Fotografia grupal de joves al campament en Noarre i Tavascan"},{"@type":"BreadcrumbList","@id":"https:\/\/www.casaldelsinfants.org\/es\/actualidad\/celebramos-25-anos-de-campamentos-en-noarre-y-tavascan\/#breadcrumb","itemListElement":[{"@type":"ListItem","position":1,"name":"Inici","item":"https:\/\/www.casaldelsinfants.org\/es\/"},{"@type":"ListItem","position":2,"name":"Celebramos 25 a\u00f1os de campamentos en Noarre y Tavascan"}]},{"@type":"WebSite","@id":"https:\/\/www.casaldelsinfants.org\/es\/#website","url":"https:\/\/www.casaldelsinfants.org\/es\/","name":"Casal dels Infants","description":"","publisher":{"@id":"https:\/\/www.casaldelsinfants.org\/es\/#organization"},"potentialAction":[{"@type":"SearchAction","target":{"@type":"EntryPoint","urlTemplate":"https:\/\/www.casaldelsinfants.org\/es\/?s={search_term_string}"},"query-input":{"@type":"PropertyValueSpecification","valueRequired":true,"valueName":"search_term_string"}}],"inLanguage":"es"},{"@type":"Organization","@id":"https:\/\/www.casaldelsinfants.org\/es\/#organization","name":"Casal dels Infants","url":"https:\/\/www.casaldelsinfants.org\/es\/","logo":{"@type":"ImageObject","inLanguage":"es","@id":"https:\/\/www.casaldelsinfants.org\/es\/#\/schema\/logo\/image\/","url":"https:\/\/www.casaldelsinfants.org\/wp-content\/uploads\/logo-mail.png","contentUrl":"https:\/\/www.casaldelsinfants.org\/wp-content\/uploads\/logo-mail.png","width":380,"height":158,"caption":"Casal dels Infants"},"image":{"@id":"https:\/\/www.casaldelsinfants.org\/es\/#\/schema\/logo\/image\/"},"sameAs":["https:\/\/www.facebook.com\/casalinfants","https:\/\/x.com\/casalinfants","https:\/\/www.youtube.com\/user\/CasaldelsInfants1","https:\/\/www.instagram.com\/casalinfants\/","https:\/\/www.linkedin.com\/company\/casaldelsinfants?trk=organization-update_share-update_actor-text"]},{"@type":"Person","@id":"https:\/\/www.casaldelsinfants.org\/es\/#\/schema\/person\/97707fc8c64900cf36891127dbf9fba8","name":"cdiAdmin","sameAs":["https:\/\/casaldelsinfants.org"]}]}},"publishpress_future_action":{"enabled":false,"date":"2026-05-09 10:19:07","action":"change-status","newStatus":"draft","terms":[],"taxonomy":"category","extraData":[]},"publishpress_future_workflow_manual_trigger":{"enabledWorkflows":[]},"_links":{"self":[{"href":"https:\/\/www.casaldelsinfants.org\/es\/wp-json\/wp\/v2\/posts\/4416","targetHints":{"allow":["GET"]}}],"collection":[{"href":"https:\/\/www.casaldelsinfants.org\/es\/wp-json\/wp\/v2\/posts"}],"about":[{"href":"https:\/\/www.casaldelsinfants.org\/es\/wp-json\/wp\/v2\/types\/post"}],"author":[{"embeddable":true,"href":"https:\/\/www.casaldelsinfants.org\/es\/wp-json\/wp\/v2\/users\/1"}],"replies":[{"embeddable":true,"href":"https:\/\/www.casaldelsinfants.org\/es\/wp-json\/wp\/v2\/comments?post=4416"}],"version-history":[{"count":1,"href":"https:\/\/www.casaldelsinfants.org\/es\/wp-json\/wp\/v2\/posts\/4416\/revisions"}],"predecessor-version":[{"id":6362,"href":"https:\/\/www.casaldelsinfants.org\/es\/wp-json\/wp\/v2\/posts\/4416\/revisions\/6362"}],"wp:featuredmedia":[{"embeddable":true,"href":"https:\/\/www.casaldelsinfants.org\/es\/wp-json\/wp\/v2\/media\/3332"}],"wp:attachment":[{"href":"https:\/\/www.casaldelsinfants.org\/es\/wp-json\/wp\/v2\/media?parent=4416"}],"wp:term":[{"taxonomy":"category","embeddable":true,"href":"https:\/\/www.casaldelsinfants.org\/es\/wp-json\/wp\/v2\/categories?post=4416"},{"taxonomy":"post_tag","embeddable":true,"href":"https:\/\/www.casaldelsinfants.org\/es\/wp-json\/wp\/v2\/tags?post=4416"},{"taxonomy":"seus","embeddable":true,"href":"https:\/\/www.casaldelsinfants.org\/es\/wp-json\/wp\/v2\/seus?post=4416"},{"taxonomy":"eixos","embeddable":true,"href":"https:\/\/www.casaldelsinfants.org\/es\/wp-json\/wp\/v2\/eixos?post=4416"}],"curies":[{"name":"wp","href":"https:\/\/api.w.org\/{rel}","templated":true}]}}