{"id":4417,"date":"2019-08-27T10:53:37","date_gmt":"2019-08-27T08:53:37","guid":{"rendered":"https:\/\/casal.puntzero.cat\/noticies\/un-estiu-implicar-les-families-en-lescola\/"},"modified":"2022-08-17T11:20:11","modified_gmt":"2022-08-17T09:20:11","slug":"un-estiu-implicar-les-families-en-lescola","status":"publish","type":"post","link":"https:\/\/www.casaldelsinfants.org\/es\/actualidad\/un-verano-para-implicar-las-familias-en-la-escuela\/","title":{"rendered":"Un verano para implicar a las familias en la escuela"},"content":{"rendered":"<p><span style=\"color:#000000;\">Karen D\u00edaz tiene 23 a\u00f1os, no estudia ni trabaja y vive en el barrio de Sant Roc de Badalona con su compa\u00f1ero y Lolo, su hijo de 2 a\u00f1os. Cuando en junio se acerc\u00f3 a la escuela Baldomer Sol\u00e0 para matricular en P3 al peque\u00f1o, que nunca hab\u00eda ido a la guarder\u00eda y se hab\u00eda separado muy poco de ella, estaba un poco inquieta: \u201cMi miedo era imagin\u00e1rmelo en el aula llorando tanto que me lo tuvieran que mandar para casa\u201d, recuerda. Tambi\u00e9n le angustiaba pensar en la timidez de Lolo, en si ser\u00eda capaz de hacer amigos y relacionarse, de expresarse\u2026<span style=\"color:#000000;\"> <\/span><\/span><\/p>\n<p><span style=\"color:#000000;\">Lo que no se esperaba es que en la escuela le propondr\u00edan una soluci\u00f3n para llevar mejor la inquietud. Le sugirieron que apuntara a Lolo al servicio AP3 del Casal dels Infants, los martes y los jueves por la ma\u00f1ana. All\u00ed encontrar\u00eda a otras madres con hijos e hijas que en septiembre tambi\u00e9n entrar\u00edan a la escuela por primera vez, y contar\u00eda con el apoyo de dos educadoras. A Karen le pareci\u00f3 bien. Le dijeron que AP3 se har\u00eda all\u00ed mismo, en el aula de la escuela Baldomer Sol\u00e0, as\u00ed que Lolo se ir\u00eda acostumbrando a sus espacios.<\/span><\/p>\n<p><span style=\"color:#000000;\">Un mes m\u00e1s tarde, Lolo juega sobre la alfombra de juegos infantiles de AP3 con Eva, educadora del servicio junto con Marina, bien cerca de otros ni\u00f1os y ni\u00f1as. Mientras, a una distancia que antes era inimaginable, Karen, un poco m\u00e1s tranquila, explica c\u00f3mo han sido las dos primeras semanas del servicio: \u201cLas educadoras me est\u00e1n ayudando a conseguir que Lolo hable y juegue m\u00e1s con otros ni\u00f1os, a lograr que no sea tan t\u00edmido\u201d.<\/span><\/p>\n<p class=\"destacat-noticia\">Karen D\u00edaz, participante de AP3 Sant Roc: \u201cLas educadoras me est\u00e1n ayudando a conseguir que Lolo hable y juegue m\u00e1s con otros ni\u00f1os, a lograr que no sea tan t\u00edmido\u201d<\/p>\n<p><span style=\"color:#000000;\">El servicio est\u00e1 pensado precisamente para madres noveles como Karen, con criaturas que no han ido a la guarder\u00eda y no saben qu\u00e9 es separarse de sus padres, seguir los horarios y las din\u00e1micas de un aula, relacionarse con un grupo de compa\u00f1eros ni tener una persona adulta ajena a la familia como referente. Sin embargo, tambi\u00e9n hay madres con hijos mayores que ya han vivido la transici\u00f3n a la escuela y que al tener otra criatura menor de tres a\u00f1o tambi\u00e9n tienen motivos para participar en AP3: \u201cPor un lado, pueden ser un ejemplo y un apoyo para las familias menos experimentadas, pero tambi\u00e9n les va bien ponerse al d\u00eda con rutinas de la crianza que daban por buenas y que conviene repasar\u201d, explica Eva.<\/span><\/p>\n<p>\u00a0<\/p>\n<p><strong>Acompa\u00f1ar desde el respeto<\/strong><br \/>\n<span style=\"color:#000000;\">Aconsejar a las familias con palabras es muy f\u00e1cil, pero asumir su rol en el d\u00eda a d\u00eda, especialmente en el caso de las madres, es mucho m\u00e1s complicado. \u201cNos dirigimos a ellas desde el respeto y sin juzgarlas, porque sabemos que su vida cotidian es complicada\u201d, comenta Marina. Un ejemplo claro es el de la exposici\u00f3n a las pantallas: \u201cCuando comentamos a las madres que no conviene que los ni\u00f1os y ni\u00f1as pasen mucho rato ante el m\u00f3vil o la tele, ellas ya son conscientes que estos no es bueno para los peque\u00f1os e intentan evitarlo. Pero a menudo no encuentran alternativas, porque mientras se encargan de las cargas del hogar necesitan tenerlos distra\u00eddos\u201d. Donde s\u00ed que insisten m\u00e1s Marina y Eva es en intentar que no sobreprotejan ni infantilicen a los peque\u00f1os y peque\u00f1as m\u00e1s de la cuenta. Para que vayan desarrollando el lenguaje, por ejemplo, deben acostumbrarse a decir las cosas por su nombre en lugar de se\u00f1alarlas o usar onomatopeyas.<\/span><\/p>\n<p>\u00a0<\/p>\n<p><strong>Involucraci\u00f3n en la escuela<\/strong><br \/>\n<span style=\"color:#000000;\">AP3 es solo un intensivo de corta duraci\u00f3n para superar el v\u00e9rtigo de empezar la escuela. Pero, justamente para hacer el proceso m\u00e1s llevadero, tendr\u00e1 continuidad en septiembre. Eva y Marina har\u00e1n un seguimiento de c\u00f3mo se han adaptado los ni\u00f1os y ni\u00f1as y sus familias al nuevo curso, y si siguen necesitando alg\u00fan tipo de apoyo las derivar\u00e1n al servicio m\u00e1s adecuado. Algunos de los ni\u00f1os y ni\u00f1as, por ejemplo, podr\u00edan acabar participando en el Casal Obert Infantil de Sant Roc del Casal dels Infants, realizando actividades educativas y de ocio por las tardes.<\/span><\/p>\n<p class=\"destacat-noticia\">Eva Garcia, educadora de AP3 Sant Roc: \u201cLas familias deben ser conscientes de la importancia de la escuela e involucrarse en ella\u201d<\/p>\n<p><span style=\"color:#000000;\">M\u00e1s all\u00e1 de septiembre y al margen de la etapa de 0 a 3 a\u00f1os, la mirada del servicio es a mucho m\u00e1s largo plazo. Los barrios del sur de Badalona siguen registrando un 40% de absentismo escolar en Primaria y un 60% en Secundaria. As\u00ed mismo, la escolarizaci\u00f3n de los ni\u00f1os y ni\u00f1as menores de 3 a\u00f1os es s\u00f3lo del 23%, un 8% si nos fijamos en las guarder\u00edas municipales. Ese necesario, pues, que las familias entiendan e interioricen la importancia de la escuela en el desarrollo de sus ni\u00f1os y ni\u00f1as: \u201cA partir de este pr\u00f3ximo curso, el Baldomer Sol\u00e0 ser\u00e1 un instituto escuela. Esto quiere decir que estos ni\u00f1os y ni\u00f1as realizar\u00e1n todo el itinerario escolar en este centro, que de aqu\u00ed obtendr\u00e1n la mayor parte de sus conocimientos y competencias, desde que lleguen al aula de P3 hasta que acaben la ESO con 16 a\u00f1os. Sus familias tienen que ser conscientes de ello e involucrarse en el proceso\u201d, concluye Eva.<\/span><\/p>\n","protected":false},"excerpt":{"rendered":"<div class=\"video-embed-field-responsive-video form-group\"><iframe loading=\"lazy\" width=\"854\" height=\"480\" frameborder=\"0\" allowfullscreen=\"allowfullscreen\" src=\"https:\/\/www.youtube.com\/embed\/MwkdQ7YfBWw?autoplay=0&amp;start=0&amp;rel=0\"><\/iframe>\n<\/div>\n<p class=\"text-align-center\">\u00a0<\/p>\n<p class=\"text-align-center\">En julio el Casal dels Infants de Badalona ha querido apoyar a familias del barrio de Sant Roc que se sienten inquietas al pensar en lo que les llegar\u00e1 en septiembre: sus hijos e hijas, que no han ido a la guarder\u00eda, empezar\u00e1n P3. Para facilitar la adaptaci\u00f3n a este cambio, los ni\u00f1os y ni\u00f1as y sus madres han podido familiarizarse con las din\u00e1micas y los h\u00e1bitos de las aulas participando en el servicio AP3. Pero m\u00e1s all\u00e1 de esto, en un contexto de alto absentismo escolar en el barrio, el objetivo ha sido que las familias asimilaran que la escuela es clave en el desarrollo de sus hijos e hijas, y por lo tanto, deben implicarse en ella desde el primer d\u00eda.<\/p>\n","protected":false},"author":1,"featured_media":0,"comment_status":"open","ping_status":"open","sticky":false,"template":"","format":"standard","meta":{"_acf_changed":false,"_et_pb_use_builder":"","_et_pb_old_content":"","_et_gb_content_width":"","inline_featured_image":false,"footnotes":""},"categories":[105],"tags":[],"seus":[15],"eixos":[107],"class_list":["post-4417","post","type-post","status-publish","format-standard","hentry","category-reportaje","seus-badalona","eixos-pequena-infancia"],"acf":[],"yoast_head":"<!-- This site is optimized with the Yoast SEO plugin v27.4 - https:\/\/yoast.com\/product\/yoast-seo-wordpress\/ -->\n<title>Un verano para implicar a las familias en la escuela - Casal dels Infants<\/title>\n<meta name=\"robots\" content=\"index, follow, max-snippet:-1, max-image-preview:large, max-video-preview:-1\" \/>\n<link rel=\"canonical\" href=\"https:\/\/www.casaldelsinfants.org\/es\/actualidad\/un-verano-para-implicar-las-familias-en-la-escuela\/\" \/>\n<meta property=\"og:locale\" content=\"es_ES\" \/>\n<meta property=\"og:type\" content=\"article\" \/>\n<meta property=\"og:title\" content=\"Un verano para implicar a las familias en la escuela - Casal dels Infants\" \/>\n<meta property=\"og:description\" content=\"\u00a0 En julio el Casal dels Infants de Badalona ha querido apoyar a familias del barrio de Sant Roc que se sienten inquietas al pensar en lo que les llegar\u00e1 en septiembre: sus hijos e hijas, que no han ido a la guarder\u00eda, empezar\u00e1n P3. Para facilitar la adaptaci\u00f3n a este cambio, los ni\u00f1os y ni\u00f1as y sus madres han podido familiarizarse con las din\u00e1micas y los h\u00e1bitos de las aulas participando en el servicio AP3. Pero m\u00e1s all\u00e1 de esto, en un contexto de alto absentismo escolar en el barrio, el objetivo ha sido que las familias asimilaran que la escuela es clave en el desarrollo de sus hijos e hijas, y por lo tanto, deben implicarse en ella desde el primer d\u00eda.\" \/>\n<meta property=\"og:url\" content=\"https:\/\/www.casaldelsinfants.org\/es\/actualidad\/un-verano-para-implicar-las-familias-en-la-escuela\/\" \/>\n<meta property=\"og:site_name\" content=\"Casal dels Infants\" \/>\n<meta property=\"article:publisher\" content=\"https:\/\/www.facebook.com\/casalinfants\" \/>\n<meta property=\"article:published_time\" content=\"2019-08-27T08:53:37+00:00\" \/>\n<meta property=\"article:modified_time\" content=\"2022-08-17T09:20:11+00:00\" \/>\n<meta name=\"author\" content=\"cdiAdmin\" \/>\n<meta name=\"twitter:card\" content=\"summary_large_image\" \/>\n<meta name=\"twitter:creator\" content=\"@casalinfants\" \/>\n<meta name=\"twitter:site\" content=\"@casalinfants\" \/>\n<meta name=\"twitter:label1\" content=\"Escrito por\" \/>\n\t<meta name=\"twitter:data1\" content=\"cdiAdmin\" \/>\n\t<meta name=\"twitter:label2\" content=\"Tiempo de lectura\" \/>\n\t<meta name=\"twitter:data2\" content=\"5 minutos\" \/>\n<script type=\"application\/ld+json\" class=\"yoast-schema-graph\">{\"@context\":\"https:\\\/\\\/schema.org\",\"@graph\":[{\"@type\":\"Article\",\"@id\":\"https:\\\/\\\/www.casaldelsinfants.org\\\/es\\\/actualidad\\\/un-verano-para-implicar-las-familias-en-la-escuela\\\/#article\",\"isPartOf\":{\"@id\":\"https:\\\/\\\/www.casaldelsinfants.org\\\/es\\\/actualidad\\\/un-verano-para-implicar-las-familias-en-la-escuela\\\/\"},\"author\":{\"name\":\"cdiAdmin\",\"@id\":\"https:\\\/\\\/www.casaldelsinfants.org\\\/es\\\/#\\\/schema\\\/person\\\/97707fc8c64900cf36891127dbf9fba8\"},\"headline\":\"Un verano para implicar a las familias en la escuela\",\"datePublished\":\"2019-08-27T08:53:37+00:00\",\"dateModified\":\"2022-08-17T09:20:11+00:00\",\"mainEntityOfPage\":{\"@id\":\"https:\\\/\\\/www.casaldelsinfants.org\\\/es\\\/actualidad\\\/un-verano-para-implicar-las-familias-en-la-escuela\\\/\"},\"wordCount\":974,\"commentCount\":0,\"publisher\":{\"@id\":\"https:\\\/\\\/www.casaldelsinfants.org\\\/es\\\/#organization\"},\"articleSection\":[\"Reportaje\"],\"inLanguage\":\"es\",\"potentialAction\":[{\"@type\":\"CommentAction\",\"name\":\"Comment\",\"target\":[\"https:\\\/\\\/www.casaldelsinfants.org\\\/es\\\/actualidad\\\/un-verano-para-implicar-las-familias-en-la-escuela\\\/#respond\"]}]},{\"@type\":\"WebPage\",\"@id\":\"https:\\\/\\\/www.casaldelsinfants.org\\\/es\\\/actualidad\\\/un-verano-para-implicar-las-familias-en-la-escuela\\\/\",\"url\":\"https:\\\/\\\/www.casaldelsinfants.org\\\/es\\\/actualidad\\\/un-verano-para-implicar-las-familias-en-la-escuela\\\/\",\"name\":\"Un verano para implicar a las familias en la escuela - Casal dels Infants\",\"isPartOf\":{\"@id\":\"https:\\\/\\\/www.casaldelsinfants.org\\\/es\\\/#website\"},\"datePublished\":\"2019-08-27T08:53:37+00:00\",\"dateModified\":\"2022-08-17T09:20:11+00:00\",\"breadcrumb\":{\"@id\":\"https:\\\/\\\/www.casaldelsinfants.org\\\/es\\\/actualidad\\\/un-verano-para-implicar-las-familias-en-la-escuela\\\/#breadcrumb\"},\"inLanguage\":\"es\",\"potentialAction\":[{\"@type\":\"ReadAction\",\"target\":[\"https:\\\/\\\/www.casaldelsinfants.org\\\/es\\\/actualidad\\\/un-verano-para-implicar-las-familias-en-la-escuela\\\/\"]}]},{\"@type\":\"BreadcrumbList\",\"@id\":\"https:\\\/\\\/www.casaldelsinfants.org\\\/es\\\/actualidad\\\/un-verano-para-implicar-las-familias-en-la-escuela\\\/#breadcrumb\",\"itemListElement\":[{\"@type\":\"ListItem\",\"position\":1,\"name\":\"Inici\",\"item\":\"https:\\\/\\\/www.casaldelsinfants.org\\\/es\\\/\"},{\"@type\":\"ListItem\",\"position\":2,\"name\":\"Un verano para implicar a las familias en la escuela\"}]},{\"@type\":\"WebSite\",\"@id\":\"https:\\\/\\\/www.casaldelsinfants.org\\\/es\\\/#website\",\"url\":\"https:\\\/\\\/www.casaldelsinfants.org\\\/es\\\/\",\"name\":\"Casal dels Infants\",\"description\":\"\",\"publisher\":{\"@id\":\"https:\\\/\\\/www.casaldelsinfants.org\\\/es\\\/#organization\"},\"potentialAction\":[{\"@type\":\"SearchAction\",\"target\":{\"@type\":\"EntryPoint\",\"urlTemplate\":\"https:\\\/\\\/www.casaldelsinfants.org\\\/es\\\/?s={search_term_string}\"},\"query-input\":{\"@type\":\"PropertyValueSpecification\",\"valueRequired\":true,\"valueName\":\"search_term_string\"}}],\"inLanguage\":\"es\"},{\"@type\":\"Organization\",\"@id\":\"https:\\\/\\\/www.casaldelsinfants.org\\\/es\\\/#organization\",\"name\":\"Casal dels Infants\",\"url\":\"https:\\\/\\\/www.casaldelsinfants.org\\\/es\\\/\",\"logo\":{\"@type\":\"ImageObject\",\"inLanguage\":\"es\",\"@id\":\"https:\\\/\\\/www.casaldelsinfants.org\\\/es\\\/#\\\/schema\\\/logo\\\/image\\\/\",\"url\":\"https:\\\/\\\/www.casaldelsinfants.org\\\/wp-content\\\/uploads\\\/logo-mail.png\",\"contentUrl\":\"https:\\\/\\\/www.casaldelsinfants.org\\\/wp-content\\\/uploads\\\/logo-mail.png\",\"width\":380,\"height\":158,\"caption\":\"Casal dels Infants\"},\"image\":{\"@id\":\"https:\\\/\\\/www.casaldelsinfants.org\\\/es\\\/#\\\/schema\\\/logo\\\/image\\\/\"},\"sameAs\":[\"https:\\\/\\\/www.facebook.com\\\/casalinfants\",\"https:\\\/\\\/x.com\\\/casalinfants\",\"https:\\\/\\\/www.youtube.com\\\/user\\\/CasaldelsInfants1\",\"https:\\\/\\\/www.instagram.com\\\/casalinfants\\\/\",\"https:\\\/\\\/www.linkedin.com\\\/company\\\/casaldelsinfants?trk=organization-update_share-update_actor-text\"]},{\"@type\":\"Person\",\"@id\":\"https:\\\/\\\/www.casaldelsinfants.org\\\/es\\\/#\\\/schema\\\/person\\\/97707fc8c64900cf36891127dbf9fba8\",\"name\":\"cdiAdmin\",\"sameAs\":[\"https:\\\/\\\/casaldelsinfants.org\"]}]}<\/script>\n<!-- \/ Yoast SEO plugin. -->","yoast_head_json":{"title":"Un verano para implicar a las familias en la escuela - Casal dels Infants","robots":{"index":"index","follow":"follow","max-snippet":"max-snippet:-1","max-image-preview":"max-image-preview:large","max-video-preview":"max-video-preview:-1"},"canonical":"https:\/\/www.casaldelsinfants.org\/es\/actualidad\/un-verano-para-implicar-las-familias-en-la-escuela\/","og_locale":"es_ES","og_type":"article","og_title":"Un verano para implicar a las familias en la escuela - Casal dels Infants","og_description":"\u00a0 En julio el Casal dels Infants de Badalona ha querido apoyar a familias del barrio de Sant Roc que se sienten inquietas al pensar en lo que les llegar\u00e1 en septiembre: sus hijos e hijas, que no han ido a la guarder\u00eda, empezar\u00e1n P3. Para facilitar la adaptaci\u00f3n a este cambio, los ni\u00f1os y ni\u00f1as y sus madres han podido familiarizarse con las din\u00e1micas y los h\u00e1bitos de las aulas participando en el servicio AP3. Pero m\u00e1s all\u00e1 de esto, en un contexto de alto absentismo escolar en el barrio, el objetivo ha sido que las familias asimilaran que la escuela es clave en el desarrollo de sus hijos e hijas, y por lo tanto, deben implicarse en ella desde el primer d\u00eda.","og_url":"https:\/\/www.casaldelsinfants.org\/es\/actualidad\/un-verano-para-implicar-las-familias-en-la-escuela\/","og_site_name":"Casal dels Infants","article_publisher":"https:\/\/www.facebook.com\/casalinfants","article_published_time":"2019-08-27T08:53:37+00:00","article_modified_time":"2022-08-17T09:20:11+00:00","author":"cdiAdmin","twitter_card":"summary_large_image","twitter_creator":"@casalinfants","twitter_site":"@casalinfants","twitter_misc":{"Escrito por":"cdiAdmin","Tiempo de lectura":"5 minutos"},"schema":{"@context":"https:\/\/schema.org","@graph":[{"@type":"Article","@id":"https:\/\/www.casaldelsinfants.org\/es\/actualidad\/un-verano-para-implicar-las-familias-en-la-escuela\/#article","isPartOf":{"@id":"https:\/\/www.casaldelsinfants.org\/es\/actualidad\/un-verano-para-implicar-las-familias-en-la-escuela\/"},"author":{"name":"cdiAdmin","@id":"https:\/\/www.casaldelsinfants.org\/es\/#\/schema\/person\/97707fc8c64900cf36891127dbf9fba8"},"headline":"Un verano para implicar a las familias en la escuela","datePublished":"2019-08-27T08:53:37+00:00","dateModified":"2022-08-17T09:20:11+00:00","mainEntityOfPage":{"@id":"https:\/\/www.casaldelsinfants.org\/es\/actualidad\/un-verano-para-implicar-las-familias-en-la-escuela\/"},"wordCount":974,"commentCount":0,"publisher":{"@id":"https:\/\/www.casaldelsinfants.org\/es\/#organization"},"articleSection":["Reportaje"],"inLanguage":"es","potentialAction":[{"@type":"CommentAction","name":"Comment","target":["https:\/\/www.casaldelsinfants.org\/es\/actualidad\/un-verano-para-implicar-las-familias-en-la-escuela\/#respond"]}]},{"@type":"WebPage","@id":"https:\/\/www.casaldelsinfants.org\/es\/actualidad\/un-verano-para-implicar-las-familias-en-la-escuela\/","url":"https:\/\/www.casaldelsinfants.org\/es\/actualidad\/un-verano-para-implicar-las-familias-en-la-escuela\/","name":"Un verano para implicar a las familias en la escuela - Casal dels Infants","isPartOf":{"@id":"https:\/\/www.casaldelsinfants.org\/es\/#website"},"datePublished":"2019-08-27T08:53:37+00:00","dateModified":"2022-08-17T09:20:11+00:00","breadcrumb":{"@id":"https:\/\/www.casaldelsinfants.org\/es\/actualidad\/un-verano-para-implicar-las-familias-en-la-escuela\/#breadcrumb"},"inLanguage":"es","potentialAction":[{"@type":"ReadAction","target":["https:\/\/www.casaldelsinfants.org\/es\/actualidad\/un-verano-para-implicar-las-familias-en-la-escuela\/"]}]},{"@type":"BreadcrumbList","@id":"https:\/\/www.casaldelsinfants.org\/es\/actualidad\/un-verano-para-implicar-las-familias-en-la-escuela\/#breadcrumb","itemListElement":[{"@type":"ListItem","position":1,"name":"Inici","item":"https:\/\/www.casaldelsinfants.org\/es\/"},{"@type":"ListItem","position":2,"name":"Un verano para implicar a las familias en la escuela"}]},{"@type":"WebSite","@id":"https:\/\/www.casaldelsinfants.org\/es\/#website","url":"https:\/\/www.casaldelsinfants.org\/es\/","name":"Casal dels Infants","description":"","publisher":{"@id":"https:\/\/www.casaldelsinfants.org\/es\/#organization"},"potentialAction":[{"@type":"SearchAction","target":{"@type":"EntryPoint","urlTemplate":"https:\/\/www.casaldelsinfants.org\/es\/?s={search_term_string}"},"query-input":{"@type":"PropertyValueSpecification","valueRequired":true,"valueName":"search_term_string"}}],"inLanguage":"es"},{"@type":"Organization","@id":"https:\/\/www.casaldelsinfants.org\/es\/#organization","name":"Casal dels Infants","url":"https:\/\/www.casaldelsinfants.org\/es\/","logo":{"@type":"ImageObject","inLanguage":"es","@id":"https:\/\/www.casaldelsinfants.org\/es\/#\/schema\/logo\/image\/","url":"https:\/\/www.casaldelsinfants.org\/wp-content\/uploads\/logo-mail.png","contentUrl":"https:\/\/www.casaldelsinfants.org\/wp-content\/uploads\/logo-mail.png","width":380,"height":158,"caption":"Casal dels Infants"},"image":{"@id":"https:\/\/www.casaldelsinfants.org\/es\/#\/schema\/logo\/image\/"},"sameAs":["https:\/\/www.facebook.com\/casalinfants","https:\/\/x.com\/casalinfants","https:\/\/www.youtube.com\/user\/CasaldelsInfants1","https:\/\/www.instagram.com\/casalinfants\/","https:\/\/www.linkedin.com\/company\/casaldelsinfants?trk=organization-update_share-update_actor-text"]},{"@type":"Person","@id":"https:\/\/www.casaldelsinfants.org\/es\/#\/schema\/person\/97707fc8c64900cf36891127dbf9fba8","name":"cdiAdmin","sameAs":["https:\/\/casaldelsinfants.org"]}]}},"publishpress_future_action":{"enabled":false,"date":"2026-05-09 10:31:23","action":"change-status","newStatus":"draft","terms":[],"taxonomy":"category","extraData":[]},"publishpress_future_workflow_manual_trigger":{"enabledWorkflows":[]},"_links":{"self":[{"href":"https:\/\/www.casaldelsinfants.org\/es\/wp-json\/wp\/v2\/posts\/4417","targetHints":{"allow":["GET"]}}],"collection":[{"href":"https:\/\/www.casaldelsinfants.org\/es\/wp-json\/wp\/v2\/posts"}],"about":[{"href":"https:\/\/www.casaldelsinfants.org\/es\/wp-json\/wp\/v2\/types\/post"}],"author":[{"embeddable":true,"href":"https:\/\/www.casaldelsinfants.org\/es\/wp-json\/wp\/v2\/users\/1"}],"replies":[{"embeddable":true,"href":"https:\/\/www.casaldelsinfants.org\/es\/wp-json\/wp\/v2\/comments?post=4417"}],"version-history":[{"count":1,"href":"https:\/\/www.casaldelsinfants.org\/es\/wp-json\/wp\/v2\/posts\/4417\/revisions"}],"predecessor-version":[{"id":6363,"href":"https:\/\/www.casaldelsinfants.org\/es\/wp-json\/wp\/v2\/posts\/4417\/revisions\/6363"}],"wp:attachment":[{"href":"https:\/\/www.casaldelsinfants.org\/es\/wp-json\/wp\/v2\/media?parent=4417"}],"wp:term":[{"taxonomy":"category","embeddable":true,"href":"https:\/\/www.casaldelsinfants.org\/es\/wp-json\/wp\/v2\/categories?post=4417"},{"taxonomy":"post_tag","embeddable":true,"href":"https:\/\/www.casaldelsinfants.org\/es\/wp-json\/wp\/v2\/tags?post=4417"},{"taxonomy":"seus","embeddable":true,"href":"https:\/\/www.casaldelsinfants.org\/es\/wp-json\/wp\/v2\/seus?post=4417"},{"taxonomy":"eixos","embeddable":true,"href":"https:\/\/www.casaldelsinfants.org\/es\/wp-json\/wp\/v2\/eixos?post=4417"}],"curies":[{"name":"wp","href":"https:\/\/api.w.org\/{rel}","templated":true}]}}