{"id":4420,"date":"2019-07-09T13:47:01","date_gmt":"2019-07-09T11:47:01","guid":{"rendered":"https:\/\/casal.puntzero.cat\/noticies\/celebrem-que-es-reforci-el-paper-dels-assistents-personals\/"},"modified":"2023-05-01T17:54:59","modified_gmt":"2023-05-01T15:54:59","slug":"celebrem-que-es-reforci-el-paper-dels-assistents-personals","status":"publish","type":"post","link":"https:\/\/www.casaldelsinfants.org\/es\/actualidad\/celebramos-que-se-refuerce-el-papel-de-los-asistentes-personales\/","title":{"rendered":"Celebramos que se refuerce el papel de los asistentes personales"},"content":{"rendered":"<p><span style=\"color:#000000;\">El departamento de Treball, Afers Socials i Fam\u00edlies hizo p\u00fablico el 27 de junio que regular\u00e1 la figura del asistente personal para persona con discapacidad f\u00edsica o sordoceguera. El nuevo modelo se aplicar\u00e1 a partir de 2020 e incrementar\u00e1 la dotaci\u00f3n econ\u00f3mica para aquellas personas con dependencia que necesitan el apoyo de un asistente personal hasta un m\u00e1ximo de 2.520 euros al mes. As\u00ed mismo, contempla la dignificaci\u00f3n de las condiciones laborales en la asistencia personal y un modelo de formaci\u00f3n de estos profesionales que tenga m\u00e1s en cuenta el derecho de las personas con discapacidad y en situaci\u00f3n de dependencia. <\/span><\/p>\n<p><span style=\"color:#000000;\">Esta nueva medida se suma al impulso del nuevo Servicio Municipal de Asistencia Personal por parte del Ayuntamiento de Barcelona, que entr\u00f3 en funcionamiento el 1 de abril. Su objetivo es proporcional al colectivo de personas con discapacidad y en situaci\u00f3n de dependencia el apoyo de un asistente personal en las actividades cotidianas y de inclusi\u00f3n en la comunidad.<\/span><\/p>\n<p><span style=\"color:#000000;\">En esta apuesta por reconocer y fortalecer el papel de la asistencia personal, tanto por parte del Ayuntamiento de Barcelona como por parte de la Generalitat, ha tenido un papel destacado Ecom, el movimiento social formado por m\u00e1s de 130 asociaciones de personas con discapacidad f\u00edsica.<\/span><\/p>\n<p><span style=\"color:#000000;\">Cabe recordar que desde 2014 Ecom impulsa con el Casal dels Infants la formaci\u00f3n en Asistencia Personal. En este proyecto de aprendizaje y servicio (APS) participan j\u00f3venes del Servei de Transici\u00f3 a l\u2019Autonomia (STA) Casal dels Infants, que aprenden el oficio de asistente personal a trav\u00e9s de contenidos te\u00f3ricos y tambi\u00e9n realizando pr\u00e1cticas.<\/span><\/p>\n<p><span style=\"color:#000000;\">Desde que la formaci\u00f3n en Asistencia Personal de Ecom y el Casal dels Infants empez\u00f3, m\u00e1s de 100\u00a0j\u00f3venes la han cursado y una veintena ha\u00a0encontrado trabajo en el sector.<\/span><\/p>\n","protected":false},"excerpt":{"rendered":"<p>El departamento de Treball, Afers Socials i Fam\u00edlies hizo p\u00fablico el 27 de junio que regular\u00e1 la figura del asistente personal para persona con discapacidad f\u00edsica o sordoceguera. El nuevo modelo se aplicar\u00e1 a partir de 2020 e incrementar\u00e1 la dotaci\u00f3n econ\u00f3mica para aquellas personas con dependencia que necesitan el apoyo de un asistente personal [&hellip;]<\/p>\n","protected":false},"author":1,"featured_media":3339,"comment_status":"open","ping_status":"open","sticky":false,"template":"","format":"standard","meta":{"_acf_changed":false,"_et_pb_use_builder":"","_et_pb_old_content":"","_et_gb_content_width":"","inline_featured_image":false,"footnotes":""},"categories":[125],"tags":[],"seus":[],"eixos":[102],"class_list":["post-4420","post","type-post","status-publish","format-standard","has-post-thumbnail","hentry","category-noticias","eixos-jovenes"],"acf":[],"yoast_head":"<!-- This site is optimized with the Yoast SEO plugin v27.4 - https:\/\/yoast.com\/product\/yoast-seo-wordpress\/ -->\n<title>Celebramos que se refuerce el papel de los asistentes personales - Casal dels Infants<\/title>\n<meta name=\"robots\" content=\"index, follow, max-snippet:-1, max-image-preview:large, max-video-preview:-1\" \/>\n<link rel=\"canonical\" href=\"https:\/\/www.casaldelsinfants.org\/es\/actualidad\/celebramos-que-se-refuerce-el-papel-de-los-asistentes-personales\/\" \/>\n<meta property=\"og:locale\" content=\"es_ES\" \/>\n<meta property=\"og:type\" content=\"article\" \/>\n<meta property=\"og:title\" content=\"Celebramos que se refuerce el papel de los asistentes personales - Casal dels Infants\" \/>\n<meta property=\"og:description\" content=\"El departamento de Treball, Afers Socials i Fam\u00edlies hizo p\u00fablico el 27 de junio que regular\u00e1 la figura del asistente personal para persona con discapacidad f\u00edsica o sordoceguera. El nuevo modelo se aplicar\u00e1 a partir de 2020 e incrementar\u00e1 la dotaci\u00f3n econ\u00f3mica para aquellas personas con dependencia que necesitan el apoyo de un asistente personal [&hellip;]\" \/>\n<meta property=\"og:url\" content=\"https:\/\/www.casaldelsinfants.org\/es\/actualidad\/celebramos-que-se-refuerce-el-papel-de-los-asistentes-personales\/\" \/>\n<meta property=\"og:site_name\" content=\"Casal dels Infants\" \/>\n<meta property=\"article:publisher\" content=\"https:\/\/www.facebook.com\/casalinfants\" \/>\n<meta property=\"article:published_time\" content=\"2019-07-09T11:47:01+00:00\" \/>\n<meta property=\"article:modified_time\" content=\"2023-05-01T15:54:59+00:00\" \/>\n<meta property=\"og:image\" content=\"https:\/\/www.casaldelsinfants.org\/wp-content\/uploads\/img-20190709-wa0010.jpg\" \/>\n\t<meta property=\"og:image:width\" content=\"1416\" \/>\n\t<meta property=\"og:image:height\" content=\"1062\" \/>\n\t<meta property=\"og:image:type\" content=\"image\/jpeg\" \/>\n<meta name=\"author\" content=\"cdiAdmin\" \/>\n<meta name=\"twitter:card\" content=\"summary_large_image\" \/>\n<meta name=\"twitter:creator\" content=\"@casalinfants\" \/>\n<meta name=\"twitter:site\" content=\"@casalinfants\" \/>\n<meta name=\"twitter:label1\" content=\"Escrito por\" \/>\n\t<meta name=\"twitter:data1\" content=\"cdiAdmin\" \/>\n\t<meta name=\"twitter:label2\" content=\"Tiempo de lectura\" \/>\n\t<meta name=\"twitter:data2\" content=\"2 minutos\" \/>\n<script type=\"application\/ld+json\" class=\"yoast-schema-graph\">{\"@context\":\"https:\\\/\\\/schema.org\",\"@graph\":[{\"@type\":\"Article\",\"@id\":\"https:\\\/\\\/www.casaldelsinfants.org\\\/es\\\/actualidad\\\/celebramos-que-se-refuerce-el-papel-de-los-asistentes-personales\\\/#article\",\"isPartOf\":{\"@id\":\"https:\\\/\\\/www.casaldelsinfants.org\\\/es\\\/actualidad\\\/celebramos-que-se-refuerce-el-papel-de-los-asistentes-personales\\\/\"},\"author\":{\"name\":\"cdiAdmin\",\"@id\":\"https:\\\/\\\/www.casaldelsinfants.org\\\/es\\\/#\\\/schema\\\/person\\\/97707fc8c64900cf36891127dbf9fba8\"},\"headline\":\"Celebramos que se refuerce el papel de los asistentes personales\",\"datePublished\":\"2019-07-09T11:47:01+00:00\",\"dateModified\":\"2023-05-01T15:54:59+00:00\",\"mainEntityOfPage\":{\"@id\":\"https:\\\/\\\/www.casaldelsinfants.org\\\/es\\\/actualidad\\\/celebramos-que-se-refuerce-el-papel-de-los-asistentes-personales\\\/\"},\"wordCount\":317,\"commentCount\":0,\"publisher\":{\"@id\":\"https:\\\/\\\/www.casaldelsinfants.org\\\/es\\\/#organization\"},\"image\":{\"@id\":\"https:\\\/\\\/www.casaldelsinfants.org\\\/es\\\/actualidad\\\/celebramos-que-se-refuerce-el-papel-de-los-asistentes-personales\\\/#primaryimage\"},\"thumbnailUrl\":\"https:\\\/\\\/www.casaldelsinfants.org\\\/wp-content\\\/uploads\\\/img-20190709-wa0010.jpg\",\"articleSection\":[\"Noticia\"],\"inLanguage\":\"es\",\"potentialAction\":[{\"@type\":\"CommentAction\",\"name\":\"Comment\",\"target\":[\"https:\\\/\\\/www.casaldelsinfants.org\\\/es\\\/actualidad\\\/celebramos-que-se-refuerce-el-papel-de-los-asistentes-personales\\\/#respond\"]}]},{\"@type\":\"WebPage\",\"@id\":\"https:\\\/\\\/www.casaldelsinfants.org\\\/es\\\/actualidad\\\/celebramos-que-se-refuerce-el-papel-de-los-asistentes-personales\\\/\",\"url\":\"https:\\\/\\\/www.casaldelsinfants.org\\\/es\\\/actualidad\\\/celebramos-que-se-refuerce-el-papel-de-los-asistentes-personales\\\/\",\"name\":\"Celebramos que se refuerce el papel de los asistentes personales - Casal dels Infants\",\"isPartOf\":{\"@id\":\"https:\\\/\\\/www.casaldelsinfants.org\\\/es\\\/#website\"},\"primaryImageOfPage\":{\"@id\":\"https:\\\/\\\/www.casaldelsinfants.org\\\/es\\\/actualidad\\\/celebramos-que-se-refuerce-el-papel-de-los-asistentes-personales\\\/#primaryimage\"},\"image\":{\"@id\":\"https:\\\/\\\/www.casaldelsinfants.org\\\/es\\\/actualidad\\\/celebramos-que-se-refuerce-el-papel-de-los-asistentes-personales\\\/#primaryimage\"},\"thumbnailUrl\":\"https:\\\/\\\/www.casaldelsinfants.org\\\/wp-content\\\/uploads\\\/img-20190709-wa0010.jpg\",\"datePublished\":\"2019-07-09T11:47:01+00:00\",\"dateModified\":\"2023-05-01T15:54:59+00:00\",\"breadcrumb\":{\"@id\":\"https:\\\/\\\/www.casaldelsinfants.org\\\/es\\\/actualidad\\\/celebramos-que-se-refuerce-el-papel-de-los-asistentes-personales\\\/#breadcrumb\"},\"inLanguage\":\"es\",\"potentialAction\":[{\"@type\":\"ReadAction\",\"target\":[\"https:\\\/\\\/www.casaldelsinfants.org\\\/es\\\/actualidad\\\/celebramos-que-se-refuerce-el-papel-de-los-asistentes-personales\\\/\"]}]},{\"@type\":\"ImageObject\",\"inLanguage\":\"es\",\"@id\":\"https:\\\/\\\/www.casaldelsinfants.org\\\/es\\\/actualidad\\\/celebramos-que-se-refuerce-el-papel-de-los-asistentes-personales\\\/#primaryimage\",\"url\":\"https:\\\/\\\/www.casaldelsinfants.org\\\/wp-content\\\/uploads\\\/img-20190709-wa0010.jpg\",\"contentUrl\":\"https:\\\/\\\/www.casaldelsinfants.org\\\/wp-content\\\/uploads\\\/img-20190709-wa0010.jpg\",\"width\":1416,\"height\":1062,\"caption\":\"assistents personals i persones en cadira de rodes.\"},{\"@type\":\"BreadcrumbList\",\"@id\":\"https:\\\/\\\/www.casaldelsinfants.org\\\/es\\\/actualidad\\\/celebramos-que-se-refuerce-el-papel-de-los-asistentes-personales\\\/#breadcrumb\",\"itemListElement\":[{\"@type\":\"ListItem\",\"position\":1,\"name\":\"Inici\",\"item\":\"https:\\\/\\\/www.casaldelsinfants.org\\\/es\\\/\"},{\"@type\":\"ListItem\",\"position\":2,\"name\":\"Celebramos que se refuerce el papel de los asistentes personales\"}]},{\"@type\":\"WebSite\",\"@id\":\"https:\\\/\\\/www.casaldelsinfants.org\\\/es\\\/#website\",\"url\":\"https:\\\/\\\/www.casaldelsinfants.org\\\/es\\\/\",\"name\":\"Casal dels Infants\",\"description\":\"\",\"publisher\":{\"@id\":\"https:\\\/\\\/www.casaldelsinfants.org\\\/es\\\/#organization\"},\"potentialAction\":[{\"@type\":\"SearchAction\",\"target\":{\"@type\":\"EntryPoint\",\"urlTemplate\":\"https:\\\/\\\/www.casaldelsinfants.org\\\/es\\\/?s={search_term_string}\"},\"query-input\":{\"@type\":\"PropertyValueSpecification\",\"valueRequired\":true,\"valueName\":\"search_term_string\"}}],\"inLanguage\":\"es\"},{\"@type\":\"Organization\",\"@id\":\"https:\\\/\\\/www.casaldelsinfants.org\\\/es\\\/#organization\",\"name\":\"Casal dels Infants\",\"url\":\"https:\\\/\\\/www.casaldelsinfants.org\\\/es\\\/\",\"logo\":{\"@type\":\"ImageObject\",\"inLanguage\":\"es\",\"@id\":\"https:\\\/\\\/www.casaldelsinfants.org\\\/es\\\/#\\\/schema\\\/logo\\\/image\\\/\",\"url\":\"https:\\\/\\\/www.casaldelsinfants.org\\\/wp-content\\\/uploads\\\/logo-mail.png\",\"contentUrl\":\"https:\\\/\\\/www.casaldelsinfants.org\\\/wp-content\\\/uploads\\\/logo-mail.png\",\"width\":380,\"height\":158,\"caption\":\"Casal dels Infants\"},\"image\":{\"@id\":\"https:\\\/\\\/www.casaldelsinfants.org\\\/es\\\/#\\\/schema\\\/logo\\\/image\\\/\"},\"sameAs\":[\"https:\\\/\\\/www.facebook.com\\\/casalinfants\",\"https:\\\/\\\/x.com\\\/casalinfants\",\"https:\\\/\\\/www.youtube.com\\\/user\\\/CasaldelsInfants1\",\"https:\\\/\\\/www.instagram.com\\\/casalinfants\\\/\",\"https:\\\/\\\/www.linkedin.com\\\/company\\\/casaldelsinfants?trk=organization-update_share-update_actor-text\"]},{\"@type\":\"Person\",\"@id\":\"https:\\\/\\\/www.casaldelsinfants.org\\\/es\\\/#\\\/schema\\\/person\\\/97707fc8c64900cf36891127dbf9fba8\",\"name\":\"cdiAdmin\",\"sameAs\":[\"https:\\\/\\\/casaldelsinfants.org\"]}]}<\/script>\n<!-- \/ Yoast SEO plugin. -->","yoast_head_json":{"title":"Celebramos que se refuerce el papel de los asistentes personales - Casal dels Infants","robots":{"index":"index","follow":"follow","max-snippet":"max-snippet:-1","max-image-preview":"max-image-preview:large","max-video-preview":"max-video-preview:-1"},"canonical":"https:\/\/www.casaldelsinfants.org\/es\/actualidad\/celebramos-que-se-refuerce-el-papel-de-los-asistentes-personales\/","og_locale":"es_ES","og_type":"article","og_title":"Celebramos que se refuerce el papel de los asistentes personales - Casal dels Infants","og_description":"El departamento de Treball, Afers Socials i Fam\u00edlies hizo p\u00fablico el 27 de junio que regular\u00e1 la figura del asistente personal para persona con discapacidad f\u00edsica o sordoceguera. El nuevo modelo se aplicar\u00e1 a partir de 2020 e incrementar\u00e1 la dotaci\u00f3n econ\u00f3mica para aquellas personas con dependencia que necesitan el apoyo de un asistente personal [&hellip;]","og_url":"https:\/\/www.casaldelsinfants.org\/es\/actualidad\/celebramos-que-se-refuerce-el-papel-de-los-asistentes-personales\/","og_site_name":"Casal dels Infants","article_publisher":"https:\/\/www.facebook.com\/casalinfants","article_published_time":"2019-07-09T11:47:01+00:00","article_modified_time":"2023-05-01T15:54:59+00:00","og_image":[{"width":1416,"height":1062,"url":"https:\/\/www.casaldelsinfants.org\/wp-content\/uploads\/img-20190709-wa0010.jpg","type":"image\/jpeg"}],"author":"cdiAdmin","twitter_card":"summary_large_image","twitter_creator":"@casalinfants","twitter_site":"@casalinfants","twitter_misc":{"Escrito por":"cdiAdmin","Tiempo de lectura":"2 minutos"},"schema":{"@context":"https:\/\/schema.org","@graph":[{"@type":"Article","@id":"https:\/\/www.casaldelsinfants.org\/es\/actualidad\/celebramos-que-se-refuerce-el-papel-de-los-asistentes-personales\/#article","isPartOf":{"@id":"https:\/\/www.casaldelsinfants.org\/es\/actualidad\/celebramos-que-se-refuerce-el-papel-de-los-asistentes-personales\/"},"author":{"name":"cdiAdmin","@id":"https:\/\/www.casaldelsinfants.org\/es\/#\/schema\/person\/97707fc8c64900cf36891127dbf9fba8"},"headline":"Celebramos que se refuerce el papel de los asistentes personales","datePublished":"2019-07-09T11:47:01+00:00","dateModified":"2023-05-01T15:54:59+00:00","mainEntityOfPage":{"@id":"https:\/\/www.casaldelsinfants.org\/es\/actualidad\/celebramos-que-se-refuerce-el-papel-de-los-asistentes-personales\/"},"wordCount":317,"commentCount":0,"publisher":{"@id":"https:\/\/www.casaldelsinfants.org\/es\/#organization"},"image":{"@id":"https:\/\/www.casaldelsinfants.org\/es\/actualidad\/celebramos-que-se-refuerce-el-papel-de-los-asistentes-personales\/#primaryimage"},"thumbnailUrl":"https:\/\/www.casaldelsinfants.org\/wp-content\/uploads\/img-20190709-wa0010.jpg","articleSection":["Noticia"],"inLanguage":"es","potentialAction":[{"@type":"CommentAction","name":"Comment","target":["https:\/\/www.casaldelsinfants.org\/es\/actualidad\/celebramos-que-se-refuerce-el-papel-de-los-asistentes-personales\/#respond"]}]},{"@type":"WebPage","@id":"https:\/\/www.casaldelsinfants.org\/es\/actualidad\/celebramos-que-se-refuerce-el-papel-de-los-asistentes-personales\/","url":"https:\/\/www.casaldelsinfants.org\/es\/actualidad\/celebramos-que-se-refuerce-el-papel-de-los-asistentes-personales\/","name":"Celebramos que se refuerce el papel de los asistentes personales - Casal dels Infants","isPartOf":{"@id":"https:\/\/www.casaldelsinfants.org\/es\/#website"},"primaryImageOfPage":{"@id":"https:\/\/www.casaldelsinfants.org\/es\/actualidad\/celebramos-que-se-refuerce-el-papel-de-los-asistentes-personales\/#primaryimage"},"image":{"@id":"https:\/\/www.casaldelsinfants.org\/es\/actualidad\/celebramos-que-se-refuerce-el-papel-de-los-asistentes-personales\/#primaryimage"},"thumbnailUrl":"https:\/\/www.casaldelsinfants.org\/wp-content\/uploads\/img-20190709-wa0010.jpg","datePublished":"2019-07-09T11:47:01+00:00","dateModified":"2023-05-01T15:54:59+00:00","breadcrumb":{"@id":"https:\/\/www.casaldelsinfants.org\/es\/actualidad\/celebramos-que-se-refuerce-el-papel-de-los-asistentes-personales\/#breadcrumb"},"inLanguage":"es","potentialAction":[{"@type":"ReadAction","target":["https:\/\/www.casaldelsinfants.org\/es\/actualidad\/celebramos-que-se-refuerce-el-papel-de-los-asistentes-personales\/"]}]},{"@type":"ImageObject","inLanguage":"es","@id":"https:\/\/www.casaldelsinfants.org\/es\/actualidad\/celebramos-que-se-refuerce-el-papel-de-los-asistentes-personales\/#primaryimage","url":"https:\/\/www.casaldelsinfants.org\/wp-content\/uploads\/img-20190709-wa0010.jpg","contentUrl":"https:\/\/www.casaldelsinfants.org\/wp-content\/uploads\/img-20190709-wa0010.jpg","width":1416,"height":1062,"caption":"assistents personals i persones en cadira de rodes."},{"@type":"BreadcrumbList","@id":"https:\/\/www.casaldelsinfants.org\/es\/actualidad\/celebramos-que-se-refuerce-el-papel-de-los-asistentes-personales\/#breadcrumb","itemListElement":[{"@type":"ListItem","position":1,"name":"Inici","item":"https:\/\/www.casaldelsinfants.org\/es\/"},{"@type":"ListItem","position":2,"name":"Celebramos que se refuerce el papel de los asistentes personales"}]},{"@type":"WebSite","@id":"https:\/\/www.casaldelsinfants.org\/es\/#website","url":"https:\/\/www.casaldelsinfants.org\/es\/","name":"Casal dels Infants","description":"","publisher":{"@id":"https:\/\/www.casaldelsinfants.org\/es\/#organization"},"potentialAction":[{"@type":"SearchAction","target":{"@type":"EntryPoint","urlTemplate":"https:\/\/www.casaldelsinfants.org\/es\/?s={search_term_string}"},"query-input":{"@type":"PropertyValueSpecification","valueRequired":true,"valueName":"search_term_string"}}],"inLanguage":"es"},{"@type":"Organization","@id":"https:\/\/www.casaldelsinfants.org\/es\/#organization","name":"Casal dels Infants","url":"https:\/\/www.casaldelsinfants.org\/es\/","logo":{"@type":"ImageObject","inLanguage":"es","@id":"https:\/\/www.casaldelsinfants.org\/es\/#\/schema\/logo\/image\/","url":"https:\/\/www.casaldelsinfants.org\/wp-content\/uploads\/logo-mail.png","contentUrl":"https:\/\/www.casaldelsinfants.org\/wp-content\/uploads\/logo-mail.png","width":380,"height":158,"caption":"Casal dels Infants"},"image":{"@id":"https:\/\/www.casaldelsinfants.org\/es\/#\/schema\/logo\/image\/"},"sameAs":["https:\/\/www.facebook.com\/casalinfants","https:\/\/x.com\/casalinfants","https:\/\/www.youtube.com\/user\/CasaldelsInfants1","https:\/\/www.instagram.com\/casalinfants\/","https:\/\/www.linkedin.com\/company\/casaldelsinfants?trk=organization-update_share-update_actor-text"]},{"@type":"Person","@id":"https:\/\/www.casaldelsinfants.org\/es\/#\/schema\/person\/97707fc8c64900cf36891127dbf9fba8","name":"cdiAdmin","sameAs":["https:\/\/casaldelsinfants.org"]}]}},"publishpress_future_action":{"enabled":false,"date":"2026-05-07 05:04:19","action":"change-status","newStatus":"draft","terms":[],"taxonomy":"category","extraData":[]},"publishpress_future_workflow_manual_trigger":{"enabledWorkflows":[]},"_links":{"self":[{"href":"https:\/\/www.casaldelsinfants.org\/es\/wp-json\/wp\/v2\/posts\/4420","targetHints":{"allow":["GET"]}}],"collection":[{"href":"https:\/\/www.casaldelsinfants.org\/es\/wp-json\/wp\/v2\/posts"}],"about":[{"href":"https:\/\/www.casaldelsinfants.org\/es\/wp-json\/wp\/v2\/types\/post"}],"author":[{"embeddable":true,"href":"https:\/\/www.casaldelsinfants.org\/es\/wp-json\/wp\/v2\/users\/1"}],"replies":[{"embeddable":true,"href":"https:\/\/www.casaldelsinfants.org\/es\/wp-json\/wp\/v2\/comments?post=4420"}],"version-history":[{"count":1,"href":"https:\/\/www.casaldelsinfants.org\/es\/wp-json\/wp\/v2\/posts\/4420\/revisions"}],"predecessor-version":[{"id":6365,"href":"https:\/\/www.casaldelsinfants.org\/es\/wp-json\/wp\/v2\/posts\/4420\/revisions\/6365"}],"wp:featuredmedia":[{"embeddable":true,"href":"https:\/\/www.casaldelsinfants.org\/es\/wp-json\/wp\/v2\/media\/3339"}],"wp:attachment":[{"href":"https:\/\/www.casaldelsinfants.org\/es\/wp-json\/wp\/v2\/media?parent=4420"}],"wp:term":[{"taxonomy":"category","embeddable":true,"href":"https:\/\/www.casaldelsinfants.org\/es\/wp-json\/wp\/v2\/categories?post=4420"},{"taxonomy":"post_tag","embeddable":true,"href":"https:\/\/www.casaldelsinfants.org\/es\/wp-json\/wp\/v2\/tags?post=4420"},{"taxonomy":"seus","embeddable":true,"href":"https:\/\/www.casaldelsinfants.org\/es\/wp-json\/wp\/v2\/seus?post=4420"},{"taxonomy":"eixos","embeddable":true,"href":"https:\/\/www.casaldelsinfants.org\/es\/wp-json\/wp\/v2\/eixos?post=4420"}],"curies":[{"name":"wp","href":"https:\/\/api.w.org\/{rel}","templated":true}]}}