{"id":4421,"date":"2019-07-09T11:58:07","date_gmt":"2019-07-09T09:58:07","guid":{"rendered":"https:\/\/casal.puntzero.cat\/noticies\/un-nou-hort-comunitari-al-barri-del-raval-enfortir-el-teixit-veinal-i-els-vincles\/"},"modified":"2023-05-01T17:55:05","modified_gmt":"2023-05-01T15:55:05","slug":"un-nou-hort-comunitari-al-barri-del-raval-enfortir-el-teixit-veinal-i-els-vincles","status":"publish","type":"post","link":"https:\/\/www.casaldelsinfants.org\/es\/actualidad\/nuevo-huerto-comunitario-barrio-raval-vecinos\/","title":{"rendered":"Un nuevo huerto comunitario en el barrio del Raval para fortalecer el tejido vecinal y los v\u00ednculos intergeneracionales"},"content":{"rendered":"<p class=\"text-align-justify\"><span style=\"color:#000000;\">El barrio del Raval de Barcelona cuenta con un nuevo espacio para el vecindario y sus entidades que fomentar\u00e1 el encuentro entre gente de distinta edad: un huerto comunitario en la terraza del Casal Municipal de Gente Mayor Josep Trueta, ubicado en el n\u00famero 31 de la calle de la Reina Am\u00e0lia. A su inauguraci\u00f3n, que tuvo lugar el 3 de julio, asistieron una cincuentena de personas.<\/span><\/p>\n<p class=\"text-align-justify\">\n<span style=\"color:#000000;\">La iniciativa ha sido impulsada por la Subcomisi\u00f3 de Salut Mental i Addiccions de la Comissi\u00f3 de Salut Comunit\u00e0ria del Raval, impulsada por la Fundaci\u00f3n Tot Raval y en la que el Casal dels Infants participa a trav\u00e9s del servicio Espai Tecnol\u00f2gic Comunitari: \u201cGanamos un nuevo espacio que las entidades del barrio podr\u00e1n utilizar gratuitamente, y un punto de encuentra para crear lazos entre j\u00f3venes y mayores\u201d, valoraba Marc Pascual, educador del Espai Tecnol\u00f2gic Comunitari.<\/span><\/p>\n<p class=\"text-align-justify\">\u00a0<\/p>\n<figure role=\"group\" class=\"align-center\">\n<img decoding=\"async\" alt=\"J\u00f3venes del Casal dels Infants junto a las jardineras que han construido para el nuevo huerto comunitario.\" data-entity-type=\"file\" data-entity-uuid=\"80480444-a9f7-434e-a5cf-6ef9c42d2ffb\" data-image-style=\"large\" height=\"360\" src=\"\/wp-content\/uploads\/inline-images\/IMG-20190704-WA0020.jpg\" typeof=\"foaf:Image\" width=\"480\" \/><figcaption>El huerto comunitario ser\u00e1 un espacio para las entidades sociales y el vecindario del Raval, con el objetivo de fortalecer el tejido social del barrio y las relaciones intergeneracionales.<\/figcaption><\/figure>\n<p class=\"text-align-justify\">\n<span style=\"color:#000000;\">Otro de los aspectos positivos de este nuevo huerto es que sus ocho jardineras de madera han sido construidas por participantes del espacio Aterra del Casal dels Infants. El Aterra acoge a j\u00f3venes migrantes de 18 a 24 a\u00f1os que han llegado poco a Catalunya con el objetivo de que adquieran herramientas para conocer mejor su entorno, y tambi\u00e9n les ofrece una formaci\u00f3n competencial en mantenimiento de eficios. Hace pocas semanas los chicos del Aterra ya entregaron otras dos jardineras a la guarder\u00eda municipal Canig\u00f3 por encargo de su AMPA.<\/span><\/p>\n<p class=\"text-align-justify\">\n<span style=\"color:#000000;\">La construcci\u00f3n de estas jardineras ha sido posible gracias al Servicio de Rehabilitaci\u00f3n Comunitaria del Parque Sanitario Sant Joan de D\u00e9u, que ha aportado su apoyo econ\u00f3mico para adquirir los materiales necesarios.<\/span><\/p>\n","protected":false},"excerpt":{"rendered":"<p>El barrio del Raval de Barcelona cuenta con un nuevo espacio para el vecindario y sus entidades que fomentar\u00e1 el encuentro entre gente de distinta edad: un huerto comunitario en la terraza del Casal Municipal de Gente Mayor Josep Trueta, ubicado en el n\u00famero 31 de la calle de la Reina Am\u00e0lia. A su inauguraci\u00f3n, [&hellip;]<\/p>\n","protected":false},"author":1,"featured_media":3342,"comment_status":"open","ping_status":"open","sticky":false,"template":"","format":"standard","meta":{"_acf_changed":false,"_et_pb_use_builder":"","_et_pb_old_content":"","_et_gb_content_width":"","inline_featured_image":false,"footnotes":""},"categories":[125],"tags":[],"seus":[16],"eixos":[110],"class_list":["post-4421","post","type-post","status-publish","format-standard","has-post-thumbnail","hentry","category-noticias","seus-el-raval","eixos-comunidad-casal-dels-infants"],"acf":[],"yoast_head":"<!-- This site is optimized with the Yoast SEO plugin v27.4 - https:\/\/yoast.com\/product\/yoast-seo-wordpress\/ -->\n<title>Un nuevo huerto comunitario en el barrio del Raval para fortalecer el tejido vecinal y los v\u00ednculos intergeneracionales - Casal dels Infants<\/title>\n<meta name=\"robots\" content=\"index, follow, max-snippet:-1, max-image-preview:large, max-video-preview:-1\" \/>\n<link rel=\"canonical\" href=\"https:\/\/www.casaldelsinfants.org\/es\/actualidad\/nuevo-huerto-comunitario-barrio-raval-vecinos\/\" \/>\n<meta property=\"og:locale\" content=\"es_ES\" \/>\n<meta property=\"og:type\" content=\"article\" \/>\n<meta property=\"og:title\" content=\"Un nuevo huerto comunitario en el barrio del Raval para fortalecer el tejido vecinal y los v\u00ednculos intergeneracionales - Casal dels Infants\" \/>\n<meta property=\"og:description\" content=\"El barrio del Raval de Barcelona cuenta con un nuevo espacio para el vecindario y sus entidades que fomentar\u00e1 el encuentro entre gente de distinta edad: un huerto comunitario en la terraza del Casal Municipal de Gente Mayor Josep Trueta, ubicado en el n\u00famero 31 de la calle de la Reina Am\u00e0lia. A su inauguraci\u00f3n, [&hellip;]\" \/>\n<meta property=\"og:url\" content=\"https:\/\/www.casaldelsinfants.org\/es\/actualidad\/nuevo-huerto-comunitario-barrio-raval-vecinos\/\" \/>\n<meta property=\"og:site_name\" content=\"Casal dels Infants\" \/>\n<meta property=\"article:publisher\" content=\"https:\/\/www.facebook.com\/casalinfants\" \/>\n<meta property=\"article:published_time\" content=\"2019-07-09T09:58:07+00:00\" \/>\n<meta property=\"article:modified_time\" content=\"2023-05-01T15:55:05+00:00\" \/>\n<meta property=\"og:image\" content=\"https:\/\/www.casaldelsinfants.org\/wp-content\/uploads\/img-20190704-wa0025.jpg\" \/>\n\t<meta property=\"og:image:width\" content=\"1600\" \/>\n\t<meta property=\"og:image:height\" content=\"900\" \/>\n\t<meta property=\"og:image:type\" content=\"image\/jpeg\" \/>\n<meta name=\"author\" content=\"cdiAdmin\" \/>\n<meta name=\"twitter:card\" content=\"summary_large_image\" \/>\n<meta name=\"twitter:creator\" content=\"@casalinfants\" \/>\n<meta name=\"twitter:site\" content=\"@casalinfants\" \/>\n<meta name=\"twitter:label1\" content=\"Escrito por\" \/>\n\t<meta name=\"twitter:data1\" content=\"cdiAdmin\" \/>\n\t<meta name=\"twitter:label2\" content=\"Tiempo de lectura\" \/>\n\t<meta name=\"twitter:data2\" content=\"2 minutos\" \/>\n<script type=\"application\/ld+json\" class=\"yoast-schema-graph\">{\"@context\":\"https:\\\/\\\/schema.org\",\"@graph\":[{\"@type\":\"Article\",\"@id\":\"https:\\\/\\\/www.casaldelsinfants.org\\\/es\\\/actualidad\\\/nuevo-huerto-comunitario-barrio-raval-vecinos\\\/#article\",\"isPartOf\":{\"@id\":\"https:\\\/\\\/www.casaldelsinfants.org\\\/es\\\/actualidad\\\/nuevo-huerto-comunitario-barrio-raval-vecinos\\\/\"},\"author\":{\"name\":\"cdiAdmin\",\"@id\":\"https:\\\/\\\/www.casaldelsinfants.org\\\/es\\\/#\\\/schema\\\/person\\\/97707fc8c64900cf36891127dbf9fba8\"},\"headline\":\"Un nuevo huerto comunitario en el barrio del Raval para fortalecer el tejido vecinal y los v\u00ednculos intergeneracionales\",\"datePublished\":\"2019-07-09T09:58:07+00:00\",\"dateModified\":\"2023-05-01T15:55:05+00:00\",\"mainEntityOfPage\":{\"@id\":\"https:\\\/\\\/www.casaldelsinfants.org\\\/es\\\/actualidad\\\/nuevo-huerto-comunitario-barrio-raval-vecinos\\\/\"},\"wordCount\":327,\"commentCount\":0,\"publisher\":{\"@id\":\"https:\\\/\\\/www.casaldelsinfants.org\\\/es\\\/#organization\"},\"image\":{\"@id\":\"https:\\\/\\\/www.casaldelsinfants.org\\\/es\\\/actualidad\\\/nuevo-huerto-comunitario-barrio-raval-vecinos\\\/#primaryimage\"},\"thumbnailUrl\":\"https:\\\/\\\/www.casaldelsinfants.org\\\/wp-content\\\/uploads\\\/img-20190704-wa0025.jpg\",\"articleSection\":[\"Noticia\"],\"inLanguage\":\"es\",\"potentialAction\":[{\"@type\":\"CommentAction\",\"name\":\"Comment\",\"target\":[\"https:\\\/\\\/www.casaldelsinfants.org\\\/es\\\/actualidad\\\/nuevo-huerto-comunitario-barrio-raval-vecinos\\\/#respond\"]}]},{\"@type\":\"WebPage\",\"@id\":\"https:\\\/\\\/www.casaldelsinfants.org\\\/es\\\/actualidad\\\/nuevo-huerto-comunitario-barrio-raval-vecinos\\\/\",\"url\":\"https:\\\/\\\/www.casaldelsinfants.org\\\/es\\\/actualidad\\\/nuevo-huerto-comunitario-barrio-raval-vecinos\\\/\",\"name\":\"Un nuevo huerto comunitario en el barrio del Raval para fortalecer el tejido vecinal y los v\u00ednculos intergeneracionales - Casal dels Infants\",\"isPartOf\":{\"@id\":\"https:\\\/\\\/www.casaldelsinfants.org\\\/es\\\/#website\"},\"primaryImageOfPage\":{\"@id\":\"https:\\\/\\\/www.casaldelsinfants.org\\\/es\\\/actualidad\\\/nuevo-huerto-comunitario-barrio-raval-vecinos\\\/#primaryimage\"},\"image\":{\"@id\":\"https:\\\/\\\/www.casaldelsinfants.org\\\/es\\\/actualidad\\\/nuevo-huerto-comunitario-barrio-raval-vecinos\\\/#primaryimage\"},\"thumbnailUrl\":\"https:\\\/\\\/www.casaldelsinfants.org\\\/wp-content\\\/uploads\\\/img-20190704-wa0025.jpg\",\"datePublished\":\"2019-07-09T09:58:07+00:00\",\"dateModified\":\"2023-05-01T15:55:05+00:00\",\"breadcrumb\":{\"@id\":\"https:\\\/\\\/www.casaldelsinfants.org\\\/es\\\/actualidad\\\/nuevo-huerto-comunitario-barrio-raval-vecinos\\\/#breadcrumb\"},\"inLanguage\":\"es\",\"potentialAction\":[{\"@type\":\"ReadAction\",\"target\":[\"https:\\\/\\\/www.casaldelsinfants.org\\\/es\\\/actualidad\\\/nuevo-huerto-comunitario-barrio-raval-vecinos\\\/\"]}]},{\"@type\":\"ImageObject\",\"inLanguage\":\"es\",\"@id\":\"https:\\\/\\\/www.casaldelsinfants.org\\\/es\\\/actualidad\\\/nuevo-huerto-comunitario-barrio-raval-vecinos\\\/#primaryimage\",\"url\":\"https:\\\/\\\/www.casaldelsinfants.org\\\/wp-content\\\/uploads\\\/img-20190704-wa0025.jpg\",\"contentUrl\":\"https:\\\/\\\/www.casaldelsinfants.org\\\/wp-content\\\/uploads\\\/img-20190704-wa0025.jpg\",\"width\":1600,\"height\":900,\"caption\":\"Hort comunitari del Raval\"},{\"@type\":\"BreadcrumbList\",\"@id\":\"https:\\\/\\\/www.casaldelsinfants.org\\\/es\\\/actualidad\\\/nuevo-huerto-comunitario-barrio-raval-vecinos\\\/#breadcrumb\",\"itemListElement\":[{\"@type\":\"ListItem\",\"position\":1,\"name\":\"Inici\",\"item\":\"https:\\\/\\\/www.casaldelsinfants.org\\\/es\\\/\"},{\"@type\":\"ListItem\",\"position\":2,\"name\":\"Un nuevo huerto comunitario en el barrio del Raval para fortalecer el tejido vecinal y los v\u00ednculos intergeneracionales\"}]},{\"@type\":\"WebSite\",\"@id\":\"https:\\\/\\\/www.casaldelsinfants.org\\\/es\\\/#website\",\"url\":\"https:\\\/\\\/www.casaldelsinfants.org\\\/es\\\/\",\"name\":\"Casal dels Infants\",\"description\":\"\",\"publisher\":{\"@id\":\"https:\\\/\\\/www.casaldelsinfants.org\\\/es\\\/#organization\"},\"potentialAction\":[{\"@type\":\"SearchAction\",\"target\":{\"@type\":\"EntryPoint\",\"urlTemplate\":\"https:\\\/\\\/www.casaldelsinfants.org\\\/es\\\/?s={search_term_string}\"},\"query-input\":{\"@type\":\"PropertyValueSpecification\",\"valueRequired\":true,\"valueName\":\"search_term_string\"}}],\"inLanguage\":\"es\"},{\"@type\":\"Organization\",\"@id\":\"https:\\\/\\\/www.casaldelsinfants.org\\\/es\\\/#organization\",\"name\":\"Casal dels Infants\",\"url\":\"https:\\\/\\\/www.casaldelsinfants.org\\\/es\\\/\",\"logo\":{\"@type\":\"ImageObject\",\"inLanguage\":\"es\",\"@id\":\"https:\\\/\\\/www.casaldelsinfants.org\\\/es\\\/#\\\/schema\\\/logo\\\/image\\\/\",\"url\":\"https:\\\/\\\/www.casaldelsinfants.org\\\/wp-content\\\/uploads\\\/logo-mail.png\",\"contentUrl\":\"https:\\\/\\\/www.casaldelsinfants.org\\\/wp-content\\\/uploads\\\/logo-mail.png\",\"width\":380,\"height\":158,\"caption\":\"Casal dels Infants\"},\"image\":{\"@id\":\"https:\\\/\\\/www.casaldelsinfants.org\\\/es\\\/#\\\/schema\\\/logo\\\/image\\\/\"},\"sameAs\":[\"https:\\\/\\\/www.facebook.com\\\/casalinfants\",\"https:\\\/\\\/x.com\\\/casalinfants\",\"https:\\\/\\\/www.youtube.com\\\/user\\\/CasaldelsInfants1\",\"https:\\\/\\\/www.instagram.com\\\/casalinfants\\\/\",\"https:\\\/\\\/www.linkedin.com\\\/company\\\/casaldelsinfants?trk=organization-update_share-update_actor-text\"]},{\"@type\":\"Person\",\"@id\":\"https:\\\/\\\/www.casaldelsinfants.org\\\/es\\\/#\\\/schema\\\/person\\\/97707fc8c64900cf36891127dbf9fba8\",\"name\":\"cdiAdmin\",\"sameAs\":[\"https:\\\/\\\/casaldelsinfants.org\"]}]}<\/script>\n<!-- \/ Yoast SEO plugin. -->","yoast_head_json":{"title":"Un nuevo huerto comunitario en el barrio del Raval para fortalecer el tejido vecinal y los v\u00ednculos intergeneracionales - Casal dels Infants","robots":{"index":"index","follow":"follow","max-snippet":"max-snippet:-1","max-image-preview":"max-image-preview:large","max-video-preview":"max-video-preview:-1"},"canonical":"https:\/\/www.casaldelsinfants.org\/es\/actualidad\/nuevo-huerto-comunitario-barrio-raval-vecinos\/","og_locale":"es_ES","og_type":"article","og_title":"Un nuevo huerto comunitario en el barrio del Raval para fortalecer el tejido vecinal y los v\u00ednculos intergeneracionales - Casal dels Infants","og_description":"El barrio del Raval de Barcelona cuenta con un nuevo espacio para el vecindario y sus entidades que fomentar\u00e1 el encuentro entre gente de distinta edad: un huerto comunitario en la terraza del Casal Municipal de Gente Mayor Josep Trueta, ubicado en el n\u00famero 31 de la calle de la Reina Am\u00e0lia. A su inauguraci\u00f3n, [&hellip;]","og_url":"https:\/\/www.casaldelsinfants.org\/es\/actualidad\/nuevo-huerto-comunitario-barrio-raval-vecinos\/","og_site_name":"Casal dels Infants","article_publisher":"https:\/\/www.facebook.com\/casalinfants","article_published_time":"2019-07-09T09:58:07+00:00","article_modified_time":"2023-05-01T15:55:05+00:00","og_image":[{"width":1600,"height":900,"url":"https:\/\/www.casaldelsinfants.org\/wp-content\/uploads\/img-20190704-wa0025.jpg","type":"image\/jpeg"}],"author":"cdiAdmin","twitter_card":"summary_large_image","twitter_creator":"@casalinfants","twitter_site":"@casalinfants","twitter_misc":{"Escrito por":"cdiAdmin","Tiempo de lectura":"2 minutos"},"schema":{"@context":"https:\/\/schema.org","@graph":[{"@type":"Article","@id":"https:\/\/www.casaldelsinfants.org\/es\/actualidad\/nuevo-huerto-comunitario-barrio-raval-vecinos\/#article","isPartOf":{"@id":"https:\/\/www.casaldelsinfants.org\/es\/actualidad\/nuevo-huerto-comunitario-barrio-raval-vecinos\/"},"author":{"name":"cdiAdmin","@id":"https:\/\/www.casaldelsinfants.org\/es\/#\/schema\/person\/97707fc8c64900cf36891127dbf9fba8"},"headline":"Un nuevo huerto comunitario en el barrio del Raval para fortalecer el tejido vecinal y los v\u00ednculos intergeneracionales","datePublished":"2019-07-09T09:58:07+00:00","dateModified":"2023-05-01T15:55:05+00:00","mainEntityOfPage":{"@id":"https:\/\/www.casaldelsinfants.org\/es\/actualidad\/nuevo-huerto-comunitario-barrio-raval-vecinos\/"},"wordCount":327,"commentCount":0,"publisher":{"@id":"https:\/\/www.casaldelsinfants.org\/es\/#organization"},"image":{"@id":"https:\/\/www.casaldelsinfants.org\/es\/actualidad\/nuevo-huerto-comunitario-barrio-raval-vecinos\/#primaryimage"},"thumbnailUrl":"https:\/\/www.casaldelsinfants.org\/wp-content\/uploads\/img-20190704-wa0025.jpg","articleSection":["Noticia"],"inLanguage":"es","potentialAction":[{"@type":"CommentAction","name":"Comment","target":["https:\/\/www.casaldelsinfants.org\/es\/actualidad\/nuevo-huerto-comunitario-barrio-raval-vecinos\/#respond"]}]},{"@type":"WebPage","@id":"https:\/\/www.casaldelsinfants.org\/es\/actualidad\/nuevo-huerto-comunitario-barrio-raval-vecinos\/","url":"https:\/\/www.casaldelsinfants.org\/es\/actualidad\/nuevo-huerto-comunitario-barrio-raval-vecinos\/","name":"Un nuevo huerto comunitario en el barrio del Raval para fortalecer el tejido vecinal y los v\u00ednculos intergeneracionales - Casal dels Infants","isPartOf":{"@id":"https:\/\/www.casaldelsinfants.org\/es\/#website"},"primaryImageOfPage":{"@id":"https:\/\/www.casaldelsinfants.org\/es\/actualidad\/nuevo-huerto-comunitario-barrio-raval-vecinos\/#primaryimage"},"image":{"@id":"https:\/\/www.casaldelsinfants.org\/es\/actualidad\/nuevo-huerto-comunitario-barrio-raval-vecinos\/#primaryimage"},"thumbnailUrl":"https:\/\/www.casaldelsinfants.org\/wp-content\/uploads\/img-20190704-wa0025.jpg","datePublished":"2019-07-09T09:58:07+00:00","dateModified":"2023-05-01T15:55:05+00:00","breadcrumb":{"@id":"https:\/\/www.casaldelsinfants.org\/es\/actualidad\/nuevo-huerto-comunitario-barrio-raval-vecinos\/#breadcrumb"},"inLanguage":"es","potentialAction":[{"@type":"ReadAction","target":["https:\/\/www.casaldelsinfants.org\/es\/actualidad\/nuevo-huerto-comunitario-barrio-raval-vecinos\/"]}]},{"@type":"ImageObject","inLanguage":"es","@id":"https:\/\/www.casaldelsinfants.org\/es\/actualidad\/nuevo-huerto-comunitario-barrio-raval-vecinos\/#primaryimage","url":"https:\/\/www.casaldelsinfants.org\/wp-content\/uploads\/img-20190704-wa0025.jpg","contentUrl":"https:\/\/www.casaldelsinfants.org\/wp-content\/uploads\/img-20190704-wa0025.jpg","width":1600,"height":900,"caption":"Hort comunitari del Raval"},{"@type":"BreadcrumbList","@id":"https:\/\/www.casaldelsinfants.org\/es\/actualidad\/nuevo-huerto-comunitario-barrio-raval-vecinos\/#breadcrumb","itemListElement":[{"@type":"ListItem","position":1,"name":"Inici","item":"https:\/\/www.casaldelsinfants.org\/es\/"},{"@type":"ListItem","position":2,"name":"Un nuevo huerto comunitario en el barrio del Raval para fortalecer el tejido vecinal y los v\u00ednculos intergeneracionales"}]},{"@type":"WebSite","@id":"https:\/\/www.casaldelsinfants.org\/es\/#website","url":"https:\/\/www.casaldelsinfants.org\/es\/","name":"Casal dels Infants","description":"","publisher":{"@id":"https:\/\/www.casaldelsinfants.org\/es\/#organization"},"potentialAction":[{"@type":"SearchAction","target":{"@type":"EntryPoint","urlTemplate":"https:\/\/www.casaldelsinfants.org\/es\/?s={search_term_string}"},"query-input":{"@type":"PropertyValueSpecification","valueRequired":true,"valueName":"search_term_string"}}],"inLanguage":"es"},{"@type":"Organization","@id":"https:\/\/www.casaldelsinfants.org\/es\/#organization","name":"Casal dels Infants","url":"https:\/\/www.casaldelsinfants.org\/es\/","logo":{"@type":"ImageObject","inLanguage":"es","@id":"https:\/\/www.casaldelsinfants.org\/es\/#\/schema\/logo\/image\/","url":"https:\/\/www.casaldelsinfants.org\/wp-content\/uploads\/logo-mail.png","contentUrl":"https:\/\/www.casaldelsinfants.org\/wp-content\/uploads\/logo-mail.png","width":380,"height":158,"caption":"Casal dels Infants"},"image":{"@id":"https:\/\/www.casaldelsinfants.org\/es\/#\/schema\/logo\/image\/"},"sameAs":["https:\/\/www.facebook.com\/casalinfants","https:\/\/x.com\/casalinfants","https:\/\/www.youtube.com\/user\/CasaldelsInfants1","https:\/\/www.instagram.com\/casalinfants\/","https:\/\/www.linkedin.com\/company\/casaldelsinfants?trk=organization-update_share-update_actor-text"]},{"@type":"Person","@id":"https:\/\/www.casaldelsinfants.org\/es\/#\/schema\/person\/97707fc8c64900cf36891127dbf9fba8","name":"cdiAdmin","sameAs":["https:\/\/casaldelsinfants.org"]}]}},"publishpress_future_action":{"enabled":false,"date":"2026-05-09 10:28:12","action":"change-status","newStatus":"draft","terms":[],"taxonomy":"category","extraData":[]},"publishpress_future_workflow_manual_trigger":{"enabledWorkflows":[]},"_links":{"self":[{"href":"https:\/\/www.casaldelsinfants.org\/es\/wp-json\/wp\/v2\/posts\/4421","targetHints":{"allow":["GET"]}}],"collection":[{"href":"https:\/\/www.casaldelsinfants.org\/es\/wp-json\/wp\/v2\/posts"}],"about":[{"href":"https:\/\/www.casaldelsinfants.org\/es\/wp-json\/wp\/v2\/types\/post"}],"author":[{"embeddable":true,"href":"https:\/\/www.casaldelsinfants.org\/es\/wp-json\/wp\/v2\/users\/1"}],"replies":[{"embeddable":true,"href":"https:\/\/www.casaldelsinfants.org\/es\/wp-json\/wp\/v2\/comments?post=4421"}],"version-history":[{"count":1,"href":"https:\/\/www.casaldelsinfants.org\/es\/wp-json\/wp\/v2\/posts\/4421\/revisions"}],"predecessor-version":[{"id":6366,"href":"https:\/\/www.casaldelsinfants.org\/es\/wp-json\/wp\/v2\/posts\/4421\/revisions\/6366"}],"wp:featuredmedia":[{"embeddable":true,"href":"https:\/\/www.casaldelsinfants.org\/es\/wp-json\/wp\/v2\/media\/3342"}],"wp:attachment":[{"href":"https:\/\/www.casaldelsinfants.org\/es\/wp-json\/wp\/v2\/media?parent=4421"}],"wp:term":[{"taxonomy":"category","embeddable":true,"href":"https:\/\/www.casaldelsinfants.org\/es\/wp-json\/wp\/v2\/categories?post=4421"},{"taxonomy":"post_tag","embeddable":true,"href":"https:\/\/www.casaldelsinfants.org\/es\/wp-json\/wp\/v2\/tags?post=4421"},{"taxonomy":"seus","embeddable":true,"href":"https:\/\/www.casaldelsinfants.org\/es\/wp-json\/wp\/v2\/seus?post=4421"},{"taxonomy":"eixos","embeddable":true,"href":"https:\/\/www.casaldelsinfants.org\/es\/wp-json\/wp\/v2\/eixos?post=4421"}],"curies":[{"name":"wp","href":"https:\/\/api.w.org\/{rel}","templated":true}]}}