{"id":4422,"date":"2019-07-09T11:16:29","date_gmt":"2019-07-09T09:16:29","guid":{"rendered":"https:\/\/casal.puntzero.cat\/noticies\/la-gran-festa-de-lestiu-del-casal-dels-infants-reivindica-el-drets-dels-infants-i-joves\/"},"modified":"2023-09-05T11:33:06","modified_gmt":"2023-09-05T09:33:06","slug":"la-gran-festa-de-lestiu-del-casal-dels-infants-reivindica-el-drets-dels-infants-i-joves","status":"publish","type":"post","link":"https:\/\/www.casaldelsinfants.org\/es\/actualidad\/la-gran-festa-de-lestiu-del-casal-dels-infants-reivindica-el-drets-dels-infants-i-joves\/","title":{"rendered":"La gran fiesta del verano del Casal dels Infants reivindica el derecho  de los ni\u00f1os, ni\u00f1as y j\u00f3venes a disfrutar del verano"},"content":{"rendered":"<p class=\"verd\"><span style=\"color: #000000;\">Cerca de 700 ni\u00f1os, ni\u00f1as y adolescentes participaron el mi\u00e9rcoles 3 de julio en la <strong>gran fiesta del verano del Casal dels Infants<\/strong>, en una ma\u00f1ana llena de actividades y talleres l\u00fadicos que sirvi\u00f3 para reivindicar el <strong>derecho de todos los ni\u00f1os y ni\u00f1as, adolescentes y j\u00f3venes a disfrutar de las vacaciones<\/strong>.<\/span><\/p>\n<p class=\"verd\"><span style=\"color: #000000;\">Aunque los casales de verano ya llevaban unos d\u00edas de rodaje (empezaron sus actividades el 25 de junio), la fiesta tambi\u00e9n fue el pistoletazo de salida de las <strong>actividades de verano del Casal<\/strong>, que se alargar\u00e1n hasta el 30 de agosto.<\/span><\/p>\n<p class=\"verd\"><span style=\"color: #000000;\">Este a\u00f1o, <strong>1.600 ni\u00f1os, ni\u00f1as y j\u00f3venes en situaci\u00f3n de vulnerabilidad de 0 a 21 a\u00f1os<\/strong> disfrutar\u00e1n de <strong>casales de verano<\/strong>, <strong>colonias<\/strong>, <strong>campamentos<\/strong>, <strong>campos de trabajo<\/strong> o el <strong>proyecto de refuerzo del catal\u00e1n CAT-Etiu<\/strong>. Tambi\u00e9n podr\u00e1n tomar parte en otros servicios que adaptan sus contenidos durante el verano.<\/span><\/p>\n<figure class=\"align-center\" role=\"group\"><img decoding=\"async\" src=\"\/wp-content\/uploads\/inline-images\/FestaEstiuCasaldelsInfants1.JPG\" alt=\"El grup d'infants i adolescents que van participar en la gran festa de l'estiu a l'escola Rafael Alberti \" width=\"480\" height=\"360\" data-entity-type=\"file\" data-entity-uuid=\"d724297d-6632-4e2e-855f-3093003423ca\" data-image-style=\"large\" \/><\/figure>\n<p class=\"verd\">El grupo de ni\u00f1os, ni\u00f1as y adolescentes que participaron en la gran fiesta del verano, sentados en las gradas del instituto Rafael Alberti<\/p>\n<p class=\"verd\"><span style=\"color: #000000;\">La directora t\u00e9cnica del Casal dels Infants, <strong>Agn\u00e8s P\u00e0mies<\/strong>, destac\u00f3 la importancia de velar porque todos los ni\u00f1os, ni\u00f1as y j\u00f3venes pueden pas\u00e1rselo bien durante las vacaciones: \u201cGozar del ocio no es secundario, es un derecho que tienen reconocido todos los ni\u00f1os y ni\u00f1as y un factor clave en su desarrollo\u201d.<\/span><\/p>\n<p class=\"verd\"><span style=\"color: #000000;\">As\u00ed mismo, reclam\u00f3 la necesidad de <strong>acompa\u00f1ar durante el verano a quienes tienen menos oportunidades de disfrutarlo<\/strong>: \u201cMuchas familias viven dificultades para salir adelante y no pueden ofrecer actividades a sus hijos. Garantizar espacios de ocio a sus hijos e hijas en julio y agosto es imprescindible para no agravar su riesgo de exclusi\u00f3n social y avanzar hacia una sociedad justa y cohesionada\u201d. En cuanto a la alimentaci\u00f3n, las actividades de verano del Casal dels Infants tambi\u00e9n garantizan un almuerzo adecuado.<\/span><\/p>\n<p><span style=\"color: #000000;\">\u00a0<\/span><br \/>\n<strong>Reforzar conocimientos y competencias<\/strong><br \/>\n<span style=\"color: #000000;\">Las vacaciones tambi\u00e9n deben servir para <strong>reforzar todo aquello que los ni\u00f1os y ni\u00f1as han aprendido durante el curso<\/strong> y garantizar as\u00ed que en septiembre est\u00e9n preparados para volver a las aulas. Para avanzar en esta direcci\u00f3n, el servicio <strong>CatEstiu<\/strong> ofrece apoyo educativo al alumnado reci\u00e9n llegado a Catalunya para que alcance y consolide un nivel de catal\u00e1n suficiente para afrontar el curso escolar.<\/span><\/p>\n<p class=\"verd\"><span style=\"color: #000000;\">Por otro lado, la asociaci\u00f3n quiere <strong>fortalecer a las familias con hijos menores de 3 a\u00f1os que no hayan ido a la guarder\u00eda<\/strong> y empiecen P3 en septiembre. Este es el objetivo de<strong> AP3<\/strong>, el servicio maternoinfantil que se desarrollar\u00e1 con 20 familias en el barrio de Sant Roc de Badalona: \u201cSon madres que a menudo tienen muchas dudas sobre el funcionamiento de la escuela. No saben qu\u00e9 se encontraran y c\u00f3mo gestionar el cambio. Queremos que pierdan el miedo y adquieran h\u00e1bitos y rutinas que se encontrar\u00e1n en las aulas, que se vayan familiarizando con el sistema educativo\u201d, explic\u00f3 P\u00e0mies.<\/span><\/p>\n<p><span style=\"color: #000000;\">\u00a0<\/span><br \/>\n<strong>Disfrutar de la naturaleza y compartir valores<\/strong><\/p>\n<p class=\"verd\"><span style=\"color: #000000;\">Las actividades de verano del Casal dels Infants tambi\u00e9n permiten a los chicos y chicas que toman parte en ellas <strong>salir del entorno urbano<\/strong>, conocer otras realidades y entrar en contacto con la naturaleza, una oportunidad que a menudo no tienen a su alcance. M\u00e1s all\u00e1 de los cinco municipios en los que la entidad act\u00faa durante todo el a\u00f1o (Barcelona, Badalona, Sant Adri\u00e0 de Bes\u00f2s, Santa Coloma de Gramenet y Salt), durante el verano realizar\u00e1 sus actividades en <strong>16 municipios distribuidos en 10 comarcas de las cuatro provincias catalanas<\/strong>.<\/span><\/p>\n<p class=\"verd\"><span style=\"color: #000000;\">Este verano hace precisamente <strong>25 a\u00f1os que la asociaci\u00f3n organiza campamentos<\/strong> para adolescentes en el coraz\u00f3n del <strong>Parque Natural del Alto Pirineo<\/strong>, en los\u00a0pobladod de Noarre y Tavascan (Lladorre), donde los chicos y chicas pueden descubrir monta\u00f1as, r\u00edos y lagos excepcionales.<\/span><\/p>\n<p class=\"verd\"><span style=\"color: #000000;\">Por encima de todo, con todas estas actividades el Casal dels Infants quiere reivindicar la importancia de <strong>compartir las experiencias<\/strong> a trav\u00e9s del <strong>compa\u00f1erismo<\/strong> y el <strong>apoyo mutuo<\/strong>: \u201cQueremos transmitir a los chicos y chicas el valor del respeto por los compa\u00f1eros y hacia nuevos entornos y comunidades, y a la vez fortalecer su autonom\u00eda y su autoestima\u201d, ha se\u00f1alado P\u00e0mies.<\/span><\/p>\n<figure class=\"align-center\" role=\"group\"><img decoding=\"async\" src=\"\/wp-content\/uploads\/inline-images\/FestaEstiuCasaldelsInfants3.JPG\" alt=\"Dos nens saluden abra\u00e7ats mentre fan una activitat de patinatge.\" width=\"480\" height=\"360\" data-entity-type=\"file\" data-entity-uuid=\"4a0e8021-26e1-49e4-b733-c529bdc58fe9\" data-image-style=\"large\" \/><\/figure>\n<p class=\"verd\">El compa\u00f1erismo y el respeto por los dem\u00e1s son valores que el Casal dels Infants trata de transmitir a los ni\u00f1os, ni\u00f1as y j\u00f3venes.<\/p>\n<p class=\"verd\"><span style=\"color: #000000;\">\u00a0<\/span><br \/>\n<strong>Apoyo de la ciudadan\u00eda<\/strong><\/p>\n<p class=\"verd\"><span style=\"color: #000000;\">Para hacer posibles estas actividades, la asociaci\u00f3n ha lanzado el <strong>llamado \u201cAbiertos por vacaciones\u201d<\/strong> para que la ciudadan\u00eda aporte <strong>donativos<\/strong>: \u201cNecesitamos el compromiso de mucha gente que nos apoye para garantizar un veranos en igualdad de oportunidades\u201d, valor\u00f3 P\u00e0mies.<\/span><\/p>\n<p class=\"verd\"><span style=\"color: #000000;\">Con una aportaci\u00f3n puntual de 20 euros, por ejemplo, un ni\u00f1o o ni\u00f1a podr\u00e1 disfrutar de un d\u00eda de excursi\u00f3n; con 50 euros, tendr\u00e1 garantizado un d\u00eda de colonias; con 120 euros; vivir\u00e1 una semana de casal del verano con almuerzo, y con 350 euros, se ir\u00e1 una semana de colonias. Los donativos se pueden realizar en la <a href=\"https:\/\/www.casaldelsinfants.org\/es\/que-puedes-hacer-tu\/haz-un-donativo\/\">web del Casal dels Infants:https:\/\/www.casaldelsinfants.org.<\/a><\/span><\/p>\n<p class=\"verd\"><span style=\"color: #000000;\">Otra manera de implicare con la asociaci\u00f3n este verano es haciendo <strong>voluntariado<\/strong>, dado que la entidad necesita sumar a 600 personas voluntarias a su equipo educativo en julio y agosto. Las personas interesadas pueden llamar al 933170013 o escribir un correo electr\u00f3nico a <a href=\"mailto:voluntariat@casaldelsinfants.org\">voluntariat@casaldelsinfants.org<\/a>. Para m\u00e1s informaci\u00f3n, <a href=\"https:\/\/www.casaldelsinfants.org\/es\/que-puedes-hacer-tu\/voluntariado\/\">pueden consultar la web https:\/\/www.casaldelsinfants.org\/voluntariat<\/a>.<\/span><\/p>\n","protected":false},"excerpt":{"rendered":"<div class=\"video-embed-field-responsive-video form-group\"><iframe loading=\"lazy\" width=\"854\" height=\"480\" frameborder=\"0\" allowfullscreen=\"allowfullscreen\" src=\"https:\/\/www.youtube.com\/embed\/XszEeI6Wreo?autoplay=0&amp;start=0&amp;rel=0\"><\/iframe>\n<\/div>\n","protected":false},"author":1,"featured_media":0,"comment_status":"open","ping_status":"open","sticky":false,"template":"","format":"standard","meta":{"_acf_changed":false,"_et_pb_use_builder":"","_et_pb_old_content":"","_et_gb_content_width":"","inline_featured_image":false,"footnotes":""},"categories":[105],"tags":[104],"seus":[],"eixos":[],"class_list":["post-4422","post","type-post","status-publish","format-standard","hentry","category-reportaje","tag-actividades-de-verano"],"acf":[],"yoast_head":"<!-- This site is optimized with the Yoast SEO plugin v27.4 - https:\/\/yoast.com\/product\/yoast-seo-wordpress\/ -->\n<title>La gran fiesta del verano del Casal dels Infants reivindica el derecho de los ni\u00f1os, ni\u00f1as y j\u00f3venes a disfrutar del verano - Casal dels Infants<\/title>\n<meta name=\"robots\" content=\"index, follow, max-snippet:-1, max-image-preview:large, max-video-preview:-1\" \/>\n<link rel=\"canonical\" href=\"https:\/\/www.casaldelsinfants.org\/es\/actualidad\/la-gran-festa-de-lestiu-del-casal-dels-infants-reivindica-el-drets-dels-infants-i-joves\/\" \/>\n<meta property=\"og:locale\" content=\"es_ES\" \/>\n<meta property=\"og:type\" content=\"article\" \/>\n<meta property=\"og:title\" content=\"La gran fiesta del verano del Casal dels Infants reivindica el derecho de los ni\u00f1os, ni\u00f1as y j\u00f3venes a disfrutar del verano - Casal dels Infants\" \/>\n<meta property=\"og:url\" content=\"https:\/\/www.casaldelsinfants.org\/es\/actualidad\/la-gran-festa-de-lestiu-del-casal-dels-infants-reivindica-el-drets-dels-infants-i-joves\/\" \/>\n<meta property=\"og:site_name\" content=\"Casal dels Infants\" \/>\n<meta property=\"article:publisher\" content=\"https:\/\/www.facebook.com\/casalinfants\" \/>\n<meta property=\"article:published_time\" content=\"2019-07-09T09:16:29+00:00\" \/>\n<meta property=\"article:modified_time\" content=\"2023-09-05T09:33:06+00:00\" \/>\n<meta name=\"author\" content=\"cdiAdmin\" \/>\n<meta name=\"twitter:card\" content=\"summary_large_image\" \/>\n<meta name=\"twitter:creator\" content=\"@casalinfants\" \/>\n<meta name=\"twitter:site\" content=\"@casalinfants\" \/>\n<meta name=\"twitter:label1\" content=\"Escrito por\" \/>\n\t<meta name=\"twitter:data1\" content=\"cdiAdmin\" \/>\n\t<meta name=\"twitter:label2\" content=\"Tiempo de lectura\" \/>\n\t<meta name=\"twitter:data2\" content=\"5 minutos\" \/>\n<script type=\"application\/ld+json\" class=\"yoast-schema-graph\">{\"@context\":\"https:\\\/\\\/schema.org\",\"@graph\":[{\"@type\":\"Article\",\"@id\":\"https:\\\/\\\/www.casaldelsinfants.org\\\/es\\\/actualidad\\\/la-gran-festa-de-lestiu-del-casal-dels-infants-reivindica-el-drets-dels-infants-i-joves\\\/#article\",\"isPartOf\":{\"@id\":\"https:\\\/\\\/www.casaldelsinfants.org\\\/es\\\/actualidad\\\/la-gran-festa-de-lestiu-del-casal-dels-infants-reivindica-el-drets-dels-infants-i-joves\\\/\"},\"author\":{\"name\":\"cdiAdmin\",\"@id\":\"https:\\\/\\\/www.casaldelsinfants.org\\\/es\\\/#\\\/schema\\\/person\\\/97707fc8c64900cf36891127dbf9fba8\"},\"headline\":\"La gran fiesta del verano del Casal dels Infants reivindica el derecho de los ni\u00f1os, ni\u00f1as y j\u00f3venes a disfrutar del verano\",\"datePublished\":\"2019-07-09T09:16:29+00:00\",\"dateModified\":\"2023-09-05T09:33:06+00:00\",\"mainEntityOfPage\":{\"@id\":\"https:\\\/\\\/www.casaldelsinfants.org\\\/es\\\/actualidad\\\/la-gran-festa-de-lestiu-del-casal-dels-infants-reivindica-el-drets-dels-infants-i-joves\\\/\"},\"wordCount\":949,\"commentCount\":0,\"publisher\":{\"@id\":\"https:\\\/\\\/www.casaldelsinfants.org\\\/es\\\/#organization\"},\"keywords\":[\"Actividades de verano\"],\"articleSection\":[\"Reportaje\"],\"inLanguage\":\"es\",\"potentialAction\":[{\"@type\":\"CommentAction\",\"name\":\"Comment\",\"target\":[\"https:\\\/\\\/www.casaldelsinfants.org\\\/es\\\/actualidad\\\/la-gran-festa-de-lestiu-del-casal-dels-infants-reivindica-el-drets-dels-infants-i-joves\\\/#respond\"]}]},{\"@type\":\"WebPage\",\"@id\":\"https:\\\/\\\/www.casaldelsinfants.org\\\/es\\\/actualidad\\\/la-gran-festa-de-lestiu-del-casal-dels-infants-reivindica-el-drets-dels-infants-i-joves\\\/\",\"url\":\"https:\\\/\\\/www.casaldelsinfants.org\\\/es\\\/actualidad\\\/la-gran-festa-de-lestiu-del-casal-dels-infants-reivindica-el-drets-dels-infants-i-joves\\\/\",\"name\":\"La gran fiesta del verano del Casal dels Infants reivindica el derecho de los ni\u00f1os, ni\u00f1as y j\u00f3venes a disfrutar del verano - Casal dels Infants\",\"isPartOf\":{\"@id\":\"https:\\\/\\\/www.casaldelsinfants.org\\\/es\\\/#website\"},\"datePublished\":\"2019-07-09T09:16:29+00:00\",\"dateModified\":\"2023-09-05T09:33:06+00:00\",\"breadcrumb\":{\"@id\":\"https:\\\/\\\/www.casaldelsinfants.org\\\/es\\\/actualidad\\\/la-gran-festa-de-lestiu-del-casal-dels-infants-reivindica-el-drets-dels-infants-i-joves\\\/#breadcrumb\"},\"inLanguage\":\"es\",\"potentialAction\":[{\"@type\":\"ReadAction\",\"target\":[\"https:\\\/\\\/www.casaldelsinfants.org\\\/es\\\/actualidad\\\/la-gran-festa-de-lestiu-del-casal-dels-infants-reivindica-el-drets-dels-infants-i-joves\\\/\"]}]},{\"@type\":\"BreadcrumbList\",\"@id\":\"https:\\\/\\\/www.casaldelsinfants.org\\\/es\\\/actualidad\\\/la-gran-festa-de-lestiu-del-casal-dels-infants-reivindica-el-drets-dels-infants-i-joves\\\/#breadcrumb\",\"itemListElement\":[{\"@type\":\"ListItem\",\"position\":1,\"name\":\"Inici\",\"item\":\"https:\\\/\\\/www.casaldelsinfants.org\\\/es\\\/\"},{\"@type\":\"ListItem\",\"position\":2,\"name\":\"La gran fiesta del verano del Casal dels Infants reivindica el derecho de los ni\u00f1os, ni\u00f1as y j\u00f3venes a disfrutar del verano\"}]},{\"@type\":\"WebSite\",\"@id\":\"https:\\\/\\\/www.casaldelsinfants.org\\\/es\\\/#website\",\"url\":\"https:\\\/\\\/www.casaldelsinfants.org\\\/es\\\/\",\"name\":\"Casal dels Infants\",\"description\":\"\",\"publisher\":{\"@id\":\"https:\\\/\\\/www.casaldelsinfants.org\\\/es\\\/#organization\"},\"potentialAction\":[{\"@type\":\"SearchAction\",\"target\":{\"@type\":\"EntryPoint\",\"urlTemplate\":\"https:\\\/\\\/www.casaldelsinfants.org\\\/es\\\/?s={search_term_string}\"},\"query-input\":{\"@type\":\"PropertyValueSpecification\",\"valueRequired\":true,\"valueName\":\"search_term_string\"}}],\"inLanguage\":\"es\"},{\"@type\":\"Organization\",\"@id\":\"https:\\\/\\\/www.casaldelsinfants.org\\\/es\\\/#organization\",\"name\":\"Casal dels Infants\",\"url\":\"https:\\\/\\\/www.casaldelsinfants.org\\\/es\\\/\",\"logo\":{\"@type\":\"ImageObject\",\"inLanguage\":\"es\",\"@id\":\"https:\\\/\\\/www.casaldelsinfants.org\\\/es\\\/#\\\/schema\\\/logo\\\/image\\\/\",\"url\":\"https:\\\/\\\/www.casaldelsinfants.org\\\/wp-content\\\/uploads\\\/logo-mail.png\",\"contentUrl\":\"https:\\\/\\\/www.casaldelsinfants.org\\\/wp-content\\\/uploads\\\/logo-mail.png\",\"width\":380,\"height\":158,\"caption\":\"Casal dels Infants\"},\"image\":{\"@id\":\"https:\\\/\\\/www.casaldelsinfants.org\\\/es\\\/#\\\/schema\\\/logo\\\/image\\\/\"},\"sameAs\":[\"https:\\\/\\\/www.facebook.com\\\/casalinfants\",\"https:\\\/\\\/x.com\\\/casalinfants\",\"https:\\\/\\\/www.youtube.com\\\/user\\\/CasaldelsInfants1\",\"https:\\\/\\\/www.instagram.com\\\/casalinfants\\\/\",\"https:\\\/\\\/www.linkedin.com\\\/company\\\/casaldelsinfants?trk=organization-update_share-update_actor-text\"]},{\"@type\":\"Person\",\"@id\":\"https:\\\/\\\/www.casaldelsinfants.org\\\/es\\\/#\\\/schema\\\/person\\\/97707fc8c64900cf36891127dbf9fba8\",\"name\":\"cdiAdmin\",\"sameAs\":[\"https:\\\/\\\/casaldelsinfants.org\"]}]}<\/script>\n<!-- \/ Yoast SEO plugin. -->","yoast_head_json":{"title":"La gran fiesta del verano del Casal dels Infants reivindica el derecho de los ni\u00f1os, ni\u00f1as y j\u00f3venes a disfrutar del verano - Casal dels Infants","robots":{"index":"index","follow":"follow","max-snippet":"max-snippet:-1","max-image-preview":"max-image-preview:large","max-video-preview":"max-video-preview:-1"},"canonical":"https:\/\/www.casaldelsinfants.org\/es\/actualidad\/la-gran-festa-de-lestiu-del-casal-dels-infants-reivindica-el-drets-dels-infants-i-joves\/","og_locale":"es_ES","og_type":"article","og_title":"La gran fiesta del verano del Casal dels Infants reivindica el derecho de los ni\u00f1os, ni\u00f1as y j\u00f3venes a disfrutar del verano - Casal dels Infants","og_url":"https:\/\/www.casaldelsinfants.org\/es\/actualidad\/la-gran-festa-de-lestiu-del-casal-dels-infants-reivindica-el-drets-dels-infants-i-joves\/","og_site_name":"Casal dels Infants","article_publisher":"https:\/\/www.facebook.com\/casalinfants","article_published_time":"2019-07-09T09:16:29+00:00","article_modified_time":"2023-09-05T09:33:06+00:00","author":"cdiAdmin","twitter_card":"summary_large_image","twitter_creator":"@casalinfants","twitter_site":"@casalinfants","twitter_misc":{"Escrito por":"cdiAdmin","Tiempo de lectura":"5 minutos"},"schema":{"@context":"https:\/\/schema.org","@graph":[{"@type":"Article","@id":"https:\/\/www.casaldelsinfants.org\/es\/actualidad\/la-gran-festa-de-lestiu-del-casal-dels-infants-reivindica-el-drets-dels-infants-i-joves\/#article","isPartOf":{"@id":"https:\/\/www.casaldelsinfants.org\/es\/actualidad\/la-gran-festa-de-lestiu-del-casal-dels-infants-reivindica-el-drets-dels-infants-i-joves\/"},"author":{"name":"cdiAdmin","@id":"https:\/\/www.casaldelsinfants.org\/es\/#\/schema\/person\/97707fc8c64900cf36891127dbf9fba8"},"headline":"La gran fiesta del verano del Casal dels Infants reivindica el derecho de los ni\u00f1os, ni\u00f1as y j\u00f3venes a disfrutar del verano","datePublished":"2019-07-09T09:16:29+00:00","dateModified":"2023-09-05T09:33:06+00:00","mainEntityOfPage":{"@id":"https:\/\/www.casaldelsinfants.org\/es\/actualidad\/la-gran-festa-de-lestiu-del-casal-dels-infants-reivindica-el-drets-dels-infants-i-joves\/"},"wordCount":949,"commentCount":0,"publisher":{"@id":"https:\/\/www.casaldelsinfants.org\/es\/#organization"},"keywords":["Actividades de verano"],"articleSection":["Reportaje"],"inLanguage":"es","potentialAction":[{"@type":"CommentAction","name":"Comment","target":["https:\/\/www.casaldelsinfants.org\/es\/actualidad\/la-gran-festa-de-lestiu-del-casal-dels-infants-reivindica-el-drets-dels-infants-i-joves\/#respond"]}]},{"@type":"WebPage","@id":"https:\/\/www.casaldelsinfants.org\/es\/actualidad\/la-gran-festa-de-lestiu-del-casal-dels-infants-reivindica-el-drets-dels-infants-i-joves\/","url":"https:\/\/www.casaldelsinfants.org\/es\/actualidad\/la-gran-festa-de-lestiu-del-casal-dels-infants-reivindica-el-drets-dels-infants-i-joves\/","name":"La gran fiesta del verano del Casal dels Infants reivindica el derecho de los ni\u00f1os, ni\u00f1as y j\u00f3venes a disfrutar del verano - Casal dels Infants","isPartOf":{"@id":"https:\/\/www.casaldelsinfants.org\/es\/#website"},"datePublished":"2019-07-09T09:16:29+00:00","dateModified":"2023-09-05T09:33:06+00:00","breadcrumb":{"@id":"https:\/\/www.casaldelsinfants.org\/es\/actualidad\/la-gran-festa-de-lestiu-del-casal-dels-infants-reivindica-el-drets-dels-infants-i-joves\/#breadcrumb"},"inLanguage":"es","potentialAction":[{"@type":"ReadAction","target":["https:\/\/www.casaldelsinfants.org\/es\/actualidad\/la-gran-festa-de-lestiu-del-casal-dels-infants-reivindica-el-drets-dels-infants-i-joves\/"]}]},{"@type":"BreadcrumbList","@id":"https:\/\/www.casaldelsinfants.org\/es\/actualidad\/la-gran-festa-de-lestiu-del-casal-dels-infants-reivindica-el-drets-dels-infants-i-joves\/#breadcrumb","itemListElement":[{"@type":"ListItem","position":1,"name":"Inici","item":"https:\/\/www.casaldelsinfants.org\/es\/"},{"@type":"ListItem","position":2,"name":"La gran fiesta del verano del Casal dels Infants reivindica el derecho de los ni\u00f1os, ni\u00f1as y j\u00f3venes a disfrutar del verano"}]},{"@type":"WebSite","@id":"https:\/\/www.casaldelsinfants.org\/es\/#website","url":"https:\/\/www.casaldelsinfants.org\/es\/","name":"Casal dels Infants","description":"","publisher":{"@id":"https:\/\/www.casaldelsinfants.org\/es\/#organization"},"potentialAction":[{"@type":"SearchAction","target":{"@type":"EntryPoint","urlTemplate":"https:\/\/www.casaldelsinfants.org\/es\/?s={search_term_string}"},"query-input":{"@type":"PropertyValueSpecification","valueRequired":true,"valueName":"search_term_string"}}],"inLanguage":"es"},{"@type":"Organization","@id":"https:\/\/www.casaldelsinfants.org\/es\/#organization","name":"Casal dels Infants","url":"https:\/\/www.casaldelsinfants.org\/es\/","logo":{"@type":"ImageObject","inLanguage":"es","@id":"https:\/\/www.casaldelsinfants.org\/es\/#\/schema\/logo\/image\/","url":"https:\/\/www.casaldelsinfants.org\/wp-content\/uploads\/logo-mail.png","contentUrl":"https:\/\/www.casaldelsinfants.org\/wp-content\/uploads\/logo-mail.png","width":380,"height":158,"caption":"Casal dels Infants"},"image":{"@id":"https:\/\/www.casaldelsinfants.org\/es\/#\/schema\/logo\/image\/"},"sameAs":["https:\/\/www.facebook.com\/casalinfants","https:\/\/x.com\/casalinfants","https:\/\/www.youtube.com\/user\/CasaldelsInfants1","https:\/\/www.instagram.com\/casalinfants\/","https:\/\/www.linkedin.com\/company\/casaldelsinfants?trk=organization-update_share-update_actor-text"]},{"@type":"Person","@id":"https:\/\/www.casaldelsinfants.org\/es\/#\/schema\/person\/97707fc8c64900cf36891127dbf9fba8","name":"cdiAdmin","sameAs":["https:\/\/casaldelsinfants.org"]}]}},"publishpress_future_action":{"enabled":false,"date":"2026-05-07 00:15:55","action":"change-status","newStatus":"draft","terms":[],"taxonomy":"category","extraData":[]},"publishpress_future_workflow_manual_trigger":{"enabledWorkflows":[]},"_links":{"self":[{"href":"https:\/\/www.casaldelsinfants.org\/es\/wp-json\/wp\/v2\/posts\/4422","targetHints":{"allow":["GET"]}}],"collection":[{"href":"https:\/\/www.casaldelsinfants.org\/es\/wp-json\/wp\/v2\/posts"}],"about":[{"href":"https:\/\/www.casaldelsinfants.org\/es\/wp-json\/wp\/v2\/types\/post"}],"author":[{"embeddable":true,"href":"https:\/\/www.casaldelsinfants.org\/es\/wp-json\/wp\/v2\/users\/1"}],"replies":[{"embeddable":true,"href":"https:\/\/www.casaldelsinfants.org\/es\/wp-json\/wp\/v2\/comments?post=4422"}],"version-history":[{"count":2,"href":"https:\/\/www.casaldelsinfants.org\/es\/wp-json\/wp\/v2\/posts\/4422\/revisions"}],"predecessor-version":[{"id":13731,"href":"https:\/\/www.casaldelsinfants.org\/es\/wp-json\/wp\/v2\/posts\/4422\/revisions\/13731"}],"wp:attachment":[{"href":"https:\/\/www.casaldelsinfants.org\/es\/wp-json\/wp\/v2\/media?parent=4422"}],"wp:term":[{"taxonomy":"category","embeddable":true,"href":"https:\/\/www.casaldelsinfants.org\/es\/wp-json\/wp\/v2\/categories?post=4422"},{"taxonomy":"post_tag","embeddable":true,"href":"https:\/\/www.casaldelsinfants.org\/es\/wp-json\/wp\/v2\/tags?post=4422"},{"taxonomy":"seus","embeddable":true,"href":"https:\/\/www.casaldelsinfants.org\/es\/wp-json\/wp\/v2\/seus?post=4422"},{"taxonomy":"eixos","embeddable":true,"href":"https:\/\/www.casaldelsinfants.org\/es\/wp-json\/wp\/v2\/eixos?post=4422"}],"curies":[{"name":"wp","href":"https:\/\/api.w.org\/{rel}","templated":true}]}}