{"id":4424,"date":"2019-06-05T11:51:52","date_gmt":"2019-06-05T09:51:52","guid":{"rendered":"https:\/\/casal.puntzero.cat\/noticies\/aquest-estiu-fem-match-vine-fer-voluntariat\/"},"modified":"2023-05-01T17:55:12","modified_gmt":"2023-05-01T15:55:12","slug":"aquest-estiu-fem-match-vine-fer-voluntariat","status":"publish","type":"post","link":"https:\/\/www.casaldelsinfants.org\/es\/actualidad\/este-verano-hacemos-match-ven-hacer-voluntariado\/","title":{"rendered":"Este verano, hacemos match: ven a hacer voluntariado!"},"content":{"rendered":"<p><span style=\"color:#000000;\">En el Casal dels Infants hacemos un <\/span><a href=\"https:\/\/www.casaldelsinfants.org\/es\/que-puedes-hacer-tu\/voluntariado\/\"><u>llamado para conseguir el apoyo de personas voluntarias este verano<\/u><\/a><span style=\"color:#000000;\"> sabiendo que tenemos mucho en com\u00fan con mucha gente, que compartimos el compromiso con la lucha contra las desigualdades, que nos unen las ganas de acompa\u00f1ar a quienes m\u00e1s lo necesitan\u2026 En otras palabras: hacemos match!<\/span><\/p>\n<p><span style=\"color:#000000;\">Tenemos el convencimiento de que tu puedes ser una de estas personas. Contar contigo este verano ser\u00e1 clave para garantizar que todos los ni\u00f1os y ni\u00f1as, independientemente de su situaci\u00f3n social, puedan disfrutar y aprender durante el verano. Porque es su derecho y porque se lo merecen, despu\u00e9s del esfuerzo que han hecho durante el curso en los estudios.<\/span><\/p>\n<p><span style=\"color:#000000;\">Podr\u00e1s implicarte en los casales de verano, las colonias, los campos de trabajo o el proyecto de refuerzo del catal\u00e1n CatEstiu, que ofrecemos entre julio y agosto a 1.600 ni\u00f1os y ni\u00f1as y j\u00f3venes en situaci\u00f3n de vulnerabilidad.<\/span><\/p>\n<p><span style=\"color:#000000;\">Como durante el resto del a\u00f1o, actuaremos en cinco municipios. Har\u00e1n falta, pues, 240 personas voluntarias en el barrio del Raval de Barcelona; 150 en Sant Roc y Llefi\u00e0 (Badalona); 120 en el Raval, Santa Rosa y Fondo (Santa Coloma de Gramenet); 60 en el Bes\u00f2s i el Maresme, el Bes\u00f2s y la Mina (Barcelona y Sant Adri\u00e0 de Bes\u00f2s) y 30 en la ciudad de Salt.<\/span><\/p>\n<p><strong><i>Te sumas al Casal este verano? Ll\u00e1manos al 93 317 00 13 o escr\u00edbenos un correo electr\u00f3nico a <a href=\"mailto:voluntariado@casaldelsinfants.org\">voluntariado@casaldelsinfants.org<\/a>.<\/i><\/strong><\/p>\n","protected":false},"excerpt":{"rendered":"<p>En el Casal dels Infants hacemos un llamado para conseguir el apoyo de personas voluntarias este verano sabiendo que tenemos mucho en com\u00fan con mucha gente, que compartimos el compromiso con la lucha contra las desigualdades, que nos unen las ganas de acompa\u00f1ar a quienes m\u00e1s lo necesitan\u2026 En otras palabras: hacemos match! Tenemos el [&hellip;]<\/p>\n","protected":false},"author":1,"featured_media":3346,"comment_status":"open","ping_status":"open","sticky":false,"template":"","format":"standard","meta":{"_acf_changed":false,"_et_pb_use_builder":"","_et_pb_old_content":"","_et_gb_content_width":"","inline_featured_image":false,"footnotes":""},"categories":[125],"tags":[],"seus":[],"eixos":[110],"class_list":["post-4424","post","type-post","status-publish","format-standard","has-post-thumbnail","hentry","category-noticias","eixos-comunidad-casal-dels-infants"],"acf":[],"yoast_head":"<!-- This site is optimized with the Yoast SEO plugin v27.4 - https:\/\/yoast.com\/product\/yoast-seo-wordpress\/ -->\n<title>Este verano, hacemos match: ven a hacer voluntariado! - Casal dels Infants<\/title>\n<meta name=\"robots\" content=\"index, follow, max-snippet:-1, max-image-preview:large, max-video-preview:-1\" \/>\n<link rel=\"canonical\" href=\"https:\/\/www.casaldelsinfants.org\/es\/actualidad\/este-verano-hacemos-match-ven-hacer-voluntariado\/\" \/>\n<meta property=\"og:locale\" content=\"es_ES\" \/>\n<meta property=\"og:type\" content=\"article\" \/>\n<meta property=\"og:title\" content=\"Este verano, hacemos match: ven a hacer voluntariado! - Casal dels Infants\" \/>\n<meta property=\"og:description\" content=\"En el Casal dels Infants hacemos un llamado para conseguir el apoyo de personas voluntarias este verano sabiendo que tenemos mucho en com\u00fan con mucha gente, que compartimos el compromiso con la lucha contra las desigualdades, que nos unen las ganas de acompa\u00f1ar a quienes m\u00e1s lo necesitan\u2026 En otras palabras: hacemos match! Tenemos el [&hellip;]\" \/>\n<meta property=\"og:url\" content=\"https:\/\/www.casaldelsinfants.org\/es\/actualidad\/este-verano-hacemos-match-ven-hacer-voluntariado\/\" \/>\n<meta property=\"og:site_name\" content=\"Casal dels Infants\" \/>\n<meta property=\"article:publisher\" content=\"https:\/\/www.facebook.com\/casalinfants\" \/>\n<meta property=\"article:published_time\" content=\"2019-06-05T09:51:52+00:00\" \/>\n<meta property=\"article:modified_time\" content=\"2023-05-01T15:55:12+00:00\" \/>\n<meta property=\"og:image\" content=\"https:\/\/www.casaldelsinfants.org\/wp-content\/uploads\/fem_match_vine_a_fer_voluntariat_aquest_estiu_al_casal_dels_infants.png\" \/>\n\t<meta property=\"og:image:width\" content=\"1241\" \/>\n\t<meta property=\"og:image:height\" content=\"541\" \/>\n\t<meta property=\"og:image:type\" content=\"image\/png\" \/>\n<meta name=\"author\" content=\"cdiAdmin\" \/>\n<meta name=\"twitter:card\" content=\"summary_large_image\" \/>\n<meta name=\"twitter:creator\" content=\"@casalinfants\" \/>\n<meta name=\"twitter:site\" content=\"@casalinfants\" \/>\n<meta name=\"twitter:label1\" content=\"Escrito por\" \/>\n\t<meta name=\"twitter:data1\" content=\"cdiAdmin\" \/>\n\t<meta name=\"twitter:label2\" content=\"Tiempo de lectura\" \/>\n\t<meta name=\"twitter:data2\" content=\"1 minuto\" \/>\n<script type=\"application\/ld+json\" class=\"yoast-schema-graph\">{\"@context\":\"https:\\\/\\\/schema.org\",\"@graph\":[{\"@type\":\"Article\",\"@id\":\"https:\\\/\\\/www.casaldelsinfants.org\\\/es\\\/actualidad\\\/este-verano-hacemos-match-ven-hacer-voluntariado\\\/#article\",\"isPartOf\":{\"@id\":\"https:\\\/\\\/www.casaldelsinfants.org\\\/es\\\/actualidad\\\/este-verano-hacemos-match-ven-hacer-voluntariado\\\/\"},\"author\":{\"name\":\"cdiAdmin\",\"@id\":\"https:\\\/\\\/www.casaldelsinfants.org\\\/es\\\/#\\\/schema\\\/person\\\/97707fc8c64900cf36891127dbf9fba8\"},\"headline\":\"Este verano, hacemos match: ven a hacer voluntariado!\",\"datePublished\":\"2019-06-05T09:51:52+00:00\",\"dateModified\":\"2023-05-01T15:55:12+00:00\",\"mainEntityOfPage\":{\"@id\":\"https:\\\/\\\/www.casaldelsinfants.org\\\/es\\\/actualidad\\\/este-verano-hacemos-match-ven-hacer-voluntariado\\\/\"},\"wordCount\":257,\"commentCount\":0,\"publisher\":{\"@id\":\"https:\\\/\\\/www.casaldelsinfants.org\\\/es\\\/#organization\"},\"image\":{\"@id\":\"https:\\\/\\\/www.casaldelsinfants.org\\\/es\\\/actualidad\\\/este-verano-hacemos-match-ven-hacer-voluntariado\\\/#primaryimage\"},\"thumbnailUrl\":\"https:\\\/\\\/www.casaldelsinfants.org\\\/wp-content\\\/uploads\\\/fem_match_vine_a_fer_voluntariat_aquest_estiu_al_casal_dels_infants.png\",\"articleSection\":[\"Noticia\"],\"inLanguage\":\"es\",\"potentialAction\":[{\"@type\":\"CommentAction\",\"name\":\"Comment\",\"target\":[\"https:\\\/\\\/www.casaldelsinfants.org\\\/es\\\/actualidad\\\/este-verano-hacemos-match-ven-hacer-voluntariado\\\/#respond\"]}]},{\"@type\":\"WebPage\",\"@id\":\"https:\\\/\\\/www.casaldelsinfants.org\\\/es\\\/actualidad\\\/este-verano-hacemos-match-ven-hacer-voluntariado\\\/\",\"url\":\"https:\\\/\\\/www.casaldelsinfants.org\\\/es\\\/actualidad\\\/este-verano-hacemos-match-ven-hacer-voluntariado\\\/\",\"name\":\"Este verano, hacemos match: ven a hacer voluntariado! - Casal dels Infants\",\"isPartOf\":{\"@id\":\"https:\\\/\\\/www.casaldelsinfants.org\\\/es\\\/#website\"},\"primaryImageOfPage\":{\"@id\":\"https:\\\/\\\/www.casaldelsinfants.org\\\/es\\\/actualidad\\\/este-verano-hacemos-match-ven-hacer-voluntariado\\\/#primaryimage\"},\"image\":{\"@id\":\"https:\\\/\\\/www.casaldelsinfants.org\\\/es\\\/actualidad\\\/este-verano-hacemos-match-ven-hacer-voluntariado\\\/#primaryimage\"},\"thumbnailUrl\":\"https:\\\/\\\/www.casaldelsinfants.org\\\/wp-content\\\/uploads\\\/fem_match_vine_a_fer_voluntariat_aquest_estiu_al_casal_dels_infants.png\",\"datePublished\":\"2019-06-05T09:51:52+00:00\",\"dateModified\":\"2023-05-01T15:55:12+00:00\",\"breadcrumb\":{\"@id\":\"https:\\\/\\\/www.casaldelsinfants.org\\\/es\\\/actualidad\\\/este-verano-hacemos-match-ven-hacer-voluntariado\\\/#breadcrumb\"},\"inLanguage\":\"es\",\"potentialAction\":[{\"@type\":\"ReadAction\",\"target\":[\"https:\\\/\\\/www.casaldelsinfants.org\\\/es\\\/actualidad\\\/este-verano-hacemos-match-ven-hacer-voluntariado\\\/\"]}]},{\"@type\":\"ImageObject\",\"inLanguage\":\"es\",\"@id\":\"https:\\\/\\\/www.casaldelsinfants.org\\\/es\\\/actualidad\\\/este-verano-hacemos-match-ven-hacer-voluntariado\\\/#primaryimage\",\"url\":\"https:\\\/\\\/www.casaldelsinfants.org\\\/wp-content\\\/uploads\\\/fem_match_vine_a_fer_voluntariat_aquest_estiu_al_casal_dels_infants.png\",\"contentUrl\":\"https:\\\/\\\/www.casaldelsinfants.org\\\/wp-content\\\/uploads\\\/fem_match_vine_a_fer_voluntariat_aquest_estiu_al_casal_dels_infants.png\",\"width\":1241,\"height\":541,\"caption\":\"Cartell de voluntariat, has fet match.\"},{\"@type\":\"BreadcrumbList\",\"@id\":\"https:\\\/\\\/www.casaldelsinfants.org\\\/es\\\/actualidad\\\/este-verano-hacemos-match-ven-hacer-voluntariado\\\/#breadcrumb\",\"itemListElement\":[{\"@type\":\"ListItem\",\"position\":1,\"name\":\"Inici\",\"item\":\"https:\\\/\\\/www.casaldelsinfants.org\\\/es\\\/\"},{\"@type\":\"ListItem\",\"position\":2,\"name\":\"Este verano, hacemos match: ven a hacer voluntariado!\"}]},{\"@type\":\"WebSite\",\"@id\":\"https:\\\/\\\/www.casaldelsinfants.org\\\/es\\\/#website\",\"url\":\"https:\\\/\\\/www.casaldelsinfants.org\\\/es\\\/\",\"name\":\"Casal dels Infants\",\"description\":\"\",\"publisher\":{\"@id\":\"https:\\\/\\\/www.casaldelsinfants.org\\\/es\\\/#organization\"},\"potentialAction\":[{\"@type\":\"SearchAction\",\"target\":{\"@type\":\"EntryPoint\",\"urlTemplate\":\"https:\\\/\\\/www.casaldelsinfants.org\\\/es\\\/?s={search_term_string}\"},\"query-input\":{\"@type\":\"PropertyValueSpecification\",\"valueRequired\":true,\"valueName\":\"search_term_string\"}}],\"inLanguage\":\"es\"},{\"@type\":\"Organization\",\"@id\":\"https:\\\/\\\/www.casaldelsinfants.org\\\/es\\\/#organization\",\"name\":\"Casal dels Infants\",\"url\":\"https:\\\/\\\/www.casaldelsinfants.org\\\/es\\\/\",\"logo\":{\"@type\":\"ImageObject\",\"inLanguage\":\"es\",\"@id\":\"https:\\\/\\\/www.casaldelsinfants.org\\\/es\\\/#\\\/schema\\\/logo\\\/image\\\/\",\"url\":\"https:\\\/\\\/www.casaldelsinfants.org\\\/wp-content\\\/uploads\\\/logo-mail.png\",\"contentUrl\":\"https:\\\/\\\/www.casaldelsinfants.org\\\/wp-content\\\/uploads\\\/logo-mail.png\",\"width\":380,\"height\":158,\"caption\":\"Casal dels Infants\"},\"image\":{\"@id\":\"https:\\\/\\\/www.casaldelsinfants.org\\\/es\\\/#\\\/schema\\\/logo\\\/image\\\/\"},\"sameAs\":[\"https:\\\/\\\/www.facebook.com\\\/casalinfants\",\"https:\\\/\\\/x.com\\\/casalinfants\",\"https:\\\/\\\/www.youtube.com\\\/user\\\/CasaldelsInfants1\",\"https:\\\/\\\/www.instagram.com\\\/casalinfants\\\/\",\"https:\\\/\\\/www.linkedin.com\\\/company\\\/casaldelsinfants?trk=organization-update_share-update_actor-text\"]},{\"@type\":\"Person\",\"@id\":\"https:\\\/\\\/www.casaldelsinfants.org\\\/es\\\/#\\\/schema\\\/person\\\/97707fc8c64900cf36891127dbf9fba8\",\"name\":\"cdiAdmin\",\"sameAs\":[\"https:\\\/\\\/casaldelsinfants.org\"]}]}<\/script>\n<!-- \/ Yoast SEO plugin. -->","yoast_head_json":{"title":"Este verano, hacemos match: ven a hacer voluntariado! - Casal dels Infants","robots":{"index":"index","follow":"follow","max-snippet":"max-snippet:-1","max-image-preview":"max-image-preview:large","max-video-preview":"max-video-preview:-1"},"canonical":"https:\/\/www.casaldelsinfants.org\/es\/actualidad\/este-verano-hacemos-match-ven-hacer-voluntariado\/","og_locale":"es_ES","og_type":"article","og_title":"Este verano, hacemos match: ven a hacer voluntariado! - Casal dels Infants","og_description":"En el Casal dels Infants hacemos un llamado para conseguir el apoyo de personas voluntarias este verano sabiendo que tenemos mucho en com\u00fan con mucha gente, que compartimos el compromiso con la lucha contra las desigualdades, que nos unen las ganas de acompa\u00f1ar a quienes m\u00e1s lo necesitan\u2026 En otras palabras: hacemos match! Tenemos el [&hellip;]","og_url":"https:\/\/www.casaldelsinfants.org\/es\/actualidad\/este-verano-hacemos-match-ven-hacer-voluntariado\/","og_site_name":"Casal dels Infants","article_publisher":"https:\/\/www.facebook.com\/casalinfants","article_published_time":"2019-06-05T09:51:52+00:00","article_modified_time":"2023-05-01T15:55:12+00:00","og_image":[{"width":1241,"height":541,"url":"https:\/\/www.casaldelsinfants.org\/wp-content\/uploads\/fem_match_vine_a_fer_voluntariat_aquest_estiu_al_casal_dels_infants.png","type":"image\/png"}],"author":"cdiAdmin","twitter_card":"summary_large_image","twitter_creator":"@casalinfants","twitter_site":"@casalinfants","twitter_misc":{"Escrito por":"cdiAdmin","Tiempo de lectura":"1 minuto"},"schema":{"@context":"https:\/\/schema.org","@graph":[{"@type":"Article","@id":"https:\/\/www.casaldelsinfants.org\/es\/actualidad\/este-verano-hacemos-match-ven-hacer-voluntariado\/#article","isPartOf":{"@id":"https:\/\/www.casaldelsinfants.org\/es\/actualidad\/este-verano-hacemos-match-ven-hacer-voluntariado\/"},"author":{"name":"cdiAdmin","@id":"https:\/\/www.casaldelsinfants.org\/es\/#\/schema\/person\/97707fc8c64900cf36891127dbf9fba8"},"headline":"Este verano, hacemos match: ven a hacer voluntariado!","datePublished":"2019-06-05T09:51:52+00:00","dateModified":"2023-05-01T15:55:12+00:00","mainEntityOfPage":{"@id":"https:\/\/www.casaldelsinfants.org\/es\/actualidad\/este-verano-hacemos-match-ven-hacer-voluntariado\/"},"wordCount":257,"commentCount":0,"publisher":{"@id":"https:\/\/www.casaldelsinfants.org\/es\/#organization"},"image":{"@id":"https:\/\/www.casaldelsinfants.org\/es\/actualidad\/este-verano-hacemos-match-ven-hacer-voluntariado\/#primaryimage"},"thumbnailUrl":"https:\/\/www.casaldelsinfants.org\/wp-content\/uploads\/fem_match_vine_a_fer_voluntariat_aquest_estiu_al_casal_dels_infants.png","articleSection":["Noticia"],"inLanguage":"es","potentialAction":[{"@type":"CommentAction","name":"Comment","target":["https:\/\/www.casaldelsinfants.org\/es\/actualidad\/este-verano-hacemos-match-ven-hacer-voluntariado\/#respond"]}]},{"@type":"WebPage","@id":"https:\/\/www.casaldelsinfants.org\/es\/actualidad\/este-verano-hacemos-match-ven-hacer-voluntariado\/","url":"https:\/\/www.casaldelsinfants.org\/es\/actualidad\/este-verano-hacemos-match-ven-hacer-voluntariado\/","name":"Este verano, hacemos match: ven a hacer voluntariado! - Casal dels Infants","isPartOf":{"@id":"https:\/\/www.casaldelsinfants.org\/es\/#website"},"primaryImageOfPage":{"@id":"https:\/\/www.casaldelsinfants.org\/es\/actualidad\/este-verano-hacemos-match-ven-hacer-voluntariado\/#primaryimage"},"image":{"@id":"https:\/\/www.casaldelsinfants.org\/es\/actualidad\/este-verano-hacemos-match-ven-hacer-voluntariado\/#primaryimage"},"thumbnailUrl":"https:\/\/www.casaldelsinfants.org\/wp-content\/uploads\/fem_match_vine_a_fer_voluntariat_aquest_estiu_al_casal_dels_infants.png","datePublished":"2019-06-05T09:51:52+00:00","dateModified":"2023-05-01T15:55:12+00:00","breadcrumb":{"@id":"https:\/\/www.casaldelsinfants.org\/es\/actualidad\/este-verano-hacemos-match-ven-hacer-voluntariado\/#breadcrumb"},"inLanguage":"es","potentialAction":[{"@type":"ReadAction","target":["https:\/\/www.casaldelsinfants.org\/es\/actualidad\/este-verano-hacemos-match-ven-hacer-voluntariado\/"]}]},{"@type":"ImageObject","inLanguage":"es","@id":"https:\/\/www.casaldelsinfants.org\/es\/actualidad\/este-verano-hacemos-match-ven-hacer-voluntariado\/#primaryimage","url":"https:\/\/www.casaldelsinfants.org\/wp-content\/uploads\/fem_match_vine_a_fer_voluntariat_aquest_estiu_al_casal_dels_infants.png","contentUrl":"https:\/\/www.casaldelsinfants.org\/wp-content\/uploads\/fem_match_vine_a_fer_voluntariat_aquest_estiu_al_casal_dels_infants.png","width":1241,"height":541,"caption":"Cartell de voluntariat, has fet match."},{"@type":"BreadcrumbList","@id":"https:\/\/www.casaldelsinfants.org\/es\/actualidad\/este-verano-hacemos-match-ven-hacer-voluntariado\/#breadcrumb","itemListElement":[{"@type":"ListItem","position":1,"name":"Inici","item":"https:\/\/www.casaldelsinfants.org\/es\/"},{"@type":"ListItem","position":2,"name":"Este verano, hacemos match: ven a hacer voluntariado!"}]},{"@type":"WebSite","@id":"https:\/\/www.casaldelsinfants.org\/es\/#website","url":"https:\/\/www.casaldelsinfants.org\/es\/","name":"Casal dels Infants","description":"","publisher":{"@id":"https:\/\/www.casaldelsinfants.org\/es\/#organization"},"potentialAction":[{"@type":"SearchAction","target":{"@type":"EntryPoint","urlTemplate":"https:\/\/www.casaldelsinfants.org\/es\/?s={search_term_string}"},"query-input":{"@type":"PropertyValueSpecification","valueRequired":true,"valueName":"search_term_string"}}],"inLanguage":"es"},{"@type":"Organization","@id":"https:\/\/www.casaldelsinfants.org\/es\/#organization","name":"Casal dels Infants","url":"https:\/\/www.casaldelsinfants.org\/es\/","logo":{"@type":"ImageObject","inLanguage":"es","@id":"https:\/\/www.casaldelsinfants.org\/es\/#\/schema\/logo\/image\/","url":"https:\/\/www.casaldelsinfants.org\/wp-content\/uploads\/logo-mail.png","contentUrl":"https:\/\/www.casaldelsinfants.org\/wp-content\/uploads\/logo-mail.png","width":380,"height":158,"caption":"Casal dels Infants"},"image":{"@id":"https:\/\/www.casaldelsinfants.org\/es\/#\/schema\/logo\/image\/"},"sameAs":["https:\/\/www.facebook.com\/casalinfants","https:\/\/x.com\/casalinfants","https:\/\/www.youtube.com\/user\/CasaldelsInfants1","https:\/\/www.instagram.com\/casalinfants\/","https:\/\/www.linkedin.com\/company\/casaldelsinfants?trk=organization-update_share-update_actor-text"]},{"@type":"Person","@id":"https:\/\/www.casaldelsinfants.org\/es\/#\/schema\/person\/97707fc8c64900cf36891127dbf9fba8","name":"cdiAdmin","sameAs":["https:\/\/casaldelsinfants.org"]}]}},"publishpress_future_action":{"enabled":false,"date":"2026-05-09 10:31:31","action":"change-status","newStatus":"draft","terms":[],"taxonomy":"category","extraData":[]},"publishpress_future_workflow_manual_trigger":{"enabledWorkflows":[]},"_links":{"self":[{"href":"https:\/\/www.casaldelsinfants.org\/es\/wp-json\/wp\/v2\/posts\/4424","targetHints":{"allow":["GET"]}}],"collection":[{"href":"https:\/\/www.casaldelsinfants.org\/es\/wp-json\/wp\/v2\/posts"}],"about":[{"href":"https:\/\/www.casaldelsinfants.org\/es\/wp-json\/wp\/v2\/types\/post"}],"author":[{"embeddable":true,"href":"https:\/\/www.casaldelsinfants.org\/es\/wp-json\/wp\/v2\/users\/1"}],"replies":[{"embeddable":true,"href":"https:\/\/www.casaldelsinfants.org\/es\/wp-json\/wp\/v2\/comments?post=4424"}],"version-history":[{"count":1,"href":"https:\/\/www.casaldelsinfants.org\/es\/wp-json\/wp\/v2\/posts\/4424\/revisions"}],"predecessor-version":[{"id":6368,"href":"https:\/\/www.casaldelsinfants.org\/es\/wp-json\/wp\/v2\/posts\/4424\/revisions\/6368"}],"wp:featuredmedia":[{"embeddable":true,"href":"https:\/\/www.casaldelsinfants.org\/es\/wp-json\/wp\/v2\/media\/3346"}],"wp:attachment":[{"href":"https:\/\/www.casaldelsinfants.org\/es\/wp-json\/wp\/v2\/media?parent=4424"}],"wp:term":[{"taxonomy":"category","embeddable":true,"href":"https:\/\/www.casaldelsinfants.org\/es\/wp-json\/wp\/v2\/categories?post=4424"},{"taxonomy":"post_tag","embeddable":true,"href":"https:\/\/www.casaldelsinfants.org\/es\/wp-json\/wp\/v2\/tags?post=4424"},{"taxonomy":"seus","embeddable":true,"href":"https:\/\/www.casaldelsinfants.org\/es\/wp-json\/wp\/v2\/seus?post=4424"},{"taxonomy":"eixos","embeddable":true,"href":"https:\/\/www.casaldelsinfants.org\/es\/wp-json\/wp\/v2\/eixos?post=4424"}],"curies":[{"name":"wp","href":"https:\/\/api.w.org\/{rel}","templated":true}]}}