{"id":4425,"date":"2019-06-05T11:16:26","date_gmt":"2019-06-05T09:16:26","guid":{"rendered":"https:\/\/casal.puntzero.cat\/noticies\/arriba-la-gran-nit-solidaria-al-liceu-un-sopar-de-talent-culinari-i-compromis-social\/"},"modified":"2023-05-01T17:55:19","modified_gmt":"2023-05-01T15:55:19","slug":"arriba-la-gran-nit-solidaria-al-liceu-un-sopar-de-talent-culinari-i-compromis-social","status":"publish","type":"post","link":"https:\/\/www.casaldelsinfants.org\/es\/actualidad\/noche-solidaria-liceu-talento-culinario-compromiso-social\/","title":{"rendered":"Llega la Gran Nit Solid\u00e0ria al Liceu, una cena del talento culinario y compromiso social"},"content":{"rendered":"<p>La Gran Nit Solid\u00e0ria amb el Casal dels Infants vuelve el 5 de septiembre al Teatre del Liceu para reunir el talento culinario y el compromiso contra la exclusi\u00f3n social de cuatro grandes chefs de la cocina catalana: Albert Adri\u00e0, Nandu Jubany, Carles Abellan i Carles Gaig. <a href=\"https:\/\/www.atrapalo.com\/actividades\/gran-nit-solidaria-al-liceu-abellan-jubany-adria-i-gaig_e4830721\/\"><u>Las entradas ya est\u00e1n a la venta en Atr\u00e1palo.<\/u><\/a><\/p>\n<p>Se trata de un evento \u00fanico que en sus ediciones precedentes \u2014el Gran Sopardel Liceu de 2018, 206 y 2015 y la Festa Solid\u00e0ria de les Estrelles de 2017\u2014 ha movilizado el apoyo de la ciudadan\u00eda a los m\u00e1s de 7.000 ni\u00f1os y ni\u00f1as, j\u00f3venes y familias que el Casal dels Infants acompa\u00f1a anualmente.<\/p>\n<p>Este a\u00f1o, concretamente, la recaudaci\u00f3n de las entradas se destinar\u00e1 a los servicios Entorn Escolar Secund\u00e0ria y Casal Jove, que acompa\u00f1an a 700 adolescentes y j\u00f3venes a trav\u00e9s de actividades educativas y de participaci\u00f3n comunitaria.<\/p>\n<p>La gala, organizada por Gramona en colaboraci\u00f3n con el Gran Teatre del Liceu, Atr\u00e1palo, DMComunicaci\u00f3, ConSentidoCom\u00fan y el Grupo GSR, empezar\u00e1 en el Foyer del Liceu con un c\u00f3ctel de bienvenida, con propuestas que los xefs elaborar\u00e1n desde bufets independientes. La gran cena se servir\u00e1 posteriormente en el escenario del Gran Teatre del Liceu, con un men\u00fa creado en exclusiva para la ocasi\u00f3n.<\/p>\n","protected":false},"excerpt":{"rendered":"<p>La Gran Nit Solid\u00e0ria amb el Casal dels Infants vuelve el 5 de septiembre al Teatre del Liceu para reunir el talento culinario y el compromiso contra la exclusi\u00f3n social de cuatro grandes chefs de la cocina catalana: Albert Adri\u00e0, Nandu Jubany, Carles Abellan i Carles Gaig. Las entradas ya est\u00e1n a la venta en [&hellip;]<\/p>\n","protected":false},"author":1,"featured_media":3349,"comment_status":"open","ping_status":"open","sticky":false,"template":"","format":"standard","meta":{"_acf_changed":false,"_et_pb_use_builder":"","_et_pb_old_content":"","_et_gb_content_width":"","inline_featured_image":false,"footnotes":""},"categories":[125],"tags":[],"seus":[],"eixos":[],"class_list":["post-4425","post","type-post","status-publish","format-standard","has-post-thumbnail","hentry","category-noticias"],"acf":[],"yoast_head":"<!-- This site is optimized with the Yoast SEO plugin v27.4 - https:\/\/yoast.com\/product\/yoast-seo-wordpress\/ -->\n<title>Llega la Gran Nit Solid\u00e0ria al Liceu, una cena del talento culinario y compromiso social - Casal dels Infants<\/title>\n<meta name=\"robots\" content=\"index, follow, max-snippet:-1, max-image-preview:large, max-video-preview:-1\" \/>\n<link rel=\"canonical\" href=\"https:\/\/www.casaldelsinfants.org\/es\/actualidad\/noche-solidaria-liceu-talento-culinario-compromiso-social\/\" \/>\n<meta property=\"og:locale\" content=\"es_ES\" \/>\n<meta property=\"og:type\" content=\"article\" \/>\n<meta property=\"og:title\" content=\"Llega la Gran Nit Solid\u00e0ria al Liceu, una cena del talento culinario y compromiso social - Casal dels Infants\" \/>\n<meta property=\"og:description\" content=\"La Gran Nit Solid\u00e0ria amb el Casal dels Infants vuelve el 5 de septiembre al Teatre del Liceu para reunir el talento culinario y el compromiso contra la exclusi\u00f3n social de cuatro grandes chefs de la cocina catalana: Albert Adri\u00e0, Nandu Jubany, Carles Abellan i Carles Gaig. Las entradas ya est\u00e1n a la venta en [&hellip;]\" \/>\n<meta property=\"og:url\" content=\"https:\/\/www.casaldelsinfants.org\/es\/actualidad\/noche-solidaria-liceu-talento-culinario-compromiso-social\/\" \/>\n<meta property=\"og:site_name\" content=\"Casal dels Infants\" \/>\n<meta property=\"article:publisher\" content=\"https:\/\/www.facebook.com\/casalinfants\" \/>\n<meta property=\"article:published_time\" content=\"2019-06-05T09:16:26+00:00\" \/>\n<meta property=\"article:modified_time\" content=\"2023-05-01T15:55:19+00:00\" \/>\n<meta property=\"og:image\" content=\"https:\/\/www.casaldelsinfants.org\/wp-content\/uploads\/gran_nit_solidaria_al_liceu_casal_dels_infants_2019.jpg\" \/>\n\t<meta property=\"og:image:width\" content=\"1772\" \/>\n\t<meta property=\"og:image:height\" content=\"997\" \/>\n\t<meta property=\"og:image:type\" content=\"image\/jpeg\" \/>\n<meta name=\"author\" content=\"cdiAdmin\" \/>\n<meta name=\"twitter:card\" content=\"summary_large_image\" \/>\n<meta name=\"twitter:creator\" content=\"@casalinfants\" \/>\n<meta name=\"twitter:site\" content=\"@casalinfants\" \/>\n<meta name=\"twitter:label1\" content=\"Escrito por\" \/>\n\t<meta name=\"twitter:data1\" content=\"cdiAdmin\" \/>\n\t<meta name=\"twitter:label2\" content=\"Tiempo de lectura\" \/>\n\t<meta name=\"twitter:data2\" content=\"1 minuto\" \/>\n<script type=\"application\/ld+json\" class=\"yoast-schema-graph\">{\"@context\":\"https:\\\/\\\/schema.org\",\"@graph\":[{\"@type\":\"Article\",\"@id\":\"https:\\\/\\\/www.casaldelsinfants.org\\\/es\\\/actualidad\\\/noche-solidaria-liceu-talento-culinario-compromiso-social\\\/#article\",\"isPartOf\":{\"@id\":\"https:\\\/\\\/www.casaldelsinfants.org\\\/es\\\/actualidad\\\/noche-solidaria-liceu-talento-culinario-compromiso-social\\\/\"},\"author\":{\"name\":\"cdiAdmin\",\"@id\":\"https:\\\/\\\/www.casaldelsinfants.org\\\/es\\\/#\\\/schema\\\/person\\\/97707fc8c64900cf36891127dbf9fba8\"},\"headline\":\"Llega la Gran Nit Solid\u00e0ria al Liceu, una cena del talento culinario y compromiso social\",\"datePublished\":\"2019-06-05T09:16:26+00:00\",\"dateModified\":\"2023-05-01T15:55:19+00:00\",\"mainEntityOfPage\":{\"@id\":\"https:\\\/\\\/www.casaldelsinfants.org\\\/es\\\/actualidad\\\/noche-solidaria-liceu-talento-culinario-compromiso-social\\\/\"},\"wordCount\":241,\"commentCount\":0,\"publisher\":{\"@id\":\"https:\\\/\\\/www.casaldelsinfants.org\\\/es\\\/#organization\"},\"image\":{\"@id\":\"https:\\\/\\\/www.casaldelsinfants.org\\\/es\\\/actualidad\\\/noche-solidaria-liceu-talento-culinario-compromiso-social\\\/#primaryimage\"},\"thumbnailUrl\":\"https:\\\/\\\/www.casaldelsinfants.org\\\/wp-content\\\/uploads\\\/gran_nit_solidaria_al_liceu_casal_dels_infants_2019.jpg\",\"articleSection\":[\"Noticia\"],\"inLanguage\":\"es\",\"potentialAction\":[{\"@type\":\"CommentAction\",\"name\":\"Comment\",\"target\":[\"https:\\\/\\\/www.casaldelsinfants.org\\\/es\\\/actualidad\\\/noche-solidaria-liceu-talento-culinario-compromiso-social\\\/#respond\"]}]},{\"@type\":\"WebPage\",\"@id\":\"https:\\\/\\\/www.casaldelsinfants.org\\\/es\\\/actualidad\\\/noche-solidaria-liceu-talento-culinario-compromiso-social\\\/\",\"url\":\"https:\\\/\\\/www.casaldelsinfants.org\\\/es\\\/actualidad\\\/noche-solidaria-liceu-talento-culinario-compromiso-social\\\/\",\"name\":\"Llega la Gran Nit Solid\u00e0ria al Liceu, una cena del talento culinario y compromiso social - Casal dels Infants\",\"isPartOf\":{\"@id\":\"https:\\\/\\\/www.casaldelsinfants.org\\\/es\\\/#website\"},\"primaryImageOfPage\":{\"@id\":\"https:\\\/\\\/www.casaldelsinfants.org\\\/es\\\/actualidad\\\/noche-solidaria-liceu-talento-culinario-compromiso-social\\\/#primaryimage\"},\"image\":{\"@id\":\"https:\\\/\\\/www.casaldelsinfants.org\\\/es\\\/actualidad\\\/noche-solidaria-liceu-talento-culinario-compromiso-social\\\/#primaryimage\"},\"thumbnailUrl\":\"https:\\\/\\\/www.casaldelsinfants.org\\\/wp-content\\\/uploads\\\/gran_nit_solidaria_al_liceu_casal_dels_infants_2019.jpg\",\"datePublished\":\"2019-06-05T09:16:26+00:00\",\"dateModified\":\"2023-05-01T15:55:19+00:00\",\"breadcrumb\":{\"@id\":\"https:\\\/\\\/www.casaldelsinfants.org\\\/es\\\/actualidad\\\/noche-solidaria-liceu-talento-culinario-compromiso-social\\\/#breadcrumb\"},\"inLanguage\":\"es\",\"potentialAction\":[{\"@type\":\"ReadAction\",\"target\":[\"https:\\\/\\\/www.casaldelsinfants.org\\\/es\\\/actualidad\\\/noche-solidaria-liceu-talento-culinario-compromiso-social\\\/\"]}]},{\"@type\":\"ImageObject\",\"inLanguage\":\"es\",\"@id\":\"https:\\\/\\\/www.casaldelsinfants.org\\\/es\\\/actualidad\\\/noche-solidaria-liceu-talento-culinario-compromiso-social\\\/#primaryimage\",\"url\":\"https:\\\/\\\/www.casaldelsinfants.org\\\/wp-content\\\/uploads\\\/gran_nit_solidaria_al_liceu_casal_dels_infants_2019.jpg\",\"contentUrl\":\"https:\\\/\\\/www.casaldelsinfants.org\\\/wp-content\\\/uploads\\\/gran_nit_solidaria_al_liceu_casal_dels_infants_2019.jpg\",\"width\":1772,\"height\":997,\"caption\":\"xefs participants de la gran nit solid\u00e0ria al liceu.\"},{\"@type\":\"BreadcrumbList\",\"@id\":\"https:\\\/\\\/www.casaldelsinfants.org\\\/es\\\/actualidad\\\/noche-solidaria-liceu-talento-culinario-compromiso-social\\\/#breadcrumb\",\"itemListElement\":[{\"@type\":\"ListItem\",\"position\":1,\"name\":\"Inici\",\"item\":\"https:\\\/\\\/www.casaldelsinfants.org\\\/es\\\/\"},{\"@type\":\"ListItem\",\"position\":2,\"name\":\"Llega la Gran Nit Solid\u00e0ria al Liceu, una cena del talento culinario y compromiso social\"}]},{\"@type\":\"WebSite\",\"@id\":\"https:\\\/\\\/www.casaldelsinfants.org\\\/es\\\/#website\",\"url\":\"https:\\\/\\\/www.casaldelsinfants.org\\\/es\\\/\",\"name\":\"Casal dels Infants\",\"description\":\"\",\"publisher\":{\"@id\":\"https:\\\/\\\/www.casaldelsinfants.org\\\/es\\\/#organization\"},\"potentialAction\":[{\"@type\":\"SearchAction\",\"target\":{\"@type\":\"EntryPoint\",\"urlTemplate\":\"https:\\\/\\\/www.casaldelsinfants.org\\\/es\\\/?s={search_term_string}\"},\"query-input\":{\"@type\":\"PropertyValueSpecification\",\"valueRequired\":true,\"valueName\":\"search_term_string\"}}],\"inLanguage\":\"es\"},{\"@type\":\"Organization\",\"@id\":\"https:\\\/\\\/www.casaldelsinfants.org\\\/es\\\/#organization\",\"name\":\"Casal dels Infants\",\"url\":\"https:\\\/\\\/www.casaldelsinfants.org\\\/es\\\/\",\"logo\":{\"@type\":\"ImageObject\",\"inLanguage\":\"es\",\"@id\":\"https:\\\/\\\/www.casaldelsinfants.org\\\/es\\\/#\\\/schema\\\/logo\\\/image\\\/\",\"url\":\"https:\\\/\\\/www.casaldelsinfants.org\\\/wp-content\\\/uploads\\\/logo-mail.png\",\"contentUrl\":\"https:\\\/\\\/www.casaldelsinfants.org\\\/wp-content\\\/uploads\\\/logo-mail.png\",\"width\":380,\"height\":158,\"caption\":\"Casal dels Infants\"},\"image\":{\"@id\":\"https:\\\/\\\/www.casaldelsinfants.org\\\/es\\\/#\\\/schema\\\/logo\\\/image\\\/\"},\"sameAs\":[\"https:\\\/\\\/www.facebook.com\\\/casalinfants\",\"https:\\\/\\\/x.com\\\/casalinfants\",\"https:\\\/\\\/www.youtube.com\\\/user\\\/CasaldelsInfants1\",\"https:\\\/\\\/www.instagram.com\\\/casalinfants\\\/\",\"https:\\\/\\\/www.linkedin.com\\\/company\\\/casaldelsinfants?trk=organization-update_share-update_actor-text\"]},{\"@type\":\"Person\",\"@id\":\"https:\\\/\\\/www.casaldelsinfants.org\\\/es\\\/#\\\/schema\\\/person\\\/97707fc8c64900cf36891127dbf9fba8\",\"name\":\"cdiAdmin\",\"sameAs\":[\"https:\\\/\\\/casaldelsinfants.org\"]}]}<\/script>\n<!-- \/ Yoast SEO plugin. -->","yoast_head_json":{"title":"Llega la Gran Nit Solid\u00e0ria al Liceu, una cena del talento culinario y compromiso social - Casal dels Infants","robots":{"index":"index","follow":"follow","max-snippet":"max-snippet:-1","max-image-preview":"max-image-preview:large","max-video-preview":"max-video-preview:-1"},"canonical":"https:\/\/www.casaldelsinfants.org\/es\/actualidad\/noche-solidaria-liceu-talento-culinario-compromiso-social\/","og_locale":"es_ES","og_type":"article","og_title":"Llega la Gran Nit Solid\u00e0ria al Liceu, una cena del talento culinario y compromiso social - Casal dels Infants","og_description":"La Gran Nit Solid\u00e0ria amb el Casal dels Infants vuelve el 5 de septiembre al Teatre del Liceu para reunir el talento culinario y el compromiso contra la exclusi\u00f3n social de cuatro grandes chefs de la cocina catalana: Albert Adri\u00e0, Nandu Jubany, Carles Abellan i Carles Gaig. Las entradas ya est\u00e1n a la venta en [&hellip;]","og_url":"https:\/\/www.casaldelsinfants.org\/es\/actualidad\/noche-solidaria-liceu-talento-culinario-compromiso-social\/","og_site_name":"Casal dels Infants","article_publisher":"https:\/\/www.facebook.com\/casalinfants","article_published_time":"2019-06-05T09:16:26+00:00","article_modified_time":"2023-05-01T15:55:19+00:00","og_image":[{"width":1772,"height":997,"url":"https:\/\/www.casaldelsinfants.org\/wp-content\/uploads\/gran_nit_solidaria_al_liceu_casal_dels_infants_2019.jpg","type":"image\/jpeg"}],"author":"cdiAdmin","twitter_card":"summary_large_image","twitter_creator":"@casalinfants","twitter_site":"@casalinfants","twitter_misc":{"Escrito por":"cdiAdmin","Tiempo de lectura":"1 minuto"},"schema":{"@context":"https:\/\/schema.org","@graph":[{"@type":"Article","@id":"https:\/\/www.casaldelsinfants.org\/es\/actualidad\/noche-solidaria-liceu-talento-culinario-compromiso-social\/#article","isPartOf":{"@id":"https:\/\/www.casaldelsinfants.org\/es\/actualidad\/noche-solidaria-liceu-talento-culinario-compromiso-social\/"},"author":{"name":"cdiAdmin","@id":"https:\/\/www.casaldelsinfants.org\/es\/#\/schema\/person\/97707fc8c64900cf36891127dbf9fba8"},"headline":"Llega la Gran Nit Solid\u00e0ria al Liceu, una cena del talento culinario y compromiso social","datePublished":"2019-06-05T09:16:26+00:00","dateModified":"2023-05-01T15:55:19+00:00","mainEntityOfPage":{"@id":"https:\/\/www.casaldelsinfants.org\/es\/actualidad\/noche-solidaria-liceu-talento-culinario-compromiso-social\/"},"wordCount":241,"commentCount":0,"publisher":{"@id":"https:\/\/www.casaldelsinfants.org\/es\/#organization"},"image":{"@id":"https:\/\/www.casaldelsinfants.org\/es\/actualidad\/noche-solidaria-liceu-talento-culinario-compromiso-social\/#primaryimage"},"thumbnailUrl":"https:\/\/www.casaldelsinfants.org\/wp-content\/uploads\/gran_nit_solidaria_al_liceu_casal_dels_infants_2019.jpg","articleSection":["Noticia"],"inLanguage":"es","potentialAction":[{"@type":"CommentAction","name":"Comment","target":["https:\/\/www.casaldelsinfants.org\/es\/actualidad\/noche-solidaria-liceu-talento-culinario-compromiso-social\/#respond"]}]},{"@type":"WebPage","@id":"https:\/\/www.casaldelsinfants.org\/es\/actualidad\/noche-solidaria-liceu-talento-culinario-compromiso-social\/","url":"https:\/\/www.casaldelsinfants.org\/es\/actualidad\/noche-solidaria-liceu-talento-culinario-compromiso-social\/","name":"Llega la Gran Nit Solid\u00e0ria al Liceu, una cena del talento culinario y compromiso social - Casal dels Infants","isPartOf":{"@id":"https:\/\/www.casaldelsinfants.org\/es\/#website"},"primaryImageOfPage":{"@id":"https:\/\/www.casaldelsinfants.org\/es\/actualidad\/noche-solidaria-liceu-talento-culinario-compromiso-social\/#primaryimage"},"image":{"@id":"https:\/\/www.casaldelsinfants.org\/es\/actualidad\/noche-solidaria-liceu-talento-culinario-compromiso-social\/#primaryimage"},"thumbnailUrl":"https:\/\/www.casaldelsinfants.org\/wp-content\/uploads\/gran_nit_solidaria_al_liceu_casal_dels_infants_2019.jpg","datePublished":"2019-06-05T09:16:26+00:00","dateModified":"2023-05-01T15:55:19+00:00","breadcrumb":{"@id":"https:\/\/www.casaldelsinfants.org\/es\/actualidad\/noche-solidaria-liceu-talento-culinario-compromiso-social\/#breadcrumb"},"inLanguage":"es","potentialAction":[{"@type":"ReadAction","target":["https:\/\/www.casaldelsinfants.org\/es\/actualidad\/noche-solidaria-liceu-talento-culinario-compromiso-social\/"]}]},{"@type":"ImageObject","inLanguage":"es","@id":"https:\/\/www.casaldelsinfants.org\/es\/actualidad\/noche-solidaria-liceu-talento-culinario-compromiso-social\/#primaryimage","url":"https:\/\/www.casaldelsinfants.org\/wp-content\/uploads\/gran_nit_solidaria_al_liceu_casal_dels_infants_2019.jpg","contentUrl":"https:\/\/www.casaldelsinfants.org\/wp-content\/uploads\/gran_nit_solidaria_al_liceu_casal_dels_infants_2019.jpg","width":1772,"height":997,"caption":"xefs participants de la gran nit solid\u00e0ria al liceu."},{"@type":"BreadcrumbList","@id":"https:\/\/www.casaldelsinfants.org\/es\/actualidad\/noche-solidaria-liceu-talento-culinario-compromiso-social\/#breadcrumb","itemListElement":[{"@type":"ListItem","position":1,"name":"Inici","item":"https:\/\/www.casaldelsinfants.org\/es\/"},{"@type":"ListItem","position":2,"name":"Llega la Gran Nit Solid\u00e0ria al Liceu, una cena del talento culinario y compromiso social"}]},{"@type":"WebSite","@id":"https:\/\/www.casaldelsinfants.org\/es\/#website","url":"https:\/\/www.casaldelsinfants.org\/es\/","name":"Casal dels Infants","description":"","publisher":{"@id":"https:\/\/www.casaldelsinfants.org\/es\/#organization"},"potentialAction":[{"@type":"SearchAction","target":{"@type":"EntryPoint","urlTemplate":"https:\/\/www.casaldelsinfants.org\/es\/?s={search_term_string}"},"query-input":{"@type":"PropertyValueSpecification","valueRequired":true,"valueName":"search_term_string"}}],"inLanguage":"es"},{"@type":"Organization","@id":"https:\/\/www.casaldelsinfants.org\/es\/#organization","name":"Casal dels Infants","url":"https:\/\/www.casaldelsinfants.org\/es\/","logo":{"@type":"ImageObject","inLanguage":"es","@id":"https:\/\/www.casaldelsinfants.org\/es\/#\/schema\/logo\/image\/","url":"https:\/\/www.casaldelsinfants.org\/wp-content\/uploads\/logo-mail.png","contentUrl":"https:\/\/www.casaldelsinfants.org\/wp-content\/uploads\/logo-mail.png","width":380,"height":158,"caption":"Casal dels Infants"},"image":{"@id":"https:\/\/www.casaldelsinfants.org\/es\/#\/schema\/logo\/image\/"},"sameAs":["https:\/\/www.facebook.com\/casalinfants","https:\/\/x.com\/casalinfants","https:\/\/www.youtube.com\/user\/CasaldelsInfants1","https:\/\/www.instagram.com\/casalinfants\/","https:\/\/www.linkedin.com\/company\/casaldelsinfants?trk=organization-update_share-update_actor-text"]},{"@type":"Person","@id":"https:\/\/www.casaldelsinfants.org\/es\/#\/schema\/person\/97707fc8c64900cf36891127dbf9fba8","name":"cdiAdmin","sameAs":["https:\/\/casaldelsinfants.org"]}]}},"publishpress_future_action":{"enabled":false,"date":"2026-05-07 12:17:42","action":"change-status","newStatus":"draft","terms":[],"taxonomy":"category","extraData":[]},"publishpress_future_workflow_manual_trigger":{"enabledWorkflows":[]},"_links":{"self":[{"href":"https:\/\/www.casaldelsinfants.org\/es\/wp-json\/wp\/v2\/posts\/4425","targetHints":{"allow":["GET"]}}],"collection":[{"href":"https:\/\/www.casaldelsinfants.org\/es\/wp-json\/wp\/v2\/posts"}],"about":[{"href":"https:\/\/www.casaldelsinfants.org\/es\/wp-json\/wp\/v2\/types\/post"}],"author":[{"embeddable":true,"href":"https:\/\/www.casaldelsinfants.org\/es\/wp-json\/wp\/v2\/users\/1"}],"replies":[{"embeddable":true,"href":"https:\/\/www.casaldelsinfants.org\/es\/wp-json\/wp\/v2\/comments?post=4425"}],"version-history":[{"count":1,"href":"https:\/\/www.casaldelsinfants.org\/es\/wp-json\/wp\/v2\/posts\/4425\/revisions"}],"predecessor-version":[{"id":6369,"href":"https:\/\/www.casaldelsinfants.org\/es\/wp-json\/wp\/v2\/posts\/4425\/revisions\/6369"}],"wp:featuredmedia":[{"embeddable":true,"href":"https:\/\/www.casaldelsinfants.org\/es\/wp-json\/wp\/v2\/media\/3349"}],"wp:attachment":[{"href":"https:\/\/www.casaldelsinfants.org\/es\/wp-json\/wp\/v2\/media?parent=4425"}],"wp:term":[{"taxonomy":"category","embeddable":true,"href":"https:\/\/www.casaldelsinfants.org\/es\/wp-json\/wp\/v2\/categories?post=4425"},{"taxonomy":"post_tag","embeddable":true,"href":"https:\/\/www.casaldelsinfants.org\/es\/wp-json\/wp\/v2\/tags?post=4425"},{"taxonomy":"seus","embeddable":true,"href":"https:\/\/www.casaldelsinfants.org\/es\/wp-json\/wp\/v2\/seus?post=4425"},{"taxonomy":"eixos","embeddable":true,"href":"https:\/\/www.casaldelsinfants.org\/es\/wp-json\/wp\/v2\/eixos?post=4425"}],"curies":[{"name":"wp","href":"https:\/\/api.w.org\/{rel}","templated":true}]}}