{"id":4426,"date":"2019-06-05T10:33:21","date_gmt":"2019-06-05T08:33:21","guid":{"rendered":"https:\/\/casal.puntzero.cat\/noticies\/pla-estrategic-casal-2023-reflexions-i-nous-reptes-revertir-lexclusio-social\/"},"modified":"2023-05-01T17:55:25","modified_gmt":"2023-05-01T15:55:25","slug":"pla-estrategic-casal-2023-reflexions-i-nous-reptes-revertir-lexclusio-social","status":"publish","type":"post","link":"https:\/\/www.casaldelsinfants.org\/es\/actualidad\/plan-casal-2023-reflexiones-revertir-exclusion-social\/","title":{"rendered":"Plan Estrat\u00e9gico Casal 2023: reflexiones y nuevos retos para revertir la exclusi\u00f3n social"},"content":{"rendered":"<p>En el Casal dels Infants el mes de mayo ha sido el punto de partida del Plan Estrat\u00e9gico Casal 2023, un proceso participativo a trav\u00e9s del cual queremos reflexionar sobre nuestros retos y estrategias a cuatro a\u00f1os vista, coincidiendo con el hecho que en 2023 la asociaci\u00f3n celebrar\u00e1 su 40o aniversario. El objetivo \u00faltimo es mejorar nuestra acci\u00f3n social para seguir revirtiendo el riesgo de exclusi\u00f3n social entre ni\u00f1os y ni\u00f1as, j\u00f3venes y familias.<br \/>\nPara poner en marcha este intercambio de ideas, en el \u00faltimo mes hemos compartido tres charlas inspiracionales con profesionales referentes en distintos sectores, con el objectivo de captar su mirada sobre los procesos de cambio y los retos sociales que se nos presentan.<\/p>\n<p>\nEl primer encuentro fue con Judith Carrera, polit\u00f3loga, gestora y promotra de la cultura catalana, desde 2018 directora del Centre de Cultura Contempor\u00e0nia de Barcelona (CCCB). En su intervenci\u00f3n, &#8216;Di\u00e1logo entre la desigualdad social y la desigualdad cultural&#8217;, proyect\u00f3 los principales retos sociales a los que debemos enfrentarnos y apost\u00f3 por el poder de la cultura y las ciudades como instrumentos de transformaci\u00f3n social.<\/p>\n<p>\nEl segundo debate fue con Xavier Ferr\u00e0s, economista, ingeniero en telecomunicaciones y profesor de Direcci\u00f3n de Operaciones, Innovaci\u00f3n y Data Sciences en ESADE desde 2002. &#8216;C\u00f3mo la tecnolog\u00eda transforma el mundo&#8217; fue el t\u00edtulo de su charla, que abord\u00f3 el fen\u00f3meno de las tecnolog\u00edas emergentes y el avance hacia una sociedad muy tecnificada, con los debates que plantea su gesti\u00f3n.<\/p>\n<p>\nLa \u00faltima charla, &#8216;El protagonismo de la ciudadan\u00eda en las pol\u00edticas sociales&#8217;, fue a cargo de S\u00f2nia Fuertes, educadora social, licenciada en Filosof\u00eda y actual presidenta de la Federaci\u00f3 d&#8217;Entitats Catalanes d&#8217;Acci\u00f3 Social (ECAS). Sirvi\u00f3 para recordar y reivindicar que la acci\u00f3n social no puede ir desligada de su carga pol\u00edtica, enfrentando las causas de la desigualdad en lugar de centrarse en sus efectos.<\/p>\n<p>Con el est\u00edmulo de todos estos elementos de an\u00e1lisis, el siguiente paso ha sido dinamizar grupos de trabajo abiertos al equipo del Casal \u2014 trabajadores y trabajadoras y personas voluntarias\u2014 para debatir y plantear propuestas sobre varios ejes de la acci\u00f3n social de la entidad, como el papel del voluntariado, el modelo de intervenci\u00f3n, el modelo organizativo, el desarrollo \u00a0que ha de tener la asociaci\u00f3n en los pr\u00f3ximos a\u00f1os y la estrategia de incidencia pol\u00edtica y social.<\/p>\n<p>\nEl 6 de junio se obtendr\u00e1n las primeras conclusiones, y el proceso del Plan Estrat\u00e9gico continuar\u00e1 desarroll\u00e1ndose hasta que se presenten los resultados durante el pr\u00f3ximo Encuentro Anual del Casal dels Infants, que se celebrar\u00e1 en enero de 2020.<\/p>\n","protected":false},"excerpt":{"rendered":"<p>En el Casal dels Infants el mes de mayo ha sido el punto de partida del Plan Estrat\u00e9gico Casal 2023, un proceso participativo a trav\u00e9s del cual queremos reflexionar sobre nuestros retos y estrategias a cuatro a\u00f1os vista, coincidiendo con el hecho que en 2023 la asociaci\u00f3n celebrar\u00e1 su 40o aniversario. El objetivo \u00faltimo es [&hellip;]<\/p>\n","protected":false},"author":1,"featured_media":3352,"comment_status":"open","ping_status":"open","sticky":false,"template":"","format":"standard","meta":{"_acf_changed":false,"_et_pb_use_builder":"","_et_pb_old_content":"","_et_gb_content_width":"","inline_featured_image":false,"footnotes":""},"categories":[125],"tags":[],"seus":[],"eixos":[],"class_list":["post-4426","post","type-post","status-publish","format-standard","has-post-thumbnail","hentry","category-noticias"],"acf":[],"yoast_head":"<!-- This site is optimized with the Yoast SEO plugin v27.4 - https:\/\/yoast.com\/product\/yoast-seo-wordpress\/ -->\n<title>Plan Estrat\u00e9gico Casal 2023: reflexiones y nuevos retos para revertir la exclusi\u00f3n social - Casal dels Infants<\/title>\n<meta name=\"robots\" content=\"index, follow, max-snippet:-1, max-image-preview:large, max-video-preview:-1\" \/>\n<link rel=\"canonical\" href=\"https:\/\/www.casaldelsinfants.org\/es\/actualidad\/plan-casal-2023-reflexiones-revertir-exclusion-social\/\" \/>\n<meta property=\"og:locale\" content=\"es_ES\" \/>\n<meta property=\"og:type\" content=\"article\" \/>\n<meta property=\"og:title\" content=\"Plan Estrat\u00e9gico Casal 2023: reflexiones y nuevos retos para revertir la exclusi\u00f3n social - Casal dels Infants\" \/>\n<meta property=\"og:description\" content=\"En el Casal dels Infants el mes de mayo ha sido el punto de partida del Plan Estrat\u00e9gico Casal 2023, un proceso participativo a trav\u00e9s del cual queremos reflexionar sobre nuestros retos y estrategias a cuatro a\u00f1os vista, coincidiendo con el hecho que en 2023 la asociaci\u00f3n celebrar\u00e1 su 40o aniversario. El objetivo \u00faltimo es [&hellip;]\" \/>\n<meta property=\"og:url\" content=\"https:\/\/www.casaldelsinfants.org\/es\/actualidad\/plan-casal-2023-reflexiones-revertir-exclusion-social\/\" \/>\n<meta property=\"og:site_name\" content=\"Casal dels Infants\" \/>\n<meta property=\"article:publisher\" content=\"https:\/\/www.facebook.com\/casalinfants\" \/>\n<meta property=\"article:published_time\" content=\"2019-06-05T08:33:21+00:00\" \/>\n<meta property=\"article:modified_time\" content=\"2023-05-01T15:55:25+00:00\" \/>\n<meta property=\"og:image\" content=\"https:\/\/www.casaldelsinfants.org\/wp-content\/uploads\/img-20190530-wa0017.jpg\" \/>\n\t<meta property=\"og:image:width\" content=\"1600\" \/>\n\t<meta property=\"og:image:height\" content=\"900\" \/>\n\t<meta property=\"og:image:type\" content=\"image\/jpeg\" \/>\n<meta name=\"author\" content=\"cdiAdmin\" \/>\n<meta name=\"twitter:card\" content=\"summary_large_image\" \/>\n<meta name=\"twitter:creator\" content=\"@casalinfants\" \/>\n<meta name=\"twitter:site\" content=\"@casalinfants\" \/>\n<meta name=\"twitter:label1\" content=\"Escrito por\" \/>\n\t<meta name=\"twitter:data1\" content=\"cdiAdmin\" \/>\n\t<meta name=\"twitter:label2\" content=\"Tiempo de lectura\" \/>\n\t<meta name=\"twitter:data2\" content=\"2 minutos\" \/>\n<script type=\"application\/ld+json\" class=\"yoast-schema-graph\">{\"@context\":\"https:\\\/\\\/schema.org\",\"@graph\":[{\"@type\":\"Article\",\"@id\":\"https:\\\/\\\/www.casaldelsinfants.org\\\/es\\\/actualidad\\\/plan-casal-2023-reflexiones-revertir-exclusion-social\\\/#article\",\"isPartOf\":{\"@id\":\"https:\\\/\\\/www.casaldelsinfants.org\\\/es\\\/actualidad\\\/plan-casal-2023-reflexiones-revertir-exclusion-social\\\/\"},\"author\":{\"name\":\"cdiAdmin\",\"@id\":\"https:\\\/\\\/www.casaldelsinfants.org\\\/es\\\/#\\\/schema\\\/person\\\/97707fc8c64900cf36891127dbf9fba8\"},\"headline\":\"Plan Estrat\u00e9gico Casal 2023: reflexiones y nuevos retos para revertir la exclusi\u00f3n social\",\"datePublished\":\"2019-06-05T08:33:21+00:00\",\"dateModified\":\"2023-05-01T15:55:25+00:00\",\"mainEntityOfPage\":{\"@id\":\"https:\\\/\\\/www.casaldelsinfants.org\\\/es\\\/actualidad\\\/plan-casal-2023-reflexiones-revertir-exclusion-social\\\/\"},\"wordCount\":471,\"commentCount\":0,\"publisher\":{\"@id\":\"https:\\\/\\\/www.casaldelsinfants.org\\\/es\\\/#organization\"},\"image\":{\"@id\":\"https:\\\/\\\/www.casaldelsinfants.org\\\/es\\\/actualidad\\\/plan-casal-2023-reflexiones-revertir-exclusion-social\\\/#primaryimage\"},\"thumbnailUrl\":\"https:\\\/\\\/www.casaldelsinfants.org\\\/wp-content\\\/uploads\\\/img-20190530-wa0017.jpg\",\"articleSection\":[\"Noticia\"],\"inLanguage\":\"es\",\"potentialAction\":[{\"@type\":\"CommentAction\",\"name\":\"Comment\",\"target\":[\"https:\\\/\\\/www.casaldelsinfants.org\\\/es\\\/actualidad\\\/plan-casal-2023-reflexiones-revertir-exclusion-social\\\/#respond\"]}]},{\"@type\":\"WebPage\",\"@id\":\"https:\\\/\\\/www.casaldelsinfants.org\\\/es\\\/actualidad\\\/plan-casal-2023-reflexiones-revertir-exclusion-social\\\/\",\"url\":\"https:\\\/\\\/www.casaldelsinfants.org\\\/es\\\/actualidad\\\/plan-casal-2023-reflexiones-revertir-exclusion-social\\\/\",\"name\":\"Plan Estrat\u00e9gico Casal 2023: reflexiones y nuevos retos para revertir la exclusi\u00f3n social - Casal dels Infants\",\"isPartOf\":{\"@id\":\"https:\\\/\\\/www.casaldelsinfants.org\\\/es\\\/#website\"},\"primaryImageOfPage\":{\"@id\":\"https:\\\/\\\/www.casaldelsinfants.org\\\/es\\\/actualidad\\\/plan-casal-2023-reflexiones-revertir-exclusion-social\\\/#primaryimage\"},\"image\":{\"@id\":\"https:\\\/\\\/www.casaldelsinfants.org\\\/es\\\/actualidad\\\/plan-casal-2023-reflexiones-revertir-exclusion-social\\\/#primaryimage\"},\"thumbnailUrl\":\"https:\\\/\\\/www.casaldelsinfants.org\\\/wp-content\\\/uploads\\\/img-20190530-wa0017.jpg\",\"datePublished\":\"2019-06-05T08:33:21+00:00\",\"dateModified\":\"2023-05-01T15:55:25+00:00\",\"breadcrumb\":{\"@id\":\"https:\\\/\\\/www.casaldelsinfants.org\\\/es\\\/actualidad\\\/plan-casal-2023-reflexiones-revertir-exclusion-social\\\/#breadcrumb\"},\"inLanguage\":\"es\",\"potentialAction\":[{\"@type\":\"ReadAction\",\"target\":[\"https:\\\/\\\/www.casaldelsinfants.org\\\/es\\\/actualidad\\\/plan-casal-2023-reflexiones-revertir-exclusion-social\\\/\"]}]},{\"@type\":\"ImageObject\",\"inLanguage\":\"es\",\"@id\":\"https:\\\/\\\/www.casaldelsinfants.org\\\/es\\\/actualidad\\\/plan-casal-2023-reflexiones-revertir-exclusion-social\\\/#primaryimage\",\"url\":\"https:\\\/\\\/www.casaldelsinfants.org\\\/wp-content\\\/uploads\\\/img-20190530-wa0017.jpg\",\"contentUrl\":\"https:\\\/\\\/www.casaldelsinfants.org\\\/wp-content\\\/uploads\\\/img-20190530-wa0017.jpg\",\"width\":1600,\"height\":900,\"caption\":\"Pla Estrat\u00e8gic Casal 2023: reflexions i nous reptes per revertir l\u2019exclusi\u00f3 social\"},{\"@type\":\"BreadcrumbList\",\"@id\":\"https:\\\/\\\/www.casaldelsinfants.org\\\/es\\\/actualidad\\\/plan-casal-2023-reflexiones-revertir-exclusion-social\\\/#breadcrumb\",\"itemListElement\":[{\"@type\":\"ListItem\",\"position\":1,\"name\":\"Inici\",\"item\":\"https:\\\/\\\/www.casaldelsinfants.org\\\/es\\\/\"},{\"@type\":\"ListItem\",\"position\":2,\"name\":\"Plan Estrat\u00e9gico Casal 2023: reflexiones y nuevos retos para revertir la exclusi\u00f3n social\"}]},{\"@type\":\"WebSite\",\"@id\":\"https:\\\/\\\/www.casaldelsinfants.org\\\/es\\\/#website\",\"url\":\"https:\\\/\\\/www.casaldelsinfants.org\\\/es\\\/\",\"name\":\"Casal dels Infants\",\"description\":\"\",\"publisher\":{\"@id\":\"https:\\\/\\\/www.casaldelsinfants.org\\\/es\\\/#organization\"},\"potentialAction\":[{\"@type\":\"SearchAction\",\"target\":{\"@type\":\"EntryPoint\",\"urlTemplate\":\"https:\\\/\\\/www.casaldelsinfants.org\\\/es\\\/?s={search_term_string}\"},\"query-input\":{\"@type\":\"PropertyValueSpecification\",\"valueRequired\":true,\"valueName\":\"search_term_string\"}}],\"inLanguage\":\"es\"},{\"@type\":\"Organization\",\"@id\":\"https:\\\/\\\/www.casaldelsinfants.org\\\/es\\\/#organization\",\"name\":\"Casal dels Infants\",\"url\":\"https:\\\/\\\/www.casaldelsinfants.org\\\/es\\\/\",\"logo\":{\"@type\":\"ImageObject\",\"inLanguage\":\"es\",\"@id\":\"https:\\\/\\\/www.casaldelsinfants.org\\\/es\\\/#\\\/schema\\\/logo\\\/image\\\/\",\"url\":\"https:\\\/\\\/www.casaldelsinfants.org\\\/wp-content\\\/uploads\\\/logo-mail.png\",\"contentUrl\":\"https:\\\/\\\/www.casaldelsinfants.org\\\/wp-content\\\/uploads\\\/logo-mail.png\",\"width\":380,\"height\":158,\"caption\":\"Casal dels Infants\"},\"image\":{\"@id\":\"https:\\\/\\\/www.casaldelsinfants.org\\\/es\\\/#\\\/schema\\\/logo\\\/image\\\/\"},\"sameAs\":[\"https:\\\/\\\/www.facebook.com\\\/casalinfants\",\"https:\\\/\\\/x.com\\\/casalinfants\",\"https:\\\/\\\/www.youtube.com\\\/user\\\/CasaldelsInfants1\",\"https:\\\/\\\/www.instagram.com\\\/casalinfants\\\/\",\"https:\\\/\\\/www.linkedin.com\\\/company\\\/casaldelsinfants?trk=organization-update_share-update_actor-text\"]},{\"@type\":\"Person\",\"@id\":\"https:\\\/\\\/www.casaldelsinfants.org\\\/es\\\/#\\\/schema\\\/person\\\/97707fc8c64900cf36891127dbf9fba8\",\"name\":\"cdiAdmin\",\"sameAs\":[\"https:\\\/\\\/casaldelsinfants.org\"]}]}<\/script>\n<!-- \/ Yoast SEO plugin. -->","yoast_head_json":{"title":"Plan Estrat\u00e9gico Casal 2023: reflexiones y nuevos retos para revertir la exclusi\u00f3n social - Casal dels Infants","robots":{"index":"index","follow":"follow","max-snippet":"max-snippet:-1","max-image-preview":"max-image-preview:large","max-video-preview":"max-video-preview:-1"},"canonical":"https:\/\/www.casaldelsinfants.org\/es\/actualidad\/plan-casal-2023-reflexiones-revertir-exclusion-social\/","og_locale":"es_ES","og_type":"article","og_title":"Plan Estrat\u00e9gico Casal 2023: reflexiones y nuevos retos para revertir la exclusi\u00f3n social - Casal dels Infants","og_description":"En el Casal dels Infants el mes de mayo ha sido el punto de partida del Plan Estrat\u00e9gico Casal 2023, un proceso participativo a trav\u00e9s del cual queremos reflexionar sobre nuestros retos y estrategias a cuatro a\u00f1os vista, coincidiendo con el hecho que en 2023 la asociaci\u00f3n celebrar\u00e1 su 40o aniversario. El objetivo \u00faltimo es [&hellip;]","og_url":"https:\/\/www.casaldelsinfants.org\/es\/actualidad\/plan-casal-2023-reflexiones-revertir-exclusion-social\/","og_site_name":"Casal dels Infants","article_publisher":"https:\/\/www.facebook.com\/casalinfants","article_published_time":"2019-06-05T08:33:21+00:00","article_modified_time":"2023-05-01T15:55:25+00:00","og_image":[{"width":1600,"height":900,"url":"https:\/\/www.casaldelsinfants.org\/wp-content\/uploads\/img-20190530-wa0017.jpg","type":"image\/jpeg"}],"author":"cdiAdmin","twitter_card":"summary_large_image","twitter_creator":"@casalinfants","twitter_site":"@casalinfants","twitter_misc":{"Escrito por":"cdiAdmin","Tiempo de lectura":"2 minutos"},"schema":{"@context":"https:\/\/schema.org","@graph":[{"@type":"Article","@id":"https:\/\/www.casaldelsinfants.org\/es\/actualidad\/plan-casal-2023-reflexiones-revertir-exclusion-social\/#article","isPartOf":{"@id":"https:\/\/www.casaldelsinfants.org\/es\/actualidad\/plan-casal-2023-reflexiones-revertir-exclusion-social\/"},"author":{"name":"cdiAdmin","@id":"https:\/\/www.casaldelsinfants.org\/es\/#\/schema\/person\/97707fc8c64900cf36891127dbf9fba8"},"headline":"Plan Estrat\u00e9gico Casal 2023: reflexiones y nuevos retos para revertir la exclusi\u00f3n social","datePublished":"2019-06-05T08:33:21+00:00","dateModified":"2023-05-01T15:55:25+00:00","mainEntityOfPage":{"@id":"https:\/\/www.casaldelsinfants.org\/es\/actualidad\/plan-casal-2023-reflexiones-revertir-exclusion-social\/"},"wordCount":471,"commentCount":0,"publisher":{"@id":"https:\/\/www.casaldelsinfants.org\/es\/#organization"},"image":{"@id":"https:\/\/www.casaldelsinfants.org\/es\/actualidad\/plan-casal-2023-reflexiones-revertir-exclusion-social\/#primaryimage"},"thumbnailUrl":"https:\/\/www.casaldelsinfants.org\/wp-content\/uploads\/img-20190530-wa0017.jpg","articleSection":["Noticia"],"inLanguage":"es","potentialAction":[{"@type":"CommentAction","name":"Comment","target":["https:\/\/www.casaldelsinfants.org\/es\/actualidad\/plan-casal-2023-reflexiones-revertir-exclusion-social\/#respond"]}]},{"@type":"WebPage","@id":"https:\/\/www.casaldelsinfants.org\/es\/actualidad\/plan-casal-2023-reflexiones-revertir-exclusion-social\/","url":"https:\/\/www.casaldelsinfants.org\/es\/actualidad\/plan-casal-2023-reflexiones-revertir-exclusion-social\/","name":"Plan Estrat\u00e9gico Casal 2023: reflexiones y nuevos retos para revertir la exclusi\u00f3n social - Casal dels Infants","isPartOf":{"@id":"https:\/\/www.casaldelsinfants.org\/es\/#website"},"primaryImageOfPage":{"@id":"https:\/\/www.casaldelsinfants.org\/es\/actualidad\/plan-casal-2023-reflexiones-revertir-exclusion-social\/#primaryimage"},"image":{"@id":"https:\/\/www.casaldelsinfants.org\/es\/actualidad\/plan-casal-2023-reflexiones-revertir-exclusion-social\/#primaryimage"},"thumbnailUrl":"https:\/\/www.casaldelsinfants.org\/wp-content\/uploads\/img-20190530-wa0017.jpg","datePublished":"2019-06-05T08:33:21+00:00","dateModified":"2023-05-01T15:55:25+00:00","breadcrumb":{"@id":"https:\/\/www.casaldelsinfants.org\/es\/actualidad\/plan-casal-2023-reflexiones-revertir-exclusion-social\/#breadcrumb"},"inLanguage":"es","potentialAction":[{"@type":"ReadAction","target":["https:\/\/www.casaldelsinfants.org\/es\/actualidad\/plan-casal-2023-reflexiones-revertir-exclusion-social\/"]}]},{"@type":"ImageObject","inLanguage":"es","@id":"https:\/\/www.casaldelsinfants.org\/es\/actualidad\/plan-casal-2023-reflexiones-revertir-exclusion-social\/#primaryimage","url":"https:\/\/www.casaldelsinfants.org\/wp-content\/uploads\/img-20190530-wa0017.jpg","contentUrl":"https:\/\/www.casaldelsinfants.org\/wp-content\/uploads\/img-20190530-wa0017.jpg","width":1600,"height":900,"caption":"Pla Estrat\u00e8gic Casal 2023: reflexions i nous reptes per revertir l\u2019exclusi\u00f3 social"},{"@type":"BreadcrumbList","@id":"https:\/\/www.casaldelsinfants.org\/es\/actualidad\/plan-casal-2023-reflexiones-revertir-exclusion-social\/#breadcrumb","itemListElement":[{"@type":"ListItem","position":1,"name":"Inici","item":"https:\/\/www.casaldelsinfants.org\/es\/"},{"@type":"ListItem","position":2,"name":"Plan Estrat\u00e9gico Casal 2023: reflexiones y nuevos retos para revertir la exclusi\u00f3n social"}]},{"@type":"WebSite","@id":"https:\/\/www.casaldelsinfants.org\/es\/#website","url":"https:\/\/www.casaldelsinfants.org\/es\/","name":"Casal dels Infants","description":"","publisher":{"@id":"https:\/\/www.casaldelsinfants.org\/es\/#organization"},"potentialAction":[{"@type":"SearchAction","target":{"@type":"EntryPoint","urlTemplate":"https:\/\/www.casaldelsinfants.org\/es\/?s={search_term_string}"},"query-input":{"@type":"PropertyValueSpecification","valueRequired":true,"valueName":"search_term_string"}}],"inLanguage":"es"},{"@type":"Organization","@id":"https:\/\/www.casaldelsinfants.org\/es\/#organization","name":"Casal dels Infants","url":"https:\/\/www.casaldelsinfants.org\/es\/","logo":{"@type":"ImageObject","inLanguage":"es","@id":"https:\/\/www.casaldelsinfants.org\/es\/#\/schema\/logo\/image\/","url":"https:\/\/www.casaldelsinfants.org\/wp-content\/uploads\/logo-mail.png","contentUrl":"https:\/\/www.casaldelsinfants.org\/wp-content\/uploads\/logo-mail.png","width":380,"height":158,"caption":"Casal dels Infants"},"image":{"@id":"https:\/\/www.casaldelsinfants.org\/es\/#\/schema\/logo\/image\/"},"sameAs":["https:\/\/www.facebook.com\/casalinfants","https:\/\/x.com\/casalinfants","https:\/\/www.youtube.com\/user\/CasaldelsInfants1","https:\/\/www.instagram.com\/casalinfants\/","https:\/\/www.linkedin.com\/company\/casaldelsinfants?trk=organization-update_share-update_actor-text"]},{"@type":"Person","@id":"https:\/\/www.casaldelsinfants.org\/es\/#\/schema\/person\/97707fc8c64900cf36891127dbf9fba8","name":"cdiAdmin","sameAs":["https:\/\/casaldelsinfants.org"]}]}},"publishpress_future_action":{"enabled":false,"date":"2026-05-09 10:36:33","action":"change-status","newStatus":"draft","terms":[],"taxonomy":"category","extraData":[]},"publishpress_future_workflow_manual_trigger":{"enabledWorkflows":[]},"_links":{"self":[{"href":"https:\/\/www.casaldelsinfants.org\/es\/wp-json\/wp\/v2\/posts\/4426","targetHints":{"allow":["GET"]}}],"collection":[{"href":"https:\/\/www.casaldelsinfants.org\/es\/wp-json\/wp\/v2\/posts"}],"about":[{"href":"https:\/\/www.casaldelsinfants.org\/es\/wp-json\/wp\/v2\/types\/post"}],"author":[{"embeddable":true,"href":"https:\/\/www.casaldelsinfants.org\/es\/wp-json\/wp\/v2\/users\/1"}],"replies":[{"embeddable":true,"href":"https:\/\/www.casaldelsinfants.org\/es\/wp-json\/wp\/v2\/comments?post=4426"}],"version-history":[{"count":1,"href":"https:\/\/www.casaldelsinfants.org\/es\/wp-json\/wp\/v2\/posts\/4426\/revisions"}],"predecessor-version":[{"id":6370,"href":"https:\/\/www.casaldelsinfants.org\/es\/wp-json\/wp\/v2\/posts\/4426\/revisions\/6370"}],"wp:featuredmedia":[{"embeddable":true,"href":"https:\/\/www.casaldelsinfants.org\/es\/wp-json\/wp\/v2\/media\/3352"}],"wp:attachment":[{"href":"https:\/\/www.casaldelsinfants.org\/es\/wp-json\/wp\/v2\/media?parent=4426"}],"wp:term":[{"taxonomy":"category","embeddable":true,"href":"https:\/\/www.casaldelsinfants.org\/es\/wp-json\/wp\/v2\/categories?post=4426"},{"taxonomy":"post_tag","embeddable":true,"href":"https:\/\/www.casaldelsinfants.org\/es\/wp-json\/wp\/v2\/tags?post=4426"},{"taxonomy":"seus","embeddable":true,"href":"https:\/\/www.casaldelsinfants.org\/es\/wp-json\/wp\/v2\/seus?post=4426"},{"taxonomy":"eixos","embeddable":true,"href":"https:\/\/www.casaldelsinfants.org\/es\/wp-json\/wp\/v2\/eixos?post=4426"}],"curies":[{"name":"wp","href":"https:\/\/api.w.org\/{rel}","templated":true}]}}