{"id":4428,"date":"2019-06-05T09:19:48","date_gmt":"2019-06-05T07:19:48","guid":{"rendered":"https:\/\/casal.puntzero.cat\/noticies\/el-bcnzoom-fa-vibrar-els-cinemes-girona-amb-curtmetratges-socials-dadolescents-i-joves\/"},"modified":"2023-05-01T17:55:43","modified_gmt":"2023-05-01T15:55:43","slug":"el-bcnzoom-fa-vibrar-els-cinemes-girona-amb-curtmetratges-socials-dadolescents-i-joves","status":"publish","type":"post","link":"https:\/\/www.casaldelsinfants.org\/es\/actualidad\/bcnzoom-cines-gerona-cortometrajes-sociales-adolescentes\/","title":{"rendered":"Los Cinemes Girona vibran con los cortometrajes de adolescentes y j\u00f3venes del BCNZoom"},"content":{"rendered":"<p class=\"text-align-center\"><u><strong><a href=\"https:\/\/www.youtube.com\/watch?v=RxK9z-LS97c&amp;list=PLt2vkGsi9kM5PjBUTnPpeOhLyQUx4NdYd\">Mira totdos\u00a0los\u00a0cortometrajes\u00a0del BCNZoom 2019 aqu\u00ed!<\/a><\/strong><\/u><\/p>\n<p class=\"text-align-center\">\u00a0<\/p>\n<p><span style=\"color:#000000;\">La V edici\u00f3n del <strong>BCNZoom<\/strong>, el festival de <strong>cortometrajes\u00a0sociales <\/strong>realizados por <strong>adolescentes y j\u00f3venes Casal dels Infants, <\/strong>este a\u00f1o con la colaboraci\u00f3n de la <strong>Fundaci\u00f3n Probitas<\/strong><\/span><span style=\"color:#000000;\"><strong>, <\/strong>se celebr\u00f3 el s\u00e1bado 25 de mayo e hizo vibrar a los <strong>Cinemes Girona de Barcelona.<\/strong><\/span><\/p>\n<p><span style=\"color:#000000;\">Un a\u00f1o m\u00e1s, el certamen quiso potenciar la mirada cr\u00edtica sobre la realidad entre los adolescentes y j\u00f3venes, d\u00e1ndoles la voz en el debate social y fortaleci\u00e9ndolos en sus competencias relacionadas con la creatividad y el trabajo en equipo. Se presentaron 11 propuestas\u00a0\u2014seis en la categor\u00eda de adolescentes y cinco en la de j\u00f3venes\u2014 que hab\u00edan trabajado durante los \u00faltimos meses varios grupos de chicos y chicas de Barcelona, Badalona y Santa Coloma de Gramenet.<\/span><\/p>\n<p><span style=\"color:#000000;\">Entre las tem\u00e1ticas tratas este a\u00f1o, cabe destacar el peso que tuvo la lucha feminista y la defensa de los derechos de los chicos y chicas migrantes. Tambi\u00e9n hubo protagonismo para la reivindicaci\u00f3n de la diversidad sexual y la sensibilizaci\u00f3n sobre los efectos del cambio clim\u00e1tico.<\/span><\/p>\n<p><span style=\"color:#000000;\">El esfuerzo de todos los grupos para sacar adelante sus cortos provoc\u00f3 que el jurado volvieses a pasar un mal rato a la hora de deliberar. Las encargadas de decidir los premiados fueron S\u00f2nia Badia (educadora social), J\u00falia Cahner (estudiante de Cine de la Escola Superior de Cinema de Catalunya \u2014ESCAC\u2014) y Gemma Cortada (graduada en Cine y Medios Audiovisuales, educadora social y profesora del m\u00b4sater en Direcci\u00f3n de Arte de la ESCAC).<\/span><\/p>\n<p class=\"pregunta-entrevista\"><span style=\"color:#000000;\">Los premios<\/span><\/p>\n<p><span style=\"color:#000000;\">En la categor\u00eda de adolescentes, el premio del jurado fue para<\/span><strong>\u00a0<u><a href=\"https:\/\/www.youtube.com\/watch?v=O1AC77osWkU\">\u2018N\u00e0ufrags\u2019<\/a><\/u><\/strong><span style=\"color:#000000;\">, del <strong>Casal Obert d\u2019Adolescents (COA)<\/strong>\u00a0de <strong>Santa Coloma de Gramenet<\/strong>. Se tuvo en cuenta su reflexi\u00f3n sobre los obst\u00e1culos que deben superar los chicos y chicas nacidos en el extranjero cuando llegan a Catalunya sin red de apoyo y siendo menores de edad. Sus realizadores gozar\u00e1n de un d\u00eda en Port Aventura como reconocimiento al buen trabajo.<\/span><\/p>\n<p><span style=\"color:#000000;\">En cuanto al galard\u00f3n del p\u00fablic, fue para<\/span><strong>\u00a0<u><a href=\"https:\/\/www.youtube.com\/watch?v=vCRHzMABVpw\">\u2018El gran epicentre\u2019<\/a><\/u><\/strong><span style=\"color:#000000;\">, del <strong>Casal Obert d\u2019Adolescents (COA) del Raval<\/strong>, una cr\u00edtica a la acumulaci\u00f3n de residuos que estamos generando y su impacto en el planeta. El premio, en este caso, son entradas para ir al cine todo el grupo.\u00a0<\/span><\/p>\n<p><span style=\"color:#000000;\">En cuanto a los j\u00f3venes, los grandes ganadores de la noche fueron los chicos y chicas del Casal Jove Atles del Raval. Con\u00a0<\/span><strong><u><a href=\"https:\/\/www.youtube.com\/watch?v=RxK9z-LS97c&amp;t=2s\">\u2018El mundo al rev\u00e9s\u2019<\/a><\/u> <\/strong><span style=\"color:#000000;\">han hecho el ejercicio de cambiar los roles de los hombres y las mujeres en situaciones cotidianas, para reflejar el machismo imperante en \u00e1mbitos como las condiciones laborales y la gesti\u00f3n de las cargas del hogar.\u00a0El corto tambi\u00e9n da la vuelta a los roles en situaciones de racismo, como los controles de documentaci\u00f3n que la polic\u00eda lleva a cabo en la calle en funci\u00f3n del perfil \u00e9tnico de las personas.\u00a0Este primer premio permitir\u00e1 a los j\u00f3venes del Raval participar en la pr\u00f3xima edici\u00f3n del TanjaZoom, el festival de cortometrajes sociales que el Casal organiza en la ciudad marroqu\u00ed de T\u00e1nger en colaboraci\u00f3n con varias organizaciones juveniles. Durante el BCNZoom, como primicia, se proyectaron dos cortometrajes de la asociaci\u00f3n AICED que participar\u00e1n\u00a0en el TanjaZoom. As\u00ed mismo, tambi\u00e9n ganaron una entrada para el certamen de cine fant\u00e1stico y de terror<\/span><span style=\"color:#000000;\">\u00a0Cyptshow Festival de Badalona.<\/span><\/p>\n<p><span style=\"color:#000000;\">El segundo premio fue para <\/span><u><strong><a href=\"https:\/\/www.youtube.com\/watch?v=Gaj24ICG0gU\">\u2018La(s) mirada(s)\u2019<\/a><\/strong><\/u><span style=\"color:#000000;\">, realitzado por j\u00f3vnes del <strong>Espai 12@16 del barri del Poble Sec<\/strong>\u00a0con el apoyo de la <strong>Escola de Cinema Al Marge<\/strong>. Una reivindicaci\u00f3n incisiva de lo que significa amar libremente, digan lo que digan las ideolog\u00edas y las religiones, en este caso a trav\u00e9s del testimonio de una chica lesbiana. Sus autores y autoras ganaron pasar un d\u00eda en Port Aventura.<\/span><\/p>\n","protected":false},"excerpt":{"rendered":"<p>Mira totdos\u00a0los\u00a0cortometrajes\u00a0del BCNZoom 2019 aqu\u00ed! \u00a0 La V edici\u00f3n del BCNZoom, el festival de cortometrajes\u00a0sociales realizados por adolescentes y j\u00f3venes Casal dels Infants, este a\u00f1o con la colaboraci\u00f3n de la Fundaci\u00f3n Probitas, se celebr\u00f3 el s\u00e1bado 25 de mayo e hizo vibrar a los Cinemes Girona de Barcelona. Un a\u00f1o m\u00e1s, el certamen quiso potenciar [&hellip;]<\/p>\n","protected":false},"author":1,"featured_media":3358,"comment_status":"open","ping_status":"open","sticky":false,"template":"","format":"standard","meta":{"_acf_changed":false,"_et_pb_use_builder":"","_et_pb_old_content":"","_et_gb_content_width":"","inline_featured_image":false,"footnotes":""},"categories":[125],"tags":[168,169,170,112],"seus":[15],"eixos":[102],"class_list":["post-4428","post","type-post","status-publish","format-standard","has-post-thumbnail","hentry","category-noticias","tag-bcnzoom-es","tag-casal-jove-es","tag-casal-obert-adolescents-es","tag-participacion-comunitaria","seus-badalona","eixos-jovenes"],"acf":[],"yoast_head":"<!-- This site is optimized with the Yoast SEO plugin v27.4 - https:\/\/yoast.com\/product\/yoast-seo-wordpress\/ -->\n<title>Los Cinemes Girona vibran con los cortometrajes de adolescentes y j\u00f3venes del BCNZoom - Casal dels Infants<\/title>\n<meta name=\"robots\" content=\"index, follow, max-snippet:-1, max-image-preview:large, max-video-preview:-1\" \/>\n<link rel=\"canonical\" href=\"https:\/\/www.casaldelsinfants.org\/es\/actualidad\/bcnzoom-cines-gerona-cortometrajes-sociales-adolescentes\/\" \/>\n<meta property=\"og:locale\" content=\"es_ES\" \/>\n<meta property=\"og:type\" content=\"article\" \/>\n<meta property=\"og:title\" content=\"Los Cinemes Girona vibran con los cortometrajes de adolescentes y j\u00f3venes del BCNZoom - Casal dels Infants\" \/>\n<meta property=\"og:description\" content=\"Mira totdos\u00a0los\u00a0cortometrajes\u00a0del BCNZoom 2019 aqu\u00ed! \u00a0 La V edici\u00f3n del BCNZoom, el festival de cortometrajes\u00a0sociales realizados por adolescentes y j\u00f3venes Casal dels Infants, este a\u00f1o con la colaboraci\u00f3n de la Fundaci\u00f3n Probitas, se celebr\u00f3 el s\u00e1bado 25 de mayo e hizo vibrar a los Cinemes Girona de Barcelona. Un a\u00f1o m\u00e1s, el certamen quiso potenciar [&hellip;]\" \/>\n<meta property=\"og:url\" content=\"https:\/\/www.casaldelsinfants.org\/es\/actualidad\/bcnzoom-cines-gerona-cortometrajes-sociales-adolescentes\/\" \/>\n<meta property=\"og:site_name\" content=\"Casal dels Infants\" \/>\n<meta property=\"article:publisher\" content=\"https:\/\/www.facebook.com\/casalinfants\" \/>\n<meta property=\"article:published_time\" content=\"2019-06-05T07:19:48+00:00\" \/>\n<meta property=\"article:modified_time\" content=\"2023-05-01T15:55:43+00:00\" \/>\n<meta property=\"og:image\" content=\"https:\/\/www.casaldelsinfants.org\/wp-content\/uploads\/1100621-scaled.jpg\" \/>\n\t<meta property=\"og:image:width\" content=\"2560\" \/>\n\t<meta property=\"og:image:height\" content=\"1922\" \/>\n\t<meta property=\"og:image:type\" content=\"image\/jpeg\" \/>\n<meta name=\"author\" content=\"cdiAdmin\" \/>\n<meta name=\"twitter:card\" content=\"summary_large_image\" \/>\n<meta name=\"twitter:creator\" content=\"@casalinfants\" \/>\n<meta name=\"twitter:site\" content=\"@casalinfants\" \/>\n<meta name=\"twitter:label1\" content=\"Escrito por\" \/>\n\t<meta name=\"twitter:data1\" content=\"cdiAdmin\" \/>\n\t<meta name=\"twitter:label2\" content=\"Tiempo de lectura\" \/>\n\t<meta name=\"twitter:data2\" content=\"3 minutos\" \/>\n<script type=\"application\/ld+json\" class=\"yoast-schema-graph\">{\"@context\":\"https:\\\/\\\/schema.org\",\"@graph\":[{\"@type\":\"Article\",\"@id\":\"https:\\\/\\\/www.casaldelsinfants.org\\\/es\\\/actualidad\\\/bcnzoom-cines-gerona-cortometrajes-sociales-adolescentes\\\/#article\",\"isPartOf\":{\"@id\":\"https:\\\/\\\/www.casaldelsinfants.org\\\/es\\\/actualidad\\\/bcnzoom-cines-gerona-cortometrajes-sociales-adolescentes\\\/\"},\"author\":{\"name\":\"cdiAdmin\",\"@id\":\"https:\\\/\\\/www.casaldelsinfants.org\\\/es\\\/#\\\/schema\\\/person\\\/97707fc8c64900cf36891127dbf9fba8\"},\"headline\":\"Los Cinemes Girona vibran con los cortometrajes de adolescentes y j\u00f3venes del BCNZoom\",\"datePublished\":\"2019-06-05T07:19:48+00:00\",\"dateModified\":\"2023-05-01T15:55:43+00:00\",\"mainEntityOfPage\":{\"@id\":\"https:\\\/\\\/www.casaldelsinfants.org\\\/es\\\/actualidad\\\/bcnzoom-cines-gerona-cortometrajes-sociales-adolescentes\\\/\"},\"wordCount\":675,\"commentCount\":0,\"publisher\":{\"@id\":\"https:\\\/\\\/www.casaldelsinfants.org\\\/es\\\/#organization\"},\"image\":{\"@id\":\"https:\\\/\\\/www.casaldelsinfants.org\\\/es\\\/actualidad\\\/bcnzoom-cines-gerona-cortometrajes-sociales-adolescentes\\\/#primaryimage\"},\"thumbnailUrl\":\"https:\\\/\\\/www.casaldelsinfants.org\\\/wp-content\\\/uploads\\\/1100621-scaled.jpg\",\"keywords\":[\"BCNZoom\",\"Casal Jove\",\"Casal Obert Adolescents\",\"participaci\u00f3n comunitaria\"],\"articleSection\":[\"Noticia\"],\"inLanguage\":\"es\",\"potentialAction\":[{\"@type\":\"CommentAction\",\"name\":\"Comment\",\"target\":[\"https:\\\/\\\/www.casaldelsinfants.org\\\/es\\\/actualidad\\\/bcnzoom-cines-gerona-cortometrajes-sociales-adolescentes\\\/#respond\"]}]},{\"@type\":\"WebPage\",\"@id\":\"https:\\\/\\\/www.casaldelsinfants.org\\\/es\\\/actualidad\\\/bcnzoom-cines-gerona-cortometrajes-sociales-adolescentes\\\/\",\"url\":\"https:\\\/\\\/www.casaldelsinfants.org\\\/es\\\/actualidad\\\/bcnzoom-cines-gerona-cortometrajes-sociales-adolescentes\\\/\",\"name\":\"Los Cinemes Girona vibran con los cortometrajes de adolescentes y j\u00f3venes del BCNZoom - Casal dels Infants\",\"isPartOf\":{\"@id\":\"https:\\\/\\\/www.casaldelsinfants.org\\\/es\\\/#website\"},\"primaryImageOfPage\":{\"@id\":\"https:\\\/\\\/www.casaldelsinfants.org\\\/es\\\/actualidad\\\/bcnzoom-cines-gerona-cortometrajes-sociales-adolescentes\\\/#primaryimage\"},\"image\":{\"@id\":\"https:\\\/\\\/www.casaldelsinfants.org\\\/es\\\/actualidad\\\/bcnzoom-cines-gerona-cortometrajes-sociales-adolescentes\\\/#primaryimage\"},\"thumbnailUrl\":\"https:\\\/\\\/www.casaldelsinfants.org\\\/wp-content\\\/uploads\\\/1100621-scaled.jpg\",\"datePublished\":\"2019-06-05T07:19:48+00:00\",\"dateModified\":\"2023-05-01T15:55:43+00:00\",\"breadcrumb\":{\"@id\":\"https:\\\/\\\/www.casaldelsinfants.org\\\/es\\\/actualidad\\\/bcnzoom-cines-gerona-cortometrajes-sociales-adolescentes\\\/#breadcrumb\"},\"inLanguage\":\"es\",\"potentialAction\":[{\"@type\":\"ReadAction\",\"target\":[\"https:\\\/\\\/www.casaldelsinfants.org\\\/es\\\/actualidad\\\/bcnzoom-cines-gerona-cortometrajes-sociales-adolescentes\\\/\"]}]},{\"@type\":\"ImageObject\",\"inLanguage\":\"es\",\"@id\":\"https:\\\/\\\/www.casaldelsinfants.org\\\/es\\\/actualidad\\\/bcnzoom-cines-gerona-cortometrajes-sociales-adolescentes\\\/#primaryimage\",\"url\":\"https:\\\/\\\/www.casaldelsinfants.org\\\/wp-content\\\/uploads\\\/1100621-scaled.jpg\",\"contentUrl\":\"https:\\\/\\\/www.casaldelsinfants.org\\\/wp-content\\\/uploads\\\/1100621-scaled.jpg\",\"width\":2560,\"height\":1922,\"caption\":\"BCN Zoom Festival audiovisual\"},{\"@type\":\"BreadcrumbList\",\"@id\":\"https:\\\/\\\/www.casaldelsinfants.org\\\/es\\\/actualidad\\\/bcnzoom-cines-gerona-cortometrajes-sociales-adolescentes\\\/#breadcrumb\",\"itemListElement\":[{\"@type\":\"ListItem\",\"position\":1,\"name\":\"Inici\",\"item\":\"https:\\\/\\\/www.casaldelsinfants.org\\\/es\\\/\"},{\"@type\":\"ListItem\",\"position\":2,\"name\":\"Los Cinemes Girona vibran con los cortometrajes de adolescentes y j\u00f3venes del BCNZoom\"}]},{\"@type\":\"WebSite\",\"@id\":\"https:\\\/\\\/www.casaldelsinfants.org\\\/es\\\/#website\",\"url\":\"https:\\\/\\\/www.casaldelsinfants.org\\\/es\\\/\",\"name\":\"Casal dels Infants\",\"description\":\"\",\"publisher\":{\"@id\":\"https:\\\/\\\/www.casaldelsinfants.org\\\/es\\\/#organization\"},\"potentialAction\":[{\"@type\":\"SearchAction\",\"target\":{\"@type\":\"EntryPoint\",\"urlTemplate\":\"https:\\\/\\\/www.casaldelsinfants.org\\\/es\\\/?s={search_term_string}\"},\"query-input\":{\"@type\":\"PropertyValueSpecification\",\"valueRequired\":true,\"valueName\":\"search_term_string\"}}],\"inLanguage\":\"es\"},{\"@type\":\"Organization\",\"@id\":\"https:\\\/\\\/www.casaldelsinfants.org\\\/es\\\/#organization\",\"name\":\"Casal dels Infants\",\"url\":\"https:\\\/\\\/www.casaldelsinfants.org\\\/es\\\/\",\"logo\":{\"@type\":\"ImageObject\",\"inLanguage\":\"es\",\"@id\":\"https:\\\/\\\/www.casaldelsinfants.org\\\/es\\\/#\\\/schema\\\/logo\\\/image\\\/\",\"url\":\"https:\\\/\\\/www.casaldelsinfants.org\\\/wp-content\\\/uploads\\\/logo-mail.png\",\"contentUrl\":\"https:\\\/\\\/www.casaldelsinfants.org\\\/wp-content\\\/uploads\\\/logo-mail.png\",\"width\":380,\"height\":158,\"caption\":\"Casal dels Infants\"},\"image\":{\"@id\":\"https:\\\/\\\/www.casaldelsinfants.org\\\/es\\\/#\\\/schema\\\/logo\\\/image\\\/\"},\"sameAs\":[\"https:\\\/\\\/www.facebook.com\\\/casalinfants\",\"https:\\\/\\\/x.com\\\/casalinfants\",\"https:\\\/\\\/www.youtube.com\\\/user\\\/CasaldelsInfants1\",\"https:\\\/\\\/www.instagram.com\\\/casalinfants\\\/\",\"https:\\\/\\\/www.linkedin.com\\\/company\\\/casaldelsinfants?trk=organization-update_share-update_actor-text\"]},{\"@type\":\"Person\",\"@id\":\"https:\\\/\\\/www.casaldelsinfants.org\\\/es\\\/#\\\/schema\\\/person\\\/97707fc8c64900cf36891127dbf9fba8\",\"name\":\"cdiAdmin\",\"sameAs\":[\"https:\\\/\\\/casaldelsinfants.org\"]}]}<\/script>\n<!-- \/ Yoast SEO plugin. -->","yoast_head_json":{"title":"Los Cinemes Girona vibran con los cortometrajes de adolescentes y j\u00f3venes del BCNZoom - Casal dels Infants","robots":{"index":"index","follow":"follow","max-snippet":"max-snippet:-1","max-image-preview":"max-image-preview:large","max-video-preview":"max-video-preview:-1"},"canonical":"https:\/\/www.casaldelsinfants.org\/es\/actualidad\/bcnzoom-cines-gerona-cortometrajes-sociales-adolescentes\/","og_locale":"es_ES","og_type":"article","og_title":"Los Cinemes Girona vibran con los cortometrajes de adolescentes y j\u00f3venes del BCNZoom - Casal dels Infants","og_description":"Mira totdos\u00a0los\u00a0cortometrajes\u00a0del BCNZoom 2019 aqu\u00ed! \u00a0 La V edici\u00f3n del BCNZoom, el festival de cortometrajes\u00a0sociales realizados por adolescentes y j\u00f3venes Casal dels Infants, este a\u00f1o con la colaboraci\u00f3n de la Fundaci\u00f3n Probitas, se celebr\u00f3 el s\u00e1bado 25 de mayo e hizo vibrar a los Cinemes Girona de Barcelona. Un a\u00f1o m\u00e1s, el certamen quiso potenciar [&hellip;]","og_url":"https:\/\/www.casaldelsinfants.org\/es\/actualidad\/bcnzoom-cines-gerona-cortometrajes-sociales-adolescentes\/","og_site_name":"Casal dels Infants","article_publisher":"https:\/\/www.facebook.com\/casalinfants","article_published_time":"2019-06-05T07:19:48+00:00","article_modified_time":"2023-05-01T15:55:43+00:00","og_image":[{"width":2560,"height":1922,"url":"https:\/\/www.casaldelsinfants.org\/wp-content\/uploads\/1100621-scaled.jpg","type":"image\/jpeg"}],"author":"cdiAdmin","twitter_card":"summary_large_image","twitter_creator":"@casalinfants","twitter_site":"@casalinfants","twitter_misc":{"Escrito por":"cdiAdmin","Tiempo de lectura":"3 minutos"},"schema":{"@context":"https:\/\/schema.org","@graph":[{"@type":"Article","@id":"https:\/\/www.casaldelsinfants.org\/es\/actualidad\/bcnzoom-cines-gerona-cortometrajes-sociales-adolescentes\/#article","isPartOf":{"@id":"https:\/\/www.casaldelsinfants.org\/es\/actualidad\/bcnzoom-cines-gerona-cortometrajes-sociales-adolescentes\/"},"author":{"name":"cdiAdmin","@id":"https:\/\/www.casaldelsinfants.org\/es\/#\/schema\/person\/97707fc8c64900cf36891127dbf9fba8"},"headline":"Los Cinemes Girona vibran con los cortometrajes de adolescentes y j\u00f3venes del BCNZoom","datePublished":"2019-06-05T07:19:48+00:00","dateModified":"2023-05-01T15:55:43+00:00","mainEntityOfPage":{"@id":"https:\/\/www.casaldelsinfants.org\/es\/actualidad\/bcnzoom-cines-gerona-cortometrajes-sociales-adolescentes\/"},"wordCount":675,"commentCount":0,"publisher":{"@id":"https:\/\/www.casaldelsinfants.org\/es\/#organization"},"image":{"@id":"https:\/\/www.casaldelsinfants.org\/es\/actualidad\/bcnzoom-cines-gerona-cortometrajes-sociales-adolescentes\/#primaryimage"},"thumbnailUrl":"https:\/\/www.casaldelsinfants.org\/wp-content\/uploads\/1100621-scaled.jpg","keywords":["BCNZoom","Casal Jove","Casal Obert Adolescents","participaci\u00f3n comunitaria"],"articleSection":["Noticia"],"inLanguage":"es","potentialAction":[{"@type":"CommentAction","name":"Comment","target":["https:\/\/www.casaldelsinfants.org\/es\/actualidad\/bcnzoom-cines-gerona-cortometrajes-sociales-adolescentes\/#respond"]}]},{"@type":"WebPage","@id":"https:\/\/www.casaldelsinfants.org\/es\/actualidad\/bcnzoom-cines-gerona-cortometrajes-sociales-adolescentes\/","url":"https:\/\/www.casaldelsinfants.org\/es\/actualidad\/bcnzoom-cines-gerona-cortometrajes-sociales-adolescentes\/","name":"Los Cinemes Girona vibran con los cortometrajes de adolescentes y j\u00f3venes del BCNZoom - Casal dels Infants","isPartOf":{"@id":"https:\/\/www.casaldelsinfants.org\/es\/#website"},"primaryImageOfPage":{"@id":"https:\/\/www.casaldelsinfants.org\/es\/actualidad\/bcnzoom-cines-gerona-cortometrajes-sociales-adolescentes\/#primaryimage"},"image":{"@id":"https:\/\/www.casaldelsinfants.org\/es\/actualidad\/bcnzoom-cines-gerona-cortometrajes-sociales-adolescentes\/#primaryimage"},"thumbnailUrl":"https:\/\/www.casaldelsinfants.org\/wp-content\/uploads\/1100621-scaled.jpg","datePublished":"2019-06-05T07:19:48+00:00","dateModified":"2023-05-01T15:55:43+00:00","breadcrumb":{"@id":"https:\/\/www.casaldelsinfants.org\/es\/actualidad\/bcnzoom-cines-gerona-cortometrajes-sociales-adolescentes\/#breadcrumb"},"inLanguage":"es","potentialAction":[{"@type":"ReadAction","target":["https:\/\/www.casaldelsinfants.org\/es\/actualidad\/bcnzoom-cines-gerona-cortometrajes-sociales-adolescentes\/"]}]},{"@type":"ImageObject","inLanguage":"es","@id":"https:\/\/www.casaldelsinfants.org\/es\/actualidad\/bcnzoom-cines-gerona-cortometrajes-sociales-adolescentes\/#primaryimage","url":"https:\/\/www.casaldelsinfants.org\/wp-content\/uploads\/1100621-scaled.jpg","contentUrl":"https:\/\/www.casaldelsinfants.org\/wp-content\/uploads\/1100621-scaled.jpg","width":2560,"height":1922,"caption":"BCN Zoom Festival audiovisual"},{"@type":"BreadcrumbList","@id":"https:\/\/www.casaldelsinfants.org\/es\/actualidad\/bcnzoom-cines-gerona-cortometrajes-sociales-adolescentes\/#breadcrumb","itemListElement":[{"@type":"ListItem","position":1,"name":"Inici","item":"https:\/\/www.casaldelsinfants.org\/es\/"},{"@type":"ListItem","position":2,"name":"Los Cinemes Girona vibran con los cortometrajes de adolescentes y j\u00f3venes del BCNZoom"}]},{"@type":"WebSite","@id":"https:\/\/www.casaldelsinfants.org\/es\/#website","url":"https:\/\/www.casaldelsinfants.org\/es\/","name":"Casal dels Infants","description":"","publisher":{"@id":"https:\/\/www.casaldelsinfants.org\/es\/#organization"},"potentialAction":[{"@type":"SearchAction","target":{"@type":"EntryPoint","urlTemplate":"https:\/\/www.casaldelsinfants.org\/es\/?s={search_term_string}"},"query-input":{"@type":"PropertyValueSpecification","valueRequired":true,"valueName":"search_term_string"}}],"inLanguage":"es"},{"@type":"Organization","@id":"https:\/\/www.casaldelsinfants.org\/es\/#organization","name":"Casal dels Infants","url":"https:\/\/www.casaldelsinfants.org\/es\/","logo":{"@type":"ImageObject","inLanguage":"es","@id":"https:\/\/www.casaldelsinfants.org\/es\/#\/schema\/logo\/image\/","url":"https:\/\/www.casaldelsinfants.org\/wp-content\/uploads\/logo-mail.png","contentUrl":"https:\/\/www.casaldelsinfants.org\/wp-content\/uploads\/logo-mail.png","width":380,"height":158,"caption":"Casal dels Infants"},"image":{"@id":"https:\/\/www.casaldelsinfants.org\/es\/#\/schema\/logo\/image\/"},"sameAs":["https:\/\/www.facebook.com\/casalinfants","https:\/\/x.com\/casalinfants","https:\/\/www.youtube.com\/user\/CasaldelsInfants1","https:\/\/www.instagram.com\/casalinfants\/","https:\/\/www.linkedin.com\/company\/casaldelsinfants?trk=organization-update_share-update_actor-text"]},{"@type":"Person","@id":"https:\/\/www.casaldelsinfants.org\/es\/#\/schema\/person\/97707fc8c64900cf36891127dbf9fba8","name":"cdiAdmin","sameAs":["https:\/\/casaldelsinfants.org"]}]}},"publishpress_future_action":{"enabled":false,"date":"2026-05-06 22:16:58","action":"change-status","newStatus":"draft","terms":[],"taxonomy":"category","extraData":[]},"publishpress_future_workflow_manual_trigger":{"enabledWorkflows":[]},"_links":{"self":[{"href":"https:\/\/www.casaldelsinfants.org\/es\/wp-json\/wp\/v2\/posts\/4428","targetHints":{"allow":["GET"]}}],"collection":[{"href":"https:\/\/www.casaldelsinfants.org\/es\/wp-json\/wp\/v2\/posts"}],"about":[{"href":"https:\/\/www.casaldelsinfants.org\/es\/wp-json\/wp\/v2\/types\/post"}],"author":[{"embeddable":true,"href":"https:\/\/www.casaldelsinfants.org\/es\/wp-json\/wp\/v2\/users\/1"}],"replies":[{"embeddable":true,"href":"https:\/\/www.casaldelsinfants.org\/es\/wp-json\/wp\/v2\/comments?post=4428"}],"version-history":[{"count":1,"href":"https:\/\/www.casaldelsinfants.org\/es\/wp-json\/wp\/v2\/posts\/4428\/revisions"}],"predecessor-version":[{"id":6372,"href":"https:\/\/www.casaldelsinfants.org\/es\/wp-json\/wp\/v2\/posts\/4428\/revisions\/6372"}],"wp:featuredmedia":[{"embeddable":true,"href":"https:\/\/www.casaldelsinfants.org\/es\/wp-json\/wp\/v2\/media\/3358"}],"wp:attachment":[{"href":"https:\/\/www.casaldelsinfants.org\/es\/wp-json\/wp\/v2\/media?parent=4428"}],"wp:term":[{"taxonomy":"category","embeddable":true,"href":"https:\/\/www.casaldelsinfants.org\/es\/wp-json\/wp\/v2\/categories?post=4428"},{"taxonomy":"post_tag","embeddable":true,"href":"https:\/\/www.casaldelsinfants.org\/es\/wp-json\/wp\/v2\/tags?post=4428"},{"taxonomy":"seus","embeddable":true,"href":"https:\/\/www.casaldelsinfants.org\/es\/wp-json\/wp\/v2\/seus?post=4428"},{"taxonomy":"eixos","embeddable":true,"href":"https:\/\/www.casaldelsinfants.org\/es\/wp-json\/wp\/v2\/eixos?post=4428"}],"curies":[{"name":"wp","href":"https:\/\/api.w.org\/{rel}","templated":true}]}}