{"id":4429,"date":"2019-06-04T15:12:01","date_gmt":"2019-06-04T13:12:01","guid":{"rendered":"https:\/\/casal.puntzero.cat\/noticies\/fem-familia-orientacio-i-suport-les-families-en-la-crianca-des-del-barri-de-la-mina\/"},"modified":"2022-08-17T11:20:27","modified_gmt":"2022-08-17T09:20:27","slug":"fem-familia-orientacio-i-suport-les-families-en-la-crianca-des-del-barri-de-la-mina","status":"publish","type":"post","link":"https:\/\/www.casaldelsinfants.org\/es\/actualidad\/orientacion-soporte-familias-crianza-barrio-mina\/","title":{"rendered":"Fem Fam\u00edlia: orientaci\u00f3n y apoyo a las familias en la crianza des del barrio de la Mina"},"content":{"rendered":"<p style=\"margin:0cm 0cm 10pt\"><span style=\"color:#000000;\"><span style=\"font-size:11pt\"><span style=\"line-height:115%\"><span style=\"font-family:Calibri,sans-serif\">El servicio socioeducativo Fem Fam\u00edlia del Consorci del barri de la Mina, que el Casal dels Infants ha empezado a gestionar este curso, celebr\u00f3 en abril su segundo aniversario consolidado como un espacio de referencia en la orientaci\u00f3n y el apoyo a las familias con hijos de 0 a 6 a\u00f1os.<\/span><\/span><\/span><\/span><\/p>\n<p style=\"margin:0cm 0cm 10pt\">\n<span style=\"color:#000000;\"><span style=\"font-size:11pt\"><span style=\"line-height:115%\"><span style=\"font-family:Calibri,sans-serif\">El objetivo de esta iniciativa, que forma parte de la red de Servicios de Orientaci\u00f3n y Acompa\u00f1amiento a las Familias (SOAF) del Departament de Treball, Afers Socials i Fam\u00edlies, es potenciar la autonom\u00eda de las familias y su participaci\u00f3n en la comunidad, as\u00ed como ofrecerles recursos para el cuidado y la educaci\u00f3n de sus ni\u00f1os y ni\u00f1as. Todo ello para ayudarlas a afrontar posibles situaciones de vulnerabilidad. \u201cQueremos ofrecer un espacio de confianza para que las familias compartan experiencias, dudas y angustias que viven mientras los ni\u00f1os y ni\u00f1as crecen, as\u00ed como ofrecerles recursos que les sean de utilidad en el d\u00eda a d\u00eda\u201d, explica Sara Dom\u00ednguez, educadora del Fem Fam\u00edlia.<\/span><\/span><\/span><\/span><\/p>\n<p class=\"destacat-noticia\" style=\"margin: 0cm 0cm 10pt;\"><span style=\"font-size:11pt\"><span style=\"line-height:115%\"><span style=\"font-family:Calibri,sans-serif\">Sara Dom\u00ednguez (educadora): \u00abQueremos garantizar un espacio de confianza a las familias, as\u00ed como ofrecerles recursos de utilidad para el d\u00eda a d\u00eda\u00bb<\/span><\/span><\/span><\/p>\n<p class=\"verd\" style=\"margin: 0cm 0cm 10pt;\">\u00a0<\/p>\n<figure role=\"group\" class=\"align-center\">\n<img decoding=\"async\" alt=\"La Gladece grunxa l'Ingrid, la seva filla, al Parc del Bes\u00f2s.\" data-entity-type=\"file\" data-entity-uuid=\"b53edec3-9eb3-486b-b658-a078868ae75c\" data-image-style=\"large\" height=\"361\" src=\"\/wp-content\/uploads\/inline-images\/_1100752.JPG\" typeof=\"foaf:Image\" width=\"480\" \/><figcaption>Gladece juega con Ingrid, su hija, en el Parc del Bes\u00f2s.<\/figcaption><\/figure>\n<p style=\"margin:0cm 0cm 10pt\">\u00a0<\/p>\n<p style=\"margin:0cm 0cm 10pt\"><span style=\"color:#000000;\"><span style=\"font-size:11pt\"><span style=\"line-height:115%\"><span style=\"font-family:Calibri,sans-serif\">Actualmente acuden al Fem Fam\u00edlia 25 familias y 44 ni\u00f1os y ni\u00f1as, tanto del barrio de la Mina como otros vecinos de Sant Adri\u00e0 de Bes\u00f2s, Barcelona y Badalona. El espacio est\u00e1 pensado para padres y madres, pero tambi\u00e9n para otros referentes familiares. Una de las participantes el Loli Flores, que trae a su hijo peque\u00f1o, Diego, desde que ten\u00eda 2 a\u00f1os: \u201cEl Fem Fam\u00edlia me aporta mucha positividad. Tengo tres hijos peque\u00f1os, i esto me hace ir estresada. Cuando entre en este espacio, me siento bien. Sara y Toni \u2014el equipo educativo\u2014 me ayudan mucho, expreso mis sentimientos, mis hijos ya no est\u00e1n tan excesivamente apegados a m\u00ed\u2026\u201d, explica.<\/span><\/span><\/span><\/span><\/p>\n<p class=\"destacat-noticia\" style=\"margin: 0cm 0cm 10pt;\"><span style=\"font-size:11pt\"><span style=\"line-height:115%\"><span style=\"font-family:Calibri,sans-serif\">Loli Flores (participante): \u00abFem Fam\u00edlia me aporta mucha positividad. Tengo tres hijos, y esto me hace ir estresada. Cuando entre en este espacio, me siento bien\u00bb<\/span><\/span><\/span><\/p>\n<p class=\"bold\" style=\"margin: 0cm 0cm 10pt;\">\u00a0<\/p>\n<figure role=\"group\" class=\"align-center\">\n<img decoding=\"async\" alt=\"La Sara i el seu fill Enrique comparteixen una estona de jocs.\" data-entity-type=\"file\" data-entity-uuid=\"9ad8a8ea-b13a-47b8-8fac-b1cd6629acfe\" data-image-style=\"large\" height=\"361\" src=\"\/wp-content\/uploads\/inline-images\/_1100765_1.JPG\" typeof=\"foaf:Image\" width=\"480\" \/><figcaption>Sara y su hijo Enrique comparten un rato de juegos.<\/figcaption><\/figure>\n<p style=\"margin:0cm 0cm 10pt\">\u00a0<\/p>\n<p style=\"margin:0cm 0cm 10pt\"><span style=\"color:#000000;\"><span style=\"font-size:11pt\"><span style=\"line-height:115%\"><span style=\"font-family:Calibri,sans-serif\">El horario del servicio es los lunes y viernes de 9.30 h a 13 h, y los lunes, mi\u00e9rcoles y viernes de 17 h a 19 h, mientras que el local se encuentra en la sede del Casal dels Infants del Bes\u00f2s y la Mina, en el n\u00famero 2 de la calle Mart. M\u00e1s all\u00e1 de las actividades para compartir vivencias del proceso de crianza, el Fem Fam\u00edlia tambi\u00e9n dedica tiempo al juego; a las sesiones formativas \u2014charlas y actividades con personas expertas en \u00e1mbitos de inter\u00e9s para las familias\u2014; a la salud \u2014participando en el huerto comunitario del barrio, en actividades de cocina y en charlas con expertos\u2014: y a la cultura \u2014aprovechando los recursos de la biblioteca Font de la Mina, visitando museos y participando en la R\u00e0dio la Mina\u2014.\u00a0<\/span><\/span><\/span><\/span><\/p>\n<p style=\"margin:0cm 0cm 10pt\">\n<span style=\"color:#000000;\"><span style=\"font-size:11pt\"><span style=\"line-height:115%\"><span style=\"font-family:Calibri,sans-serif\">M\u00e1s all\u00e1 de estos ejes tem\u00e1ticos, cualquier participante puede proponer actividades a realizar al equipo educativo. Por otra parte, las familias con beb\u00e9s a cargo cuentan tambi\u00e9n con un espacio de ludoteca adaptado a la peque\u00f1a infancia. En cualquier caso, sea cual sea su necesidad, situaci\u00f3n, origen o edad, la prioridad es que todos los participantes encuentren en el Fem Fam\u00edlia un espacio de bienestar y apoyo mutuo: \u201cCada familia nos explicamos nuestras vidas, nuestras alegr\u00edas y penas. Nos desahogamos las unas con las otras\u201d, concluye Loli.<\/span><\/span><\/span><\/span><\/p>\n","protected":false},"excerpt":{"rendered":"<p><iframe loading=\"lazy\" width=\"854\" height=\"480\" frameborder=\"0\" allowfullscreen=\"allowfullscreen\" src=\"https:\/\/www.youtube.com\/embed\/vy7_Phj24jQ?autoplay=0&amp;start=0&amp;rel=0\"><\/iframe><\/p>\n","protected":false},"author":1,"featured_media":0,"comment_status":"open","ping_status":"open","sticky":false,"template":"","format":"standard","meta":{"_acf_changed":false,"_et_pb_use_builder":"","_et_pb_old_content":"","_et_gb_content_width":"","inline_featured_image":false,"footnotes":""},"categories":[105],"tags":[65,112],"seus":[17],"eixos":[107],"class_list":["post-4429","post","type-post","status-publish","format-standard","hentry","category-reportaje","tag-fem-familia","tag-participacion-comunitaria","seus-besos-la-mina","eixos-pequena-infancia"],"acf":[],"yoast_head":"<!-- This site is optimized with the Yoast SEO plugin v27.4 - https:\/\/yoast.com\/product\/yoast-seo-wordpress\/ -->\n<title>Fem Fam\u00edlia: orientaci\u00f3n y apoyo a las familias en la crianza des del barrio de la Mina - Casal dels Infants<\/title>\n<meta name=\"robots\" content=\"index, follow, max-snippet:-1, max-image-preview:large, max-video-preview:-1\" \/>\n<link rel=\"canonical\" href=\"https:\/\/www.casaldelsinfants.org\/es\/actualidad\/orientacion-soporte-familias-crianza-barrio-mina\/\" \/>\n<meta property=\"og:locale\" content=\"es_ES\" \/>\n<meta property=\"og:type\" content=\"article\" \/>\n<meta property=\"og:title\" content=\"Fem Fam\u00edlia: orientaci\u00f3n y apoyo a las familias en la crianza des del barrio de la Mina - Casal dels Infants\" \/>\n<meta property=\"og:url\" content=\"https:\/\/www.casaldelsinfants.org\/es\/actualidad\/orientacion-soporte-familias-crianza-barrio-mina\/\" \/>\n<meta property=\"og:site_name\" content=\"Casal dels Infants\" \/>\n<meta property=\"article:publisher\" content=\"https:\/\/www.facebook.com\/casalinfants\" \/>\n<meta property=\"article:published_time\" content=\"2019-06-04T13:12:01+00:00\" \/>\n<meta property=\"article:modified_time\" content=\"2022-08-17T09:20:27+00:00\" \/>\n<meta name=\"author\" content=\"cdiAdmin\" \/>\n<meta name=\"twitter:card\" content=\"summary_large_image\" \/>\n<meta name=\"twitter:creator\" content=\"@casalinfants\" \/>\n<meta name=\"twitter:site\" content=\"@casalinfants\" \/>\n<meta name=\"twitter:label1\" content=\"Escrito por\" \/>\n\t<meta name=\"twitter:data1\" content=\"cdiAdmin\" \/>\n\t<meta name=\"twitter:label2\" content=\"Tiempo de lectura\" \/>\n\t<meta name=\"twitter:data2\" content=\"3 minutos\" \/>\n<script type=\"application\/ld+json\" class=\"yoast-schema-graph\">{\"@context\":\"https:\\\/\\\/schema.org\",\"@graph\":[{\"@type\":\"Article\",\"@id\":\"https:\\\/\\\/www.casaldelsinfants.org\\\/es\\\/actualidad\\\/orientacion-soporte-familias-crianza-barrio-mina\\\/#article\",\"isPartOf\":{\"@id\":\"https:\\\/\\\/www.casaldelsinfants.org\\\/es\\\/actualidad\\\/orientacion-soporte-familias-crianza-barrio-mina\\\/\"},\"author\":{\"name\":\"cdiAdmin\",\"@id\":\"https:\\\/\\\/www.casaldelsinfants.org\\\/es\\\/#\\\/schema\\\/person\\\/97707fc8c64900cf36891127dbf9fba8\"},\"headline\":\"Fem Fam\u00edlia: orientaci\u00f3n y apoyo a las familias en la crianza des del barrio de la Mina\",\"datePublished\":\"2019-06-04T13:12:01+00:00\",\"dateModified\":\"2022-08-17T09:20:27+00:00\",\"mainEntityOfPage\":{\"@id\":\"https:\\\/\\\/www.casaldelsinfants.org\\\/es\\\/actualidad\\\/orientacion-soporte-familias-crianza-barrio-mina\\\/\"},\"wordCount\":619,\"commentCount\":0,\"publisher\":{\"@id\":\"https:\\\/\\\/www.casaldelsinfants.org\\\/es\\\/#organization\"},\"keywords\":[\"Fem Fam\u00edlia\",\"participaci\u00f3n comunitaria\"],\"articleSection\":[\"Reportaje\"],\"inLanguage\":\"es\",\"potentialAction\":[{\"@type\":\"CommentAction\",\"name\":\"Comment\",\"target\":[\"https:\\\/\\\/www.casaldelsinfants.org\\\/es\\\/actualidad\\\/orientacion-soporte-familias-crianza-barrio-mina\\\/#respond\"]}]},{\"@type\":\"WebPage\",\"@id\":\"https:\\\/\\\/www.casaldelsinfants.org\\\/es\\\/actualidad\\\/orientacion-soporte-familias-crianza-barrio-mina\\\/\",\"url\":\"https:\\\/\\\/www.casaldelsinfants.org\\\/es\\\/actualidad\\\/orientacion-soporte-familias-crianza-barrio-mina\\\/\",\"name\":\"Fem Fam\u00edlia: orientaci\u00f3n y apoyo a las familias en la crianza des del barrio de la Mina - Casal dels Infants\",\"isPartOf\":{\"@id\":\"https:\\\/\\\/www.casaldelsinfants.org\\\/es\\\/#website\"},\"datePublished\":\"2019-06-04T13:12:01+00:00\",\"dateModified\":\"2022-08-17T09:20:27+00:00\",\"breadcrumb\":{\"@id\":\"https:\\\/\\\/www.casaldelsinfants.org\\\/es\\\/actualidad\\\/orientacion-soporte-familias-crianza-barrio-mina\\\/#breadcrumb\"},\"inLanguage\":\"es\",\"potentialAction\":[{\"@type\":\"ReadAction\",\"target\":[\"https:\\\/\\\/www.casaldelsinfants.org\\\/es\\\/actualidad\\\/orientacion-soporte-familias-crianza-barrio-mina\\\/\"]}]},{\"@type\":\"BreadcrumbList\",\"@id\":\"https:\\\/\\\/www.casaldelsinfants.org\\\/es\\\/actualidad\\\/orientacion-soporte-familias-crianza-barrio-mina\\\/#breadcrumb\",\"itemListElement\":[{\"@type\":\"ListItem\",\"position\":1,\"name\":\"Inici\",\"item\":\"https:\\\/\\\/www.casaldelsinfants.org\\\/es\\\/\"},{\"@type\":\"ListItem\",\"position\":2,\"name\":\"Fem Fam\u00edlia: orientaci\u00f3n y apoyo a las familias en la crianza des del barrio de la Mina\"}]},{\"@type\":\"WebSite\",\"@id\":\"https:\\\/\\\/www.casaldelsinfants.org\\\/es\\\/#website\",\"url\":\"https:\\\/\\\/www.casaldelsinfants.org\\\/es\\\/\",\"name\":\"Casal dels Infants\",\"description\":\"\",\"publisher\":{\"@id\":\"https:\\\/\\\/www.casaldelsinfants.org\\\/es\\\/#organization\"},\"potentialAction\":[{\"@type\":\"SearchAction\",\"target\":{\"@type\":\"EntryPoint\",\"urlTemplate\":\"https:\\\/\\\/www.casaldelsinfants.org\\\/es\\\/?s={search_term_string}\"},\"query-input\":{\"@type\":\"PropertyValueSpecification\",\"valueRequired\":true,\"valueName\":\"search_term_string\"}}],\"inLanguage\":\"es\"},{\"@type\":\"Organization\",\"@id\":\"https:\\\/\\\/www.casaldelsinfants.org\\\/es\\\/#organization\",\"name\":\"Casal dels Infants\",\"url\":\"https:\\\/\\\/www.casaldelsinfants.org\\\/es\\\/\",\"logo\":{\"@type\":\"ImageObject\",\"inLanguage\":\"es\",\"@id\":\"https:\\\/\\\/www.casaldelsinfants.org\\\/es\\\/#\\\/schema\\\/logo\\\/image\\\/\",\"url\":\"https:\\\/\\\/www.casaldelsinfants.org\\\/wp-content\\\/uploads\\\/logo-mail.png\",\"contentUrl\":\"https:\\\/\\\/www.casaldelsinfants.org\\\/wp-content\\\/uploads\\\/logo-mail.png\",\"width\":380,\"height\":158,\"caption\":\"Casal dels Infants\"},\"image\":{\"@id\":\"https:\\\/\\\/www.casaldelsinfants.org\\\/es\\\/#\\\/schema\\\/logo\\\/image\\\/\"},\"sameAs\":[\"https:\\\/\\\/www.facebook.com\\\/casalinfants\",\"https:\\\/\\\/x.com\\\/casalinfants\",\"https:\\\/\\\/www.youtube.com\\\/user\\\/CasaldelsInfants1\",\"https:\\\/\\\/www.instagram.com\\\/casalinfants\\\/\",\"https:\\\/\\\/www.linkedin.com\\\/company\\\/casaldelsinfants?trk=organization-update_share-update_actor-text\"]},{\"@type\":\"Person\",\"@id\":\"https:\\\/\\\/www.casaldelsinfants.org\\\/es\\\/#\\\/schema\\\/person\\\/97707fc8c64900cf36891127dbf9fba8\",\"name\":\"cdiAdmin\",\"sameAs\":[\"https:\\\/\\\/casaldelsinfants.org\"]}]}<\/script>\n<!-- \/ Yoast SEO plugin. -->","yoast_head_json":{"title":"Fem Fam\u00edlia: orientaci\u00f3n y apoyo a las familias en la crianza des del barrio de la Mina - Casal dels Infants","robots":{"index":"index","follow":"follow","max-snippet":"max-snippet:-1","max-image-preview":"max-image-preview:large","max-video-preview":"max-video-preview:-1"},"canonical":"https:\/\/www.casaldelsinfants.org\/es\/actualidad\/orientacion-soporte-familias-crianza-barrio-mina\/","og_locale":"es_ES","og_type":"article","og_title":"Fem Fam\u00edlia: orientaci\u00f3n y apoyo a las familias en la crianza des del barrio de la Mina - Casal dels Infants","og_url":"https:\/\/www.casaldelsinfants.org\/es\/actualidad\/orientacion-soporte-familias-crianza-barrio-mina\/","og_site_name":"Casal dels Infants","article_publisher":"https:\/\/www.facebook.com\/casalinfants","article_published_time":"2019-06-04T13:12:01+00:00","article_modified_time":"2022-08-17T09:20:27+00:00","author":"cdiAdmin","twitter_card":"summary_large_image","twitter_creator":"@casalinfants","twitter_site":"@casalinfants","twitter_misc":{"Escrito por":"cdiAdmin","Tiempo de lectura":"3 minutos"},"schema":{"@context":"https:\/\/schema.org","@graph":[{"@type":"Article","@id":"https:\/\/www.casaldelsinfants.org\/es\/actualidad\/orientacion-soporte-familias-crianza-barrio-mina\/#article","isPartOf":{"@id":"https:\/\/www.casaldelsinfants.org\/es\/actualidad\/orientacion-soporte-familias-crianza-barrio-mina\/"},"author":{"name":"cdiAdmin","@id":"https:\/\/www.casaldelsinfants.org\/es\/#\/schema\/person\/97707fc8c64900cf36891127dbf9fba8"},"headline":"Fem Fam\u00edlia: orientaci\u00f3n y apoyo a las familias en la crianza des del barrio de la Mina","datePublished":"2019-06-04T13:12:01+00:00","dateModified":"2022-08-17T09:20:27+00:00","mainEntityOfPage":{"@id":"https:\/\/www.casaldelsinfants.org\/es\/actualidad\/orientacion-soporte-familias-crianza-barrio-mina\/"},"wordCount":619,"commentCount":0,"publisher":{"@id":"https:\/\/www.casaldelsinfants.org\/es\/#organization"},"keywords":["Fem Fam\u00edlia","participaci\u00f3n comunitaria"],"articleSection":["Reportaje"],"inLanguage":"es","potentialAction":[{"@type":"CommentAction","name":"Comment","target":["https:\/\/www.casaldelsinfants.org\/es\/actualidad\/orientacion-soporte-familias-crianza-barrio-mina\/#respond"]}]},{"@type":"WebPage","@id":"https:\/\/www.casaldelsinfants.org\/es\/actualidad\/orientacion-soporte-familias-crianza-barrio-mina\/","url":"https:\/\/www.casaldelsinfants.org\/es\/actualidad\/orientacion-soporte-familias-crianza-barrio-mina\/","name":"Fem Fam\u00edlia: orientaci\u00f3n y apoyo a las familias en la crianza des del barrio de la Mina - Casal dels Infants","isPartOf":{"@id":"https:\/\/www.casaldelsinfants.org\/es\/#website"},"datePublished":"2019-06-04T13:12:01+00:00","dateModified":"2022-08-17T09:20:27+00:00","breadcrumb":{"@id":"https:\/\/www.casaldelsinfants.org\/es\/actualidad\/orientacion-soporte-familias-crianza-barrio-mina\/#breadcrumb"},"inLanguage":"es","potentialAction":[{"@type":"ReadAction","target":["https:\/\/www.casaldelsinfants.org\/es\/actualidad\/orientacion-soporte-familias-crianza-barrio-mina\/"]}]},{"@type":"BreadcrumbList","@id":"https:\/\/www.casaldelsinfants.org\/es\/actualidad\/orientacion-soporte-familias-crianza-barrio-mina\/#breadcrumb","itemListElement":[{"@type":"ListItem","position":1,"name":"Inici","item":"https:\/\/www.casaldelsinfants.org\/es\/"},{"@type":"ListItem","position":2,"name":"Fem Fam\u00edlia: orientaci\u00f3n y apoyo a las familias en la crianza des del barrio de la Mina"}]},{"@type":"WebSite","@id":"https:\/\/www.casaldelsinfants.org\/es\/#website","url":"https:\/\/www.casaldelsinfants.org\/es\/","name":"Casal dels Infants","description":"","publisher":{"@id":"https:\/\/www.casaldelsinfants.org\/es\/#organization"},"potentialAction":[{"@type":"SearchAction","target":{"@type":"EntryPoint","urlTemplate":"https:\/\/www.casaldelsinfants.org\/es\/?s={search_term_string}"},"query-input":{"@type":"PropertyValueSpecification","valueRequired":true,"valueName":"search_term_string"}}],"inLanguage":"es"},{"@type":"Organization","@id":"https:\/\/www.casaldelsinfants.org\/es\/#organization","name":"Casal dels Infants","url":"https:\/\/www.casaldelsinfants.org\/es\/","logo":{"@type":"ImageObject","inLanguage":"es","@id":"https:\/\/www.casaldelsinfants.org\/es\/#\/schema\/logo\/image\/","url":"https:\/\/www.casaldelsinfants.org\/wp-content\/uploads\/logo-mail.png","contentUrl":"https:\/\/www.casaldelsinfants.org\/wp-content\/uploads\/logo-mail.png","width":380,"height":158,"caption":"Casal dels Infants"},"image":{"@id":"https:\/\/www.casaldelsinfants.org\/es\/#\/schema\/logo\/image\/"},"sameAs":["https:\/\/www.facebook.com\/casalinfants","https:\/\/x.com\/casalinfants","https:\/\/www.youtube.com\/user\/CasaldelsInfants1","https:\/\/www.instagram.com\/casalinfants\/","https:\/\/www.linkedin.com\/company\/casaldelsinfants?trk=organization-update_share-update_actor-text"]},{"@type":"Person","@id":"https:\/\/www.casaldelsinfants.org\/es\/#\/schema\/person\/97707fc8c64900cf36891127dbf9fba8","name":"cdiAdmin","sameAs":["https:\/\/casaldelsinfants.org"]}]}},"publishpress_future_action":{"enabled":false,"date":"2026-05-09 10:36:16","action":"change-status","newStatus":"draft","terms":[],"taxonomy":"category","extraData":[]},"publishpress_future_workflow_manual_trigger":{"enabledWorkflows":[]},"_links":{"self":[{"href":"https:\/\/www.casaldelsinfants.org\/es\/wp-json\/wp\/v2\/posts\/4429","targetHints":{"allow":["GET"]}}],"collection":[{"href":"https:\/\/www.casaldelsinfants.org\/es\/wp-json\/wp\/v2\/posts"}],"about":[{"href":"https:\/\/www.casaldelsinfants.org\/es\/wp-json\/wp\/v2\/types\/post"}],"author":[{"embeddable":true,"href":"https:\/\/www.casaldelsinfants.org\/es\/wp-json\/wp\/v2\/users\/1"}],"replies":[{"embeddable":true,"href":"https:\/\/www.casaldelsinfants.org\/es\/wp-json\/wp\/v2\/comments?post=4429"}],"version-history":[{"count":1,"href":"https:\/\/www.casaldelsinfants.org\/es\/wp-json\/wp\/v2\/posts\/4429\/revisions"}],"predecessor-version":[{"id":6373,"href":"https:\/\/www.casaldelsinfants.org\/es\/wp-json\/wp\/v2\/posts\/4429\/revisions\/6373"}],"wp:attachment":[{"href":"https:\/\/www.casaldelsinfants.org\/es\/wp-json\/wp\/v2\/media?parent=4429"}],"wp:term":[{"taxonomy":"category","embeddable":true,"href":"https:\/\/www.casaldelsinfants.org\/es\/wp-json\/wp\/v2\/categories?post=4429"},{"taxonomy":"post_tag","embeddable":true,"href":"https:\/\/www.casaldelsinfants.org\/es\/wp-json\/wp\/v2\/tags?post=4429"},{"taxonomy":"seus","embeddable":true,"href":"https:\/\/www.casaldelsinfants.org\/es\/wp-json\/wp\/v2\/seus?post=4429"},{"taxonomy":"eixos","embeddable":true,"href":"https:\/\/www.casaldelsinfants.org\/es\/wp-json\/wp\/v2\/eixos?post=4429"}],"curies":[{"name":"wp","href":"https:\/\/api.w.org\/{rel}","templated":true}]}}