{"id":4431,"date":"2019-05-03T07:40:31","date_gmt":"2019-05-03T05:40:31","guid":{"rendered":"https:\/\/casal.puntzero.cat\/noticies\/el-plum-festival-omple-el-cccb-dels-millors-curtmetratges-infantils\/"},"modified":"2023-05-01T17:55:56","modified_gmt":"2023-05-01T15:55:56","slug":"el-plum-festival-omple-el-cccb-dels-millors-curtmetratges-infantils","status":"publish","type":"post","link":"https:\/\/www.casaldelsinfants.org\/es\/actualidad\/el-plum-festival-llena-el-cccb-de-los-mejores-cortometrajes-infantiles\/","title":{"rendered":"El PLum festival llena el CCCB de los mejores cortometrajes infantiles"},"content":{"rendered":"<p><span style=\"color:#000000;\">La segunda edici\u00f3n del PLum Festival, el festival de cortometrajes infantiles organizado por el Casal dels Infants con el apoyo del <strong>Departamento de Trabajo, Asuntos Sociales y Familias<\/strong>, la <strong>Xarxa \u00d2mnia<\/strong> y <strong>Abacus<\/strong>, se celebr\u00f3\u00a0la tarde del 3 de mayo en el <strong>Centre\u00a0de Cultura Contempor\u00e0nia\u00a0de Barcelona<\/strong> (CCCB).<\/span><\/p>\n<p><span style=\"color:#000000;\">Fue el momento de descubrir y compartir los cortos de los peque\u00f1os artistas, que hab\u00edan pasado\u00a0meses trabajando en el guion, la interpretaci\u00f3n y la grabaci\u00f3n de sus obras. Si en la primera edici\u00f3n el festival se centr\u00f3 en creaciones de ni\u00f1os y ni\u00f1as del barrio del Raval de Barcelona, este a\u00f1o ha cruzado fronteras y ha contado\u00a0con la participaci\u00f3n de peque\u00f1os aprendices de cineasta\u00a0de otros barrios y municipios.<\/span><\/p>\n<p><span style=\"color:#000000;\">As\u00ed, el festival reuni\u00f3 a m\u00e1s de\u00a0190 ni\u00f1os y ni\u00f1as de\u00a0<\/span>Barcelona, el Call\u00fas (el Bages), Sant Boi de Llobregat, Terrassa, Badalona y\u00a0Santa Coloma de Gramenet que disfrutaron compartiendo sus cortometrajes.<\/p>\n<p>En cuanto a los premios, el jurado volvi\u00f3 a tener mucho trabajo para deliberar, ya que los participantes hab\u00edan puesto muchas ganas y el nivel result\u00f3 ser muy alto. Los grandes ganadores de la noche fueron los ni\u00f1os y ni\u00f1as del Espai Tecnol\u00f2gic Comunitari del Raval del Casal dels Infants, con \u00abQue ning\u00fa t&#8217;obligui\u00bb, una historia que reflexiona sobre la violaci\u00f3n de derechos humanos que suponen los matrimonios concertados para las mujeres.<\/p>\n<p>El segundo premio fue para los participantes de la F\u00e0brica de Can Tusell, que con su corto \u00abEntre totes\u00bb abordaron el fen\u00f3meno del acoso escolar. Tambi\u00e9n abordaron esta tem\u00e1tica los chicos y chicas del Centre Obert Fundaci\u00f3 Marianao con su corto \u00abDona-li la volta\u00bb, que se llev\u00f3 el tercer premio. El cuarto fue para \u00abVisca les ungles de colors\u00bb, la obra con la que los ni\u00f1os y ni\u00f1as del Casal Obert Infantil del Casal dels Infants de Badalona desmontan los estereotipos de g\u00e9nero.<\/p>\n<p>El \u00e9xito de esta segunda edici\u00f3n del PLum Festival es m\u00e9rito, en gran parte, del CCB, por haber acogido a los participantes y su gran gala, as\u00ed como de Abacus, que concedi\u00f3 el tercer y el cuarto premio. Tambi\u00e9n cabe reconocer la dedicaci\u00f3n del jurado, integrado por Marc Fuertes;\u00a0ero Niso;\u00a0Marta Roda;\u00a0Miquel Navarro;\u00a0Jaume Madaula y Ajay Kumar. Por \u00faltimo, un \u00faltimo agradecimiento para el equipo de W\u00e4rks Lab, por su apoyo al festival y por haber tenido la iniciativa de conceder un quinto premio, que se llev\u00f3 el Casal Obert Infantil del Raval del Casal dels Infants por su corto \u00abYo puedo cambiar mi barrio\u00bb.<\/p>\n","protected":false},"excerpt":{"rendered":"<p>La segunda edici\u00f3n del PLum Festival, el festival de cortometrajes infantiles organizado por el Casal dels Infants con el apoyo del Departamento de Trabajo, Asuntos Sociales y Familias, la Xarxa \u00d2mnia y Abacus, se celebr\u00f3\u00a0la tarde del 3 de mayo en el Centre\u00a0de Cultura Contempor\u00e0nia\u00a0de Barcelona (CCCB). Fue el momento de descubrir y compartir los [&hellip;]<\/p>\n","protected":false},"author":1,"featured_media":3362,"comment_status":"open","ping_status":"open","sticky":false,"template":"","format":"standard","meta":{"_acf_changed":false,"_et_pb_use_builder":"","_et_pb_old_content":"","_et_gb_content_width":"","inline_featured_image":false,"footnotes":""},"categories":[125],"tags":[],"seus":[],"eixos":[99],"class_list":["post-4431","post","type-post","status-publish","format-standard","has-post-thumbnail","hentry","category-noticias","eixos-infancia-y-adolescencia"],"acf":[],"yoast_head":"<!-- This site is optimized with the Yoast SEO plugin v27.4 - https:\/\/yoast.com\/product\/yoast-seo-wordpress\/ -->\n<title>El PLum festival llena el CCCB de los mejores cortometrajes infantiles - Casal dels Infants<\/title>\n<meta name=\"robots\" content=\"index, follow, max-snippet:-1, max-image-preview:large, max-video-preview:-1\" \/>\n<link rel=\"canonical\" href=\"https:\/\/www.casaldelsinfants.org\/es\/actualidad\/el-plum-festival-llena-el-cccb-de-los-mejores-cortometrajes-infantiles\/\" \/>\n<meta property=\"og:locale\" content=\"es_ES\" \/>\n<meta property=\"og:type\" content=\"article\" \/>\n<meta property=\"og:title\" content=\"El PLum festival llena el CCCB de los mejores cortometrajes infantiles - Casal dels Infants\" \/>\n<meta property=\"og:description\" content=\"La segunda edici\u00f3n del PLum Festival, el festival de cortometrajes infantiles organizado por el Casal dels Infants con el apoyo del Departamento de Trabajo, Asuntos Sociales y Familias, la Xarxa \u00d2mnia y Abacus, se celebr\u00f3\u00a0la tarde del 3 de mayo en el Centre\u00a0de Cultura Contempor\u00e0nia\u00a0de Barcelona (CCCB). Fue el momento de descubrir y compartir los [&hellip;]\" \/>\n<meta property=\"og:url\" content=\"https:\/\/www.casaldelsinfants.org\/es\/actualidad\/el-plum-festival-llena-el-cccb-de-los-mejores-cortometrajes-infantiles\/\" \/>\n<meta property=\"og:site_name\" content=\"Casal dels Infants\" \/>\n<meta property=\"article:publisher\" content=\"https:\/\/www.facebook.com\/casalinfants\" \/>\n<meta property=\"article:published_time\" content=\"2019-05-03T05:40:31+00:00\" \/>\n<meta property=\"article:modified_time\" content=\"2023-05-01T15:55:56+00:00\" \/>\n<meta property=\"og:image\" content=\"https:\/\/www.casaldelsinfants.org\/wp-content\/uploads\/img_20190503_185034-scaled.jpg\" \/>\n\t<meta property=\"og:image:width\" content=\"2560\" \/>\n\t<meta property=\"og:image:height\" content=\"1920\" \/>\n\t<meta property=\"og:image:type\" content=\"image\/jpeg\" \/>\n<meta name=\"author\" content=\"cdiAdmin\" \/>\n<meta name=\"twitter:card\" content=\"summary_large_image\" \/>\n<meta name=\"twitter:creator\" content=\"@casalinfants\" \/>\n<meta name=\"twitter:site\" content=\"@casalinfants\" \/>\n<meta name=\"twitter:label1\" content=\"Escrito por\" \/>\n\t<meta name=\"twitter:data1\" content=\"cdiAdmin\" \/>\n\t<meta name=\"twitter:label2\" content=\"Tiempo de lectura\" \/>\n\t<meta name=\"twitter:data2\" content=\"2 minutos\" \/>\n<script type=\"application\/ld+json\" class=\"yoast-schema-graph\">{\"@context\":\"https:\\\/\\\/schema.org\",\"@graph\":[{\"@type\":\"Article\",\"@id\":\"https:\\\/\\\/www.casaldelsinfants.org\\\/es\\\/actualidad\\\/el-plum-festival-llena-el-cccb-de-los-mejores-cortometrajes-infantiles\\\/#article\",\"isPartOf\":{\"@id\":\"https:\\\/\\\/www.casaldelsinfants.org\\\/es\\\/actualidad\\\/el-plum-festival-llena-el-cccb-de-los-mejores-cortometrajes-infantiles\\\/\"},\"author\":{\"name\":\"cdiAdmin\",\"@id\":\"https:\\\/\\\/www.casaldelsinfants.org\\\/es\\\/#\\\/schema\\\/person\\\/97707fc8c64900cf36891127dbf9fba8\"},\"headline\":\"El PLum festival llena el CCCB de los mejores cortometrajes infantiles\",\"datePublished\":\"2019-05-03T05:40:31+00:00\",\"dateModified\":\"2023-05-01T15:55:56+00:00\",\"mainEntityOfPage\":{\"@id\":\"https:\\\/\\\/www.casaldelsinfants.org\\\/es\\\/actualidad\\\/el-plum-festival-llena-el-cccb-de-los-mejores-cortometrajes-infantiles\\\/\"},\"wordCount\":460,\"commentCount\":0,\"publisher\":{\"@id\":\"https:\\\/\\\/www.casaldelsinfants.org\\\/es\\\/#organization\"},\"image\":{\"@id\":\"https:\\\/\\\/www.casaldelsinfants.org\\\/es\\\/actualidad\\\/el-plum-festival-llena-el-cccb-de-los-mejores-cortometrajes-infantiles\\\/#primaryimage\"},\"thumbnailUrl\":\"https:\\\/\\\/www.casaldelsinfants.org\\\/wp-content\\\/uploads\\\/img_20190503_185034-scaled.jpg\",\"articleSection\":[\"Noticia\"],\"inLanguage\":\"es\",\"potentialAction\":[{\"@type\":\"CommentAction\",\"name\":\"Comment\",\"target\":[\"https:\\\/\\\/www.casaldelsinfants.org\\\/es\\\/actualidad\\\/el-plum-festival-llena-el-cccb-de-los-mejores-cortometrajes-infantiles\\\/#respond\"]}]},{\"@type\":\"WebPage\",\"@id\":\"https:\\\/\\\/www.casaldelsinfants.org\\\/es\\\/actualidad\\\/el-plum-festival-llena-el-cccb-de-los-mejores-cortometrajes-infantiles\\\/\",\"url\":\"https:\\\/\\\/www.casaldelsinfants.org\\\/es\\\/actualidad\\\/el-plum-festival-llena-el-cccb-de-los-mejores-cortometrajes-infantiles\\\/\",\"name\":\"El PLum festival llena el CCCB de los mejores cortometrajes infantiles - Casal dels Infants\",\"isPartOf\":{\"@id\":\"https:\\\/\\\/www.casaldelsinfants.org\\\/es\\\/#website\"},\"primaryImageOfPage\":{\"@id\":\"https:\\\/\\\/www.casaldelsinfants.org\\\/es\\\/actualidad\\\/el-plum-festival-llena-el-cccb-de-los-mejores-cortometrajes-infantiles\\\/#primaryimage\"},\"image\":{\"@id\":\"https:\\\/\\\/www.casaldelsinfants.org\\\/es\\\/actualidad\\\/el-plum-festival-llena-el-cccb-de-los-mejores-cortometrajes-infantiles\\\/#primaryimage\"},\"thumbnailUrl\":\"https:\\\/\\\/www.casaldelsinfants.org\\\/wp-content\\\/uploads\\\/img_20190503_185034-scaled.jpg\",\"datePublished\":\"2019-05-03T05:40:31+00:00\",\"dateModified\":\"2023-05-01T15:55:56+00:00\",\"breadcrumb\":{\"@id\":\"https:\\\/\\\/www.casaldelsinfants.org\\\/es\\\/actualidad\\\/el-plum-festival-llena-el-cccb-de-los-mejores-cortometrajes-infantiles\\\/#breadcrumb\"},\"inLanguage\":\"es\",\"potentialAction\":[{\"@type\":\"ReadAction\",\"target\":[\"https:\\\/\\\/www.casaldelsinfants.org\\\/es\\\/actualidad\\\/el-plum-festival-llena-el-cccb-de-los-mejores-cortometrajes-infantiles\\\/\"]}]},{\"@type\":\"ImageObject\",\"inLanguage\":\"es\",\"@id\":\"https:\\\/\\\/www.casaldelsinfants.org\\\/es\\\/actualidad\\\/el-plum-festival-llena-el-cccb-de-los-mejores-cortometrajes-infantiles\\\/#primaryimage\",\"url\":\"https:\\\/\\\/www.casaldelsinfants.org\\\/wp-content\\\/uploads\\\/img_20190503_185034-scaled.jpg\",\"contentUrl\":\"https:\\\/\\\/www.casaldelsinfants.org\\\/wp-content\\\/uploads\\\/img_20190503_185034-scaled.jpg\",\"width\":2560,\"height\":1920,\"caption\":\"Participants en el Festival de participaci\u00f3 infantil als barris.\"},{\"@type\":\"BreadcrumbList\",\"@id\":\"https:\\\/\\\/www.casaldelsinfants.org\\\/es\\\/actualidad\\\/el-plum-festival-llena-el-cccb-de-los-mejores-cortometrajes-infantiles\\\/#breadcrumb\",\"itemListElement\":[{\"@type\":\"ListItem\",\"position\":1,\"name\":\"Inici\",\"item\":\"https:\\\/\\\/www.casaldelsinfants.org\\\/es\\\/\"},{\"@type\":\"ListItem\",\"position\":2,\"name\":\"El PLum festival llena el CCCB de los mejores cortometrajes infantiles\"}]},{\"@type\":\"WebSite\",\"@id\":\"https:\\\/\\\/www.casaldelsinfants.org\\\/es\\\/#website\",\"url\":\"https:\\\/\\\/www.casaldelsinfants.org\\\/es\\\/\",\"name\":\"Casal dels Infants\",\"description\":\"\",\"publisher\":{\"@id\":\"https:\\\/\\\/www.casaldelsinfants.org\\\/es\\\/#organization\"},\"potentialAction\":[{\"@type\":\"SearchAction\",\"target\":{\"@type\":\"EntryPoint\",\"urlTemplate\":\"https:\\\/\\\/www.casaldelsinfants.org\\\/es\\\/?s={search_term_string}\"},\"query-input\":{\"@type\":\"PropertyValueSpecification\",\"valueRequired\":true,\"valueName\":\"search_term_string\"}}],\"inLanguage\":\"es\"},{\"@type\":\"Organization\",\"@id\":\"https:\\\/\\\/www.casaldelsinfants.org\\\/es\\\/#organization\",\"name\":\"Casal dels Infants\",\"url\":\"https:\\\/\\\/www.casaldelsinfants.org\\\/es\\\/\",\"logo\":{\"@type\":\"ImageObject\",\"inLanguage\":\"es\",\"@id\":\"https:\\\/\\\/www.casaldelsinfants.org\\\/es\\\/#\\\/schema\\\/logo\\\/image\\\/\",\"url\":\"https:\\\/\\\/www.casaldelsinfants.org\\\/wp-content\\\/uploads\\\/logo-mail.png\",\"contentUrl\":\"https:\\\/\\\/www.casaldelsinfants.org\\\/wp-content\\\/uploads\\\/logo-mail.png\",\"width\":380,\"height\":158,\"caption\":\"Casal dels Infants\"},\"image\":{\"@id\":\"https:\\\/\\\/www.casaldelsinfants.org\\\/es\\\/#\\\/schema\\\/logo\\\/image\\\/\"},\"sameAs\":[\"https:\\\/\\\/www.facebook.com\\\/casalinfants\",\"https:\\\/\\\/x.com\\\/casalinfants\",\"https:\\\/\\\/www.youtube.com\\\/user\\\/CasaldelsInfants1\",\"https:\\\/\\\/www.instagram.com\\\/casalinfants\\\/\",\"https:\\\/\\\/www.linkedin.com\\\/company\\\/casaldelsinfants?trk=organization-update_share-update_actor-text\"]},{\"@type\":\"Person\",\"@id\":\"https:\\\/\\\/www.casaldelsinfants.org\\\/es\\\/#\\\/schema\\\/person\\\/97707fc8c64900cf36891127dbf9fba8\",\"name\":\"cdiAdmin\",\"sameAs\":[\"https:\\\/\\\/casaldelsinfants.org\"]}]}<\/script>\n<!-- \/ Yoast SEO plugin. -->","yoast_head_json":{"title":"El PLum festival llena el CCCB de los mejores cortometrajes infantiles - Casal dels Infants","robots":{"index":"index","follow":"follow","max-snippet":"max-snippet:-1","max-image-preview":"max-image-preview:large","max-video-preview":"max-video-preview:-1"},"canonical":"https:\/\/www.casaldelsinfants.org\/es\/actualidad\/el-plum-festival-llena-el-cccb-de-los-mejores-cortometrajes-infantiles\/","og_locale":"es_ES","og_type":"article","og_title":"El PLum festival llena el CCCB de los mejores cortometrajes infantiles - Casal dels Infants","og_description":"La segunda edici\u00f3n del PLum Festival, el festival de cortometrajes infantiles organizado por el Casal dels Infants con el apoyo del Departamento de Trabajo, Asuntos Sociales y Familias, la Xarxa \u00d2mnia y Abacus, se celebr\u00f3\u00a0la tarde del 3 de mayo en el Centre\u00a0de Cultura Contempor\u00e0nia\u00a0de Barcelona (CCCB). Fue el momento de descubrir y compartir los [&hellip;]","og_url":"https:\/\/www.casaldelsinfants.org\/es\/actualidad\/el-plum-festival-llena-el-cccb-de-los-mejores-cortometrajes-infantiles\/","og_site_name":"Casal dels Infants","article_publisher":"https:\/\/www.facebook.com\/casalinfants","article_published_time":"2019-05-03T05:40:31+00:00","article_modified_time":"2023-05-01T15:55:56+00:00","og_image":[{"width":2560,"height":1920,"url":"https:\/\/www.casaldelsinfants.org\/wp-content\/uploads\/img_20190503_185034-scaled.jpg","type":"image\/jpeg"}],"author":"cdiAdmin","twitter_card":"summary_large_image","twitter_creator":"@casalinfants","twitter_site":"@casalinfants","twitter_misc":{"Escrito por":"cdiAdmin","Tiempo de lectura":"2 minutos"},"schema":{"@context":"https:\/\/schema.org","@graph":[{"@type":"Article","@id":"https:\/\/www.casaldelsinfants.org\/es\/actualidad\/el-plum-festival-llena-el-cccb-de-los-mejores-cortometrajes-infantiles\/#article","isPartOf":{"@id":"https:\/\/www.casaldelsinfants.org\/es\/actualidad\/el-plum-festival-llena-el-cccb-de-los-mejores-cortometrajes-infantiles\/"},"author":{"name":"cdiAdmin","@id":"https:\/\/www.casaldelsinfants.org\/es\/#\/schema\/person\/97707fc8c64900cf36891127dbf9fba8"},"headline":"El PLum festival llena el CCCB de los mejores cortometrajes infantiles","datePublished":"2019-05-03T05:40:31+00:00","dateModified":"2023-05-01T15:55:56+00:00","mainEntityOfPage":{"@id":"https:\/\/www.casaldelsinfants.org\/es\/actualidad\/el-plum-festival-llena-el-cccb-de-los-mejores-cortometrajes-infantiles\/"},"wordCount":460,"commentCount":0,"publisher":{"@id":"https:\/\/www.casaldelsinfants.org\/es\/#organization"},"image":{"@id":"https:\/\/www.casaldelsinfants.org\/es\/actualidad\/el-plum-festival-llena-el-cccb-de-los-mejores-cortometrajes-infantiles\/#primaryimage"},"thumbnailUrl":"https:\/\/www.casaldelsinfants.org\/wp-content\/uploads\/img_20190503_185034-scaled.jpg","articleSection":["Noticia"],"inLanguage":"es","potentialAction":[{"@type":"CommentAction","name":"Comment","target":["https:\/\/www.casaldelsinfants.org\/es\/actualidad\/el-plum-festival-llena-el-cccb-de-los-mejores-cortometrajes-infantiles\/#respond"]}]},{"@type":"WebPage","@id":"https:\/\/www.casaldelsinfants.org\/es\/actualidad\/el-plum-festival-llena-el-cccb-de-los-mejores-cortometrajes-infantiles\/","url":"https:\/\/www.casaldelsinfants.org\/es\/actualidad\/el-plum-festival-llena-el-cccb-de-los-mejores-cortometrajes-infantiles\/","name":"El PLum festival llena el CCCB de los mejores cortometrajes infantiles - Casal dels Infants","isPartOf":{"@id":"https:\/\/www.casaldelsinfants.org\/es\/#website"},"primaryImageOfPage":{"@id":"https:\/\/www.casaldelsinfants.org\/es\/actualidad\/el-plum-festival-llena-el-cccb-de-los-mejores-cortometrajes-infantiles\/#primaryimage"},"image":{"@id":"https:\/\/www.casaldelsinfants.org\/es\/actualidad\/el-plum-festival-llena-el-cccb-de-los-mejores-cortometrajes-infantiles\/#primaryimage"},"thumbnailUrl":"https:\/\/www.casaldelsinfants.org\/wp-content\/uploads\/img_20190503_185034-scaled.jpg","datePublished":"2019-05-03T05:40:31+00:00","dateModified":"2023-05-01T15:55:56+00:00","breadcrumb":{"@id":"https:\/\/www.casaldelsinfants.org\/es\/actualidad\/el-plum-festival-llena-el-cccb-de-los-mejores-cortometrajes-infantiles\/#breadcrumb"},"inLanguage":"es","potentialAction":[{"@type":"ReadAction","target":["https:\/\/www.casaldelsinfants.org\/es\/actualidad\/el-plum-festival-llena-el-cccb-de-los-mejores-cortometrajes-infantiles\/"]}]},{"@type":"ImageObject","inLanguage":"es","@id":"https:\/\/www.casaldelsinfants.org\/es\/actualidad\/el-plum-festival-llena-el-cccb-de-los-mejores-cortometrajes-infantiles\/#primaryimage","url":"https:\/\/www.casaldelsinfants.org\/wp-content\/uploads\/img_20190503_185034-scaled.jpg","contentUrl":"https:\/\/www.casaldelsinfants.org\/wp-content\/uploads\/img_20190503_185034-scaled.jpg","width":2560,"height":1920,"caption":"Participants en el Festival de participaci\u00f3 infantil als barris."},{"@type":"BreadcrumbList","@id":"https:\/\/www.casaldelsinfants.org\/es\/actualidad\/el-plum-festival-llena-el-cccb-de-los-mejores-cortometrajes-infantiles\/#breadcrumb","itemListElement":[{"@type":"ListItem","position":1,"name":"Inici","item":"https:\/\/www.casaldelsinfants.org\/es\/"},{"@type":"ListItem","position":2,"name":"El PLum festival llena el CCCB de los mejores cortometrajes infantiles"}]},{"@type":"WebSite","@id":"https:\/\/www.casaldelsinfants.org\/es\/#website","url":"https:\/\/www.casaldelsinfants.org\/es\/","name":"Casal dels Infants","description":"","publisher":{"@id":"https:\/\/www.casaldelsinfants.org\/es\/#organization"},"potentialAction":[{"@type":"SearchAction","target":{"@type":"EntryPoint","urlTemplate":"https:\/\/www.casaldelsinfants.org\/es\/?s={search_term_string}"},"query-input":{"@type":"PropertyValueSpecification","valueRequired":true,"valueName":"search_term_string"}}],"inLanguage":"es"},{"@type":"Organization","@id":"https:\/\/www.casaldelsinfants.org\/es\/#organization","name":"Casal dels Infants","url":"https:\/\/www.casaldelsinfants.org\/es\/","logo":{"@type":"ImageObject","inLanguage":"es","@id":"https:\/\/www.casaldelsinfants.org\/es\/#\/schema\/logo\/image\/","url":"https:\/\/www.casaldelsinfants.org\/wp-content\/uploads\/logo-mail.png","contentUrl":"https:\/\/www.casaldelsinfants.org\/wp-content\/uploads\/logo-mail.png","width":380,"height":158,"caption":"Casal dels Infants"},"image":{"@id":"https:\/\/www.casaldelsinfants.org\/es\/#\/schema\/logo\/image\/"},"sameAs":["https:\/\/www.facebook.com\/casalinfants","https:\/\/x.com\/casalinfants","https:\/\/www.youtube.com\/user\/CasaldelsInfants1","https:\/\/www.instagram.com\/casalinfants\/","https:\/\/www.linkedin.com\/company\/casaldelsinfants?trk=organization-update_share-update_actor-text"]},{"@type":"Person","@id":"https:\/\/www.casaldelsinfants.org\/es\/#\/schema\/person\/97707fc8c64900cf36891127dbf9fba8","name":"cdiAdmin","sameAs":["https:\/\/casaldelsinfants.org"]}]}},"publishpress_future_action":{"enabled":false,"date":"2026-05-09 10:19:14","action":"change-status","newStatus":"draft","terms":[],"taxonomy":"category","extraData":[]},"publishpress_future_workflow_manual_trigger":{"enabledWorkflows":[]},"_links":{"self":[{"href":"https:\/\/www.casaldelsinfants.org\/es\/wp-json\/wp\/v2\/posts\/4431","targetHints":{"allow":["GET"]}}],"collection":[{"href":"https:\/\/www.casaldelsinfants.org\/es\/wp-json\/wp\/v2\/posts"}],"about":[{"href":"https:\/\/www.casaldelsinfants.org\/es\/wp-json\/wp\/v2\/types\/post"}],"author":[{"embeddable":true,"href":"https:\/\/www.casaldelsinfants.org\/es\/wp-json\/wp\/v2\/users\/1"}],"replies":[{"embeddable":true,"href":"https:\/\/www.casaldelsinfants.org\/es\/wp-json\/wp\/v2\/comments?post=4431"}],"version-history":[{"count":1,"href":"https:\/\/www.casaldelsinfants.org\/es\/wp-json\/wp\/v2\/posts\/4431\/revisions"}],"predecessor-version":[{"id":6374,"href":"https:\/\/www.casaldelsinfants.org\/es\/wp-json\/wp\/v2\/posts\/4431\/revisions\/6374"}],"wp:featuredmedia":[{"embeddable":true,"href":"https:\/\/www.casaldelsinfants.org\/es\/wp-json\/wp\/v2\/media\/3362"}],"wp:attachment":[{"href":"https:\/\/www.casaldelsinfants.org\/es\/wp-json\/wp\/v2\/media?parent=4431"}],"wp:term":[{"taxonomy":"category","embeddable":true,"href":"https:\/\/www.casaldelsinfants.org\/es\/wp-json\/wp\/v2\/categories?post=4431"},{"taxonomy":"post_tag","embeddable":true,"href":"https:\/\/www.casaldelsinfants.org\/es\/wp-json\/wp\/v2\/tags?post=4431"},{"taxonomy":"seus","embeddable":true,"href":"https:\/\/www.casaldelsinfants.org\/es\/wp-json\/wp\/v2\/seus?post=4431"},{"taxonomy":"eixos","embeddable":true,"href":"https:\/\/www.casaldelsinfants.org\/es\/wp-json\/wp\/v2\/eixos?post=4431"}],"curies":[{"name":"wp","href":"https:\/\/api.w.org\/{rel}","templated":true}]}}