{"id":4432,"date":"2019-05-02T09:49:07","date_gmt":"2019-05-02T07:49:07","guid":{"rendered":"https:\/\/casal.puntzero.cat\/noticies\/municipals-2019-les-nostres-demandes-uns-barris-mes-justos-i-amb-mes-oportunitats\/"},"modified":"2023-09-08T10:20:58","modified_gmt":"2023-09-08T08:20:58","slug":"municipals-2019-les-nostres-demandes-uns-barris-mes-justos-i-amb-mes-oportunitats","status":"publish","type":"post","link":"https:\/\/www.casaldelsinfants.org\/es\/actualidad\/municipals-2019-les-nostres-demandes-uns-barris-mes-justos-i-amb-mes-oportunitats\/","title":{"rendered":"Municipales 2019: nuestras demandas por unos barrios m\u00e1s justos y con m\u00e1s oportunidades"},"content":{"rendered":"<h3 class=\"text-align-center\"><a href=\"https:\/\/www.casaldelsinfants.org\/wp-content\/uploads\/Propostes_Municipals2019_barrisCAST.pdf\"><u><span style=\"color: #16a085;\"><strong>Descarga aqu\u00ed el documento de demandas<\/strong><\/span><\/u><\/a><\/h3>\n<p class=\"text-align-center\">En el Casal dels Infants consideramos que tenemos mucho que decir ante las elecciones municipales del pr\u00f3ximo 26 de mayo, y por ello hemos elaborado un documento con las prioridades que es necesario abordar en los barrios donde actuamos. En \u00e9l tambi\u00e9n encontrar\u00e9is las medidas positivas que se han implementado en cada territorio y las que consideramos pendientes. Os emplazamos a leerlas y compartirlas para que los futuros gobiernos municipales las tengan en cuenta en el ejercicio de sus funciones representativas.<\/p>\n<p class=\"text-align-center\">Lo hacemos desde el conocimiento de la realidad social de estos barrios, y con la legitimidad que comporta nuestro recorrido de m\u00e1s de 35 a\u00f1os actuando para revertir\u00a0 el riesgo de exclusi\u00f3n social entre la infancia, la juventud y las familias.<\/p>\n","protected":false},"excerpt":{"rendered":"<p>Descarga aqu\u00ed el documento de demandas En el Casal dels Infants consideramos que tenemos mucho que decir ante las elecciones municipales del pr\u00f3ximo 26 de mayo, y por ello hemos elaborado un documento con las prioridades que es necesario abordar en los barrios donde actuamos. En \u00e9l tambi\u00e9n encontrar\u00e9is las medidas positivas que se han [&hellip;]<\/p>\n","protected":false},"author":1,"featured_media":3365,"comment_status":"open","ping_status":"open","sticky":false,"template":"","format":"standard","meta":{"_acf_changed":false,"_et_pb_use_builder":"","_et_pb_old_content":"","_et_gb_content_width":"","inline_featured_image":false,"footnotes":""},"categories":[125],"tags":[],"seus":[],"eixos":[],"class_list":["post-4432","post","type-post","status-publish","format-standard","has-post-thumbnail","hentry","category-noticias"],"acf":[],"yoast_head":"<!-- This site is optimized with the Yoast SEO plugin v27.4 - https:\/\/yoast.com\/product\/yoast-seo-wordpress\/ -->\n<title>Municipales 2019: nuestras demandas por unos barrios m\u00e1s justos y con m\u00e1s oportunidades - Casal dels Infants<\/title>\n<meta name=\"robots\" content=\"index, follow, max-snippet:-1, max-image-preview:large, max-video-preview:-1\" \/>\n<link rel=\"canonical\" href=\"https:\/\/www.casaldelsinfants.org\/es\/actualidad\/municipals-2019-les-nostres-demandes-uns-barris-mes-justos-i-amb-mes-oportunitats\/\" \/>\n<meta property=\"og:locale\" content=\"es_ES\" \/>\n<meta property=\"og:type\" content=\"article\" \/>\n<meta property=\"og:title\" content=\"Municipales 2019: nuestras demandas por unos barrios m\u00e1s justos y con m\u00e1s oportunidades - Casal dels Infants\" \/>\n<meta property=\"og:description\" content=\"Descarga aqu\u00ed el documento de demandas En el Casal dels Infants consideramos que tenemos mucho que decir ante las elecciones municipales del pr\u00f3ximo 26 de mayo, y por ello hemos elaborado un documento con las prioridades que es necesario abordar en los barrios donde actuamos. En \u00e9l tambi\u00e9n encontrar\u00e9is las medidas positivas que se han [&hellip;]\" \/>\n<meta property=\"og:url\" content=\"https:\/\/www.casaldelsinfants.org\/es\/actualidad\/municipals-2019-les-nostres-demandes-uns-barris-mes-justos-i-amb-mes-oportunitats\/\" \/>\n<meta property=\"og:site_name\" content=\"Casal dels Infants\" \/>\n<meta property=\"article:publisher\" content=\"https:\/\/www.facebook.com\/casalinfants\" \/>\n<meta property=\"article:published_time\" content=\"2019-05-02T07:49:07+00:00\" \/>\n<meta property=\"article:modified_time\" content=\"2023-09-08T08:20:58+00:00\" \/>\n<meta property=\"og:image\" content=\"https:\/\/www.casaldelsinfants.org\/wp-content\/uploads\/img-municipals-web_castblanc-01.png\" \/>\n\t<meta property=\"og:image:width\" content=\"4000\" \/>\n\t<meta property=\"og:image:height\" content=\"2250\" \/>\n\t<meta property=\"og:image:type\" content=\"image\/png\" \/>\n<meta name=\"author\" content=\"cdiAdmin\" \/>\n<meta name=\"twitter:card\" content=\"summary_large_image\" \/>\n<meta name=\"twitter:creator\" content=\"@casalinfants\" \/>\n<meta name=\"twitter:site\" content=\"@casalinfants\" \/>\n<meta name=\"twitter:label1\" content=\"Escrito por\" \/>\n\t<meta name=\"twitter:data1\" content=\"cdiAdmin\" \/>\n\t<meta name=\"twitter:label2\" content=\"Tiempo de lectura\" \/>\n\t<meta name=\"twitter:data2\" content=\"1 minuto\" \/>\n<script type=\"application\/ld+json\" class=\"yoast-schema-graph\">{\"@context\":\"https:\\\/\\\/schema.org\",\"@graph\":[{\"@type\":\"Article\",\"@id\":\"https:\\\/\\\/www.casaldelsinfants.org\\\/es\\\/actualidad\\\/municipals-2019-les-nostres-demandes-uns-barris-mes-justos-i-amb-mes-oportunitats\\\/#article\",\"isPartOf\":{\"@id\":\"https:\\\/\\\/www.casaldelsinfants.org\\\/es\\\/actualidad\\\/municipals-2019-les-nostres-demandes-uns-barris-mes-justos-i-amb-mes-oportunitats\\\/\"},\"author\":{\"name\":\"cdiAdmin\",\"@id\":\"https:\\\/\\\/www.casaldelsinfants.org\\\/es\\\/#\\\/schema\\\/person\\\/97707fc8c64900cf36891127dbf9fba8\"},\"headline\":\"Municipales 2019: nuestras demandas por unos barrios m\u00e1s justos y con m\u00e1s oportunidades\",\"datePublished\":\"2019-05-02T07:49:07+00:00\",\"dateModified\":\"2023-09-08T08:20:58+00:00\",\"mainEntityOfPage\":{\"@id\":\"https:\\\/\\\/www.casaldelsinfants.org\\\/es\\\/actualidad\\\/municipals-2019-les-nostres-demandes-uns-barris-mes-justos-i-amb-mes-oportunitats\\\/\"},\"wordCount\":146,\"commentCount\":0,\"publisher\":{\"@id\":\"https:\\\/\\\/www.casaldelsinfants.org\\\/es\\\/#organization\"},\"image\":{\"@id\":\"https:\\\/\\\/www.casaldelsinfants.org\\\/es\\\/actualidad\\\/municipals-2019-les-nostres-demandes-uns-barris-mes-justos-i-amb-mes-oportunitats\\\/#primaryimage\"},\"thumbnailUrl\":\"https:\\\/\\\/www.casaldelsinfants.org\\\/wp-content\\\/uploads\\\/img-municipals-web_castblanc-01.png\",\"articleSection\":[\"Noticia\"],\"inLanguage\":\"es\",\"potentialAction\":[{\"@type\":\"CommentAction\",\"name\":\"Comment\",\"target\":[\"https:\\\/\\\/www.casaldelsinfants.org\\\/es\\\/actualidad\\\/municipals-2019-les-nostres-demandes-uns-barris-mes-justos-i-amb-mes-oportunitats\\\/#respond\"]}]},{\"@type\":\"WebPage\",\"@id\":\"https:\\\/\\\/www.casaldelsinfants.org\\\/es\\\/actualidad\\\/municipals-2019-les-nostres-demandes-uns-barris-mes-justos-i-amb-mes-oportunitats\\\/\",\"url\":\"https:\\\/\\\/www.casaldelsinfants.org\\\/es\\\/actualidad\\\/municipals-2019-les-nostres-demandes-uns-barris-mes-justos-i-amb-mes-oportunitats\\\/\",\"name\":\"Municipales 2019: nuestras demandas por unos barrios m\u00e1s justos y con m\u00e1s oportunidades - Casal dels Infants\",\"isPartOf\":{\"@id\":\"https:\\\/\\\/www.casaldelsinfants.org\\\/es\\\/#website\"},\"primaryImageOfPage\":{\"@id\":\"https:\\\/\\\/www.casaldelsinfants.org\\\/es\\\/actualidad\\\/municipals-2019-les-nostres-demandes-uns-barris-mes-justos-i-amb-mes-oportunitats\\\/#primaryimage\"},\"image\":{\"@id\":\"https:\\\/\\\/www.casaldelsinfants.org\\\/es\\\/actualidad\\\/municipals-2019-les-nostres-demandes-uns-barris-mes-justos-i-amb-mes-oportunitats\\\/#primaryimage\"},\"thumbnailUrl\":\"https:\\\/\\\/www.casaldelsinfants.org\\\/wp-content\\\/uploads\\\/img-municipals-web_castblanc-01.png\",\"datePublished\":\"2019-05-02T07:49:07+00:00\",\"dateModified\":\"2023-09-08T08:20:58+00:00\",\"breadcrumb\":{\"@id\":\"https:\\\/\\\/www.casaldelsinfants.org\\\/es\\\/actualidad\\\/municipals-2019-les-nostres-demandes-uns-barris-mes-justos-i-amb-mes-oportunitats\\\/#breadcrumb\"},\"inLanguage\":\"es\",\"potentialAction\":[{\"@type\":\"ReadAction\",\"target\":[\"https:\\\/\\\/www.casaldelsinfants.org\\\/es\\\/actualidad\\\/municipals-2019-les-nostres-demandes-uns-barris-mes-justos-i-amb-mes-oportunitats\\\/\"]}]},{\"@type\":\"ImageObject\",\"inLanguage\":\"es\",\"@id\":\"https:\\\/\\\/www.casaldelsinfants.org\\\/es\\\/actualidad\\\/municipals-2019-les-nostres-demandes-uns-barris-mes-justos-i-amb-mes-oportunitats\\\/#primaryimage\",\"url\":\"https:\\\/\\\/www.casaldelsinfants.org\\\/wp-content\\\/uploads\\\/img-municipals-web_castblanc-01.png\",\"contentUrl\":\"https:\\\/\\\/www.casaldelsinfants.org\\\/wp-content\\\/uploads\\\/img-municipals-web_castblanc-01.png\",\"width\":4000,\"height\":2250,\"caption\":\"Por unos barrios m\u00e1s justos y con m\u00e1s oportunidades\"},{\"@type\":\"BreadcrumbList\",\"@id\":\"https:\\\/\\\/www.casaldelsinfants.org\\\/es\\\/actualidad\\\/municipals-2019-les-nostres-demandes-uns-barris-mes-justos-i-amb-mes-oportunitats\\\/#breadcrumb\",\"itemListElement\":[{\"@type\":\"ListItem\",\"position\":1,\"name\":\"Inici\",\"item\":\"https:\\\/\\\/www.casaldelsinfants.org\\\/es\\\/\"},{\"@type\":\"ListItem\",\"position\":2,\"name\":\"Municipales 2019: nuestras demandas por unos barrios m\u00e1s justos y con m\u00e1s oportunidades\"}]},{\"@type\":\"WebSite\",\"@id\":\"https:\\\/\\\/www.casaldelsinfants.org\\\/es\\\/#website\",\"url\":\"https:\\\/\\\/www.casaldelsinfants.org\\\/es\\\/\",\"name\":\"Casal dels Infants\",\"description\":\"\",\"publisher\":{\"@id\":\"https:\\\/\\\/www.casaldelsinfants.org\\\/es\\\/#organization\"},\"potentialAction\":[{\"@type\":\"SearchAction\",\"target\":{\"@type\":\"EntryPoint\",\"urlTemplate\":\"https:\\\/\\\/www.casaldelsinfants.org\\\/es\\\/?s={search_term_string}\"},\"query-input\":{\"@type\":\"PropertyValueSpecification\",\"valueRequired\":true,\"valueName\":\"search_term_string\"}}],\"inLanguage\":\"es\"},{\"@type\":\"Organization\",\"@id\":\"https:\\\/\\\/www.casaldelsinfants.org\\\/es\\\/#organization\",\"name\":\"Casal dels Infants\",\"url\":\"https:\\\/\\\/www.casaldelsinfants.org\\\/es\\\/\",\"logo\":{\"@type\":\"ImageObject\",\"inLanguage\":\"es\",\"@id\":\"https:\\\/\\\/www.casaldelsinfants.org\\\/es\\\/#\\\/schema\\\/logo\\\/image\\\/\",\"url\":\"https:\\\/\\\/www.casaldelsinfants.org\\\/wp-content\\\/uploads\\\/logo-mail.png\",\"contentUrl\":\"https:\\\/\\\/www.casaldelsinfants.org\\\/wp-content\\\/uploads\\\/logo-mail.png\",\"width\":380,\"height\":158,\"caption\":\"Casal dels Infants\"},\"image\":{\"@id\":\"https:\\\/\\\/www.casaldelsinfants.org\\\/es\\\/#\\\/schema\\\/logo\\\/image\\\/\"},\"sameAs\":[\"https:\\\/\\\/www.facebook.com\\\/casalinfants\",\"https:\\\/\\\/x.com\\\/casalinfants\",\"https:\\\/\\\/www.youtube.com\\\/user\\\/CasaldelsInfants1\",\"https:\\\/\\\/www.instagram.com\\\/casalinfants\\\/\",\"https:\\\/\\\/www.linkedin.com\\\/company\\\/casaldelsinfants?trk=organization-update_share-update_actor-text\"]},{\"@type\":\"Person\",\"@id\":\"https:\\\/\\\/www.casaldelsinfants.org\\\/es\\\/#\\\/schema\\\/person\\\/97707fc8c64900cf36891127dbf9fba8\",\"name\":\"cdiAdmin\",\"sameAs\":[\"https:\\\/\\\/casaldelsinfants.org\"]}]}<\/script>\n<!-- \/ Yoast SEO plugin. -->","yoast_head_json":{"title":"Municipales 2019: nuestras demandas por unos barrios m\u00e1s justos y con m\u00e1s oportunidades - Casal dels Infants","robots":{"index":"index","follow":"follow","max-snippet":"max-snippet:-1","max-image-preview":"max-image-preview:large","max-video-preview":"max-video-preview:-1"},"canonical":"https:\/\/www.casaldelsinfants.org\/es\/actualidad\/municipals-2019-les-nostres-demandes-uns-barris-mes-justos-i-amb-mes-oportunitats\/","og_locale":"es_ES","og_type":"article","og_title":"Municipales 2019: nuestras demandas por unos barrios m\u00e1s justos y con m\u00e1s oportunidades - Casal dels Infants","og_description":"Descarga aqu\u00ed el documento de demandas En el Casal dels Infants consideramos que tenemos mucho que decir ante las elecciones municipales del pr\u00f3ximo 26 de mayo, y por ello hemos elaborado un documento con las prioridades que es necesario abordar en los barrios donde actuamos. En \u00e9l tambi\u00e9n encontrar\u00e9is las medidas positivas que se han [&hellip;]","og_url":"https:\/\/www.casaldelsinfants.org\/es\/actualidad\/municipals-2019-les-nostres-demandes-uns-barris-mes-justos-i-amb-mes-oportunitats\/","og_site_name":"Casal dels Infants","article_publisher":"https:\/\/www.facebook.com\/casalinfants","article_published_time":"2019-05-02T07:49:07+00:00","article_modified_time":"2023-09-08T08:20:58+00:00","og_image":[{"width":4000,"height":2250,"url":"https:\/\/www.casaldelsinfants.org\/wp-content\/uploads\/img-municipals-web_castblanc-01.png","type":"image\/png"}],"author":"cdiAdmin","twitter_card":"summary_large_image","twitter_creator":"@casalinfants","twitter_site":"@casalinfants","twitter_misc":{"Escrito por":"cdiAdmin","Tiempo de lectura":"1 minuto"},"schema":{"@context":"https:\/\/schema.org","@graph":[{"@type":"Article","@id":"https:\/\/www.casaldelsinfants.org\/es\/actualidad\/municipals-2019-les-nostres-demandes-uns-barris-mes-justos-i-amb-mes-oportunitats\/#article","isPartOf":{"@id":"https:\/\/www.casaldelsinfants.org\/es\/actualidad\/municipals-2019-les-nostres-demandes-uns-barris-mes-justos-i-amb-mes-oportunitats\/"},"author":{"name":"cdiAdmin","@id":"https:\/\/www.casaldelsinfants.org\/es\/#\/schema\/person\/97707fc8c64900cf36891127dbf9fba8"},"headline":"Municipales 2019: nuestras demandas por unos barrios m\u00e1s justos y con m\u00e1s oportunidades","datePublished":"2019-05-02T07:49:07+00:00","dateModified":"2023-09-08T08:20:58+00:00","mainEntityOfPage":{"@id":"https:\/\/www.casaldelsinfants.org\/es\/actualidad\/municipals-2019-les-nostres-demandes-uns-barris-mes-justos-i-amb-mes-oportunitats\/"},"wordCount":146,"commentCount":0,"publisher":{"@id":"https:\/\/www.casaldelsinfants.org\/es\/#organization"},"image":{"@id":"https:\/\/www.casaldelsinfants.org\/es\/actualidad\/municipals-2019-les-nostres-demandes-uns-barris-mes-justos-i-amb-mes-oportunitats\/#primaryimage"},"thumbnailUrl":"https:\/\/www.casaldelsinfants.org\/wp-content\/uploads\/img-municipals-web_castblanc-01.png","articleSection":["Noticia"],"inLanguage":"es","potentialAction":[{"@type":"CommentAction","name":"Comment","target":["https:\/\/www.casaldelsinfants.org\/es\/actualidad\/municipals-2019-les-nostres-demandes-uns-barris-mes-justos-i-amb-mes-oportunitats\/#respond"]}]},{"@type":"WebPage","@id":"https:\/\/www.casaldelsinfants.org\/es\/actualidad\/municipals-2019-les-nostres-demandes-uns-barris-mes-justos-i-amb-mes-oportunitats\/","url":"https:\/\/www.casaldelsinfants.org\/es\/actualidad\/municipals-2019-les-nostres-demandes-uns-barris-mes-justos-i-amb-mes-oportunitats\/","name":"Municipales 2019: nuestras demandas por unos barrios m\u00e1s justos y con m\u00e1s oportunidades - Casal dels Infants","isPartOf":{"@id":"https:\/\/www.casaldelsinfants.org\/es\/#website"},"primaryImageOfPage":{"@id":"https:\/\/www.casaldelsinfants.org\/es\/actualidad\/municipals-2019-les-nostres-demandes-uns-barris-mes-justos-i-amb-mes-oportunitats\/#primaryimage"},"image":{"@id":"https:\/\/www.casaldelsinfants.org\/es\/actualidad\/municipals-2019-les-nostres-demandes-uns-barris-mes-justos-i-amb-mes-oportunitats\/#primaryimage"},"thumbnailUrl":"https:\/\/www.casaldelsinfants.org\/wp-content\/uploads\/img-municipals-web_castblanc-01.png","datePublished":"2019-05-02T07:49:07+00:00","dateModified":"2023-09-08T08:20:58+00:00","breadcrumb":{"@id":"https:\/\/www.casaldelsinfants.org\/es\/actualidad\/municipals-2019-les-nostres-demandes-uns-barris-mes-justos-i-amb-mes-oportunitats\/#breadcrumb"},"inLanguage":"es","potentialAction":[{"@type":"ReadAction","target":["https:\/\/www.casaldelsinfants.org\/es\/actualidad\/municipals-2019-les-nostres-demandes-uns-barris-mes-justos-i-amb-mes-oportunitats\/"]}]},{"@type":"ImageObject","inLanguage":"es","@id":"https:\/\/www.casaldelsinfants.org\/es\/actualidad\/municipals-2019-les-nostres-demandes-uns-barris-mes-justos-i-amb-mes-oportunitats\/#primaryimage","url":"https:\/\/www.casaldelsinfants.org\/wp-content\/uploads\/img-municipals-web_castblanc-01.png","contentUrl":"https:\/\/www.casaldelsinfants.org\/wp-content\/uploads\/img-municipals-web_castblanc-01.png","width":4000,"height":2250,"caption":"Por unos barrios m\u00e1s justos y con m\u00e1s oportunidades"},{"@type":"BreadcrumbList","@id":"https:\/\/www.casaldelsinfants.org\/es\/actualidad\/municipals-2019-les-nostres-demandes-uns-barris-mes-justos-i-amb-mes-oportunitats\/#breadcrumb","itemListElement":[{"@type":"ListItem","position":1,"name":"Inici","item":"https:\/\/www.casaldelsinfants.org\/es\/"},{"@type":"ListItem","position":2,"name":"Municipales 2019: nuestras demandas por unos barrios m\u00e1s justos y con m\u00e1s oportunidades"}]},{"@type":"WebSite","@id":"https:\/\/www.casaldelsinfants.org\/es\/#website","url":"https:\/\/www.casaldelsinfants.org\/es\/","name":"Casal dels Infants","description":"","publisher":{"@id":"https:\/\/www.casaldelsinfants.org\/es\/#organization"},"potentialAction":[{"@type":"SearchAction","target":{"@type":"EntryPoint","urlTemplate":"https:\/\/www.casaldelsinfants.org\/es\/?s={search_term_string}"},"query-input":{"@type":"PropertyValueSpecification","valueRequired":true,"valueName":"search_term_string"}}],"inLanguage":"es"},{"@type":"Organization","@id":"https:\/\/www.casaldelsinfants.org\/es\/#organization","name":"Casal dels Infants","url":"https:\/\/www.casaldelsinfants.org\/es\/","logo":{"@type":"ImageObject","inLanguage":"es","@id":"https:\/\/www.casaldelsinfants.org\/es\/#\/schema\/logo\/image\/","url":"https:\/\/www.casaldelsinfants.org\/wp-content\/uploads\/logo-mail.png","contentUrl":"https:\/\/www.casaldelsinfants.org\/wp-content\/uploads\/logo-mail.png","width":380,"height":158,"caption":"Casal dels Infants"},"image":{"@id":"https:\/\/www.casaldelsinfants.org\/es\/#\/schema\/logo\/image\/"},"sameAs":["https:\/\/www.facebook.com\/casalinfants","https:\/\/x.com\/casalinfants","https:\/\/www.youtube.com\/user\/CasaldelsInfants1","https:\/\/www.instagram.com\/casalinfants\/","https:\/\/www.linkedin.com\/company\/casaldelsinfants?trk=organization-update_share-update_actor-text"]},{"@type":"Person","@id":"https:\/\/www.casaldelsinfants.org\/es\/#\/schema\/person\/97707fc8c64900cf36891127dbf9fba8","name":"cdiAdmin","sameAs":["https:\/\/casaldelsinfants.org"]}]}},"publishpress_future_action":{"enabled":false,"date":"2026-05-09 10:36:05","action":"change-status","newStatus":"draft","terms":[],"taxonomy":"category","extraData":[]},"publishpress_future_workflow_manual_trigger":{"enabledWorkflows":[]},"_links":{"self":[{"href":"https:\/\/www.casaldelsinfants.org\/es\/wp-json\/wp\/v2\/posts\/4432","targetHints":{"allow":["GET"]}}],"collection":[{"href":"https:\/\/www.casaldelsinfants.org\/es\/wp-json\/wp\/v2\/posts"}],"about":[{"href":"https:\/\/www.casaldelsinfants.org\/es\/wp-json\/wp\/v2\/types\/post"}],"author":[{"embeddable":true,"href":"https:\/\/www.casaldelsinfants.org\/es\/wp-json\/wp\/v2\/users\/1"}],"replies":[{"embeddable":true,"href":"https:\/\/www.casaldelsinfants.org\/es\/wp-json\/wp\/v2\/comments?post=4432"}],"version-history":[{"count":2,"href":"https:\/\/www.casaldelsinfants.org\/es\/wp-json\/wp\/v2\/posts\/4432\/revisions"}],"predecessor-version":[{"id":13552,"href":"https:\/\/www.casaldelsinfants.org\/es\/wp-json\/wp\/v2\/posts\/4432\/revisions\/13552"}],"wp:featuredmedia":[{"embeddable":true,"href":"https:\/\/www.casaldelsinfants.org\/es\/wp-json\/wp\/v2\/media\/3365"}],"wp:attachment":[{"href":"https:\/\/www.casaldelsinfants.org\/es\/wp-json\/wp\/v2\/media?parent=4432"}],"wp:term":[{"taxonomy":"category","embeddable":true,"href":"https:\/\/www.casaldelsinfants.org\/es\/wp-json\/wp\/v2\/categories?post=4432"},{"taxonomy":"post_tag","embeddable":true,"href":"https:\/\/www.casaldelsinfants.org\/es\/wp-json\/wp\/v2\/tags?post=4432"},{"taxonomy":"seus","embeddable":true,"href":"https:\/\/www.casaldelsinfants.org\/es\/wp-json\/wp\/v2\/seus?post=4432"},{"taxonomy":"eixos","embeddable":true,"href":"https:\/\/www.casaldelsinfants.org\/es\/wp-json\/wp\/v2\/eixos?post=4432"}],"curies":[{"name":"wp","href":"https:\/\/api.w.org\/{rel}","templated":true}]}}