{"id":4434,"date":"2019-04-30T09:12:20","date_gmt":"2019-04-30T07:12:20","guid":{"rendered":"https:\/\/casal.puntzero.cat\/noticies\/infants-i-families-deixen-empremta-santa-coloma-traves-del-joc\/"},"modified":"2023-05-01T17:56:17","modified_gmt":"2023-05-01T15:56:17","slug":"infants-i-families-deixen-empremta-santa-coloma-traves-del-joc","status":"publish","type":"post","link":"https:\/\/www.casaldelsinfants.org\/es\/actualidad\/la-infancia-y-las-familias-dejan-huella-en-santa-coloma-traves-del-juego\/","title":{"rendered":"La infancia y las familias dejan huella en Santa Coloma a trav\u00e9s del juego"},"content":{"rendered":"<p><span style=\"color:#000000;\">El s\u00e1bado 27 de abril ni\u00f1os, ni\u00f1as y familias de Santa Coloma de Gramenet sacaraon su parte m\u00e1s creativa y art\u00edstica con la actividad \u201cEl juego deja huella\u201d en la plaza del Parc dels Pins del Motocross, en el barrio del Raval. La iniciativa, dinamizada por el Casal dels Infants con el apoyo del Proyecto de Intervenci\u00f3n Comunitaria Intercultural (ICI) de la Serra d\u2019en Mena, consisti\u00f3 en pintar juegos en el suelo para que a partir de ahora los ni\u00f1os y ni\u00f1as puedan jugar en ellos cada d\u00eda.<\/span><\/p>\n<p><span style=\"color:#000000;\">Todo naci\u00f3 de la Caseta del barri, el espacio de juego y ocio comunitario que dinamiza el Casal Familiar del Casal dels Infants en la plza. \u201cHa sido un proceso art\u00edstico muy bonito. Las familas y los ni\u00f1os y ni\u00f1as hace meses que idearon y crearon los juegos que quer\u00edan que hubiera en la plaza, y salieron ideas muy chulas\u201d, explica Bea Hern\u00e1n, educadora del servicio.<\/span><\/p>\n<p><span style=\"color:#000000;\">Con las ideas en la cabeza, el siguiente paso fue tomar medidas y empezar a hacer montajes en la plaza para que todos los juegos tuvieran su espacio y todo encajara. Finalmente, el 27 de abril los ni\u00f1os y ni\u00f1as y las familias plasmaron sus creaciones en el suelo: \u201cQuer\u00edamos que todas las familias participaran en el dise\u00f1o y la creaci\u00f3n de los dibujos y que ahora, \u00a0cuando acabemos los \u00faltimos retoques pendientes, tambi\u00e9n los disfruten a trav\u00e9s del juego\u201d, explica Bea. <\/span><\/p>\n","protected":false},"excerpt":{"rendered":"<p>El s\u00e1bado 27 de abril ni\u00f1os, ni\u00f1as y familias de Santa Coloma de Gramenet sacaraon su parte m\u00e1s creativa y art\u00edstica con la actividad \u201cEl juego deja huella\u201d en la plaza del Parc dels Pins del Motocross, en el barrio del Raval. La iniciativa, dinamizada por el Casal dels Infants con el apoyo del Proyecto [&hellip;]<\/p>\n","protected":false},"author":1,"featured_media":3371,"comment_status":"open","ping_status":"open","sticky":false,"template":"","format":"standard","meta":{"_acf_changed":false,"_et_pb_use_builder":"","_et_pb_old_content":"","_et_gb_content_width":"","inline_featured_image":false,"footnotes":""},"categories":[125],"tags":[],"seus":[19],"eixos":[107],"class_list":["post-4434","post","type-post","status-publish","format-standard","has-post-thumbnail","hentry","category-noticias","seus-santa-coloma-de-gramenet","eixos-pequena-infancia"],"acf":[],"yoast_head":"<!-- This site is optimized with the Yoast SEO plugin v27.4 - https:\/\/yoast.com\/product\/yoast-seo-wordpress\/ -->\n<title>La infancia y las familias dejan huella en Santa Coloma a trav\u00e9s del juego - Casal dels Infants<\/title>\n<meta name=\"robots\" content=\"index, follow, max-snippet:-1, max-image-preview:large, max-video-preview:-1\" \/>\n<link rel=\"canonical\" href=\"https:\/\/www.casaldelsinfants.org\/es\/actualidad\/la-infancia-y-las-familias-dejan-huella-en-santa-coloma-traves-del-juego\/\" \/>\n<meta property=\"og:locale\" content=\"es_ES\" \/>\n<meta property=\"og:type\" content=\"article\" \/>\n<meta property=\"og:title\" content=\"La infancia y las familias dejan huella en Santa Coloma a trav\u00e9s del juego - Casal dels Infants\" \/>\n<meta property=\"og:description\" content=\"El s\u00e1bado 27 de abril ni\u00f1os, ni\u00f1as y familias de Santa Coloma de Gramenet sacaraon su parte m\u00e1s creativa y art\u00edstica con la actividad \u201cEl juego deja huella\u201d en la plaza del Parc dels Pins del Motocross, en el barrio del Raval. La iniciativa, dinamizada por el Casal dels Infants con el apoyo del Proyecto [&hellip;]\" \/>\n<meta property=\"og:url\" content=\"https:\/\/www.casaldelsinfants.org\/es\/actualidad\/la-infancia-y-las-familias-dejan-huella-en-santa-coloma-traves-del-juego\/\" \/>\n<meta property=\"og:site_name\" content=\"Casal dels Infants\" \/>\n<meta property=\"article:publisher\" content=\"https:\/\/www.facebook.com\/casalinfants\" \/>\n<meta property=\"article:published_time\" content=\"2019-04-30T07:12:20+00:00\" \/>\n<meta property=\"article:modified_time\" content=\"2023-05-01T15:56:17+00:00\" \/>\n<meta property=\"og:image\" content=\"https:\/\/www.casaldelsinfants.org\/wp-content\/uploads\/img-20190427-wa0112.jpg\" \/>\n\t<meta property=\"og:image:width\" content=\"1599\" \/>\n\t<meta property=\"og:image:height\" content=\"1200\" \/>\n\t<meta property=\"og:image:type\" content=\"image\/jpeg\" \/>\n<meta name=\"author\" content=\"cdiAdmin\" \/>\n<meta name=\"twitter:card\" content=\"summary_large_image\" \/>\n<meta name=\"twitter:creator\" content=\"@casalinfants\" \/>\n<meta name=\"twitter:site\" content=\"@casalinfants\" \/>\n<meta name=\"twitter:label1\" content=\"Escrito por\" \/>\n\t<meta name=\"twitter:data1\" content=\"cdiAdmin\" \/>\n\t<meta name=\"twitter:label2\" content=\"Tiempo de lectura\" \/>\n\t<meta name=\"twitter:data2\" content=\"1 minuto\" \/>\n<script type=\"application\/ld+json\" class=\"yoast-schema-graph\">{\"@context\":\"https:\\\/\\\/schema.org\",\"@graph\":[{\"@type\":\"Article\",\"@id\":\"https:\\\/\\\/www.casaldelsinfants.org\\\/es\\\/actualidad\\\/la-infancia-y-las-familias-dejan-huella-en-santa-coloma-traves-del-juego\\\/#article\",\"isPartOf\":{\"@id\":\"https:\\\/\\\/www.casaldelsinfants.org\\\/es\\\/actualidad\\\/la-infancia-y-las-familias-dejan-huella-en-santa-coloma-traves-del-juego\\\/\"},\"author\":{\"name\":\"cdiAdmin\",\"@id\":\"https:\\\/\\\/www.casaldelsinfants.org\\\/es\\\/#\\\/schema\\\/person\\\/97707fc8c64900cf36891127dbf9fba8\"},\"headline\":\"La infancia y las familias dejan huella en Santa Coloma a trav\u00e9s del juego\",\"datePublished\":\"2019-04-30T07:12:20+00:00\",\"dateModified\":\"2023-05-01T15:56:17+00:00\",\"mainEntityOfPage\":{\"@id\":\"https:\\\/\\\/www.casaldelsinfants.org\\\/es\\\/actualidad\\\/la-infancia-y-las-familias-dejan-huella-en-santa-coloma-traves-del-juego\\\/\"},\"wordCount\":271,\"commentCount\":0,\"publisher\":{\"@id\":\"https:\\\/\\\/www.casaldelsinfants.org\\\/es\\\/#organization\"},\"image\":{\"@id\":\"https:\\\/\\\/www.casaldelsinfants.org\\\/es\\\/actualidad\\\/la-infancia-y-las-familias-dejan-huella-en-santa-coloma-traves-del-juego\\\/#primaryimage\"},\"thumbnailUrl\":\"https:\\\/\\\/www.casaldelsinfants.org\\\/wp-content\\\/uploads\\\/img-20190427-wa0112.jpg\",\"articleSection\":[\"Noticia\"],\"inLanguage\":\"es\",\"potentialAction\":[{\"@type\":\"CommentAction\",\"name\":\"Comment\",\"target\":[\"https:\\\/\\\/www.casaldelsinfants.org\\\/es\\\/actualidad\\\/la-infancia-y-las-familias-dejan-huella-en-santa-coloma-traves-del-juego\\\/#respond\"]}]},{\"@type\":\"WebPage\",\"@id\":\"https:\\\/\\\/www.casaldelsinfants.org\\\/es\\\/actualidad\\\/la-infancia-y-las-familias-dejan-huella-en-santa-coloma-traves-del-juego\\\/\",\"url\":\"https:\\\/\\\/www.casaldelsinfants.org\\\/es\\\/actualidad\\\/la-infancia-y-las-familias-dejan-huella-en-santa-coloma-traves-del-juego\\\/\",\"name\":\"La infancia y las familias dejan huella en Santa Coloma a trav\u00e9s del juego - Casal dels Infants\",\"isPartOf\":{\"@id\":\"https:\\\/\\\/www.casaldelsinfants.org\\\/es\\\/#website\"},\"primaryImageOfPage\":{\"@id\":\"https:\\\/\\\/www.casaldelsinfants.org\\\/es\\\/actualidad\\\/la-infancia-y-las-familias-dejan-huella-en-santa-coloma-traves-del-juego\\\/#primaryimage\"},\"image\":{\"@id\":\"https:\\\/\\\/www.casaldelsinfants.org\\\/es\\\/actualidad\\\/la-infancia-y-las-familias-dejan-huella-en-santa-coloma-traves-del-juego\\\/#primaryimage\"},\"thumbnailUrl\":\"https:\\\/\\\/www.casaldelsinfants.org\\\/wp-content\\\/uploads\\\/img-20190427-wa0112.jpg\",\"datePublished\":\"2019-04-30T07:12:20+00:00\",\"dateModified\":\"2023-05-01T15:56:17+00:00\",\"breadcrumb\":{\"@id\":\"https:\\\/\\\/www.casaldelsinfants.org\\\/es\\\/actualidad\\\/la-infancia-y-las-familias-dejan-huella-en-santa-coloma-traves-del-juego\\\/#breadcrumb\"},\"inLanguage\":\"es\",\"potentialAction\":[{\"@type\":\"ReadAction\",\"target\":[\"https:\\\/\\\/www.casaldelsinfants.org\\\/es\\\/actualidad\\\/la-infancia-y-las-familias-dejan-huella-en-santa-coloma-traves-del-juego\\\/\"]}]},{\"@type\":\"ImageObject\",\"inLanguage\":\"es\",\"@id\":\"https:\\\/\\\/www.casaldelsinfants.org\\\/es\\\/actualidad\\\/la-infancia-y-las-familias-dejan-huella-en-santa-coloma-traves-del-juego\\\/#primaryimage\",\"url\":\"https:\\\/\\\/www.casaldelsinfants.org\\\/wp-content\\\/uploads\\\/img-20190427-wa0112.jpg\",\"contentUrl\":\"https:\\\/\\\/www.casaldelsinfants.org\\\/wp-content\\\/uploads\\\/img-20190427-wa0112.jpg\",\"width\":1599,\"height\":1200,\"caption\":\"Infants i fam\u00edlies deixen empremta a Sant Coloma a trav\u00e9s del joc\"},{\"@type\":\"BreadcrumbList\",\"@id\":\"https:\\\/\\\/www.casaldelsinfants.org\\\/es\\\/actualidad\\\/la-infancia-y-las-familias-dejan-huella-en-santa-coloma-traves-del-juego\\\/#breadcrumb\",\"itemListElement\":[{\"@type\":\"ListItem\",\"position\":1,\"name\":\"Inici\",\"item\":\"https:\\\/\\\/www.casaldelsinfants.org\\\/es\\\/\"},{\"@type\":\"ListItem\",\"position\":2,\"name\":\"La infancia y las familias dejan huella en Santa Coloma a trav\u00e9s del juego\"}]},{\"@type\":\"WebSite\",\"@id\":\"https:\\\/\\\/www.casaldelsinfants.org\\\/es\\\/#website\",\"url\":\"https:\\\/\\\/www.casaldelsinfants.org\\\/es\\\/\",\"name\":\"Casal dels Infants\",\"description\":\"\",\"publisher\":{\"@id\":\"https:\\\/\\\/www.casaldelsinfants.org\\\/es\\\/#organization\"},\"potentialAction\":[{\"@type\":\"SearchAction\",\"target\":{\"@type\":\"EntryPoint\",\"urlTemplate\":\"https:\\\/\\\/www.casaldelsinfants.org\\\/es\\\/?s={search_term_string}\"},\"query-input\":{\"@type\":\"PropertyValueSpecification\",\"valueRequired\":true,\"valueName\":\"search_term_string\"}}],\"inLanguage\":\"es\"},{\"@type\":\"Organization\",\"@id\":\"https:\\\/\\\/www.casaldelsinfants.org\\\/es\\\/#organization\",\"name\":\"Casal dels Infants\",\"url\":\"https:\\\/\\\/www.casaldelsinfants.org\\\/es\\\/\",\"logo\":{\"@type\":\"ImageObject\",\"inLanguage\":\"es\",\"@id\":\"https:\\\/\\\/www.casaldelsinfants.org\\\/es\\\/#\\\/schema\\\/logo\\\/image\\\/\",\"url\":\"https:\\\/\\\/www.casaldelsinfants.org\\\/wp-content\\\/uploads\\\/logo-mail.png\",\"contentUrl\":\"https:\\\/\\\/www.casaldelsinfants.org\\\/wp-content\\\/uploads\\\/logo-mail.png\",\"width\":380,\"height\":158,\"caption\":\"Casal dels Infants\"},\"image\":{\"@id\":\"https:\\\/\\\/www.casaldelsinfants.org\\\/es\\\/#\\\/schema\\\/logo\\\/image\\\/\"},\"sameAs\":[\"https:\\\/\\\/www.facebook.com\\\/casalinfants\",\"https:\\\/\\\/x.com\\\/casalinfants\",\"https:\\\/\\\/www.youtube.com\\\/user\\\/CasaldelsInfants1\",\"https:\\\/\\\/www.instagram.com\\\/casalinfants\\\/\",\"https:\\\/\\\/www.linkedin.com\\\/company\\\/casaldelsinfants?trk=organization-update_share-update_actor-text\"]},{\"@type\":\"Person\",\"@id\":\"https:\\\/\\\/www.casaldelsinfants.org\\\/es\\\/#\\\/schema\\\/person\\\/97707fc8c64900cf36891127dbf9fba8\",\"name\":\"cdiAdmin\",\"sameAs\":[\"https:\\\/\\\/casaldelsinfants.org\"]}]}<\/script>\n<!-- \/ Yoast SEO plugin. -->","yoast_head_json":{"title":"La infancia y las familias dejan huella en Santa Coloma a trav\u00e9s del juego - Casal dels Infants","robots":{"index":"index","follow":"follow","max-snippet":"max-snippet:-1","max-image-preview":"max-image-preview:large","max-video-preview":"max-video-preview:-1"},"canonical":"https:\/\/www.casaldelsinfants.org\/es\/actualidad\/la-infancia-y-las-familias-dejan-huella-en-santa-coloma-traves-del-juego\/","og_locale":"es_ES","og_type":"article","og_title":"La infancia y las familias dejan huella en Santa Coloma a trav\u00e9s del juego - Casal dels Infants","og_description":"El s\u00e1bado 27 de abril ni\u00f1os, ni\u00f1as y familias de Santa Coloma de Gramenet sacaraon su parte m\u00e1s creativa y art\u00edstica con la actividad \u201cEl juego deja huella\u201d en la plaza del Parc dels Pins del Motocross, en el barrio del Raval. La iniciativa, dinamizada por el Casal dels Infants con el apoyo del Proyecto [&hellip;]","og_url":"https:\/\/www.casaldelsinfants.org\/es\/actualidad\/la-infancia-y-las-familias-dejan-huella-en-santa-coloma-traves-del-juego\/","og_site_name":"Casal dels Infants","article_publisher":"https:\/\/www.facebook.com\/casalinfants","article_published_time":"2019-04-30T07:12:20+00:00","article_modified_time":"2023-05-01T15:56:17+00:00","og_image":[{"width":1599,"height":1200,"url":"https:\/\/www.casaldelsinfants.org\/wp-content\/uploads\/img-20190427-wa0112.jpg","type":"image\/jpeg"}],"author":"cdiAdmin","twitter_card":"summary_large_image","twitter_creator":"@casalinfants","twitter_site":"@casalinfants","twitter_misc":{"Escrito por":"cdiAdmin","Tiempo de lectura":"1 minuto"},"schema":{"@context":"https:\/\/schema.org","@graph":[{"@type":"Article","@id":"https:\/\/www.casaldelsinfants.org\/es\/actualidad\/la-infancia-y-las-familias-dejan-huella-en-santa-coloma-traves-del-juego\/#article","isPartOf":{"@id":"https:\/\/www.casaldelsinfants.org\/es\/actualidad\/la-infancia-y-las-familias-dejan-huella-en-santa-coloma-traves-del-juego\/"},"author":{"name":"cdiAdmin","@id":"https:\/\/www.casaldelsinfants.org\/es\/#\/schema\/person\/97707fc8c64900cf36891127dbf9fba8"},"headline":"La infancia y las familias dejan huella en Santa Coloma a trav\u00e9s del juego","datePublished":"2019-04-30T07:12:20+00:00","dateModified":"2023-05-01T15:56:17+00:00","mainEntityOfPage":{"@id":"https:\/\/www.casaldelsinfants.org\/es\/actualidad\/la-infancia-y-las-familias-dejan-huella-en-santa-coloma-traves-del-juego\/"},"wordCount":271,"commentCount":0,"publisher":{"@id":"https:\/\/www.casaldelsinfants.org\/es\/#organization"},"image":{"@id":"https:\/\/www.casaldelsinfants.org\/es\/actualidad\/la-infancia-y-las-familias-dejan-huella-en-santa-coloma-traves-del-juego\/#primaryimage"},"thumbnailUrl":"https:\/\/www.casaldelsinfants.org\/wp-content\/uploads\/img-20190427-wa0112.jpg","articleSection":["Noticia"],"inLanguage":"es","potentialAction":[{"@type":"CommentAction","name":"Comment","target":["https:\/\/www.casaldelsinfants.org\/es\/actualidad\/la-infancia-y-las-familias-dejan-huella-en-santa-coloma-traves-del-juego\/#respond"]}]},{"@type":"WebPage","@id":"https:\/\/www.casaldelsinfants.org\/es\/actualidad\/la-infancia-y-las-familias-dejan-huella-en-santa-coloma-traves-del-juego\/","url":"https:\/\/www.casaldelsinfants.org\/es\/actualidad\/la-infancia-y-las-familias-dejan-huella-en-santa-coloma-traves-del-juego\/","name":"La infancia y las familias dejan huella en Santa Coloma a trav\u00e9s del juego - Casal dels Infants","isPartOf":{"@id":"https:\/\/www.casaldelsinfants.org\/es\/#website"},"primaryImageOfPage":{"@id":"https:\/\/www.casaldelsinfants.org\/es\/actualidad\/la-infancia-y-las-familias-dejan-huella-en-santa-coloma-traves-del-juego\/#primaryimage"},"image":{"@id":"https:\/\/www.casaldelsinfants.org\/es\/actualidad\/la-infancia-y-las-familias-dejan-huella-en-santa-coloma-traves-del-juego\/#primaryimage"},"thumbnailUrl":"https:\/\/www.casaldelsinfants.org\/wp-content\/uploads\/img-20190427-wa0112.jpg","datePublished":"2019-04-30T07:12:20+00:00","dateModified":"2023-05-01T15:56:17+00:00","breadcrumb":{"@id":"https:\/\/www.casaldelsinfants.org\/es\/actualidad\/la-infancia-y-las-familias-dejan-huella-en-santa-coloma-traves-del-juego\/#breadcrumb"},"inLanguage":"es","potentialAction":[{"@type":"ReadAction","target":["https:\/\/www.casaldelsinfants.org\/es\/actualidad\/la-infancia-y-las-familias-dejan-huella-en-santa-coloma-traves-del-juego\/"]}]},{"@type":"ImageObject","inLanguage":"es","@id":"https:\/\/www.casaldelsinfants.org\/es\/actualidad\/la-infancia-y-las-familias-dejan-huella-en-santa-coloma-traves-del-juego\/#primaryimage","url":"https:\/\/www.casaldelsinfants.org\/wp-content\/uploads\/img-20190427-wa0112.jpg","contentUrl":"https:\/\/www.casaldelsinfants.org\/wp-content\/uploads\/img-20190427-wa0112.jpg","width":1599,"height":1200,"caption":"Infants i fam\u00edlies deixen empremta a Sant Coloma a trav\u00e9s del joc"},{"@type":"BreadcrumbList","@id":"https:\/\/www.casaldelsinfants.org\/es\/actualidad\/la-infancia-y-las-familias-dejan-huella-en-santa-coloma-traves-del-juego\/#breadcrumb","itemListElement":[{"@type":"ListItem","position":1,"name":"Inici","item":"https:\/\/www.casaldelsinfants.org\/es\/"},{"@type":"ListItem","position":2,"name":"La infancia y las familias dejan huella en Santa Coloma a trav\u00e9s del juego"}]},{"@type":"WebSite","@id":"https:\/\/www.casaldelsinfants.org\/es\/#website","url":"https:\/\/www.casaldelsinfants.org\/es\/","name":"Casal dels Infants","description":"","publisher":{"@id":"https:\/\/www.casaldelsinfants.org\/es\/#organization"},"potentialAction":[{"@type":"SearchAction","target":{"@type":"EntryPoint","urlTemplate":"https:\/\/www.casaldelsinfants.org\/es\/?s={search_term_string}"},"query-input":{"@type":"PropertyValueSpecification","valueRequired":true,"valueName":"search_term_string"}}],"inLanguage":"es"},{"@type":"Organization","@id":"https:\/\/www.casaldelsinfants.org\/es\/#organization","name":"Casal dels Infants","url":"https:\/\/www.casaldelsinfants.org\/es\/","logo":{"@type":"ImageObject","inLanguage":"es","@id":"https:\/\/www.casaldelsinfants.org\/es\/#\/schema\/logo\/image\/","url":"https:\/\/www.casaldelsinfants.org\/wp-content\/uploads\/logo-mail.png","contentUrl":"https:\/\/www.casaldelsinfants.org\/wp-content\/uploads\/logo-mail.png","width":380,"height":158,"caption":"Casal dels Infants"},"image":{"@id":"https:\/\/www.casaldelsinfants.org\/es\/#\/schema\/logo\/image\/"},"sameAs":["https:\/\/www.facebook.com\/casalinfants","https:\/\/x.com\/casalinfants","https:\/\/www.youtube.com\/user\/CasaldelsInfants1","https:\/\/www.instagram.com\/casalinfants\/","https:\/\/www.linkedin.com\/company\/casaldelsinfants?trk=organization-update_share-update_actor-text"]},{"@type":"Person","@id":"https:\/\/www.casaldelsinfants.org\/es\/#\/schema\/person\/97707fc8c64900cf36891127dbf9fba8","name":"cdiAdmin","sameAs":["https:\/\/casaldelsinfants.org"]}]}},"publishpress_future_action":{"enabled":false,"date":"2026-05-09 10:31:52","action":"change-status","newStatus":"draft","terms":[],"taxonomy":"category","extraData":[]},"publishpress_future_workflow_manual_trigger":{"enabledWorkflows":[]},"_links":{"self":[{"href":"https:\/\/www.casaldelsinfants.org\/es\/wp-json\/wp\/v2\/posts\/4434","targetHints":{"allow":["GET"]}}],"collection":[{"href":"https:\/\/www.casaldelsinfants.org\/es\/wp-json\/wp\/v2\/posts"}],"about":[{"href":"https:\/\/www.casaldelsinfants.org\/es\/wp-json\/wp\/v2\/types\/post"}],"author":[{"embeddable":true,"href":"https:\/\/www.casaldelsinfants.org\/es\/wp-json\/wp\/v2\/users\/1"}],"replies":[{"embeddable":true,"href":"https:\/\/www.casaldelsinfants.org\/es\/wp-json\/wp\/v2\/comments?post=4434"}],"version-history":[{"count":1,"href":"https:\/\/www.casaldelsinfants.org\/es\/wp-json\/wp\/v2\/posts\/4434\/revisions"}],"predecessor-version":[{"id":6377,"href":"https:\/\/www.casaldelsinfants.org\/es\/wp-json\/wp\/v2\/posts\/4434\/revisions\/6377"}],"wp:featuredmedia":[{"embeddable":true,"href":"https:\/\/www.casaldelsinfants.org\/es\/wp-json\/wp\/v2\/media\/3371"}],"wp:attachment":[{"href":"https:\/\/www.casaldelsinfants.org\/es\/wp-json\/wp\/v2\/media?parent=4434"}],"wp:term":[{"taxonomy":"category","embeddable":true,"href":"https:\/\/www.casaldelsinfants.org\/es\/wp-json\/wp\/v2\/categories?post=4434"},{"taxonomy":"post_tag","embeddable":true,"href":"https:\/\/www.casaldelsinfants.org\/es\/wp-json\/wp\/v2\/tags?post=4434"},{"taxonomy":"seus","embeddable":true,"href":"https:\/\/www.casaldelsinfants.org\/es\/wp-json\/wp\/v2\/seus?post=4434"},{"taxonomy":"eixos","embeddable":true,"href":"https:\/\/www.casaldelsinfants.org\/es\/wp-json\/wp\/v2\/eixos?post=4434"}],"curies":[{"name":"wp","href":"https:\/\/api.w.org\/{rel}","templated":true}]}}