{"id":4435,"date":"2019-04-26T11:07:32","date_gmt":"2019-04-26T09:07:32","guid":{"rendered":"https:\/\/casal.puntzero.cat\/noticies\/joves-i-petits-sembrant-aprenentatges-al-raval\/"},"modified":"2022-08-17T11:20:36","modified_gmt":"2022-08-17T09:20:36","slug":"joves-i-petits-sembrant-aprenentatges-al-raval","status":"publish","type":"post","link":"https:\/\/www.casaldelsinfants.org\/es\/actualidad\/jovenes-y-pequenos-sembrando-aprendizajes-en-el-raval\/","title":{"rendered":"J\u00f3venes y peque\u00f1os sembrando aprendizajes en el Raval"},"content":{"rendered":"<p><span style=\"color:#000000;\">Hace poco m\u00e1s de un a\u00f1o, j\u00f3venes del Programa de Formaci\u00f3n Inicial en auxiliar de montajes e instalaciones de agua, electricidad y gas dise\u00f1aron unas mesas de luz como ejercicio pr\u00e1ctico de su formaci\u00f3n. Una vez acabadas, las llevaron al aula de los servicios maternoinfantiles Vincles y Min\u00fascula, donde ahora las utilizan para jugar y aprender ni\u00f1os y ni\u00f1as menores de tres a\u00f1os.<\/span><\/p>\n<p><span style=\"color:#000000;\">Pero la idea era que las aulas no solo fueran \u00fatiles para los ni\u00f1os y ni\u00f1as de V\u00ednculos, sino contruir m\u00e1s para otras entidades y servicios del barrio. El equipo del Casal llam\u00f3 a la puerta de la guarder\u00eda municipal Canig\u00f3, en el barrio del Raval, y en el centro recibieron bien la propuesta de las mesas de luz. Pero pod\u00edan esperar para tenerlas. Lo que realmente les urg\u00eda para el pr\u00f3ximo curso era montar un huerto en el jard\u00edn, y as\u00ed es como dejaron encargadas dos jardineras de madera para que las fabricaran j\u00f3venes del Casal con conocimientos de carpinter\u00eda. <\/span><\/p>\n<p>\n<span style=\"color:#000000;\">A principios de enero de este a\u00f1o, el encargo cay\u00f3 en manos de una veintena de j\u00f3venes que participan en el espacio Aterra. Se trata de un nuevo servicio del Casal dels Infants en el que j\u00f3venes migrados de 18 a 24 a\u00f1os que han llegado hace poco a Catalunya adquieren herramientas para conocer mejor su nuevo entorno y realizan una formaci\u00f3n competencial en mantenimiento de edificios. En esta parte m\u00e1s t\u00e9cnica del servicio, los j\u00f3venes aprenden nociones de electricidad, pintura, fontaner\u00eda y carpinter\u00eda. Daban el perfil, pues: se encargar\u00edan de las jardineras.<\/span><\/p>\n<p>\u00a0<\/p>\n<div class=\"video-embed-field-responsive-video form-group\"><iframe loading=\"lazy\" width=\"854\" height=\"480\" frameborder=\"0\" allowfullscreen=\"allowfullscreen\" src=\"https:\/\/www.youtube.com\/embed\/9OSJQRS3JPc?autoplay=0&amp;start=0&amp;rel=0\"><\/iframe>\n<\/div>\n<p><span style=\"color:#000000;\">Para empezar, la AMPA de la guarder\u00eda subministr\u00f3 al Casal las maderas, los clavos y tornillos y la tela necesaria para retener el agua. Una vez todo el material estuvo a punto en el taller del Casal, empez\u00f3 el trabajo en equipo entre los j\u00f3venes: \u201cNos pusimos manos a la obra entre todos, y tuvimos las jardineras listas en pocos d\u00edas\u201d, recuerda Khizar Mubharik, uno de los participantes del servicio. Tiene 18 a\u00f1os, es de Pakist\u00e1n y hace nueve meses que viene al Casal dels Infants, donde antes del Aterra hizo el curso de Ayudante de Camarero y clases de castellano. \u201cAhora que quedan pocos d\u00edas para acabar el curso, veo que he mejorado el castellano y he aprendido electricidad. Espero poder hacer pr\u00e1cticas en una empresa, m\u00e1s adelante\u201d, explica en el taller, mientras sus compa\u00f1eros recogen cables despu\u00e9s de un ejercicio de circuito el\u00e9ctrico.<\/span><\/p>\n<p>\u00a0<\/p>\n<figure role=\"group\" class=\"align-center\">\n<img decoding=\"async\" alt=\"L'Omar i en Khizar retallant la lona que ret\u00e9 l'aigua a la jardinera\" data-entity-type=\"file\" data-entity-uuid=\"fa278ce1-910e-4aca-bc23-386859f7acb3\" data-image-style=\"large\" height=\"360\" src=\"\/wp-content\/uploads\/inline-images\/IMG-20190410-WA0057.jpg\" typeof=\"foaf:Image\" width=\"480\" \/><figcaption>L&#8217;Omar i en Khizar retallant la lona que ret\u00e9 l&#8217;aigua a la jardinera<\/figcaption><\/figure>\n<p>\u00a0<\/p>\n<p><span style=\"color:#000000;\">Dominar m\u00e1s lenguas es precisamente una de las competencias que m\u00e1s valoran los j\u00f3venes del Aterra \u2014pasa lo mismo en otros servicios dirigidos a j\u00f3venes acabados de llegar, como en el caso del Prepara&#8217;t, que ofrece cursos de catal\u00e1n y castellano\u2014. \u201cHace seis meses no hablaba ni una palabra de castellano, ahora s\u00e9 bastante m\u00e1s\u201d, dice Omar Er Rays, que es marroqu\u00ed, tambi\u00e9n tiene 18 a\u00f1os y es uno m\u00e1s en el grup del Aterra. <\/span><\/p>\n<p>\u00a0<\/p>\n<p class=\"destacat-noticia\">Omar Er Rays (participante): \u201cHace seis meses no hablaba ni una palabra de castellano, ahora s\u00e9 bastante m\u00e1s\u00bb<\/p>\n<p class=\"verd\">\u00a0<\/p>\n<p class=\"verd\">\n<b>Autoconocimiento y resiliencia<\/b><\/p>\n<p><span style=\"color:#000000;\">\u201cSon j\u00f3venes que probablemente todav\u00eda tendr\u00e1n que tener paciencia para encontrar un trabajo\u201d, explica Cisco Pelay, educador del servicio. \u201cHay algunos que todav\u00eda no tienen el permiso de residencia, les falta formaci\u00f3n y por ahora se est\u00e1n situando en su nueva realidad. En este proceso, damos mucha importancia al autoconocimiento, al hecho de que aprendan a gestionar sus emociones, toleran la frustraci\u00f3n y tengan capacidad de resiliencia\u201d, a\u00f1ade.<\/span><\/p>\n<p>\u00a0<\/p>\n<p class=\"destacat-noticia\">Cisco Pelay (educador): \u201cDamos mucha importancia al hecho de que estos j\u00f3venes trabajen el autoconocimiento, aprendan a gestionar sus emociones, toleren la frustraci\u00f3n y tengan capacidad de resiliencia\u201d<\/p>\n<p>\u00a0<\/p>\n<p><span style=\"color:#000000;\">El servicio empieza cada d\u00eda a las 9 h y acaba a las 14 h. Durante la primera media hora, comparten un rato que llaman de acogida, un espacio informal en el que comentan noticias o alguna otra lectura, charlan y comparten\u2026 Despu\u00e9s hacen una hora de lenguas o matem\u00e1ticas de forma alterna, ambas materias con una orientaci\u00f3n muy pr\u00e1ctica para el d\u00eda a d\u00eda. De 11 h a 12.30 h comparten una tutor\u00eda grupal o bien lo que llaman conocimineto del medio. \u201cLes damos las herramientas para conocer la ciudad y orientarlos en los tr\u00e1mites que tienen que realizar: empadronarse, conocer espacios de ocio en los que pueden participar\u2026 Un d\u00eda fuimos de visita al Casal de J\u00f3venes Paralu Al\u00f2s, por ejemplo\u201d. La \u00faltima hora y media la pasan en el taller, haciendo la formaci\u00f3n t\u00e9cnica.<\/span><\/p>\n<p>\n<strong>El gran d\u00eda<\/strong><\/p>\n<p><span style=\"color:#000000;\"><span style=\"line-height:120%\">Unos d\u00edas antes de que los j\u00f3venes del Aterra recibieran el diploma del servicio, ya adentrados en la primavera, lleg\u00f3 el momento de entregar las jardimeras. Esa ma\u00f1ana, en el patio de la guarder\u00eda municipal Canig\u00f3, los ni\u00f1os y ni\u00f1as esperaban a los j\u00f3venes, que llegaban con Cisco, Hammid \u2014tambi\u00e9n educador\u2014 y Jose Lu\u00eds \u2014una de las personas voluntarias del servicio, que da clases de matem\u00e1ticas\u2014.<\/span><\/span><\/p>\n<p>\u00a0<\/p>\n<p class=\"destacat-noticia\"><span style=\"line-height:120%\"><font color=\"#000000\">Khizar Mubharik (participante): \u201cEl d\u00eda que entregamos las jardineras jugamos con los ni\u00f1os y ni\u00f1as, y fue genial\u201d<\/font><\/span><\/p>\n<p>\u00a0<\/p>\n<p><span style=\"color:#000000;\">Las caras eran de sorpresa y expectaci\u00f3n. En un principio los ni\u00f1os y ni\u00f1as parec\u00edan no entender mucho qu\u00e9 eran esas estructuras de madera, pero cuando les indicaron que las ten\u00edan que llenar de tierra, se entregaron a ello. \u201cJugamos juntos y fue genial, porque son ni\u00f1os, y eso siempre da alegr\u00eda\u201d, recuerda Khizar. Grandes y peque\u00f1os dejaron bien plantadas y regadas plantas de fresas y perejil.<\/span><\/p>\n","protected":false},"excerpt":{"rendered":"<div class=\"video-embed-field-responsive-video form-group\"><iframe loading=\"lazy\" width=\"854\" height=\"480\" frameborder=\"0\" allowfullscreen=\"allowfullscreen\" src=\"https:\/\/www.youtube.com\/embed\/7tJymb4JC9o?autoplay=0&amp;start=0&amp;rel=0\"><\/iframe>\n<\/div>\n<p class=\"text-align-center\">\u00a0<\/p>\n<p class=\"text-align-center\">Cuando un joven en situaci\u00f3n de vulnerabilidad lucha por su futuro, abre paso a la igualdad de oportunidades para todo el mundo. Y si lo hace ayudando a crecer a los dem\u00e1s, aunque sea con un peque\u00f1o gesto, transforma todav\u00eda m\u00e1s la sociedad. En el barrio del Raval de Barcelona, j\u00f3venes migrantes que participan en el espacio Aterra del Casal dels Infants han construido dos jardineras que utilizar\u00e1n los ni\u00f1os y ni\u00f1as de la guarder\u00eda Canig\u00f3. As\u00ed, el fruto de la formaci\u00f3n de los grandes servir\u00e1 de semilla en la educaci\u00f3n de los peque\u00f1os.<\/p>\n","protected":false},"author":1,"featured_media":0,"comment_status":"open","ping_status":"open","sticky":false,"template":"","format":"standard","meta":{"_acf_changed":false,"_et_pb_use_builder":"","_et_pb_old_content":"","_et_gb_content_width":"","inline_featured_image":false,"footnotes":""},"categories":[105],"tags":[],"seus":[16],"eixos":[102],"class_list":["post-4435","post","type-post","status-publish","format-standard","hentry","category-reportaje","seus-el-raval","eixos-jovenes"],"acf":[],"yoast_head":"<!-- This site is optimized with the Yoast SEO plugin v27.4 - https:\/\/yoast.com\/product\/yoast-seo-wordpress\/ -->\n<title>J\u00f3venes y peque\u00f1os sembrando aprendizajes en el Raval - Casal dels Infants<\/title>\n<meta name=\"robots\" content=\"index, follow, max-snippet:-1, max-image-preview:large, max-video-preview:-1\" \/>\n<link rel=\"canonical\" href=\"https:\/\/www.casaldelsinfants.org\/es\/actualidad\/jovenes-y-pequenos-sembrando-aprendizajes-en-el-raval\/\" \/>\n<meta property=\"og:locale\" content=\"es_ES\" \/>\n<meta property=\"og:type\" content=\"article\" \/>\n<meta property=\"og:title\" content=\"J\u00f3venes y peque\u00f1os sembrando aprendizajes en el Raval - Casal dels Infants\" \/>\n<meta property=\"og:description\" content=\"\u00a0 Cuando un joven en situaci\u00f3n de vulnerabilidad lucha por su futuro, abre paso a la igualdad de oportunidades para todo el mundo. Y si lo hace ayudando a crecer a los dem\u00e1s, aunque sea con un peque\u00f1o gesto, transforma todav\u00eda m\u00e1s la sociedad. En el barrio del Raval de Barcelona, j\u00f3venes migrantes que participan en el espacio Aterra del Casal dels Infants han construido dos jardineras que utilizar\u00e1n los ni\u00f1os y ni\u00f1as de la guarder\u00eda Canig\u00f3. As\u00ed, el fruto de la formaci\u00f3n de los grandes servir\u00e1 de semilla en la educaci\u00f3n de los peque\u00f1os.\" \/>\n<meta property=\"og:url\" content=\"https:\/\/www.casaldelsinfants.org\/es\/actualidad\/jovenes-y-pequenos-sembrando-aprendizajes-en-el-raval\/\" \/>\n<meta property=\"og:site_name\" content=\"Casal dels Infants\" \/>\n<meta property=\"article:publisher\" content=\"https:\/\/www.facebook.com\/casalinfants\" \/>\n<meta property=\"article:published_time\" content=\"2019-04-26T09:07:32+00:00\" \/>\n<meta property=\"article:modified_time\" content=\"2022-08-17T09:20:36+00:00\" \/>\n<meta name=\"author\" content=\"cdiAdmin\" \/>\n<meta name=\"twitter:card\" content=\"summary_large_image\" \/>\n<meta name=\"twitter:creator\" content=\"@casalinfants\" \/>\n<meta name=\"twitter:site\" content=\"@casalinfants\" \/>\n<meta name=\"twitter:label1\" content=\"Escrito por\" \/>\n\t<meta name=\"twitter:data1\" content=\"cdiAdmin\" \/>\n\t<meta name=\"twitter:label2\" content=\"Tiempo de lectura\" \/>\n\t<meta name=\"twitter:data2\" content=\"5 minutos\" \/>\n<script type=\"application\/ld+json\" class=\"yoast-schema-graph\">{\"@context\":\"https:\\\/\\\/schema.org\",\"@graph\":[{\"@type\":\"Article\",\"@id\":\"https:\\\/\\\/www.casaldelsinfants.org\\\/es\\\/actualidad\\\/jovenes-y-pequenos-sembrando-aprendizajes-en-el-raval\\\/#article\",\"isPartOf\":{\"@id\":\"https:\\\/\\\/www.casaldelsinfants.org\\\/es\\\/actualidad\\\/jovenes-y-pequenos-sembrando-aprendizajes-en-el-raval\\\/\"},\"author\":{\"name\":\"cdiAdmin\",\"@id\":\"https:\\\/\\\/www.casaldelsinfants.org\\\/es\\\/#\\\/schema\\\/person\\\/97707fc8c64900cf36891127dbf9fba8\"},\"headline\":\"J\u00f3venes y peque\u00f1os sembrando aprendizajes en el Raval\",\"datePublished\":\"2019-04-26T09:07:32+00:00\",\"dateModified\":\"2022-08-17T09:20:36+00:00\",\"mainEntityOfPage\":{\"@id\":\"https:\\\/\\\/www.casaldelsinfants.org\\\/es\\\/actualidad\\\/jovenes-y-pequenos-sembrando-aprendizajes-en-el-raval\\\/\"},\"wordCount\":1003,\"commentCount\":0,\"publisher\":{\"@id\":\"https:\\\/\\\/www.casaldelsinfants.org\\\/es\\\/#organization\"},\"articleSection\":[\"Reportaje\"],\"inLanguage\":\"es\",\"potentialAction\":[{\"@type\":\"CommentAction\",\"name\":\"Comment\",\"target\":[\"https:\\\/\\\/www.casaldelsinfants.org\\\/es\\\/actualidad\\\/jovenes-y-pequenos-sembrando-aprendizajes-en-el-raval\\\/#respond\"]}]},{\"@type\":\"WebPage\",\"@id\":\"https:\\\/\\\/www.casaldelsinfants.org\\\/es\\\/actualidad\\\/jovenes-y-pequenos-sembrando-aprendizajes-en-el-raval\\\/\",\"url\":\"https:\\\/\\\/www.casaldelsinfants.org\\\/es\\\/actualidad\\\/jovenes-y-pequenos-sembrando-aprendizajes-en-el-raval\\\/\",\"name\":\"J\u00f3venes y peque\u00f1os sembrando aprendizajes en el Raval - Casal dels Infants\",\"isPartOf\":{\"@id\":\"https:\\\/\\\/www.casaldelsinfants.org\\\/es\\\/#website\"},\"datePublished\":\"2019-04-26T09:07:32+00:00\",\"dateModified\":\"2022-08-17T09:20:36+00:00\",\"breadcrumb\":{\"@id\":\"https:\\\/\\\/www.casaldelsinfants.org\\\/es\\\/actualidad\\\/jovenes-y-pequenos-sembrando-aprendizajes-en-el-raval\\\/#breadcrumb\"},\"inLanguage\":\"es\",\"potentialAction\":[{\"@type\":\"ReadAction\",\"target\":[\"https:\\\/\\\/www.casaldelsinfants.org\\\/es\\\/actualidad\\\/jovenes-y-pequenos-sembrando-aprendizajes-en-el-raval\\\/\"]}]},{\"@type\":\"BreadcrumbList\",\"@id\":\"https:\\\/\\\/www.casaldelsinfants.org\\\/es\\\/actualidad\\\/jovenes-y-pequenos-sembrando-aprendizajes-en-el-raval\\\/#breadcrumb\",\"itemListElement\":[{\"@type\":\"ListItem\",\"position\":1,\"name\":\"Inici\",\"item\":\"https:\\\/\\\/www.casaldelsinfants.org\\\/es\\\/\"},{\"@type\":\"ListItem\",\"position\":2,\"name\":\"J\u00f3venes y peque\u00f1os sembrando aprendizajes en el Raval\"}]},{\"@type\":\"WebSite\",\"@id\":\"https:\\\/\\\/www.casaldelsinfants.org\\\/es\\\/#website\",\"url\":\"https:\\\/\\\/www.casaldelsinfants.org\\\/es\\\/\",\"name\":\"Casal dels Infants\",\"description\":\"\",\"publisher\":{\"@id\":\"https:\\\/\\\/www.casaldelsinfants.org\\\/es\\\/#organization\"},\"potentialAction\":[{\"@type\":\"SearchAction\",\"target\":{\"@type\":\"EntryPoint\",\"urlTemplate\":\"https:\\\/\\\/www.casaldelsinfants.org\\\/es\\\/?s={search_term_string}\"},\"query-input\":{\"@type\":\"PropertyValueSpecification\",\"valueRequired\":true,\"valueName\":\"search_term_string\"}}],\"inLanguage\":\"es\"},{\"@type\":\"Organization\",\"@id\":\"https:\\\/\\\/www.casaldelsinfants.org\\\/es\\\/#organization\",\"name\":\"Casal dels Infants\",\"url\":\"https:\\\/\\\/www.casaldelsinfants.org\\\/es\\\/\",\"logo\":{\"@type\":\"ImageObject\",\"inLanguage\":\"es\",\"@id\":\"https:\\\/\\\/www.casaldelsinfants.org\\\/es\\\/#\\\/schema\\\/logo\\\/image\\\/\",\"url\":\"https:\\\/\\\/www.casaldelsinfants.org\\\/wp-content\\\/uploads\\\/logo-mail.png\",\"contentUrl\":\"https:\\\/\\\/www.casaldelsinfants.org\\\/wp-content\\\/uploads\\\/logo-mail.png\",\"width\":380,\"height\":158,\"caption\":\"Casal dels Infants\"},\"image\":{\"@id\":\"https:\\\/\\\/www.casaldelsinfants.org\\\/es\\\/#\\\/schema\\\/logo\\\/image\\\/\"},\"sameAs\":[\"https:\\\/\\\/www.facebook.com\\\/casalinfants\",\"https:\\\/\\\/x.com\\\/casalinfants\",\"https:\\\/\\\/www.youtube.com\\\/user\\\/CasaldelsInfants1\",\"https:\\\/\\\/www.instagram.com\\\/casalinfants\\\/\",\"https:\\\/\\\/www.linkedin.com\\\/company\\\/casaldelsinfants?trk=organization-update_share-update_actor-text\"]},{\"@type\":\"Person\",\"@id\":\"https:\\\/\\\/www.casaldelsinfants.org\\\/es\\\/#\\\/schema\\\/person\\\/97707fc8c64900cf36891127dbf9fba8\",\"name\":\"cdiAdmin\",\"sameAs\":[\"https:\\\/\\\/casaldelsinfants.org\"]}]}<\/script>\n<!-- \/ Yoast SEO plugin. -->","yoast_head_json":{"title":"J\u00f3venes y peque\u00f1os sembrando aprendizajes en el Raval - Casal dels Infants","robots":{"index":"index","follow":"follow","max-snippet":"max-snippet:-1","max-image-preview":"max-image-preview:large","max-video-preview":"max-video-preview:-1"},"canonical":"https:\/\/www.casaldelsinfants.org\/es\/actualidad\/jovenes-y-pequenos-sembrando-aprendizajes-en-el-raval\/","og_locale":"es_ES","og_type":"article","og_title":"J\u00f3venes y peque\u00f1os sembrando aprendizajes en el Raval - Casal dels Infants","og_description":"\u00a0 Cuando un joven en situaci\u00f3n de vulnerabilidad lucha por su futuro, abre paso a la igualdad de oportunidades para todo el mundo. Y si lo hace ayudando a crecer a los dem\u00e1s, aunque sea con un peque\u00f1o gesto, transforma todav\u00eda m\u00e1s la sociedad. En el barrio del Raval de Barcelona, j\u00f3venes migrantes que participan en el espacio Aterra del Casal dels Infants han construido dos jardineras que utilizar\u00e1n los ni\u00f1os y ni\u00f1as de la guarder\u00eda Canig\u00f3. As\u00ed, el fruto de la formaci\u00f3n de los grandes servir\u00e1 de semilla en la educaci\u00f3n de los peque\u00f1os.","og_url":"https:\/\/www.casaldelsinfants.org\/es\/actualidad\/jovenes-y-pequenos-sembrando-aprendizajes-en-el-raval\/","og_site_name":"Casal dels Infants","article_publisher":"https:\/\/www.facebook.com\/casalinfants","article_published_time":"2019-04-26T09:07:32+00:00","article_modified_time":"2022-08-17T09:20:36+00:00","author":"cdiAdmin","twitter_card":"summary_large_image","twitter_creator":"@casalinfants","twitter_site":"@casalinfants","twitter_misc":{"Escrito por":"cdiAdmin","Tiempo de lectura":"5 minutos"},"schema":{"@context":"https:\/\/schema.org","@graph":[{"@type":"Article","@id":"https:\/\/www.casaldelsinfants.org\/es\/actualidad\/jovenes-y-pequenos-sembrando-aprendizajes-en-el-raval\/#article","isPartOf":{"@id":"https:\/\/www.casaldelsinfants.org\/es\/actualidad\/jovenes-y-pequenos-sembrando-aprendizajes-en-el-raval\/"},"author":{"name":"cdiAdmin","@id":"https:\/\/www.casaldelsinfants.org\/es\/#\/schema\/person\/97707fc8c64900cf36891127dbf9fba8"},"headline":"J\u00f3venes y peque\u00f1os sembrando aprendizajes en el Raval","datePublished":"2019-04-26T09:07:32+00:00","dateModified":"2022-08-17T09:20:36+00:00","mainEntityOfPage":{"@id":"https:\/\/www.casaldelsinfants.org\/es\/actualidad\/jovenes-y-pequenos-sembrando-aprendizajes-en-el-raval\/"},"wordCount":1003,"commentCount":0,"publisher":{"@id":"https:\/\/www.casaldelsinfants.org\/es\/#organization"},"articleSection":["Reportaje"],"inLanguage":"es","potentialAction":[{"@type":"CommentAction","name":"Comment","target":["https:\/\/www.casaldelsinfants.org\/es\/actualidad\/jovenes-y-pequenos-sembrando-aprendizajes-en-el-raval\/#respond"]}]},{"@type":"WebPage","@id":"https:\/\/www.casaldelsinfants.org\/es\/actualidad\/jovenes-y-pequenos-sembrando-aprendizajes-en-el-raval\/","url":"https:\/\/www.casaldelsinfants.org\/es\/actualidad\/jovenes-y-pequenos-sembrando-aprendizajes-en-el-raval\/","name":"J\u00f3venes y peque\u00f1os sembrando aprendizajes en el Raval - Casal dels Infants","isPartOf":{"@id":"https:\/\/www.casaldelsinfants.org\/es\/#website"},"datePublished":"2019-04-26T09:07:32+00:00","dateModified":"2022-08-17T09:20:36+00:00","breadcrumb":{"@id":"https:\/\/www.casaldelsinfants.org\/es\/actualidad\/jovenes-y-pequenos-sembrando-aprendizajes-en-el-raval\/#breadcrumb"},"inLanguage":"es","potentialAction":[{"@type":"ReadAction","target":["https:\/\/www.casaldelsinfants.org\/es\/actualidad\/jovenes-y-pequenos-sembrando-aprendizajes-en-el-raval\/"]}]},{"@type":"BreadcrumbList","@id":"https:\/\/www.casaldelsinfants.org\/es\/actualidad\/jovenes-y-pequenos-sembrando-aprendizajes-en-el-raval\/#breadcrumb","itemListElement":[{"@type":"ListItem","position":1,"name":"Inici","item":"https:\/\/www.casaldelsinfants.org\/es\/"},{"@type":"ListItem","position":2,"name":"J\u00f3venes y peque\u00f1os sembrando aprendizajes en el Raval"}]},{"@type":"WebSite","@id":"https:\/\/www.casaldelsinfants.org\/es\/#website","url":"https:\/\/www.casaldelsinfants.org\/es\/","name":"Casal dels Infants","description":"","publisher":{"@id":"https:\/\/www.casaldelsinfants.org\/es\/#organization"},"potentialAction":[{"@type":"SearchAction","target":{"@type":"EntryPoint","urlTemplate":"https:\/\/www.casaldelsinfants.org\/es\/?s={search_term_string}"},"query-input":{"@type":"PropertyValueSpecification","valueRequired":true,"valueName":"search_term_string"}}],"inLanguage":"es"},{"@type":"Organization","@id":"https:\/\/www.casaldelsinfants.org\/es\/#organization","name":"Casal dels Infants","url":"https:\/\/www.casaldelsinfants.org\/es\/","logo":{"@type":"ImageObject","inLanguage":"es","@id":"https:\/\/www.casaldelsinfants.org\/es\/#\/schema\/logo\/image\/","url":"https:\/\/www.casaldelsinfants.org\/wp-content\/uploads\/logo-mail.png","contentUrl":"https:\/\/www.casaldelsinfants.org\/wp-content\/uploads\/logo-mail.png","width":380,"height":158,"caption":"Casal dels Infants"},"image":{"@id":"https:\/\/www.casaldelsinfants.org\/es\/#\/schema\/logo\/image\/"},"sameAs":["https:\/\/www.facebook.com\/casalinfants","https:\/\/x.com\/casalinfants","https:\/\/www.youtube.com\/user\/CasaldelsInfants1","https:\/\/www.instagram.com\/casalinfants\/","https:\/\/www.linkedin.com\/company\/casaldelsinfants?trk=organization-update_share-update_actor-text"]},{"@type":"Person","@id":"https:\/\/www.casaldelsinfants.org\/es\/#\/schema\/person\/97707fc8c64900cf36891127dbf9fba8","name":"cdiAdmin","sameAs":["https:\/\/casaldelsinfants.org"]}]}},"publishpress_future_action":{"enabled":false,"date":"2026-05-09 10:19:12","action":"change-status","newStatus":"draft","terms":[],"taxonomy":"category","extraData":[]},"publishpress_future_workflow_manual_trigger":{"enabledWorkflows":[]},"_links":{"self":[{"href":"https:\/\/www.casaldelsinfants.org\/es\/wp-json\/wp\/v2\/posts\/4435","targetHints":{"allow":["GET"]}}],"collection":[{"href":"https:\/\/www.casaldelsinfants.org\/es\/wp-json\/wp\/v2\/posts"}],"about":[{"href":"https:\/\/www.casaldelsinfants.org\/es\/wp-json\/wp\/v2\/types\/post"}],"author":[{"embeddable":true,"href":"https:\/\/www.casaldelsinfants.org\/es\/wp-json\/wp\/v2\/users\/1"}],"replies":[{"embeddable":true,"href":"https:\/\/www.casaldelsinfants.org\/es\/wp-json\/wp\/v2\/comments?post=4435"}],"version-history":[{"count":1,"href":"https:\/\/www.casaldelsinfants.org\/es\/wp-json\/wp\/v2\/posts\/4435\/revisions"}],"predecessor-version":[{"id":6378,"href":"https:\/\/www.casaldelsinfants.org\/es\/wp-json\/wp\/v2\/posts\/4435\/revisions\/6378"}],"wp:attachment":[{"href":"https:\/\/www.casaldelsinfants.org\/es\/wp-json\/wp\/v2\/media?parent=4435"}],"wp:term":[{"taxonomy":"category","embeddable":true,"href":"https:\/\/www.casaldelsinfants.org\/es\/wp-json\/wp\/v2\/categories?post=4435"},{"taxonomy":"post_tag","embeddable":true,"href":"https:\/\/www.casaldelsinfants.org\/es\/wp-json\/wp\/v2\/tags?post=4435"},{"taxonomy":"seus","embeddable":true,"href":"https:\/\/www.casaldelsinfants.org\/es\/wp-json\/wp\/v2\/seus?post=4435"},{"taxonomy":"eixos","embeddable":true,"href":"https:\/\/www.casaldelsinfants.org\/es\/wp-json\/wp\/v2\/eixos?post=4435"}],"curies":[{"name":"wp","href":"https:\/\/api.w.org\/{rel}","templated":true}]}}