{"id":4437,"date":"2019-04-26T10:18:14","date_gmt":"2019-04-26T08:18:14","guid":{"rendered":"https:\/\/casal.puntzero.cat\/noticies\/el-casal-jove-de-badalona-aposta-pel-teatre-contra-lassetjament-masclista\/"},"modified":"2023-05-01T17:56:25","modified_gmt":"2023-05-01T15:56:25","slug":"el-casal-jove-de-badalona-aposta-pel-teatre-contra-lassetjament-masclista","status":"publish","type":"post","link":"https:\/\/www.casaldelsinfants.org\/es\/actualidad\/el-casal-jove-de-badalona-apuesta-por-el-teatro-contra-el-acoso-machista\/","title":{"rendered":"El Casal Jove de Badalona apuesta por el teatro contra el acoso machista"},"content":{"rendered":"<p><span style=\"color:#000000;\">J\u00f3venes del Casal Jove de Badalona del Casal dels Infants est\u00e1n de estreno: acaban de presentar \u201cTampoco es para tando\u201d, una obra de teatro f\u00f3rum con perspectiva de g\u00e9nero que denuncia el acoso machista en el espacio p\u00fablico. El debut fue el viernes 5 de abril en el Institut Eugeni d&#8217;Ors, que se llen\u00f3 de chicos y chicas de otras entidades juveniles y del vecindario del barrio de Sant Roc. <\/span><\/p>\n<p><span style=\"color:#000000;\">Los mismo integrantes del Casal Jove han escrito el gui\u00f3n de la obra, a partir del di\u00e1logo y el debate en grupo. Tambi\u00e9n se han ecargado de definir la puesta en escena y de dise\u00f1ar el atrezo. El \u00e9xtio del estreno ha sido posible gracias al esfuerzo y los ensayos del grupo durante los \u00faltimos meses. <\/span><\/p>\n<p><span style=\"color:#000000;\">Como en toda obra de teatro f\u00f3rum, el espect\u00e1culo plantea un conflicto social que no queda resuelto. En este caso, muestra distintas situaciones de acoso machista a las que tiene que enfrentarse una chica joven, as\u00ed como las reacciones de su entorno m\u00e1s cercano ante estas agresiones. El p\u00fablico tiene que intervenir en la parte final substituyendo a los actores y actrices y modificando el desarrollo de la historia para mejorarla, generando as\u00ed reflexi\u00f3n y debate. <\/span><\/p>\n<p><span style=\"color:#000000;\">Despu\u00e9s del estreno y de la buena valoraci\u00f3n del p\u00fablico, los integrantes del Casal Jove Badalona quieren volver a representar \u201cTampoco es para tanto\u201d en otros espacios de los barrios de Llefi\u00e0 y Sant Roc.<\/span><\/p>\n","protected":false},"excerpt":{"rendered":"<p>J\u00f3venes del Casal Jove de Badalona del Casal dels Infants est\u00e1n de estreno: acaban de presentar \u201cTampoco es para tando\u201d, una obra de teatro f\u00f3rum con perspectiva de g\u00e9nero que denuncia el acoso machista en el espacio p\u00fablico. El debut fue el viernes 5 de abril en el Institut Eugeni d&#8217;Ors, que se llen\u00f3 de [&hellip;]<\/p>\n","protected":false},"author":1,"featured_media":3375,"comment_status":"open","ping_status":"open","sticky":false,"template":"","format":"standard","meta":{"_acf_changed":false,"_et_pb_use_builder":"","_et_pb_old_content":"","_et_gb_content_width":"","inline_featured_image":false,"footnotes":""},"categories":[125],"tags":[],"seus":[15],"eixos":[],"class_list":["post-4437","post","type-post","status-publish","format-standard","has-post-thumbnail","hentry","category-noticias","seus-badalona"],"acf":[],"yoast_head":"<!-- This site is optimized with the Yoast SEO plugin v27.4 - https:\/\/yoast.com\/product\/yoast-seo-wordpress\/ -->\n<title>El Casal Jove de Badalona apuesta por el teatro contra el acoso machista - Casal dels Infants<\/title>\n<meta name=\"robots\" content=\"index, follow, max-snippet:-1, max-image-preview:large, max-video-preview:-1\" \/>\n<link rel=\"canonical\" href=\"https:\/\/www.casaldelsinfants.org\/es\/actualidad\/el-casal-jove-de-badalona-apuesta-por-el-teatro-contra-el-acoso-machista\/\" \/>\n<meta property=\"og:locale\" content=\"es_ES\" \/>\n<meta property=\"og:type\" content=\"article\" \/>\n<meta property=\"og:title\" content=\"El Casal Jove de Badalona apuesta por el teatro contra el acoso machista - Casal dels Infants\" \/>\n<meta property=\"og:description\" content=\"J\u00f3venes del Casal Jove de Badalona del Casal dels Infants est\u00e1n de estreno: acaban de presentar \u201cTampoco es para tando\u201d, una obra de teatro f\u00f3rum con perspectiva de g\u00e9nero que denuncia el acoso machista en el espacio p\u00fablico. El debut fue el viernes 5 de abril en el Institut Eugeni d&#8217;Ors, que se llen\u00f3 de [&hellip;]\" \/>\n<meta property=\"og:url\" content=\"https:\/\/www.casaldelsinfants.org\/es\/actualidad\/el-casal-jove-de-badalona-apuesta-por-el-teatro-contra-el-acoso-machista\/\" \/>\n<meta property=\"og:site_name\" content=\"Casal dels Infants\" \/>\n<meta property=\"article:publisher\" content=\"https:\/\/www.facebook.com\/casalinfants\" \/>\n<meta property=\"article:published_time\" content=\"2019-04-26T08:18:14+00:00\" \/>\n<meta property=\"article:modified_time\" content=\"2023-05-01T15:56:25+00:00\" \/>\n<meta property=\"og:image\" content=\"https:\/\/www.casaldelsinfants.org\/wp-content\/uploads\/whatsapp_image_2019-04-05_at_20.11.04_0.jpeg\" \/>\n\t<meta property=\"og:image:width\" content=\"1600\" \/>\n\t<meta property=\"og:image:height\" content=\"1200\" \/>\n\t<meta property=\"og:image:type\" content=\"image\/jpeg\" \/>\n<meta name=\"author\" content=\"cdiAdmin\" \/>\n<meta name=\"twitter:card\" content=\"summary_large_image\" \/>\n<meta name=\"twitter:creator\" content=\"@casalinfants\" \/>\n<meta name=\"twitter:site\" content=\"@casalinfants\" \/>\n<meta name=\"twitter:label1\" content=\"Escrito por\" \/>\n\t<meta name=\"twitter:data1\" content=\"cdiAdmin\" \/>\n\t<meta name=\"twitter:label2\" content=\"Tiempo de lectura\" \/>\n\t<meta name=\"twitter:data2\" content=\"1 minuto\" \/>\n<script type=\"application\/ld+json\" class=\"yoast-schema-graph\">{\"@context\":\"https:\\\/\\\/schema.org\",\"@graph\":[{\"@type\":\"Article\",\"@id\":\"https:\\\/\\\/www.casaldelsinfants.org\\\/es\\\/actualidad\\\/el-casal-jove-de-badalona-apuesta-por-el-teatro-contra-el-acoso-machista\\\/#article\",\"isPartOf\":{\"@id\":\"https:\\\/\\\/www.casaldelsinfants.org\\\/es\\\/actualidad\\\/el-casal-jove-de-badalona-apuesta-por-el-teatro-contra-el-acoso-machista\\\/\"},\"author\":{\"name\":\"cdiAdmin\",\"@id\":\"https:\\\/\\\/www.casaldelsinfants.org\\\/es\\\/#\\\/schema\\\/person\\\/97707fc8c64900cf36891127dbf9fba8\"},\"headline\":\"El Casal Jove de Badalona apuesta por el teatro contra el acoso machista\",\"datePublished\":\"2019-04-26T08:18:14+00:00\",\"dateModified\":\"2023-05-01T15:56:25+00:00\",\"mainEntityOfPage\":{\"@id\":\"https:\\\/\\\/www.casaldelsinfants.org\\\/es\\\/actualidad\\\/el-casal-jove-de-badalona-apuesta-por-el-teatro-contra-el-acoso-machista\\\/\"},\"wordCount\":267,\"commentCount\":0,\"publisher\":{\"@id\":\"https:\\\/\\\/www.casaldelsinfants.org\\\/es\\\/#organization\"},\"image\":{\"@id\":\"https:\\\/\\\/www.casaldelsinfants.org\\\/es\\\/actualidad\\\/el-casal-jove-de-badalona-apuesta-por-el-teatro-contra-el-acoso-machista\\\/#primaryimage\"},\"thumbnailUrl\":\"https:\\\/\\\/www.casaldelsinfants.org\\\/wp-content\\\/uploads\\\/whatsapp_image_2019-04-05_at_20.11.04_0.jpeg\",\"articleSection\":[\"Noticia\"],\"inLanguage\":\"es\",\"potentialAction\":[{\"@type\":\"CommentAction\",\"name\":\"Comment\",\"target\":[\"https:\\\/\\\/www.casaldelsinfants.org\\\/es\\\/actualidad\\\/el-casal-jove-de-badalona-apuesta-por-el-teatro-contra-el-acoso-machista\\\/#respond\"]}]},{\"@type\":\"WebPage\",\"@id\":\"https:\\\/\\\/www.casaldelsinfants.org\\\/es\\\/actualidad\\\/el-casal-jove-de-badalona-apuesta-por-el-teatro-contra-el-acoso-machista\\\/\",\"url\":\"https:\\\/\\\/www.casaldelsinfants.org\\\/es\\\/actualidad\\\/el-casal-jove-de-badalona-apuesta-por-el-teatro-contra-el-acoso-machista\\\/\",\"name\":\"El Casal Jove de Badalona apuesta por el teatro contra el acoso machista - Casal dels Infants\",\"isPartOf\":{\"@id\":\"https:\\\/\\\/www.casaldelsinfants.org\\\/es\\\/#website\"},\"primaryImageOfPage\":{\"@id\":\"https:\\\/\\\/www.casaldelsinfants.org\\\/es\\\/actualidad\\\/el-casal-jove-de-badalona-apuesta-por-el-teatro-contra-el-acoso-machista\\\/#primaryimage\"},\"image\":{\"@id\":\"https:\\\/\\\/www.casaldelsinfants.org\\\/es\\\/actualidad\\\/el-casal-jove-de-badalona-apuesta-por-el-teatro-contra-el-acoso-machista\\\/#primaryimage\"},\"thumbnailUrl\":\"https:\\\/\\\/www.casaldelsinfants.org\\\/wp-content\\\/uploads\\\/whatsapp_image_2019-04-05_at_20.11.04_0.jpeg\",\"datePublished\":\"2019-04-26T08:18:14+00:00\",\"dateModified\":\"2023-05-01T15:56:25+00:00\",\"breadcrumb\":{\"@id\":\"https:\\\/\\\/www.casaldelsinfants.org\\\/es\\\/actualidad\\\/el-casal-jove-de-badalona-apuesta-por-el-teatro-contra-el-acoso-machista\\\/#breadcrumb\"},\"inLanguage\":\"es\",\"potentialAction\":[{\"@type\":\"ReadAction\",\"target\":[\"https:\\\/\\\/www.casaldelsinfants.org\\\/es\\\/actualidad\\\/el-casal-jove-de-badalona-apuesta-por-el-teatro-contra-el-acoso-machista\\\/\"]}]},{\"@type\":\"ImageObject\",\"inLanguage\":\"es\",\"@id\":\"https:\\\/\\\/www.casaldelsinfants.org\\\/es\\\/actualidad\\\/el-casal-jove-de-badalona-apuesta-por-el-teatro-contra-el-acoso-machista\\\/#primaryimage\",\"url\":\"https:\\\/\\\/www.casaldelsinfants.org\\\/wp-content\\\/uploads\\\/whatsapp_image_2019-04-05_at_20.11.04_0.jpeg\",\"contentUrl\":\"https:\\\/\\\/www.casaldelsinfants.org\\\/wp-content\\\/uploads\\\/whatsapp_image_2019-04-05_at_20.11.04_0.jpeg\",\"width\":1600,\"height\":1200,\"caption\":\"Escenari de l'obra de teatre contra l'assetjament masclista\"},{\"@type\":\"BreadcrumbList\",\"@id\":\"https:\\\/\\\/www.casaldelsinfants.org\\\/es\\\/actualidad\\\/el-casal-jove-de-badalona-apuesta-por-el-teatro-contra-el-acoso-machista\\\/#breadcrumb\",\"itemListElement\":[{\"@type\":\"ListItem\",\"position\":1,\"name\":\"Inici\",\"item\":\"https:\\\/\\\/www.casaldelsinfants.org\\\/es\\\/\"},{\"@type\":\"ListItem\",\"position\":2,\"name\":\"El Casal Jove de Badalona apuesta por el teatro contra el acoso machista\"}]},{\"@type\":\"WebSite\",\"@id\":\"https:\\\/\\\/www.casaldelsinfants.org\\\/es\\\/#website\",\"url\":\"https:\\\/\\\/www.casaldelsinfants.org\\\/es\\\/\",\"name\":\"Casal dels Infants\",\"description\":\"\",\"publisher\":{\"@id\":\"https:\\\/\\\/www.casaldelsinfants.org\\\/es\\\/#organization\"},\"potentialAction\":[{\"@type\":\"SearchAction\",\"target\":{\"@type\":\"EntryPoint\",\"urlTemplate\":\"https:\\\/\\\/www.casaldelsinfants.org\\\/es\\\/?s={search_term_string}\"},\"query-input\":{\"@type\":\"PropertyValueSpecification\",\"valueRequired\":true,\"valueName\":\"search_term_string\"}}],\"inLanguage\":\"es\"},{\"@type\":\"Organization\",\"@id\":\"https:\\\/\\\/www.casaldelsinfants.org\\\/es\\\/#organization\",\"name\":\"Casal dels Infants\",\"url\":\"https:\\\/\\\/www.casaldelsinfants.org\\\/es\\\/\",\"logo\":{\"@type\":\"ImageObject\",\"inLanguage\":\"es\",\"@id\":\"https:\\\/\\\/www.casaldelsinfants.org\\\/es\\\/#\\\/schema\\\/logo\\\/image\\\/\",\"url\":\"https:\\\/\\\/www.casaldelsinfants.org\\\/wp-content\\\/uploads\\\/logo-mail.png\",\"contentUrl\":\"https:\\\/\\\/www.casaldelsinfants.org\\\/wp-content\\\/uploads\\\/logo-mail.png\",\"width\":380,\"height\":158,\"caption\":\"Casal dels Infants\"},\"image\":{\"@id\":\"https:\\\/\\\/www.casaldelsinfants.org\\\/es\\\/#\\\/schema\\\/logo\\\/image\\\/\"},\"sameAs\":[\"https:\\\/\\\/www.facebook.com\\\/casalinfants\",\"https:\\\/\\\/x.com\\\/casalinfants\",\"https:\\\/\\\/www.youtube.com\\\/user\\\/CasaldelsInfants1\",\"https:\\\/\\\/www.instagram.com\\\/casalinfants\\\/\",\"https:\\\/\\\/www.linkedin.com\\\/company\\\/casaldelsinfants?trk=organization-update_share-update_actor-text\"]},{\"@type\":\"Person\",\"@id\":\"https:\\\/\\\/www.casaldelsinfants.org\\\/es\\\/#\\\/schema\\\/person\\\/97707fc8c64900cf36891127dbf9fba8\",\"name\":\"cdiAdmin\",\"sameAs\":[\"https:\\\/\\\/casaldelsinfants.org\"]}]}<\/script>\n<!-- \/ Yoast SEO plugin. -->","yoast_head_json":{"title":"El Casal Jove de Badalona apuesta por el teatro contra el acoso machista - Casal dels Infants","robots":{"index":"index","follow":"follow","max-snippet":"max-snippet:-1","max-image-preview":"max-image-preview:large","max-video-preview":"max-video-preview:-1"},"canonical":"https:\/\/www.casaldelsinfants.org\/es\/actualidad\/el-casal-jove-de-badalona-apuesta-por-el-teatro-contra-el-acoso-machista\/","og_locale":"es_ES","og_type":"article","og_title":"El Casal Jove de Badalona apuesta por el teatro contra el acoso machista - Casal dels Infants","og_description":"J\u00f3venes del Casal Jove de Badalona del Casal dels Infants est\u00e1n de estreno: acaban de presentar \u201cTampoco es para tando\u201d, una obra de teatro f\u00f3rum con perspectiva de g\u00e9nero que denuncia el acoso machista en el espacio p\u00fablico. El debut fue el viernes 5 de abril en el Institut Eugeni d&#8217;Ors, que se llen\u00f3 de [&hellip;]","og_url":"https:\/\/www.casaldelsinfants.org\/es\/actualidad\/el-casal-jove-de-badalona-apuesta-por-el-teatro-contra-el-acoso-machista\/","og_site_name":"Casal dels Infants","article_publisher":"https:\/\/www.facebook.com\/casalinfants","article_published_time":"2019-04-26T08:18:14+00:00","article_modified_time":"2023-05-01T15:56:25+00:00","og_image":[{"width":1600,"height":1200,"url":"https:\/\/www.casaldelsinfants.org\/wp-content\/uploads\/whatsapp_image_2019-04-05_at_20.11.04_0.jpeg","type":"image\/jpeg"}],"author":"cdiAdmin","twitter_card":"summary_large_image","twitter_creator":"@casalinfants","twitter_site":"@casalinfants","twitter_misc":{"Escrito por":"cdiAdmin","Tiempo de lectura":"1 minuto"},"schema":{"@context":"https:\/\/schema.org","@graph":[{"@type":"Article","@id":"https:\/\/www.casaldelsinfants.org\/es\/actualidad\/el-casal-jove-de-badalona-apuesta-por-el-teatro-contra-el-acoso-machista\/#article","isPartOf":{"@id":"https:\/\/www.casaldelsinfants.org\/es\/actualidad\/el-casal-jove-de-badalona-apuesta-por-el-teatro-contra-el-acoso-machista\/"},"author":{"name":"cdiAdmin","@id":"https:\/\/www.casaldelsinfants.org\/es\/#\/schema\/person\/97707fc8c64900cf36891127dbf9fba8"},"headline":"El Casal Jove de Badalona apuesta por el teatro contra el acoso machista","datePublished":"2019-04-26T08:18:14+00:00","dateModified":"2023-05-01T15:56:25+00:00","mainEntityOfPage":{"@id":"https:\/\/www.casaldelsinfants.org\/es\/actualidad\/el-casal-jove-de-badalona-apuesta-por-el-teatro-contra-el-acoso-machista\/"},"wordCount":267,"commentCount":0,"publisher":{"@id":"https:\/\/www.casaldelsinfants.org\/es\/#organization"},"image":{"@id":"https:\/\/www.casaldelsinfants.org\/es\/actualidad\/el-casal-jove-de-badalona-apuesta-por-el-teatro-contra-el-acoso-machista\/#primaryimage"},"thumbnailUrl":"https:\/\/www.casaldelsinfants.org\/wp-content\/uploads\/whatsapp_image_2019-04-05_at_20.11.04_0.jpeg","articleSection":["Noticia"],"inLanguage":"es","potentialAction":[{"@type":"CommentAction","name":"Comment","target":["https:\/\/www.casaldelsinfants.org\/es\/actualidad\/el-casal-jove-de-badalona-apuesta-por-el-teatro-contra-el-acoso-machista\/#respond"]}]},{"@type":"WebPage","@id":"https:\/\/www.casaldelsinfants.org\/es\/actualidad\/el-casal-jove-de-badalona-apuesta-por-el-teatro-contra-el-acoso-machista\/","url":"https:\/\/www.casaldelsinfants.org\/es\/actualidad\/el-casal-jove-de-badalona-apuesta-por-el-teatro-contra-el-acoso-machista\/","name":"El Casal Jove de Badalona apuesta por el teatro contra el acoso machista - Casal dels Infants","isPartOf":{"@id":"https:\/\/www.casaldelsinfants.org\/es\/#website"},"primaryImageOfPage":{"@id":"https:\/\/www.casaldelsinfants.org\/es\/actualidad\/el-casal-jove-de-badalona-apuesta-por-el-teatro-contra-el-acoso-machista\/#primaryimage"},"image":{"@id":"https:\/\/www.casaldelsinfants.org\/es\/actualidad\/el-casal-jove-de-badalona-apuesta-por-el-teatro-contra-el-acoso-machista\/#primaryimage"},"thumbnailUrl":"https:\/\/www.casaldelsinfants.org\/wp-content\/uploads\/whatsapp_image_2019-04-05_at_20.11.04_0.jpeg","datePublished":"2019-04-26T08:18:14+00:00","dateModified":"2023-05-01T15:56:25+00:00","breadcrumb":{"@id":"https:\/\/www.casaldelsinfants.org\/es\/actualidad\/el-casal-jove-de-badalona-apuesta-por-el-teatro-contra-el-acoso-machista\/#breadcrumb"},"inLanguage":"es","potentialAction":[{"@type":"ReadAction","target":["https:\/\/www.casaldelsinfants.org\/es\/actualidad\/el-casal-jove-de-badalona-apuesta-por-el-teatro-contra-el-acoso-machista\/"]}]},{"@type":"ImageObject","inLanguage":"es","@id":"https:\/\/www.casaldelsinfants.org\/es\/actualidad\/el-casal-jove-de-badalona-apuesta-por-el-teatro-contra-el-acoso-machista\/#primaryimage","url":"https:\/\/www.casaldelsinfants.org\/wp-content\/uploads\/whatsapp_image_2019-04-05_at_20.11.04_0.jpeg","contentUrl":"https:\/\/www.casaldelsinfants.org\/wp-content\/uploads\/whatsapp_image_2019-04-05_at_20.11.04_0.jpeg","width":1600,"height":1200,"caption":"Escenari de l'obra de teatre contra l'assetjament masclista"},{"@type":"BreadcrumbList","@id":"https:\/\/www.casaldelsinfants.org\/es\/actualidad\/el-casal-jove-de-badalona-apuesta-por-el-teatro-contra-el-acoso-machista\/#breadcrumb","itemListElement":[{"@type":"ListItem","position":1,"name":"Inici","item":"https:\/\/www.casaldelsinfants.org\/es\/"},{"@type":"ListItem","position":2,"name":"El Casal Jove de Badalona apuesta por el teatro contra el acoso machista"}]},{"@type":"WebSite","@id":"https:\/\/www.casaldelsinfants.org\/es\/#website","url":"https:\/\/www.casaldelsinfants.org\/es\/","name":"Casal dels Infants","description":"","publisher":{"@id":"https:\/\/www.casaldelsinfants.org\/es\/#organization"},"potentialAction":[{"@type":"SearchAction","target":{"@type":"EntryPoint","urlTemplate":"https:\/\/www.casaldelsinfants.org\/es\/?s={search_term_string}"},"query-input":{"@type":"PropertyValueSpecification","valueRequired":true,"valueName":"search_term_string"}}],"inLanguage":"es"},{"@type":"Organization","@id":"https:\/\/www.casaldelsinfants.org\/es\/#organization","name":"Casal dels Infants","url":"https:\/\/www.casaldelsinfants.org\/es\/","logo":{"@type":"ImageObject","inLanguage":"es","@id":"https:\/\/www.casaldelsinfants.org\/es\/#\/schema\/logo\/image\/","url":"https:\/\/www.casaldelsinfants.org\/wp-content\/uploads\/logo-mail.png","contentUrl":"https:\/\/www.casaldelsinfants.org\/wp-content\/uploads\/logo-mail.png","width":380,"height":158,"caption":"Casal dels Infants"},"image":{"@id":"https:\/\/www.casaldelsinfants.org\/es\/#\/schema\/logo\/image\/"},"sameAs":["https:\/\/www.facebook.com\/casalinfants","https:\/\/x.com\/casalinfants","https:\/\/www.youtube.com\/user\/CasaldelsInfants1","https:\/\/www.instagram.com\/casalinfants\/","https:\/\/www.linkedin.com\/company\/casaldelsinfants?trk=organization-update_share-update_actor-text"]},{"@type":"Person","@id":"https:\/\/www.casaldelsinfants.org\/es\/#\/schema\/person\/97707fc8c64900cf36891127dbf9fba8","name":"cdiAdmin","sameAs":["https:\/\/casaldelsinfants.org"]}]}},"publishpress_future_action":{"enabled":false,"date":"2026-05-07 00:48:01","action":"change-status","newStatus":"draft","terms":[],"taxonomy":"category","extraData":[]},"publishpress_future_workflow_manual_trigger":{"enabledWorkflows":[]},"_links":{"self":[{"href":"https:\/\/www.casaldelsinfants.org\/es\/wp-json\/wp\/v2\/posts\/4437","targetHints":{"allow":["GET"]}}],"collection":[{"href":"https:\/\/www.casaldelsinfants.org\/es\/wp-json\/wp\/v2\/posts"}],"about":[{"href":"https:\/\/www.casaldelsinfants.org\/es\/wp-json\/wp\/v2\/types\/post"}],"author":[{"embeddable":true,"href":"https:\/\/www.casaldelsinfants.org\/es\/wp-json\/wp\/v2\/users\/1"}],"replies":[{"embeddable":true,"href":"https:\/\/www.casaldelsinfants.org\/es\/wp-json\/wp\/v2\/comments?post=4437"}],"version-history":[{"count":1,"href":"https:\/\/www.casaldelsinfants.org\/es\/wp-json\/wp\/v2\/posts\/4437\/revisions"}],"predecessor-version":[{"id":6379,"href":"https:\/\/www.casaldelsinfants.org\/es\/wp-json\/wp\/v2\/posts\/4437\/revisions\/6379"}],"wp:featuredmedia":[{"embeddable":true,"href":"https:\/\/www.casaldelsinfants.org\/es\/wp-json\/wp\/v2\/media\/3375"}],"wp:attachment":[{"href":"https:\/\/www.casaldelsinfants.org\/es\/wp-json\/wp\/v2\/media?parent=4437"}],"wp:term":[{"taxonomy":"category","embeddable":true,"href":"https:\/\/www.casaldelsinfants.org\/es\/wp-json\/wp\/v2\/categories?post=4437"},{"taxonomy":"post_tag","embeddable":true,"href":"https:\/\/www.casaldelsinfants.org\/es\/wp-json\/wp\/v2\/tags?post=4437"},{"taxonomy":"seus","embeddable":true,"href":"https:\/\/www.casaldelsinfants.org\/es\/wp-json\/wp\/v2\/seus?post=4437"},{"taxonomy":"eixos","embeddable":true,"href":"https:\/\/www.casaldelsinfants.org\/es\/wp-json\/wp\/v2\/eixos?post=4437"}],"curies":[{"name":"wp","href":"https:\/\/api.w.org\/{rel}","templated":true}]}}