{"id":4438,"date":"2019-04-26T09:39:59","date_gmt":"2019-04-26T07:39:59","guid":{"rendered":"https:\/\/casal.puntzero.cat\/noticies\/dues-alumnes-deso-del-raval-estudiaran-un-trimestre-lestranger-gracies-lacord-entre-afs\/"},"modified":"2023-05-01T17:56:32","modified_gmt":"2023-05-01T15:56:32","slug":"dues-alumnes-deso-del-raval-estudiaran-un-trimestre-lestranger-gracies-lacord-entre-afs","status":"publish","type":"post","link":"https:\/\/www.casaldelsinfants.org\/es\/actualidad\/dos-alumnas-de-eso-del-raval-estudiaran-un-trimestre-en-el-extranjero-gracias-un-acuerdo\/","title":{"rendered":"Dos alumnas de ESO del Raval estudiar\u00e1n un trimestre en el extranjero  gracias a un acuerdo entre ADS Intercultura y el Casal dels Infants"},"content":{"rendered":"<p><span style=\"color:#000000;\">Dos alumnas de 3\u00ba\u00a0de ESO del Institut Miquel Tarradell del barrio del Raval de Barcelona estudiar\u00e1n el primer trimestre del pr\u00f3ximo curso en el extranjero. Son Dipti y Marita Jhones, que vivir\u00e1n esta experiencia en Italia y Portugal, respectivamente, gracias a una beca completa de estudios otorgada por la organizaci\u00f3n educativa internacional sin \u00e1nimo de lucro AFS Intercultura.<\/span><\/p>\n<p><span style=\"color:#000000;\">Esta beca es el resultado del acuerdo firmado entre AFS Intercultural y el Casal dels Infants, con el objetivo de ofrecer una oportunidad educativa y de aprendizaje intercultural a j\u00f3venes que viven en barrios con situaciones de vulnerabilidad social. Las dos estudiantes, elegidas en un proceso de selecci\u00f3n en el que AFS ha valorado su rendimiento acad\u00e9mico y su motivaci\u00f3n para aprender y conocer otras culturas, recibieron este mi\u00e9rcoles mi\u00e9rcoles 24 de abril el certificado de la concesi\u00f3n de la beca en el Casal dels Infants. Las acompa\u00f1aron representantes y personas voluntarias de AFS Intercultural, as\u00ed como parte del equipo del Institut Miquel Tarradell y el Casal dels Infants.<\/span><\/p>\n<p><span style=\"color:#000000;\">Durante su estancia en el extranjero, Dipti y Marita Jhones vivir\u00e1n con una familia anfitriona voluntaria y se relacionar\u00e1n con otros estudiantes de todo el mundo becados por AFS Intercultura, con quienes se comunicar\u00e1n en ingl\u00e9s. Adem\u00e1s, AFS Intercultura cuenta con una red de personas voluntarias que, entre otras tareas, proporciona asistencia a los estudiantes y a las familias ante cualquier necesidad durante su participaci\u00f3n en el programa. Las personas voluntarias de AFS Catalunya han sido precisamente las que han hecho posible la colaboraci\u00f3n con el Casal dels Infants para poder ofrecer la beca a alumnos del Raval.<\/span><\/p>\n<p><span style=\"color:#000000;\">\u201cEn AFS apostamos por el entendimiento entre personas de distintas culturas, or\u00edgenes, idiomas\u2026 Por esta raz\u00f3n, nos esforzamos para hacer llegar nuestras oportunidades a cualquier joven, independientemente de su situaci\u00f3n socioecon\u00f3mica\u201d, afirmaba Sandra Lois, directora de la organizaci\u00f3n. La directora del Casal dels Infants en el barrio del Raval, Maria Jos\u00e9 Garc\u00eda, anim\u00f3 a las dos j\u00f3venes a disfrutar\u00a0de la experiencia y aprovecharla, agradeciendo el trabajo de AFS Intercultural: \u201cEs una oportuniad \u00fanica que seguro que marcar\u00e1 la vida de Dipti y Marita Jhones, una acci\u00f3n concreta y tangible para que cualquier joven, sea cual sea su situaci\u00f3n, pueda reforzar su autonom\u00eda, conocer una nueva cultura y hacer nuevas amistades\u201d.<\/span><\/p>\n<p><span style=\"color:#000000;\">La coordinadora pedag\u00f3gica del Institut Miquel Tarradell, N\u00faria Barrufet, y el jefe de estudios del centro, Francesc Royuela, tambi\u00e9n quisieron dar las gracias a AFS y destacaron que la beca es \u201cun reconocimiento a la actitud participativa y al esfuerzo en los estudios\u201d de las dos estudiantes. Tanto desde el Instituto como desde el Casal dels Infants se insisti\u00f3 en la importancia de que ambas estudiantes, al volver, compartan lo que hayan aprendido y animen a otros alumnos y familias del Raval a pedir la beca y vivir esta experiencia. <\/span><\/p>\n","protected":false},"excerpt":{"rendered":"<p>Dos alumnas de 3\u00ba\u00a0de ESO del Institut Miquel Tarradell del barrio del Raval de Barcelona estudiar\u00e1n el primer trimestre del pr\u00f3ximo curso en el extranjero. Son Dipti y Marita Jhones, que vivir\u00e1n esta experiencia en Italia y Portugal, respectivamente, gracias a una beca completa de estudios otorgada por la organizaci\u00f3n educativa internacional sin \u00e1nimo de [&hellip;]<\/p>\n","protected":false},"author":1,"featured_media":3378,"comment_status":"open","ping_status":"open","sticky":false,"template":"","format":"standard","meta":{"_acf_changed":false,"_et_pb_use_builder":"","_et_pb_old_content":"","_et_gb_content_width":"","inline_featured_image":false,"footnotes":""},"categories":[125],"tags":[],"seus":[16],"eixos":[99],"class_list":["post-4438","post","type-post","status-publish","format-standard","has-post-thumbnail","hentry","category-noticias","seus-el-raval","eixos-infancia-y-adolescencia"],"acf":[],"yoast_head":"<!-- This site is optimized with the Yoast SEO plugin v27.4 - https:\/\/yoast.com\/product\/yoast-seo-wordpress\/ -->\n<title>Dos alumnas de ESO del Raval estudiar\u00e1n un trimestre en el extranjero gracias a un acuerdo entre ADS Intercultura y el Casal dels Infants - Casal dels Infants<\/title>\n<meta name=\"robots\" content=\"index, follow, max-snippet:-1, max-image-preview:large, max-video-preview:-1\" \/>\n<link rel=\"canonical\" href=\"https:\/\/www.casaldelsinfants.org\/es\/actualidad\/dos-alumnas-de-eso-del-raval-estudiaran-un-trimestre-en-el-extranjero-gracias-un-acuerdo\/\" \/>\n<meta property=\"og:locale\" content=\"es_ES\" \/>\n<meta property=\"og:type\" content=\"article\" \/>\n<meta property=\"og:title\" content=\"Dos alumnas de ESO del Raval estudiar\u00e1n un trimestre en el extranjero gracias a un acuerdo entre ADS Intercultura y el Casal dels Infants - Casal dels Infants\" \/>\n<meta property=\"og:description\" content=\"Dos alumnas de 3\u00ba\u00a0de ESO del Institut Miquel Tarradell del barrio del Raval de Barcelona estudiar\u00e1n el primer trimestre del pr\u00f3ximo curso en el extranjero. Son Dipti y Marita Jhones, que vivir\u00e1n esta experiencia en Italia y Portugal, respectivamente, gracias a una beca completa de estudios otorgada por la organizaci\u00f3n educativa internacional sin \u00e1nimo de [&hellip;]\" \/>\n<meta property=\"og:url\" content=\"https:\/\/www.casaldelsinfants.org\/es\/actualidad\/dos-alumnas-de-eso-del-raval-estudiaran-un-trimestre-en-el-extranjero-gracias-un-acuerdo\/\" \/>\n<meta property=\"og:site_name\" content=\"Casal dels Infants\" \/>\n<meta property=\"article:publisher\" content=\"https:\/\/www.facebook.com\/casalinfants\" \/>\n<meta property=\"article:published_time\" content=\"2019-04-26T07:39:59+00:00\" \/>\n<meta property=\"article:modified_time\" content=\"2023-05-01T15:56:32+00:00\" \/>\n<meta property=\"og:image\" content=\"https:\/\/www.casaldelsinfants.org\/wp-content\/uploads\/dipti_i_maria_jhones_afs.jpg\" \/>\n\t<meta property=\"og:image:width\" content=\"1599\" \/>\n\t<meta property=\"og:image:height\" content=\"1200\" \/>\n\t<meta property=\"og:image:type\" content=\"image\/jpeg\" \/>\n<meta name=\"author\" content=\"cdiAdmin\" \/>\n<meta name=\"twitter:card\" content=\"summary_large_image\" \/>\n<meta name=\"twitter:creator\" content=\"@casalinfants\" \/>\n<meta name=\"twitter:site\" content=\"@casalinfants\" \/>\n<meta name=\"twitter:label1\" content=\"Escrito por\" \/>\n\t<meta name=\"twitter:data1\" content=\"cdiAdmin\" \/>\n\t<meta name=\"twitter:label2\" content=\"Tiempo de lectura\" \/>\n\t<meta name=\"twitter:data2\" content=\"2 minutos\" \/>\n<script type=\"application\/ld+json\" class=\"yoast-schema-graph\">{\"@context\":\"https:\\\/\\\/schema.org\",\"@graph\":[{\"@type\":\"Article\",\"@id\":\"https:\\\/\\\/www.casaldelsinfants.org\\\/es\\\/actualidad\\\/dos-alumnas-de-eso-del-raval-estudiaran-un-trimestre-en-el-extranjero-gracias-un-acuerdo\\\/#article\",\"isPartOf\":{\"@id\":\"https:\\\/\\\/www.casaldelsinfants.org\\\/es\\\/actualidad\\\/dos-alumnas-de-eso-del-raval-estudiaran-un-trimestre-en-el-extranjero-gracias-un-acuerdo\\\/\"},\"author\":{\"name\":\"cdiAdmin\",\"@id\":\"https:\\\/\\\/www.casaldelsinfants.org\\\/es\\\/#\\\/schema\\\/person\\\/97707fc8c64900cf36891127dbf9fba8\"},\"headline\":\"Dos alumnas de ESO del Raval estudiar\u00e1n un trimestre en el extranjero gracias a un acuerdo entre ADS Intercultura y el Casal dels Infants\",\"datePublished\":\"2019-04-26T07:39:59+00:00\",\"dateModified\":\"2023-05-01T15:56:32+00:00\",\"mainEntityOfPage\":{\"@id\":\"https:\\\/\\\/www.casaldelsinfants.org\\\/es\\\/actualidad\\\/dos-alumnas-de-eso-del-raval-estudiaran-un-trimestre-en-el-extranjero-gracias-un-acuerdo\\\/\"},\"wordCount\":522,\"commentCount\":0,\"publisher\":{\"@id\":\"https:\\\/\\\/www.casaldelsinfants.org\\\/es\\\/#organization\"},\"image\":{\"@id\":\"https:\\\/\\\/www.casaldelsinfants.org\\\/es\\\/actualidad\\\/dos-alumnas-de-eso-del-raval-estudiaran-un-trimestre-en-el-extranjero-gracias-un-acuerdo\\\/#primaryimage\"},\"thumbnailUrl\":\"https:\\\/\\\/www.casaldelsinfants.org\\\/wp-content\\\/uploads\\\/dipti_i_maria_jhones_afs.jpg\",\"articleSection\":[\"Noticia\"],\"inLanguage\":\"es\",\"potentialAction\":[{\"@type\":\"CommentAction\",\"name\":\"Comment\",\"target\":[\"https:\\\/\\\/www.casaldelsinfants.org\\\/es\\\/actualidad\\\/dos-alumnas-de-eso-del-raval-estudiaran-un-trimestre-en-el-extranjero-gracias-un-acuerdo\\\/#respond\"]}]},{\"@type\":\"WebPage\",\"@id\":\"https:\\\/\\\/www.casaldelsinfants.org\\\/es\\\/actualidad\\\/dos-alumnas-de-eso-del-raval-estudiaran-un-trimestre-en-el-extranjero-gracias-un-acuerdo\\\/\",\"url\":\"https:\\\/\\\/www.casaldelsinfants.org\\\/es\\\/actualidad\\\/dos-alumnas-de-eso-del-raval-estudiaran-un-trimestre-en-el-extranjero-gracias-un-acuerdo\\\/\",\"name\":\"Dos alumnas de ESO del Raval estudiar\u00e1n un trimestre en el extranjero gracias a un acuerdo entre ADS Intercultura y el Casal dels Infants - Casal dels Infants\",\"isPartOf\":{\"@id\":\"https:\\\/\\\/www.casaldelsinfants.org\\\/es\\\/#website\"},\"primaryImageOfPage\":{\"@id\":\"https:\\\/\\\/www.casaldelsinfants.org\\\/es\\\/actualidad\\\/dos-alumnas-de-eso-del-raval-estudiaran-un-trimestre-en-el-extranjero-gracias-un-acuerdo\\\/#primaryimage\"},\"image\":{\"@id\":\"https:\\\/\\\/www.casaldelsinfants.org\\\/es\\\/actualidad\\\/dos-alumnas-de-eso-del-raval-estudiaran-un-trimestre-en-el-extranjero-gracias-un-acuerdo\\\/#primaryimage\"},\"thumbnailUrl\":\"https:\\\/\\\/www.casaldelsinfants.org\\\/wp-content\\\/uploads\\\/dipti_i_maria_jhones_afs.jpg\",\"datePublished\":\"2019-04-26T07:39:59+00:00\",\"dateModified\":\"2023-05-01T15:56:32+00:00\",\"breadcrumb\":{\"@id\":\"https:\\\/\\\/www.casaldelsinfants.org\\\/es\\\/actualidad\\\/dos-alumnas-de-eso-del-raval-estudiaran-un-trimestre-en-el-extranjero-gracias-un-acuerdo\\\/#breadcrumb\"},\"inLanguage\":\"es\",\"potentialAction\":[{\"@type\":\"ReadAction\",\"target\":[\"https:\\\/\\\/www.casaldelsinfants.org\\\/es\\\/actualidad\\\/dos-alumnas-de-eso-del-raval-estudiaran-un-trimestre-en-el-extranjero-gracias-un-acuerdo\\\/\"]}]},{\"@type\":\"ImageObject\",\"inLanguage\":\"es\",\"@id\":\"https:\\\/\\\/www.casaldelsinfants.org\\\/es\\\/actualidad\\\/dos-alumnas-de-eso-del-raval-estudiaran-un-trimestre-en-el-extranjero-gracias-un-acuerdo\\\/#primaryimage\",\"url\":\"https:\\\/\\\/www.casaldelsinfants.org\\\/wp-content\\\/uploads\\\/dipti_i_maria_jhones_afs.jpg\",\"contentUrl\":\"https:\\\/\\\/www.casaldelsinfants.org\\\/wp-content\\\/uploads\\\/dipti_i_maria_jhones_afs.jpg\",\"width\":1599,\"height\":1200,\"caption\":\"Dues alumnes d'ESO del Raval amb un diploma\"},{\"@type\":\"BreadcrumbList\",\"@id\":\"https:\\\/\\\/www.casaldelsinfants.org\\\/es\\\/actualidad\\\/dos-alumnas-de-eso-del-raval-estudiaran-un-trimestre-en-el-extranjero-gracias-un-acuerdo\\\/#breadcrumb\",\"itemListElement\":[{\"@type\":\"ListItem\",\"position\":1,\"name\":\"Inici\",\"item\":\"https:\\\/\\\/www.casaldelsinfants.org\\\/es\\\/\"},{\"@type\":\"ListItem\",\"position\":2,\"name\":\"Dos alumnas de ESO del Raval estudiar\u00e1n un trimestre en el extranjero gracias a un acuerdo entre ADS Intercultura y el Casal dels Infants\"}]},{\"@type\":\"WebSite\",\"@id\":\"https:\\\/\\\/www.casaldelsinfants.org\\\/es\\\/#website\",\"url\":\"https:\\\/\\\/www.casaldelsinfants.org\\\/es\\\/\",\"name\":\"Casal dels Infants\",\"description\":\"\",\"publisher\":{\"@id\":\"https:\\\/\\\/www.casaldelsinfants.org\\\/es\\\/#organization\"},\"potentialAction\":[{\"@type\":\"SearchAction\",\"target\":{\"@type\":\"EntryPoint\",\"urlTemplate\":\"https:\\\/\\\/www.casaldelsinfants.org\\\/es\\\/?s={search_term_string}\"},\"query-input\":{\"@type\":\"PropertyValueSpecification\",\"valueRequired\":true,\"valueName\":\"search_term_string\"}}],\"inLanguage\":\"es\"},{\"@type\":\"Organization\",\"@id\":\"https:\\\/\\\/www.casaldelsinfants.org\\\/es\\\/#organization\",\"name\":\"Casal dels Infants\",\"url\":\"https:\\\/\\\/www.casaldelsinfants.org\\\/es\\\/\",\"logo\":{\"@type\":\"ImageObject\",\"inLanguage\":\"es\",\"@id\":\"https:\\\/\\\/www.casaldelsinfants.org\\\/es\\\/#\\\/schema\\\/logo\\\/image\\\/\",\"url\":\"https:\\\/\\\/www.casaldelsinfants.org\\\/wp-content\\\/uploads\\\/logo-mail.png\",\"contentUrl\":\"https:\\\/\\\/www.casaldelsinfants.org\\\/wp-content\\\/uploads\\\/logo-mail.png\",\"width\":380,\"height\":158,\"caption\":\"Casal dels Infants\"},\"image\":{\"@id\":\"https:\\\/\\\/www.casaldelsinfants.org\\\/es\\\/#\\\/schema\\\/logo\\\/image\\\/\"},\"sameAs\":[\"https:\\\/\\\/www.facebook.com\\\/casalinfants\",\"https:\\\/\\\/x.com\\\/casalinfants\",\"https:\\\/\\\/www.youtube.com\\\/user\\\/CasaldelsInfants1\",\"https:\\\/\\\/www.instagram.com\\\/casalinfants\\\/\",\"https:\\\/\\\/www.linkedin.com\\\/company\\\/casaldelsinfants?trk=organization-update_share-update_actor-text\"]},{\"@type\":\"Person\",\"@id\":\"https:\\\/\\\/www.casaldelsinfants.org\\\/es\\\/#\\\/schema\\\/person\\\/97707fc8c64900cf36891127dbf9fba8\",\"name\":\"cdiAdmin\",\"sameAs\":[\"https:\\\/\\\/casaldelsinfants.org\"]}]}<\/script>\n<!-- \/ Yoast SEO plugin. -->","yoast_head_json":{"title":"Dos alumnas de ESO del Raval estudiar\u00e1n un trimestre en el extranjero gracias a un acuerdo entre ADS Intercultura y el Casal dels Infants - Casal dels Infants","robots":{"index":"index","follow":"follow","max-snippet":"max-snippet:-1","max-image-preview":"max-image-preview:large","max-video-preview":"max-video-preview:-1"},"canonical":"https:\/\/www.casaldelsinfants.org\/es\/actualidad\/dos-alumnas-de-eso-del-raval-estudiaran-un-trimestre-en-el-extranjero-gracias-un-acuerdo\/","og_locale":"es_ES","og_type":"article","og_title":"Dos alumnas de ESO del Raval estudiar\u00e1n un trimestre en el extranjero gracias a un acuerdo entre ADS Intercultura y el Casal dels Infants - Casal dels Infants","og_description":"Dos alumnas de 3\u00ba\u00a0de ESO del Institut Miquel Tarradell del barrio del Raval de Barcelona estudiar\u00e1n el primer trimestre del pr\u00f3ximo curso en el extranjero. Son Dipti y Marita Jhones, que vivir\u00e1n esta experiencia en Italia y Portugal, respectivamente, gracias a una beca completa de estudios otorgada por la organizaci\u00f3n educativa internacional sin \u00e1nimo de [&hellip;]","og_url":"https:\/\/www.casaldelsinfants.org\/es\/actualidad\/dos-alumnas-de-eso-del-raval-estudiaran-un-trimestre-en-el-extranjero-gracias-un-acuerdo\/","og_site_name":"Casal dels Infants","article_publisher":"https:\/\/www.facebook.com\/casalinfants","article_published_time":"2019-04-26T07:39:59+00:00","article_modified_time":"2023-05-01T15:56:32+00:00","og_image":[{"width":1599,"height":1200,"url":"https:\/\/www.casaldelsinfants.org\/wp-content\/uploads\/dipti_i_maria_jhones_afs.jpg","type":"image\/jpeg"}],"author":"cdiAdmin","twitter_card":"summary_large_image","twitter_creator":"@casalinfants","twitter_site":"@casalinfants","twitter_misc":{"Escrito por":"cdiAdmin","Tiempo de lectura":"2 minutos"},"schema":{"@context":"https:\/\/schema.org","@graph":[{"@type":"Article","@id":"https:\/\/www.casaldelsinfants.org\/es\/actualidad\/dos-alumnas-de-eso-del-raval-estudiaran-un-trimestre-en-el-extranjero-gracias-un-acuerdo\/#article","isPartOf":{"@id":"https:\/\/www.casaldelsinfants.org\/es\/actualidad\/dos-alumnas-de-eso-del-raval-estudiaran-un-trimestre-en-el-extranjero-gracias-un-acuerdo\/"},"author":{"name":"cdiAdmin","@id":"https:\/\/www.casaldelsinfants.org\/es\/#\/schema\/person\/97707fc8c64900cf36891127dbf9fba8"},"headline":"Dos alumnas de ESO del Raval estudiar\u00e1n un trimestre en el extranjero gracias a un acuerdo entre ADS Intercultura y el Casal dels Infants","datePublished":"2019-04-26T07:39:59+00:00","dateModified":"2023-05-01T15:56:32+00:00","mainEntityOfPage":{"@id":"https:\/\/www.casaldelsinfants.org\/es\/actualidad\/dos-alumnas-de-eso-del-raval-estudiaran-un-trimestre-en-el-extranjero-gracias-un-acuerdo\/"},"wordCount":522,"commentCount":0,"publisher":{"@id":"https:\/\/www.casaldelsinfants.org\/es\/#organization"},"image":{"@id":"https:\/\/www.casaldelsinfants.org\/es\/actualidad\/dos-alumnas-de-eso-del-raval-estudiaran-un-trimestre-en-el-extranjero-gracias-un-acuerdo\/#primaryimage"},"thumbnailUrl":"https:\/\/www.casaldelsinfants.org\/wp-content\/uploads\/dipti_i_maria_jhones_afs.jpg","articleSection":["Noticia"],"inLanguage":"es","potentialAction":[{"@type":"CommentAction","name":"Comment","target":["https:\/\/www.casaldelsinfants.org\/es\/actualidad\/dos-alumnas-de-eso-del-raval-estudiaran-un-trimestre-en-el-extranjero-gracias-un-acuerdo\/#respond"]}]},{"@type":"WebPage","@id":"https:\/\/www.casaldelsinfants.org\/es\/actualidad\/dos-alumnas-de-eso-del-raval-estudiaran-un-trimestre-en-el-extranjero-gracias-un-acuerdo\/","url":"https:\/\/www.casaldelsinfants.org\/es\/actualidad\/dos-alumnas-de-eso-del-raval-estudiaran-un-trimestre-en-el-extranjero-gracias-un-acuerdo\/","name":"Dos alumnas de ESO del Raval estudiar\u00e1n un trimestre en el extranjero gracias a un acuerdo entre ADS Intercultura y el Casal dels Infants - Casal dels Infants","isPartOf":{"@id":"https:\/\/www.casaldelsinfants.org\/es\/#website"},"primaryImageOfPage":{"@id":"https:\/\/www.casaldelsinfants.org\/es\/actualidad\/dos-alumnas-de-eso-del-raval-estudiaran-un-trimestre-en-el-extranjero-gracias-un-acuerdo\/#primaryimage"},"image":{"@id":"https:\/\/www.casaldelsinfants.org\/es\/actualidad\/dos-alumnas-de-eso-del-raval-estudiaran-un-trimestre-en-el-extranjero-gracias-un-acuerdo\/#primaryimage"},"thumbnailUrl":"https:\/\/www.casaldelsinfants.org\/wp-content\/uploads\/dipti_i_maria_jhones_afs.jpg","datePublished":"2019-04-26T07:39:59+00:00","dateModified":"2023-05-01T15:56:32+00:00","breadcrumb":{"@id":"https:\/\/www.casaldelsinfants.org\/es\/actualidad\/dos-alumnas-de-eso-del-raval-estudiaran-un-trimestre-en-el-extranjero-gracias-un-acuerdo\/#breadcrumb"},"inLanguage":"es","potentialAction":[{"@type":"ReadAction","target":["https:\/\/www.casaldelsinfants.org\/es\/actualidad\/dos-alumnas-de-eso-del-raval-estudiaran-un-trimestre-en-el-extranjero-gracias-un-acuerdo\/"]}]},{"@type":"ImageObject","inLanguage":"es","@id":"https:\/\/www.casaldelsinfants.org\/es\/actualidad\/dos-alumnas-de-eso-del-raval-estudiaran-un-trimestre-en-el-extranjero-gracias-un-acuerdo\/#primaryimage","url":"https:\/\/www.casaldelsinfants.org\/wp-content\/uploads\/dipti_i_maria_jhones_afs.jpg","contentUrl":"https:\/\/www.casaldelsinfants.org\/wp-content\/uploads\/dipti_i_maria_jhones_afs.jpg","width":1599,"height":1200,"caption":"Dues alumnes d'ESO del Raval amb un diploma"},{"@type":"BreadcrumbList","@id":"https:\/\/www.casaldelsinfants.org\/es\/actualidad\/dos-alumnas-de-eso-del-raval-estudiaran-un-trimestre-en-el-extranjero-gracias-un-acuerdo\/#breadcrumb","itemListElement":[{"@type":"ListItem","position":1,"name":"Inici","item":"https:\/\/www.casaldelsinfants.org\/es\/"},{"@type":"ListItem","position":2,"name":"Dos alumnas de ESO del Raval estudiar\u00e1n un trimestre en el extranjero gracias a un acuerdo entre ADS Intercultura y el Casal dels Infants"}]},{"@type":"WebSite","@id":"https:\/\/www.casaldelsinfants.org\/es\/#website","url":"https:\/\/www.casaldelsinfants.org\/es\/","name":"Casal dels Infants","description":"","publisher":{"@id":"https:\/\/www.casaldelsinfants.org\/es\/#organization"},"potentialAction":[{"@type":"SearchAction","target":{"@type":"EntryPoint","urlTemplate":"https:\/\/www.casaldelsinfants.org\/es\/?s={search_term_string}"},"query-input":{"@type":"PropertyValueSpecification","valueRequired":true,"valueName":"search_term_string"}}],"inLanguage":"es"},{"@type":"Organization","@id":"https:\/\/www.casaldelsinfants.org\/es\/#organization","name":"Casal dels Infants","url":"https:\/\/www.casaldelsinfants.org\/es\/","logo":{"@type":"ImageObject","inLanguage":"es","@id":"https:\/\/www.casaldelsinfants.org\/es\/#\/schema\/logo\/image\/","url":"https:\/\/www.casaldelsinfants.org\/wp-content\/uploads\/logo-mail.png","contentUrl":"https:\/\/www.casaldelsinfants.org\/wp-content\/uploads\/logo-mail.png","width":380,"height":158,"caption":"Casal dels Infants"},"image":{"@id":"https:\/\/www.casaldelsinfants.org\/es\/#\/schema\/logo\/image\/"},"sameAs":["https:\/\/www.facebook.com\/casalinfants","https:\/\/x.com\/casalinfants","https:\/\/www.youtube.com\/user\/CasaldelsInfants1","https:\/\/www.instagram.com\/casalinfants\/","https:\/\/www.linkedin.com\/company\/casaldelsinfants?trk=organization-update_share-update_actor-text"]},{"@type":"Person","@id":"https:\/\/www.casaldelsinfants.org\/es\/#\/schema\/person\/97707fc8c64900cf36891127dbf9fba8","name":"cdiAdmin","sameAs":["https:\/\/casaldelsinfants.org"]}]}},"publishpress_future_action":{"enabled":false,"date":"2026-05-09 10:19:23","action":"change-status","newStatus":"draft","terms":[],"taxonomy":"category","extraData":[]},"publishpress_future_workflow_manual_trigger":{"enabledWorkflows":[]},"_links":{"self":[{"href":"https:\/\/www.casaldelsinfants.org\/es\/wp-json\/wp\/v2\/posts\/4438","targetHints":{"allow":["GET"]}}],"collection":[{"href":"https:\/\/www.casaldelsinfants.org\/es\/wp-json\/wp\/v2\/posts"}],"about":[{"href":"https:\/\/www.casaldelsinfants.org\/es\/wp-json\/wp\/v2\/types\/post"}],"author":[{"embeddable":true,"href":"https:\/\/www.casaldelsinfants.org\/es\/wp-json\/wp\/v2\/users\/1"}],"replies":[{"embeddable":true,"href":"https:\/\/www.casaldelsinfants.org\/es\/wp-json\/wp\/v2\/comments?post=4438"}],"version-history":[{"count":1,"href":"https:\/\/www.casaldelsinfants.org\/es\/wp-json\/wp\/v2\/posts\/4438\/revisions"}],"predecessor-version":[{"id":6380,"href":"https:\/\/www.casaldelsinfants.org\/es\/wp-json\/wp\/v2\/posts\/4438\/revisions\/6380"}],"wp:featuredmedia":[{"embeddable":true,"href":"https:\/\/www.casaldelsinfants.org\/es\/wp-json\/wp\/v2\/media\/3378"}],"wp:attachment":[{"href":"https:\/\/www.casaldelsinfants.org\/es\/wp-json\/wp\/v2\/media?parent=4438"}],"wp:term":[{"taxonomy":"category","embeddable":true,"href":"https:\/\/www.casaldelsinfants.org\/es\/wp-json\/wp\/v2\/categories?post=4438"},{"taxonomy":"post_tag","embeddable":true,"href":"https:\/\/www.casaldelsinfants.org\/es\/wp-json\/wp\/v2\/tags?post=4438"},{"taxonomy":"seus","embeddable":true,"href":"https:\/\/www.casaldelsinfants.org\/es\/wp-json\/wp\/v2\/seus?post=4438"},{"taxonomy":"eixos","embeddable":true,"href":"https:\/\/www.casaldelsinfants.org\/es\/wp-json\/wp\/v2\/eixos?post=4438"}],"curies":[{"name":"wp","href":"https:\/\/api.w.org\/{rel}","templated":true}]}}