{"id":4439,"date":"2019-04-01T16:07:41","date_gmt":"2019-04-01T14:07:41","guid":{"rendered":"https:\/\/casal.puntzero.cat\/noticies\/aquest-sant-jordi-la-teva-rosa-el-seu-escut\/"},"modified":"2023-05-01T17:56:40","modified_gmt":"2023-05-01T15:56:40","slug":"aquest-sant-jordi-la-teva-rosa-el-seu-escut","status":"publish","type":"post","link":"https:\/\/www.casaldelsinfants.org\/es\/actualidad\/este-sant-jordi-tu-rosa-su-escudo\/","title":{"rendered":"Este Sant Jordi: tu rosa, su escudo"},"content":{"rendered":"<p><span style=\"color:#000000;\">Se acerca Sant Jordi y este a\u00f1o queremos que celebr\u00e9is la diada a nuestro lado. Porque en el Casal dels Infants tenemos el convencimiento de que la educaci\u00f3n puede transformar la realidad de muchos ni\u00f1os y ni\u00f1as. En otras palabras: ante cualquier drag\u00f3n, tenga la forma que tenga \u2014se la de la desigualdad, la de la pobreza o la exclusi\u00f3n\u2014 la educaci\u00f3n es siempre el mejor escudo. Por eso acompa\u00f1amos cada a\u00f1o a m\u00e1s de 7.000 ni\u00f1os, ni\u00f1as, j\u00f3venes y familias mediante actividades educativas y de ocio.<\/span><\/p>\n<p><span style=\"color:#000000;\">\u00bfC\u00f3mo puedes colaborar con el Casal dels Infants este Sant Jordi?<\/span><\/p>\n<p>\u00a0<\/p>\n<p><span style=\"color:#000000;\"><u><span style=\"font-size:20px;\"><span style=\"background-color:#ffffff;\">Si formas parte de una empresa:<\/span><\/span><\/u><\/span><\/p>\n<p><strong><span style=\"font-size:18px;\"><span style=\"color:#000000;\">&#8211; Regalad rosas solidarias a vuestro equipo<\/span><\/span><\/strong><\/p>\n<p><strong><span style=\"font-size:18px;\"><span style=\"color:#000000;\">&#8211; Organizad vuestra parada de rosas solidarias en beneficio del Casal dels Infants<\/span><\/span><\/strong><\/p>\n<p class=\"verd\"><a href=\"https:\/\/www.rosessantjordi.com\/es\/venta\/rosa-casal-dels-infants.html\"><em><span style=\"font-size:18px;\"><strong><span style=\"background-color:#ffffff;\">Reservad vuestras rosas solidarias aqu\u00ed: Roses Casal dels Infants Roses Casal dels Infants\u00a0<\/span><\/strong><\/span><\/em><\/a><\/p>\n<p><span style=\"color:#000000;\">Gracias a la colaboraci\u00f3n con <a href=\"https:\/\/www.rosessantjordi.com\/\">Roses Sant Jordi<\/a> y su proyecto social <a href=\"https:\/\/rosessolidaries.cat\/\">Roses Solid\u00e0ries<\/a>, podemos ofreceros las mejores rosas y la mejor entrega. El equipo de \u201c<a href=\"https:\/\/www.rosessantjordi.com\/\">Roses Sant Jordi\u201d<\/a> os enviar\u00e1 la cantidad de rosas que dese\u00e9is, preparadas y envueltas. Desde el Casal dels Infants os enviaremos pegatinas para que pod\u00e1is identificar c<\/span><\/p>\n<p>\u00a0<\/p>\n<p><span style=\"color:#000000;\"><u><span style=\"font-size:20px;\"><span style=\"background-color:#ffffff;\">\u00a0Si formas parte de una escuela o instituto:<\/span><\/span><\/u><\/span><\/p>\n<p><span style=\"color:#000000;\"><span style=\"font-size:18px;\"><strong>-Vended rosas solidarias en vuestro centro educativo<\/strong><\/span><\/span><\/p>\n<p><a href=\"https:\/\/www.rosessantjordi.com\/es\/venta\/rosa-casal-dels-infants.html\"><em><span style=\"font-size:18px;\"><strong><span style=\"background-color:#ffffff;\">Reservad vuestras rosas solidarias aqu\u00ed: Roses Casal dels Infants Roses Casal dels Infants\u00a0<\/span><\/strong><\/span><\/em><\/a><\/p>\n<p><span style=\"color:#000000;\">El equipo de <a href=\"https:\/\/www.rosessantjordi.com\/\">\u201cRoses Sant Jordi\u201d<\/a> os enviar\u00e1 la cantidad de rosas que des\u00e9eis, preparadas y envueltas. Atenci\u00f3n: la entrega se realizar\u00e1 el lunes 22 de abril all\u00ed donde indiqu\u00e9is (lunes de Pascua). Desde el Casal dels Infants os enviaremos pegatinas para que pod\u00e1is identificar cada rosa como solidaria. El 100% de las rosas solidarias se destinar\u00e1n a los proyectos de refuerzo escolar diario para ni\u00f1os, ni\u00f1as y adolescentes.<\/span><\/p>\n<p><span style=\"color:#000000;\"><span style=\"font-size:18px;\"><strong>Recoged libros de texto en buen estado de los ciclos de primaria y secundaria\u00a0<\/strong><\/span><\/span><\/p>\n<p><span style=\"color:#000000;\">Los espacios de refuerzo escolar diario para ni\u00f1os, ni\u00f1as y adolescentes necesitan apoyo para que el equipo de voluntarios de los espacios de deberes y estudio puedan seguir el temario que se tiene que reforzar. Realizad\u00a0un llamado para que las familias los traigan a vuestra parada solidaria el d\u00eda de Sant Jordi. Todo el mundo tendr\u00e1 un detalle de agradecimiento.<\/span><\/p>\n<p>\u00a0<\/p>\n<p><span style=\"color:#000000;\"><u><span style=\"font-size:20px;\"><span style=\"background-color:#ffffff;\">Si saldr\u00e1s a dar una vuelta por Barcelona y comprar\u00e1s una rosa:<\/span><\/span><\/u><\/span><\/p>\n<p><span style=\"color:#000000;\"><strong><span style=\"font-size:18px;\">Compra tu rosa solidaria en nuestra parada en la Rambla Catalunya<\/span><\/strong><\/span><\/p>\n<p><span style=\"color:#000000;\">Os indicaremos nuestra ubicaci\u00f3n exacta a trav\u00e9s de las redes sociales. El 100% de las rosas solidarias se destinar\u00e1n a los proyectos de refuerzo escolar diario para ni\u00f1os, ni\u00f1as y adolescentes. Podr\u00e1s hacerte una foto con nuestro mural de Sant Jordi y leer la obra ganadora de nuestro concurso de relatos, en el que han participado los y las j\u00f3venes del Casal dels Infants.<\/span><\/p>\n<p>\u00a0<\/p>\n<p><span style=\"color:#000000;\"><span style=\"font-size:20px;\"><u><span style=\"background-color:#ffffff;\">Si pasear\u00e1s por los barrios en los que actuamos<\/span><\/u><\/span><br \/>\nSi este Sant Jordi pasear\u00e1s por los barrios del Ravas o el Bes\u00f2s i el Maresme de Barcelona, por el Raval, Sant Rosa o Fondo (Santa Coloma de Gramenet), por Llefi\u00e0 o Sant Roc (Badalona), por La Mina (Sant Adri\u00e0 de Bes\u00f2s) o por el municipio de Salt, quiz\u00e1s te cruzar\u00e1s con los ni\u00f1os, ni\u00f1as y j\u00f3venes del Casal dels Infants haciendo actividades con otras entidades del territorio para celebrar la diada y reivindicar la educaci\u00f3n, el ocio y la participaci\u00f3n comunitaria.<\/span><\/p>\n","protected":false},"excerpt":{"rendered":"<p>Se acerca Sant Jordi y este a\u00f1o queremos que celebr\u00e9is la diada a nuestro lado. Porque en el Casal dels Infants tenemos el convencimiento de que la educaci\u00f3n puede transformar la realidad de muchos ni\u00f1os y ni\u00f1as. En otras palabras: ante cualquier drag\u00f3n, tenga la forma que tenga \u2014se la de la desigualdad, la de [&hellip;]<\/p>\n","protected":false},"author":1,"featured_media":3381,"comment_status":"open","ping_status":"open","sticky":false,"template":"","format":"standard","meta":{"_acf_changed":false,"_et_pb_use_builder":"","_et_pb_old_content":"","_et_gb_content_width":"","inline_featured_image":false,"footnotes":""},"categories":[125],"tags":[],"seus":[],"eixos":[],"class_list":["post-4439","post","type-post","status-publish","format-standard","has-post-thumbnail","hentry","category-noticias"],"acf":[],"yoast_head":"<!-- This site is optimized with the Yoast SEO plugin v27.4 - https:\/\/yoast.com\/product\/yoast-seo-wordpress\/ -->\n<title>Este Sant Jordi: tu rosa, su escudo - Casal dels Infants<\/title>\n<meta name=\"robots\" content=\"index, follow, max-snippet:-1, max-image-preview:large, max-video-preview:-1\" \/>\n<link rel=\"canonical\" href=\"https:\/\/www.casaldelsinfants.org\/es\/actualidad\/este-sant-jordi-tu-rosa-su-escudo\/\" \/>\n<meta property=\"og:locale\" content=\"es_ES\" \/>\n<meta property=\"og:type\" content=\"article\" \/>\n<meta property=\"og:title\" content=\"Este Sant Jordi: tu rosa, su escudo - Casal dels Infants\" \/>\n<meta property=\"og:description\" content=\"Se acerca Sant Jordi y este a\u00f1o queremos que celebr\u00e9is la diada a nuestro lado. Porque en el Casal dels Infants tenemos el convencimiento de que la educaci\u00f3n puede transformar la realidad de muchos ni\u00f1os y ni\u00f1as. En otras palabras: ante cualquier drag\u00f3n, tenga la forma que tenga \u2014se la de la desigualdad, la de [&hellip;]\" \/>\n<meta property=\"og:url\" content=\"https:\/\/www.casaldelsinfants.org\/es\/actualidad\/este-sant-jordi-tu-rosa-su-escudo\/\" \/>\n<meta property=\"og:site_name\" content=\"Casal dels Infants\" \/>\n<meta property=\"article:publisher\" content=\"https:\/\/www.facebook.com\/casalinfants\" \/>\n<meta property=\"article:published_time\" content=\"2019-04-01T14:07:41+00:00\" \/>\n<meta property=\"article:modified_time\" content=\"2023-05-01T15:56:40+00:00\" \/>\n<meta property=\"og:image\" content=\"https:\/\/www.casaldelsinfants.org\/wp-content\/uploads\/sant_jordi.png\" \/>\n\t<meta property=\"og:image:width\" content=\"1108\" \/>\n\t<meta property=\"og:image:height\" content=\"716\" \/>\n\t<meta property=\"og:image:type\" content=\"image\/png\" \/>\n<meta name=\"author\" content=\"cdiAdmin\" \/>\n<meta name=\"twitter:card\" content=\"summary_large_image\" \/>\n<meta name=\"twitter:creator\" content=\"@casalinfants\" \/>\n<meta name=\"twitter:site\" content=\"@casalinfants\" \/>\n<meta name=\"twitter:label1\" content=\"Escrito por\" \/>\n\t<meta name=\"twitter:data1\" content=\"cdiAdmin\" \/>\n\t<meta name=\"twitter:label2\" content=\"Tiempo de lectura\" \/>\n\t<meta name=\"twitter:data2\" content=\"3 minutos\" \/>\n<script type=\"application\/ld+json\" class=\"yoast-schema-graph\">{\"@context\":\"https:\\\/\\\/schema.org\",\"@graph\":[{\"@type\":\"Article\",\"@id\":\"https:\\\/\\\/www.casaldelsinfants.org\\\/es\\\/actualidad\\\/este-sant-jordi-tu-rosa-su-escudo\\\/#article\",\"isPartOf\":{\"@id\":\"https:\\\/\\\/www.casaldelsinfants.org\\\/es\\\/actualidad\\\/este-sant-jordi-tu-rosa-su-escudo\\\/\"},\"author\":{\"name\":\"cdiAdmin\",\"@id\":\"https:\\\/\\\/www.casaldelsinfants.org\\\/es\\\/#\\\/schema\\\/person\\\/97707fc8c64900cf36891127dbf9fba8\"},\"headline\":\"Este Sant Jordi: tu rosa, su escudo\",\"datePublished\":\"2019-04-01T14:07:41+00:00\",\"dateModified\":\"2023-05-01T15:56:40+00:00\",\"mainEntityOfPage\":{\"@id\":\"https:\\\/\\\/www.casaldelsinfants.org\\\/es\\\/actualidad\\\/este-sant-jordi-tu-rosa-su-escudo\\\/\"},\"wordCount\":592,\"commentCount\":0,\"publisher\":{\"@id\":\"https:\\\/\\\/www.casaldelsinfants.org\\\/es\\\/#organization\"},\"image\":{\"@id\":\"https:\\\/\\\/www.casaldelsinfants.org\\\/es\\\/actualidad\\\/este-sant-jordi-tu-rosa-su-escudo\\\/#primaryimage\"},\"thumbnailUrl\":\"https:\\\/\\\/www.casaldelsinfants.org\\\/wp-content\\\/uploads\\\/sant_jordi.png\",\"articleSection\":[\"Noticia\"],\"inLanguage\":\"es\",\"potentialAction\":[{\"@type\":\"CommentAction\",\"name\":\"Comment\",\"target\":[\"https:\\\/\\\/www.casaldelsinfants.org\\\/es\\\/actualidad\\\/este-sant-jordi-tu-rosa-su-escudo\\\/#respond\"]}]},{\"@type\":\"WebPage\",\"@id\":\"https:\\\/\\\/www.casaldelsinfants.org\\\/es\\\/actualidad\\\/este-sant-jordi-tu-rosa-su-escudo\\\/\",\"url\":\"https:\\\/\\\/www.casaldelsinfants.org\\\/es\\\/actualidad\\\/este-sant-jordi-tu-rosa-su-escudo\\\/\",\"name\":\"Este Sant Jordi: tu rosa, su escudo - Casal dels Infants\",\"isPartOf\":{\"@id\":\"https:\\\/\\\/www.casaldelsinfants.org\\\/es\\\/#website\"},\"primaryImageOfPage\":{\"@id\":\"https:\\\/\\\/www.casaldelsinfants.org\\\/es\\\/actualidad\\\/este-sant-jordi-tu-rosa-su-escudo\\\/#primaryimage\"},\"image\":{\"@id\":\"https:\\\/\\\/www.casaldelsinfants.org\\\/es\\\/actualidad\\\/este-sant-jordi-tu-rosa-su-escudo\\\/#primaryimage\"},\"thumbnailUrl\":\"https:\\\/\\\/www.casaldelsinfants.org\\\/wp-content\\\/uploads\\\/sant_jordi.png\",\"datePublished\":\"2019-04-01T14:07:41+00:00\",\"dateModified\":\"2023-05-01T15:56:40+00:00\",\"breadcrumb\":{\"@id\":\"https:\\\/\\\/www.casaldelsinfants.org\\\/es\\\/actualidad\\\/este-sant-jordi-tu-rosa-su-escudo\\\/#breadcrumb\"},\"inLanguage\":\"es\",\"potentialAction\":[{\"@type\":\"ReadAction\",\"target\":[\"https:\\\/\\\/www.casaldelsinfants.org\\\/es\\\/actualidad\\\/este-sant-jordi-tu-rosa-su-escudo\\\/\"]}]},{\"@type\":\"ImageObject\",\"inLanguage\":\"es\",\"@id\":\"https:\\\/\\\/www.casaldelsinfants.org\\\/es\\\/actualidad\\\/este-sant-jordi-tu-rosa-su-escudo\\\/#primaryimage\",\"url\":\"https:\\\/\\\/www.casaldelsinfants.org\\\/wp-content\\\/uploads\\\/sant_jordi.png\",\"contentUrl\":\"https:\\\/\\\/www.casaldelsinfants.org\\\/wp-content\\\/uploads\\\/sant_jordi.png\",\"width\":1108,\"height\":716,\"caption\":\"Davant qualsevol drac, l'educaci\u00f3 sempre ser\u00e0 el millor escut!\"},{\"@type\":\"BreadcrumbList\",\"@id\":\"https:\\\/\\\/www.casaldelsinfants.org\\\/es\\\/actualidad\\\/este-sant-jordi-tu-rosa-su-escudo\\\/#breadcrumb\",\"itemListElement\":[{\"@type\":\"ListItem\",\"position\":1,\"name\":\"Inici\",\"item\":\"https:\\\/\\\/www.casaldelsinfants.org\\\/es\\\/\"},{\"@type\":\"ListItem\",\"position\":2,\"name\":\"Este Sant Jordi: tu rosa, su escudo\"}]},{\"@type\":\"WebSite\",\"@id\":\"https:\\\/\\\/www.casaldelsinfants.org\\\/es\\\/#website\",\"url\":\"https:\\\/\\\/www.casaldelsinfants.org\\\/es\\\/\",\"name\":\"Casal dels Infants\",\"description\":\"\",\"publisher\":{\"@id\":\"https:\\\/\\\/www.casaldelsinfants.org\\\/es\\\/#organization\"},\"potentialAction\":[{\"@type\":\"SearchAction\",\"target\":{\"@type\":\"EntryPoint\",\"urlTemplate\":\"https:\\\/\\\/www.casaldelsinfants.org\\\/es\\\/?s={search_term_string}\"},\"query-input\":{\"@type\":\"PropertyValueSpecification\",\"valueRequired\":true,\"valueName\":\"search_term_string\"}}],\"inLanguage\":\"es\"},{\"@type\":\"Organization\",\"@id\":\"https:\\\/\\\/www.casaldelsinfants.org\\\/es\\\/#organization\",\"name\":\"Casal dels Infants\",\"url\":\"https:\\\/\\\/www.casaldelsinfants.org\\\/es\\\/\",\"logo\":{\"@type\":\"ImageObject\",\"inLanguage\":\"es\",\"@id\":\"https:\\\/\\\/www.casaldelsinfants.org\\\/es\\\/#\\\/schema\\\/logo\\\/image\\\/\",\"url\":\"https:\\\/\\\/www.casaldelsinfants.org\\\/wp-content\\\/uploads\\\/logo-mail.png\",\"contentUrl\":\"https:\\\/\\\/www.casaldelsinfants.org\\\/wp-content\\\/uploads\\\/logo-mail.png\",\"width\":380,\"height\":158,\"caption\":\"Casal dels Infants\"},\"image\":{\"@id\":\"https:\\\/\\\/www.casaldelsinfants.org\\\/es\\\/#\\\/schema\\\/logo\\\/image\\\/\"},\"sameAs\":[\"https:\\\/\\\/www.facebook.com\\\/casalinfants\",\"https:\\\/\\\/x.com\\\/casalinfants\",\"https:\\\/\\\/www.youtube.com\\\/user\\\/CasaldelsInfants1\",\"https:\\\/\\\/www.instagram.com\\\/casalinfants\\\/\",\"https:\\\/\\\/www.linkedin.com\\\/company\\\/casaldelsinfants?trk=organization-update_share-update_actor-text\"]},{\"@type\":\"Person\",\"@id\":\"https:\\\/\\\/www.casaldelsinfants.org\\\/es\\\/#\\\/schema\\\/person\\\/97707fc8c64900cf36891127dbf9fba8\",\"name\":\"cdiAdmin\",\"sameAs\":[\"https:\\\/\\\/casaldelsinfants.org\"]}]}<\/script>\n<!-- \/ Yoast SEO plugin. -->","yoast_head_json":{"title":"Este Sant Jordi: tu rosa, su escudo - Casal dels Infants","robots":{"index":"index","follow":"follow","max-snippet":"max-snippet:-1","max-image-preview":"max-image-preview:large","max-video-preview":"max-video-preview:-1"},"canonical":"https:\/\/www.casaldelsinfants.org\/es\/actualidad\/este-sant-jordi-tu-rosa-su-escudo\/","og_locale":"es_ES","og_type":"article","og_title":"Este Sant Jordi: tu rosa, su escudo - Casal dels Infants","og_description":"Se acerca Sant Jordi y este a\u00f1o queremos que celebr\u00e9is la diada a nuestro lado. Porque en el Casal dels Infants tenemos el convencimiento de que la educaci\u00f3n puede transformar la realidad de muchos ni\u00f1os y ni\u00f1as. En otras palabras: ante cualquier drag\u00f3n, tenga la forma que tenga \u2014se la de la desigualdad, la de [&hellip;]","og_url":"https:\/\/www.casaldelsinfants.org\/es\/actualidad\/este-sant-jordi-tu-rosa-su-escudo\/","og_site_name":"Casal dels Infants","article_publisher":"https:\/\/www.facebook.com\/casalinfants","article_published_time":"2019-04-01T14:07:41+00:00","article_modified_time":"2023-05-01T15:56:40+00:00","og_image":[{"width":1108,"height":716,"url":"https:\/\/www.casaldelsinfants.org\/wp-content\/uploads\/sant_jordi.png","type":"image\/png"}],"author":"cdiAdmin","twitter_card":"summary_large_image","twitter_creator":"@casalinfants","twitter_site":"@casalinfants","twitter_misc":{"Escrito por":"cdiAdmin","Tiempo de lectura":"3 minutos"},"schema":{"@context":"https:\/\/schema.org","@graph":[{"@type":"Article","@id":"https:\/\/www.casaldelsinfants.org\/es\/actualidad\/este-sant-jordi-tu-rosa-su-escudo\/#article","isPartOf":{"@id":"https:\/\/www.casaldelsinfants.org\/es\/actualidad\/este-sant-jordi-tu-rosa-su-escudo\/"},"author":{"name":"cdiAdmin","@id":"https:\/\/www.casaldelsinfants.org\/es\/#\/schema\/person\/97707fc8c64900cf36891127dbf9fba8"},"headline":"Este Sant Jordi: tu rosa, su escudo","datePublished":"2019-04-01T14:07:41+00:00","dateModified":"2023-05-01T15:56:40+00:00","mainEntityOfPage":{"@id":"https:\/\/www.casaldelsinfants.org\/es\/actualidad\/este-sant-jordi-tu-rosa-su-escudo\/"},"wordCount":592,"commentCount":0,"publisher":{"@id":"https:\/\/www.casaldelsinfants.org\/es\/#organization"},"image":{"@id":"https:\/\/www.casaldelsinfants.org\/es\/actualidad\/este-sant-jordi-tu-rosa-su-escudo\/#primaryimage"},"thumbnailUrl":"https:\/\/www.casaldelsinfants.org\/wp-content\/uploads\/sant_jordi.png","articleSection":["Noticia"],"inLanguage":"es","potentialAction":[{"@type":"CommentAction","name":"Comment","target":["https:\/\/www.casaldelsinfants.org\/es\/actualidad\/este-sant-jordi-tu-rosa-su-escudo\/#respond"]}]},{"@type":"WebPage","@id":"https:\/\/www.casaldelsinfants.org\/es\/actualidad\/este-sant-jordi-tu-rosa-su-escudo\/","url":"https:\/\/www.casaldelsinfants.org\/es\/actualidad\/este-sant-jordi-tu-rosa-su-escudo\/","name":"Este Sant Jordi: tu rosa, su escudo - Casal dels Infants","isPartOf":{"@id":"https:\/\/www.casaldelsinfants.org\/es\/#website"},"primaryImageOfPage":{"@id":"https:\/\/www.casaldelsinfants.org\/es\/actualidad\/este-sant-jordi-tu-rosa-su-escudo\/#primaryimage"},"image":{"@id":"https:\/\/www.casaldelsinfants.org\/es\/actualidad\/este-sant-jordi-tu-rosa-su-escudo\/#primaryimage"},"thumbnailUrl":"https:\/\/www.casaldelsinfants.org\/wp-content\/uploads\/sant_jordi.png","datePublished":"2019-04-01T14:07:41+00:00","dateModified":"2023-05-01T15:56:40+00:00","breadcrumb":{"@id":"https:\/\/www.casaldelsinfants.org\/es\/actualidad\/este-sant-jordi-tu-rosa-su-escudo\/#breadcrumb"},"inLanguage":"es","potentialAction":[{"@type":"ReadAction","target":["https:\/\/www.casaldelsinfants.org\/es\/actualidad\/este-sant-jordi-tu-rosa-su-escudo\/"]}]},{"@type":"ImageObject","inLanguage":"es","@id":"https:\/\/www.casaldelsinfants.org\/es\/actualidad\/este-sant-jordi-tu-rosa-su-escudo\/#primaryimage","url":"https:\/\/www.casaldelsinfants.org\/wp-content\/uploads\/sant_jordi.png","contentUrl":"https:\/\/www.casaldelsinfants.org\/wp-content\/uploads\/sant_jordi.png","width":1108,"height":716,"caption":"Davant qualsevol drac, l'educaci\u00f3 sempre ser\u00e0 el millor escut!"},{"@type":"BreadcrumbList","@id":"https:\/\/www.casaldelsinfants.org\/es\/actualidad\/este-sant-jordi-tu-rosa-su-escudo\/#breadcrumb","itemListElement":[{"@type":"ListItem","position":1,"name":"Inici","item":"https:\/\/www.casaldelsinfants.org\/es\/"},{"@type":"ListItem","position":2,"name":"Este Sant Jordi: tu rosa, su escudo"}]},{"@type":"WebSite","@id":"https:\/\/www.casaldelsinfants.org\/es\/#website","url":"https:\/\/www.casaldelsinfants.org\/es\/","name":"Casal dels Infants","description":"","publisher":{"@id":"https:\/\/www.casaldelsinfants.org\/es\/#organization"},"potentialAction":[{"@type":"SearchAction","target":{"@type":"EntryPoint","urlTemplate":"https:\/\/www.casaldelsinfants.org\/es\/?s={search_term_string}"},"query-input":{"@type":"PropertyValueSpecification","valueRequired":true,"valueName":"search_term_string"}}],"inLanguage":"es"},{"@type":"Organization","@id":"https:\/\/www.casaldelsinfants.org\/es\/#organization","name":"Casal dels Infants","url":"https:\/\/www.casaldelsinfants.org\/es\/","logo":{"@type":"ImageObject","inLanguage":"es","@id":"https:\/\/www.casaldelsinfants.org\/es\/#\/schema\/logo\/image\/","url":"https:\/\/www.casaldelsinfants.org\/wp-content\/uploads\/logo-mail.png","contentUrl":"https:\/\/www.casaldelsinfants.org\/wp-content\/uploads\/logo-mail.png","width":380,"height":158,"caption":"Casal dels Infants"},"image":{"@id":"https:\/\/www.casaldelsinfants.org\/es\/#\/schema\/logo\/image\/"},"sameAs":["https:\/\/www.facebook.com\/casalinfants","https:\/\/x.com\/casalinfants","https:\/\/www.youtube.com\/user\/CasaldelsInfants1","https:\/\/www.instagram.com\/casalinfants\/","https:\/\/www.linkedin.com\/company\/casaldelsinfants?trk=organization-update_share-update_actor-text"]},{"@type":"Person","@id":"https:\/\/www.casaldelsinfants.org\/es\/#\/schema\/person\/97707fc8c64900cf36891127dbf9fba8","name":"cdiAdmin","sameAs":["https:\/\/casaldelsinfants.org"]}]}},"publishpress_future_action":{"enabled":false,"date":"2026-05-09 10:31:50","action":"change-status","newStatus":"draft","terms":[],"taxonomy":"category","extraData":[]},"publishpress_future_workflow_manual_trigger":{"enabledWorkflows":[]},"_links":{"self":[{"href":"https:\/\/www.casaldelsinfants.org\/es\/wp-json\/wp\/v2\/posts\/4439","targetHints":{"allow":["GET"]}}],"collection":[{"href":"https:\/\/www.casaldelsinfants.org\/es\/wp-json\/wp\/v2\/posts"}],"about":[{"href":"https:\/\/www.casaldelsinfants.org\/es\/wp-json\/wp\/v2\/types\/post"}],"author":[{"embeddable":true,"href":"https:\/\/www.casaldelsinfants.org\/es\/wp-json\/wp\/v2\/users\/1"}],"replies":[{"embeddable":true,"href":"https:\/\/www.casaldelsinfants.org\/es\/wp-json\/wp\/v2\/comments?post=4439"}],"version-history":[{"count":1,"href":"https:\/\/www.casaldelsinfants.org\/es\/wp-json\/wp\/v2\/posts\/4439\/revisions"}],"predecessor-version":[{"id":6381,"href":"https:\/\/www.casaldelsinfants.org\/es\/wp-json\/wp\/v2\/posts\/4439\/revisions\/6381"}],"wp:featuredmedia":[{"embeddable":true,"href":"https:\/\/www.casaldelsinfants.org\/es\/wp-json\/wp\/v2\/media\/3381"}],"wp:attachment":[{"href":"https:\/\/www.casaldelsinfants.org\/es\/wp-json\/wp\/v2\/media?parent=4439"}],"wp:term":[{"taxonomy":"category","embeddable":true,"href":"https:\/\/www.casaldelsinfants.org\/es\/wp-json\/wp\/v2\/categories?post=4439"},{"taxonomy":"post_tag","embeddable":true,"href":"https:\/\/www.casaldelsinfants.org\/es\/wp-json\/wp\/v2\/tags?post=4439"},{"taxonomy":"seus","embeddable":true,"href":"https:\/\/www.casaldelsinfants.org\/es\/wp-json\/wp\/v2\/seus?post=4439"},{"taxonomy":"eixos","embeddable":true,"href":"https:\/\/www.casaldelsinfants.org\/es\/wp-json\/wp\/v2\/eixos?post=4439"}],"curies":[{"name":"wp","href":"https:\/\/api.w.org\/{rel}","templated":true}]}}