{"id":4440,"date":"2019-04-01T10:53:28","date_gmt":"2019-04-01T08:53:28","guid":{"rendered":"https:\/\/casal.puntzero.cat\/noticies\/joves-del-casal-dels-infants-sensibilitzen-i-mobilitzen-les-escoles-contra-les\/"},"modified":"2022-08-17T11:20:42","modified_gmt":"2022-08-17T09:20:42","slug":"joves-del-casal-dels-infants-sensibilitzen-i-mobilitzen-les-escoles-contra-les","status":"publish","type":"post","link":"https:\/\/www.casaldelsinfants.org\/es\/actualidad\/jovenes-casal-infants-sensibilizan-escuelas-contra-desigualdades\/","title":{"rendered":"J\u00f3venes del Casal dels Infants sensibilizan y mobilizan a las escuelas contra las desigualdades"},"content":{"rendered":"<p>\u00a0<\/p>\n<p><span style=\"color:#000000;\">Los j\u00f3venes del Casal dels Infants son este a\u00f1o los grandes protagonistas del programa Escola Suma de la asociaci\u00f3n, que tiene como objetivo sensibilizar y movilizar al alumnado de los centros educativos para que tomen consciencia de las desigualdades entre ni\u00f1os, ni\u00f1as y j\u00f3venes y colaboren con el Casal para revertir esta situaci\u00f3n.<\/span><\/p>\n<p><span style=\"color:#000000;\">El programa se desarrolla en las escuelas e institutos interesados en conocer la acci\u00f3n social del Casal dels Infants y colaborar con la entidad. Aina Ruiz, educadora de la asociaci\u00f3n, dinamiza un taller con distintas actividades orientadas a fomentar el pensamiento cr\u00edtico entorno a las desigualdades, como din\u00e1micas de rol, debates y an\u00e1lisis de contenidos audiovisuales. Este a\u00f1o, sin embargo, Escuela Suma ha ido un paso m\u00e1s all\u00e1: j\u00f3venes que participan en el Casal han empezado a intervenir en el taller para compartir de primera mano la realidad de los chicos y chicas de barrios con situaciones de vulnerabilidad, intercambiar experiencias con el alumnado y animarlo a formar parte de del Casal dels Infants.<\/span><\/p>\n<p>\n<span style=\"color:#000000;\">Concretamente, los estudiantes pueden vincularse al Casal haciendo voluntariado, difundiendo su acci\u00f3n social a trav\u00e9s de las redes sociales y otros canales de comunicaci\u00f3n y\/o aportando fondos mediante la organizaci\u00f3n de actividades solidarias en su escuela o instituto.<\/span><\/p>\n<p><strong>Ilham y Trimon: un v\u00ednculo con el Casal y la integraci\u00f3n social<\/strong><\/p>\n<p><span style=\"color:#000000;\">Los j\u00f3venes del Casal dels Infants que han empezado a participar en Escuela Suma son Ilham Arbiine, Trimon Choudhury, Tchacka Doumbia y Abdoul Saw.<\/span><\/p>\n<p><span style=\"color:#000000;\">Ilham, que tiene 19 a\u00f1os y lleg\u00f3 a Catalunya procedente de Marruecos al poco de nacer, y Trimon, que tiene 22, naci\u00f3 en el Raval y vive en el Poblesec, empezaron a participar en el Casal dels Infants a trav\u00e9s del Casal Jove Atles del Raval. All\u00ed encontraron la oportunidad de relacionarse con otros j\u00f3venes, realizar actividades de ocio y comunitarias y contar con un espacio de estudio. Todo ello con el apoyo del equipo educativo y personas voluntarias.<\/span><\/p>\n<p>\n<span style=\"color:#000000;\">Con el tiempo, su v\u00ednculo con el Casal dels Infants y su inter\u00e9s por la acci\u00f3n social por la igualdad de oportunidades no ha parado de crecer: ahora ambos estudian Integraci\u00f3n Social. Trimon, de hecho, trabaja como educador en el Casal Jove Atles, e Ilham hace de voluntaria en el Casal Obert Infantil de Llefi\u00e0 (Badalona).<\/span><\/p>\n<p><strong>Tchacka y Abdoul: llegar solos a Catalunya y encontrar una red de apoyo en el Casal<\/strong><br \/>\n<span style=\"color:#000000;\">Tchacka y Abdoul tambi\u00e9n tienen muchas cosas en com\u00fan: ambos\u00a0 nacieron en el \u00c1frica subsahariana (el primero en Mali y el segundo en Guinea Conakry) y llegaron a Catlunya siendo menores de edad. Tchacka se vincul\u00f3 al Casal cuando empez\u00f3 a participar en el Servei de Transici\u00f3 a l\u2019Autonomia (STA), que ofrece a j\u00f3venes sin vivienda estable un piso compartido y la oportunidad de vincularse a un programa de formaci\u00f3n e inserci\u00f3n laboral, a partir de un itinerario individualizado y con el apoyo del equipo educativo.<\/span><\/p>\n<p><span style=\"color:#000000;\">Abdoul, que vive en un piso compartido del Servicio de Itinterarios de Protecci\u00f3n Individual (IPIS), se vincul\u00f3 hace unos meses al Casal Jove de Badalona.<\/span><\/p>\n<p><span style=\"color:#000000;\">Ilham, Trimon, Tchacka y Abdoul comparen, pues, una historia ligada al Casal dels Infants. Ahora tienen la motivaci\u00f3n de poderla compartir en los institutos y las escuelas y generar consciencia para que cualquier joven pueda desarrollar su proyecto de vida en igualdad de oportunidades y condiciones.<\/span><\/p>\n","protected":false},"excerpt":{"rendered":"<p class=\"text-align-center\">\u00a0<\/p>\n<p class=\"text-align-center\">Ilham, Trimon, Tchacka y Abdoul no solo comparten el hecho de participar en el Casal dels Infants: los cuatro hacen llegar la acci\u00f3n social de la entidad a las escuelas y los institutos. A trav\u00e9s del programa de educaci\u00f3n en valor Escuela Suma, y con el apoyo de Aina, la educadora del programa, se encargan de dar a conocer a los estudiantes \u2014y por extensi\u00f3n al profesorado y a los padres y madres\u2014 la realidad de los ni\u00f1os, ni\u00f1as y j\u00f3venes en situaci\u00f3n de vulnerabilidad. Y lo hacen con el objetivo de generar debate y reivindicar la transformaci\u00f3n social desde el compromiso personal y la acci\u00f3n colectiva. Para conseguirlo, animan al alumnado a colaborar con el Casal a trav\u00e9s del voluntariado, la organizaci\u00f3n de actividades solidarias y la difusi\u00f3n mediante las redes sociales.<\/p>\n","protected":false},"author":1,"featured_media":3384,"comment_status":"open","ping_status":"open","sticky":false,"template":"","format":"standard","meta":{"_acf_changed":false,"_et_pb_use_builder":"","_et_pb_old_content":"","_et_gb_content_width":"","inline_featured_image":false,"footnotes":""},"categories":[105],"tags":[],"seus":[],"eixos":[102],"class_list":["post-4440","post","type-post","status-publish","format-standard","has-post-thumbnail","hentry","category-reportaje","eixos-jovenes"],"acf":[],"yoast_head":"<!-- This site is optimized with the Yoast SEO plugin v27.4 - https:\/\/yoast.com\/product\/yoast-seo-wordpress\/ -->\n<title>J\u00f3venes del Casal dels Infants sensibilizan y mobilizan a las escuelas contra las desigualdades - Casal dels Infants<\/title>\n<meta name=\"robots\" content=\"index, follow, max-snippet:-1, max-image-preview:large, max-video-preview:-1\" \/>\n<link rel=\"canonical\" href=\"https:\/\/www.casaldelsinfants.org\/es\/actualidad\/jovenes-casal-infants-sensibilizan-escuelas-contra-desigualdades\/\" \/>\n<meta property=\"og:locale\" content=\"es_ES\" \/>\n<meta property=\"og:type\" content=\"article\" \/>\n<meta property=\"og:title\" content=\"J\u00f3venes del Casal dels Infants sensibilizan y mobilizan a las escuelas contra las desigualdades - Casal dels Infants\" \/>\n<meta property=\"og:description\" content=\"\u00a0 Ilham, Trimon, Tchacka y Abdoul no solo comparten el hecho de participar en el Casal dels Infants: los cuatro hacen llegar la acci\u00f3n social de la entidad a las escuelas y los institutos. A trav\u00e9s del programa de educaci\u00f3n en valor Escuela Suma, y con el apoyo de Aina, la educadora del programa, se encargan de dar a conocer a los estudiantes \u2014y por extensi\u00f3n al profesorado y a los padres y madres\u2014 la realidad de los ni\u00f1os, ni\u00f1as y j\u00f3venes en situaci\u00f3n de vulnerabilidad. Y lo hacen con el objetivo de generar debate y reivindicar la transformaci\u00f3n social desde el compromiso personal y la acci\u00f3n colectiva. Para conseguirlo, animan al alumnado a colaborar con el Casal a trav\u00e9s del voluntariado, la organizaci\u00f3n de actividades solidarias y la difusi\u00f3n mediante las redes sociales.\" \/>\n<meta property=\"og:url\" content=\"https:\/\/www.casaldelsinfants.org\/es\/actualidad\/jovenes-casal-infants-sensibilizan-escuelas-contra-desigualdades\/\" \/>\n<meta property=\"og:site_name\" content=\"Casal dels Infants\" \/>\n<meta property=\"article:publisher\" content=\"https:\/\/www.facebook.com\/casalinfants\" \/>\n<meta property=\"article:published_time\" content=\"2019-04-01T08:53:28+00:00\" \/>\n<meta property=\"article:modified_time\" content=\"2022-08-17T09:20:42+00:00\" \/>\n<meta property=\"og:image\" content=\"https:\/\/www.casaldelsinfants.org\/wp-content\/uploads\/escola_suma_joves.jpg\" \/>\n\t<meta property=\"og:image:width\" content=\"1920\" \/>\n\t<meta property=\"og:image:height\" content=\"1080\" \/>\n\t<meta property=\"og:image:type\" content=\"image\/jpeg\" \/>\n<meta name=\"author\" content=\"cdiAdmin\" \/>\n<meta name=\"twitter:card\" content=\"summary_large_image\" \/>\n<meta name=\"twitter:creator\" content=\"@casalinfants\" \/>\n<meta name=\"twitter:site\" content=\"@casalinfants\" \/>\n<meta name=\"twitter:label1\" content=\"Escrito por\" \/>\n\t<meta name=\"twitter:data1\" content=\"cdiAdmin\" \/>\n\t<meta name=\"twitter:label2\" content=\"Tiempo de lectura\" \/>\n\t<meta name=\"twitter:data2\" content=\"3 minutos\" \/>\n<script type=\"application\/ld+json\" class=\"yoast-schema-graph\">{\"@context\":\"https:\\\/\\\/schema.org\",\"@graph\":[{\"@type\":\"Article\",\"@id\":\"https:\\\/\\\/www.casaldelsinfants.org\\\/es\\\/actualidad\\\/jovenes-casal-infants-sensibilizan-escuelas-contra-desigualdades\\\/#article\",\"isPartOf\":{\"@id\":\"https:\\\/\\\/www.casaldelsinfants.org\\\/es\\\/actualidad\\\/jovenes-casal-infants-sensibilizan-escuelas-contra-desigualdades\\\/\"},\"author\":{\"name\":\"cdiAdmin\",\"@id\":\"https:\\\/\\\/www.casaldelsinfants.org\\\/es\\\/#\\\/schema\\\/person\\\/97707fc8c64900cf36891127dbf9fba8\"},\"headline\":\"J\u00f3venes del Casal dels Infants sensibilizan y mobilizan a las escuelas contra las desigualdades\",\"datePublished\":\"2019-04-01T08:53:28+00:00\",\"dateModified\":\"2022-08-17T09:20:42+00:00\",\"mainEntityOfPage\":{\"@id\":\"https:\\\/\\\/www.casaldelsinfants.org\\\/es\\\/actualidad\\\/jovenes-casal-infants-sensibilizan-escuelas-contra-desigualdades\\\/\"},\"wordCount\":600,\"commentCount\":0,\"publisher\":{\"@id\":\"https:\\\/\\\/www.casaldelsinfants.org\\\/es\\\/#organization\"},\"image\":{\"@id\":\"https:\\\/\\\/www.casaldelsinfants.org\\\/es\\\/actualidad\\\/jovenes-casal-infants-sensibilizan-escuelas-contra-desigualdades\\\/#primaryimage\"},\"thumbnailUrl\":\"https:\\\/\\\/www.casaldelsinfants.org\\\/wp-content\\\/uploads\\\/escola_suma_joves.jpg\",\"articleSection\":[\"Reportaje\"],\"inLanguage\":\"es\",\"potentialAction\":[{\"@type\":\"CommentAction\",\"name\":\"Comment\",\"target\":[\"https:\\\/\\\/www.casaldelsinfants.org\\\/es\\\/actualidad\\\/jovenes-casal-infants-sensibilizan-escuelas-contra-desigualdades\\\/#respond\"]}]},{\"@type\":\"WebPage\",\"@id\":\"https:\\\/\\\/www.casaldelsinfants.org\\\/es\\\/actualidad\\\/jovenes-casal-infants-sensibilizan-escuelas-contra-desigualdades\\\/\",\"url\":\"https:\\\/\\\/www.casaldelsinfants.org\\\/es\\\/actualidad\\\/jovenes-casal-infants-sensibilizan-escuelas-contra-desigualdades\\\/\",\"name\":\"J\u00f3venes del Casal dels Infants sensibilizan y mobilizan a las escuelas contra las desigualdades - Casal dels Infants\",\"isPartOf\":{\"@id\":\"https:\\\/\\\/www.casaldelsinfants.org\\\/es\\\/#website\"},\"primaryImageOfPage\":{\"@id\":\"https:\\\/\\\/www.casaldelsinfants.org\\\/es\\\/actualidad\\\/jovenes-casal-infants-sensibilizan-escuelas-contra-desigualdades\\\/#primaryimage\"},\"image\":{\"@id\":\"https:\\\/\\\/www.casaldelsinfants.org\\\/es\\\/actualidad\\\/jovenes-casal-infants-sensibilizan-escuelas-contra-desigualdades\\\/#primaryimage\"},\"thumbnailUrl\":\"https:\\\/\\\/www.casaldelsinfants.org\\\/wp-content\\\/uploads\\\/escola_suma_joves.jpg\",\"datePublished\":\"2019-04-01T08:53:28+00:00\",\"dateModified\":\"2022-08-17T09:20:42+00:00\",\"breadcrumb\":{\"@id\":\"https:\\\/\\\/www.casaldelsinfants.org\\\/es\\\/actualidad\\\/jovenes-casal-infants-sensibilizan-escuelas-contra-desigualdades\\\/#breadcrumb\"},\"inLanguage\":\"es\",\"potentialAction\":[{\"@type\":\"ReadAction\",\"target\":[\"https:\\\/\\\/www.casaldelsinfants.org\\\/es\\\/actualidad\\\/jovenes-casal-infants-sensibilizan-escuelas-contra-desigualdades\\\/\"]}]},{\"@type\":\"ImageObject\",\"inLanguage\":\"es\",\"@id\":\"https:\\\/\\\/www.casaldelsinfants.org\\\/es\\\/actualidad\\\/jovenes-casal-infants-sensibilizan-escuelas-contra-desigualdades\\\/#primaryimage\",\"url\":\"https:\\\/\\\/www.casaldelsinfants.org\\\/wp-content\\\/uploads\\\/escola_suma_joves.jpg\",\"contentUrl\":\"https:\\\/\\\/www.casaldelsinfants.org\\\/wp-content\\\/uploads\\\/escola_suma_joves.jpg\",\"width\":1920,\"height\":1080,\"caption\":\"Joves del Casal dels Infants sensibilitzen i mobilitzen les escoles contra les desigualtats\"},{\"@type\":\"BreadcrumbList\",\"@id\":\"https:\\\/\\\/www.casaldelsinfants.org\\\/es\\\/actualidad\\\/jovenes-casal-infants-sensibilizan-escuelas-contra-desigualdades\\\/#breadcrumb\",\"itemListElement\":[{\"@type\":\"ListItem\",\"position\":1,\"name\":\"Inici\",\"item\":\"https:\\\/\\\/www.casaldelsinfants.org\\\/es\\\/\"},{\"@type\":\"ListItem\",\"position\":2,\"name\":\"J\u00f3venes del Casal dels Infants sensibilizan y mobilizan a las escuelas contra las desigualdades\"}]},{\"@type\":\"WebSite\",\"@id\":\"https:\\\/\\\/www.casaldelsinfants.org\\\/es\\\/#website\",\"url\":\"https:\\\/\\\/www.casaldelsinfants.org\\\/es\\\/\",\"name\":\"Casal dels Infants\",\"description\":\"\",\"publisher\":{\"@id\":\"https:\\\/\\\/www.casaldelsinfants.org\\\/es\\\/#organization\"},\"potentialAction\":[{\"@type\":\"SearchAction\",\"target\":{\"@type\":\"EntryPoint\",\"urlTemplate\":\"https:\\\/\\\/www.casaldelsinfants.org\\\/es\\\/?s={search_term_string}\"},\"query-input\":{\"@type\":\"PropertyValueSpecification\",\"valueRequired\":true,\"valueName\":\"search_term_string\"}}],\"inLanguage\":\"es\"},{\"@type\":\"Organization\",\"@id\":\"https:\\\/\\\/www.casaldelsinfants.org\\\/es\\\/#organization\",\"name\":\"Casal dels Infants\",\"url\":\"https:\\\/\\\/www.casaldelsinfants.org\\\/es\\\/\",\"logo\":{\"@type\":\"ImageObject\",\"inLanguage\":\"es\",\"@id\":\"https:\\\/\\\/www.casaldelsinfants.org\\\/es\\\/#\\\/schema\\\/logo\\\/image\\\/\",\"url\":\"https:\\\/\\\/www.casaldelsinfants.org\\\/wp-content\\\/uploads\\\/logo-mail.png\",\"contentUrl\":\"https:\\\/\\\/www.casaldelsinfants.org\\\/wp-content\\\/uploads\\\/logo-mail.png\",\"width\":380,\"height\":158,\"caption\":\"Casal dels Infants\"},\"image\":{\"@id\":\"https:\\\/\\\/www.casaldelsinfants.org\\\/es\\\/#\\\/schema\\\/logo\\\/image\\\/\"},\"sameAs\":[\"https:\\\/\\\/www.facebook.com\\\/casalinfants\",\"https:\\\/\\\/x.com\\\/casalinfants\",\"https:\\\/\\\/www.youtube.com\\\/user\\\/CasaldelsInfants1\",\"https:\\\/\\\/www.instagram.com\\\/casalinfants\\\/\",\"https:\\\/\\\/www.linkedin.com\\\/company\\\/casaldelsinfants?trk=organization-update_share-update_actor-text\"]},{\"@type\":\"Person\",\"@id\":\"https:\\\/\\\/www.casaldelsinfants.org\\\/es\\\/#\\\/schema\\\/person\\\/97707fc8c64900cf36891127dbf9fba8\",\"name\":\"cdiAdmin\",\"sameAs\":[\"https:\\\/\\\/casaldelsinfants.org\"]}]}<\/script>\n<!-- \/ Yoast SEO plugin. -->","yoast_head_json":{"title":"J\u00f3venes del Casal dels Infants sensibilizan y mobilizan a las escuelas contra las desigualdades - Casal dels Infants","robots":{"index":"index","follow":"follow","max-snippet":"max-snippet:-1","max-image-preview":"max-image-preview:large","max-video-preview":"max-video-preview:-1"},"canonical":"https:\/\/www.casaldelsinfants.org\/es\/actualidad\/jovenes-casal-infants-sensibilizan-escuelas-contra-desigualdades\/","og_locale":"es_ES","og_type":"article","og_title":"J\u00f3venes del Casal dels Infants sensibilizan y mobilizan a las escuelas contra las desigualdades - Casal dels Infants","og_description":"\u00a0 Ilham, Trimon, Tchacka y Abdoul no solo comparten el hecho de participar en el Casal dels Infants: los cuatro hacen llegar la acci\u00f3n social de la entidad a las escuelas y los institutos. A trav\u00e9s del programa de educaci\u00f3n en valor Escuela Suma, y con el apoyo de Aina, la educadora del programa, se encargan de dar a conocer a los estudiantes \u2014y por extensi\u00f3n al profesorado y a los padres y madres\u2014 la realidad de los ni\u00f1os, ni\u00f1as y j\u00f3venes en situaci\u00f3n de vulnerabilidad. Y lo hacen con el objetivo de generar debate y reivindicar la transformaci\u00f3n social desde el compromiso personal y la acci\u00f3n colectiva. Para conseguirlo, animan al alumnado a colaborar con el Casal a trav\u00e9s del voluntariado, la organizaci\u00f3n de actividades solidarias y la difusi\u00f3n mediante las redes sociales.","og_url":"https:\/\/www.casaldelsinfants.org\/es\/actualidad\/jovenes-casal-infants-sensibilizan-escuelas-contra-desigualdades\/","og_site_name":"Casal dels Infants","article_publisher":"https:\/\/www.facebook.com\/casalinfants","article_published_time":"2019-04-01T08:53:28+00:00","article_modified_time":"2022-08-17T09:20:42+00:00","og_image":[{"width":1920,"height":1080,"url":"https:\/\/www.casaldelsinfants.org\/wp-content\/uploads\/escola_suma_joves.jpg","type":"image\/jpeg"}],"author":"cdiAdmin","twitter_card":"summary_large_image","twitter_creator":"@casalinfants","twitter_site":"@casalinfants","twitter_misc":{"Escrito por":"cdiAdmin","Tiempo de lectura":"3 minutos"},"schema":{"@context":"https:\/\/schema.org","@graph":[{"@type":"Article","@id":"https:\/\/www.casaldelsinfants.org\/es\/actualidad\/jovenes-casal-infants-sensibilizan-escuelas-contra-desigualdades\/#article","isPartOf":{"@id":"https:\/\/www.casaldelsinfants.org\/es\/actualidad\/jovenes-casal-infants-sensibilizan-escuelas-contra-desigualdades\/"},"author":{"name":"cdiAdmin","@id":"https:\/\/www.casaldelsinfants.org\/es\/#\/schema\/person\/97707fc8c64900cf36891127dbf9fba8"},"headline":"J\u00f3venes del Casal dels Infants sensibilizan y mobilizan a las escuelas contra las desigualdades","datePublished":"2019-04-01T08:53:28+00:00","dateModified":"2022-08-17T09:20:42+00:00","mainEntityOfPage":{"@id":"https:\/\/www.casaldelsinfants.org\/es\/actualidad\/jovenes-casal-infants-sensibilizan-escuelas-contra-desigualdades\/"},"wordCount":600,"commentCount":0,"publisher":{"@id":"https:\/\/www.casaldelsinfants.org\/es\/#organization"},"image":{"@id":"https:\/\/www.casaldelsinfants.org\/es\/actualidad\/jovenes-casal-infants-sensibilizan-escuelas-contra-desigualdades\/#primaryimage"},"thumbnailUrl":"https:\/\/www.casaldelsinfants.org\/wp-content\/uploads\/escola_suma_joves.jpg","articleSection":["Reportaje"],"inLanguage":"es","potentialAction":[{"@type":"CommentAction","name":"Comment","target":["https:\/\/www.casaldelsinfants.org\/es\/actualidad\/jovenes-casal-infants-sensibilizan-escuelas-contra-desigualdades\/#respond"]}]},{"@type":"WebPage","@id":"https:\/\/www.casaldelsinfants.org\/es\/actualidad\/jovenes-casal-infants-sensibilizan-escuelas-contra-desigualdades\/","url":"https:\/\/www.casaldelsinfants.org\/es\/actualidad\/jovenes-casal-infants-sensibilizan-escuelas-contra-desigualdades\/","name":"J\u00f3venes del Casal dels Infants sensibilizan y mobilizan a las escuelas contra las desigualdades - Casal dels Infants","isPartOf":{"@id":"https:\/\/www.casaldelsinfants.org\/es\/#website"},"primaryImageOfPage":{"@id":"https:\/\/www.casaldelsinfants.org\/es\/actualidad\/jovenes-casal-infants-sensibilizan-escuelas-contra-desigualdades\/#primaryimage"},"image":{"@id":"https:\/\/www.casaldelsinfants.org\/es\/actualidad\/jovenes-casal-infants-sensibilizan-escuelas-contra-desigualdades\/#primaryimage"},"thumbnailUrl":"https:\/\/www.casaldelsinfants.org\/wp-content\/uploads\/escola_suma_joves.jpg","datePublished":"2019-04-01T08:53:28+00:00","dateModified":"2022-08-17T09:20:42+00:00","breadcrumb":{"@id":"https:\/\/www.casaldelsinfants.org\/es\/actualidad\/jovenes-casal-infants-sensibilizan-escuelas-contra-desigualdades\/#breadcrumb"},"inLanguage":"es","potentialAction":[{"@type":"ReadAction","target":["https:\/\/www.casaldelsinfants.org\/es\/actualidad\/jovenes-casal-infants-sensibilizan-escuelas-contra-desigualdades\/"]}]},{"@type":"ImageObject","inLanguage":"es","@id":"https:\/\/www.casaldelsinfants.org\/es\/actualidad\/jovenes-casal-infants-sensibilizan-escuelas-contra-desigualdades\/#primaryimage","url":"https:\/\/www.casaldelsinfants.org\/wp-content\/uploads\/escola_suma_joves.jpg","contentUrl":"https:\/\/www.casaldelsinfants.org\/wp-content\/uploads\/escola_suma_joves.jpg","width":1920,"height":1080,"caption":"Joves del Casal dels Infants sensibilitzen i mobilitzen les escoles contra les desigualtats"},{"@type":"BreadcrumbList","@id":"https:\/\/www.casaldelsinfants.org\/es\/actualidad\/jovenes-casal-infants-sensibilizan-escuelas-contra-desigualdades\/#breadcrumb","itemListElement":[{"@type":"ListItem","position":1,"name":"Inici","item":"https:\/\/www.casaldelsinfants.org\/es\/"},{"@type":"ListItem","position":2,"name":"J\u00f3venes del Casal dels Infants sensibilizan y mobilizan a las escuelas contra las desigualdades"}]},{"@type":"WebSite","@id":"https:\/\/www.casaldelsinfants.org\/es\/#website","url":"https:\/\/www.casaldelsinfants.org\/es\/","name":"Casal dels Infants","description":"","publisher":{"@id":"https:\/\/www.casaldelsinfants.org\/es\/#organization"},"potentialAction":[{"@type":"SearchAction","target":{"@type":"EntryPoint","urlTemplate":"https:\/\/www.casaldelsinfants.org\/es\/?s={search_term_string}"},"query-input":{"@type":"PropertyValueSpecification","valueRequired":true,"valueName":"search_term_string"}}],"inLanguage":"es"},{"@type":"Organization","@id":"https:\/\/www.casaldelsinfants.org\/es\/#organization","name":"Casal dels Infants","url":"https:\/\/www.casaldelsinfants.org\/es\/","logo":{"@type":"ImageObject","inLanguage":"es","@id":"https:\/\/www.casaldelsinfants.org\/es\/#\/schema\/logo\/image\/","url":"https:\/\/www.casaldelsinfants.org\/wp-content\/uploads\/logo-mail.png","contentUrl":"https:\/\/www.casaldelsinfants.org\/wp-content\/uploads\/logo-mail.png","width":380,"height":158,"caption":"Casal dels Infants"},"image":{"@id":"https:\/\/www.casaldelsinfants.org\/es\/#\/schema\/logo\/image\/"},"sameAs":["https:\/\/www.facebook.com\/casalinfants","https:\/\/x.com\/casalinfants","https:\/\/www.youtube.com\/user\/CasaldelsInfants1","https:\/\/www.instagram.com\/casalinfants\/","https:\/\/www.linkedin.com\/company\/casaldelsinfants?trk=organization-update_share-update_actor-text"]},{"@type":"Person","@id":"https:\/\/www.casaldelsinfants.org\/es\/#\/schema\/person\/97707fc8c64900cf36891127dbf9fba8","name":"cdiAdmin","sameAs":["https:\/\/casaldelsinfants.org"]}]}},"publishpress_future_action":{"enabled":false,"date":"2026-05-09 10:27:10","action":"change-status","newStatus":"draft","terms":[],"taxonomy":"category","extraData":[]},"publishpress_future_workflow_manual_trigger":{"enabledWorkflows":[]},"_links":{"self":[{"href":"https:\/\/www.casaldelsinfants.org\/es\/wp-json\/wp\/v2\/posts\/4440","targetHints":{"allow":["GET"]}}],"collection":[{"href":"https:\/\/www.casaldelsinfants.org\/es\/wp-json\/wp\/v2\/posts"}],"about":[{"href":"https:\/\/www.casaldelsinfants.org\/es\/wp-json\/wp\/v2\/types\/post"}],"author":[{"embeddable":true,"href":"https:\/\/www.casaldelsinfants.org\/es\/wp-json\/wp\/v2\/users\/1"}],"replies":[{"embeddable":true,"href":"https:\/\/www.casaldelsinfants.org\/es\/wp-json\/wp\/v2\/comments?post=4440"}],"version-history":[{"count":1,"href":"https:\/\/www.casaldelsinfants.org\/es\/wp-json\/wp\/v2\/posts\/4440\/revisions"}],"predecessor-version":[{"id":6382,"href":"https:\/\/www.casaldelsinfants.org\/es\/wp-json\/wp\/v2\/posts\/4440\/revisions\/6382"}],"wp:featuredmedia":[{"embeddable":true,"href":"https:\/\/www.casaldelsinfants.org\/es\/wp-json\/wp\/v2\/media\/3384"}],"wp:attachment":[{"href":"https:\/\/www.casaldelsinfants.org\/es\/wp-json\/wp\/v2\/media?parent=4440"}],"wp:term":[{"taxonomy":"category","embeddable":true,"href":"https:\/\/www.casaldelsinfants.org\/es\/wp-json\/wp\/v2\/categories?post=4440"},{"taxonomy":"post_tag","embeddable":true,"href":"https:\/\/www.casaldelsinfants.org\/es\/wp-json\/wp\/v2\/tags?post=4440"},{"taxonomy":"seus","embeddable":true,"href":"https:\/\/www.casaldelsinfants.org\/es\/wp-json\/wp\/v2\/seus?post=4440"},{"taxonomy":"eixos","embeddable":true,"href":"https:\/\/www.casaldelsinfants.org\/es\/wp-json\/wp\/v2\/eixos?post=4440"}],"curies":[{"name":"wp","href":"https:\/\/api.w.org\/{rel}","templated":true}]}}