{"id":4442,"date":"2019-03-18T17:37:34","date_gmt":"2019-03-18T15:37:34","guid":{"rendered":"https:\/\/casal.puntzero.cat\/noticies\/empreses-aquest-sant-jordi-la-vostra-rosa-es-el-seu-escut\/"},"modified":"2023-05-01T17:56:56","modified_gmt":"2023-05-01T15:56:56","slug":"empreses-aquest-sant-jordi-la-vostra-rosa-es-el-seu-escut","status":"publish","type":"post","link":"https:\/\/www.casaldelsinfants.org\/es\/actualidad\/empresas-este-sant-jordi-vuestra-rosa-sera-su-escudo\/","title":{"rendered":"Empresas: este Sant Jordi, vuestra rosa ser\u00e1 su escudo"},"content":{"rendered":"<p style=\"margin:0cm 0cm 10pt\"><span style=\"color:#000000;\"><span style=\"font-size:11pt\"><span style=\"line-height:115%\"><span style=\"font-family:Calibri,sans-serif\">En el Casal dels Infants tenemos el convencimiento de que la educaci\u00f3n puede transformar la realidad de muchos ni\u00f1os, ni\u00f1as y j\u00f3venes. Ante cualquier drag\u00f3n, tenga la forma que tenga \u2014sea la de la desigualdad, la pobreza o la exclusi\u00f3n\u2014 la educaci\u00f3n es siempre el mejor escudo.<\/span><\/span><\/span><\/span><\/p>\n<p style=\"margin:0cm 0cm 10pt\"><span style=\"color:#000000;\"><span style=\"font-size:11pt\"><span style=\"line-height:115%\"><span style=\"font-family:Calibri,sans-serif\">Por eso acompa\u00f1amos cada a\u00f1o a m\u00e1s de 7.000 ni\u00f1os, j\u00f3venes y familias mediante actividades educativas y de ocio. Lo hacemos cada d\u00eda en el barrio del Raval y el del Bes\u00f2s i el Maresme (Barcelona); en La Mina (Sant Adri\u00e0 de Bes\u00f2s); en Santa Rosa, Raval y Fondo (Santa Coloma de Gramenet); en Llefi\u00e0 y Sant Roc (Badalona) y en el municipio de Salt (Girona).<\/span><\/span><\/span><\/span><\/p>\n<p style=\"margin:0cm 0cm 10pt\"><span style=\"color:#000000;\"><span style=\"font-size:11pt\"><span style=\"line-height:115%\"><span style=\"font-family:Calibri,sans-serif\">Empresas, escuela, organizaciones: este Sant Jordi os necesitamos para transformar cada rosa en un escudo de oportunidades para muchos ni\u00f1os y j\u00f3venes.<\/span><\/span><\/span><\/span><\/p>\n<p style=\"margin:0cm 0cm 10pt\"><span style=\"color:#000000;\"><span style=\"font-size:11pt\"><span style=\"line-height:115%\"><span style=\"font-family:Calibri,sans-serif\">Os proponemos dos acciones:<\/span><\/span><\/span><\/span><\/p>\n<p style=\"margin:0cm 0cm 10pt\"><span style=\"color:#000000;\"><span style=\"font-size:11pt\"><span style=\"line-height:115%\"><span style=\"font-family:Calibri,sans-serif\">&#8211; Regalar rosas solidarias a favor del Casal dels Infants a vuestro equipo<\/span><\/span><\/span><\/span><\/p>\n<p style=\"margin:0cm 0cm 10pt\"><span style=\"color:#000000;\"><span style=\"font-size:11pt\"><span style=\"line-height:115%\"><span style=\"font-family:Calibri,sans-serif\">&#8211; Montar vuestra parada de rosas solidarias a favor del Casal dels Infants<\/span><\/span><\/span><\/span><\/p>\n<p style=\"margin: 0cm 0cm 10pt;\"><span style=\"font-size:11pt\"><span style=\"line-height:115%\"><span style=\"font-family:Calibri,sans-serif\"><span style=\"color:#000000;\">Gracias a la colaboraci\u00f3n de <\/span><a href=\"https:\/\/www.rosessantjordi.com\/\">Roses Sant Jordi<\/a><span style=\"color:#000000;\"> y su proyecto social <\/span><a href=\"https:\/\/rosessolidaries.cat\/\">Roses Solid\u00e0ries<\/a><span style=\"color:#000000;\">, podemos ofreceros las mejores rosas y la mejor entrega. El equipo de Roses Sant Jordi os har\u00e1 llegar la cantidad de rosas envueltas que quer\u00e1is. Des del Casal dels Infants os enviaremos pegatinas para que pod\u00e1is identificarlas como solidarias.<\/span><\/span><\/span><\/span><\/p>\n<p style=\"margin:0cm 0cm 10pt\"><span style=\"color:#000000;\"><span style=\"font-size:11pt\"><span style=\"line-height:115%\"><span style=\"font-family:Calibri,sans-serif\">Aqu\u00ed encontrar\u00e9is c\u00f3mo realizar vuestro encargo de rosas solidarias. Ten\u00e9is tiempo para reservarlas hasta el 12 de abril.<\/span><\/span><\/span><\/span><\/p>\n<p class=\"verd\" style=\"margin: 0cm 0cm 10pt;\"><u><strong><span style=\"font-size:18px;\"><a href=\"https:\/\/www.rosessantjordi.com\/es\/venta\/rosa-casal-dels-infants.html\">Encargad vuestras rosas solidarias aqu\u00ed: Rosas Casal dels Infants<\/a><\/span><\/strong><\/u><\/p>\n<p class=\"verd\" style=\"margin: 0cm 0cm 10pt;\"><span style=\"color:#000000;\"><span style=\"font-size:11pt\"><span style=\"line-height:115%\"><span style=\"font-family:Calibri,sans-serif\">Gracias por sumaros al Sant Jordi Solidari!<\/span><\/span><\/span><\/span><\/p>\n","protected":false},"excerpt":{"rendered":"<p>En el Casal dels Infants tenemos el convencimiento de que la educaci\u00f3n puede transformar la realidad de muchos ni\u00f1os, ni\u00f1as y j\u00f3venes. Ante cualquier drag\u00f3n, tenga la forma que tenga \u2014sea la de la desigualdad, la pobreza o la exclusi\u00f3n\u2014 la educaci\u00f3n es siempre el mejor escudo. Por eso acompa\u00f1amos cada a\u00f1o a m\u00e1s de [&hellip;]<\/p>\n","protected":false},"author":1,"featured_media":3390,"comment_status":"open","ping_status":"open","sticky":false,"template":"","format":"standard","meta":{"_acf_changed":false,"_et_pb_use_builder":"","_et_pb_old_content":"","_et_gb_content_width":"","inline_featured_image":false,"footnotes":""},"categories":[125],"tags":[66],"seus":[],"eixos":[110],"class_list":["post-4442","post","type-post","status-publish","format-standard","has-post-thumbnail","hentry","category-noticias","tag-sant-jordi","eixos-comunidad-casal-dels-infants"],"acf":[],"yoast_head":"<!-- This site is optimized with the Yoast SEO plugin v27.4 - https:\/\/yoast.com\/product\/yoast-seo-wordpress\/ -->\n<title>Empresas: este Sant Jordi, vuestra rosa ser\u00e1 su escudo - Casal dels Infants<\/title>\n<meta name=\"robots\" content=\"index, follow, max-snippet:-1, max-image-preview:large, max-video-preview:-1\" \/>\n<link rel=\"canonical\" href=\"https:\/\/www.casaldelsinfants.org\/es\/actualidad\/empresas-este-sant-jordi-vuestra-rosa-sera-su-escudo\/\" \/>\n<meta property=\"og:locale\" content=\"es_ES\" \/>\n<meta property=\"og:type\" content=\"article\" \/>\n<meta property=\"og:title\" content=\"Empresas: este Sant Jordi, vuestra rosa ser\u00e1 su escudo - Casal dels Infants\" \/>\n<meta property=\"og:description\" content=\"En el Casal dels Infants tenemos el convencimiento de que la educaci\u00f3n puede transformar la realidad de muchos ni\u00f1os, ni\u00f1as y j\u00f3venes. Ante cualquier drag\u00f3n, tenga la forma que tenga \u2014sea la de la desigualdad, la pobreza o la exclusi\u00f3n\u2014 la educaci\u00f3n es siempre el mejor escudo. Por eso acompa\u00f1amos cada a\u00f1o a m\u00e1s de [&hellip;]\" \/>\n<meta property=\"og:url\" content=\"https:\/\/www.casaldelsinfants.org\/es\/actualidad\/empresas-este-sant-jordi-vuestra-rosa-sera-su-escudo\/\" \/>\n<meta property=\"og:site_name\" content=\"Casal dels Infants\" \/>\n<meta property=\"article:publisher\" content=\"https:\/\/www.facebook.com\/casalinfants\" \/>\n<meta property=\"article:published_time\" content=\"2019-03-18T15:37:34+00:00\" \/>\n<meta property=\"article:modified_time\" content=\"2023-05-01T15:56:56+00:00\" \/>\n<meta property=\"og:image\" content=\"https:\/\/www.casaldelsinfants.org\/wp-content\/uploads\/imatge_amb_logo_sant_jordi-01.png\" \/>\n\t<meta property=\"og:image:width\" content=\"1108\" \/>\n\t<meta property=\"og:image:height\" content=\"716\" \/>\n\t<meta property=\"og:image:type\" content=\"image\/png\" \/>\n<meta name=\"author\" content=\"cdiAdmin\" \/>\n<meta name=\"twitter:card\" content=\"summary_large_image\" \/>\n<meta name=\"twitter:creator\" content=\"@casalinfants\" \/>\n<meta name=\"twitter:site\" content=\"@casalinfants\" \/>\n<meta name=\"twitter:label1\" content=\"Escrito por\" \/>\n\t<meta name=\"twitter:data1\" content=\"cdiAdmin\" \/>\n\t<meta name=\"twitter:label2\" content=\"Tiempo de lectura\" \/>\n\t<meta name=\"twitter:data2\" content=\"1 minuto\" \/>\n<script type=\"application\/ld+json\" class=\"yoast-schema-graph\">{\"@context\":\"https:\\\/\\\/schema.org\",\"@graph\":[{\"@type\":\"Article\",\"@id\":\"https:\\\/\\\/www.casaldelsinfants.org\\\/es\\\/actualidad\\\/empresas-este-sant-jordi-vuestra-rosa-sera-su-escudo\\\/#article\",\"isPartOf\":{\"@id\":\"https:\\\/\\\/www.casaldelsinfants.org\\\/es\\\/actualidad\\\/empresas-este-sant-jordi-vuestra-rosa-sera-su-escudo\\\/\"},\"author\":{\"name\":\"cdiAdmin\",\"@id\":\"https:\\\/\\\/www.casaldelsinfants.org\\\/es\\\/#\\\/schema\\\/person\\\/97707fc8c64900cf36891127dbf9fba8\"},\"headline\":\"Empresas: este Sant Jordi, vuestra rosa ser\u00e1 su escudo\",\"datePublished\":\"2019-03-18T15:37:34+00:00\",\"dateModified\":\"2023-05-01T15:56:56+00:00\",\"mainEntityOfPage\":{\"@id\":\"https:\\\/\\\/www.casaldelsinfants.org\\\/es\\\/actualidad\\\/empresas-este-sant-jordi-vuestra-rosa-sera-su-escudo\\\/\"},\"wordCount\":283,\"commentCount\":0,\"publisher\":{\"@id\":\"https:\\\/\\\/www.casaldelsinfants.org\\\/es\\\/#organization\"},\"image\":{\"@id\":\"https:\\\/\\\/www.casaldelsinfants.org\\\/es\\\/actualidad\\\/empresas-este-sant-jordi-vuestra-rosa-sera-su-escudo\\\/#primaryimage\"},\"thumbnailUrl\":\"https:\\\/\\\/www.casaldelsinfants.org\\\/wp-content\\\/uploads\\\/imatge_amb_logo_sant_jordi-01.png\",\"keywords\":[\"Sant Jordi\"],\"articleSection\":[\"Noticia\"],\"inLanguage\":\"es\",\"potentialAction\":[{\"@type\":\"CommentAction\",\"name\":\"Comment\",\"target\":[\"https:\\\/\\\/www.casaldelsinfants.org\\\/es\\\/actualidad\\\/empresas-este-sant-jordi-vuestra-rosa-sera-su-escudo\\\/#respond\"]}]},{\"@type\":\"WebPage\",\"@id\":\"https:\\\/\\\/www.casaldelsinfants.org\\\/es\\\/actualidad\\\/empresas-este-sant-jordi-vuestra-rosa-sera-su-escudo\\\/\",\"url\":\"https:\\\/\\\/www.casaldelsinfants.org\\\/es\\\/actualidad\\\/empresas-este-sant-jordi-vuestra-rosa-sera-su-escudo\\\/\",\"name\":\"Empresas: este Sant Jordi, vuestra rosa ser\u00e1 su escudo - Casal dels Infants\",\"isPartOf\":{\"@id\":\"https:\\\/\\\/www.casaldelsinfants.org\\\/es\\\/#website\"},\"primaryImageOfPage\":{\"@id\":\"https:\\\/\\\/www.casaldelsinfants.org\\\/es\\\/actualidad\\\/empresas-este-sant-jordi-vuestra-rosa-sera-su-escudo\\\/#primaryimage\"},\"image\":{\"@id\":\"https:\\\/\\\/www.casaldelsinfants.org\\\/es\\\/actualidad\\\/empresas-este-sant-jordi-vuestra-rosa-sera-su-escudo\\\/#primaryimage\"},\"thumbnailUrl\":\"https:\\\/\\\/www.casaldelsinfants.org\\\/wp-content\\\/uploads\\\/imatge_amb_logo_sant_jordi-01.png\",\"datePublished\":\"2019-03-18T15:37:34+00:00\",\"dateModified\":\"2023-05-01T15:56:56+00:00\",\"breadcrumb\":{\"@id\":\"https:\\\/\\\/www.casaldelsinfants.org\\\/es\\\/actualidad\\\/empresas-este-sant-jordi-vuestra-rosa-sera-su-escudo\\\/#breadcrumb\"},\"inLanguage\":\"es\",\"potentialAction\":[{\"@type\":\"ReadAction\",\"target\":[\"https:\\\/\\\/www.casaldelsinfants.org\\\/es\\\/actualidad\\\/empresas-este-sant-jordi-vuestra-rosa-sera-su-escudo\\\/\"]}]},{\"@type\":\"ImageObject\",\"inLanguage\":\"es\",\"@id\":\"https:\\\/\\\/www.casaldelsinfants.org\\\/es\\\/actualidad\\\/empresas-este-sant-jordi-vuestra-rosa-sera-su-escudo\\\/#primaryimage\",\"url\":\"https:\\\/\\\/www.casaldelsinfants.org\\\/wp-content\\\/uploads\\\/imatge_amb_logo_sant_jordi-01.png\",\"contentUrl\":\"https:\\\/\\\/www.casaldelsinfants.org\\\/wp-content\\\/uploads\\\/imatge_amb_logo_sant_jordi-01.png\",\"width\":1108,\"height\":716,\"caption\":\"Animaci\u00f3 de la campanya de Sant Jordi. Es veu un drac escopint foc a un escut amb el logo del Casal dels Infants que protegeix a un grup de persones.\"},{\"@type\":\"BreadcrumbList\",\"@id\":\"https:\\\/\\\/www.casaldelsinfants.org\\\/es\\\/actualidad\\\/empresas-este-sant-jordi-vuestra-rosa-sera-su-escudo\\\/#breadcrumb\",\"itemListElement\":[{\"@type\":\"ListItem\",\"position\":1,\"name\":\"Inici\",\"item\":\"https:\\\/\\\/www.casaldelsinfants.org\\\/es\\\/\"},{\"@type\":\"ListItem\",\"position\":2,\"name\":\"Empresas: este Sant Jordi, vuestra rosa ser\u00e1 su escudo\"}]},{\"@type\":\"WebSite\",\"@id\":\"https:\\\/\\\/www.casaldelsinfants.org\\\/es\\\/#website\",\"url\":\"https:\\\/\\\/www.casaldelsinfants.org\\\/es\\\/\",\"name\":\"Casal dels Infants\",\"description\":\"\",\"publisher\":{\"@id\":\"https:\\\/\\\/www.casaldelsinfants.org\\\/es\\\/#organization\"},\"potentialAction\":[{\"@type\":\"SearchAction\",\"target\":{\"@type\":\"EntryPoint\",\"urlTemplate\":\"https:\\\/\\\/www.casaldelsinfants.org\\\/es\\\/?s={search_term_string}\"},\"query-input\":{\"@type\":\"PropertyValueSpecification\",\"valueRequired\":true,\"valueName\":\"search_term_string\"}}],\"inLanguage\":\"es\"},{\"@type\":\"Organization\",\"@id\":\"https:\\\/\\\/www.casaldelsinfants.org\\\/es\\\/#organization\",\"name\":\"Casal dels Infants\",\"url\":\"https:\\\/\\\/www.casaldelsinfants.org\\\/es\\\/\",\"logo\":{\"@type\":\"ImageObject\",\"inLanguage\":\"es\",\"@id\":\"https:\\\/\\\/www.casaldelsinfants.org\\\/es\\\/#\\\/schema\\\/logo\\\/image\\\/\",\"url\":\"https:\\\/\\\/www.casaldelsinfants.org\\\/wp-content\\\/uploads\\\/logo-mail.png\",\"contentUrl\":\"https:\\\/\\\/www.casaldelsinfants.org\\\/wp-content\\\/uploads\\\/logo-mail.png\",\"width\":380,\"height\":158,\"caption\":\"Casal dels Infants\"},\"image\":{\"@id\":\"https:\\\/\\\/www.casaldelsinfants.org\\\/es\\\/#\\\/schema\\\/logo\\\/image\\\/\"},\"sameAs\":[\"https:\\\/\\\/www.facebook.com\\\/casalinfants\",\"https:\\\/\\\/x.com\\\/casalinfants\",\"https:\\\/\\\/www.youtube.com\\\/user\\\/CasaldelsInfants1\",\"https:\\\/\\\/www.instagram.com\\\/casalinfants\\\/\",\"https:\\\/\\\/www.linkedin.com\\\/company\\\/casaldelsinfants?trk=organization-update_share-update_actor-text\"]},{\"@type\":\"Person\",\"@id\":\"https:\\\/\\\/www.casaldelsinfants.org\\\/es\\\/#\\\/schema\\\/person\\\/97707fc8c64900cf36891127dbf9fba8\",\"name\":\"cdiAdmin\",\"sameAs\":[\"https:\\\/\\\/casaldelsinfants.org\"]}]}<\/script>\n<!-- \/ Yoast SEO plugin. -->","yoast_head_json":{"title":"Empresas: este Sant Jordi, vuestra rosa ser\u00e1 su escudo - Casal dels Infants","robots":{"index":"index","follow":"follow","max-snippet":"max-snippet:-1","max-image-preview":"max-image-preview:large","max-video-preview":"max-video-preview:-1"},"canonical":"https:\/\/www.casaldelsinfants.org\/es\/actualidad\/empresas-este-sant-jordi-vuestra-rosa-sera-su-escudo\/","og_locale":"es_ES","og_type":"article","og_title":"Empresas: este Sant Jordi, vuestra rosa ser\u00e1 su escudo - Casal dels Infants","og_description":"En el Casal dels Infants tenemos el convencimiento de que la educaci\u00f3n puede transformar la realidad de muchos ni\u00f1os, ni\u00f1as y j\u00f3venes. Ante cualquier drag\u00f3n, tenga la forma que tenga \u2014sea la de la desigualdad, la pobreza o la exclusi\u00f3n\u2014 la educaci\u00f3n es siempre el mejor escudo. Por eso acompa\u00f1amos cada a\u00f1o a m\u00e1s de [&hellip;]","og_url":"https:\/\/www.casaldelsinfants.org\/es\/actualidad\/empresas-este-sant-jordi-vuestra-rosa-sera-su-escudo\/","og_site_name":"Casal dels Infants","article_publisher":"https:\/\/www.facebook.com\/casalinfants","article_published_time":"2019-03-18T15:37:34+00:00","article_modified_time":"2023-05-01T15:56:56+00:00","og_image":[{"width":1108,"height":716,"url":"https:\/\/www.casaldelsinfants.org\/wp-content\/uploads\/imatge_amb_logo_sant_jordi-01.png","type":"image\/png"}],"author":"cdiAdmin","twitter_card":"summary_large_image","twitter_creator":"@casalinfants","twitter_site":"@casalinfants","twitter_misc":{"Escrito por":"cdiAdmin","Tiempo de lectura":"1 minuto"},"schema":{"@context":"https:\/\/schema.org","@graph":[{"@type":"Article","@id":"https:\/\/www.casaldelsinfants.org\/es\/actualidad\/empresas-este-sant-jordi-vuestra-rosa-sera-su-escudo\/#article","isPartOf":{"@id":"https:\/\/www.casaldelsinfants.org\/es\/actualidad\/empresas-este-sant-jordi-vuestra-rosa-sera-su-escudo\/"},"author":{"name":"cdiAdmin","@id":"https:\/\/www.casaldelsinfants.org\/es\/#\/schema\/person\/97707fc8c64900cf36891127dbf9fba8"},"headline":"Empresas: este Sant Jordi, vuestra rosa ser\u00e1 su escudo","datePublished":"2019-03-18T15:37:34+00:00","dateModified":"2023-05-01T15:56:56+00:00","mainEntityOfPage":{"@id":"https:\/\/www.casaldelsinfants.org\/es\/actualidad\/empresas-este-sant-jordi-vuestra-rosa-sera-su-escudo\/"},"wordCount":283,"commentCount":0,"publisher":{"@id":"https:\/\/www.casaldelsinfants.org\/es\/#organization"},"image":{"@id":"https:\/\/www.casaldelsinfants.org\/es\/actualidad\/empresas-este-sant-jordi-vuestra-rosa-sera-su-escudo\/#primaryimage"},"thumbnailUrl":"https:\/\/www.casaldelsinfants.org\/wp-content\/uploads\/imatge_amb_logo_sant_jordi-01.png","keywords":["Sant Jordi"],"articleSection":["Noticia"],"inLanguage":"es","potentialAction":[{"@type":"CommentAction","name":"Comment","target":["https:\/\/www.casaldelsinfants.org\/es\/actualidad\/empresas-este-sant-jordi-vuestra-rosa-sera-su-escudo\/#respond"]}]},{"@type":"WebPage","@id":"https:\/\/www.casaldelsinfants.org\/es\/actualidad\/empresas-este-sant-jordi-vuestra-rosa-sera-su-escudo\/","url":"https:\/\/www.casaldelsinfants.org\/es\/actualidad\/empresas-este-sant-jordi-vuestra-rosa-sera-su-escudo\/","name":"Empresas: este Sant Jordi, vuestra rosa ser\u00e1 su escudo - Casal dels Infants","isPartOf":{"@id":"https:\/\/www.casaldelsinfants.org\/es\/#website"},"primaryImageOfPage":{"@id":"https:\/\/www.casaldelsinfants.org\/es\/actualidad\/empresas-este-sant-jordi-vuestra-rosa-sera-su-escudo\/#primaryimage"},"image":{"@id":"https:\/\/www.casaldelsinfants.org\/es\/actualidad\/empresas-este-sant-jordi-vuestra-rosa-sera-su-escudo\/#primaryimage"},"thumbnailUrl":"https:\/\/www.casaldelsinfants.org\/wp-content\/uploads\/imatge_amb_logo_sant_jordi-01.png","datePublished":"2019-03-18T15:37:34+00:00","dateModified":"2023-05-01T15:56:56+00:00","breadcrumb":{"@id":"https:\/\/www.casaldelsinfants.org\/es\/actualidad\/empresas-este-sant-jordi-vuestra-rosa-sera-su-escudo\/#breadcrumb"},"inLanguage":"es","potentialAction":[{"@type":"ReadAction","target":["https:\/\/www.casaldelsinfants.org\/es\/actualidad\/empresas-este-sant-jordi-vuestra-rosa-sera-su-escudo\/"]}]},{"@type":"ImageObject","inLanguage":"es","@id":"https:\/\/www.casaldelsinfants.org\/es\/actualidad\/empresas-este-sant-jordi-vuestra-rosa-sera-su-escudo\/#primaryimage","url":"https:\/\/www.casaldelsinfants.org\/wp-content\/uploads\/imatge_amb_logo_sant_jordi-01.png","contentUrl":"https:\/\/www.casaldelsinfants.org\/wp-content\/uploads\/imatge_amb_logo_sant_jordi-01.png","width":1108,"height":716,"caption":"Animaci\u00f3 de la campanya de Sant Jordi. Es veu un drac escopint foc a un escut amb el logo del Casal dels Infants que protegeix a un grup de persones."},{"@type":"BreadcrumbList","@id":"https:\/\/www.casaldelsinfants.org\/es\/actualidad\/empresas-este-sant-jordi-vuestra-rosa-sera-su-escudo\/#breadcrumb","itemListElement":[{"@type":"ListItem","position":1,"name":"Inici","item":"https:\/\/www.casaldelsinfants.org\/es\/"},{"@type":"ListItem","position":2,"name":"Empresas: este Sant Jordi, vuestra rosa ser\u00e1 su escudo"}]},{"@type":"WebSite","@id":"https:\/\/www.casaldelsinfants.org\/es\/#website","url":"https:\/\/www.casaldelsinfants.org\/es\/","name":"Casal dels Infants","description":"","publisher":{"@id":"https:\/\/www.casaldelsinfants.org\/es\/#organization"},"potentialAction":[{"@type":"SearchAction","target":{"@type":"EntryPoint","urlTemplate":"https:\/\/www.casaldelsinfants.org\/es\/?s={search_term_string}"},"query-input":{"@type":"PropertyValueSpecification","valueRequired":true,"valueName":"search_term_string"}}],"inLanguage":"es"},{"@type":"Organization","@id":"https:\/\/www.casaldelsinfants.org\/es\/#organization","name":"Casal dels Infants","url":"https:\/\/www.casaldelsinfants.org\/es\/","logo":{"@type":"ImageObject","inLanguage":"es","@id":"https:\/\/www.casaldelsinfants.org\/es\/#\/schema\/logo\/image\/","url":"https:\/\/www.casaldelsinfants.org\/wp-content\/uploads\/logo-mail.png","contentUrl":"https:\/\/www.casaldelsinfants.org\/wp-content\/uploads\/logo-mail.png","width":380,"height":158,"caption":"Casal dels Infants"},"image":{"@id":"https:\/\/www.casaldelsinfants.org\/es\/#\/schema\/logo\/image\/"},"sameAs":["https:\/\/www.facebook.com\/casalinfants","https:\/\/x.com\/casalinfants","https:\/\/www.youtube.com\/user\/CasaldelsInfants1","https:\/\/www.instagram.com\/casalinfants\/","https:\/\/www.linkedin.com\/company\/casaldelsinfants?trk=organization-update_share-update_actor-text"]},{"@type":"Person","@id":"https:\/\/www.casaldelsinfants.org\/es\/#\/schema\/person\/97707fc8c64900cf36891127dbf9fba8","name":"cdiAdmin","sameAs":["https:\/\/casaldelsinfants.org"]}]}},"publishpress_future_action":{"enabled":false,"date":"2026-05-07 11:24:27","action":"change-status","newStatus":"draft","terms":[],"taxonomy":"category","extraData":[]},"publishpress_future_workflow_manual_trigger":{"enabledWorkflows":[]},"_links":{"self":[{"href":"https:\/\/www.casaldelsinfants.org\/es\/wp-json\/wp\/v2\/posts\/4442","targetHints":{"allow":["GET"]}}],"collection":[{"href":"https:\/\/www.casaldelsinfants.org\/es\/wp-json\/wp\/v2\/posts"}],"about":[{"href":"https:\/\/www.casaldelsinfants.org\/es\/wp-json\/wp\/v2\/types\/post"}],"author":[{"embeddable":true,"href":"https:\/\/www.casaldelsinfants.org\/es\/wp-json\/wp\/v2\/users\/1"}],"replies":[{"embeddable":true,"href":"https:\/\/www.casaldelsinfants.org\/es\/wp-json\/wp\/v2\/comments?post=4442"}],"version-history":[{"count":1,"href":"https:\/\/www.casaldelsinfants.org\/es\/wp-json\/wp\/v2\/posts\/4442\/revisions"}],"predecessor-version":[{"id":6384,"href":"https:\/\/www.casaldelsinfants.org\/es\/wp-json\/wp\/v2\/posts\/4442\/revisions\/6384"}],"wp:featuredmedia":[{"embeddable":true,"href":"https:\/\/www.casaldelsinfants.org\/es\/wp-json\/wp\/v2\/media\/3390"}],"wp:attachment":[{"href":"https:\/\/www.casaldelsinfants.org\/es\/wp-json\/wp\/v2\/media?parent=4442"}],"wp:term":[{"taxonomy":"category","embeddable":true,"href":"https:\/\/www.casaldelsinfants.org\/es\/wp-json\/wp\/v2\/categories?post=4442"},{"taxonomy":"post_tag","embeddable":true,"href":"https:\/\/www.casaldelsinfants.org\/es\/wp-json\/wp\/v2\/tags?post=4442"},{"taxonomy":"seus","embeddable":true,"href":"https:\/\/www.casaldelsinfants.org\/es\/wp-json\/wp\/v2\/seus?post=4442"},{"taxonomy":"eixos","embeddable":true,"href":"https:\/\/www.casaldelsinfants.org\/es\/wp-json\/wp\/v2\/eixos?post=4442"}],"curies":[{"name":"wp","href":"https:\/\/api.w.org\/{rel}","templated":true}]}}