{"id":4444,"date":"2019-03-15T11:55:06","date_gmt":"2019-03-15T09:55:06","guid":{"rendered":"https:\/\/casal.puntzero.cat\/noticies\/setmana-santa-garantim-educacio-i-lleure-mes-de-1100-infants\/"},"modified":"2023-09-05T11:11:20","modified_gmt":"2023-09-05T09:11:20","slug":"setmana-santa-garantim-educacio-i-lleure-mes-de-1100-infants","status":"publish","type":"post","link":"https:\/\/www.casaldelsinfants.org\/es\/actualidad\/setmana-santa-garantim-educacio-i-lleure-mes-de-1100-infants\/","title":{"rendered":"\u00a1Por Semana Santa, garantizamos educaci\u00f3n y ocio a m\u00e1s de 1.100 ni\u00f1os y ni\u00f1as!"},"content":{"rendered":"<p>Estas vacaciones de Semana Santa en el Casal dels Infants acompa\u00f1aremos a m\u00e1s de 1.100 ni\u00f1os y ni\u00f1as en situaci\u00f3n de vulnerabilidad a trav\u00e9s de actividades educativas y de ocio. Y lo haremos porque\u00a0cuando los centros educativos cierran necesitamos m\u00e1s que nunca garantizarles espacios para aprender, compartir y disfrutar entre amigos.<\/p>\n<p><span style=\"color: #000000;\">Como hacemos durante todo el a\u00f1o mediante nuestros servicios socioeducativos, haremos que estos tres d\u00edas festivos sean inolvidables, con excursiones, juegos, talleres art\u00edsticos, actividades deportivas&#8230; Tambi\u00e9n dedicaremos tiempo al refuerzo escolar, para repasar y consolidar lo que los ni\u00f1os y ni\u00f1as han aprendido en la escuela.<\/span><\/p>\n<p><span style=\"color: #000000;\">Podremos hacerlo gracias al apoyo de personas como tu, comprometidas con el derecho de los m\u00e1s peque\u00f1os a disfrutar de unas vacaciones educativas en igualdad de oportunidades y condiciones. Tambi\u00e9n gracias a muchas personas voluntarias que suman su compromiso al de nuestro equipo educativo. \u00a1El reto es grande, pero juntos lo conseguiremos!<\/span><\/p>\n<p><span style=\"color: #000000;\">\u00a1Hazlo posible!\u00a0<\/span><span style=\"color: #000000;\">Esta Semana Santa, <strong>haz un donativo<\/strong> para el Casal dels Infants o <strong><a href=\"https:\/\/www.casaldelsinfants.org\/es\/que-puedes-hacer-tu\/haz-un-donativo\/\">ven a hacer voluntariado<\/a><\/strong>!<\/span><\/p>\n<p>\u00a1Muchas gracias!<\/p>\n","protected":false},"excerpt":{"rendered":"<p>Estas vacaciones de Semana Santa en el Casal dels Infants acompa\u00f1aremos a m\u00e1s de 1.100 ni\u00f1os y ni\u00f1as en situaci\u00f3n de vulnerabilidad a trav\u00e9s de actividades educativas y de ocio. Y lo haremos porque\u00a0cuando los centros educativos cierran necesitamos m\u00e1s que nunca garantizarles espacios para aprender, compartir y disfrutar entre amigos. Como hacemos durante todo [&hellip;]<\/p>\n","protected":false},"author":1,"featured_media":3396,"comment_status":"open","ping_status":"open","sticky":false,"template":"","format":"standard","meta":{"_acf_changed":false,"_et_pb_use_builder":"","_et_pb_old_content":"","_et_gb_content_width":"","inline_featured_image":false,"footnotes":""},"categories":[125],"tags":[],"seus":[],"eixos":[99,207],"class_list":["post-4444","post","type-post","status-publish","format-standard","has-post-thumbnail","hentry","category-noticias","eixos-infancia-y-adolescencia","eixos-infancia-i-adolescencia-es-2"],"acf":[],"yoast_head":"<!-- This site is optimized with the Yoast SEO plugin v27.4 - https:\/\/yoast.com\/product\/yoast-seo-wordpress\/ -->\n<title>\u00a1Por Semana Santa, garantizamos educaci\u00f3n y ocio a m\u00e1s de 1.100 ni\u00f1os y ni\u00f1as! - Casal dels Infants<\/title>\n<meta name=\"robots\" content=\"index, follow, max-snippet:-1, max-image-preview:large, max-video-preview:-1\" \/>\n<link rel=\"canonical\" href=\"https:\/\/www.casaldelsinfants.org\/es\/actualidad\/setmana-santa-garantim-educacio-i-lleure-mes-de-1100-infants\/\" \/>\n<meta property=\"og:locale\" content=\"es_ES\" \/>\n<meta property=\"og:type\" content=\"article\" \/>\n<meta property=\"og:title\" content=\"\u00a1Por Semana Santa, garantizamos educaci\u00f3n y ocio a m\u00e1s de 1.100 ni\u00f1os y ni\u00f1as! - Casal dels Infants\" \/>\n<meta property=\"og:description\" content=\"Estas vacaciones de Semana Santa en el Casal dels Infants acompa\u00f1aremos a m\u00e1s de 1.100 ni\u00f1os y ni\u00f1as en situaci\u00f3n de vulnerabilidad a trav\u00e9s de actividades educativas y de ocio. Y lo haremos porque\u00a0cuando los centros educativos cierran necesitamos m\u00e1s que nunca garantizarles espacios para aprender, compartir y disfrutar entre amigos. Como hacemos durante todo [&hellip;]\" \/>\n<meta property=\"og:url\" content=\"https:\/\/www.casaldelsinfants.org\/es\/actualidad\/setmana-santa-garantim-educacio-i-lleure-mes-de-1100-infants\/\" \/>\n<meta property=\"og:site_name\" content=\"Casal dels Infants\" \/>\n<meta property=\"article:publisher\" content=\"https:\/\/www.facebook.com\/casalinfants\" \/>\n<meta property=\"article:published_time\" content=\"2019-03-15T09:55:06+00:00\" \/>\n<meta property=\"article:modified_time\" content=\"2023-09-05T09:11:20+00:00\" \/>\n<meta property=\"og:image\" content=\"https:\/\/www.casaldelsinfants.org\/wp-content\/uploads\/setmana_santa_bona-scaled.jpg\" \/>\n\t<meta property=\"og:image:width\" content=\"2560\" \/>\n\t<meta property=\"og:image:height\" content=\"1554\" \/>\n\t<meta property=\"og:image:type\" content=\"image\/jpeg\" \/>\n<meta name=\"author\" content=\"cdiAdmin\" \/>\n<meta name=\"twitter:card\" content=\"summary_large_image\" \/>\n<meta name=\"twitter:creator\" content=\"@casalinfants\" \/>\n<meta name=\"twitter:site\" content=\"@casalinfants\" \/>\n<meta name=\"twitter:label1\" content=\"Escrito por\" \/>\n\t<meta name=\"twitter:data1\" content=\"cdiAdmin\" \/>\n\t<meta name=\"twitter:label2\" content=\"Tiempo de lectura\" \/>\n\t<meta name=\"twitter:data2\" content=\"1 minuto\" \/>\n<script type=\"application\/ld+json\" class=\"yoast-schema-graph\">{\"@context\":\"https:\\\/\\\/schema.org\",\"@graph\":[{\"@type\":\"Article\",\"@id\":\"https:\\\/\\\/www.casaldelsinfants.org\\\/es\\\/actualidad\\\/setmana-santa-garantim-educacio-i-lleure-mes-de-1100-infants\\\/#article\",\"isPartOf\":{\"@id\":\"https:\\\/\\\/www.casaldelsinfants.org\\\/es\\\/actualidad\\\/setmana-santa-garantim-educacio-i-lleure-mes-de-1100-infants\\\/\"},\"author\":{\"name\":\"cdiAdmin\",\"@id\":\"https:\\\/\\\/www.casaldelsinfants.org\\\/es\\\/#\\\/schema\\\/person\\\/97707fc8c64900cf36891127dbf9fba8\"},\"headline\":\"\u00a1Por Semana Santa, garantizamos educaci\u00f3n y ocio a m\u00e1s de 1.100 ni\u00f1os y ni\u00f1as!\",\"datePublished\":\"2019-03-15T09:55:06+00:00\",\"dateModified\":\"2023-09-05T09:11:20+00:00\",\"mainEntityOfPage\":{\"@id\":\"https:\\\/\\\/www.casaldelsinfants.org\\\/es\\\/actualidad\\\/setmana-santa-garantim-educacio-i-lleure-mes-de-1100-infants\\\/\"},\"wordCount\":202,\"commentCount\":0,\"publisher\":{\"@id\":\"https:\\\/\\\/www.casaldelsinfants.org\\\/es\\\/#organization\"},\"image\":{\"@id\":\"https:\\\/\\\/www.casaldelsinfants.org\\\/es\\\/actualidad\\\/setmana-santa-garantim-educacio-i-lleure-mes-de-1100-infants\\\/#primaryimage\"},\"thumbnailUrl\":\"https:\\\/\\\/www.casaldelsinfants.org\\\/wp-content\\\/uploads\\\/setmana_santa_bona-scaled.jpg\",\"articleSection\":[\"Noticia\"],\"inLanguage\":\"es\",\"potentialAction\":[{\"@type\":\"CommentAction\",\"name\":\"Comment\",\"target\":[\"https:\\\/\\\/www.casaldelsinfants.org\\\/es\\\/actualidad\\\/setmana-santa-garantim-educacio-i-lleure-mes-de-1100-infants\\\/#respond\"]}]},{\"@type\":\"WebPage\",\"@id\":\"https:\\\/\\\/www.casaldelsinfants.org\\\/es\\\/actualidad\\\/setmana-santa-garantim-educacio-i-lleure-mes-de-1100-infants\\\/\",\"url\":\"https:\\\/\\\/www.casaldelsinfants.org\\\/es\\\/actualidad\\\/setmana-santa-garantim-educacio-i-lleure-mes-de-1100-infants\\\/\",\"name\":\"\u00a1Por Semana Santa, garantizamos educaci\u00f3n y ocio a m\u00e1s de 1.100 ni\u00f1os y ni\u00f1as! - Casal dels Infants\",\"isPartOf\":{\"@id\":\"https:\\\/\\\/www.casaldelsinfants.org\\\/es\\\/#website\"},\"primaryImageOfPage\":{\"@id\":\"https:\\\/\\\/www.casaldelsinfants.org\\\/es\\\/actualidad\\\/setmana-santa-garantim-educacio-i-lleure-mes-de-1100-infants\\\/#primaryimage\"},\"image\":{\"@id\":\"https:\\\/\\\/www.casaldelsinfants.org\\\/es\\\/actualidad\\\/setmana-santa-garantim-educacio-i-lleure-mes-de-1100-infants\\\/#primaryimage\"},\"thumbnailUrl\":\"https:\\\/\\\/www.casaldelsinfants.org\\\/wp-content\\\/uploads\\\/setmana_santa_bona-scaled.jpg\",\"datePublished\":\"2019-03-15T09:55:06+00:00\",\"dateModified\":\"2023-09-05T09:11:20+00:00\",\"breadcrumb\":{\"@id\":\"https:\\\/\\\/www.casaldelsinfants.org\\\/es\\\/actualidad\\\/setmana-santa-garantim-educacio-i-lleure-mes-de-1100-infants\\\/#breadcrumb\"},\"inLanguage\":\"es\",\"potentialAction\":[{\"@type\":\"ReadAction\",\"target\":[\"https:\\\/\\\/www.casaldelsinfants.org\\\/es\\\/actualidad\\\/setmana-santa-garantim-educacio-i-lleure-mes-de-1100-infants\\\/\"]}]},{\"@type\":\"ImageObject\",\"inLanguage\":\"es\",\"@id\":\"https:\\\/\\\/www.casaldelsinfants.org\\\/es\\\/actualidad\\\/setmana-santa-garantim-educacio-i-lleure-mes-de-1100-infants\\\/#primaryimage\",\"url\":\"https:\\\/\\\/www.casaldelsinfants.org\\\/wp-content\\\/uploads\\\/setmana_santa_bona-scaled.jpg\",\"contentUrl\":\"https:\\\/\\\/www.casaldelsinfants.org\\\/wp-content\\\/uploads\\\/setmana_santa_bona-scaled.jpg\",\"width\":2560,\"height\":1554,\"caption\":\"Nens i nenes jugant amb una pilota.\"},{\"@type\":\"BreadcrumbList\",\"@id\":\"https:\\\/\\\/www.casaldelsinfants.org\\\/es\\\/actualidad\\\/setmana-santa-garantim-educacio-i-lleure-mes-de-1100-infants\\\/#breadcrumb\",\"itemListElement\":[{\"@type\":\"ListItem\",\"position\":1,\"name\":\"Inici\",\"item\":\"https:\\\/\\\/www.casaldelsinfants.org\\\/es\\\/\"},{\"@type\":\"ListItem\",\"position\":2,\"name\":\"\u00a1Por Semana Santa, garantizamos educaci\u00f3n y ocio a m\u00e1s de 1.100 ni\u00f1os y ni\u00f1as!\"}]},{\"@type\":\"WebSite\",\"@id\":\"https:\\\/\\\/www.casaldelsinfants.org\\\/es\\\/#website\",\"url\":\"https:\\\/\\\/www.casaldelsinfants.org\\\/es\\\/\",\"name\":\"Casal dels Infants\",\"description\":\"\",\"publisher\":{\"@id\":\"https:\\\/\\\/www.casaldelsinfants.org\\\/es\\\/#organization\"},\"potentialAction\":[{\"@type\":\"SearchAction\",\"target\":{\"@type\":\"EntryPoint\",\"urlTemplate\":\"https:\\\/\\\/www.casaldelsinfants.org\\\/es\\\/?s={search_term_string}\"},\"query-input\":{\"@type\":\"PropertyValueSpecification\",\"valueRequired\":true,\"valueName\":\"search_term_string\"}}],\"inLanguage\":\"es\"},{\"@type\":\"Organization\",\"@id\":\"https:\\\/\\\/www.casaldelsinfants.org\\\/es\\\/#organization\",\"name\":\"Casal dels Infants\",\"url\":\"https:\\\/\\\/www.casaldelsinfants.org\\\/es\\\/\",\"logo\":{\"@type\":\"ImageObject\",\"inLanguage\":\"es\",\"@id\":\"https:\\\/\\\/www.casaldelsinfants.org\\\/es\\\/#\\\/schema\\\/logo\\\/image\\\/\",\"url\":\"https:\\\/\\\/www.casaldelsinfants.org\\\/wp-content\\\/uploads\\\/logo-mail.png\",\"contentUrl\":\"https:\\\/\\\/www.casaldelsinfants.org\\\/wp-content\\\/uploads\\\/logo-mail.png\",\"width\":380,\"height\":158,\"caption\":\"Casal dels Infants\"},\"image\":{\"@id\":\"https:\\\/\\\/www.casaldelsinfants.org\\\/es\\\/#\\\/schema\\\/logo\\\/image\\\/\"},\"sameAs\":[\"https:\\\/\\\/www.facebook.com\\\/casalinfants\",\"https:\\\/\\\/x.com\\\/casalinfants\",\"https:\\\/\\\/www.youtube.com\\\/user\\\/CasaldelsInfants1\",\"https:\\\/\\\/www.instagram.com\\\/casalinfants\\\/\",\"https:\\\/\\\/www.linkedin.com\\\/company\\\/casaldelsinfants?trk=organization-update_share-update_actor-text\"]},{\"@type\":\"Person\",\"@id\":\"https:\\\/\\\/www.casaldelsinfants.org\\\/es\\\/#\\\/schema\\\/person\\\/97707fc8c64900cf36891127dbf9fba8\",\"name\":\"cdiAdmin\",\"sameAs\":[\"https:\\\/\\\/casaldelsinfants.org\"]}]}<\/script>\n<!-- \/ Yoast SEO plugin. -->","yoast_head_json":{"title":"\u00a1Por Semana Santa, garantizamos educaci\u00f3n y ocio a m\u00e1s de 1.100 ni\u00f1os y ni\u00f1as! - Casal dels Infants","robots":{"index":"index","follow":"follow","max-snippet":"max-snippet:-1","max-image-preview":"max-image-preview:large","max-video-preview":"max-video-preview:-1"},"canonical":"https:\/\/www.casaldelsinfants.org\/es\/actualidad\/setmana-santa-garantim-educacio-i-lleure-mes-de-1100-infants\/","og_locale":"es_ES","og_type":"article","og_title":"\u00a1Por Semana Santa, garantizamos educaci\u00f3n y ocio a m\u00e1s de 1.100 ni\u00f1os y ni\u00f1as! - Casal dels Infants","og_description":"Estas vacaciones de Semana Santa en el Casal dels Infants acompa\u00f1aremos a m\u00e1s de 1.100 ni\u00f1os y ni\u00f1as en situaci\u00f3n de vulnerabilidad a trav\u00e9s de actividades educativas y de ocio. Y lo haremos porque\u00a0cuando los centros educativos cierran necesitamos m\u00e1s que nunca garantizarles espacios para aprender, compartir y disfrutar entre amigos. Como hacemos durante todo [&hellip;]","og_url":"https:\/\/www.casaldelsinfants.org\/es\/actualidad\/setmana-santa-garantim-educacio-i-lleure-mes-de-1100-infants\/","og_site_name":"Casal dels Infants","article_publisher":"https:\/\/www.facebook.com\/casalinfants","article_published_time":"2019-03-15T09:55:06+00:00","article_modified_time":"2023-09-05T09:11:20+00:00","og_image":[{"width":2560,"height":1554,"url":"https:\/\/www.casaldelsinfants.org\/wp-content\/uploads\/setmana_santa_bona-scaled.jpg","type":"image\/jpeg"}],"author":"cdiAdmin","twitter_card":"summary_large_image","twitter_creator":"@casalinfants","twitter_site":"@casalinfants","twitter_misc":{"Escrito por":"cdiAdmin","Tiempo de lectura":"1 minuto"},"schema":{"@context":"https:\/\/schema.org","@graph":[{"@type":"Article","@id":"https:\/\/www.casaldelsinfants.org\/es\/actualidad\/setmana-santa-garantim-educacio-i-lleure-mes-de-1100-infants\/#article","isPartOf":{"@id":"https:\/\/www.casaldelsinfants.org\/es\/actualidad\/setmana-santa-garantim-educacio-i-lleure-mes-de-1100-infants\/"},"author":{"name":"cdiAdmin","@id":"https:\/\/www.casaldelsinfants.org\/es\/#\/schema\/person\/97707fc8c64900cf36891127dbf9fba8"},"headline":"\u00a1Por Semana Santa, garantizamos educaci\u00f3n y ocio a m\u00e1s de 1.100 ni\u00f1os y ni\u00f1as!","datePublished":"2019-03-15T09:55:06+00:00","dateModified":"2023-09-05T09:11:20+00:00","mainEntityOfPage":{"@id":"https:\/\/www.casaldelsinfants.org\/es\/actualidad\/setmana-santa-garantim-educacio-i-lleure-mes-de-1100-infants\/"},"wordCount":202,"commentCount":0,"publisher":{"@id":"https:\/\/www.casaldelsinfants.org\/es\/#organization"},"image":{"@id":"https:\/\/www.casaldelsinfants.org\/es\/actualidad\/setmana-santa-garantim-educacio-i-lleure-mes-de-1100-infants\/#primaryimage"},"thumbnailUrl":"https:\/\/www.casaldelsinfants.org\/wp-content\/uploads\/setmana_santa_bona-scaled.jpg","articleSection":["Noticia"],"inLanguage":"es","potentialAction":[{"@type":"CommentAction","name":"Comment","target":["https:\/\/www.casaldelsinfants.org\/es\/actualidad\/setmana-santa-garantim-educacio-i-lleure-mes-de-1100-infants\/#respond"]}]},{"@type":"WebPage","@id":"https:\/\/www.casaldelsinfants.org\/es\/actualidad\/setmana-santa-garantim-educacio-i-lleure-mes-de-1100-infants\/","url":"https:\/\/www.casaldelsinfants.org\/es\/actualidad\/setmana-santa-garantim-educacio-i-lleure-mes-de-1100-infants\/","name":"\u00a1Por Semana Santa, garantizamos educaci\u00f3n y ocio a m\u00e1s de 1.100 ni\u00f1os y ni\u00f1as! - Casal dels Infants","isPartOf":{"@id":"https:\/\/www.casaldelsinfants.org\/es\/#website"},"primaryImageOfPage":{"@id":"https:\/\/www.casaldelsinfants.org\/es\/actualidad\/setmana-santa-garantim-educacio-i-lleure-mes-de-1100-infants\/#primaryimage"},"image":{"@id":"https:\/\/www.casaldelsinfants.org\/es\/actualidad\/setmana-santa-garantim-educacio-i-lleure-mes-de-1100-infants\/#primaryimage"},"thumbnailUrl":"https:\/\/www.casaldelsinfants.org\/wp-content\/uploads\/setmana_santa_bona-scaled.jpg","datePublished":"2019-03-15T09:55:06+00:00","dateModified":"2023-09-05T09:11:20+00:00","breadcrumb":{"@id":"https:\/\/www.casaldelsinfants.org\/es\/actualidad\/setmana-santa-garantim-educacio-i-lleure-mes-de-1100-infants\/#breadcrumb"},"inLanguage":"es","potentialAction":[{"@type":"ReadAction","target":["https:\/\/www.casaldelsinfants.org\/es\/actualidad\/setmana-santa-garantim-educacio-i-lleure-mes-de-1100-infants\/"]}]},{"@type":"ImageObject","inLanguage":"es","@id":"https:\/\/www.casaldelsinfants.org\/es\/actualidad\/setmana-santa-garantim-educacio-i-lleure-mes-de-1100-infants\/#primaryimage","url":"https:\/\/www.casaldelsinfants.org\/wp-content\/uploads\/setmana_santa_bona-scaled.jpg","contentUrl":"https:\/\/www.casaldelsinfants.org\/wp-content\/uploads\/setmana_santa_bona-scaled.jpg","width":2560,"height":1554,"caption":"Nens i nenes jugant amb una pilota."},{"@type":"BreadcrumbList","@id":"https:\/\/www.casaldelsinfants.org\/es\/actualidad\/setmana-santa-garantim-educacio-i-lleure-mes-de-1100-infants\/#breadcrumb","itemListElement":[{"@type":"ListItem","position":1,"name":"Inici","item":"https:\/\/www.casaldelsinfants.org\/es\/"},{"@type":"ListItem","position":2,"name":"\u00a1Por Semana Santa, garantizamos educaci\u00f3n y ocio a m\u00e1s de 1.100 ni\u00f1os y ni\u00f1as!"}]},{"@type":"WebSite","@id":"https:\/\/www.casaldelsinfants.org\/es\/#website","url":"https:\/\/www.casaldelsinfants.org\/es\/","name":"Casal dels Infants","description":"","publisher":{"@id":"https:\/\/www.casaldelsinfants.org\/es\/#organization"},"potentialAction":[{"@type":"SearchAction","target":{"@type":"EntryPoint","urlTemplate":"https:\/\/www.casaldelsinfants.org\/es\/?s={search_term_string}"},"query-input":{"@type":"PropertyValueSpecification","valueRequired":true,"valueName":"search_term_string"}}],"inLanguage":"es"},{"@type":"Organization","@id":"https:\/\/www.casaldelsinfants.org\/es\/#organization","name":"Casal dels Infants","url":"https:\/\/www.casaldelsinfants.org\/es\/","logo":{"@type":"ImageObject","inLanguage":"es","@id":"https:\/\/www.casaldelsinfants.org\/es\/#\/schema\/logo\/image\/","url":"https:\/\/www.casaldelsinfants.org\/wp-content\/uploads\/logo-mail.png","contentUrl":"https:\/\/www.casaldelsinfants.org\/wp-content\/uploads\/logo-mail.png","width":380,"height":158,"caption":"Casal dels Infants"},"image":{"@id":"https:\/\/www.casaldelsinfants.org\/es\/#\/schema\/logo\/image\/"},"sameAs":["https:\/\/www.facebook.com\/casalinfants","https:\/\/x.com\/casalinfants","https:\/\/www.youtube.com\/user\/CasaldelsInfants1","https:\/\/www.instagram.com\/casalinfants\/","https:\/\/www.linkedin.com\/company\/casaldelsinfants?trk=organization-update_share-update_actor-text"]},{"@type":"Person","@id":"https:\/\/www.casaldelsinfants.org\/es\/#\/schema\/person\/97707fc8c64900cf36891127dbf9fba8","name":"cdiAdmin","sameAs":["https:\/\/casaldelsinfants.org"]}]}},"publishpress_future_action":{"enabled":false,"date":"2026-05-07 11:23:27","action":"change-status","newStatus":"draft","terms":[],"taxonomy":"category","extraData":[]},"publishpress_future_workflow_manual_trigger":{"enabledWorkflows":[]},"_links":{"self":[{"href":"https:\/\/www.casaldelsinfants.org\/es\/wp-json\/wp\/v2\/posts\/4444","targetHints":{"allow":["GET"]}}],"collection":[{"href":"https:\/\/www.casaldelsinfants.org\/es\/wp-json\/wp\/v2\/posts"}],"about":[{"href":"https:\/\/www.casaldelsinfants.org\/es\/wp-json\/wp\/v2\/types\/post"}],"author":[{"embeddable":true,"href":"https:\/\/www.casaldelsinfants.org\/es\/wp-json\/wp\/v2\/users\/1"}],"replies":[{"embeddable":true,"href":"https:\/\/www.casaldelsinfants.org\/es\/wp-json\/wp\/v2\/comments?post=4444"}],"version-history":[{"count":2,"href":"https:\/\/www.casaldelsinfants.org\/es\/wp-json\/wp\/v2\/posts\/4444\/revisions"}],"predecessor-version":[{"id":13725,"href":"https:\/\/www.casaldelsinfants.org\/es\/wp-json\/wp\/v2\/posts\/4444\/revisions\/13725"}],"wp:featuredmedia":[{"embeddable":true,"href":"https:\/\/www.casaldelsinfants.org\/es\/wp-json\/wp\/v2\/media\/3396"}],"wp:attachment":[{"href":"https:\/\/www.casaldelsinfants.org\/es\/wp-json\/wp\/v2\/media?parent=4444"}],"wp:term":[{"taxonomy":"category","embeddable":true,"href":"https:\/\/www.casaldelsinfants.org\/es\/wp-json\/wp\/v2\/categories?post=4444"},{"taxonomy":"post_tag","embeddable":true,"href":"https:\/\/www.casaldelsinfants.org\/es\/wp-json\/wp\/v2\/tags?post=4444"},{"taxonomy":"seus","embeddable":true,"href":"https:\/\/www.casaldelsinfants.org\/es\/wp-json\/wp\/v2\/seus?post=4444"},{"taxonomy":"eixos","embeddable":true,"href":"https:\/\/www.casaldelsinfants.org\/es\/wp-json\/wp\/v2\/eixos?post=4444"}],"curies":[{"name":"wp","href":"https:\/\/api.w.org\/{rel}","templated":true}]}}