{"id":4447,"date":"2019-03-04T11:03:19","date_gmt":"2019-03-04T09:03:19","guid":{"rendered":"https:\/\/casal.puntzero.cat\/noticies\/llegir-plegats-al-lexit-entendre-i-compartir-el-mon\/"},"modified":"2023-04-04T12:51:50","modified_gmt":"2023-04-04T10:51:50","slug":"llegir-plegats-al-lexit-entendre-i-compartir-el-mon","status":"publish","type":"post","link":"https:\/\/www.casaldelsinfants.org\/es\/actualidad\/leer-juntos-en-lecxit-para-entender-y-compartir-el-mundo\/","title":{"rendered":"Leer juntos en L\u00e8cxit para entender y compartir el mundo"},"content":{"rendered":"<p><span style=\"color: #000000;\">\u00a0\u201c\u2018L\u00e8cxit\u2019 es entender las palabras\u201d. No lo pod\u00eda resumir mejor, Ayesha, del grupo de peque\u00f1os (6 a 8 a\u00f1os) del Casal Obert Infantil del Raval. Hoy justamente se ha encontrado una complicada en el libro sobre los oficios que estaba leyendo: \u201centom\u00f3logo\u201d. Entre los dibujos del libro y la explicaci\u00f3n de Carme, la voluntaria que tiene sentada a su lado cada martes por la tarde, ha descubierto que los entom\u00f3logos son las personas que se dedican a investigar los insectos.<\/span><\/p>\n<p><span style=\"color: #000000;\">Ayesha lo tiene muy claro: \u201cSi no leo, no podr\u00e9 hablar bien. Tengo que leer y escribir, as\u00ed aprender\u00e9 a hacer las cosas\u201d. Tiene toda la raz\u00f3n: el famoso informe PISA se\u00f1al\u00f3 en 2015 que uno de cada tres ni\u00f1os y ni\u00f1as con alto rendimiento escolar leen entre 1 y 2 horas al d\u00eda. Esto no quiere decir que leer solo sirva para sacar buenas notas: tambi\u00e9n nos hace disfrutar y respetarnos los unos a los otros.<\/span><\/p>\n<p>No nom\u00e9s s\u2019han d\u2019entendre les paraules complicades. A vegades \u00e9s en la uni\u00f3 de les m\u00e9s senzilles on cal rumiar i esbrinar el significat d\u2019una hist\u00f2ria. Com han fet l\u2019\u00c1ngel i la Marta, la volunt\u00e0ria que l&#8217;acompanya, llegint \u2018L\u2019Artur i la Clementina\u2019, un conte sobre dues tortugues creat per l\u2019Adela Tur\u00edn i la Nella Bosnia que ens ve a explicar com sentir-se lliure i respectat \u00e9s important en una relaci\u00f3 de parella.<\/p>\n<p><span style=\"color: #000000;\">No solo se tienen que entender las palabras complicadas. A veces es en la uni\u00f3n de las m\u00e1s sencillas donde es necesario pensar y averiguar el significado de una historia. Como ha hecho \u00c1ngel con Marta, la voluntaria que lo acompa\u00f1a, leyendo \u2018L\u2019Artur i la Clementina\u2019, un cuento sobre dos tortugas creado por Adela Tur\u00edn y Nella Bosnia que nos explica c\u00f3mo sentirse libre y respetado es importante en una relaci\u00f3n de pareja.<\/span><\/p>\n<p><span style=\"color: #000000;\">Otra buena idea para ver si hemos entendido bien una historia es dibujarla. Y a \u00c1ngel esto es lo que m\u00e1s le gusta del \u2018L\u00e8cxit\u2019. Hace unos d\u00edas dibuj\u00f3 a la tortuga Clementina con el caparaz\u00f3n bien cargado de trastos y con cara de agotamiento. Le qued\u00f3 la mar de bien.\u00a0<\/span><\/p>\n<figure class=\"align-center\" role=\"group\"><img decoding=\"async\" src=\"\/wp-content\/uploads\/angel-lexcit-1.webp\" alt=\"L'\u00c1ngel amb el seu dibuix de la tortuga Clementina. Al seu costat, la Marta se'l mira.\" width=\"480\" height=\"270\" data-entity-type=\"file\" data-entity-uuid=\"481ddaef-ebe1-496d-a06c-22162ce6335d\" data-image-style=\"large\" \/><figcaption>L&#8217;\u00c1ngel amb el seu dibuix de la tortuga Clementina. La Marta se&#8217;l mira.<\/figcaption><\/figure>\n<p><span style=\"color: #000000;\">\u2018L\u00e8cxit\u2019, en definitiva, es un rato para sentarse, relajarse, hacer un chapuz\u00f3n en un mar de letras, expresarnos y escucharnos los unos a los otros. I as\u00ed, leyendo juntos, tratamos de entender y compartir el mundo.<\/span><\/p>\n","protected":false},"excerpt":{"rendered":"<div class=\"video-embed-field-responsive-video form-group\"><iframe loading=\"lazy\" width=\"854\" height=\"480\" frameborder=\"0\" allowfullscreen=\"allowfullscreen\" src=\"https:\/\/www.youtube.com\/embed\/SBGs-uCshNA?autoplay=0&amp;start=0&amp;rel=0\"><\/iframe>\n<\/div>\n<p class=\"text-align-center\"><em><strong>V\u00eddeo: Carme y Ayesha nos explican qu\u00e9 es el L\u00e8cxit<\/strong><\/em><\/p>\n<p class=\"text-align-center\">\u00a0<\/p>\n<p class=\"text-align-center\">Ni\u00f1os y ni\u00f1as del Casal Obert Infantil del Raval dedican una tarde a la semana a descubrir historias escondidas en libros. Intentan entenderlas bien para que no les huyan de la cabeza y as\u00ed gozarlas durante mucho tiempo. Tambi\u00e9n practican c\u00f3mo explicarlas, juegan, las dibujan\u2026 Y todo esto no lo hacen solos: los acompa\u00f1an personas voluntarias. Toda una aventura compartida con el objetivo de mejorar la comprensi\u00f3n lectora.<\/p>\n","protected":false},"author":1,"featured_media":0,"comment_status":"open","ping_status":"open","sticky":false,"template":"","format":"standard","meta":{"_acf_changed":false,"_et_pb_use_builder":"","_et_pb_old_content":"","_et_gb_content_width":"","inline_featured_image":false,"footnotes":""},"categories":[105],"tags":[71,73,72],"seus":[157],"eixos":[99],"class_list":["post-4447","post","type-post","status-publish","format-standard","hentry","category-reportaje","tag-casal-obert-infantil","tag-lectura","tag-lecxit","seus-el-raval","eixos-infancia-y-adolescencia"],"acf":[],"yoast_head":"<!-- This site is optimized with the Yoast SEO plugin v27.4 - https:\/\/yoast.com\/product\/yoast-seo-wordpress\/ -->\n<title>Leer juntos en L\u00e8cxit para entender y compartir el mundo - Casal dels Infants<\/title>\n<meta name=\"robots\" content=\"index, follow, max-snippet:-1, max-image-preview:large, max-video-preview:-1\" \/>\n<link rel=\"canonical\" href=\"https:\/\/www.casaldelsinfants.org\/es\/actualidad\/leer-juntos-en-lecxit-para-entender-y-compartir-el-mundo\/\" \/>\n<meta property=\"og:locale\" content=\"es_ES\" \/>\n<meta property=\"og:type\" content=\"article\" \/>\n<meta property=\"og:title\" content=\"Leer juntos en L\u00e8cxit para entender y compartir el mundo - Casal dels Infants\" \/>\n<meta property=\"og:description\" content=\"V\u00eddeo: Carme y Ayesha nos explican qu\u00e9 es el L\u00e8cxit  \u00a0  Ni\u00f1os y ni\u00f1as del Casal Obert Infantil del Raval dedican una tarde a la semana a descubrir historias escondidas en libros. Intentan entenderlas bien para que no les huyan de la cabeza y as\u00ed gozarlas durante mucho tiempo. Tambi\u00e9n practican c\u00f3mo explicarlas, juegan, las dibujan\u2026 Y todo esto no lo hacen solos: los acompa\u00f1an personas voluntarias. Toda una aventura compartida con el objetivo de mejorar la comprensi\u00f3n lectora.\" \/>\n<meta property=\"og:url\" content=\"https:\/\/www.casaldelsinfants.org\/es\/actualidad\/leer-juntos-en-lecxit-para-entender-y-compartir-el-mundo\/\" \/>\n<meta property=\"og:site_name\" content=\"Casal dels Infants\" \/>\n<meta property=\"article:publisher\" content=\"https:\/\/www.facebook.com\/casalinfants\" \/>\n<meta property=\"article:published_time\" content=\"2019-03-04T09:03:19+00:00\" \/>\n<meta property=\"article:modified_time\" content=\"2023-04-04T10:51:50+00:00\" \/>\n<meta name=\"author\" content=\"cdiAdmin\" \/>\n<meta name=\"twitter:card\" content=\"summary_large_image\" \/>\n<meta name=\"twitter:creator\" content=\"@casalinfants\" \/>\n<meta name=\"twitter:site\" content=\"@casalinfants\" \/>\n<meta name=\"twitter:label1\" content=\"Escrito por\" \/>\n\t<meta name=\"twitter:data1\" content=\"cdiAdmin\" \/>\n\t<meta name=\"twitter:label2\" content=\"Tiempo de lectura\" \/>\n\t<meta name=\"twitter:data2\" content=\"3 minutos\" \/>\n<script type=\"application\/ld+json\" class=\"yoast-schema-graph\">{\"@context\":\"https:\\\/\\\/schema.org\",\"@graph\":[{\"@type\":\"Article\",\"@id\":\"https:\\\/\\\/www.casaldelsinfants.org\\\/es\\\/actualidad\\\/leer-juntos-en-lecxit-para-entender-y-compartir-el-mundo\\\/#article\",\"isPartOf\":{\"@id\":\"https:\\\/\\\/www.casaldelsinfants.org\\\/es\\\/actualidad\\\/leer-juntos-en-lecxit-para-entender-y-compartir-el-mundo\\\/\"},\"author\":{\"name\":\"cdiAdmin\",\"@id\":\"https:\\\/\\\/www.casaldelsinfants.org\\\/es\\\/#\\\/schema\\\/person\\\/97707fc8c64900cf36891127dbf9fba8\"},\"headline\":\"Leer juntos en L\u00e8cxit para entender y compartir el mundo\",\"datePublished\":\"2019-03-04T09:03:19+00:00\",\"dateModified\":\"2023-04-04T10:51:50+00:00\",\"mainEntityOfPage\":{\"@id\":\"https:\\\/\\\/www.casaldelsinfants.org\\\/es\\\/actualidad\\\/leer-juntos-en-lecxit-para-entender-y-compartir-el-mundo\\\/\"},\"wordCount\":448,\"commentCount\":0,\"publisher\":{\"@id\":\"https:\\\/\\\/www.casaldelsinfants.org\\\/es\\\/#organization\"},\"keywords\":[\"Casal Obert Infantil\",\"Lectura\",\"L\u00e8cxit\"],\"articleSection\":[\"Reportaje\"],\"inLanguage\":\"es\",\"potentialAction\":[{\"@type\":\"CommentAction\",\"name\":\"Comment\",\"target\":[\"https:\\\/\\\/www.casaldelsinfants.org\\\/es\\\/actualidad\\\/leer-juntos-en-lecxit-para-entender-y-compartir-el-mundo\\\/#respond\"]}]},{\"@type\":\"WebPage\",\"@id\":\"https:\\\/\\\/www.casaldelsinfants.org\\\/es\\\/actualidad\\\/leer-juntos-en-lecxit-para-entender-y-compartir-el-mundo\\\/\",\"url\":\"https:\\\/\\\/www.casaldelsinfants.org\\\/es\\\/actualidad\\\/leer-juntos-en-lecxit-para-entender-y-compartir-el-mundo\\\/\",\"name\":\"Leer juntos en L\u00e8cxit para entender y compartir el mundo - Casal dels Infants\",\"isPartOf\":{\"@id\":\"https:\\\/\\\/www.casaldelsinfants.org\\\/es\\\/#website\"},\"datePublished\":\"2019-03-04T09:03:19+00:00\",\"dateModified\":\"2023-04-04T10:51:50+00:00\",\"breadcrumb\":{\"@id\":\"https:\\\/\\\/www.casaldelsinfants.org\\\/es\\\/actualidad\\\/leer-juntos-en-lecxit-para-entender-y-compartir-el-mundo\\\/#breadcrumb\"},\"inLanguage\":\"es\",\"potentialAction\":[{\"@type\":\"ReadAction\",\"target\":[\"https:\\\/\\\/www.casaldelsinfants.org\\\/es\\\/actualidad\\\/leer-juntos-en-lecxit-para-entender-y-compartir-el-mundo\\\/\"]}]},{\"@type\":\"BreadcrumbList\",\"@id\":\"https:\\\/\\\/www.casaldelsinfants.org\\\/es\\\/actualidad\\\/leer-juntos-en-lecxit-para-entender-y-compartir-el-mundo\\\/#breadcrumb\",\"itemListElement\":[{\"@type\":\"ListItem\",\"position\":1,\"name\":\"Inici\",\"item\":\"https:\\\/\\\/www.casaldelsinfants.org\\\/es\\\/\"},{\"@type\":\"ListItem\",\"position\":2,\"name\":\"Leer juntos en L\u00e8cxit para entender y compartir el mundo\"}]},{\"@type\":\"WebSite\",\"@id\":\"https:\\\/\\\/www.casaldelsinfants.org\\\/es\\\/#website\",\"url\":\"https:\\\/\\\/www.casaldelsinfants.org\\\/es\\\/\",\"name\":\"Casal dels Infants\",\"description\":\"\",\"publisher\":{\"@id\":\"https:\\\/\\\/www.casaldelsinfants.org\\\/es\\\/#organization\"},\"potentialAction\":[{\"@type\":\"SearchAction\",\"target\":{\"@type\":\"EntryPoint\",\"urlTemplate\":\"https:\\\/\\\/www.casaldelsinfants.org\\\/es\\\/?s={search_term_string}\"},\"query-input\":{\"@type\":\"PropertyValueSpecification\",\"valueRequired\":true,\"valueName\":\"search_term_string\"}}],\"inLanguage\":\"es\"},{\"@type\":\"Organization\",\"@id\":\"https:\\\/\\\/www.casaldelsinfants.org\\\/es\\\/#organization\",\"name\":\"Casal dels Infants\",\"url\":\"https:\\\/\\\/www.casaldelsinfants.org\\\/es\\\/\",\"logo\":{\"@type\":\"ImageObject\",\"inLanguage\":\"es\",\"@id\":\"https:\\\/\\\/www.casaldelsinfants.org\\\/es\\\/#\\\/schema\\\/logo\\\/image\\\/\",\"url\":\"https:\\\/\\\/www.casaldelsinfants.org\\\/wp-content\\\/uploads\\\/logo-mail.png\",\"contentUrl\":\"https:\\\/\\\/www.casaldelsinfants.org\\\/wp-content\\\/uploads\\\/logo-mail.png\",\"width\":380,\"height\":158,\"caption\":\"Casal dels Infants\"},\"image\":{\"@id\":\"https:\\\/\\\/www.casaldelsinfants.org\\\/es\\\/#\\\/schema\\\/logo\\\/image\\\/\"},\"sameAs\":[\"https:\\\/\\\/www.facebook.com\\\/casalinfants\",\"https:\\\/\\\/x.com\\\/casalinfants\",\"https:\\\/\\\/www.youtube.com\\\/user\\\/CasaldelsInfants1\",\"https:\\\/\\\/www.instagram.com\\\/casalinfants\\\/\",\"https:\\\/\\\/www.linkedin.com\\\/company\\\/casaldelsinfants?trk=organization-update_share-update_actor-text\"]},{\"@type\":\"Person\",\"@id\":\"https:\\\/\\\/www.casaldelsinfants.org\\\/es\\\/#\\\/schema\\\/person\\\/97707fc8c64900cf36891127dbf9fba8\",\"name\":\"cdiAdmin\",\"sameAs\":[\"https:\\\/\\\/casaldelsinfants.org\"]}]}<\/script>\n<!-- \/ Yoast SEO plugin. -->","yoast_head_json":{"title":"Leer juntos en L\u00e8cxit para entender y compartir el mundo - Casal dels Infants","robots":{"index":"index","follow":"follow","max-snippet":"max-snippet:-1","max-image-preview":"max-image-preview:large","max-video-preview":"max-video-preview:-1"},"canonical":"https:\/\/www.casaldelsinfants.org\/es\/actualidad\/leer-juntos-en-lecxit-para-entender-y-compartir-el-mundo\/","og_locale":"es_ES","og_type":"article","og_title":"Leer juntos en L\u00e8cxit para entender y compartir el mundo - Casal dels Infants","og_description":"V\u00eddeo: Carme y Ayesha nos explican qu\u00e9 es el L\u00e8cxit  \u00a0  Ni\u00f1os y ni\u00f1as del Casal Obert Infantil del Raval dedican una tarde a la semana a descubrir historias escondidas en libros. Intentan entenderlas bien para que no les huyan de la cabeza y as\u00ed gozarlas durante mucho tiempo. Tambi\u00e9n practican c\u00f3mo explicarlas, juegan, las dibujan\u2026 Y todo esto no lo hacen solos: los acompa\u00f1an personas voluntarias. Toda una aventura compartida con el objetivo de mejorar la comprensi\u00f3n lectora.","og_url":"https:\/\/www.casaldelsinfants.org\/es\/actualidad\/leer-juntos-en-lecxit-para-entender-y-compartir-el-mundo\/","og_site_name":"Casal dels Infants","article_publisher":"https:\/\/www.facebook.com\/casalinfants","article_published_time":"2019-03-04T09:03:19+00:00","article_modified_time":"2023-04-04T10:51:50+00:00","author":"cdiAdmin","twitter_card":"summary_large_image","twitter_creator":"@casalinfants","twitter_site":"@casalinfants","twitter_misc":{"Escrito por":"cdiAdmin","Tiempo de lectura":"3 minutos"},"schema":{"@context":"https:\/\/schema.org","@graph":[{"@type":"Article","@id":"https:\/\/www.casaldelsinfants.org\/es\/actualidad\/leer-juntos-en-lecxit-para-entender-y-compartir-el-mundo\/#article","isPartOf":{"@id":"https:\/\/www.casaldelsinfants.org\/es\/actualidad\/leer-juntos-en-lecxit-para-entender-y-compartir-el-mundo\/"},"author":{"name":"cdiAdmin","@id":"https:\/\/www.casaldelsinfants.org\/es\/#\/schema\/person\/97707fc8c64900cf36891127dbf9fba8"},"headline":"Leer juntos en L\u00e8cxit para entender y compartir el mundo","datePublished":"2019-03-04T09:03:19+00:00","dateModified":"2023-04-04T10:51:50+00:00","mainEntityOfPage":{"@id":"https:\/\/www.casaldelsinfants.org\/es\/actualidad\/leer-juntos-en-lecxit-para-entender-y-compartir-el-mundo\/"},"wordCount":448,"commentCount":0,"publisher":{"@id":"https:\/\/www.casaldelsinfants.org\/es\/#organization"},"keywords":["Casal Obert Infantil","Lectura","L\u00e8cxit"],"articleSection":["Reportaje"],"inLanguage":"es","potentialAction":[{"@type":"CommentAction","name":"Comment","target":["https:\/\/www.casaldelsinfants.org\/es\/actualidad\/leer-juntos-en-lecxit-para-entender-y-compartir-el-mundo\/#respond"]}]},{"@type":"WebPage","@id":"https:\/\/www.casaldelsinfants.org\/es\/actualidad\/leer-juntos-en-lecxit-para-entender-y-compartir-el-mundo\/","url":"https:\/\/www.casaldelsinfants.org\/es\/actualidad\/leer-juntos-en-lecxit-para-entender-y-compartir-el-mundo\/","name":"Leer juntos en L\u00e8cxit para entender y compartir el mundo - Casal dels Infants","isPartOf":{"@id":"https:\/\/www.casaldelsinfants.org\/es\/#website"},"datePublished":"2019-03-04T09:03:19+00:00","dateModified":"2023-04-04T10:51:50+00:00","breadcrumb":{"@id":"https:\/\/www.casaldelsinfants.org\/es\/actualidad\/leer-juntos-en-lecxit-para-entender-y-compartir-el-mundo\/#breadcrumb"},"inLanguage":"es","potentialAction":[{"@type":"ReadAction","target":["https:\/\/www.casaldelsinfants.org\/es\/actualidad\/leer-juntos-en-lecxit-para-entender-y-compartir-el-mundo\/"]}]},{"@type":"BreadcrumbList","@id":"https:\/\/www.casaldelsinfants.org\/es\/actualidad\/leer-juntos-en-lecxit-para-entender-y-compartir-el-mundo\/#breadcrumb","itemListElement":[{"@type":"ListItem","position":1,"name":"Inici","item":"https:\/\/www.casaldelsinfants.org\/es\/"},{"@type":"ListItem","position":2,"name":"Leer juntos en L\u00e8cxit para entender y compartir el mundo"}]},{"@type":"WebSite","@id":"https:\/\/www.casaldelsinfants.org\/es\/#website","url":"https:\/\/www.casaldelsinfants.org\/es\/","name":"Casal dels Infants","description":"","publisher":{"@id":"https:\/\/www.casaldelsinfants.org\/es\/#organization"},"potentialAction":[{"@type":"SearchAction","target":{"@type":"EntryPoint","urlTemplate":"https:\/\/www.casaldelsinfants.org\/es\/?s={search_term_string}"},"query-input":{"@type":"PropertyValueSpecification","valueRequired":true,"valueName":"search_term_string"}}],"inLanguage":"es"},{"@type":"Organization","@id":"https:\/\/www.casaldelsinfants.org\/es\/#organization","name":"Casal dels Infants","url":"https:\/\/www.casaldelsinfants.org\/es\/","logo":{"@type":"ImageObject","inLanguage":"es","@id":"https:\/\/www.casaldelsinfants.org\/es\/#\/schema\/logo\/image\/","url":"https:\/\/www.casaldelsinfants.org\/wp-content\/uploads\/logo-mail.png","contentUrl":"https:\/\/www.casaldelsinfants.org\/wp-content\/uploads\/logo-mail.png","width":380,"height":158,"caption":"Casal dels Infants"},"image":{"@id":"https:\/\/www.casaldelsinfants.org\/es\/#\/schema\/logo\/image\/"},"sameAs":["https:\/\/www.facebook.com\/casalinfants","https:\/\/x.com\/casalinfants","https:\/\/www.youtube.com\/user\/CasaldelsInfants1","https:\/\/www.instagram.com\/casalinfants\/","https:\/\/www.linkedin.com\/company\/casaldelsinfants?trk=organization-update_share-update_actor-text"]},{"@type":"Person","@id":"https:\/\/www.casaldelsinfants.org\/es\/#\/schema\/person\/97707fc8c64900cf36891127dbf9fba8","name":"cdiAdmin","sameAs":["https:\/\/casaldelsinfants.org"]}]}},"publishpress_future_action":{"enabled":false,"date":"2026-05-07 11:18:34","action":"change-status","newStatus":"draft","terms":[],"taxonomy":"category","extraData":[]},"publishpress_future_workflow_manual_trigger":{"enabledWorkflows":[]},"_links":{"self":[{"href":"https:\/\/www.casaldelsinfants.org\/es\/wp-json\/wp\/v2\/posts\/4447","targetHints":{"allow":["GET"]}}],"collection":[{"href":"https:\/\/www.casaldelsinfants.org\/es\/wp-json\/wp\/v2\/posts"}],"about":[{"href":"https:\/\/www.casaldelsinfants.org\/es\/wp-json\/wp\/v2\/types\/post"}],"author":[{"embeddable":true,"href":"https:\/\/www.casaldelsinfants.org\/es\/wp-json\/wp\/v2\/users\/1"}],"replies":[{"embeddable":true,"href":"https:\/\/www.casaldelsinfants.org\/es\/wp-json\/wp\/v2\/comments?post=4447"}],"version-history":[{"count":2,"href":"https:\/\/www.casaldelsinfants.org\/es\/wp-json\/wp\/v2\/posts\/4447\/revisions"}],"predecessor-version":[{"id":9554,"href":"https:\/\/www.casaldelsinfants.org\/es\/wp-json\/wp\/v2\/posts\/4447\/revisions\/9554"}],"wp:attachment":[{"href":"https:\/\/www.casaldelsinfants.org\/es\/wp-json\/wp\/v2\/media?parent=4447"}],"wp:term":[{"taxonomy":"category","embeddable":true,"href":"https:\/\/www.casaldelsinfants.org\/es\/wp-json\/wp\/v2\/categories?post=4447"},{"taxonomy":"post_tag","embeddable":true,"href":"https:\/\/www.casaldelsinfants.org\/es\/wp-json\/wp\/v2\/tags?post=4447"},{"taxonomy":"seus","embeddable":true,"href":"https:\/\/www.casaldelsinfants.org\/es\/wp-json\/wp\/v2\/seus?post=4447"},{"taxonomy":"eixos","embeddable":true,"href":"https:\/\/www.casaldelsinfants.org\/es\/wp-json\/wp\/v2\/eixos?post=4447"}],"curies":[{"name":"wp","href":"https:\/\/api.w.org\/{rel}","templated":true}]}}