{"id":4451,"date":"2019-02-12T12:47:25","date_gmt":"2019-02-12T10:47:25","guid":{"rendered":"https:\/\/casal.puntzero.cat\/noticies\/bonpreu-i-esclat-posen-en-marxa-larrodoniment-solidari-favor-del-casal-dels-infants\/"},"modified":"2023-08-29T16:56:15","modified_gmt":"2023-08-29T14:56:15","slug":"bonpreu-i-esclat-posen-en-marxa-larrodoniment-solidari-favor-del-casal-dels-infants","status":"publish","type":"post","link":"https:\/\/www.casaldelsinfants.org\/es\/actualidad\/bonpreu-i-esclat-posen-en-marxa-larrodoniment-solidari-favor-del-casal-dels-infants\/","title":{"rendered":"Bonpreu i Esclat ponen en marcha el redondeo solidario a favor del Casal dels Infants"},"content":{"rendered":"<p><span style=\"color: #000000;\">Los supermercados<\/span> Bonpreu i Esclat<span style=\"color: #000000;\"> del Grup Bon Preu han puesto en marcha el redondeo solidario para colaborar con distintos proyectos sociales. Desde el 11 de febrero los clientes de esos establecimientos podr\u00e1n redondear el importe de sus compras realizadas con tarjeta de cr\u00e9dito o d\u00e9bito y realizar microdonaciones para colaborar con causas sociales.<\/span><\/p>\n<p><span style=\"color: #000000;\">Los proyectos solidarios a los que se destinar\u00e1n las donaciones cambiar\u00e1n cada tres meses. Durante los pr\u00f3ximos meses, el Grup Bon Preu colaborar\u00e1 con las siguientes entidades: el Casal dels Infants, Save the Children, Fundaci\u00f3 Impulsa, Creu Roja de Catalunya, Vall d&#8217;Hebron, Amics de la Gent Gran y\u00a0Oncolliga.\u00a0<\/span><span style=\"color: #000000;\">Los fondos recaudados se destinar\u00e1n \u00edntegramente a estas entidades.<\/span><\/p>\n<p><span style=\"color: #000000;\">La primera entidad que se beneficiar\u00e1 del redondeo es el Casal dels Infants, concretamente su\u00a0servicio\u00a0\u00abEntorn Escolar\u00bb, que ofrece apoyo escolar a ni\u00f1os y ni\u00f1as en situaci\u00f3n de vulnerabilidad. Este proyecto proporciona a ni\u00f1os y ni\u00f1as de 6 a 16 a\u00f1os tiempo de ocio educativo y un espacio de refuerzo escolar diario adaptado a sus necesidades, con el objetivo de luchar contra el fracaso escolar.<\/span><\/p>\n<p><span style=\"color: #000000;\">Bon Preu ha lanzado la iniciativa solidaria en colaboraci\u00f3n con Worldcoo, que desarrolla e implementa canales de recaudaci\u00f3n solidaria. Mediante la p\u00e1gina web\u00a0<\/span><span style=\"color: #000000;\"><a href=\"https:\/\/bonpreu.worldcoo.com\/\">https:\/\/bonpreu.worldcoo.com\/<\/a> se podr\u00e1 hacer seguimiento del estado de los proyectos. As\u00ed mismo, los clientes recibir\u00e1n un c\u00f3digo de donaci\u00f3n que se les facilitar\u00e1 junto con el tique\u00a0de compra que les permitir\u00e1 realizar cualquier consulta o gesti\u00f3n relacionada con el donativo.<\/span><\/p>\n","protected":false},"excerpt":{"rendered":"<p>Los supermercados Bonpreu i Esclat del Grup Bon Preu han puesto en marcha el redondeo solidario para colaborar con distintos proyectos sociales. Desde el 11 de febrero los clientes de esos establecimientos podr\u00e1n redondear el importe de sus compras realizadas con tarjeta de cr\u00e9dito o d\u00e9bito y realizar microdonaciones para colaborar con causas sociales. Los [&hellip;]<\/p>\n","protected":false},"author":1,"featured_media":3402,"comment_status":"open","ping_status":"open","sticky":false,"template":"","format":"standard","meta":{"_acf_changed":false,"_et_pb_use_builder":"","_et_pb_old_content":"","_et_gb_content_width":"","inline_featured_image":false,"footnotes":""},"categories":[125],"tags":[],"seus":[],"eixos":[],"class_list":["post-4451","post","type-post","status-publish","format-standard","has-post-thumbnail","hentry","category-noticias"],"acf":[],"yoast_head":"<!-- This site is optimized with the Yoast SEO plugin v27.4 - https:\/\/yoast.com\/product\/yoast-seo-wordpress\/ -->\n<title>Bonpreu i Esclat ponen en marcha el redondeo solidario a favor del Casal dels Infants - Casal dels Infants<\/title>\n<meta name=\"robots\" content=\"index, follow, max-snippet:-1, max-image-preview:large, max-video-preview:-1\" \/>\n<link rel=\"canonical\" href=\"https:\/\/www.casaldelsinfants.org\/es\/actualidad\/bonpreu-i-esclat-posen-en-marxa-larrodoniment-solidari-favor-del-casal-dels-infants\/\" \/>\n<meta property=\"og:locale\" content=\"es_ES\" \/>\n<meta property=\"og:type\" content=\"article\" \/>\n<meta property=\"og:title\" content=\"Bonpreu i Esclat ponen en marcha el redondeo solidario a favor del Casal dels Infants - Casal dels Infants\" \/>\n<meta property=\"og:description\" content=\"Los supermercados Bonpreu i Esclat del Grup Bon Preu han puesto en marcha el redondeo solidario para colaborar con distintos proyectos sociales. Desde el 11 de febrero los clientes de esos establecimientos podr\u00e1n redondear el importe de sus compras realizadas con tarjeta de cr\u00e9dito o d\u00e9bito y realizar microdonaciones para colaborar con causas sociales. Los [&hellip;]\" \/>\n<meta property=\"og:url\" content=\"https:\/\/www.casaldelsinfants.org\/es\/actualidad\/bonpreu-i-esclat-posen-en-marxa-larrodoniment-solidari-favor-del-casal-dels-infants\/\" \/>\n<meta property=\"og:site_name\" content=\"Casal dels Infants\" \/>\n<meta property=\"article:publisher\" content=\"https:\/\/www.facebook.com\/casalinfants\" \/>\n<meta property=\"article:published_time\" content=\"2019-02-12T10:47:25+00:00\" \/>\n<meta property=\"article:modified_time\" content=\"2023-08-29T14:56:15+00:00\" \/>\n<meta property=\"og:image\" content=\"https:\/\/www.casaldelsinfants.org\/wp-content\/uploads\/descarga.png\" \/>\n\t<meta property=\"og:image:width\" content=\"806\" \/>\n\t<meta property=\"og:image:height\" content=\"537\" \/>\n\t<meta property=\"og:image:type\" content=\"image\/png\" \/>\n<meta name=\"author\" content=\"cdiAdmin\" \/>\n<meta name=\"twitter:card\" content=\"summary_large_image\" \/>\n<meta name=\"twitter:creator\" content=\"@casalinfants\" \/>\n<meta name=\"twitter:site\" content=\"@casalinfants\" \/>\n<meta name=\"twitter:label1\" content=\"Escrito por\" \/>\n\t<meta name=\"twitter:data1\" content=\"cdiAdmin\" \/>\n\t<meta name=\"twitter:label2\" content=\"Tiempo de lectura\" \/>\n\t<meta name=\"twitter:data2\" content=\"2 minutos\" \/>\n<script type=\"application\/ld+json\" class=\"yoast-schema-graph\">{\"@context\":\"https:\\\/\\\/schema.org\",\"@graph\":[{\"@type\":\"Article\",\"@id\":\"https:\\\/\\\/www.casaldelsinfants.org\\\/es\\\/actualidad\\\/bonpreu-i-esclat-posen-en-marxa-larrodoniment-solidari-favor-del-casal-dels-infants\\\/#article\",\"isPartOf\":{\"@id\":\"https:\\\/\\\/www.casaldelsinfants.org\\\/es\\\/actualidad\\\/bonpreu-i-esclat-posen-en-marxa-larrodoniment-solidari-favor-del-casal-dels-infants\\\/\"},\"author\":{\"name\":\"cdiAdmin\",\"@id\":\"https:\\\/\\\/www.casaldelsinfants.org\\\/es\\\/#\\\/schema\\\/person\\\/97707fc8c64900cf36891127dbf9fba8\"},\"headline\":\"Bonpreu i Esclat ponen en marcha el redondeo solidario a favor del Casal dels Infants\",\"datePublished\":\"2019-02-12T10:47:25+00:00\",\"dateModified\":\"2023-08-29T14:56:15+00:00\",\"mainEntityOfPage\":{\"@id\":\"https:\\\/\\\/www.casaldelsinfants.org\\\/es\\\/actualidad\\\/bonpreu-i-esclat-posen-en-marxa-larrodoniment-solidari-favor-del-casal-dels-infants\\\/\"},\"wordCount\":278,\"commentCount\":0,\"publisher\":{\"@id\":\"https:\\\/\\\/www.casaldelsinfants.org\\\/es\\\/#organization\"},\"image\":{\"@id\":\"https:\\\/\\\/www.casaldelsinfants.org\\\/es\\\/actualidad\\\/bonpreu-i-esclat-posen-en-marxa-larrodoniment-solidari-favor-del-casal-dels-infants\\\/#primaryimage\"},\"thumbnailUrl\":\"https:\\\/\\\/www.casaldelsinfants.org\\\/wp-content\\\/uploads\\\/descarga.png\",\"articleSection\":[\"Noticia\"],\"inLanguage\":\"es\",\"potentialAction\":[{\"@type\":\"CommentAction\",\"name\":\"Comment\",\"target\":[\"https:\\\/\\\/www.casaldelsinfants.org\\\/es\\\/actualidad\\\/bonpreu-i-esclat-posen-en-marxa-larrodoniment-solidari-favor-del-casal-dels-infants\\\/#respond\"]}]},{\"@type\":\"WebPage\",\"@id\":\"https:\\\/\\\/www.casaldelsinfants.org\\\/es\\\/actualidad\\\/bonpreu-i-esclat-posen-en-marxa-larrodoniment-solidari-favor-del-casal-dels-infants\\\/\",\"url\":\"https:\\\/\\\/www.casaldelsinfants.org\\\/es\\\/actualidad\\\/bonpreu-i-esclat-posen-en-marxa-larrodoniment-solidari-favor-del-casal-dels-infants\\\/\",\"name\":\"Bonpreu i Esclat ponen en marcha el redondeo solidario a favor del Casal dels Infants - Casal dels Infants\",\"isPartOf\":{\"@id\":\"https:\\\/\\\/www.casaldelsinfants.org\\\/es\\\/#website\"},\"primaryImageOfPage\":{\"@id\":\"https:\\\/\\\/www.casaldelsinfants.org\\\/es\\\/actualidad\\\/bonpreu-i-esclat-posen-en-marxa-larrodoniment-solidari-favor-del-casal-dels-infants\\\/#primaryimage\"},\"image\":{\"@id\":\"https:\\\/\\\/www.casaldelsinfants.org\\\/es\\\/actualidad\\\/bonpreu-i-esclat-posen-en-marxa-larrodoniment-solidari-favor-del-casal-dels-infants\\\/#primaryimage\"},\"thumbnailUrl\":\"https:\\\/\\\/www.casaldelsinfants.org\\\/wp-content\\\/uploads\\\/descarga.png\",\"datePublished\":\"2019-02-12T10:47:25+00:00\",\"dateModified\":\"2023-08-29T14:56:15+00:00\",\"breadcrumb\":{\"@id\":\"https:\\\/\\\/www.casaldelsinfants.org\\\/es\\\/actualidad\\\/bonpreu-i-esclat-posen-en-marxa-larrodoniment-solidari-favor-del-casal-dels-infants\\\/#breadcrumb\"},\"inLanguage\":\"es\",\"potentialAction\":[{\"@type\":\"ReadAction\",\"target\":[\"https:\\\/\\\/www.casaldelsinfants.org\\\/es\\\/actualidad\\\/bonpreu-i-esclat-posen-en-marxa-larrodoniment-solidari-favor-del-casal-dels-infants\\\/\"]}]},{\"@type\":\"ImageObject\",\"inLanguage\":\"es\",\"@id\":\"https:\\\/\\\/www.casaldelsinfants.org\\\/es\\\/actualidad\\\/bonpreu-i-esclat-posen-en-marxa-larrodoniment-solidari-favor-del-casal-dels-infants\\\/#primaryimage\",\"url\":\"https:\\\/\\\/www.casaldelsinfants.org\\\/wp-content\\\/uploads\\\/descarga.png\",\"contentUrl\":\"https:\\\/\\\/www.casaldelsinfants.org\\\/wp-content\\\/uploads\\\/descarga.png\",\"width\":806,\"height\":537,\"caption\":\"TPV amb el text de l'arrodoniment solidari\"},{\"@type\":\"BreadcrumbList\",\"@id\":\"https:\\\/\\\/www.casaldelsinfants.org\\\/es\\\/actualidad\\\/bonpreu-i-esclat-posen-en-marxa-larrodoniment-solidari-favor-del-casal-dels-infants\\\/#breadcrumb\",\"itemListElement\":[{\"@type\":\"ListItem\",\"position\":1,\"name\":\"Inici\",\"item\":\"https:\\\/\\\/www.casaldelsinfants.org\\\/es\\\/\"},{\"@type\":\"ListItem\",\"position\":2,\"name\":\"Bonpreu i Esclat ponen en marcha el redondeo solidario a favor del Casal dels Infants\"}]},{\"@type\":\"WebSite\",\"@id\":\"https:\\\/\\\/www.casaldelsinfants.org\\\/es\\\/#website\",\"url\":\"https:\\\/\\\/www.casaldelsinfants.org\\\/es\\\/\",\"name\":\"Casal dels Infants\",\"description\":\"\",\"publisher\":{\"@id\":\"https:\\\/\\\/www.casaldelsinfants.org\\\/es\\\/#organization\"},\"potentialAction\":[{\"@type\":\"SearchAction\",\"target\":{\"@type\":\"EntryPoint\",\"urlTemplate\":\"https:\\\/\\\/www.casaldelsinfants.org\\\/es\\\/?s={search_term_string}\"},\"query-input\":{\"@type\":\"PropertyValueSpecification\",\"valueRequired\":true,\"valueName\":\"search_term_string\"}}],\"inLanguage\":\"es\"},{\"@type\":\"Organization\",\"@id\":\"https:\\\/\\\/www.casaldelsinfants.org\\\/es\\\/#organization\",\"name\":\"Casal dels Infants\",\"url\":\"https:\\\/\\\/www.casaldelsinfants.org\\\/es\\\/\",\"logo\":{\"@type\":\"ImageObject\",\"inLanguage\":\"es\",\"@id\":\"https:\\\/\\\/www.casaldelsinfants.org\\\/es\\\/#\\\/schema\\\/logo\\\/image\\\/\",\"url\":\"https:\\\/\\\/www.casaldelsinfants.org\\\/wp-content\\\/uploads\\\/logo-mail.png\",\"contentUrl\":\"https:\\\/\\\/www.casaldelsinfants.org\\\/wp-content\\\/uploads\\\/logo-mail.png\",\"width\":380,\"height\":158,\"caption\":\"Casal dels Infants\"},\"image\":{\"@id\":\"https:\\\/\\\/www.casaldelsinfants.org\\\/es\\\/#\\\/schema\\\/logo\\\/image\\\/\"},\"sameAs\":[\"https:\\\/\\\/www.facebook.com\\\/casalinfants\",\"https:\\\/\\\/x.com\\\/casalinfants\",\"https:\\\/\\\/www.youtube.com\\\/user\\\/CasaldelsInfants1\",\"https:\\\/\\\/www.instagram.com\\\/casalinfants\\\/\",\"https:\\\/\\\/www.linkedin.com\\\/company\\\/casaldelsinfants?trk=organization-update_share-update_actor-text\"]},{\"@type\":\"Person\",\"@id\":\"https:\\\/\\\/www.casaldelsinfants.org\\\/es\\\/#\\\/schema\\\/person\\\/97707fc8c64900cf36891127dbf9fba8\",\"name\":\"cdiAdmin\",\"sameAs\":[\"https:\\\/\\\/casaldelsinfants.org\"]}]}<\/script>\n<!-- \/ Yoast SEO plugin. -->","yoast_head_json":{"title":"Bonpreu i Esclat ponen en marcha el redondeo solidario a favor del Casal dels Infants - Casal dels Infants","robots":{"index":"index","follow":"follow","max-snippet":"max-snippet:-1","max-image-preview":"max-image-preview:large","max-video-preview":"max-video-preview:-1"},"canonical":"https:\/\/www.casaldelsinfants.org\/es\/actualidad\/bonpreu-i-esclat-posen-en-marxa-larrodoniment-solidari-favor-del-casal-dels-infants\/","og_locale":"es_ES","og_type":"article","og_title":"Bonpreu i Esclat ponen en marcha el redondeo solidario a favor del Casal dels Infants - Casal dels Infants","og_description":"Los supermercados Bonpreu i Esclat del Grup Bon Preu han puesto en marcha el redondeo solidario para colaborar con distintos proyectos sociales. Desde el 11 de febrero los clientes de esos establecimientos podr\u00e1n redondear el importe de sus compras realizadas con tarjeta de cr\u00e9dito o d\u00e9bito y realizar microdonaciones para colaborar con causas sociales. Los [&hellip;]","og_url":"https:\/\/www.casaldelsinfants.org\/es\/actualidad\/bonpreu-i-esclat-posen-en-marxa-larrodoniment-solidari-favor-del-casal-dels-infants\/","og_site_name":"Casal dels Infants","article_publisher":"https:\/\/www.facebook.com\/casalinfants","article_published_time":"2019-02-12T10:47:25+00:00","article_modified_time":"2023-08-29T14:56:15+00:00","og_image":[{"width":806,"height":537,"url":"https:\/\/www.casaldelsinfants.org\/wp-content\/uploads\/descarga.png","type":"image\/png"}],"author":"cdiAdmin","twitter_card":"summary_large_image","twitter_creator":"@casalinfants","twitter_site":"@casalinfants","twitter_misc":{"Escrito por":"cdiAdmin","Tiempo de lectura":"2 minutos"},"schema":{"@context":"https:\/\/schema.org","@graph":[{"@type":"Article","@id":"https:\/\/www.casaldelsinfants.org\/es\/actualidad\/bonpreu-i-esclat-posen-en-marxa-larrodoniment-solidari-favor-del-casal-dels-infants\/#article","isPartOf":{"@id":"https:\/\/www.casaldelsinfants.org\/es\/actualidad\/bonpreu-i-esclat-posen-en-marxa-larrodoniment-solidari-favor-del-casal-dels-infants\/"},"author":{"name":"cdiAdmin","@id":"https:\/\/www.casaldelsinfants.org\/es\/#\/schema\/person\/97707fc8c64900cf36891127dbf9fba8"},"headline":"Bonpreu i Esclat ponen en marcha el redondeo solidario a favor del Casal dels Infants","datePublished":"2019-02-12T10:47:25+00:00","dateModified":"2023-08-29T14:56:15+00:00","mainEntityOfPage":{"@id":"https:\/\/www.casaldelsinfants.org\/es\/actualidad\/bonpreu-i-esclat-posen-en-marxa-larrodoniment-solidari-favor-del-casal-dels-infants\/"},"wordCount":278,"commentCount":0,"publisher":{"@id":"https:\/\/www.casaldelsinfants.org\/es\/#organization"},"image":{"@id":"https:\/\/www.casaldelsinfants.org\/es\/actualidad\/bonpreu-i-esclat-posen-en-marxa-larrodoniment-solidari-favor-del-casal-dels-infants\/#primaryimage"},"thumbnailUrl":"https:\/\/www.casaldelsinfants.org\/wp-content\/uploads\/descarga.png","articleSection":["Noticia"],"inLanguage":"es","potentialAction":[{"@type":"CommentAction","name":"Comment","target":["https:\/\/www.casaldelsinfants.org\/es\/actualidad\/bonpreu-i-esclat-posen-en-marxa-larrodoniment-solidari-favor-del-casal-dels-infants\/#respond"]}]},{"@type":"WebPage","@id":"https:\/\/www.casaldelsinfants.org\/es\/actualidad\/bonpreu-i-esclat-posen-en-marxa-larrodoniment-solidari-favor-del-casal-dels-infants\/","url":"https:\/\/www.casaldelsinfants.org\/es\/actualidad\/bonpreu-i-esclat-posen-en-marxa-larrodoniment-solidari-favor-del-casal-dels-infants\/","name":"Bonpreu i Esclat ponen en marcha el redondeo solidario a favor del Casal dels Infants - Casal dels Infants","isPartOf":{"@id":"https:\/\/www.casaldelsinfants.org\/es\/#website"},"primaryImageOfPage":{"@id":"https:\/\/www.casaldelsinfants.org\/es\/actualidad\/bonpreu-i-esclat-posen-en-marxa-larrodoniment-solidari-favor-del-casal-dels-infants\/#primaryimage"},"image":{"@id":"https:\/\/www.casaldelsinfants.org\/es\/actualidad\/bonpreu-i-esclat-posen-en-marxa-larrodoniment-solidari-favor-del-casal-dels-infants\/#primaryimage"},"thumbnailUrl":"https:\/\/www.casaldelsinfants.org\/wp-content\/uploads\/descarga.png","datePublished":"2019-02-12T10:47:25+00:00","dateModified":"2023-08-29T14:56:15+00:00","breadcrumb":{"@id":"https:\/\/www.casaldelsinfants.org\/es\/actualidad\/bonpreu-i-esclat-posen-en-marxa-larrodoniment-solidari-favor-del-casal-dels-infants\/#breadcrumb"},"inLanguage":"es","potentialAction":[{"@type":"ReadAction","target":["https:\/\/www.casaldelsinfants.org\/es\/actualidad\/bonpreu-i-esclat-posen-en-marxa-larrodoniment-solidari-favor-del-casal-dels-infants\/"]}]},{"@type":"ImageObject","inLanguage":"es","@id":"https:\/\/www.casaldelsinfants.org\/es\/actualidad\/bonpreu-i-esclat-posen-en-marxa-larrodoniment-solidari-favor-del-casal-dels-infants\/#primaryimage","url":"https:\/\/www.casaldelsinfants.org\/wp-content\/uploads\/descarga.png","contentUrl":"https:\/\/www.casaldelsinfants.org\/wp-content\/uploads\/descarga.png","width":806,"height":537,"caption":"TPV amb el text de l'arrodoniment solidari"},{"@type":"BreadcrumbList","@id":"https:\/\/www.casaldelsinfants.org\/es\/actualidad\/bonpreu-i-esclat-posen-en-marxa-larrodoniment-solidari-favor-del-casal-dels-infants\/#breadcrumb","itemListElement":[{"@type":"ListItem","position":1,"name":"Inici","item":"https:\/\/www.casaldelsinfants.org\/es\/"},{"@type":"ListItem","position":2,"name":"Bonpreu i Esclat ponen en marcha el redondeo solidario a favor del Casal dels Infants"}]},{"@type":"WebSite","@id":"https:\/\/www.casaldelsinfants.org\/es\/#website","url":"https:\/\/www.casaldelsinfants.org\/es\/","name":"Casal dels Infants","description":"","publisher":{"@id":"https:\/\/www.casaldelsinfants.org\/es\/#organization"},"potentialAction":[{"@type":"SearchAction","target":{"@type":"EntryPoint","urlTemplate":"https:\/\/www.casaldelsinfants.org\/es\/?s={search_term_string}"},"query-input":{"@type":"PropertyValueSpecification","valueRequired":true,"valueName":"search_term_string"}}],"inLanguage":"es"},{"@type":"Organization","@id":"https:\/\/www.casaldelsinfants.org\/es\/#organization","name":"Casal dels Infants","url":"https:\/\/www.casaldelsinfants.org\/es\/","logo":{"@type":"ImageObject","inLanguage":"es","@id":"https:\/\/www.casaldelsinfants.org\/es\/#\/schema\/logo\/image\/","url":"https:\/\/www.casaldelsinfants.org\/wp-content\/uploads\/logo-mail.png","contentUrl":"https:\/\/www.casaldelsinfants.org\/wp-content\/uploads\/logo-mail.png","width":380,"height":158,"caption":"Casal dels Infants"},"image":{"@id":"https:\/\/www.casaldelsinfants.org\/es\/#\/schema\/logo\/image\/"},"sameAs":["https:\/\/www.facebook.com\/casalinfants","https:\/\/x.com\/casalinfants","https:\/\/www.youtube.com\/user\/CasaldelsInfants1","https:\/\/www.instagram.com\/casalinfants\/","https:\/\/www.linkedin.com\/company\/casaldelsinfants?trk=organization-update_share-update_actor-text"]},{"@type":"Person","@id":"https:\/\/www.casaldelsinfants.org\/es\/#\/schema\/person\/97707fc8c64900cf36891127dbf9fba8","name":"cdiAdmin","sameAs":["https:\/\/casaldelsinfants.org"]}]}},"publishpress_future_action":{"enabled":false,"date":"2026-05-07 11:23:26","action":"change-status","newStatus":"draft","terms":[],"taxonomy":"category","extraData":[]},"publishpress_future_workflow_manual_trigger":{"enabledWorkflows":[]},"_links":{"self":[{"href":"https:\/\/www.casaldelsinfants.org\/es\/wp-json\/wp\/v2\/posts\/4451","targetHints":{"allow":["GET"]}}],"collection":[{"href":"https:\/\/www.casaldelsinfants.org\/es\/wp-json\/wp\/v2\/posts"}],"about":[{"href":"https:\/\/www.casaldelsinfants.org\/es\/wp-json\/wp\/v2\/types\/post"}],"author":[{"embeddable":true,"href":"https:\/\/www.casaldelsinfants.org\/es\/wp-json\/wp\/v2\/users\/1"}],"replies":[{"embeddable":true,"href":"https:\/\/www.casaldelsinfants.org\/es\/wp-json\/wp\/v2\/comments?post=4451"}],"version-history":[{"count":2,"href":"https:\/\/www.casaldelsinfants.org\/es\/wp-json\/wp\/v2\/posts\/4451\/revisions"}],"predecessor-version":[{"id":13467,"href":"https:\/\/www.casaldelsinfants.org\/es\/wp-json\/wp\/v2\/posts\/4451\/revisions\/13467"}],"wp:featuredmedia":[{"embeddable":true,"href":"https:\/\/www.casaldelsinfants.org\/es\/wp-json\/wp\/v2\/media\/3402"}],"wp:attachment":[{"href":"https:\/\/www.casaldelsinfants.org\/es\/wp-json\/wp\/v2\/media?parent=4451"}],"wp:term":[{"taxonomy":"category","embeddable":true,"href":"https:\/\/www.casaldelsinfants.org\/es\/wp-json\/wp\/v2\/categories?post=4451"},{"taxonomy":"post_tag","embeddable":true,"href":"https:\/\/www.casaldelsinfants.org\/es\/wp-json\/wp\/v2\/tags?post=4451"},{"taxonomy":"seus","embeddable":true,"href":"https:\/\/www.casaldelsinfants.org\/es\/wp-json\/wp\/v2\/seus?post=4451"},{"taxonomy":"eixos","embeddable":true,"href":"https:\/\/www.casaldelsinfants.org\/es\/wp-json\/wp\/v2\/eixos?post=4451"}],"curies":[{"name":"wp","href":"https:\/\/api.w.org\/{rel}","templated":true}]}}