{"id":4453,"date":"2019-01-29T13:05:36","date_gmt":"2019-01-29T11:05:36","guid":{"rendered":"https:\/\/casal.puntzero.cat\/noticies\/trobada-anual-2019-millorant-la-governanca-democratica-del-casal-i-compartint-bones\/"},"modified":"2023-05-01T19:00:32","modified_gmt":"2023-05-01T17:00:32","slug":"trobada-anual-2019-millorant-la-governanca-democratica-del-casal-i-compartint-bones","status":"publish","type":"post","link":"https:\/\/www.casaldelsinfants.org\/es\/actualidad\/encuentro-anual-2019-mejorando-gobernanza-democratica-casal\/","title":{"rendered":"Encuentro Anual 2019: mejorando la gobernanza democr\u00e1tica del Casal y compartiendo buenas pr\u00e1cticas del voluntariado"},"content":{"rendered":"<div class=\"video-embed-field-responsive-video form-group\"><iframe loading=\"lazy\" width=\"854\" height=\"480\" frameborder=\"0\" allowfullscreen=\"allowfullscreen\" src=\"https:\/\/www.youtube.com\/embed\/AuJxf1-Wi50?autoplay=0&amp;start=0&amp;rel=0\"><\/iframe>\n<\/div>\n<p><span style=\"color:#000000;\">El s\u00e1bado 26 de enero se celebr\u00f3 el Encuentro Anual del Casal dels Infants en la Escola Pia Sant Antoni, en la que participaron las personas contratadas, voluntarias y en pr\u00e1cticas de la asociaci\u00f3n. Se trata de un espacio para reflexionar, compartir y debatir entorno a la acci\u00f3n social de la entidad con el objetivo de mejorar su impacto.<\/span><\/p>\n<p><span style=\"color:#000000;\">Este a\u00f1o uno de los aspectos que se trabaj\u00f3 fue el proceso iniciado para mejorar la gobernanza democr\u00e1tica en la asociaci\u00f3n, entendida como la capacidad que tienen todas las personas involucradas en el Casal (equipo, personas socias, voluntarias y participantes) de hacer o\u00edr su voz y participar en la toma de decisiones en los distintos \u00e1mbitos de la asociaci\u00f3n.<\/span><br \/>\n\u00a0<\/p>\n<p><span style=\"color:#000000;\">Este proceso se inici\u00f3 el curso pasado, en el marco del programa de acompa\u00f1amiento a la mejora de la Gobernanza Democr\u00e1tica del Tercer Sector Social de Catalunya, impulsado por La Confederaci\u00f3, la Patronal del Tercer Sector Social de Catalunya. La cooperativa Vector5 acompa\u00f1\u00f3 al Casal dels Infants en el dise\u00f1o de la metodolog\u00eda de trabajo durante el proceso.<\/span><\/p>\n<p>\n<span style=\"color:#000000;\">En una primera fase, un grupo motor integrado por las distintas voces del Casal realiz\u00f3 un diagn\u00f3stico de la gobernanza democr\u00e1tica en la asociaci\u00f3n, que un grupo m\u00e1s amplio de personas implicadas en la entidad revis\u00f3. A partir de este diagn\u00f3stico se plantearon 61 propuestas de mejora. Una vez analizadas, se seleccionaron 21 como definitivas. Algunas de estas acciones ya se est\u00e1n aplicando actualmente y las dem\u00e1s est\u00e1n en proceso de implementarse.<\/span><\/p>\n<p><span style=\"color:#000000;\">Cabe se\u00f1alar como un claro d\u00e9ficit del proyecto el hecho que en el grupo motor de trabajo no haya habido representaci\u00f3n de ni\u00f1os y ni\u00f1as, j\u00f3venes y familias participantes. De hecho, revertir la falta de espacios de expresi\u00f3n y\u00a0decisi\u00f3n de las personas que participan en el Casal es una de las prioiridades que ha fijado el proceso. Una de las decisiones que se pretenden establecer es la creacions de Consejos de Participaci\u00f3n en cada barrio en el que el Casal act\u00faa, para dar voz a los ni\u00f1os y ni\u00f1as, j\u00f3venes y familias.<\/span><\/p>\n<p>\n<span style=\"color:#000000;\"><strong>Feria de buenas pr\u00e1cticas del voluntariado<\/strong><\/span><\/p>\n<p><span style=\"color:#000000;\">El otro gran eje del encuentro fue la feria de buenas pr\u00e1cticas del voluntariado en el Casal dels Infants. Durante la ma\u00f1ana se pudieron conocer y compartir 14 propuestas destacadas impulsadas por personas voluntarias del Casal. Cada pr\u00e1ctica cont\u00f3 con una carpa y se dio a conocer por parte\u00a0de personas voluntarias y trabajadoras.<\/p>\n<p>Posteriormente, los equipos de cada barrio realizaron una din\u00e1mica de trabajo para reflexionar sobre el impacto de estas iniciativas y analizar cu\u00e1les podr\u00edan replicar en su territorio.<\/span><\/p>\n","protected":false},"excerpt":{"rendered":"<p>El s\u00e1bado 26 de enero se celebr\u00f3 el Encuentro Anual del Casal dels Infants en la Escola Pia Sant Antoni, en la que participaron las personas contratadas, voluntarias y en pr\u00e1cticas de la asociaci\u00f3n. Se trata de un espacio para reflexionar, compartir y debatir entorno a la acci\u00f3n social de la entidad con el objetivo [&hellip;]<\/p>\n","protected":false},"author":1,"featured_media":0,"comment_status":"open","ping_status":"open","sticky":false,"template":"","format":"standard","meta":{"_acf_changed":false,"_et_pb_use_builder":"","_et_pb_old_content":"","_et_gb_content_width":"","inline_featured_image":false,"footnotes":""},"categories":[125],"tags":[76],"seus":[],"eixos":[],"class_list":["post-4453","post","type-post","status-publish","format-standard","hentry","category-noticias","tag-trobada-anual"],"acf":[],"yoast_head":"<!-- This site is optimized with the Yoast SEO plugin v27.4 - https:\/\/yoast.com\/product\/yoast-seo-wordpress\/ -->\n<title>Encuentro Anual 2019: mejorando la gobernanza democr\u00e1tica del Casal y compartiendo buenas pr\u00e1cticas del voluntariado - Casal dels Infants<\/title>\n<meta name=\"robots\" content=\"index, follow, max-snippet:-1, max-image-preview:large, max-video-preview:-1\" \/>\n<link rel=\"canonical\" href=\"https:\/\/www.casaldelsinfants.org\/es\/actualidad\/encuentro-anual-2019-mejorando-gobernanza-democratica-casal\/\" \/>\n<meta property=\"og:locale\" content=\"es_ES\" \/>\n<meta property=\"og:type\" content=\"article\" \/>\n<meta property=\"og:title\" content=\"Encuentro Anual 2019: mejorando la gobernanza democr\u00e1tica del Casal y compartiendo buenas pr\u00e1cticas del voluntariado - Casal dels Infants\" \/>\n<meta property=\"og:description\" content=\"El s\u00e1bado 26 de enero se celebr\u00f3 el Encuentro Anual del Casal dels Infants en la Escola Pia Sant Antoni, en la que participaron las personas contratadas, voluntarias y en pr\u00e1cticas de la asociaci\u00f3n. Se trata de un espacio para reflexionar, compartir y debatir entorno a la acci\u00f3n social de la entidad con el objetivo [&hellip;]\" \/>\n<meta property=\"og:url\" content=\"https:\/\/www.casaldelsinfants.org\/es\/actualidad\/encuentro-anual-2019-mejorando-gobernanza-democratica-casal\/\" \/>\n<meta property=\"og:site_name\" content=\"Casal dels Infants\" \/>\n<meta property=\"article:publisher\" content=\"https:\/\/www.facebook.com\/casalinfants\" \/>\n<meta property=\"article:published_time\" content=\"2019-01-29T11:05:36+00:00\" \/>\n<meta property=\"article:modified_time\" content=\"2023-05-01T17:00:32+00:00\" \/>\n<meta name=\"author\" content=\"cdiAdmin\" \/>\n<meta name=\"twitter:card\" content=\"summary_large_image\" \/>\n<meta name=\"twitter:creator\" content=\"@casalinfants\" \/>\n<meta name=\"twitter:site\" content=\"@casalinfants\" \/>\n<meta name=\"twitter:label1\" content=\"Escrito por\" \/>\n\t<meta name=\"twitter:data1\" content=\"cdiAdmin\" \/>\n\t<meta name=\"twitter:label2\" content=\"Tiempo de lectura\" \/>\n\t<meta name=\"twitter:data2\" content=\"2 minutos\" \/>\n<script type=\"application\/ld+json\" class=\"yoast-schema-graph\">{\"@context\":\"https:\\\/\\\/schema.org\",\"@graph\":[{\"@type\":\"Article\",\"@id\":\"https:\\\/\\\/www.casaldelsinfants.org\\\/es\\\/actualidad\\\/encuentro-anual-2019-mejorando-gobernanza-democratica-casal\\\/#article\",\"isPartOf\":{\"@id\":\"https:\\\/\\\/www.casaldelsinfants.org\\\/es\\\/actualidad\\\/encuentro-anual-2019-mejorando-gobernanza-democratica-casal\\\/\"},\"author\":{\"name\":\"cdiAdmin\",\"@id\":\"https:\\\/\\\/www.casaldelsinfants.org\\\/es\\\/#\\\/schema\\\/person\\\/97707fc8c64900cf36891127dbf9fba8\"},\"headline\":\"Encuentro Anual 2019: mejorando la gobernanza democr\u00e1tica del Casal y compartiendo buenas pr\u00e1cticas del voluntariado\",\"datePublished\":\"2019-01-29T11:05:36+00:00\",\"dateModified\":\"2023-05-01T17:00:32+00:00\",\"mainEntityOfPage\":{\"@id\":\"https:\\\/\\\/www.casaldelsinfants.org\\\/es\\\/actualidad\\\/encuentro-anual-2019-mejorando-gobernanza-democratica-casal\\\/\"},\"wordCount\":481,\"commentCount\":0,\"publisher\":{\"@id\":\"https:\\\/\\\/www.casaldelsinfants.org\\\/es\\\/#organization\"},\"keywords\":[\"Trobada Anual\"],\"articleSection\":[\"Noticia\"],\"inLanguage\":\"es\",\"potentialAction\":[{\"@type\":\"CommentAction\",\"name\":\"Comment\",\"target\":[\"https:\\\/\\\/www.casaldelsinfants.org\\\/es\\\/actualidad\\\/encuentro-anual-2019-mejorando-gobernanza-democratica-casal\\\/#respond\"]}]},{\"@type\":\"WebPage\",\"@id\":\"https:\\\/\\\/www.casaldelsinfants.org\\\/es\\\/actualidad\\\/encuentro-anual-2019-mejorando-gobernanza-democratica-casal\\\/\",\"url\":\"https:\\\/\\\/www.casaldelsinfants.org\\\/es\\\/actualidad\\\/encuentro-anual-2019-mejorando-gobernanza-democratica-casal\\\/\",\"name\":\"Encuentro Anual 2019: mejorando la gobernanza democr\u00e1tica del Casal y compartiendo buenas pr\u00e1cticas del voluntariado - Casal dels Infants\",\"isPartOf\":{\"@id\":\"https:\\\/\\\/www.casaldelsinfants.org\\\/es\\\/#website\"},\"datePublished\":\"2019-01-29T11:05:36+00:00\",\"dateModified\":\"2023-05-01T17:00:32+00:00\",\"breadcrumb\":{\"@id\":\"https:\\\/\\\/www.casaldelsinfants.org\\\/es\\\/actualidad\\\/encuentro-anual-2019-mejorando-gobernanza-democratica-casal\\\/#breadcrumb\"},\"inLanguage\":\"es\",\"potentialAction\":[{\"@type\":\"ReadAction\",\"target\":[\"https:\\\/\\\/www.casaldelsinfants.org\\\/es\\\/actualidad\\\/encuentro-anual-2019-mejorando-gobernanza-democratica-casal\\\/\"]}]},{\"@type\":\"BreadcrumbList\",\"@id\":\"https:\\\/\\\/www.casaldelsinfants.org\\\/es\\\/actualidad\\\/encuentro-anual-2019-mejorando-gobernanza-democratica-casal\\\/#breadcrumb\",\"itemListElement\":[{\"@type\":\"ListItem\",\"position\":1,\"name\":\"Inici\",\"item\":\"https:\\\/\\\/www.casaldelsinfants.org\\\/es\\\/\"},{\"@type\":\"ListItem\",\"position\":2,\"name\":\"Encuentro Anual 2019: mejorando la gobernanza democr\u00e1tica del Casal y compartiendo buenas pr\u00e1cticas del voluntariado\"}]},{\"@type\":\"WebSite\",\"@id\":\"https:\\\/\\\/www.casaldelsinfants.org\\\/es\\\/#website\",\"url\":\"https:\\\/\\\/www.casaldelsinfants.org\\\/es\\\/\",\"name\":\"Casal dels Infants\",\"description\":\"\",\"publisher\":{\"@id\":\"https:\\\/\\\/www.casaldelsinfants.org\\\/es\\\/#organization\"},\"potentialAction\":[{\"@type\":\"SearchAction\",\"target\":{\"@type\":\"EntryPoint\",\"urlTemplate\":\"https:\\\/\\\/www.casaldelsinfants.org\\\/es\\\/?s={search_term_string}\"},\"query-input\":{\"@type\":\"PropertyValueSpecification\",\"valueRequired\":true,\"valueName\":\"search_term_string\"}}],\"inLanguage\":\"es\"},{\"@type\":\"Organization\",\"@id\":\"https:\\\/\\\/www.casaldelsinfants.org\\\/es\\\/#organization\",\"name\":\"Casal dels Infants\",\"url\":\"https:\\\/\\\/www.casaldelsinfants.org\\\/es\\\/\",\"logo\":{\"@type\":\"ImageObject\",\"inLanguage\":\"es\",\"@id\":\"https:\\\/\\\/www.casaldelsinfants.org\\\/es\\\/#\\\/schema\\\/logo\\\/image\\\/\",\"url\":\"https:\\\/\\\/www.casaldelsinfants.org\\\/wp-content\\\/uploads\\\/logo-mail.png\",\"contentUrl\":\"https:\\\/\\\/www.casaldelsinfants.org\\\/wp-content\\\/uploads\\\/logo-mail.png\",\"width\":380,\"height\":158,\"caption\":\"Casal dels Infants\"},\"image\":{\"@id\":\"https:\\\/\\\/www.casaldelsinfants.org\\\/es\\\/#\\\/schema\\\/logo\\\/image\\\/\"},\"sameAs\":[\"https:\\\/\\\/www.facebook.com\\\/casalinfants\",\"https:\\\/\\\/x.com\\\/casalinfants\",\"https:\\\/\\\/www.youtube.com\\\/user\\\/CasaldelsInfants1\",\"https:\\\/\\\/www.instagram.com\\\/casalinfants\\\/\",\"https:\\\/\\\/www.linkedin.com\\\/company\\\/casaldelsinfants?trk=organization-update_share-update_actor-text\"]},{\"@type\":\"Person\",\"@id\":\"https:\\\/\\\/www.casaldelsinfants.org\\\/es\\\/#\\\/schema\\\/person\\\/97707fc8c64900cf36891127dbf9fba8\",\"name\":\"cdiAdmin\",\"sameAs\":[\"https:\\\/\\\/casaldelsinfants.org\"]}]}<\/script>\n<!-- \/ Yoast SEO plugin. -->","yoast_head_json":{"title":"Encuentro Anual 2019: mejorando la gobernanza democr\u00e1tica del Casal y compartiendo buenas pr\u00e1cticas del voluntariado - Casal dels Infants","robots":{"index":"index","follow":"follow","max-snippet":"max-snippet:-1","max-image-preview":"max-image-preview:large","max-video-preview":"max-video-preview:-1"},"canonical":"https:\/\/www.casaldelsinfants.org\/es\/actualidad\/encuentro-anual-2019-mejorando-gobernanza-democratica-casal\/","og_locale":"es_ES","og_type":"article","og_title":"Encuentro Anual 2019: mejorando la gobernanza democr\u00e1tica del Casal y compartiendo buenas pr\u00e1cticas del voluntariado - Casal dels Infants","og_description":"El s\u00e1bado 26 de enero se celebr\u00f3 el Encuentro Anual del Casal dels Infants en la Escola Pia Sant Antoni, en la que participaron las personas contratadas, voluntarias y en pr\u00e1cticas de la asociaci\u00f3n. Se trata de un espacio para reflexionar, compartir y debatir entorno a la acci\u00f3n social de la entidad con el objetivo [&hellip;]","og_url":"https:\/\/www.casaldelsinfants.org\/es\/actualidad\/encuentro-anual-2019-mejorando-gobernanza-democratica-casal\/","og_site_name":"Casal dels Infants","article_publisher":"https:\/\/www.facebook.com\/casalinfants","article_published_time":"2019-01-29T11:05:36+00:00","article_modified_time":"2023-05-01T17:00:32+00:00","author":"cdiAdmin","twitter_card":"summary_large_image","twitter_creator":"@casalinfants","twitter_site":"@casalinfants","twitter_misc":{"Escrito por":"cdiAdmin","Tiempo de lectura":"2 minutos"},"schema":{"@context":"https:\/\/schema.org","@graph":[{"@type":"Article","@id":"https:\/\/www.casaldelsinfants.org\/es\/actualidad\/encuentro-anual-2019-mejorando-gobernanza-democratica-casal\/#article","isPartOf":{"@id":"https:\/\/www.casaldelsinfants.org\/es\/actualidad\/encuentro-anual-2019-mejorando-gobernanza-democratica-casal\/"},"author":{"name":"cdiAdmin","@id":"https:\/\/www.casaldelsinfants.org\/es\/#\/schema\/person\/97707fc8c64900cf36891127dbf9fba8"},"headline":"Encuentro Anual 2019: mejorando la gobernanza democr\u00e1tica del Casal y compartiendo buenas pr\u00e1cticas del voluntariado","datePublished":"2019-01-29T11:05:36+00:00","dateModified":"2023-05-01T17:00:32+00:00","mainEntityOfPage":{"@id":"https:\/\/www.casaldelsinfants.org\/es\/actualidad\/encuentro-anual-2019-mejorando-gobernanza-democratica-casal\/"},"wordCount":481,"commentCount":0,"publisher":{"@id":"https:\/\/www.casaldelsinfants.org\/es\/#organization"},"keywords":["Trobada Anual"],"articleSection":["Noticia"],"inLanguage":"es","potentialAction":[{"@type":"CommentAction","name":"Comment","target":["https:\/\/www.casaldelsinfants.org\/es\/actualidad\/encuentro-anual-2019-mejorando-gobernanza-democratica-casal\/#respond"]}]},{"@type":"WebPage","@id":"https:\/\/www.casaldelsinfants.org\/es\/actualidad\/encuentro-anual-2019-mejorando-gobernanza-democratica-casal\/","url":"https:\/\/www.casaldelsinfants.org\/es\/actualidad\/encuentro-anual-2019-mejorando-gobernanza-democratica-casal\/","name":"Encuentro Anual 2019: mejorando la gobernanza democr\u00e1tica del Casal y compartiendo buenas pr\u00e1cticas del voluntariado - Casal dels Infants","isPartOf":{"@id":"https:\/\/www.casaldelsinfants.org\/es\/#website"},"datePublished":"2019-01-29T11:05:36+00:00","dateModified":"2023-05-01T17:00:32+00:00","breadcrumb":{"@id":"https:\/\/www.casaldelsinfants.org\/es\/actualidad\/encuentro-anual-2019-mejorando-gobernanza-democratica-casal\/#breadcrumb"},"inLanguage":"es","potentialAction":[{"@type":"ReadAction","target":["https:\/\/www.casaldelsinfants.org\/es\/actualidad\/encuentro-anual-2019-mejorando-gobernanza-democratica-casal\/"]}]},{"@type":"BreadcrumbList","@id":"https:\/\/www.casaldelsinfants.org\/es\/actualidad\/encuentro-anual-2019-mejorando-gobernanza-democratica-casal\/#breadcrumb","itemListElement":[{"@type":"ListItem","position":1,"name":"Inici","item":"https:\/\/www.casaldelsinfants.org\/es\/"},{"@type":"ListItem","position":2,"name":"Encuentro Anual 2019: mejorando la gobernanza democr\u00e1tica del Casal y compartiendo buenas pr\u00e1cticas del voluntariado"}]},{"@type":"WebSite","@id":"https:\/\/www.casaldelsinfants.org\/es\/#website","url":"https:\/\/www.casaldelsinfants.org\/es\/","name":"Casal dels Infants","description":"","publisher":{"@id":"https:\/\/www.casaldelsinfants.org\/es\/#organization"},"potentialAction":[{"@type":"SearchAction","target":{"@type":"EntryPoint","urlTemplate":"https:\/\/www.casaldelsinfants.org\/es\/?s={search_term_string}"},"query-input":{"@type":"PropertyValueSpecification","valueRequired":true,"valueName":"search_term_string"}}],"inLanguage":"es"},{"@type":"Organization","@id":"https:\/\/www.casaldelsinfants.org\/es\/#organization","name":"Casal dels Infants","url":"https:\/\/www.casaldelsinfants.org\/es\/","logo":{"@type":"ImageObject","inLanguage":"es","@id":"https:\/\/www.casaldelsinfants.org\/es\/#\/schema\/logo\/image\/","url":"https:\/\/www.casaldelsinfants.org\/wp-content\/uploads\/logo-mail.png","contentUrl":"https:\/\/www.casaldelsinfants.org\/wp-content\/uploads\/logo-mail.png","width":380,"height":158,"caption":"Casal dels Infants"},"image":{"@id":"https:\/\/www.casaldelsinfants.org\/es\/#\/schema\/logo\/image\/"},"sameAs":["https:\/\/www.facebook.com\/casalinfants","https:\/\/x.com\/casalinfants","https:\/\/www.youtube.com\/user\/CasaldelsInfants1","https:\/\/www.instagram.com\/casalinfants\/","https:\/\/www.linkedin.com\/company\/casaldelsinfants?trk=organization-update_share-update_actor-text"]},{"@type":"Person","@id":"https:\/\/www.casaldelsinfants.org\/es\/#\/schema\/person\/97707fc8c64900cf36891127dbf9fba8","name":"cdiAdmin","sameAs":["https:\/\/casaldelsinfants.org"]}]}},"publishpress_future_action":{"enabled":false,"date":"2026-05-07 11:35:13","action":"change-status","newStatus":"draft","terms":[],"taxonomy":"category","extraData":[]},"publishpress_future_workflow_manual_trigger":{"enabledWorkflows":[]},"_links":{"self":[{"href":"https:\/\/www.casaldelsinfants.org\/es\/wp-json\/wp\/v2\/posts\/4453","targetHints":{"allow":["GET"]}}],"collection":[{"href":"https:\/\/www.casaldelsinfants.org\/es\/wp-json\/wp\/v2\/posts"}],"about":[{"href":"https:\/\/www.casaldelsinfants.org\/es\/wp-json\/wp\/v2\/types\/post"}],"author":[{"embeddable":true,"href":"https:\/\/www.casaldelsinfants.org\/es\/wp-json\/wp\/v2\/users\/1"}],"replies":[{"embeddable":true,"href":"https:\/\/www.casaldelsinfants.org\/es\/wp-json\/wp\/v2\/comments?post=4453"}],"version-history":[{"count":1,"href":"https:\/\/www.casaldelsinfants.org\/es\/wp-json\/wp\/v2\/posts\/4453\/revisions"}],"predecessor-version":[{"id":6392,"href":"https:\/\/www.casaldelsinfants.org\/es\/wp-json\/wp\/v2\/posts\/4453\/revisions\/6392"}],"wp:attachment":[{"href":"https:\/\/www.casaldelsinfants.org\/es\/wp-json\/wp\/v2\/media?parent=4453"}],"wp:term":[{"taxonomy":"category","embeddable":true,"href":"https:\/\/www.casaldelsinfants.org\/es\/wp-json\/wp\/v2\/categories?post=4453"},{"taxonomy":"post_tag","embeddable":true,"href":"https:\/\/www.casaldelsinfants.org\/es\/wp-json\/wp\/v2\/tags?post=4453"},{"taxonomy":"seus","embeddable":true,"href":"https:\/\/www.casaldelsinfants.org\/es\/wp-json\/wp\/v2\/seus?post=4453"},{"taxonomy":"eixos","embeddable":true,"href":"https:\/\/www.casaldelsinfants.org\/es\/wp-json\/wp\/v2\/eixos?post=4453"}],"curies":[{"name":"wp","href":"https:\/\/api.w.org\/{rel}","templated":true}]}}