{"id":4455,"date":"2019-01-28T14:19:05","date_gmt":"2019-01-28T12:19:05","guid":{"rendered":"https:\/\/casal.puntzero.cat\/noticies\/tot-punt-un-nou-servei-dautoreparacio-textil-gratuit-al-raval\/"},"modified":"2023-05-01T19:00:39","modified_gmt":"2023-05-01T17:00:39","slug":"tot-punt-un-nou-servei-dautoreparacio-textil-gratuit-al-raval","status":"publish","type":"post","link":"https:\/\/www.casaldelsinfants.org\/es\/actualidad\/vuelve-el-tot-punt-el-servicio-de-autoreparacion-textil-comunitario-y-grauito-del-raval\/","title":{"rendered":"\u201cTot a punt\u201d, un nuevo servicio de autoreparaci\u00f3n textil gratuito en el Raval"},"content":{"rendered":"<div class=\"video-embed-field-responsive-video form-group\"><iframe loading=\"lazy\" width=\"854\" height=\"480\" frameborder=\"0\" allowfullscreen=\"allowfullscreen\" src=\"https:\/\/www.youtube.com\/embed\/vdAEhuCPhX0?autoplay=0&amp;start=0&amp;rel=0\"><\/iframe>\n<\/div>\n<p><span style=\"color:#000000;\">El Casal dels Infants inaugura el mi\u00e9rcoles 30 de enero a las 11 h \u201cTot a punt\u201d, un nuevo servicio de autoreparaci\u00f3n textil comunitario y gratuito en el barrio del Raval de Barcelona, concretamente en el local de la asociaci\u00f3n ubicado en el n\u00famero 22 de la calle de la Reina Am\u00e0lia. Un grupo de mujeres que participan en el Casal han sido formadas durante tres meses y a partir del 11 de febrero, d\u00eda en el que el servicio entra en funcionamiento, ayudar\u00e1n a todo el que quiera a reparar piezas de ropa da\u00f1adas. El servicio abrir\u00e1 por las ma\u00f1anas los lunes y los mi\u00e9rcoles (de 10 h a 13 h( y por las tardes los martes y los mi\u00e9rcoles (de 17.30 h a 19.30 h).<\/span><\/p>\n<p>\n<span style=\"color:#000000;\">\u201cTot a punt\u201d, creado con el apoyo del Ayuntamiento de Barcelona y Barcelona Activa, quiere ser un espacio de encuentro y apoyo mutuo para el vecindario de barrio, que sensibilice sobre la importancia del reaprovechamiento. De esta manera, el servicio quiere reivindicar una alternativa de consumo solidaria, que aumente la capacidad de ahorro de las familias y disminuya el impacto sobre el medio ambiente.<\/span><\/p>\n<p>\n<span style=\"color:#000000;\">Las 10 mujeres participantes empezaron en noviembre una formaci\u00f3n para poder iniciar el servicio, impartida por dos profesionales de Sistemes Medioambientals: \u201cAlgunas ya ten\u00edan conocimientos previos de costura, y lo que han aprendido son t\u00e9cnicas b\u00e1sicas para poder hacer arreglos con m\u00e1quinas de coser, como reparar agujeros o estrechar y ensanchar piezas\u201d, explica Susagna Nav\u00f3, una de las formadoras.<\/span><\/p>\n<p>\n<span style=\"color:#000000;\">Hadija Raissouni, una de las participantes de \u201cTot a punt\u201d, conoci\u00f3 el servicio porque le habl\u00f3 de \u00e9l la educadora de su hija en el Casal. Siempre le hab\u00eda gustado coser en su tiempo libre, as\u00ed que no se lo pens\u00f3 dos veces y se apunt\u00f3: \u201cAqu\u00ed tengo un espacio para aprender costura y dejar a mi hija acompa\u00f1ada, es maravilloso para m\u00ed, y as\u00ed tambi\u00e9n podemos hacer alguna cosa para el barrio\u201d, explica.<\/span><\/p>\n<p>\n<span style=\"color:#000000;\">Khadija tiene el sue\u00f1o de dedicarse profesionalmente a la costura, como tambi\u00e9n lo tiene su compa\u00f1era Mariana Budui\u201dTot a punt me est\u00e1 encantando, y pienso que m\u00e1s adelante, con todo lo que he aprendido, quiz\u00e1s puedo tener unos ingresos trabajando por mi propia cuenta\u201d, comenta Mariana. Hace a\u00f1os que buscaba un curso para aprender a coser mejor, pero no se apuntaba a ninguno porque todos eran de pago.<\/span><\/p>\n<p>\n<span style=\"color:#000000;\"><strong>Autoconfianza, apoyo mutuo y lenguas<\/strong><br \/>\nM\u00e1s all\u00e1 de progresar con el hilo y la aguja, las participantes tambi\u00e9n salen ganando en confianza en s\u00ed mismas, en autoestima y en la capacidad de establecer relaciones de apoyo mutuo. Esther Mas, educadora del Casal dels Infants, destaca que son mujeres que dedican la mayor\u00eda de su tiempo a la crianza de sus hijos y a otras cargas dom\u00e9sticas: \u201cAqu\u00ed pueden pensar en s\u00ed mismas, descubrir sus habilidades y reconocerse como mujeres, m\u00e1s all\u00e1 de su rol materno\u201d, explica.<\/span><\/p>\n<p>\n<span style=\"color:#000000;\">Otro aspecto que permite trabajar \u201cTot a punt\u201d son las competencias idiom\u00e1ticas. La mayor\u00eda de las participantes son mujeres inmigradas, y tener que comunicarse entre ellas en el taller de autoreparaci\u00f3n es un est\u00edmulo de aprendizaje, como remarca Khadija: \u201cYo hace 10 a\u00f1os que estoy en Catalunya, pero sigo teniendo problemas con la gram\u00e1tica. Aqu\u00ed tengo que hablar y escuchar mucho, y esto me hace mejorar con la lengua\u201d.<\/span><\/p>\n<p>\n<span style=\"color:#000000;\">El acto de inauguraci\u00f3n el mi\u00e9rcoles 30 de enero a las 11 h est\u00e1 abierto a las entidades del barrio y a todo el mundo que est\u00e9 interesado en conocer \u201cTot a punt\u201d. Las participantes y las educadoras expondr\u00e1n en qu\u00e9 consiste el servicio y c\u00f3mo ha sido el proceso que ha permitido crearlo.<\/span><\/p>\n","protected":false},"excerpt":{"rendered":"<p>El Casal dels Infants inaugura el mi\u00e9rcoles 30 de enero a las 11 h \u201cTot a punt\u201d, un nuevo servicio de autoreparaci\u00f3n textil comunitario y gratuito en el barrio del Raval de Barcelona, concretamente en el local de la asociaci\u00f3n ubicado en el n\u00famero 22 de la calle de la Reina Am\u00e0lia. Un grupo de [&hellip;]<\/p>\n","protected":false},"author":1,"featured_media":0,"comment_status":"open","ping_status":"open","sticky":false,"template":"","format":"standard","meta":{"_acf_changed":false,"_et_pb_use_builder":"","_et_pb_old_content":"","_et_gb_content_width":"","inline_featured_image":false,"footnotes":""},"categories":[125],"tags":[],"seus":[16],"eixos":[107],"class_list":["post-4455","post","type-post","status-publish","format-standard","hentry","category-noticias","seus-el-raval","eixos-pequena-infancia"],"acf":[],"yoast_head":"<!-- This site is optimized with the Yoast SEO plugin v27.4 - https:\/\/yoast.com\/product\/yoast-seo-wordpress\/ -->\n<title>\u201cTot a punt\u201d, un nuevo servicio de autoreparaci\u00f3n textil gratuito en el Raval - Casal dels Infants<\/title>\n<meta name=\"robots\" content=\"index, follow, max-snippet:-1, max-image-preview:large, max-video-preview:-1\" \/>\n<link rel=\"canonical\" href=\"https:\/\/www.casaldelsinfants.org\/es\/actualidad\/vuelve-el-tot-punt-el-servicio-de-autoreparacion-textil-comunitario-y-grauito-del-raval\/\" \/>\n<meta property=\"og:locale\" content=\"es_ES\" \/>\n<meta property=\"og:type\" content=\"article\" \/>\n<meta property=\"og:title\" content=\"\u201cTot a punt\u201d, un nuevo servicio de autoreparaci\u00f3n textil gratuito en el Raval - Casal dels Infants\" \/>\n<meta property=\"og:description\" content=\"El Casal dels Infants inaugura el mi\u00e9rcoles 30 de enero a las 11 h \u201cTot a punt\u201d, un nuevo servicio de autoreparaci\u00f3n textil comunitario y gratuito en el barrio del Raval de Barcelona, concretamente en el local de la asociaci\u00f3n ubicado en el n\u00famero 22 de la calle de la Reina Am\u00e0lia. Un grupo de [&hellip;]\" \/>\n<meta property=\"og:url\" content=\"https:\/\/www.casaldelsinfants.org\/es\/actualidad\/vuelve-el-tot-punt-el-servicio-de-autoreparacion-textil-comunitario-y-grauito-del-raval\/\" \/>\n<meta property=\"og:site_name\" content=\"Casal dels Infants\" \/>\n<meta property=\"article:publisher\" content=\"https:\/\/www.facebook.com\/casalinfants\" \/>\n<meta property=\"article:published_time\" content=\"2019-01-28T12:19:05+00:00\" \/>\n<meta property=\"article:modified_time\" content=\"2023-05-01T17:00:39+00:00\" \/>\n<meta name=\"author\" content=\"cdiAdmin\" \/>\n<meta name=\"twitter:card\" content=\"summary_large_image\" \/>\n<meta name=\"twitter:creator\" content=\"@casalinfants\" \/>\n<meta name=\"twitter:site\" content=\"@casalinfants\" \/>\n<meta name=\"twitter:label1\" content=\"Escrito por\" \/>\n\t<meta name=\"twitter:data1\" content=\"cdiAdmin\" \/>\n\t<meta name=\"twitter:label2\" content=\"Tiempo de lectura\" \/>\n\t<meta name=\"twitter:data2\" content=\"3 minutos\" \/>\n<script type=\"application\/ld+json\" class=\"yoast-schema-graph\">{\"@context\":\"https:\\\/\\\/schema.org\",\"@graph\":[{\"@type\":\"Article\",\"@id\":\"https:\\\/\\\/www.casaldelsinfants.org\\\/es\\\/actualidad\\\/vuelve-el-tot-punt-el-servicio-de-autoreparacion-textil-comunitario-y-grauito-del-raval\\\/#article\",\"isPartOf\":{\"@id\":\"https:\\\/\\\/www.casaldelsinfants.org\\\/es\\\/actualidad\\\/vuelve-el-tot-punt-el-servicio-de-autoreparacion-textil-comunitario-y-grauito-del-raval\\\/\"},\"author\":{\"name\":\"cdiAdmin\",\"@id\":\"https:\\\/\\\/www.casaldelsinfants.org\\\/es\\\/#\\\/schema\\\/person\\\/97707fc8c64900cf36891127dbf9fba8\"},\"headline\":\"\u201cTot a punt\u201d, un nuevo servicio de autoreparaci\u00f3n textil gratuito en el Raval\",\"datePublished\":\"2019-01-28T12:19:05+00:00\",\"dateModified\":\"2023-05-01T17:00:39+00:00\",\"mainEntityOfPage\":{\"@id\":\"https:\\\/\\\/www.casaldelsinfants.org\\\/es\\\/actualidad\\\/vuelve-el-tot-punt-el-servicio-de-autoreparacion-textil-comunitario-y-grauito-del-raval\\\/\"},\"wordCount\":644,\"commentCount\":0,\"publisher\":{\"@id\":\"https:\\\/\\\/www.casaldelsinfants.org\\\/es\\\/#organization\"},\"articleSection\":[\"Noticia\"],\"inLanguage\":\"es\",\"potentialAction\":[{\"@type\":\"CommentAction\",\"name\":\"Comment\",\"target\":[\"https:\\\/\\\/www.casaldelsinfants.org\\\/es\\\/actualidad\\\/vuelve-el-tot-punt-el-servicio-de-autoreparacion-textil-comunitario-y-grauito-del-raval\\\/#respond\"]}]},{\"@type\":\"WebPage\",\"@id\":\"https:\\\/\\\/www.casaldelsinfants.org\\\/es\\\/actualidad\\\/vuelve-el-tot-punt-el-servicio-de-autoreparacion-textil-comunitario-y-grauito-del-raval\\\/\",\"url\":\"https:\\\/\\\/www.casaldelsinfants.org\\\/es\\\/actualidad\\\/vuelve-el-tot-punt-el-servicio-de-autoreparacion-textil-comunitario-y-grauito-del-raval\\\/\",\"name\":\"\u201cTot a punt\u201d, un nuevo servicio de autoreparaci\u00f3n textil gratuito en el Raval - Casal dels Infants\",\"isPartOf\":{\"@id\":\"https:\\\/\\\/www.casaldelsinfants.org\\\/es\\\/#website\"},\"datePublished\":\"2019-01-28T12:19:05+00:00\",\"dateModified\":\"2023-05-01T17:00:39+00:00\",\"breadcrumb\":{\"@id\":\"https:\\\/\\\/www.casaldelsinfants.org\\\/es\\\/actualidad\\\/vuelve-el-tot-punt-el-servicio-de-autoreparacion-textil-comunitario-y-grauito-del-raval\\\/#breadcrumb\"},\"inLanguage\":\"es\",\"potentialAction\":[{\"@type\":\"ReadAction\",\"target\":[\"https:\\\/\\\/www.casaldelsinfants.org\\\/es\\\/actualidad\\\/vuelve-el-tot-punt-el-servicio-de-autoreparacion-textil-comunitario-y-grauito-del-raval\\\/\"]}]},{\"@type\":\"BreadcrumbList\",\"@id\":\"https:\\\/\\\/www.casaldelsinfants.org\\\/es\\\/actualidad\\\/vuelve-el-tot-punt-el-servicio-de-autoreparacion-textil-comunitario-y-grauito-del-raval\\\/#breadcrumb\",\"itemListElement\":[{\"@type\":\"ListItem\",\"position\":1,\"name\":\"Inici\",\"item\":\"https:\\\/\\\/www.casaldelsinfants.org\\\/es\\\/\"},{\"@type\":\"ListItem\",\"position\":2,\"name\":\"\u201cTot a punt\u201d, un nuevo servicio de autoreparaci\u00f3n textil gratuito en el Raval\"}]},{\"@type\":\"WebSite\",\"@id\":\"https:\\\/\\\/www.casaldelsinfants.org\\\/es\\\/#website\",\"url\":\"https:\\\/\\\/www.casaldelsinfants.org\\\/es\\\/\",\"name\":\"Casal dels Infants\",\"description\":\"\",\"publisher\":{\"@id\":\"https:\\\/\\\/www.casaldelsinfants.org\\\/es\\\/#organization\"},\"potentialAction\":[{\"@type\":\"SearchAction\",\"target\":{\"@type\":\"EntryPoint\",\"urlTemplate\":\"https:\\\/\\\/www.casaldelsinfants.org\\\/es\\\/?s={search_term_string}\"},\"query-input\":{\"@type\":\"PropertyValueSpecification\",\"valueRequired\":true,\"valueName\":\"search_term_string\"}}],\"inLanguage\":\"es\"},{\"@type\":\"Organization\",\"@id\":\"https:\\\/\\\/www.casaldelsinfants.org\\\/es\\\/#organization\",\"name\":\"Casal dels Infants\",\"url\":\"https:\\\/\\\/www.casaldelsinfants.org\\\/es\\\/\",\"logo\":{\"@type\":\"ImageObject\",\"inLanguage\":\"es\",\"@id\":\"https:\\\/\\\/www.casaldelsinfants.org\\\/es\\\/#\\\/schema\\\/logo\\\/image\\\/\",\"url\":\"https:\\\/\\\/www.casaldelsinfants.org\\\/wp-content\\\/uploads\\\/logo-mail.png\",\"contentUrl\":\"https:\\\/\\\/www.casaldelsinfants.org\\\/wp-content\\\/uploads\\\/logo-mail.png\",\"width\":380,\"height\":158,\"caption\":\"Casal dels Infants\"},\"image\":{\"@id\":\"https:\\\/\\\/www.casaldelsinfants.org\\\/es\\\/#\\\/schema\\\/logo\\\/image\\\/\"},\"sameAs\":[\"https:\\\/\\\/www.facebook.com\\\/casalinfants\",\"https:\\\/\\\/x.com\\\/casalinfants\",\"https:\\\/\\\/www.youtube.com\\\/user\\\/CasaldelsInfants1\",\"https:\\\/\\\/www.instagram.com\\\/casalinfants\\\/\",\"https:\\\/\\\/www.linkedin.com\\\/company\\\/casaldelsinfants?trk=organization-update_share-update_actor-text\"]},{\"@type\":\"Person\",\"@id\":\"https:\\\/\\\/www.casaldelsinfants.org\\\/es\\\/#\\\/schema\\\/person\\\/97707fc8c64900cf36891127dbf9fba8\",\"name\":\"cdiAdmin\",\"sameAs\":[\"https:\\\/\\\/casaldelsinfants.org\"]}]}<\/script>\n<!-- \/ Yoast SEO plugin. -->","yoast_head_json":{"title":"\u201cTot a punt\u201d, un nuevo servicio de autoreparaci\u00f3n textil gratuito en el Raval - Casal dels Infants","robots":{"index":"index","follow":"follow","max-snippet":"max-snippet:-1","max-image-preview":"max-image-preview:large","max-video-preview":"max-video-preview:-1"},"canonical":"https:\/\/www.casaldelsinfants.org\/es\/actualidad\/vuelve-el-tot-punt-el-servicio-de-autoreparacion-textil-comunitario-y-grauito-del-raval\/","og_locale":"es_ES","og_type":"article","og_title":"\u201cTot a punt\u201d, un nuevo servicio de autoreparaci\u00f3n textil gratuito en el Raval - Casal dels Infants","og_description":"El Casal dels Infants inaugura el mi\u00e9rcoles 30 de enero a las 11 h \u201cTot a punt\u201d, un nuevo servicio de autoreparaci\u00f3n textil comunitario y gratuito en el barrio del Raval de Barcelona, concretamente en el local de la asociaci\u00f3n ubicado en el n\u00famero 22 de la calle de la Reina Am\u00e0lia. Un grupo de [&hellip;]","og_url":"https:\/\/www.casaldelsinfants.org\/es\/actualidad\/vuelve-el-tot-punt-el-servicio-de-autoreparacion-textil-comunitario-y-grauito-del-raval\/","og_site_name":"Casal dels Infants","article_publisher":"https:\/\/www.facebook.com\/casalinfants","article_published_time":"2019-01-28T12:19:05+00:00","article_modified_time":"2023-05-01T17:00:39+00:00","author":"cdiAdmin","twitter_card":"summary_large_image","twitter_creator":"@casalinfants","twitter_site":"@casalinfants","twitter_misc":{"Escrito por":"cdiAdmin","Tiempo de lectura":"3 minutos"},"schema":{"@context":"https:\/\/schema.org","@graph":[{"@type":"Article","@id":"https:\/\/www.casaldelsinfants.org\/es\/actualidad\/vuelve-el-tot-punt-el-servicio-de-autoreparacion-textil-comunitario-y-grauito-del-raval\/#article","isPartOf":{"@id":"https:\/\/www.casaldelsinfants.org\/es\/actualidad\/vuelve-el-tot-punt-el-servicio-de-autoreparacion-textil-comunitario-y-grauito-del-raval\/"},"author":{"name":"cdiAdmin","@id":"https:\/\/www.casaldelsinfants.org\/es\/#\/schema\/person\/97707fc8c64900cf36891127dbf9fba8"},"headline":"\u201cTot a punt\u201d, un nuevo servicio de autoreparaci\u00f3n textil gratuito en el Raval","datePublished":"2019-01-28T12:19:05+00:00","dateModified":"2023-05-01T17:00:39+00:00","mainEntityOfPage":{"@id":"https:\/\/www.casaldelsinfants.org\/es\/actualidad\/vuelve-el-tot-punt-el-servicio-de-autoreparacion-textil-comunitario-y-grauito-del-raval\/"},"wordCount":644,"commentCount":0,"publisher":{"@id":"https:\/\/www.casaldelsinfants.org\/es\/#organization"},"articleSection":["Noticia"],"inLanguage":"es","potentialAction":[{"@type":"CommentAction","name":"Comment","target":["https:\/\/www.casaldelsinfants.org\/es\/actualidad\/vuelve-el-tot-punt-el-servicio-de-autoreparacion-textil-comunitario-y-grauito-del-raval\/#respond"]}]},{"@type":"WebPage","@id":"https:\/\/www.casaldelsinfants.org\/es\/actualidad\/vuelve-el-tot-punt-el-servicio-de-autoreparacion-textil-comunitario-y-grauito-del-raval\/","url":"https:\/\/www.casaldelsinfants.org\/es\/actualidad\/vuelve-el-tot-punt-el-servicio-de-autoreparacion-textil-comunitario-y-grauito-del-raval\/","name":"\u201cTot a punt\u201d, un nuevo servicio de autoreparaci\u00f3n textil gratuito en el Raval - Casal dels Infants","isPartOf":{"@id":"https:\/\/www.casaldelsinfants.org\/es\/#website"},"datePublished":"2019-01-28T12:19:05+00:00","dateModified":"2023-05-01T17:00:39+00:00","breadcrumb":{"@id":"https:\/\/www.casaldelsinfants.org\/es\/actualidad\/vuelve-el-tot-punt-el-servicio-de-autoreparacion-textil-comunitario-y-grauito-del-raval\/#breadcrumb"},"inLanguage":"es","potentialAction":[{"@type":"ReadAction","target":["https:\/\/www.casaldelsinfants.org\/es\/actualidad\/vuelve-el-tot-punt-el-servicio-de-autoreparacion-textil-comunitario-y-grauito-del-raval\/"]}]},{"@type":"BreadcrumbList","@id":"https:\/\/www.casaldelsinfants.org\/es\/actualidad\/vuelve-el-tot-punt-el-servicio-de-autoreparacion-textil-comunitario-y-grauito-del-raval\/#breadcrumb","itemListElement":[{"@type":"ListItem","position":1,"name":"Inici","item":"https:\/\/www.casaldelsinfants.org\/es\/"},{"@type":"ListItem","position":2,"name":"\u201cTot a punt\u201d, un nuevo servicio de autoreparaci\u00f3n textil gratuito en el Raval"}]},{"@type":"WebSite","@id":"https:\/\/www.casaldelsinfants.org\/es\/#website","url":"https:\/\/www.casaldelsinfants.org\/es\/","name":"Casal dels Infants","description":"","publisher":{"@id":"https:\/\/www.casaldelsinfants.org\/es\/#organization"},"potentialAction":[{"@type":"SearchAction","target":{"@type":"EntryPoint","urlTemplate":"https:\/\/www.casaldelsinfants.org\/es\/?s={search_term_string}"},"query-input":{"@type":"PropertyValueSpecification","valueRequired":true,"valueName":"search_term_string"}}],"inLanguage":"es"},{"@type":"Organization","@id":"https:\/\/www.casaldelsinfants.org\/es\/#organization","name":"Casal dels Infants","url":"https:\/\/www.casaldelsinfants.org\/es\/","logo":{"@type":"ImageObject","inLanguage":"es","@id":"https:\/\/www.casaldelsinfants.org\/es\/#\/schema\/logo\/image\/","url":"https:\/\/www.casaldelsinfants.org\/wp-content\/uploads\/logo-mail.png","contentUrl":"https:\/\/www.casaldelsinfants.org\/wp-content\/uploads\/logo-mail.png","width":380,"height":158,"caption":"Casal dels Infants"},"image":{"@id":"https:\/\/www.casaldelsinfants.org\/es\/#\/schema\/logo\/image\/"},"sameAs":["https:\/\/www.facebook.com\/casalinfants","https:\/\/x.com\/casalinfants","https:\/\/www.youtube.com\/user\/CasaldelsInfants1","https:\/\/www.instagram.com\/casalinfants\/","https:\/\/www.linkedin.com\/company\/casaldelsinfants?trk=organization-update_share-update_actor-text"]},{"@type":"Person","@id":"https:\/\/www.casaldelsinfants.org\/es\/#\/schema\/person\/97707fc8c64900cf36891127dbf9fba8","name":"cdiAdmin","sameAs":["https:\/\/casaldelsinfants.org"]}]}},"publishpress_future_action":{"enabled":false,"date":"2026-05-07 11:43:18","action":"change-status","newStatus":"draft","terms":[],"taxonomy":"category","extraData":[]},"publishpress_future_workflow_manual_trigger":{"enabledWorkflows":[]},"_links":{"self":[{"href":"https:\/\/www.casaldelsinfants.org\/es\/wp-json\/wp\/v2\/posts\/4455","targetHints":{"allow":["GET"]}}],"collection":[{"href":"https:\/\/www.casaldelsinfants.org\/es\/wp-json\/wp\/v2\/posts"}],"about":[{"href":"https:\/\/www.casaldelsinfants.org\/es\/wp-json\/wp\/v2\/types\/post"}],"author":[{"embeddable":true,"href":"https:\/\/www.casaldelsinfants.org\/es\/wp-json\/wp\/v2\/users\/1"}],"replies":[{"embeddable":true,"href":"https:\/\/www.casaldelsinfants.org\/es\/wp-json\/wp\/v2\/comments?post=4455"}],"version-history":[{"count":1,"href":"https:\/\/www.casaldelsinfants.org\/es\/wp-json\/wp\/v2\/posts\/4455\/revisions"}],"predecessor-version":[{"id":6393,"href":"https:\/\/www.casaldelsinfants.org\/es\/wp-json\/wp\/v2\/posts\/4455\/revisions\/6393"}],"wp:attachment":[{"href":"https:\/\/www.casaldelsinfants.org\/es\/wp-json\/wp\/v2\/media?parent=4455"}],"wp:term":[{"taxonomy":"category","embeddable":true,"href":"https:\/\/www.casaldelsinfants.org\/es\/wp-json\/wp\/v2\/categories?post=4455"},{"taxonomy":"post_tag","embeddable":true,"href":"https:\/\/www.casaldelsinfants.org\/es\/wp-json\/wp\/v2\/tags?post=4455"},{"taxonomy":"seus","embeddable":true,"href":"https:\/\/www.casaldelsinfants.org\/es\/wp-json\/wp\/v2\/seus?post=4455"},{"taxonomy":"eixos","embeddable":true,"href":"https:\/\/www.casaldelsinfants.org\/es\/wp-json\/wp\/v2\/eixos?post=4455"}],"curies":[{"name":"wp","href":"https:\/\/api.w.org\/{rel}","templated":true}]}}