{"id":4458,"date":"2019-01-17T14:56:59","date_gmt":"2019-01-17T12:56:59","guid":{"rendered":"https:\/\/casal.puntzero.cat\/noticies\/soc-lali-i-tinc-dret-llogar-una-habitacio\/"},"modified":"2023-06-08T12:58:39","modified_gmt":"2023-06-08T10:58:39","slug":"soc-lali-i-tinc-dret-llogar-una-habitacio","status":"publish","type":"post","link":"https:\/\/www.casaldelsinfants.org\/es\/actualidad\/soy-ali-y-tengo-derecho-alquilar-una-habitacion\/","title":{"rendered":"S\u00f3c l\u2019Ali i tinc dret a llogar una habitaci\u00f3"},"content":{"rendered":"<p class=\"text-align-justify\"><span style=\"color:#000000;\">L\u2019<strong>Ali<\/strong> t\u00e9 19 anys, ha trobat feina i est\u00e0 buscant una habitaci\u00f3 en lloguer a un preu m\u00e0xim de 300 euros mensuals, a l&#8217;\u00e0rea metropolitana de Barcelona. El problema? Sempre que truca per preguntar per una habitaci\u00f3 anunciada i diu el seu nom <strong>li contesten que l\u2019habitaci\u00f3 en q\u00fcesti\u00f3 ja est\u00e0 llogada<\/strong>. Per qu\u00e8 la segueixen anunciant, doncs?<\/span><\/p>\n<p class=\"text-align-justify\"><span style=\"color:#000000;\">L\u2019Ali ha viscut els darrers mesos en un pis compartit amb altres joves del <strong>Servei de Transici\u00f3 a l\u2019Autonomia <\/strong>del Casal dels Infants, un programa que busca que joves que es troben sense habitatge estable ni xarxa de suport puguin definir el seu itinerari de futur. Ara que t\u00e9 feina, ja <strong>compta amb els recursos per tirar endavant per si mateix<\/strong> i t\u00e9 ganes de fer la seva vida de manera aut\u00f2noma. Vol que la seva pla\u00e7a al pis del Servei de Transici\u00f3 a l\u2019Autonomia l\u2019ocupi un altre jove que la necessiti.<\/span><\/p>\n<p class=\"text-align-justify\"><span style=\"color:#000000;\">La situaci\u00f3 de l\u2019Ali no \u00e9s excepcional i respon a una realitat: en un context en qu\u00e8 l\u2019habitatge s\u2019est\u00e0 convertint en un luxe, ser un jove migrant tanca gaireb\u00e9 totes les portes per accedir-hi. A la vulneraci\u00f3 d\u2019una necessitat b\u00e0sica com la d\u2019un sostre, provocada pels <strong>abusos del mercat del lloguer<\/strong> i la desprotecci\u00f3 que genera la legislaci\u00f3 del sector, s\u2019hi suma la <strong>discriminaci\u00f3 per motius racistes<\/strong>.<\/span><\/p>\n<p class=\"text-align-justify\"><span style=\"color:#000000;\">SOS Racisme ja n\u2019alertava en el seu <\/span><u><a href=\"http:\/\/www.sosracisme.org\/wp-content\/uploads\/2018\/03\/InformeSOS2017_InVisibles_compressed.pdf\"><span style=\"color:#000000;\">informe Estat del racisme a Catalunya de 2017<\/span><\/a><\/u><span style=\"color:#000000;\">, senyalant que, malgrat que el dret a l\u2019habitatge est\u00e0 reconegut en diversos textos normatius internacionals, estatals i auton\u00f2mics, \u201cl\u2019administraci\u00f3 no presenta mesures efectives per combatre la discriminaci\u00f3\u201d en l\u2019acc\u00e9s a una llar. Una realitat que suposa l\u2019incompliment de l\u2019article 45 de la Llei 18\/2007 del dret a l\u2019habitatge aprovada pel Parlament de Catalunya.<\/span><\/p>\n<p class=\"text-align-justify\"><span style=\"color:#000000;\">Al Casal dels Infants fem una crida als propietaris particulars i a les ag\u00e8ncies d\u2019habitatge perqu\u00e8 ofereixin una habitaci\u00f3 a l\u2019Ali.\u00a0Aix\u00ed mateix, exigim a les administracions que prenguin mesures per <strong>combatre totes les formes de discriminaci\u00f3 en l&#8217;acc\u00e9s a l&#8217;habitatge<\/strong>.<\/span><\/p>\n<p class=\"text-align-justify\"><span style=\"color:#000000;\">Contacte: <\/span><\/p>\n<p class=\"text-align-justify\"><span style=\"color:#000000;\"><a href=\"mailto:aroura@casaldelsinfants.org\">aroura@casaldelsinfants.org<\/a><\/span><\/p>\n<p class=\"text-align-justify\"><span style=\"color:#000000;\">933170013<\/span><\/p>\n","protected":false},"excerpt":{"rendered":"<p>L\u2019Ali t\u00e9 19 anys, ha trobat feina i est\u00e0 buscant una habitaci\u00f3 en lloguer a un preu m\u00e0xim de 300 euros mensuals, a l&#8217;\u00e0rea metropolitana de Barcelona. El problema? Sempre que truca per preguntar per una habitaci\u00f3 anunciada i diu el seu nom li contesten que l\u2019habitaci\u00f3 en q\u00fcesti\u00f3 ja est\u00e0 llogada. Per qu\u00e8 la [&hellip;]<\/p>\n","protected":false},"author":1,"featured_media":3410,"comment_status":"open","ping_status":"open","sticky":false,"template":"","format":"standard","meta":{"_acf_changed":false,"_et_pb_use_builder":"","_et_pb_old_content":"","_et_gb_content_width":"","inline_featured_image":false,"footnotes":""},"categories":[125],"tags":[],"seus":[],"eixos":[],"class_list":["post-4458","post","type-post","status-publish","format-standard","has-post-thumbnail","hentry","category-noticias"],"acf":[],"yoast_head":"<!-- This site is optimized with the Yoast SEO plugin v27.4 - https:\/\/yoast.com\/product\/yoast-seo-wordpress\/ -->\n<title>S\u00f3c l\u2019Ali i tinc dret a llogar una habitaci\u00f3 - Casal dels Infants<\/title>\n<meta name=\"robots\" content=\"index, follow, max-snippet:-1, max-image-preview:large, max-video-preview:-1\" \/>\n<link rel=\"canonical\" href=\"https:\/\/www.casaldelsinfants.org\/es\/actualidad\/soy-ali-y-tengo-derecho-alquilar-una-habitacion\/\" \/>\n<meta property=\"og:locale\" content=\"es_ES\" \/>\n<meta property=\"og:type\" content=\"article\" \/>\n<meta property=\"og:title\" content=\"S\u00f3c l\u2019Ali i tinc dret a llogar una habitaci\u00f3 - Casal dels Infants\" \/>\n<meta property=\"og:description\" content=\"L\u2019Ali t\u00e9 19 anys, ha trobat feina i est\u00e0 buscant una habitaci\u00f3 en lloguer a un preu m\u00e0xim de 300 euros mensuals, a l&#8217;\u00e0rea metropolitana de Barcelona. El problema? Sempre que truca per preguntar per una habitaci\u00f3 anunciada i diu el seu nom li contesten que l\u2019habitaci\u00f3 en q\u00fcesti\u00f3 ja est\u00e0 llogada. Per qu\u00e8 la [&hellip;]\" \/>\n<meta property=\"og:url\" content=\"https:\/\/www.casaldelsinfants.org\/es\/actualidad\/soy-ali-y-tengo-derecho-alquilar-una-habitacion\/\" \/>\n<meta property=\"og:site_name\" content=\"Casal dels Infants\" \/>\n<meta property=\"article:publisher\" content=\"https:\/\/www.facebook.com\/casalinfants\" \/>\n<meta property=\"article:published_time\" content=\"2019-01-17T12:56:59+00:00\" \/>\n<meta property=\"article:modified_time\" content=\"2023-06-08T10:58:39+00:00\" \/>\n<meta property=\"og:image\" content=\"https:\/\/www.casaldelsinfants.org\/wp-content\/uploads\/pis-sta.jpg\" \/>\n\t<meta property=\"og:image:width\" content=\"300\" \/>\n\t<meta property=\"og:image:height\" content=\"168\" \/>\n\t<meta property=\"og:image:type\" content=\"image\/jpeg\" \/>\n<meta name=\"author\" content=\"cdiAdmin\" \/>\n<meta name=\"twitter:card\" content=\"summary_large_image\" \/>\n<meta name=\"twitter:creator\" content=\"@casalinfants\" \/>\n<meta name=\"twitter:site\" content=\"@casalinfants\" \/>\n<meta name=\"twitter:label1\" content=\"Escrito por\" \/>\n\t<meta name=\"twitter:data1\" content=\"cdiAdmin\" \/>\n\t<meta name=\"twitter:label2\" content=\"Tiempo de lectura\" \/>\n\t<meta name=\"twitter:data2\" content=\"2 minutos\" \/>\n<script type=\"application\/ld+json\" class=\"yoast-schema-graph\">{\"@context\":\"https:\\\/\\\/schema.org\",\"@graph\":[{\"@type\":\"Article\",\"@id\":\"https:\\\/\\\/www.casaldelsinfants.org\\\/es\\\/actualidad\\\/soy-ali-y-tengo-derecho-alquilar-una-habitacion\\\/#article\",\"isPartOf\":{\"@id\":\"https:\\\/\\\/www.casaldelsinfants.org\\\/es\\\/actualidad\\\/soy-ali-y-tengo-derecho-alquilar-una-habitacion\\\/\"},\"author\":{\"name\":\"cdiAdmin\",\"@id\":\"https:\\\/\\\/www.casaldelsinfants.org\\\/es\\\/#\\\/schema\\\/person\\\/97707fc8c64900cf36891127dbf9fba8\"},\"headline\":\"S\u00f3c l\u2019Ali i tinc dret a llogar una habitaci\u00f3\",\"datePublished\":\"2019-01-17T12:56:59+00:00\",\"dateModified\":\"2023-06-08T10:58:39+00:00\",\"mainEntityOfPage\":{\"@id\":\"https:\\\/\\\/www.casaldelsinfants.org\\\/es\\\/actualidad\\\/soy-ali-y-tengo-derecho-alquilar-una-habitacion\\\/\"},\"wordCount\":369,\"commentCount\":0,\"publisher\":{\"@id\":\"https:\\\/\\\/www.casaldelsinfants.org\\\/es\\\/#organization\"},\"image\":{\"@id\":\"https:\\\/\\\/www.casaldelsinfants.org\\\/es\\\/actualidad\\\/soy-ali-y-tengo-derecho-alquilar-una-habitacion\\\/#primaryimage\"},\"thumbnailUrl\":\"https:\\\/\\\/www.casaldelsinfants.org\\\/wp-content\\\/uploads\\\/pis-sta.jpg\",\"articleSection\":[\"Noticia\"],\"inLanguage\":\"es\",\"potentialAction\":[{\"@type\":\"CommentAction\",\"name\":\"Comment\",\"target\":[\"https:\\\/\\\/www.casaldelsinfants.org\\\/es\\\/actualidad\\\/soy-ali-y-tengo-derecho-alquilar-una-habitacion\\\/#respond\"]}]},{\"@type\":\"WebPage\",\"@id\":\"https:\\\/\\\/www.casaldelsinfants.org\\\/es\\\/actualidad\\\/soy-ali-y-tengo-derecho-alquilar-una-habitacion\\\/\",\"url\":\"https:\\\/\\\/www.casaldelsinfants.org\\\/es\\\/actualidad\\\/soy-ali-y-tengo-derecho-alquilar-una-habitacion\\\/\",\"name\":\"S\u00f3c l\u2019Ali i tinc dret a llogar una habitaci\u00f3 - Casal dels Infants\",\"isPartOf\":{\"@id\":\"https:\\\/\\\/www.casaldelsinfants.org\\\/es\\\/#website\"},\"primaryImageOfPage\":{\"@id\":\"https:\\\/\\\/www.casaldelsinfants.org\\\/es\\\/actualidad\\\/soy-ali-y-tengo-derecho-alquilar-una-habitacion\\\/#primaryimage\"},\"image\":{\"@id\":\"https:\\\/\\\/www.casaldelsinfants.org\\\/es\\\/actualidad\\\/soy-ali-y-tengo-derecho-alquilar-una-habitacion\\\/#primaryimage\"},\"thumbnailUrl\":\"https:\\\/\\\/www.casaldelsinfants.org\\\/wp-content\\\/uploads\\\/pis-sta.jpg\",\"datePublished\":\"2019-01-17T12:56:59+00:00\",\"dateModified\":\"2023-06-08T10:58:39+00:00\",\"breadcrumb\":{\"@id\":\"https:\\\/\\\/www.casaldelsinfants.org\\\/es\\\/actualidad\\\/soy-ali-y-tengo-derecho-alquilar-una-habitacion\\\/#breadcrumb\"},\"inLanguage\":\"es\",\"potentialAction\":[{\"@type\":\"ReadAction\",\"target\":[\"https:\\\/\\\/www.casaldelsinfants.org\\\/es\\\/actualidad\\\/soy-ali-y-tengo-derecho-alquilar-una-habitacion\\\/\"]}]},{\"@type\":\"ImageObject\",\"inLanguage\":\"es\",\"@id\":\"https:\\\/\\\/www.casaldelsinfants.org\\\/es\\\/actualidad\\\/soy-ali-y-tengo-derecho-alquilar-una-habitacion\\\/#primaryimage\",\"url\":\"https:\\\/\\\/www.casaldelsinfants.org\\\/wp-content\\\/uploads\\\/pis-sta.jpg\",\"contentUrl\":\"https:\\\/\\\/www.casaldelsinfants.org\\\/wp-content\\\/uploads\\\/pis-sta.jpg\",\"width\":300,\"height\":168,\"caption\":\"Espai d'un pis on es pot veure una tarda amb vadires, un sof\u00e0, un televisor...\"},{\"@type\":\"BreadcrumbList\",\"@id\":\"https:\\\/\\\/www.casaldelsinfants.org\\\/es\\\/actualidad\\\/soy-ali-y-tengo-derecho-alquilar-una-habitacion\\\/#breadcrumb\",\"itemListElement\":[{\"@type\":\"ListItem\",\"position\":1,\"name\":\"Inici\",\"item\":\"https:\\\/\\\/www.casaldelsinfants.org\\\/es\\\/\"},{\"@type\":\"ListItem\",\"position\":2,\"name\":\"S\u00f3c l\u2019Ali i tinc dret a llogar una habitaci\u00f3\"}]},{\"@type\":\"WebSite\",\"@id\":\"https:\\\/\\\/www.casaldelsinfants.org\\\/es\\\/#website\",\"url\":\"https:\\\/\\\/www.casaldelsinfants.org\\\/es\\\/\",\"name\":\"Casal dels Infants\",\"description\":\"\",\"publisher\":{\"@id\":\"https:\\\/\\\/www.casaldelsinfants.org\\\/es\\\/#organization\"},\"potentialAction\":[{\"@type\":\"SearchAction\",\"target\":{\"@type\":\"EntryPoint\",\"urlTemplate\":\"https:\\\/\\\/www.casaldelsinfants.org\\\/es\\\/?s={search_term_string}\"},\"query-input\":{\"@type\":\"PropertyValueSpecification\",\"valueRequired\":true,\"valueName\":\"search_term_string\"}}],\"inLanguage\":\"es\"},{\"@type\":\"Organization\",\"@id\":\"https:\\\/\\\/www.casaldelsinfants.org\\\/es\\\/#organization\",\"name\":\"Casal dels Infants\",\"url\":\"https:\\\/\\\/www.casaldelsinfants.org\\\/es\\\/\",\"logo\":{\"@type\":\"ImageObject\",\"inLanguage\":\"es\",\"@id\":\"https:\\\/\\\/www.casaldelsinfants.org\\\/es\\\/#\\\/schema\\\/logo\\\/image\\\/\",\"url\":\"https:\\\/\\\/www.casaldelsinfants.org\\\/wp-content\\\/uploads\\\/logo-mail.png\",\"contentUrl\":\"https:\\\/\\\/www.casaldelsinfants.org\\\/wp-content\\\/uploads\\\/logo-mail.png\",\"width\":380,\"height\":158,\"caption\":\"Casal dels Infants\"},\"image\":{\"@id\":\"https:\\\/\\\/www.casaldelsinfants.org\\\/es\\\/#\\\/schema\\\/logo\\\/image\\\/\"},\"sameAs\":[\"https:\\\/\\\/www.facebook.com\\\/casalinfants\",\"https:\\\/\\\/x.com\\\/casalinfants\",\"https:\\\/\\\/www.youtube.com\\\/user\\\/CasaldelsInfants1\",\"https:\\\/\\\/www.instagram.com\\\/casalinfants\\\/\",\"https:\\\/\\\/www.linkedin.com\\\/company\\\/casaldelsinfants?trk=organization-update_share-update_actor-text\"]},{\"@type\":\"Person\",\"@id\":\"https:\\\/\\\/www.casaldelsinfants.org\\\/es\\\/#\\\/schema\\\/person\\\/97707fc8c64900cf36891127dbf9fba8\",\"name\":\"cdiAdmin\",\"sameAs\":[\"https:\\\/\\\/casaldelsinfants.org\"]}]}<\/script>\n<!-- \/ Yoast SEO plugin. -->","yoast_head_json":{"title":"S\u00f3c l\u2019Ali i tinc dret a llogar una habitaci\u00f3 - Casal dels Infants","robots":{"index":"index","follow":"follow","max-snippet":"max-snippet:-1","max-image-preview":"max-image-preview:large","max-video-preview":"max-video-preview:-1"},"canonical":"https:\/\/www.casaldelsinfants.org\/es\/actualidad\/soy-ali-y-tengo-derecho-alquilar-una-habitacion\/","og_locale":"es_ES","og_type":"article","og_title":"S\u00f3c l\u2019Ali i tinc dret a llogar una habitaci\u00f3 - Casal dels Infants","og_description":"L\u2019Ali t\u00e9 19 anys, ha trobat feina i est\u00e0 buscant una habitaci\u00f3 en lloguer a un preu m\u00e0xim de 300 euros mensuals, a l&#8217;\u00e0rea metropolitana de Barcelona. El problema? Sempre que truca per preguntar per una habitaci\u00f3 anunciada i diu el seu nom li contesten que l\u2019habitaci\u00f3 en q\u00fcesti\u00f3 ja est\u00e0 llogada. Per qu\u00e8 la [&hellip;]","og_url":"https:\/\/www.casaldelsinfants.org\/es\/actualidad\/soy-ali-y-tengo-derecho-alquilar-una-habitacion\/","og_site_name":"Casal dels Infants","article_publisher":"https:\/\/www.facebook.com\/casalinfants","article_published_time":"2019-01-17T12:56:59+00:00","article_modified_time":"2023-06-08T10:58:39+00:00","og_image":[{"width":300,"height":168,"url":"https:\/\/www.casaldelsinfants.org\/wp-content\/uploads\/pis-sta.jpg","type":"image\/jpeg"}],"author":"cdiAdmin","twitter_card":"summary_large_image","twitter_creator":"@casalinfants","twitter_site":"@casalinfants","twitter_misc":{"Escrito por":"cdiAdmin","Tiempo de lectura":"2 minutos"},"schema":{"@context":"https:\/\/schema.org","@graph":[{"@type":"Article","@id":"https:\/\/www.casaldelsinfants.org\/es\/actualidad\/soy-ali-y-tengo-derecho-alquilar-una-habitacion\/#article","isPartOf":{"@id":"https:\/\/www.casaldelsinfants.org\/es\/actualidad\/soy-ali-y-tengo-derecho-alquilar-una-habitacion\/"},"author":{"name":"cdiAdmin","@id":"https:\/\/www.casaldelsinfants.org\/es\/#\/schema\/person\/97707fc8c64900cf36891127dbf9fba8"},"headline":"S\u00f3c l\u2019Ali i tinc dret a llogar una habitaci\u00f3","datePublished":"2019-01-17T12:56:59+00:00","dateModified":"2023-06-08T10:58:39+00:00","mainEntityOfPage":{"@id":"https:\/\/www.casaldelsinfants.org\/es\/actualidad\/soy-ali-y-tengo-derecho-alquilar-una-habitacion\/"},"wordCount":369,"commentCount":0,"publisher":{"@id":"https:\/\/www.casaldelsinfants.org\/es\/#organization"},"image":{"@id":"https:\/\/www.casaldelsinfants.org\/es\/actualidad\/soy-ali-y-tengo-derecho-alquilar-una-habitacion\/#primaryimage"},"thumbnailUrl":"https:\/\/www.casaldelsinfants.org\/wp-content\/uploads\/pis-sta.jpg","articleSection":["Noticia"],"inLanguage":"es","potentialAction":[{"@type":"CommentAction","name":"Comment","target":["https:\/\/www.casaldelsinfants.org\/es\/actualidad\/soy-ali-y-tengo-derecho-alquilar-una-habitacion\/#respond"]}]},{"@type":"WebPage","@id":"https:\/\/www.casaldelsinfants.org\/es\/actualidad\/soy-ali-y-tengo-derecho-alquilar-una-habitacion\/","url":"https:\/\/www.casaldelsinfants.org\/es\/actualidad\/soy-ali-y-tengo-derecho-alquilar-una-habitacion\/","name":"S\u00f3c l\u2019Ali i tinc dret a llogar una habitaci\u00f3 - Casal dels Infants","isPartOf":{"@id":"https:\/\/www.casaldelsinfants.org\/es\/#website"},"primaryImageOfPage":{"@id":"https:\/\/www.casaldelsinfants.org\/es\/actualidad\/soy-ali-y-tengo-derecho-alquilar-una-habitacion\/#primaryimage"},"image":{"@id":"https:\/\/www.casaldelsinfants.org\/es\/actualidad\/soy-ali-y-tengo-derecho-alquilar-una-habitacion\/#primaryimage"},"thumbnailUrl":"https:\/\/www.casaldelsinfants.org\/wp-content\/uploads\/pis-sta.jpg","datePublished":"2019-01-17T12:56:59+00:00","dateModified":"2023-06-08T10:58:39+00:00","breadcrumb":{"@id":"https:\/\/www.casaldelsinfants.org\/es\/actualidad\/soy-ali-y-tengo-derecho-alquilar-una-habitacion\/#breadcrumb"},"inLanguage":"es","potentialAction":[{"@type":"ReadAction","target":["https:\/\/www.casaldelsinfants.org\/es\/actualidad\/soy-ali-y-tengo-derecho-alquilar-una-habitacion\/"]}]},{"@type":"ImageObject","inLanguage":"es","@id":"https:\/\/www.casaldelsinfants.org\/es\/actualidad\/soy-ali-y-tengo-derecho-alquilar-una-habitacion\/#primaryimage","url":"https:\/\/www.casaldelsinfants.org\/wp-content\/uploads\/pis-sta.jpg","contentUrl":"https:\/\/www.casaldelsinfants.org\/wp-content\/uploads\/pis-sta.jpg","width":300,"height":168,"caption":"Espai d'un pis on es pot veure una tarda amb vadires, un sof\u00e0, un televisor..."},{"@type":"BreadcrumbList","@id":"https:\/\/www.casaldelsinfants.org\/es\/actualidad\/soy-ali-y-tengo-derecho-alquilar-una-habitacion\/#breadcrumb","itemListElement":[{"@type":"ListItem","position":1,"name":"Inici","item":"https:\/\/www.casaldelsinfants.org\/es\/"},{"@type":"ListItem","position":2,"name":"S\u00f3c l\u2019Ali i tinc dret a llogar una habitaci\u00f3"}]},{"@type":"WebSite","@id":"https:\/\/www.casaldelsinfants.org\/es\/#website","url":"https:\/\/www.casaldelsinfants.org\/es\/","name":"Casal dels Infants","description":"","publisher":{"@id":"https:\/\/www.casaldelsinfants.org\/es\/#organization"},"potentialAction":[{"@type":"SearchAction","target":{"@type":"EntryPoint","urlTemplate":"https:\/\/www.casaldelsinfants.org\/es\/?s={search_term_string}"},"query-input":{"@type":"PropertyValueSpecification","valueRequired":true,"valueName":"search_term_string"}}],"inLanguage":"es"},{"@type":"Organization","@id":"https:\/\/www.casaldelsinfants.org\/es\/#organization","name":"Casal dels Infants","url":"https:\/\/www.casaldelsinfants.org\/es\/","logo":{"@type":"ImageObject","inLanguage":"es","@id":"https:\/\/www.casaldelsinfants.org\/es\/#\/schema\/logo\/image\/","url":"https:\/\/www.casaldelsinfants.org\/wp-content\/uploads\/logo-mail.png","contentUrl":"https:\/\/www.casaldelsinfants.org\/wp-content\/uploads\/logo-mail.png","width":380,"height":158,"caption":"Casal dels Infants"},"image":{"@id":"https:\/\/www.casaldelsinfants.org\/es\/#\/schema\/logo\/image\/"},"sameAs":["https:\/\/www.facebook.com\/casalinfants","https:\/\/x.com\/casalinfants","https:\/\/www.youtube.com\/user\/CasaldelsInfants1","https:\/\/www.instagram.com\/casalinfants\/","https:\/\/www.linkedin.com\/company\/casaldelsinfants?trk=organization-update_share-update_actor-text"]},{"@type":"Person","@id":"https:\/\/www.casaldelsinfants.org\/es\/#\/schema\/person\/97707fc8c64900cf36891127dbf9fba8","name":"cdiAdmin","sameAs":["https:\/\/casaldelsinfants.org"]}]}},"publishpress_future_action":{"enabled":false,"date":"2026-05-07 00:39:39","action":"change-status","newStatus":"draft","terms":[],"taxonomy":"category","extraData":[]},"publishpress_future_workflow_manual_trigger":{"enabledWorkflows":[]},"_links":{"self":[{"href":"https:\/\/www.casaldelsinfants.org\/es\/wp-json\/wp\/v2\/posts\/4458","targetHints":{"allow":["GET"]}}],"collection":[{"href":"https:\/\/www.casaldelsinfants.org\/es\/wp-json\/wp\/v2\/posts"}],"about":[{"href":"https:\/\/www.casaldelsinfants.org\/es\/wp-json\/wp\/v2\/types\/post"}],"author":[{"embeddable":true,"href":"https:\/\/www.casaldelsinfants.org\/es\/wp-json\/wp\/v2\/users\/1"}],"replies":[{"embeddable":true,"href":"https:\/\/www.casaldelsinfants.org\/es\/wp-json\/wp\/v2\/comments?post=4458"}],"version-history":[{"count":1,"href":"https:\/\/www.casaldelsinfants.org\/es\/wp-json\/wp\/v2\/posts\/4458\/revisions"}],"predecessor-version":[{"id":9927,"href":"https:\/\/www.casaldelsinfants.org\/es\/wp-json\/wp\/v2\/posts\/4458\/revisions\/9927"}],"wp:featuredmedia":[{"embeddable":true,"href":"https:\/\/www.casaldelsinfants.org\/es\/wp-json\/wp\/v2\/media\/3410"}],"wp:attachment":[{"href":"https:\/\/www.casaldelsinfants.org\/es\/wp-json\/wp\/v2\/media?parent=4458"}],"wp:term":[{"taxonomy":"category","embeddable":true,"href":"https:\/\/www.casaldelsinfants.org\/es\/wp-json\/wp\/v2\/categories?post=4458"},{"taxonomy":"post_tag","embeddable":true,"href":"https:\/\/www.casaldelsinfants.org\/es\/wp-json\/wp\/v2\/tags?post=4458"},{"taxonomy":"seus","embeddable":true,"href":"https:\/\/www.casaldelsinfants.org\/es\/wp-json\/wp\/v2\/seus?post=4458"},{"taxonomy":"eixos","embeddable":true,"href":"https:\/\/www.casaldelsinfants.org\/es\/wp-json\/wp\/v2\/eixos?post=4458"}],"curies":[{"name":"wp","href":"https:\/\/api.w.org\/{rel}","templated":true}]}}