{"id":4460,"date":"2018-12-26T10:43:29","date_gmt":"2018-12-26T08:43:29","guid":{"rendered":"https:\/\/casal.puntzero.cat\/noticies\/les-participants-de-vincles-en-primer-terme-enxarxades-i-informades\/"},"modified":"2022-08-17T11:21:04","modified_gmt":"2022-08-17T09:21:04","slug":"les-participants-de-vincles-en-primer-terme-enxarxades-i-informades","status":"publish","type":"post","link":"https:\/\/www.casaldelsinfants.org\/es\/actualidad\/las-participantes-de-vincles-en-primer-termino-enlazadas-e-informadas\/","title":{"rendered":"Las participantes de Vincles: en primer t\u00e9rmino, enlazadas e informadas"},"content":{"rendered":"<p class=\"verd\"><span style=\"color:#000000;\">Una decena de participantes del proyecto Vincles del Casal dels Infants en el barrio del Raval de Barcelona est\u00e1n sentadas en una de las salas del local de la asociaci\u00f3n situado en el n\u00famero 22 de la calle Reina Am\u00e0lia. A primera hora de la ma\u00f1ana han estado haciendo actividades con sus hijos e hijas menores de 3 a\u00f1os y las educadoras del servicio para reforzar el v\u00ednculo maternoinfantil. Una hora m\u00e1s tarde, madres e hijos se han separado.<\/span><\/p>\n<p class=\"verd\"><span style=\"color:#000000;\">Los peque\u00f1os se han quedado en el aula trabajando los h\u00e1bitos, conocimientos y competencias necesarias para poder empezar la escuela preparados. Los acompa\u00f1an Marta Tejada y Cll\u00e0udia Gar\u00e7on, educadoras del proyecto. Las madres han hecho una hora de clases de castellano y ahora tienen 60 minutos m\u00e1s por delante para el crecimiento personal. Dicho de otra manera: tienen un rato para dedicarse a ellas mismas y conocer mejor el entorno en el que viven. Un hecho poco habitual en sus vidas, a menudo llenas de cargas y sin tiempo ni recursos para participar en la comunidad.<\/span><\/p>\n<p class=\"verd\"><span style=\"color:#000000;\">Hoy la actividad consiste en una sesi\u00f3n informativa en la que conocer\u00e1n el Punto de Informaci\u00f3n y Atenci\u00f3n a las Mujeres (PIAD), que gestiona el Ayuntamiento de Barcelona. Y lo har\u00e1n con Raquel Gallo, t\u00e9cnica comunitaria del PIAD, que acaba de llegar al aula. Despu\u00e9s de presentarse les detallar\u00e1 qu\u00e9 les puede ofrecer el servicio, dedicar\u00e1n un rato a resolver dudas y visitar\u00e1n juntas el PIAD de Ciutat Vella, en la calle Nou de la Rambla, 45. Les servir\u00e1 para tener ubicado el servicio y conocer a las otras profesionales que trabajan all\u00ed.<\/span><\/p>\n<p class=\"verd\"><span style=\"color:#000000;\">Acabada la visita, Raquel valora la importancia del trabajo codo con codo entre el Casal dels Infants y el PIAD: \u201cEste trabajo en red con el Casal es muy importante y nos permite coordinarnos. Por un lado, el Casal nos deriva aquellas mujeres que necesitan los recursos del PIAD, como por ejemplo recibir atenci\u00f3n antes casos de violencia o para acceder a ayuda jur\u00eddica. Por otro lado, conocer los servicios del Casal nos permite informar al respecto a mujeres que vienen al PIAD y que pueden tener inter\u00e9s en participar en la asociaci\u00f3n\u201d.<\/span><\/p>\n<p>\u00a0<\/p>\n<div class=\"video-embed-field-responsive-video form-group\"><iframe loading=\"lazy\" width=\"854\" height=\"480\" frameborder=\"0\" allowfullscreen=\"allowfullscreen\" src=\"https:\/\/www.youtube.com\/embed\/4fazjcGX8aU?autoplay=0&amp;start=0&amp;rel=0\"><\/iframe>\n<\/div>\n<p>\u00a0<\/p>\n<p class=\"verd\"><span style=\"color:#000000;\">El PIAD no es el \u00fanico servicio municipal que colabora con Vincles. Andrea Arias, educadora del proyecto, explica que este curso tienen previsto volver a recibir a profesionales del Equipo Interdisciplinario para la Peque\u00f1a Infancia (EIPI) de Ciutat Vella, que tiene como funci\u00f3n la detecci\u00f3n a tenci\u00f3n precoz de trastornos del desarrollo infantil y otras situaciones de riesgo que puedan provocarlos. \u201cSe trata de un servicio que ya nos ha permitido detectar casos de ni\u00f1os y ni\u00f1as con trastornos de desarrollo, en algunos casos por falta de est\u00edmulos o por perfil aut\u00edstico. Detectar estas situaciones cuanto antes mejor es clave para lograr que condicionen lo m\u00ednimo posible el desarrollo de los ni\u00f1os\u201d.<\/span><\/p>\n<p class=\"verd\"><span style=\"color:#000000;\">En una semanas las mujeres de Vincles tambi\u00e9n podr\u00e1n visitar el Espacio Familiar Cad\u00ed y el Espacio Familiar Els Tres tombs, recursos municipales de barrio que ofrecen atenci\u00f3n educativa a ni\u00f1os y ni\u00f1as menores de 3 a\u00f1os y que son tambi\u00e9n un apoyo para las familias en el proceso de crianza. Visitar\u00e1n tambi\u00e9n la biblioteca Sant Pau-Santa Creu, un equipamiento que utilizan muchos otros servicios del Casal para realizar pr\u00e9stamos de libros, cuentos y otros materiales. Por \u00faltimo, las mujeres participar\u00e1n en talleres de sexualidad y afectividad con el equipo de Agentes comunitarios de salud, mediante el Programa Especial de Enfermedades Infecciosas Vall d\u2019Hebron-Drassanes.<\/span><\/p>\n<p class=\"verd\"><span style=\"color:#000000;\">De todo ello, las participantes de Vincles obtienen tiempo y recursos que pueden dedicar a su bienestar, a sus necesidades y a sus intereses. O dicho en palabras de una de las participantes, Nasrin Jaham: \u201cNosotras siempre pensamos en el marido, en el trabajo de casa, en hacer la comida para nuestros maridos e hijos\u2026 \u00a1A veces olvidamos como nos llamamos! Siempre somos la madre de alguien o la mujer de alguien. Este espacio, en cambio, es perfecto para nosotras. Podemos pensar en nosotras mismas y hacer amigas\u201d.<\/span><\/p>\n<p class=\"verd\">\u00a0<\/p>\n<div class=\"video-embed-field-responsive-video form-group\"><iframe loading=\"lazy\" width=\"854\" height=\"480\" frameborder=\"0\" allowfullscreen=\"allowfullscreen\" src=\"https:\/\/www.youtube.com\/embed\/RVOF-hFxmpw?autoplay=0&amp;start=0&amp;rel=0\"><\/iframe>\n<\/div>\n<p>\u00a0<\/p>\n","protected":false},"excerpt":{"rendered":"<p class=\"text-align-center\">\u00a0<\/p>\n<p class=\"text-align-center\">Acostumbradas a asumir cargas y a desconocer su entorno, las participantes de Vincles \u2014la mayor\u00eda mujeres migradas\u2014 encuentran en este servicio maternoinfantil un espacio en el que ser protagonistas, apoyarse mutuamente y recibir informaci\u00f3n sobre servicios y recursos del barrio a los que tienen derecho a acceder. Hablamos del impacto que\u00a0supone para ellas contar con este apoyo aprovechando una sesi\u00f3n informativa que vino a ofrecerles Raquel Gallo, t\u00e9cnica del Punto de Informaci\u00f3n y Atenci\u00f3n a las Mujeres (PIAD) del Ayuntamiento de Barcelona.<\/p>\n","protected":false},"author":1,"featured_media":3416,"comment_status":"open","ping_status":"open","sticky":false,"template":"","format":"standard","meta":{"_acf_changed":false,"_et_pb_use_builder":"","_et_pb_old_content":"","_et_gb_content_width":"","inline_featured_image":false,"footnotes":""},"categories":[105],"tags":[],"seus":[16],"eixos":[107],"class_list":["post-4460","post","type-post","status-publish","format-standard","has-post-thumbnail","hentry","category-reportaje","seus-el-raval","eixos-pequena-infancia"],"acf":[],"yoast_head":"<!-- This site is optimized with the Yoast SEO plugin v27.4 - https:\/\/yoast.com\/product\/yoast-seo-wordpress\/ -->\n<title>Las participantes de Vincles: en primer t\u00e9rmino, enlazadas e informadas - Casal dels Infants<\/title>\n<meta name=\"robots\" content=\"index, follow, max-snippet:-1, max-image-preview:large, max-video-preview:-1\" \/>\n<link rel=\"canonical\" href=\"https:\/\/www.casaldelsinfants.org\/es\/actualidad\/las-participantes-de-vincles-en-primer-termino-enlazadas-e-informadas\/\" \/>\n<meta property=\"og:locale\" content=\"es_ES\" \/>\n<meta property=\"og:type\" content=\"article\" \/>\n<meta property=\"og:title\" content=\"Las participantes de Vincles: en primer t\u00e9rmino, enlazadas e informadas - Casal dels Infants\" \/>\n<meta property=\"og:description\" content=\"\u00a0 Acostumbradas a asumir cargas y a desconocer su entorno, las participantes de Vincles \u2014la mayor\u00eda mujeres migradas\u2014 encuentran en este servicio maternoinfantil un espacio en el que ser protagonistas, apoyarse mutuamente y recibir informaci\u00f3n sobre servicios y recursos del barrio a los que tienen derecho a acceder. Hablamos del impacto que\u00a0supone para ellas contar con este apoyo aprovechando una sesi\u00f3n informativa que vino a ofrecerles Raquel Gallo, t\u00e9cnica del Punto de Informaci\u00f3n y Atenci\u00f3n a las Mujeres (PIAD) del Ayuntamiento de Barcelona.\" \/>\n<meta property=\"og:url\" content=\"https:\/\/www.casaldelsinfants.org\/es\/actualidad\/las-participantes-de-vincles-en-primer-termino-enlazadas-e-informadas\/\" \/>\n<meta property=\"og:site_name\" content=\"Casal dels Infants\" \/>\n<meta property=\"article:publisher\" content=\"https:\/\/www.facebook.com\/casalinfants\" \/>\n<meta property=\"article:published_time\" content=\"2018-12-26T08:43:29+00:00\" \/>\n<meta property=\"article:modified_time\" content=\"2022-08-17T09:21:04+00:00\" \/>\n<meta property=\"og:image\" content=\"https:\/\/www.casaldelsinfants.org\/wp-content\/uploads\/vincles_piad_0.jpg\" \/>\n\t<meta property=\"og:image:width\" content=\"1920\" \/>\n\t<meta property=\"og:image:height\" content=\"1080\" \/>\n\t<meta property=\"og:image:type\" content=\"image\/jpeg\" \/>\n<meta name=\"author\" content=\"cdiAdmin\" \/>\n<meta name=\"twitter:card\" content=\"summary_large_image\" \/>\n<meta name=\"twitter:creator\" content=\"@casalinfants\" \/>\n<meta name=\"twitter:site\" content=\"@casalinfants\" \/>\n<meta name=\"twitter:label1\" content=\"Escrito por\" \/>\n\t<meta name=\"twitter:data1\" content=\"cdiAdmin\" \/>\n\t<meta name=\"twitter:label2\" content=\"Tiempo de lectura\" \/>\n\t<meta name=\"twitter:data2\" content=\"4 minutos\" \/>\n<script type=\"application\/ld+json\" class=\"yoast-schema-graph\">{\"@context\":\"https:\\\/\\\/schema.org\",\"@graph\":[{\"@type\":\"Article\",\"@id\":\"https:\\\/\\\/www.casaldelsinfants.org\\\/es\\\/actualidad\\\/las-participantes-de-vincles-en-primer-termino-enlazadas-e-informadas\\\/#article\",\"isPartOf\":{\"@id\":\"https:\\\/\\\/www.casaldelsinfants.org\\\/es\\\/actualidad\\\/las-participantes-de-vincles-en-primer-termino-enlazadas-e-informadas\\\/\"},\"author\":{\"name\":\"cdiAdmin\",\"@id\":\"https:\\\/\\\/www.casaldelsinfants.org\\\/es\\\/#\\\/schema\\\/person\\\/97707fc8c64900cf36891127dbf9fba8\"},\"headline\":\"Las participantes de Vincles: en primer t\u00e9rmino, enlazadas e informadas\",\"datePublished\":\"2018-12-26T08:43:29+00:00\",\"dateModified\":\"2022-08-17T09:21:04+00:00\",\"mainEntityOfPage\":{\"@id\":\"https:\\\/\\\/www.casaldelsinfants.org\\\/es\\\/actualidad\\\/las-participantes-de-vincles-en-primer-termino-enlazadas-e-informadas\\\/\"},\"wordCount\":720,\"commentCount\":0,\"publisher\":{\"@id\":\"https:\\\/\\\/www.casaldelsinfants.org\\\/es\\\/#organization\"},\"image\":{\"@id\":\"https:\\\/\\\/www.casaldelsinfants.org\\\/es\\\/actualidad\\\/las-participantes-de-vincles-en-primer-termino-enlazadas-e-informadas\\\/#primaryimage\"},\"thumbnailUrl\":\"https:\\\/\\\/www.casaldelsinfants.org\\\/wp-content\\\/uploads\\\/vincles_piad_0.jpg\",\"articleSection\":[\"Reportaje\"],\"inLanguage\":\"es\",\"potentialAction\":[{\"@type\":\"CommentAction\",\"name\":\"Comment\",\"target\":[\"https:\\\/\\\/www.casaldelsinfants.org\\\/es\\\/actualidad\\\/las-participantes-de-vincles-en-primer-termino-enlazadas-e-informadas\\\/#respond\"]}]},{\"@type\":\"WebPage\",\"@id\":\"https:\\\/\\\/www.casaldelsinfants.org\\\/es\\\/actualidad\\\/las-participantes-de-vincles-en-primer-termino-enlazadas-e-informadas\\\/\",\"url\":\"https:\\\/\\\/www.casaldelsinfants.org\\\/es\\\/actualidad\\\/las-participantes-de-vincles-en-primer-termino-enlazadas-e-informadas\\\/\",\"name\":\"Las participantes de Vincles: en primer t\u00e9rmino, enlazadas e informadas - Casal dels Infants\",\"isPartOf\":{\"@id\":\"https:\\\/\\\/www.casaldelsinfants.org\\\/es\\\/#website\"},\"primaryImageOfPage\":{\"@id\":\"https:\\\/\\\/www.casaldelsinfants.org\\\/es\\\/actualidad\\\/las-participantes-de-vincles-en-primer-termino-enlazadas-e-informadas\\\/#primaryimage\"},\"image\":{\"@id\":\"https:\\\/\\\/www.casaldelsinfants.org\\\/es\\\/actualidad\\\/las-participantes-de-vincles-en-primer-termino-enlazadas-e-informadas\\\/#primaryimage\"},\"thumbnailUrl\":\"https:\\\/\\\/www.casaldelsinfants.org\\\/wp-content\\\/uploads\\\/vincles_piad_0.jpg\",\"datePublished\":\"2018-12-26T08:43:29+00:00\",\"dateModified\":\"2022-08-17T09:21:04+00:00\",\"breadcrumb\":{\"@id\":\"https:\\\/\\\/www.casaldelsinfants.org\\\/es\\\/actualidad\\\/las-participantes-de-vincles-en-primer-termino-enlazadas-e-informadas\\\/#breadcrumb\"},\"inLanguage\":\"es\",\"potentialAction\":[{\"@type\":\"ReadAction\",\"target\":[\"https:\\\/\\\/www.casaldelsinfants.org\\\/es\\\/actualidad\\\/las-participantes-de-vincles-en-primer-termino-enlazadas-e-informadas\\\/\"]}]},{\"@type\":\"ImageObject\",\"inLanguage\":\"es\",\"@id\":\"https:\\\/\\\/www.casaldelsinfants.org\\\/es\\\/actualidad\\\/las-participantes-de-vincles-en-primer-termino-enlazadas-e-informadas\\\/#primaryimage\",\"url\":\"https:\\\/\\\/www.casaldelsinfants.org\\\/wp-content\\\/uploads\\\/vincles_piad_0.jpg\",\"contentUrl\":\"https:\\\/\\\/www.casaldelsinfants.org\\\/wp-content\\\/uploads\\\/vincles_piad_0.jpg\",\"width\":1920,\"height\":1080,\"caption\":\"Les participants de vincles caminant per un carrer.\"},{\"@type\":\"BreadcrumbList\",\"@id\":\"https:\\\/\\\/www.casaldelsinfants.org\\\/es\\\/actualidad\\\/las-participantes-de-vincles-en-primer-termino-enlazadas-e-informadas\\\/#breadcrumb\",\"itemListElement\":[{\"@type\":\"ListItem\",\"position\":1,\"name\":\"Inici\",\"item\":\"https:\\\/\\\/www.casaldelsinfants.org\\\/es\\\/\"},{\"@type\":\"ListItem\",\"position\":2,\"name\":\"Las participantes de Vincles: en primer t\u00e9rmino, enlazadas e informadas\"}]},{\"@type\":\"WebSite\",\"@id\":\"https:\\\/\\\/www.casaldelsinfants.org\\\/es\\\/#website\",\"url\":\"https:\\\/\\\/www.casaldelsinfants.org\\\/es\\\/\",\"name\":\"Casal dels Infants\",\"description\":\"\",\"publisher\":{\"@id\":\"https:\\\/\\\/www.casaldelsinfants.org\\\/es\\\/#organization\"},\"potentialAction\":[{\"@type\":\"SearchAction\",\"target\":{\"@type\":\"EntryPoint\",\"urlTemplate\":\"https:\\\/\\\/www.casaldelsinfants.org\\\/es\\\/?s={search_term_string}\"},\"query-input\":{\"@type\":\"PropertyValueSpecification\",\"valueRequired\":true,\"valueName\":\"search_term_string\"}}],\"inLanguage\":\"es\"},{\"@type\":\"Organization\",\"@id\":\"https:\\\/\\\/www.casaldelsinfants.org\\\/es\\\/#organization\",\"name\":\"Casal dels Infants\",\"url\":\"https:\\\/\\\/www.casaldelsinfants.org\\\/es\\\/\",\"logo\":{\"@type\":\"ImageObject\",\"inLanguage\":\"es\",\"@id\":\"https:\\\/\\\/www.casaldelsinfants.org\\\/es\\\/#\\\/schema\\\/logo\\\/image\\\/\",\"url\":\"https:\\\/\\\/www.casaldelsinfants.org\\\/wp-content\\\/uploads\\\/logo-mail.png\",\"contentUrl\":\"https:\\\/\\\/www.casaldelsinfants.org\\\/wp-content\\\/uploads\\\/logo-mail.png\",\"width\":380,\"height\":158,\"caption\":\"Casal dels Infants\"},\"image\":{\"@id\":\"https:\\\/\\\/www.casaldelsinfants.org\\\/es\\\/#\\\/schema\\\/logo\\\/image\\\/\"},\"sameAs\":[\"https:\\\/\\\/www.facebook.com\\\/casalinfants\",\"https:\\\/\\\/x.com\\\/casalinfants\",\"https:\\\/\\\/www.youtube.com\\\/user\\\/CasaldelsInfants1\",\"https:\\\/\\\/www.instagram.com\\\/casalinfants\\\/\",\"https:\\\/\\\/www.linkedin.com\\\/company\\\/casaldelsinfants?trk=organization-update_share-update_actor-text\"]},{\"@type\":\"Person\",\"@id\":\"https:\\\/\\\/www.casaldelsinfants.org\\\/es\\\/#\\\/schema\\\/person\\\/97707fc8c64900cf36891127dbf9fba8\",\"name\":\"cdiAdmin\",\"sameAs\":[\"https:\\\/\\\/casaldelsinfants.org\"]}]}<\/script>\n<!-- \/ Yoast SEO plugin. -->","yoast_head_json":{"title":"Las participantes de Vincles: en primer t\u00e9rmino, enlazadas e informadas - Casal dels Infants","robots":{"index":"index","follow":"follow","max-snippet":"max-snippet:-1","max-image-preview":"max-image-preview:large","max-video-preview":"max-video-preview:-1"},"canonical":"https:\/\/www.casaldelsinfants.org\/es\/actualidad\/las-participantes-de-vincles-en-primer-termino-enlazadas-e-informadas\/","og_locale":"es_ES","og_type":"article","og_title":"Las participantes de Vincles: en primer t\u00e9rmino, enlazadas e informadas - Casal dels Infants","og_description":"\u00a0 Acostumbradas a asumir cargas y a desconocer su entorno, las participantes de Vincles \u2014la mayor\u00eda mujeres migradas\u2014 encuentran en este servicio maternoinfantil un espacio en el que ser protagonistas, apoyarse mutuamente y recibir informaci\u00f3n sobre servicios y recursos del barrio a los que tienen derecho a acceder. Hablamos del impacto que\u00a0supone para ellas contar con este apoyo aprovechando una sesi\u00f3n informativa que vino a ofrecerles Raquel Gallo, t\u00e9cnica del Punto de Informaci\u00f3n y Atenci\u00f3n a las Mujeres (PIAD) del Ayuntamiento de Barcelona.","og_url":"https:\/\/www.casaldelsinfants.org\/es\/actualidad\/las-participantes-de-vincles-en-primer-termino-enlazadas-e-informadas\/","og_site_name":"Casal dels Infants","article_publisher":"https:\/\/www.facebook.com\/casalinfants","article_published_time":"2018-12-26T08:43:29+00:00","article_modified_time":"2022-08-17T09:21:04+00:00","og_image":[{"width":1920,"height":1080,"url":"https:\/\/www.casaldelsinfants.org\/wp-content\/uploads\/vincles_piad_0.jpg","type":"image\/jpeg"}],"author":"cdiAdmin","twitter_card":"summary_large_image","twitter_creator":"@casalinfants","twitter_site":"@casalinfants","twitter_misc":{"Escrito por":"cdiAdmin","Tiempo de lectura":"4 minutos"},"schema":{"@context":"https:\/\/schema.org","@graph":[{"@type":"Article","@id":"https:\/\/www.casaldelsinfants.org\/es\/actualidad\/las-participantes-de-vincles-en-primer-termino-enlazadas-e-informadas\/#article","isPartOf":{"@id":"https:\/\/www.casaldelsinfants.org\/es\/actualidad\/las-participantes-de-vincles-en-primer-termino-enlazadas-e-informadas\/"},"author":{"name":"cdiAdmin","@id":"https:\/\/www.casaldelsinfants.org\/es\/#\/schema\/person\/97707fc8c64900cf36891127dbf9fba8"},"headline":"Las participantes de Vincles: en primer t\u00e9rmino, enlazadas e informadas","datePublished":"2018-12-26T08:43:29+00:00","dateModified":"2022-08-17T09:21:04+00:00","mainEntityOfPage":{"@id":"https:\/\/www.casaldelsinfants.org\/es\/actualidad\/las-participantes-de-vincles-en-primer-termino-enlazadas-e-informadas\/"},"wordCount":720,"commentCount":0,"publisher":{"@id":"https:\/\/www.casaldelsinfants.org\/es\/#organization"},"image":{"@id":"https:\/\/www.casaldelsinfants.org\/es\/actualidad\/las-participantes-de-vincles-en-primer-termino-enlazadas-e-informadas\/#primaryimage"},"thumbnailUrl":"https:\/\/www.casaldelsinfants.org\/wp-content\/uploads\/vincles_piad_0.jpg","articleSection":["Reportaje"],"inLanguage":"es","potentialAction":[{"@type":"CommentAction","name":"Comment","target":["https:\/\/www.casaldelsinfants.org\/es\/actualidad\/las-participantes-de-vincles-en-primer-termino-enlazadas-e-informadas\/#respond"]}]},{"@type":"WebPage","@id":"https:\/\/www.casaldelsinfants.org\/es\/actualidad\/las-participantes-de-vincles-en-primer-termino-enlazadas-e-informadas\/","url":"https:\/\/www.casaldelsinfants.org\/es\/actualidad\/las-participantes-de-vincles-en-primer-termino-enlazadas-e-informadas\/","name":"Las participantes de Vincles: en primer t\u00e9rmino, enlazadas e informadas - Casal dels Infants","isPartOf":{"@id":"https:\/\/www.casaldelsinfants.org\/es\/#website"},"primaryImageOfPage":{"@id":"https:\/\/www.casaldelsinfants.org\/es\/actualidad\/las-participantes-de-vincles-en-primer-termino-enlazadas-e-informadas\/#primaryimage"},"image":{"@id":"https:\/\/www.casaldelsinfants.org\/es\/actualidad\/las-participantes-de-vincles-en-primer-termino-enlazadas-e-informadas\/#primaryimage"},"thumbnailUrl":"https:\/\/www.casaldelsinfants.org\/wp-content\/uploads\/vincles_piad_0.jpg","datePublished":"2018-12-26T08:43:29+00:00","dateModified":"2022-08-17T09:21:04+00:00","breadcrumb":{"@id":"https:\/\/www.casaldelsinfants.org\/es\/actualidad\/las-participantes-de-vincles-en-primer-termino-enlazadas-e-informadas\/#breadcrumb"},"inLanguage":"es","potentialAction":[{"@type":"ReadAction","target":["https:\/\/www.casaldelsinfants.org\/es\/actualidad\/las-participantes-de-vincles-en-primer-termino-enlazadas-e-informadas\/"]}]},{"@type":"ImageObject","inLanguage":"es","@id":"https:\/\/www.casaldelsinfants.org\/es\/actualidad\/las-participantes-de-vincles-en-primer-termino-enlazadas-e-informadas\/#primaryimage","url":"https:\/\/www.casaldelsinfants.org\/wp-content\/uploads\/vincles_piad_0.jpg","contentUrl":"https:\/\/www.casaldelsinfants.org\/wp-content\/uploads\/vincles_piad_0.jpg","width":1920,"height":1080,"caption":"Les participants de vincles caminant per un carrer."},{"@type":"BreadcrumbList","@id":"https:\/\/www.casaldelsinfants.org\/es\/actualidad\/las-participantes-de-vincles-en-primer-termino-enlazadas-e-informadas\/#breadcrumb","itemListElement":[{"@type":"ListItem","position":1,"name":"Inici","item":"https:\/\/www.casaldelsinfants.org\/es\/"},{"@type":"ListItem","position":2,"name":"Las participantes de Vincles: en primer t\u00e9rmino, enlazadas e informadas"}]},{"@type":"WebSite","@id":"https:\/\/www.casaldelsinfants.org\/es\/#website","url":"https:\/\/www.casaldelsinfants.org\/es\/","name":"Casal dels Infants","description":"","publisher":{"@id":"https:\/\/www.casaldelsinfants.org\/es\/#organization"},"potentialAction":[{"@type":"SearchAction","target":{"@type":"EntryPoint","urlTemplate":"https:\/\/www.casaldelsinfants.org\/es\/?s={search_term_string}"},"query-input":{"@type":"PropertyValueSpecification","valueRequired":true,"valueName":"search_term_string"}}],"inLanguage":"es"},{"@type":"Organization","@id":"https:\/\/www.casaldelsinfants.org\/es\/#organization","name":"Casal dels Infants","url":"https:\/\/www.casaldelsinfants.org\/es\/","logo":{"@type":"ImageObject","inLanguage":"es","@id":"https:\/\/www.casaldelsinfants.org\/es\/#\/schema\/logo\/image\/","url":"https:\/\/www.casaldelsinfants.org\/wp-content\/uploads\/logo-mail.png","contentUrl":"https:\/\/www.casaldelsinfants.org\/wp-content\/uploads\/logo-mail.png","width":380,"height":158,"caption":"Casal dels Infants"},"image":{"@id":"https:\/\/www.casaldelsinfants.org\/es\/#\/schema\/logo\/image\/"},"sameAs":["https:\/\/www.facebook.com\/casalinfants","https:\/\/x.com\/casalinfants","https:\/\/www.youtube.com\/user\/CasaldelsInfants1","https:\/\/www.instagram.com\/casalinfants\/","https:\/\/www.linkedin.com\/company\/casaldelsinfants?trk=organization-update_share-update_actor-text"]},{"@type":"Person","@id":"https:\/\/www.casaldelsinfants.org\/es\/#\/schema\/person\/97707fc8c64900cf36891127dbf9fba8","name":"cdiAdmin","sameAs":["https:\/\/casaldelsinfants.org"]}]}},"publishpress_future_action":{"enabled":false,"date":"2026-05-08 06:10:41","action":"change-status","newStatus":"draft","terms":[],"taxonomy":"category","extraData":[]},"publishpress_future_workflow_manual_trigger":{"enabledWorkflows":[]},"_links":{"self":[{"href":"https:\/\/www.casaldelsinfants.org\/es\/wp-json\/wp\/v2\/posts\/4460","targetHints":{"allow":["GET"]}}],"collection":[{"href":"https:\/\/www.casaldelsinfants.org\/es\/wp-json\/wp\/v2\/posts"}],"about":[{"href":"https:\/\/www.casaldelsinfants.org\/es\/wp-json\/wp\/v2\/types\/post"}],"author":[{"embeddable":true,"href":"https:\/\/www.casaldelsinfants.org\/es\/wp-json\/wp\/v2\/users\/1"}],"replies":[{"embeddable":true,"href":"https:\/\/www.casaldelsinfants.org\/es\/wp-json\/wp\/v2\/comments?post=4460"}],"version-history":[{"count":1,"href":"https:\/\/www.casaldelsinfants.org\/es\/wp-json\/wp\/v2\/posts\/4460\/revisions"}],"predecessor-version":[{"id":6394,"href":"https:\/\/www.casaldelsinfants.org\/es\/wp-json\/wp\/v2\/posts\/4460\/revisions\/6394"}],"wp:featuredmedia":[{"embeddable":true,"href":"https:\/\/www.casaldelsinfants.org\/es\/wp-json\/wp\/v2\/media\/3416"}],"wp:attachment":[{"href":"https:\/\/www.casaldelsinfants.org\/es\/wp-json\/wp\/v2\/media?parent=4460"}],"wp:term":[{"taxonomy":"category","embeddable":true,"href":"https:\/\/www.casaldelsinfants.org\/es\/wp-json\/wp\/v2\/categories?post=4460"},{"taxonomy":"post_tag","embeddable":true,"href":"https:\/\/www.casaldelsinfants.org\/es\/wp-json\/wp\/v2\/tags?post=4460"},{"taxonomy":"seus","embeddable":true,"href":"https:\/\/www.casaldelsinfants.org\/es\/wp-json\/wp\/v2\/seus?post=4460"},{"taxonomy":"eixos","embeddable":true,"href":"https:\/\/www.casaldelsinfants.org\/es\/wp-json\/wp\/v2\/eixos?post=4460"}],"curies":[{"name":"wp","href":"https:\/\/api.w.org\/{rel}","templated":true}]}}