{"id":4463,"date":"2018-12-26T10:05:29","date_gmt":"2018-12-26T08:05:29","guid":{"rendered":"https:\/\/casal.puntzero.cat\/noticies\/fent-balanc-del-2018-lexclusio-cronificada-i-la-intervencio-socioeducativa-com-resposta\/"},"modified":"2023-05-01T19:01:03","modified_gmt":"2023-05-01T17:01:03","slug":"fent-balanc-del-2018-lexclusio-cronificada-i-la-intervencio-socioeducativa-com-resposta","status":"publish","type":"post","link":"https:\/\/www.casaldelsinfants.org\/es\/actualidad\/balance-2018-exclusion-intervencion-socioeducativa\/","title":{"rendered":"Haciendo balance del 2018: la exclusi\u00f3n cronificada y la intervenci\u00f3n socioeducativa como respuesta"},"content":{"rendered":"<p class=\"verd\">En el Casal dels Infants cerramos el a\u00f1o alertando de la exclusi\u00f3n social cronificada que sufren muchas familias en Catalu\u00f1a y reclamando m\u00e1s espacios de acompa\u00f1amiento para que los j\u00f3venes hagan una transici\u00f3n segura a la adultez. Este llamado de atenci\u00f3n lo realizamos el 19 de diciembre durante la presentaci\u00f3n de nuestro balance del a\u00f1o 2018, en el que analizamos la situaci\u00f3n de m\u00e1s de 7.000 personas socialmente desfavorecidas que acompa\u00f1amos a trav\u00e9s de 60 servicios educativos y de participaci\u00f3n comunitaria.<\/p>\n<p class=\"verd\">La directora general de la asociaci\u00f3n, Rosa Balaguer, destac\u00f3 que los indicadores de exclusi\u00f3n social y de desigualdad no han recuperado los valores previos a la crisis econ\u00f3mica: \u201cNo es una cuesti\u00f3n de la coyuntura, sino que la exclusi\u00f3n es una losa del sistema\u201d. Las situaciones de vulnerabilidad, a\u00f1adi\u00f3, se concentran y se acumulan en los ni\u00f1os y ni\u00f1as, los hogares monoparentales, las familias con hijos a su cargo, las mujeres y los migrantes: \u201cEs muy f\u00e1cil sumar m\u00e1s de uno de estos factores de riesgo: cuanto m\u00e1s se acumulan, m\u00e1s vulnerabilidad se sufre\u201d.<\/p>\n<p class=\"verd\">En este contexto de exclusi\u00f3n estructural, la entidad considera preocupante el empeoramiento de las condiciones de vivienda y de los ingresos del hogar entre las familias desfavorecidas. Un 30% de las familias que participan en el Casal dels Infants vive en condiciones insufucientes en su vivienda. Esta exclusi\u00f3n residencial es grave para una de cada cinco familias. Por otro lado, casi la mitad no tiene ingresos estables derivados de la actividad laboral. Frente a todas estas situaciones acumuladas, Balaguer incidi\u00f3 durante la presentaci\u00f3n del balance en \u201cla carga emocional que arrastran las familias que tienen que gestionar la miseria\u201d.<\/p>\n<p class=\"verd\"><strong>Combatir la exclusi\u00f3n educativa<\/strong><\/p>\n<p class=\"verd\">Balaguer expuso que la vulnerabilidad de las familias se suma al riesgo de exclusi\u00f3n educativa de sus hijos e hijas, debido a las situaciones de segregaci\u00f3n escolar, la complejidad en los centros, la baja escolarizaci\u00f3n en la franja de los 0 a los 2 a\u00f1os y a la falta de acceso a la educaci\u00f3n fuera de la escuela. Estos factores se concentran en los barrios m\u00e1s desfavorecidos.<\/p>\n<p class=\"verd\">Ante este contexto, el Casal dels Infants ha acompa\u00f1ado este a\u00f1o cerca de 2.600 ni\u00f1os y ni\u00f1as de 0 a 16 a\u00f1os mediante sus servicios educativos y de ocio, con el objetivo de generar igualdad de condiciones a estos chicos y chicas de cara al \u00e9xito educativo: \u201cEstamos ofreciendo espacios educativos y ocio fuera del horario lectivo para quienes m\u00e1s lo necesitan, y hacen falta m\u00e1s. Tambi\u00e9n velamos para que las familias refuercen sus competencias y participen m\u00e1s en la comunidad, las apoyamos en sus necesidades b\u00e1sicas y les ofrecemos acompa\u00f1amiento jur\u00eddico\u201d, explic\u00f3 la directora general de la asociaci\u00f3n.<\/p>\n<p class=\"verd\">Entre los diferentes servicios de la entidad dirigidos a la infancia y las familias, Balaguer destac\u00f3 el programa Refor\u00e7 de l\u2019Alimentaci\u00f3 Infantil en l\u2019ESO (RAI ESO), un espacio de mediod\u00eda con servicio de comedor escolar y actividades educativas impulsado por la Fundaci\u00f3 Probitas y que el Casal dels Infants desarrolla en Salt y Santa Coloma de Gramenet \u2014en este \u00faltimo municipio, con el apoyo del Ayuntamiento colomense\u2014: \u201cLa implantaci\u00f3n de la jornada compactada desde 2012 ha hecho que muchos institutos dejaran de ofrecer el servicio de comedor y, como consecuencia, redujeran el tiempo educativo diario. Lo consideramos un retroceso y le hacemos frente a trav\u00e9s del RAI ESO\u201d.<\/p>\n<p class=\"verd\"><strong>Familias acompa\u00f1adas y participativas<\/strong><\/p>\n<p class=\"verd\">Otro aspecto que el Casal dels Infants ha reforzado es la participaci\u00f3n de las familias y los espacios de empoderamiento para mujeres, con iniciativas como la configuraci\u00f3n del Grupo Motor de Familias en el barrio del Raval, liderado por madres de los servicios de infancia que se han organizado para proponer actividades para realizar con sus hijos e hijas y compartir un espacio de apoyo mutuo. Balaguer reivindic\u00f3 esta apuesta por la participaci\u00f3n comunitaria en el espacio p\u00fablico como una herramienta para \u201cfortalecer la convivencia y desestigmatizar los barrios desfavorecidos\u201d.<\/p>\n<p class=\"verd\">Entre las demandas de las familias recogidas por la asociaci\u00f3n destaca la necesidad de ser orientadas en el proceso de crianza, contar con m\u00e1s espacios de participaci\u00f3n y tener al alcance recursos de formaci\u00f3n e inserci\u00f3n sociolaboral: \u201cLas familias que m\u00e1s luchan para salir adelante reclaman ser m\u00e1s escuchadas y reconocidas\u201d, se\u00f1al\u00f3 Balaguer.<\/p>\n<p class=\"verd\"><strong>Transici\u00f3n de riesgo a la adultez<\/strong><\/p>\n<p class=\"verd\">En cuanto a la situaci\u00f3n de los j\u00f3venes en Catalunya, la entidad alerta en su balance: \u201cNos preocupa especialmente la falta de servicios y recursos para los j\u00f3venes desfavorecidos, que supone que en la transici\u00f3n hacia la adultez de estos chicos y chicas aumente el riesgo de exclusi\u00f3n social\u201d.<\/p>\n<p class=\"verd\">En el Casal dels Infants uno de cada tres adolescentes participantes no contin\u00faa sus estudios postobligatorios peses a haber acabado la ESO, se\u00f1al\u00f3 Balaguer: \u201cHay una falta preocupante de servicios y recursos para dar continuidad al acompa\u00f1amiento de los chicos y chicas cuando pasan a ser j\u00f3venes. As\u00ed es muy dif\u00edcil que contin\u00faen estudiando y puedan definir con garant\u00edas su itinerario de futuro\u201d. Los diferentes Casals Joves de la asociaci\u00f3n han acompa\u00f1ado este a\u00f1o a 220 j\u00f3venes de 16 a 21 a\u00f1os.<\/p>\n<p class=\"verd\"><strong>Formaci\u00f3n e inserci\u00f3n: abriendo puertas a la inclusi\u00f3n<\/strong><\/p>\n<p class=\"verd\">Peses a que los programas p\u00fablicos para la formaci\u00f3n y la inserci\u00f3n social y laboral de j\u00f3venes han aumentado, los colectivos con menos competencias y trayectorias educativas cortas no siempre pueden acceder a estos servicios. Para dar respuesta a esta situaci\u00f3n, este a\u00f1o el Programa de Formaci\u00f3 i Inserci\u00f3 Social i Laboral del Casal dels Infants ha enfocado sus itinerarios formativos hacia estos perfiles. Cerca de 800 personas han sido formadas, y el \u00e9xito consolidad o de la formaci\u00f3n dual con la participaci\u00f3n de empresas colaboradoras ha sido clave para conseguir cerca de 190 inserciones laborales.<\/p>\n<p class=\"verd\">La oferta formativa del programa ha reforzado las competencias ling\u00fc\u00edsticas como estrategia para mejorar la ocupabilidad y ha mantenido la apuesta por formaciones no masculinizadas. Un ejemplo de ello es el servicio dDones-Lleva\u2019t, impulsado conjuntamente por la Plataforma d\u2019Educaci\u00f3 Salesians y el Casal dels Infants, con el apoyo de la Obra Social La Caixa, que ha formado a cerca de 60 mujeres j\u00f3venes en el sector de las panader\u00edas y cafeter\u00edas.<\/p>\n<p class=\"verd\"><strong>J\u00f3venes solos<\/strong><\/p>\n<p class=\"verd\">Ante el aumento de la llegada de menores no acompa\u00f1ados y a la falta de una respuesta a tiempo y adecuado por parte de las instituciones, Rosa Balaguer se\u00f1al\u00f3 los d\u00e9ficits estructurales del sistema de protecci\u00f3n a la infancia y la falta de previsi\u00f3n de recursos: \u201cLos derechos de estos chicos y chicas se deben garantizar siempre, sea cual sea la coyuntura. Es una obligaci\u00f3n institucional y una responsabilidad colectiva\u201d. Durante 2018, 105 j\u00f3venes no acompa\u00f1ados han participado en los distintos servicios del Casal dels Infants, de los cuales 14 son menores de edad.<\/p>\n<p class=\"verd\">La asociaci\u00f3n considera que es necesario mirar m\u00e1s all\u00e1 de la situaci\u00f3n de los menores y reforzar los servicios de acompa\u00f1amiento para aquellos j\u00f3venes que, una vez son mayores de edad y dejar de ser tutelados por los centros de menores \u2014o bien llegan a Catalunya siendo mayores de edad\u2014, siguen necesitando apoyo para salir adelante. El Servei de Transici\u00f3 a l\u2019Autonomia (STA) del Casal dels Infants, que este a\u00f1o ha acompa\u00f1ado a 50 j\u00f3venes, responde a esta necesidad. El STA ofrece a chicos y chicas solo y sin vivienda estable un itinerario para reorientar su futuro, poniendo a su alcance cinco pisos compartidos y la vinculaci\u00f3n a un programa de formaci\u00f3n e inserci\u00f3n sociolaboral.<\/p>\n<p class=\"verd\">La otra gran apuesta de la entidad es colaborar con las entidades sociales de Marruecos para ofrecer oportunidades a los j\u00f3venes y a los colectivos m\u00e1s vulnerables, fortaleciendo la red social para la defensa de los derechos sociales. Los programas Incopora y DAAP en Marruecos, que la entidad desarrolla en alianza con entidades locales, trabajan la formaci\u00f3n e inserci\u00f3n laboral y participativa de j\u00f3venes en T\u00e1nger y Casablanca.<\/p>\n","protected":false},"excerpt":{"rendered":"<p>En el Casal dels Infants cerramos el a\u00f1o alertando de la exclusi\u00f3n social cronificada que sufren muchas familias en Catalu\u00f1a y reclamando m\u00e1s espacios de acompa\u00f1amiento para que los j\u00f3venes hagan una transici\u00f3n segura a la adultez. Este llamado de atenci\u00f3n lo realizamos el 19 de diciembre durante la presentaci\u00f3n de nuestro balance del a\u00f1o [&hellip;]<\/p>\n","protected":false},"author":1,"featured_media":3420,"comment_status":"open","ping_status":"open","sticky":false,"template":"","format":"standard","meta":{"_acf_changed":false,"_et_pb_use_builder":"","_et_pb_old_content":"","_et_gb_content_width":"","inline_featured_image":false,"footnotes":""},"categories":[125],"tags":[116,169,171],"seus":[],"eixos":[],"class_list":["post-4463","post","type-post","status-publish","format-standard","has-post-thumbnail","hentry","category-noticias","tag-balance-anual-2018","tag-casal-jove-es","tag-servei-de-transicio-a-lautonomia-es"],"acf":[],"yoast_head":"<!-- This site is optimized with the Yoast SEO plugin v27.4 - https:\/\/yoast.com\/product\/yoast-seo-wordpress\/ -->\n<title>Haciendo balance del 2018: la exclusi\u00f3n cronificada y la intervenci\u00f3n socioeducativa como respuesta - Casal dels Infants<\/title>\n<meta name=\"robots\" content=\"index, follow, max-snippet:-1, max-image-preview:large, max-video-preview:-1\" \/>\n<link rel=\"canonical\" href=\"https:\/\/www.casaldelsinfants.org\/es\/actualidad\/balance-2018-exclusion-intervencion-socioeducativa\/\" \/>\n<meta property=\"og:locale\" content=\"es_ES\" \/>\n<meta property=\"og:type\" content=\"article\" \/>\n<meta property=\"og:title\" content=\"Haciendo balance del 2018: la exclusi\u00f3n cronificada y la intervenci\u00f3n socioeducativa como respuesta - Casal dels Infants\" \/>\n<meta property=\"og:description\" content=\"En el Casal dels Infants cerramos el a\u00f1o alertando de la exclusi\u00f3n social cronificada que sufren muchas familias en Catalu\u00f1a y reclamando m\u00e1s espacios de acompa\u00f1amiento para que los j\u00f3venes hagan una transici\u00f3n segura a la adultez. Este llamado de atenci\u00f3n lo realizamos el 19 de diciembre durante la presentaci\u00f3n de nuestro balance del a\u00f1o [&hellip;]\" \/>\n<meta property=\"og:url\" content=\"https:\/\/www.casaldelsinfants.org\/es\/actualidad\/balance-2018-exclusion-intervencion-socioeducativa\/\" \/>\n<meta property=\"og:site_name\" content=\"Casal dels Infants\" \/>\n<meta property=\"article:publisher\" content=\"https:\/\/www.facebook.com\/casalinfants\" \/>\n<meta property=\"article:published_time\" content=\"2018-12-26T08:05:29+00:00\" \/>\n<meta property=\"article:modified_time\" content=\"2023-05-01T17:01:03+00:00\" \/>\n<meta property=\"og:image\" content=\"https:\/\/www.casaldelsinfants.org\/wp-content\/uploads\/mourad_axel_i_amine.jpg\" \/>\n\t<meta property=\"og:image:width\" content=\"1920\" \/>\n\t<meta property=\"og:image:height\" content=\"1080\" \/>\n\t<meta property=\"og:image:type\" content=\"image\/jpeg\" \/>\n<meta name=\"author\" content=\"cdiAdmin\" \/>\n<meta name=\"twitter:card\" content=\"summary_large_image\" \/>\n<meta name=\"twitter:creator\" content=\"@casalinfants\" \/>\n<meta name=\"twitter:site\" content=\"@casalinfants\" \/>\n<meta name=\"twitter:label1\" content=\"Escrito por\" \/>\n\t<meta name=\"twitter:data1\" content=\"cdiAdmin\" \/>\n\t<meta name=\"twitter:label2\" content=\"Tiempo de lectura\" \/>\n\t<meta name=\"twitter:data2\" content=\"7 minutos\" \/>\n<script type=\"application\/ld+json\" class=\"yoast-schema-graph\">{\"@context\":\"https:\\\/\\\/schema.org\",\"@graph\":[{\"@type\":\"Article\",\"@id\":\"https:\\\/\\\/www.casaldelsinfants.org\\\/es\\\/actualidad\\\/balance-2018-exclusion-intervencion-socioeducativa\\\/#article\",\"isPartOf\":{\"@id\":\"https:\\\/\\\/www.casaldelsinfants.org\\\/es\\\/actualidad\\\/balance-2018-exclusion-intervencion-socioeducativa\\\/\"},\"author\":{\"name\":\"cdiAdmin\",\"@id\":\"https:\\\/\\\/www.casaldelsinfants.org\\\/es\\\/#\\\/schema\\\/person\\\/97707fc8c64900cf36891127dbf9fba8\"},\"headline\":\"Haciendo balance del 2018: la exclusi\u00f3n cronificada y la intervenci\u00f3n socioeducativa como respuesta\",\"datePublished\":\"2018-12-26T08:05:29+00:00\",\"dateModified\":\"2023-05-01T17:01:03+00:00\",\"mainEntityOfPage\":{\"@id\":\"https:\\\/\\\/www.casaldelsinfants.org\\\/es\\\/actualidad\\\/balance-2018-exclusion-intervencion-socioeducativa\\\/\"},\"wordCount\":1413,\"commentCount\":0,\"publisher\":{\"@id\":\"https:\\\/\\\/www.casaldelsinfants.org\\\/es\\\/#organization\"},\"image\":{\"@id\":\"https:\\\/\\\/www.casaldelsinfants.org\\\/es\\\/actualidad\\\/balance-2018-exclusion-intervencion-socioeducativa\\\/#primaryimage\"},\"thumbnailUrl\":\"https:\\\/\\\/www.casaldelsinfants.org\\\/wp-content\\\/uploads\\\/mourad_axel_i_amine.jpg\",\"keywords\":[\"balance anual 2018\",\"Casal Jove\",\"Servei de Transici\u00f3 a l&#039;Autonomia\"],\"articleSection\":[\"Noticia\"],\"inLanguage\":\"es\",\"potentialAction\":[{\"@type\":\"CommentAction\",\"name\":\"Comment\",\"target\":[\"https:\\\/\\\/www.casaldelsinfants.org\\\/es\\\/actualidad\\\/balance-2018-exclusion-intervencion-socioeducativa\\\/#respond\"]}]},{\"@type\":\"WebPage\",\"@id\":\"https:\\\/\\\/www.casaldelsinfants.org\\\/es\\\/actualidad\\\/balance-2018-exclusion-intervencion-socioeducativa\\\/\",\"url\":\"https:\\\/\\\/www.casaldelsinfants.org\\\/es\\\/actualidad\\\/balance-2018-exclusion-intervencion-socioeducativa\\\/\",\"name\":\"Haciendo balance del 2018: la exclusi\u00f3n cronificada y la intervenci\u00f3n socioeducativa como respuesta - Casal dels Infants\",\"isPartOf\":{\"@id\":\"https:\\\/\\\/www.casaldelsinfants.org\\\/es\\\/#website\"},\"primaryImageOfPage\":{\"@id\":\"https:\\\/\\\/www.casaldelsinfants.org\\\/es\\\/actualidad\\\/balance-2018-exclusion-intervencion-socioeducativa\\\/#primaryimage\"},\"image\":{\"@id\":\"https:\\\/\\\/www.casaldelsinfants.org\\\/es\\\/actualidad\\\/balance-2018-exclusion-intervencion-socioeducativa\\\/#primaryimage\"},\"thumbnailUrl\":\"https:\\\/\\\/www.casaldelsinfants.org\\\/wp-content\\\/uploads\\\/mourad_axel_i_amine.jpg\",\"datePublished\":\"2018-12-26T08:05:29+00:00\",\"dateModified\":\"2023-05-01T17:01:03+00:00\",\"breadcrumb\":{\"@id\":\"https:\\\/\\\/www.casaldelsinfants.org\\\/es\\\/actualidad\\\/balance-2018-exclusion-intervencion-socioeducativa\\\/#breadcrumb\"},\"inLanguage\":\"es\",\"potentialAction\":[{\"@type\":\"ReadAction\",\"target\":[\"https:\\\/\\\/www.casaldelsinfants.org\\\/es\\\/actualidad\\\/balance-2018-exclusion-intervencion-socioeducativa\\\/\"]}]},{\"@type\":\"ImageObject\",\"inLanguage\":\"es\",\"@id\":\"https:\\\/\\\/www.casaldelsinfants.org\\\/es\\\/actualidad\\\/balance-2018-exclusion-intervencion-socioeducativa\\\/#primaryimage\",\"url\":\"https:\\\/\\\/www.casaldelsinfants.org\\\/wp-content\\\/uploads\\\/mourad_axel_i_amine.jpg\",\"contentUrl\":\"https:\\\/\\\/www.casaldelsinfants.org\\\/wp-content\\\/uploads\\\/mourad_axel_i_amine.jpg\",\"width\":1920,\"height\":1080,\"caption\":\"tres nois asseguts en un sof\u00e0. DAvant una taula amb pastes dol\u00e7es i una ta\u00e7a.\"},{\"@type\":\"BreadcrumbList\",\"@id\":\"https:\\\/\\\/www.casaldelsinfants.org\\\/es\\\/actualidad\\\/balance-2018-exclusion-intervencion-socioeducativa\\\/#breadcrumb\",\"itemListElement\":[{\"@type\":\"ListItem\",\"position\":1,\"name\":\"Inici\",\"item\":\"https:\\\/\\\/www.casaldelsinfants.org\\\/es\\\/\"},{\"@type\":\"ListItem\",\"position\":2,\"name\":\"Haciendo balance del 2018: la exclusi\u00f3n cronificada y la intervenci\u00f3n socioeducativa como respuesta\"}]},{\"@type\":\"WebSite\",\"@id\":\"https:\\\/\\\/www.casaldelsinfants.org\\\/es\\\/#website\",\"url\":\"https:\\\/\\\/www.casaldelsinfants.org\\\/es\\\/\",\"name\":\"Casal dels Infants\",\"description\":\"\",\"publisher\":{\"@id\":\"https:\\\/\\\/www.casaldelsinfants.org\\\/es\\\/#organization\"},\"potentialAction\":[{\"@type\":\"SearchAction\",\"target\":{\"@type\":\"EntryPoint\",\"urlTemplate\":\"https:\\\/\\\/www.casaldelsinfants.org\\\/es\\\/?s={search_term_string}\"},\"query-input\":{\"@type\":\"PropertyValueSpecification\",\"valueRequired\":true,\"valueName\":\"search_term_string\"}}],\"inLanguage\":\"es\"},{\"@type\":\"Organization\",\"@id\":\"https:\\\/\\\/www.casaldelsinfants.org\\\/es\\\/#organization\",\"name\":\"Casal dels Infants\",\"url\":\"https:\\\/\\\/www.casaldelsinfants.org\\\/es\\\/\",\"logo\":{\"@type\":\"ImageObject\",\"inLanguage\":\"es\",\"@id\":\"https:\\\/\\\/www.casaldelsinfants.org\\\/es\\\/#\\\/schema\\\/logo\\\/image\\\/\",\"url\":\"https:\\\/\\\/www.casaldelsinfants.org\\\/wp-content\\\/uploads\\\/logo-mail.png\",\"contentUrl\":\"https:\\\/\\\/www.casaldelsinfants.org\\\/wp-content\\\/uploads\\\/logo-mail.png\",\"width\":380,\"height\":158,\"caption\":\"Casal dels Infants\"},\"image\":{\"@id\":\"https:\\\/\\\/www.casaldelsinfants.org\\\/es\\\/#\\\/schema\\\/logo\\\/image\\\/\"},\"sameAs\":[\"https:\\\/\\\/www.facebook.com\\\/casalinfants\",\"https:\\\/\\\/x.com\\\/casalinfants\",\"https:\\\/\\\/www.youtube.com\\\/user\\\/CasaldelsInfants1\",\"https:\\\/\\\/www.instagram.com\\\/casalinfants\\\/\",\"https:\\\/\\\/www.linkedin.com\\\/company\\\/casaldelsinfants?trk=organization-update_share-update_actor-text\"]},{\"@type\":\"Person\",\"@id\":\"https:\\\/\\\/www.casaldelsinfants.org\\\/es\\\/#\\\/schema\\\/person\\\/97707fc8c64900cf36891127dbf9fba8\",\"name\":\"cdiAdmin\",\"sameAs\":[\"https:\\\/\\\/casaldelsinfants.org\"]}]}<\/script>\n<!-- \/ Yoast SEO plugin. -->","yoast_head_json":{"title":"Haciendo balance del 2018: la exclusi\u00f3n cronificada y la intervenci\u00f3n socioeducativa como respuesta - Casal dels Infants","robots":{"index":"index","follow":"follow","max-snippet":"max-snippet:-1","max-image-preview":"max-image-preview:large","max-video-preview":"max-video-preview:-1"},"canonical":"https:\/\/www.casaldelsinfants.org\/es\/actualidad\/balance-2018-exclusion-intervencion-socioeducativa\/","og_locale":"es_ES","og_type":"article","og_title":"Haciendo balance del 2018: la exclusi\u00f3n cronificada y la intervenci\u00f3n socioeducativa como respuesta - Casal dels Infants","og_description":"En el Casal dels Infants cerramos el a\u00f1o alertando de la exclusi\u00f3n social cronificada que sufren muchas familias en Catalu\u00f1a y reclamando m\u00e1s espacios de acompa\u00f1amiento para que los j\u00f3venes hagan una transici\u00f3n segura a la adultez. Este llamado de atenci\u00f3n lo realizamos el 19 de diciembre durante la presentaci\u00f3n de nuestro balance del a\u00f1o [&hellip;]","og_url":"https:\/\/www.casaldelsinfants.org\/es\/actualidad\/balance-2018-exclusion-intervencion-socioeducativa\/","og_site_name":"Casal dels Infants","article_publisher":"https:\/\/www.facebook.com\/casalinfants","article_published_time":"2018-12-26T08:05:29+00:00","article_modified_time":"2023-05-01T17:01:03+00:00","og_image":[{"width":1920,"height":1080,"url":"https:\/\/www.casaldelsinfants.org\/wp-content\/uploads\/mourad_axel_i_amine.jpg","type":"image\/jpeg"}],"author":"cdiAdmin","twitter_card":"summary_large_image","twitter_creator":"@casalinfants","twitter_site":"@casalinfants","twitter_misc":{"Escrito por":"cdiAdmin","Tiempo de lectura":"7 minutos"},"schema":{"@context":"https:\/\/schema.org","@graph":[{"@type":"Article","@id":"https:\/\/www.casaldelsinfants.org\/es\/actualidad\/balance-2018-exclusion-intervencion-socioeducativa\/#article","isPartOf":{"@id":"https:\/\/www.casaldelsinfants.org\/es\/actualidad\/balance-2018-exclusion-intervencion-socioeducativa\/"},"author":{"name":"cdiAdmin","@id":"https:\/\/www.casaldelsinfants.org\/es\/#\/schema\/person\/97707fc8c64900cf36891127dbf9fba8"},"headline":"Haciendo balance del 2018: la exclusi\u00f3n cronificada y la intervenci\u00f3n socioeducativa como respuesta","datePublished":"2018-12-26T08:05:29+00:00","dateModified":"2023-05-01T17:01:03+00:00","mainEntityOfPage":{"@id":"https:\/\/www.casaldelsinfants.org\/es\/actualidad\/balance-2018-exclusion-intervencion-socioeducativa\/"},"wordCount":1413,"commentCount":0,"publisher":{"@id":"https:\/\/www.casaldelsinfants.org\/es\/#organization"},"image":{"@id":"https:\/\/www.casaldelsinfants.org\/es\/actualidad\/balance-2018-exclusion-intervencion-socioeducativa\/#primaryimage"},"thumbnailUrl":"https:\/\/www.casaldelsinfants.org\/wp-content\/uploads\/mourad_axel_i_amine.jpg","keywords":["balance anual 2018","Casal Jove","Servei de Transici\u00f3 a l&#039;Autonomia"],"articleSection":["Noticia"],"inLanguage":"es","potentialAction":[{"@type":"CommentAction","name":"Comment","target":["https:\/\/www.casaldelsinfants.org\/es\/actualidad\/balance-2018-exclusion-intervencion-socioeducativa\/#respond"]}]},{"@type":"WebPage","@id":"https:\/\/www.casaldelsinfants.org\/es\/actualidad\/balance-2018-exclusion-intervencion-socioeducativa\/","url":"https:\/\/www.casaldelsinfants.org\/es\/actualidad\/balance-2018-exclusion-intervencion-socioeducativa\/","name":"Haciendo balance del 2018: la exclusi\u00f3n cronificada y la intervenci\u00f3n socioeducativa como respuesta - Casal dels Infants","isPartOf":{"@id":"https:\/\/www.casaldelsinfants.org\/es\/#website"},"primaryImageOfPage":{"@id":"https:\/\/www.casaldelsinfants.org\/es\/actualidad\/balance-2018-exclusion-intervencion-socioeducativa\/#primaryimage"},"image":{"@id":"https:\/\/www.casaldelsinfants.org\/es\/actualidad\/balance-2018-exclusion-intervencion-socioeducativa\/#primaryimage"},"thumbnailUrl":"https:\/\/www.casaldelsinfants.org\/wp-content\/uploads\/mourad_axel_i_amine.jpg","datePublished":"2018-12-26T08:05:29+00:00","dateModified":"2023-05-01T17:01:03+00:00","breadcrumb":{"@id":"https:\/\/www.casaldelsinfants.org\/es\/actualidad\/balance-2018-exclusion-intervencion-socioeducativa\/#breadcrumb"},"inLanguage":"es","potentialAction":[{"@type":"ReadAction","target":["https:\/\/www.casaldelsinfants.org\/es\/actualidad\/balance-2018-exclusion-intervencion-socioeducativa\/"]}]},{"@type":"ImageObject","inLanguage":"es","@id":"https:\/\/www.casaldelsinfants.org\/es\/actualidad\/balance-2018-exclusion-intervencion-socioeducativa\/#primaryimage","url":"https:\/\/www.casaldelsinfants.org\/wp-content\/uploads\/mourad_axel_i_amine.jpg","contentUrl":"https:\/\/www.casaldelsinfants.org\/wp-content\/uploads\/mourad_axel_i_amine.jpg","width":1920,"height":1080,"caption":"tres nois asseguts en un sof\u00e0. DAvant una taula amb pastes dol\u00e7es i una ta\u00e7a."},{"@type":"BreadcrumbList","@id":"https:\/\/www.casaldelsinfants.org\/es\/actualidad\/balance-2018-exclusion-intervencion-socioeducativa\/#breadcrumb","itemListElement":[{"@type":"ListItem","position":1,"name":"Inici","item":"https:\/\/www.casaldelsinfants.org\/es\/"},{"@type":"ListItem","position":2,"name":"Haciendo balance del 2018: la exclusi\u00f3n cronificada y la intervenci\u00f3n socioeducativa como respuesta"}]},{"@type":"WebSite","@id":"https:\/\/www.casaldelsinfants.org\/es\/#website","url":"https:\/\/www.casaldelsinfants.org\/es\/","name":"Casal dels Infants","description":"","publisher":{"@id":"https:\/\/www.casaldelsinfants.org\/es\/#organization"},"potentialAction":[{"@type":"SearchAction","target":{"@type":"EntryPoint","urlTemplate":"https:\/\/www.casaldelsinfants.org\/es\/?s={search_term_string}"},"query-input":{"@type":"PropertyValueSpecification","valueRequired":true,"valueName":"search_term_string"}}],"inLanguage":"es"},{"@type":"Organization","@id":"https:\/\/www.casaldelsinfants.org\/es\/#organization","name":"Casal dels Infants","url":"https:\/\/www.casaldelsinfants.org\/es\/","logo":{"@type":"ImageObject","inLanguage":"es","@id":"https:\/\/www.casaldelsinfants.org\/es\/#\/schema\/logo\/image\/","url":"https:\/\/www.casaldelsinfants.org\/wp-content\/uploads\/logo-mail.png","contentUrl":"https:\/\/www.casaldelsinfants.org\/wp-content\/uploads\/logo-mail.png","width":380,"height":158,"caption":"Casal dels Infants"},"image":{"@id":"https:\/\/www.casaldelsinfants.org\/es\/#\/schema\/logo\/image\/"},"sameAs":["https:\/\/www.facebook.com\/casalinfants","https:\/\/x.com\/casalinfants","https:\/\/www.youtube.com\/user\/CasaldelsInfants1","https:\/\/www.instagram.com\/casalinfants\/","https:\/\/www.linkedin.com\/company\/casaldelsinfants?trk=organization-update_share-update_actor-text"]},{"@type":"Person","@id":"https:\/\/www.casaldelsinfants.org\/es\/#\/schema\/person\/97707fc8c64900cf36891127dbf9fba8","name":"cdiAdmin","sameAs":["https:\/\/casaldelsinfants.org"]}]}},"publishpress_future_action":{"enabled":false,"date":"2026-05-09 02:56:59","action":"change-status","newStatus":"draft","terms":[],"taxonomy":"category","extraData":[]},"publishpress_future_workflow_manual_trigger":{"enabledWorkflows":[]},"_links":{"self":[{"href":"https:\/\/www.casaldelsinfants.org\/es\/wp-json\/wp\/v2\/posts\/4463","targetHints":{"allow":["GET"]}}],"collection":[{"href":"https:\/\/www.casaldelsinfants.org\/es\/wp-json\/wp\/v2\/posts"}],"about":[{"href":"https:\/\/www.casaldelsinfants.org\/es\/wp-json\/wp\/v2\/types\/post"}],"author":[{"embeddable":true,"href":"https:\/\/www.casaldelsinfants.org\/es\/wp-json\/wp\/v2\/users\/1"}],"replies":[{"embeddable":true,"href":"https:\/\/www.casaldelsinfants.org\/es\/wp-json\/wp\/v2\/comments?post=4463"}],"version-history":[{"count":1,"href":"https:\/\/www.casaldelsinfants.org\/es\/wp-json\/wp\/v2\/posts\/4463\/revisions"}],"predecessor-version":[{"id":6396,"href":"https:\/\/www.casaldelsinfants.org\/es\/wp-json\/wp\/v2\/posts\/4463\/revisions\/6396"}],"wp:featuredmedia":[{"embeddable":true,"href":"https:\/\/www.casaldelsinfants.org\/es\/wp-json\/wp\/v2\/media\/3420"}],"wp:attachment":[{"href":"https:\/\/www.casaldelsinfants.org\/es\/wp-json\/wp\/v2\/media?parent=4463"}],"wp:term":[{"taxonomy":"category","embeddable":true,"href":"https:\/\/www.casaldelsinfants.org\/es\/wp-json\/wp\/v2\/categories?post=4463"},{"taxonomy":"post_tag","embeddable":true,"href":"https:\/\/www.casaldelsinfants.org\/es\/wp-json\/wp\/v2\/tags?post=4463"},{"taxonomy":"seus","embeddable":true,"href":"https:\/\/www.casaldelsinfants.org\/es\/wp-json\/wp\/v2\/seus?post=4463"},{"taxonomy":"eixos","embeddable":true,"href":"https:\/\/www.casaldelsinfants.org\/es\/wp-json\/wp\/v2\/eixos?post=4463"}],"curies":[{"name":"wp","href":"https:\/\/api.w.org\/{rel}","templated":true}]}}