{"id":4464,"date":"2018-11-25T17:19:32","date_gmt":"2018-11-25T15:19:32","guid":{"rendered":"https:\/\/casal.puntzero.cat\/noticies\/reivindiquem-ser-joves-amb-drets-i-sense-por\/"},"modified":"2023-04-04T13:28:52","modified_gmt":"2023-04-04T11:28:52","slug":"reivindiquem-ser-joves-amb-drets-i-sense-por","status":"publish","type":"post","link":"https:\/\/www.casaldelsinfants.org\/es\/actualidad\/reivindicamos-ser-jovenes-con-derechos-y-sin-miedo\/","title":{"rendered":"Reivindicamos ser j\u00f3venes con derechos y sin miedo"},"content":{"rendered":"<p><span style=\"color: #000000;\">En el Casal dels Infants participamos en la concentraci\u00f3n contra las violencias machistas, el racismo y la estigmatizaci\u00f3n de la juventud que se realiz\u00f3 frente al ayuntamiento de Santa Coloma de Gramenet el martes 13 de noviembre, con la participaci\u00f3n de m\u00e1s de 500 vecinos y vecinas.<\/span><\/p>\n<p><span style=\"color: #000000;\">El acto se convoc\u00f3 para condenar la agresi\u00f3n machista contra una chica y el apu\u00f1alamiento de un chico perpetrados por un grupo de j\u00f3venes el 11 de noviembre en la estaci\u00f3n de metro de Can Peixauet. As\u00ed mismo, tambi\u00e9n quiso rechazar los mensajes estigmatizadores del colectivo de menores y j\u00f3venes extranjeros no acompa\u00f1ados que se est\u00e1n difundiendo en las \u00faltimas semanas y que han aumentado a ra\u00edz de esta agresi\u00f3n.<\/span><\/p>\n<p><span style=\"color: #000000;\">En el acto intervino la directora del Casal dels Infants en Santa Coloma de Gramenet, Bea S\u00e1nchez, para leer un posicionamiento de los j\u00f3venes que participan en el Casal:<\/span><\/p>\n<blockquote>\n<p class=\"text-align-justify\">Los y las j\u00f3venes de Santa Coloma queremos construir barrios amables, donde viv\u00edamos bien, seguras, donde nos sintamos en casa. Es necesario, entre todos y todas, garantizarlo y no tolerar ninguna violencia hacia nadie. En ninguna parte, nunca m\u00e1s. No queremos tener miedo.<\/p>\n<p class=\"text-align-justify\"><em>Condenamos y rechazamos las agresiones que vivimos el s\u00e1bado. Porque todos y todas somos v\u00edctimas, especialmente las chicas.<\/em><\/p>\n<p class=\"text-align-justify\"><i>La violencia machista no la representa ning\u00fan colectivo, sino que amenaza transversalmente a toda la sociedad. Dediqu\u00e9monos a combatirla y no a estigmatizar a colectivos en situaci\u00f3n de vulnerabilidad, como los miles de menores y j\u00f3venes no acompa\u00f1ados. J\u00f3venes que llegan en buscando una oportunidad mejor y que sufren graves vulneraciones de sus derechos.<\/i><\/p>\n<p class=\"text-align-justify\"><em>Acabemos con las violencias machistas. Hagamos valer todos nuestros derechos. Compromet\u00e1monos a construir ciudades m\u00e1s solidarias y humanas.<\/em><\/p>\n<p class=\"text-align-justify\">\n<\/blockquote>\n<figure class=\"align-center\" role=\"group\"><img decoding=\"async\" src=\"\/wp-content\/uploads\/concentracio-santaco-1.webp\" alt=\"La Bea S\u00e1nchez llegint el posicionament dels joves durant la concentraci\u00f3\" width=\"480\" height=\"270\" data-entity-type=\"file\" data-entity-uuid=\"af66c3de-6e72-43b0-8bd9-1e119915dfee\" data-image-style=\"large\" \/><figcaption>Bea S\u00e1nchez leyendo el posicionamiento de los j\u00f3venes durante la concentraci\u00f3n<\/figcaption><\/figure>\n<p><span style=\"color: #000000;\">El d\u00eda antes, los chicos y chicas del Casal Obert Adolescent (COA) de Santa Coloma reflexionaron acerca de la agresi\u00f3n del 11 de noviembre y los discursos estigmatizadores, y crearon una pancarta con el mensaje: \u00abReivindicamos ser j\u00f3venes con derechos y sin miedo\u00bb.<\/span><\/p>\n","protected":false},"excerpt":{"rendered":"<p>En el Casal dels Infants participamos en la concentraci\u00f3n contra las violencias machistas, el racismo y la estigmatizaci\u00f3n de la juventud que se realiz\u00f3 frente al ayuntamiento de Santa Coloma de Gramenet el martes 13 de noviembre, con la participaci\u00f3n de m\u00e1s de 500 vecinos y vecinas. El acto se convoc\u00f3 para condenar la agresi\u00f3n [&hellip;]<\/p>\n","protected":false},"author":1,"featured_media":3423,"comment_status":"open","ping_status":"open","sticky":false,"template":"","format":"standard","meta":{"_acf_changed":false,"_et_pb_use_builder":"","_et_pb_old_content":"","_et_gb_content_width":"","inline_featured_image":false,"footnotes":""},"categories":[125],"tags":[],"seus":[],"eixos":[],"class_list":["post-4464","post","type-post","status-publish","format-standard","has-post-thumbnail","hentry","category-noticias"],"acf":[],"yoast_head":"<!-- This site is optimized with the Yoast SEO plugin v27.4 - https:\/\/yoast.com\/product\/yoast-seo-wordpress\/ -->\n<title>Reivindicamos ser j\u00f3venes con derechos y sin miedo - Casal dels Infants<\/title>\n<meta name=\"robots\" content=\"index, follow, max-snippet:-1, max-image-preview:large, max-video-preview:-1\" \/>\n<link rel=\"canonical\" href=\"https:\/\/www.casaldelsinfants.org\/es\/actualidad\/reivindicamos-ser-jovenes-con-derechos-y-sin-miedo\/\" \/>\n<meta property=\"og:locale\" content=\"es_ES\" \/>\n<meta property=\"og:type\" content=\"article\" \/>\n<meta property=\"og:title\" content=\"Reivindicamos ser j\u00f3venes con derechos y sin miedo - Casal dels Infants\" \/>\n<meta property=\"og:description\" content=\"En el Casal dels Infants participamos en la concentraci\u00f3n contra las violencias machistas, el racismo y la estigmatizaci\u00f3n de la juventud que se realiz\u00f3 frente al ayuntamiento de Santa Coloma de Gramenet el martes 13 de noviembre, con la participaci\u00f3n de m\u00e1s de 500 vecinos y vecinas. El acto se convoc\u00f3 para condenar la agresi\u00f3n [&hellip;]\" \/>\n<meta property=\"og:url\" content=\"https:\/\/www.casaldelsinfants.org\/es\/actualidad\/reivindicamos-ser-jovenes-con-derechos-y-sin-miedo\/\" \/>\n<meta property=\"og:site_name\" content=\"Casal dels Infants\" \/>\n<meta property=\"article:publisher\" content=\"https:\/\/www.facebook.com\/casalinfants\" \/>\n<meta property=\"article:published_time\" content=\"2018-11-25T15:19:32+00:00\" \/>\n<meta property=\"article:modified_time\" content=\"2023-04-04T11:28:52+00:00\" \/>\n<meta property=\"og:image\" content=\"https:\/\/www.casaldelsinfants.org\/wp-content\/uploads\/concentracio_santaco_2.jpg\" \/>\n\t<meta property=\"og:image:width\" content=\"960\" \/>\n\t<meta property=\"og:image:height\" content=\"720\" \/>\n\t<meta property=\"og:image:type\" content=\"image\/jpeg\" \/>\n<meta name=\"author\" content=\"cdiAdmin\" \/>\n<meta name=\"twitter:card\" content=\"summary_large_image\" \/>\n<meta name=\"twitter:creator\" content=\"@casalinfants\" \/>\n<meta name=\"twitter:site\" content=\"@casalinfants\" \/>\n<meta name=\"twitter:label1\" content=\"Escrito por\" \/>\n\t<meta name=\"twitter:data1\" content=\"cdiAdmin\" \/>\n\t<meta name=\"twitter:label2\" content=\"Tiempo de lectura\" \/>\n\t<meta name=\"twitter:data2\" content=\"3 minutos\" \/>\n<script type=\"application\/ld+json\" class=\"yoast-schema-graph\">{\"@context\":\"https:\\\/\\\/schema.org\",\"@graph\":[{\"@type\":\"Article\",\"@id\":\"https:\\\/\\\/www.casaldelsinfants.org\\\/es\\\/actualidad\\\/reivindicamos-ser-jovenes-con-derechos-y-sin-miedo\\\/#article\",\"isPartOf\":{\"@id\":\"https:\\\/\\\/www.casaldelsinfants.org\\\/es\\\/actualidad\\\/reivindicamos-ser-jovenes-con-derechos-y-sin-miedo\\\/\"},\"author\":{\"name\":\"cdiAdmin\",\"@id\":\"https:\\\/\\\/www.casaldelsinfants.org\\\/es\\\/#\\\/schema\\\/person\\\/97707fc8c64900cf36891127dbf9fba8\"},\"headline\":\"Reivindicamos ser j\u00f3venes con derechos y sin miedo\",\"datePublished\":\"2018-11-25T15:19:32+00:00\",\"dateModified\":\"2023-04-04T11:28:52+00:00\",\"mainEntityOfPage\":{\"@id\":\"https:\\\/\\\/www.casaldelsinfants.org\\\/es\\\/actualidad\\\/reivindicamos-ser-jovenes-con-derechos-y-sin-miedo\\\/\"},\"wordCount\":373,\"commentCount\":0,\"publisher\":{\"@id\":\"https:\\\/\\\/www.casaldelsinfants.org\\\/es\\\/#organization\"},\"image\":{\"@id\":\"https:\\\/\\\/www.casaldelsinfants.org\\\/es\\\/actualidad\\\/reivindicamos-ser-jovenes-con-derechos-y-sin-miedo\\\/#primaryimage\"},\"thumbnailUrl\":\"https:\\\/\\\/www.casaldelsinfants.org\\\/wp-content\\\/uploads\\\/concentracio_santaco_2.jpg\",\"articleSection\":[\"Noticia\"],\"inLanguage\":\"es\",\"potentialAction\":[{\"@type\":\"CommentAction\",\"name\":\"Comment\",\"target\":[\"https:\\\/\\\/www.casaldelsinfants.org\\\/es\\\/actualidad\\\/reivindicamos-ser-jovenes-con-derechos-y-sin-miedo\\\/#respond\"]}]},{\"@type\":\"WebPage\",\"@id\":\"https:\\\/\\\/www.casaldelsinfants.org\\\/es\\\/actualidad\\\/reivindicamos-ser-jovenes-con-derechos-y-sin-miedo\\\/\",\"url\":\"https:\\\/\\\/www.casaldelsinfants.org\\\/es\\\/actualidad\\\/reivindicamos-ser-jovenes-con-derechos-y-sin-miedo\\\/\",\"name\":\"Reivindicamos ser j\u00f3venes con derechos y sin miedo - Casal dels Infants\",\"isPartOf\":{\"@id\":\"https:\\\/\\\/www.casaldelsinfants.org\\\/es\\\/#website\"},\"primaryImageOfPage\":{\"@id\":\"https:\\\/\\\/www.casaldelsinfants.org\\\/es\\\/actualidad\\\/reivindicamos-ser-jovenes-con-derechos-y-sin-miedo\\\/#primaryimage\"},\"image\":{\"@id\":\"https:\\\/\\\/www.casaldelsinfants.org\\\/es\\\/actualidad\\\/reivindicamos-ser-jovenes-con-derechos-y-sin-miedo\\\/#primaryimage\"},\"thumbnailUrl\":\"https:\\\/\\\/www.casaldelsinfants.org\\\/wp-content\\\/uploads\\\/concentracio_santaco_2.jpg\",\"datePublished\":\"2018-11-25T15:19:32+00:00\",\"dateModified\":\"2023-04-04T11:28:52+00:00\",\"breadcrumb\":{\"@id\":\"https:\\\/\\\/www.casaldelsinfants.org\\\/es\\\/actualidad\\\/reivindicamos-ser-jovenes-con-derechos-y-sin-miedo\\\/#breadcrumb\"},\"inLanguage\":\"es\",\"potentialAction\":[{\"@type\":\"ReadAction\",\"target\":[\"https:\\\/\\\/www.casaldelsinfants.org\\\/es\\\/actualidad\\\/reivindicamos-ser-jovenes-con-derechos-y-sin-miedo\\\/\"]}]},{\"@type\":\"ImageObject\",\"inLanguage\":\"es\",\"@id\":\"https:\\\/\\\/www.casaldelsinfants.org\\\/es\\\/actualidad\\\/reivindicamos-ser-jovenes-con-derechos-y-sin-miedo\\\/#primaryimage\",\"url\":\"https:\\\/\\\/www.casaldelsinfants.org\\\/wp-content\\\/uploads\\\/concentracio_santaco_2.jpg\",\"contentUrl\":\"https:\\\/\\\/www.casaldelsinfants.org\\\/wp-content\\\/uploads\\\/concentracio_santaco_2.jpg\",\"width\":960,\"height\":720,\"caption\":\"Cartell joves amb drets i sense por\"},{\"@type\":\"BreadcrumbList\",\"@id\":\"https:\\\/\\\/www.casaldelsinfants.org\\\/es\\\/actualidad\\\/reivindicamos-ser-jovenes-con-derechos-y-sin-miedo\\\/#breadcrumb\",\"itemListElement\":[{\"@type\":\"ListItem\",\"position\":1,\"name\":\"Inici\",\"item\":\"https:\\\/\\\/www.casaldelsinfants.org\\\/es\\\/\"},{\"@type\":\"ListItem\",\"position\":2,\"name\":\"Reivindicamos ser j\u00f3venes con derechos y sin miedo\"}]},{\"@type\":\"WebSite\",\"@id\":\"https:\\\/\\\/www.casaldelsinfants.org\\\/es\\\/#website\",\"url\":\"https:\\\/\\\/www.casaldelsinfants.org\\\/es\\\/\",\"name\":\"Casal dels Infants\",\"description\":\"\",\"publisher\":{\"@id\":\"https:\\\/\\\/www.casaldelsinfants.org\\\/es\\\/#organization\"},\"potentialAction\":[{\"@type\":\"SearchAction\",\"target\":{\"@type\":\"EntryPoint\",\"urlTemplate\":\"https:\\\/\\\/www.casaldelsinfants.org\\\/es\\\/?s={search_term_string}\"},\"query-input\":{\"@type\":\"PropertyValueSpecification\",\"valueRequired\":true,\"valueName\":\"search_term_string\"}}],\"inLanguage\":\"es\"},{\"@type\":\"Organization\",\"@id\":\"https:\\\/\\\/www.casaldelsinfants.org\\\/es\\\/#organization\",\"name\":\"Casal dels Infants\",\"url\":\"https:\\\/\\\/www.casaldelsinfants.org\\\/es\\\/\",\"logo\":{\"@type\":\"ImageObject\",\"inLanguage\":\"es\",\"@id\":\"https:\\\/\\\/www.casaldelsinfants.org\\\/es\\\/#\\\/schema\\\/logo\\\/image\\\/\",\"url\":\"https:\\\/\\\/www.casaldelsinfants.org\\\/wp-content\\\/uploads\\\/logo-mail.png\",\"contentUrl\":\"https:\\\/\\\/www.casaldelsinfants.org\\\/wp-content\\\/uploads\\\/logo-mail.png\",\"width\":380,\"height\":158,\"caption\":\"Casal dels Infants\"},\"image\":{\"@id\":\"https:\\\/\\\/www.casaldelsinfants.org\\\/es\\\/#\\\/schema\\\/logo\\\/image\\\/\"},\"sameAs\":[\"https:\\\/\\\/www.facebook.com\\\/casalinfants\",\"https:\\\/\\\/x.com\\\/casalinfants\",\"https:\\\/\\\/www.youtube.com\\\/user\\\/CasaldelsInfants1\",\"https:\\\/\\\/www.instagram.com\\\/casalinfants\\\/\",\"https:\\\/\\\/www.linkedin.com\\\/company\\\/casaldelsinfants?trk=organization-update_share-update_actor-text\"]},{\"@type\":\"Person\",\"@id\":\"https:\\\/\\\/www.casaldelsinfants.org\\\/es\\\/#\\\/schema\\\/person\\\/97707fc8c64900cf36891127dbf9fba8\",\"name\":\"cdiAdmin\",\"sameAs\":[\"https:\\\/\\\/casaldelsinfants.org\"]}]}<\/script>\n<!-- \/ Yoast SEO plugin. -->","yoast_head_json":{"title":"Reivindicamos ser j\u00f3venes con derechos y sin miedo - Casal dels Infants","robots":{"index":"index","follow":"follow","max-snippet":"max-snippet:-1","max-image-preview":"max-image-preview:large","max-video-preview":"max-video-preview:-1"},"canonical":"https:\/\/www.casaldelsinfants.org\/es\/actualidad\/reivindicamos-ser-jovenes-con-derechos-y-sin-miedo\/","og_locale":"es_ES","og_type":"article","og_title":"Reivindicamos ser j\u00f3venes con derechos y sin miedo - Casal dels Infants","og_description":"En el Casal dels Infants participamos en la concentraci\u00f3n contra las violencias machistas, el racismo y la estigmatizaci\u00f3n de la juventud que se realiz\u00f3 frente al ayuntamiento de Santa Coloma de Gramenet el martes 13 de noviembre, con la participaci\u00f3n de m\u00e1s de 500 vecinos y vecinas. El acto se convoc\u00f3 para condenar la agresi\u00f3n [&hellip;]","og_url":"https:\/\/www.casaldelsinfants.org\/es\/actualidad\/reivindicamos-ser-jovenes-con-derechos-y-sin-miedo\/","og_site_name":"Casal dels Infants","article_publisher":"https:\/\/www.facebook.com\/casalinfants","article_published_time":"2018-11-25T15:19:32+00:00","article_modified_time":"2023-04-04T11:28:52+00:00","og_image":[{"width":960,"height":720,"url":"https:\/\/www.casaldelsinfants.org\/wp-content\/uploads\/concentracio_santaco_2.jpg","type":"image\/jpeg"}],"author":"cdiAdmin","twitter_card":"summary_large_image","twitter_creator":"@casalinfants","twitter_site":"@casalinfants","twitter_misc":{"Escrito por":"cdiAdmin","Tiempo de lectura":"3 minutos"},"schema":{"@context":"https:\/\/schema.org","@graph":[{"@type":"Article","@id":"https:\/\/www.casaldelsinfants.org\/es\/actualidad\/reivindicamos-ser-jovenes-con-derechos-y-sin-miedo\/#article","isPartOf":{"@id":"https:\/\/www.casaldelsinfants.org\/es\/actualidad\/reivindicamos-ser-jovenes-con-derechos-y-sin-miedo\/"},"author":{"name":"cdiAdmin","@id":"https:\/\/www.casaldelsinfants.org\/es\/#\/schema\/person\/97707fc8c64900cf36891127dbf9fba8"},"headline":"Reivindicamos ser j\u00f3venes con derechos y sin miedo","datePublished":"2018-11-25T15:19:32+00:00","dateModified":"2023-04-04T11:28:52+00:00","mainEntityOfPage":{"@id":"https:\/\/www.casaldelsinfants.org\/es\/actualidad\/reivindicamos-ser-jovenes-con-derechos-y-sin-miedo\/"},"wordCount":373,"commentCount":0,"publisher":{"@id":"https:\/\/www.casaldelsinfants.org\/es\/#organization"},"image":{"@id":"https:\/\/www.casaldelsinfants.org\/es\/actualidad\/reivindicamos-ser-jovenes-con-derechos-y-sin-miedo\/#primaryimage"},"thumbnailUrl":"https:\/\/www.casaldelsinfants.org\/wp-content\/uploads\/concentracio_santaco_2.jpg","articleSection":["Noticia"],"inLanguage":"es","potentialAction":[{"@type":"CommentAction","name":"Comment","target":["https:\/\/www.casaldelsinfants.org\/es\/actualidad\/reivindicamos-ser-jovenes-con-derechos-y-sin-miedo\/#respond"]}]},{"@type":"WebPage","@id":"https:\/\/www.casaldelsinfants.org\/es\/actualidad\/reivindicamos-ser-jovenes-con-derechos-y-sin-miedo\/","url":"https:\/\/www.casaldelsinfants.org\/es\/actualidad\/reivindicamos-ser-jovenes-con-derechos-y-sin-miedo\/","name":"Reivindicamos ser j\u00f3venes con derechos y sin miedo - Casal dels Infants","isPartOf":{"@id":"https:\/\/www.casaldelsinfants.org\/es\/#website"},"primaryImageOfPage":{"@id":"https:\/\/www.casaldelsinfants.org\/es\/actualidad\/reivindicamos-ser-jovenes-con-derechos-y-sin-miedo\/#primaryimage"},"image":{"@id":"https:\/\/www.casaldelsinfants.org\/es\/actualidad\/reivindicamos-ser-jovenes-con-derechos-y-sin-miedo\/#primaryimage"},"thumbnailUrl":"https:\/\/www.casaldelsinfants.org\/wp-content\/uploads\/concentracio_santaco_2.jpg","datePublished":"2018-11-25T15:19:32+00:00","dateModified":"2023-04-04T11:28:52+00:00","breadcrumb":{"@id":"https:\/\/www.casaldelsinfants.org\/es\/actualidad\/reivindicamos-ser-jovenes-con-derechos-y-sin-miedo\/#breadcrumb"},"inLanguage":"es","potentialAction":[{"@type":"ReadAction","target":["https:\/\/www.casaldelsinfants.org\/es\/actualidad\/reivindicamos-ser-jovenes-con-derechos-y-sin-miedo\/"]}]},{"@type":"ImageObject","inLanguage":"es","@id":"https:\/\/www.casaldelsinfants.org\/es\/actualidad\/reivindicamos-ser-jovenes-con-derechos-y-sin-miedo\/#primaryimage","url":"https:\/\/www.casaldelsinfants.org\/wp-content\/uploads\/concentracio_santaco_2.jpg","contentUrl":"https:\/\/www.casaldelsinfants.org\/wp-content\/uploads\/concentracio_santaco_2.jpg","width":960,"height":720,"caption":"Cartell joves amb drets i sense por"},{"@type":"BreadcrumbList","@id":"https:\/\/www.casaldelsinfants.org\/es\/actualidad\/reivindicamos-ser-jovenes-con-derechos-y-sin-miedo\/#breadcrumb","itemListElement":[{"@type":"ListItem","position":1,"name":"Inici","item":"https:\/\/www.casaldelsinfants.org\/es\/"},{"@type":"ListItem","position":2,"name":"Reivindicamos ser j\u00f3venes con derechos y sin miedo"}]},{"@type":"WebSite","@id":"https:\/\/www.casaldelsinfants.org\/es\/#website","url":"https:\/\/www.casaldelsinfants.org\/es\/","name":"Casal dels Infants","description":"","publisher":{"@id":"https:\/\/www.casaldelsinfants.org\/es\/#organization"},"potentialAction":[{"@type":"SearchAction","target":{"@type":"EntryPoint","urlTemplate":"https:\/\/www.casaldelsinfants.org\/es\/?s={search_term_string}"},"query-input":{"@type":"PropertyValueSpecification","valueRequired":true,"valueName":"search_term_string"}}],"inLanguage":"es"},{"@type":"Organization","@id":"https:\/\/www.casaldelsinfants.org\/es\/#organization","name":"Casal dels Infants","url":"https:\/\/www.casaldelsinfants.org\/es\/","logo":{"@type":"ImageObject","inLanguage":"es","@id":"https:\/\/www.casaldelsinfants.org\/es\/#\/schema\/logo\/image\/","url":"https:\/\/www.casaldelsinfants.org\/wp-content\/uploads\/logo-mail.png","contentUrl":"https:\/\/www.casaldelsinfants.org\/wp-content\/uploads\/logo-mail.png","width":380,"height":158,"caption":"Casal dels Infants"},"image":{"@id":"https:\/\/www.casaldelsinfants.org\/es\/#\/schema\/logo\/image\/"},"sameAs":["https:\/\/www.facebook.com\/casalinfants","https:\/\/x.com\/casalinfants","https:\/\/www.youtube.com\/user\/CasaldelsInfants1","https:\/\/www.instagram.com\/casalinfants\/","https:\/\/www.linkedin.com\/company\/casaldelsinfants?trk=organization-update_share-update_actor-text"]},{"@type":"Person","@id":"https:\/\/www.casaldelsinfants.org\/es\/#\/schema\/person\/97707fc8c64900cf36891127dbf9fba8","name":"cdiAdmin","sameAs":["https:\/\/casaldelsinfants.org"]}]}},"publishpress_future_action":{"enabled":false,"date":"2026-05-08 01:29:01","action":"change-status","newStatus":"draft","terms":[],"taxonomy":"category","extraData":[]},"publishpress_future_workflow_manual_trigger":{"enabledWorkflows":[]},"_links":{"self":[{"href":"https:\/\/www.casaldelsinfants.org\/es\/wp-json\/wp\/v2\/posts\/4464","targetHints":{"allow":["GET"]}}],"collection":[{"href":"https:\/\/www.casaldelsinfants.org\/es\/wp-json\/wp\/v2\/posts"}],"about":[{"href":"https:\/\/www.casaldelsinfants.org\/es\/wp-json\/wp\/v2\/types\/post"}],"author":[{"embeddable":true,"href":"https:\/\/www.casaldelsinfants.org\/es\/wp-json\/wp\/v2\/users\/1"}],"replies":[{"embeddable":true,"href":"https:\/\/www.casaldelsinfants.org\/es\/wp-json\/wp\/v2\/comments?post=4464"}],"version-history":[{"count":2,"href":"https:\/\/www.casaldelsinfants.org\/es\/wp-json\/wp\/v2\/posts\/4464\/revisions"}],"predecessor-version":[{"id":9598,"href":"https:\/\/www.casaldelsinfants.org\/es\/wp-json\/wp\/v2\/posts\/4464\/revisions\/9598"}],"wp:featuredmedia":[{"embeddable":true,"href":"https:\/\/www.casaldelsinfants.org\/es\/wp-json\/wp\/v2\/media\/3423"}],"wp:attachment":[{"href":"https:\/\/www.casaldelsinfants.org\/es\/wp-json\/wp\/v2\/media?parent=4464"}],"wp:term":[{"taxonomy":"category","embeddable":true,"href":"https:\/\/www.casaldelsinfants.org\/es\/wp-json\/wp\/v2\/categories?post=4464"},{"taxonomy":"post_tag","embeddable":true,"href":"https:\/\/www.casaldelsinfants.org\/es\/wp-json\/wp\/v2\/tags?post=4464"},{"taxonomy":"seus","embeddable":true,"href":"https:\/\/www.casaldelsinfants.org\/es\/wp-json\/wp\/v2\/seus?post=4464"},{"taxonomy":"eixos","embeddable":true,"href":"https:\/\/www.casaldelsinfants.org\/es\/wp-json\/wp\/v2\/eixos?post=4464"}],"curies":[{"name":"wp","href":"https:\/\/api.w.org\/{rel}","templated":true}]}}