{"id":4467,"date":"2018-11-24T18:40:09","date_gmt":"2018-11-24T16:40:09","guid":{"rendered":"https:\/\/casal.puntzero.cat\/noticies\/joves-del-casal-dels-infants-dissenyen-el-kit-nadalenc-duniqlo\/"},"modified":"2023-05-01T19:01:21","modified_gmt":"2023-05-01T17:01:21","slug":"joves-del-casal-dels-infants-dissenyen-el-kit-nadalenc-duniqlo","status":"publish","type":"post","link":"https:\/\/www.casaldelsinfants.org\/es\/actualidad\/jovenes-del-casal-dels-infants-disenan-el-kit-navideno-de-uniqlo\/","title":{"rendered":"J\u00f3venes del Casal dels Infants dise\u00f1an el kit navide\u00f1o de UNIQLO"},"content":{"rendered":"<p><span style=\"color:#000000;\">Un grupo de ocho j\u00f3venes del servicio Unitat d&#8217;Escolaritzaci\u00f3 Compartida (UEC) del Casal dels Infants ha dise\u00f1ado un kit de personalizaci\u00f3n de regalos para los clientes de la marca de moda japonesa UNIQLO.<\/span><\/p>\n<p><span style=\"color:#000000;\">El kit consiste en postales, tarjetas y una pieza creada con la t\u00e9cnica de papiroflexia japonesa origami, y los beneficios de la iniciativa se destinar\u00e1n \u00edntegramente al Casal dels Infants.<\/span><\/p>\n<p><span style=\"color:#000000;\">La Unitat d&#8217;Escolaritzaci\u00f3 Compartida act\u00faa en institutos del barrio del Raval para luchar contra el fracaso escolar y el rechazo a los estudios entre j\u00f3venes de 14 y 16 a\u00f1os con dificultades para adaptarse al proceso educativo durante la ESO.<\/span><\/p>\n","protected":false},"excerpt":{"rendered":"<p>Un grupo de ocho j\u00f3venes del servicio Unitat d&#8217;Escolaritzaci\u00f3 Compartida (UEC) del Casal dels Infants ha dise\u00f1ado un kit de personalizaci\u00f3n de regalos para los clientes de la marca de moda japonesa UNIQLO. El kit consiste en postales, tarjetas y una pieza creada con la t\u00e9cnica de papiroflexia japonesa origami, y los beneficios de la [&hellip;]<\/p>\n","protected":false},"author":1,"featured_media":3427,"comment_status":"open","ping_status":"open","sticky":false,"template":"","format":"standard","meta":{"_acf_changed":false,"_et_pb_use_builder":"","_et_pb_old_content":"","_et_gb_content_width":"","inline_featured_image":false,"footnotes":""},"categories":[125],"tags":[],"seus":[],"eixos":[],"class_list":["post-4467","post","type-post","status-publish","format-standard","has-post-thumbnail","hentry","category-noticias"],"acf":[],"yoast_head":"<!-- This site is optimized with the Yoast SEO plugin v27.4 - https:\/\/yoast.com\/product\/yoast-seo-wordpress\/ -->\n<title>J\u00f3venes del Casal dels Infants dise\u00f1an el kit navide\u00f1o de UNIQLO - Casal dels Infants<\/title>\n<meta name=\"robots\" content=\"index, follow, max-snippet:-1, max-image-preview:large, max-video-preview:-1\" \/>\n<link rel=\"canonical\" href=\"https:\/\/www.casaldelsinfants.org\/es\/actualidad\/jovenes-del-casal-dels-infants-disenan-el-kit-navideno-de-uniqlo\/\" \/>\n<meta property=\"og:locale\" content=\"es_ES\" \/>\n<meta property=\"og:type\" content=\"article\" \/>\n<meta property=\"og:title\" content=\"J\u00f3venes del Casal dels Infants dise\u00f1an el kit navide\u00f1o de UNIQLO - Casal dels Infants\" \/>\n<meta property=\"og:description\" content=\"Un grupo de ocho j\u00f3venes del servicio Unitat d&#8217;Escolaritzaci\u00f3 Compartida (UEC) del Casal dels Infants ha dise\u00f1ado un kit de personalizaci\u00f3n de regalos para los clientes de la marca de moda japonesa UNIQLO. El kit consiste en postales, tarjetas y una pieza creada con la t\u00e9cnica de papiroflexia japonesa origami, y los beneficios de la [&hellip;]\" \/>\n<meta property=\"og:url\" content=\"https:\/\/www.casaldelsinfants.org\/es\/actualidad\/jovenes-del-casal-dels-infants-disenan-el-kit-navideno-de-uniqlo\/\" \/>\n<meta property=\"og:site_name\" content=\"Casal dels Infants\" \/>\n<meta property=\"article:publisher\" content=\"https:\/\/www.facebook.com\/casalinfants\" \/>\n<meta property=\"article:published_time\" content=\"2018-11-24T16:40:09+00:00\" \/>\n<meta property=\"article:modified_time\" content=\"2023-05-01T17:01:21+00:00\" \/>\n<meta property=\"og:image\" content=\"https:\/\/www.casaldelsinfants.org\/wp-content\/uploads\/8.png\" \/>\n\t<meta property=\"og:image:width\" content=\"800\" \/>\n\t<meta property=\"og:image:height\" content=\"601\" \/>\n\t<meta property=\"og:image:type\" content=\"image\/png\" \/>\n<meta name=\"author\" content=\"cdiAdmin\" \/>\n<meta name=\"twitter:card\" content=\"summary_large_image\" \/>\n<meta name=\"twitter:creator\" content=\"@casalinfants\" \/>\n<meta name=\"twitter:site\" content=\"@casalinfants\" \/>\n<meta name=\"twitter:label1\" content=\"Escrito por\" \/>\n\t<meta name=\"twitter:data1\" content=\"cdiAdmin\" \/>\n\t<meta name=\"twitter:label2\" content=\"Tiempo de lectura\" \/>\n\t<meta name=\"twitter:data2\" content=\"1 minuto\" \/>\n<script type=\"application\/ld+json\" class=\"yoast-schema-graph\">{\"@context\":\"https:\\\/\\\/schema.org\",\"@graph\":[{\"@type\":\"Article\",\"@id\":\"https:\\\/\\\/www.casaldelsinfants.org\\\/es\\\/actualidad\\\/jovenes-del-casal-dels-infants-disenan-el-kit-navideno-de-uniqlo\\\/#article\",\"isPartOf\":{\"@id\":\"https:\\\/\\\/www.casaldelsinfants.org\\\/es\\\/actualidad\\\/jovenes-del-casal-dels-infants-disenan-el-kit-navideno-de-uniqlo\\\/\"},\"author\":{\"name\":\"cdiAdmin\",\"@id\":\"https:\\\/\\\/www.casaldelsinfants.org\\\/es\\\/#\\\/schema\\\/person\\\/97707fc8c64900cf36891127dbf9fba8\"},\"headline\":\"J\u00f3venes del Casal dels Infants dise\u00f1an el kit navide\u00f1o de UNIQLO\",\"datePublished\":\"2018-11-24T16:40:09+00:00\",\"dateModified\":\"2023-05-01T17:01:21+00:00\",\"mainEntityOfPage\":{\"@id\":\"https:\\\/\\\/www.casaldelsinfants.org\\\/es\\\/actualidad\\\/jovenes-del-casal-dels-infants-disenan-el-kit-navideno-de-uniqlo\\\/\"},\"wordCount\":125,\"commentCount\":0,\"publisher\":{\"@id\":\"https:\\\/\\\/www.casaldelsinfants.org\\\/es\\\/#organization\"},\"image\":{\"@id\":\"https:\\\/\\\/www.casaldelsinfants.org\\\/es\\\/actualidad\\\/jovenes-del-casal-dels-infants-disenan-el-kit-navideno-de-uniqlo\\\/#primaryimage\"},\"thumbnailUrl\":\"https:\\\/\\\/www.casaldelsinfants.org\\\/wp-content\\\/uploads\\\/8.png\",\"articleSection\":[\"Noticia\"],\"inLanguage\":\"es\",\"potentialAction\":[{\"@type\":\"CommentAction\",\"name\":\"Comment\",\"target\":[\"https:\\\/\\\/www.casaldelsinfants.org\\\/es\\\/actualidad\\\/jovenes-del-casal-dels-infants-disenan-el-kit-navideno-de-uniqlo\\\/#respond\"]}]},{\"@type\":\"WebPage\",\"@id\":\"https:\\\/\\\/www.casaldelsinfants.org\\\/es\\\/actualidad\\\/jovenes-del-casal-dels-infants-disenan-el-kit-navideno-de-uniqlo\\\/\",\"url\":\"https:\\\/\\\/www.casaldelsinfants.org\\\/es\\\/actualidad\\\/jovenes-del-casal-dels-infants-disenan-el-kit-navideno-de-uniqlo\\\/\",\"name\":\"J\u00f3venes del Casal dels Infants dise\u00f1an el kit navide\u00f1o de UNIQLO - Casal dels Infants\",\"isPartOf\":{\"@id\":\"https:\\\/\\\/www.casaldelsinfants.org\\\/es\\\/#website\"},\"primaryImageOfPage\":{\"@id\":\"https:\\\/\\\/www.casaldelsinfants.org\\\/es\\\/actualidad\\\/jovenes-del-casal-dels-infants-disenan-el-kit-navideno-de-uniqlo\\\/#primaryimage\"},\"image\":{\"@id\":\"https:\\\/\\\/www.casaldelsinfants.org\\\/es\\\/actualidad\\\/jovenes-del-casal-dels-infants-disenan-el-kit-navideno-de-uniqlo\\\/#primaryimage\"},\"thumbnailUrl\":\"https:\\\/\\\/www.casaldelsinfants.org\\\/wp-content\\\/uploads\\\/8.png\",\"datePublished\":\"2018-11-24T16:40:09+00:00\",\"dateModified\":\"2023-05-01T17:01:21+00:00\",\"breadcrumb\":{\"@id\":\"https:\\\/\\\/www.casaldelsinfants.org\\\/es\\\/actualidad\\\/jovenes-del-casal-dels-infants-disenan-el-kit-navideno-de-uniqlo\\\/#breadcrumb\"},\"inLanguage\":\"es\",\"potentialAction\":[{\"@type\":\"ReadAction\",\"target\":[\"https:\\\/\\\/www.casaldelsinfants.org\\\/es\\\/actualidad\\\/jovenes-del-casal-dels-infants-disenan-el-kit-navideno-de-uniqlo\\\/\"]}]},{\"@type\":\"ImageObject\",\"inLanguage\":\"es\",\"@id\":\"https:\\\/\\\/www.casaldelsinfants.org\\\/es\\\/actualidad\\\/jovenes-del-casal-dels-infants-disenan-el-kit-navideno-de-uniqlo\\\/#primaryimage\",\"url\":\"https:\\\/\\\/www.casaldelsinfants.org\\\/wp-content\\\/uploads\\\/8.png\",\"contentUrl\":\"https:\\\/\\\/www.casaldelsinfants.org\\\/wp-content\\\/uploads\\\/8.png\",\"width\":800,\"height\":601,\"caption\":\"Dos nois retallen papers per a decorar i somriuen en una sala del Casal.\"},{\"@type\":\"BreadcrumbList\",\"@id\":\"https:\\\/\\\/www.casaldelsinfants.org\\\/es\\\/actualidad\\\/jovenes-del-casal-dels-infants-disenan-el-kit-navideno-de-uniqlo\\\/#breadcrumb\",\"itemListElement\":[{\"@type\":\"ListItem\",\"position\":1,\"name\":\"Inici\",\"item\":\"https:\\\/\\\/www.casaldelsinfants.org\\\/es\\\/\"},{\"@type\":\"ListItem\",\"position\":2,\"name\":\"J\u00f3venes del Casal dels Infants dise\u00f1an el kit navide\u00f1o de UNIQLO\"}]},{\"@type\":\"WebSite\",\"@id\":\"https:\\\/\\\/www.casaldelsinfants.org\\\/es\\\/#website\",\"url\":\"https:\\\/\\\/www.casaldelsinfants.org\\\/es\\\/\",\"name\":\"Casal dels Infants\",\"description\":\"\",\"publisher\":{\"@id\":\"https:\\\/\\\/www.casaldelsinfants.org\\\/es\\\/#organization\"},\"potentialAction\":[{\"@type\":\"SearchAction\",\"target\":{\"@type\":\"EntryPoint\",\"urlTemplate\":\"https:\\\/\\\/www.casaldelsinfants.org\\\/es\\\/?s={search_term_string}\"},\"query-input\":{\"@type\":\"PropertyValueSpecification\",\"valueRequired\":true,\"valueName\":\"search_term_string\"}}],\"inLanguage\":\"es\"},{\"@type\":\"Organization\",\"@id\":\"https:\\\/\\\/www.casaldelsinfants.org\\\/es\\\/#organization\",\"name\":\"Casal dels Infants\",\"url\":\"https:\\\/\\\/www.casaldelsinfants.org\\\/es\\\/\",\"logo\":{\"@type\":\"ImageObject\",\"inLanguage\":\"es\",\"@id\":\"https:\\\/\\\/www.casaldelsinfants.org\\\/es\\\/#\\\/schema\\\/logo\\\/image\\\/\",\"url\":\"https:\\\/\\\/www.casaldelsinfants.org\\\/wp-content\\\/uploads\\\/logo-mail.png\",\"contentUrl\":\"https:\\\/\\\/www.casaldelsinfants.org\\\/wp-content\\\/uploads\\\/logo-mail.png\",\"width\":380,\"height\":158,\"caption\":\"Casal dels Infants\"},\"image\":{\"@id\":\"https:\\\/\\\/www.casaldelsinfants.org\\\/es\\\/#\\\/schema\\\/logo\\\/image\\\/\"},\"sameAs\":[\"https:\\\/\\\/www.facebook.com\\\/casalinfants\",\"https:\\\/\\\/x.com\\\/casalinfants\",\"https:\\\/\\\/www.youtube.com\\\/user\\\/CasaldelsInfants1\",\"https:\\\/\\\/www.instagram.com\\\/casalinfants\\\/\",\"https:\\\/\\\/www.linkedin.com\\\/company\\\/casaldelsinfants?trk=organization-update_share-update_actor-text\"]},{\"@type\":\"Person\",\"@id\":\"https:\\\/\\\/www.casaldelsinfants.org\\\/es\\\/#\\\/schema\\\/person\\\/97707fc8c64900cf36891127dbf9fba8\",\"name\":\"cdiAdmin\",\"sameAs\":[\"https:\\\/\\\/casaldelsinfants.org\"]}]}<\/script>\n<!-- \/ Yoast SEO plugin. -->","yoast_head_json":{"title":"J\u00f3venes del Casal dels Infants dise\u00f1an el kit navide\u00f1o de UNIQLO - Casal dels Infants","robots":{"index":"index","follow":"follow","max-snippet":"max-snippet:-1","max-image-preview":"max-image-preview:large","max-video-preview":"max-video-preview:-1"},"canonical":"https:\/\/www.casaldelsinfants.org\/es\/actualidad\/jovenes-del-casal-dels-infants-disenan-el-kit-navideno-de-uniqlo\/","og_locale":"es_ES","og_type":"article","og_title":"J\u00f3venes del Casal dels Infants dise\u00f1an el kit navide\u00f1o de UNIQLO - Casal dels Infants","og_description":"Un grupo de ocho j\u00f3venes del servicio Unitat d&#8217;Escolaritzaci\u00f3 Compartida (UEC) del Casal dels Infants ha dise\u00f1ado un kit de personalizaci\u00f3n de regalos para los clientes de la marca de moda japonesa UNIQLO. El kit consiste en postales, tarjetas y una pieza creada con la t\u00e9cnica de papiroflexia japonesa origami, y los beneficios de la [&hellip;]","og_url":"https:\/\/www.casaldelsinfants.org\/es\/actualidad\/jovenes-del-casal-dels-infants-disenan-el-kit-navideno-de-uniqlo\/","og_site_name":"Casal dels Infants","article_publisher":"https:\/\/www.facebook.com\/casalinfants","article_published_time":"2018-11-24T16:40:09+00:00","article_modified_time":"2023-05-01T17:01:21+00:00","og_image":[{"width":800,"height":601,"url":"https:\/\/www.casaldelsinfants.org\/wp-content\/uploads\/8.png","type":"image\/png"}],"author":"cdiAdmin","twitter_card":"summary_large_image","twitter_creator":"@casalinfants","twitter_site":"@casalinfants","twitter_misc":{"Escrito por":"cdiAdmin","Tiempo de lectura":"1 minuto"},"schema":{"@context":"https:\/\/schema.org","@graph":[{"@type":"Article","@id":"https:\/\/www.casaldelsinfants.org\/es\/actualidad\/jovenes-del-casal-dels-infants-disenan-el-kit-navideno-de-uniqlo\/#article","isPartOf":{"@id":"https:\/\/www.casaldelsinfants.org\/es\/actualidad\/jovenes-del-casal-dels-infants-disenan-el-kit-navideno-de-uniqlo\/"},"author":{"name":"cdiAdmin","@id":"https:\/\/www.casaldelsinfants.org\/es\/#\/schema\/person\/97707fc8c64900cf36891127dbf9fba8"},"headline":"J\u00f3venes del Casal dels Infants dise\u00f1an el kit navide\u00f1o de UNIQLO","datePublished":"2018-11-24T16:40:09+00:00","dateModified":"2023-05-01T17:01:21+00:00","mainEntityOfPage":{"@id":"https:\/\/www.casaldelsinfants.org\/es\/actualidad\/jovenes-del-casal-dels-infants-disenan-el-kit-navideno-de-uniqlo\/"},"wordCount":125,"commentCount":0,"publisher":{"@id":"https:\/\/www.casaldelsinfants.org\/es\/#organization"},"image":{"@id":"https:\/\/www.casaldelsinfants.org\/es\/actualidad\/jovenes-del-casal-dels-infants-disenan-el-kit-navideno-de-uniqlo\/#primaryimage"},"thumbnailUrl":"https:\/\/www.casaldelsinfants.org\/wp-content\/uploads\/8.png","articleSection":["Noticia"],"inLanguage":"es","potentialAction":[{"@type":"CommentAction","name":"Comment","target":["https:\/\/www.casaldelsinfants.org\/es\/actualidad\/jovenes-del-casal-dels-infants-disenan-el-kit-navideno-de-uniqlo\/#respond"]}]},{"@type":"WebPage","@id":"https:\/\/www.casaldelsinfants.org\/es\/actualidad\/jovenes-del-casal-dels-infants-disenan-el-kit-navideno-de-uniqlo\/","url":"https:\/\/www.casaldelsinfants.org\/es\/actualidad\/jovenes-del-casal-dels-infants-disenan-el-kit-navideno-de-uniqlo\/","name":"J\u00f3venes del Casal dels Infants dise\u00f1an el kit navide\u00f1o de UNIQLO - Casal dels Infants","isPartOf":{"@id":"https:\/\/www.casaldelsinfants.org\/es\/#website"},"primaryImageOfPage":{"@id":"https:\/\/www.casaldelsinfants.org\/es\/actualidad\/jovenes-del-casal-dels-infants-disenan-el-kit-navideno-de-uniqlo\/#primaryimage"},"image":{"@id":"https:\/\/www.casaldelsinfants.org\/es\/actualidad\/jovenes-del-casal-dels-infants-disenan-el-kit-navideno-de-uniqlo\/#primaryimage"},"thumbnailUrl":"https:\/\/www.casaldelsinfants.org\/wp-content\/uploads\/8.png","datePublished":"2018-11-24T16:40:09+00:00","dateModified":"2023-05-01T17:01:21+00:00","breadcrumb":{"@id":"https:\/\/www.casaldelsinfants.org\/es\/actualidad\/jovenes-del-casal-dels-infants-disenan-el-kit-navideno-de-uniqlo\/#breadcrumb"},"inLanguage":"es","potentialAction":[{"@type":"ReadAction","target":["https:\/\/www.casaldelsinfants.org\/es\/actualidad\/jovenes-del-casal-dels-infants-disenan-el-kit-navideno-de-uniqlo\/"]}]},{"@type":"ImageObject","inLanguage":"es","@id":"https:\/\/www.casaldelsinfants.org\/es\/actualidad\/jovenes-del-casal-dels-infants-disenan-el-kit-navideno-de-uniqlo\/#primaryimage","url":"https:\/\/www.casaldelsinfants.org\/wp-content\/uploads\/8.png","contentUrl":"https:\/\/www.casaldelsinfants.org\/wp-content\/uploads\/8.png","width":800,"height":601,"caption":"Dos nois retallen papers per a decorar i somriuen en una sala del Casal."},{"@type":"BreadcrumbList","@id":"https:\/\/www.casaldelsinfants.org\/es\/actualidad\/jovenes-del-casal-dels-infants-disenan-el-kit-navideno-de-uniqlo\/#breadcrumb","itemListElement":[{"@type":"ListItem","position":1,"name":"Inici","item":"https:\/\/www.casaldelsinfants.org\/es\/"},{"@type":"ListItem","position":2,"name":"J\u00f3venes del Casal dels Infants dise\u00f1an el kit navide\u00f1o de UNIQLO"}]},{"@type":"WebSite","@id":"https:\/\/www.casaldelsinfants.org\/es\/#website","url":"https:\/\/www.casaldelsinfants.org\/es\/","name":"Casal dels Infants","description":"","publisher":{"@id":"https:\/\/www.casaldelsinfants.org\/es\/#organization"},"potentialAction":[{"@type":"SearchAction","target":{"@type":"EntryPoint","urlTemplate":"https:\/\/www.casaldelsinfants.org\/es\/?s={search_term_string}"},"query-input":{"@type":"PropertyValueSpecification","valueRequired":true,"valueName":"search_term_string"}}],"inLanguage":"es"},{"@type":"Organization","@id":"https:\/\/www.casaldelsinfants.org\/es\/#organization","name":"Casal dels Infants","url":"https:\/\/www.casaldelsinfants.org\/es\/","logo":{"@type":"ImageObject","inLanguage":"es","@id":"https:\/\/www.casaldelsinfants.org\/es\/#\/schema\/logo\/image\/","url":"https:\/\/www.casaldelsinfants.org\/wp-content\/uploads\/logo-mail.png","contentUrl":"https:\/\/www.casaldelsinfants.org\/wp-content\/uploads\/logo-mail.png","width":380,"height":158,"caption":"Casal dels Infants"},"image":{"@id":"https:\/\/www.casaldelsinfants.org\/es\/#\/schema\/logo\/image\/"},"sameAs":["https:\/\/www.facebook.com\/casalinfants","https:\/\/x.com\/casalinfants","https:\/\/www.youtube.com\/user\/CasaldelsInfants1","https:\/\/www.instagram.com\/casalinfants\/","https:\/\/www.linkedin.com\/company\/casaldelsinfants?trk=organization-update_share-update_actor-text"]},{"@type":"Person","@id":"https:\/\/www.casaldelsinfants.org\/es\/#\/schema\/person\/97707fc8c64900cf36891127dbf9fba8","name":"cdiAdmin","sameAs":["https:\/\/casaldelsinfants.org"]}]}},"publishpress_future_action":{"enabled":false,"date":"2026-05-08 18:34:12","action":"change-status","newStatus":"draft","terms":[],"taxonomy":"category","extraData":[]},"publishpress_future_workflow_manual_trigger":{"enabledWorkflows":[]},"_links":{"self":[{"href":"https:\/\/www.casaldelsinfants.org\/es\/wp-json\/wp\/v2\/posts\/4467","targetHints":{"allow":["GET"]}}],"collection":[{"href":"https:\/\/www.casaldelsinfants.org\/es\/wp-json\/wp\/v2\/posts"}],"about":[{"href":"https:\/\/www.casaldelsinfants.org\/es\/wp-json\/wp\/v2\/types\/post"}],"author":[{"embeddable":true,"href":"https:\/\/www.casaldelsinfants.org\/es\/wp-json\/wp\/v2\/users\/1"}],"replies":[{"embeddable":true,"href":"https:\/\/www.casaldelsinfants.org\/es\/wp-json\/wp\/v2\/comments?post=4467"}],"version-history":[{"count":1,"href":"https:\/\/www.casaldelsinfants.org\/es\/wp-json\/wp\/v2\/posts\/4467\/revisions"}],"predecessor-version":[{"id":6399,"href":"https:\/\/www.casaldelsinfants.org\/es\/wp-json\/wp\/v2\/posts\/4467\/revisions\/6399"}],"wp:featuredmedia":[{"embeddable":true,"href":"https:\/\/www.casaldelsinfants.org\/es\/wp-json\/wp\/v2\/media\/3427"}],"wp:attachment":[{"href":"https:\/\/www.casaldelsinfants.org\/es\/wp-json\/wp\/v2\/media?parent=4467"}],"wp:term":[{"taxonomy":"category","embeddable":true,"href":"https:\/\/www.casaldelsinfants.org\/es\/wp-json\/wp\/v2\/categories?post=4467"},{"taxonomy":"post_tag","embeddable":true,"href":"https:\/\/www.casaldelsinfants.org\/es\/wp-json\/wp\/v2\/tags?post=4467"},{"taxonomy":"seus","embeddable":true,"href":"https:\/\/www.casaldelsinfants.org\/es\/wp-json\/wp\/v2\/seus?post=4467"},{"taxonomy":"eixos","embeddable":true,"href":"https:\/\/www.casaldelsinfants.org\/es\/wp-json\/wp\/v2\/eixos?post=4467"}],"curies":[{"name":"wp","href":"https:\/\/api.w.org\/{rel}","templated":true}]}}