{"id":4468,"date":"2018-11-24T18:31:44","date_gmt":"2018-11-24T16:31:44","guid":{"rendered":"https:\/\/casal.puntzero.cat\/noticies\/20n-tots-els-drets-tots-els-infants\/"},"modified":"2023-05-31T15:47:40","modified_gmt":"2023-05-31T13:47:40","slug":"20n-tots-els-drets-tots-els-infants","status":"publish","type":"post","link":"https:\/\/www.casaldelsinfants.org\/es\/actualidad\/20n-todos-los-derechos-para-todos-los-ninos-y-ninas\/","title":{"rendered":"20N: Todos los derechos para todos los ni\u00f1os y ni\u00f1as"},"content":{"rendered":"<p><span style=\"color: #000000;\">En el marco del D\u00eda Universal de la Infancia, que se celebra el 20 de noviembre, un a\u00f1o m\u00e1s los servicios del Casal dels Infants han organizado actividades y talleres para conocer y reivindicar los derechos de todos los ni\u00f1os y ni\u00f1as.<\/span><\/p>\n<p><span style=\"color: #000000;\">Este a\u00f1o cabe destacar la fiesta de los Derechos de la Infancia organizada el 22 de noviembre en la plaza Folch i Torres de Barcelona por parte de ni\u00f1os y ni\u00f1as, adolescentes y familias del Casal dels Infants del barrio del Raval, en el que tambi\u00e9n participaron otros ni\u00f1os y ni\u00f1as y el vecindario del barrio.<\/span><\/p>\n<p><span style=\"color: #000000;\">La fiesta cont\u00f3 con la actuaci\u00f3n musical del grupo infantil \u201cCap i cua\u201d y con talleres tem\u00e1ticos dedicados a distintos derechos de los ni\u00f1os: el derecho a la igualdad; a la libertad de expresi\u00f3n; a ser queridos; a la identidad y a jugar un manifiesto en el que reivindicaban los derechos de todos los ni\u00f1os y ni\u00f1as.<\/span><\/p>\n<p><span style=\"color: #000000;\">La fiesta fue posible gracias al compromiso y a la participaci\u00f3n activa del Grupo Motor de familias del Casal dels Infants del barrio del Raval. Se trata de madres y padres que se encuentran semanalmente para organizar actividades y salidas y compartir espacios de apoyo mutuo.<\/span><\/p>\n<p><span style=\"color: #000000;\">Estos son algunos de los testimonios de las madres y que participaron en la fiesta:<\/span><\/p>\n<p class=\"destacat-noticia\"><span style=\"color: #000000;\">Marta \u201cDesde que mis hijos vienen al Casal, participo en el grupo motor. Es un espacio en el que no importa c\u00f3mo seas ni de donde vienes, las puertas est\u00e1n abiertas\u201d.<\/span><\/p>\n<p class=\"destacat-noticia\"><span style=\"color: #000000;\">Carmen: \u201cHemos preparado esta fiesta con mucha alegr\u00eda, con ganas de demostrar que todos los ni\u00f1os y ni\u00f1as del mundo son iguales y tienen los mismos derechos.<\/span><\/p>\n<p class=\"destacat-noticia\"><span style=\"color: #000000;\">Mariana: \u201cEsta fiesta es una manera de demostrar que la mayor\u00eda de los padres y madres nos comprometemos con much\u00edsimo con nuestros hijos e hijas\u201d.<\/span><\/p>\n<p class=\"pregunta-entrevista\"><span style=\"color: #000000;\">Participaci\u00f3n comunitaria<\/span><\/p>\n<p><span style=\"color: #000000;\">La participaci\u00f3n comunitaria y la suma de esfuerzos han vuelto a ser este a\u00f1o la mejor herramienta para hacer valer los derechos de los ni\u00f1os y i ni\u00f1as de otros barrios del Casal dels Infants. En La Mina se realiz\u00f3 una actividad con las entidades del barrio en el Casal C\u00edvic, con el derecho a la igualdad de oportunidades como eje vertebrador.<\/span><\/p>\n<p><span style=\"color: #000000;\">Tras haber reflexionado sobre el hecho de que todos y todas tenemos los mismos derechos, los ni\u00f1os y ni\u00f1as construyeron un mural gigante con la palabra \u201cigualdad\u201d y realizaron un flash mob con la canci\u00f3n \u201cEls drets dels infants\u201d del grupo de animaci\u00f3n infantil Xiula.<\/span><\/p>\n<p><span style=\"color: #000000;\">En cuanto a los ni\u00f1os y ni\u00f1as del servicio Anem i Tornem de Santa Coloma de Gramenet, el grupo de mayores (de 10 a 12 a\u00f1os) particip\u00f3 en el plenario del Ayuntamiento con los representantes del Consejo de Infancia y varias entidades y escuelas para tratar el derecho a la no violencia. Adem\u00e1s, participaron en una propuesta de Unicef que consiste en la creaci\u00f3n de un mural que representa el virus de la violencia y unas vacunas para combatirlo.<\/span><\/p>\n<p><span style=\"color: #000000;\">Finalmente, las participantes del proyecto maternoinfantil Vincles de Salt y sus hijos menores de 3 a\u00f1os reflexionaron acerca de los derechos de los ni\u00f1os y ni\u00f1as represent\u00e1ndolos con juguetes, una manera entendedora y pedag\u00f3gica de genera consciencia sobre el tema.<\/span><\/p>\n<figure class=\"align-center\" role=\"group\"><img decoding=\"async\" src=\"\/wp-content\/uploads\/inline-images\/drets%20infants%20Salt.jpg\" alt=\"Representaci\u00f3 del dret a l'habitatge amb joguines al servei Vincles de Salt\" width=\"480\" height=\"356\" data-entity-type=\"file\" data-entity-uuid=\"eb5b21ff-4e6d-4a17-8dc1-0369ae1cda1f\" data-image-style=\"large\" \/><figcaption>Representaci\u00f3n del derecho a la vivienda con juguetes en el servicio Vincles de Salt<\/figcaption><\/figure>\n","protected":false},"excerpt":{"rendered":"<p>En el marco del D\u00eda Universal de la Infancia, que se celebra el 20 de noviembre, un a\u00f1o m\u00e1s los servicios del Casal dels Infants han organizado actividades y talleres para conocer y reivindicar los derechos de todos los ni\u00f1os y ni\u00f1as. Este a\u00f1o cabe destacar la fiesta de los Derechos de la Infancia organizada [&hellip;]<\/p>\n","protected":false},"author":1,"featured_media":3430,"comment_status":"open","ping_status":"open","sticky":false,"template":"","format":"standard","meta":{"_acf_changed":false,"_et_pb_use_builder":"","_et_pb_old_content":"","_et_gb_content_width":"","inline_featured_image":false,"footnotes":""},"categories":[125],"tags":[],"seus":[],"eixos":[107],"class_list":["post-4468","post","type-post","status-publish","format-standard","has-post-thumbnail","hentry","category-noticias","eixos-pequena-infancia"],"acf":[],"yoast_head":"<!-- This site is optimized with the Yoast SEO plugin v27.4 - https:\/\/yoast.com\/product\/yoast-seo-wordpress\/ -->\n<title>20N: Todos los derechos para todos los ni\u00f1os y ni\u00f1as - Casal dels Infants<\/title>\n<meta name=\"robots\" content=\"index, follow, max-snippet:-1, max-image-preview:large, max-video-preview:-1\" \/>\n<link rel=\"canonical\" href=\"https:\/\/www.casaldelsinfants.org\/es\/actualidad\/20n-todos-los-derechos-para-todos-los-ninos-y-ninas\/\" \/>\n<meta property=\"og:locale\" content=\"es_ES\" \/>\n<meta property=\"og:type\" content=\"article\" \/>\n<meta property=\"og:title\" content=\"20N: Todos los derechos para todos los ni\u00f1os y ni\u00f1as - Casal dels Infants\" \/>\n<meta property=\"og:description\" content=\"En el marco del D\u00eda Universal de la Infancia, que se celebra el 20 de noviembre, un a\u00f1o m\u00e1s los servicios del Casal dels Infants han organizado actividades y talleres para conocer y reivindicar los derechos de todos los ni\u00f1os y ni\u00f1as. Este a\u00f1o cabe destacar la fiesta de los Derechos de la Infancia organizada [&hellip;]\" \/>\n<meta property=\"og:url\" content=\"https:\/\/www.casaldelsinfants.org\/es\/actualidad\/20n-todos-los-derechos-para-todos-los-ninos-y-ninas\/\" \/>\n<meta property=\"og:site_name\" content=\"Casal dels Infants\" \/>\n<meta property=\"article:publisher\" content=\"https:\/\/www.facebook.com\/casalinfants\" \/>\n<meta property=\"article:published_time\" content=\"2018-11-24T16:31:44+00:00\" \/>\n<meta property=\"article:modified_time\" content=\"2023-05-31T13:47:40+00:00\" \/>\n<meta property=\"og:image\" content=\"https:\/\/www.casaldelsinfants.org\/wp-content\/uploads\/1060733.jpg\" \/>\n\t<meta property=\"og:image:width\" content=\"1900\" \/>\n\t<meta property=\"og:image:height\" content=\"1427\" \/>\n\t<meta property=\"og:image:type\" content=\"image\/jpeg\" \/>\n<meta name=\"author\" content=\"cdiAdmin\" \/>\n<meta name=\"twitter:card\" content=\"summary_large_image\" \/>\n<meta name=\"twitter:creator\" content=\"@casalinfants\" \/>\n<meta name=\"twitter:site\" content=\"@casalinfants\" \/>\n<meta name=\"twitter:label1\" content=\"Escrito por\" \/>\n\t<meta name=\"twitter:data1\" content=\"cdiAdmin\" \/>\n\t<meta name=\"twitter:label2\" content=\"Tiempo de lectura\" \/>\n\t<meta name=\"twitter:data2\" content=\"4 minutos\" \/>\n<script type=\"application\/ld+json\" class=\"yoast-schema-graph\">{\"@context\":\"https:\\\/\\\/schema.org\",\"@graph\":[{\"@type\":\"Article\",\"@id\":\"https:\\\/\\\/www.casaldelsinfants.org\\\/es\\\/actualidad\\\/20n-todos-los-derechos-para-todos-los-ninos-y-ninas\\\/#article\",\"isPartOf\":{\"@id\":\"https:\\\/\\\/www.casaldelsinfants.org\\\/es\\\/actualidad\\\/20n-todos-los-derechos-para-todos-los-ninos-y-ninas\\\/\"},\"author\":{\"name\":\"cdiAdmin\",\"@id\":\"https:\\\/\\\/www.casaldelsinfants.org\\\/es\\\/#\\\/schema\\\/person\\\/97707fc8c64900cf36891127dbf9fba8\"},\"headline\":\"20N: Todos los derechos para todos los ni\u00f1os y ni\u00f1as\",\"datePublished\":\"2018-11-24T16:31:44+00:00\",\"dateModified\":\"2023-05-31T13:47:40+00:00\",\"mainEntityOfPage\":{\"@id\":\"https:\\\/\\\/www.casaldelsinfants.org\\\/es\\\/actualidad\\\/20n-todos-los-derechos-para-todos-los-ninos-y-ninas\\\/\"},\"wordCount\":594,\"commentCount\":0,\"publisher\":{\"@id\":\"https:\\\/\\\/www.casaldelsinfants.org\\\/es\\\/#organization\"},\"image\":{\"@id\":\"https:\\\/\\\/www.casaldelsinfants.org\\\/es\\\/actualidad\\\/20n-todos-los-derechos-para-todos-los-ninos-y-ninas\\\/#primaryimage\"},\"thumbnailUrl\":\"https:\\\/\\\/www.casaldelsinfants.org\\\/wp-content\\\/uploads\\\/1060733.jpg\",\"articleSection\":[\"Noticia\"],\"inLanguage\":\"es\",\"potentialAction\":[{\"@type\":\"CommentAction\",\"name\":\"Comment\",\"target\":[\"https:\\\/\\\/www.casaldelsinfants.org\\\/es\\\/actualidad\\\/20n-todos-los-derechos-para-todos-los-ninos-y-ninas\\\/#respond\"]}]},{\"@type\":\"WebPage\",\"@id\":\"https:\\\/\\\/www.casaldelsinfants.org\\\/es\\\/actualidad\\\/20n-todos-los-derechos-para-todos-los-ninos-y-ninas\\\/\",\"url\":\"https:\\\/\\\/www.casaldelsinfants.org\\\/es\\\/actualidad\\\/20n-todos-los-derechos-para-todos-los-ninos-y-ninas\\\/\",\"name\":\"20N: Todos los derechos para todos los ni\u00f1os y ni\u00f1as - Casal dels Infants\",\"isPartOf\":{\"@id\":\"https:\\\/\\\/www.casaldelsinfants.org\\\/es\\\/#website\"},\"primaryImageOfPage\":{\"@id\":\"https:\\\/\\\/www.casaldelsinfants.org\\\/es\\\/actualidad\\\/20n-todos-los-derechos-para-todos-los-ninos-y-ninas\\\/#primaryimage\"},\"image\":{\"@id\":\"https:\\\/\\\/www.casaldelsinfants.org\\\/es\\\/actualidad\\\/20n-todos-los-derechos-para-todos-los-ninos-y-ninas\\\/#primaryimage\"},\"thumbnailUrl\":\"https:\\\/\\\/www.casaldelsinfants.org\\\/wp-content\\\/uploads\\\/1060733.jpg\",\"datePublished\":\"2018-11-24T16:31:44+00:00\",\"dateModified\":\"2023-05-31T13:47:40+00:00\",\"breadcrumb\":{\"@id\":\"https:\\\/\\\/www.casaldelsinfants.org\\\/es\\\/actualidad\\\/20n-todos-los-derechos-para-todos-los-ninos-y-ninas\\\/#breadcrumb\"},\"inLanguage\":\"es\",\"potentialAction\":[{\"@type\":\"ReadAction\",\"target\":[\"https:\\\/\\\/www.casaldelsinfants.org\\\/es\\\/actualidad\\\/20n-todos-los-derechos-para-todos-los-ninos-y-ninas\\\/\"]}]},{\"@type\":\"ImageObject\",\"inLanguage\":\"es\",\"@id\":\"https:\\\/\\\/www.casaldelsinfants.org\\\/es\\\/actualidad\\\/20n-todos-los-derechos-para-todos-los-ninos-y-ninas\\\/#primaryimage\",\"url\":\"https:\\\/\\\/www.casaldelsinfants.org\\\/wp-content\\\/uploads\\\/1060733.jpg\",\"contentUrl\":\"https:\\\/\\\/www.casaldelsinfants.org\\\/wp-content\\\/uploads\\\/1060733.jpg\",\"width\":1900,\"height\":1427,\"caption\":\"Infant\"},{\"@type\":\"BreadcrumbList\",\"@id\":\"https:\\\/\\\/www.casaldelsinfants.org\\\/es\\\/actualidad\\\/20n-todos-los-derechos-para-todos-los-ninos-y-ninas\\\/#breadcrumb\",\"itemListElement\":[{\"@type\":\"ListItem\",\"position\":1,\"name\":\"Inici\",\"item\":\"https:\\\/\\\/www.casaldelsinfants.org\\\/es\\\/\"},{\"@type\":\"ListItem\",\"position\":2,\"name\":\"20N: Todos los derechos para todos los ni\u00f1os y ni\u00f1as\"}]},{\"@type\":\"WebSite\",\"@id\":\"https:\\\/\\\/www.casaldelsinfants.org\\\/es\\\/#website\",\"url\":\"https:\\\/\\\/www.casaldelsinfants.org\\\/es\\\/\",\"name\":\"Casal dels Infants\",\"description\":\"\",\"publisher\":{\"@id\":\"https:\\\/\\\/www.casaldelsinfants.org\\\/es\\\/#organization\"},\"potentialAction\":[{\"@type\":\"SearchAction\",\"target\":{\"@type\":\"EntryPoint\",\"urlTemplate\":\"https:\\\/\\\/www.casaldelsinfants.org\\\/es\\\/?s={search_term_string}\"},\"query-input\":{\"@type\":\"PropertyValueSpecification\",\"valueRequired\":true,\"valueName\":\"search_term_string\"}}],\"inLanguage\":\"es\"},{\"@type\":\"Organization\",\"@id\":\"https:\\\/\\\/www.casaldelsinfants.org\\\/es\\\/#organization\",\"name\":\"Casal dels Infants\",\"url\":\"https:\\\/\\\/www.casaldelsinfants.org\\\/es\\\/\",\"logo\":{\"@type\":\"ImageObject\",\"inLanguage\":\"es\",\"@id\":\"https:\\\/\\\/www.casaldelsinfants.org\\\/es\\\/#\\\/schema\\\/logo\\\/image\\\/\",\"url\":\"https:\\\/\\\/www.casaldelsinfants.org\\\/wp-content\\\/uploads\\\/logo-mail.png\",\"contentUrl\":\"https:\\\/\\\/www.casaldelsinfants.org\\\/wp-content\\\/uploads\\\/logo-mail.png\",\"width\":380,\"height\":158,\"caption\":\"Casal dels Infants\"},\"image\":{\"@id\":\"https:\\\/\\\/www.casaldelsinfants.org\\\/es\\\/#\\\/schema\\\/logo\\\/image\\\/\"},\"sameAs\":[\"https:\\\/\\\/www.facebook.com\\\/casalinfants\",\"https:\\\/\\\/x.com\\\/casalinfants\",\"https:\\\/\\\/www.youtube.com\\\/user\\\/CasaldelsInfants1\",\"https:\\\/\\\/www.instagram.com\\\/casalinfants\\\/\",\"https:\\\/\\\/www.linkedin.com\\\/company\\\/casaldelsinfants?trk=organization-update_share-update_actor-text\"]},{\"@type\":\"Person\",\"@id\":\"https:\\\/\\\/www.casaldelsinfants.org\\\/es\\\/#\\\/schema\\\/person\\\/97707fc8c64900cf36891127dbf9fba8\",\"name\":\"cdiAdmin\",\"sameAs\":[\"https:\\\/\\\/casaldelsinfants.org\"]}]}<\/script>\n<!-- \/ Yoast SEO plugin. -->","yoast_head_json":{"title":"20N: Todos los derechos para todos los ni\u00f1os y ni\u00f1as - Casal dels Infants","robots":{"index":"index","follow":"follow","max-snippet":"max-snippet:-1","max-image-preview":"max-image-preview:large","max-video-preview":"max-video-preview:-1"},"canonical":"https:\/\/www.casaldelsinfants.org\/es\/actualidad\/20n-todos-los-derechos-para-todos-los-ninos-y-ninas\/","og_locale":"es_ES","og_type":"article","og_title":"20N: Todos los derechos para todos los ni\u00f1os y ni\u00f1as - Casal dels Infants","og_description":"En el marco del D\u00eda Universal de la Infancia, que se celebra el 20 de noviembre, un a\u00f1o m\u00e1s los servicios del Casal dels Infants han organizado actividades y talleres para conocer y reivindicar los derechos de todos los ni\u00f1os y ni\u00f1as. Este a\u00f1o cabe destacar la fiesta de los Derechos de la Infancia organizada [&hellip;]","og_url":"https:\/\/www.casaldelsinfants.org\/es\/actualidad\/20n-todos-los-derechos-para-todos-los-ninos-y-ninas\/","og_site_name":"Casal dels Infants","article_publisher":"https:\/\/www.facebook.com\/casalinfants","article_published_time":"2018-11-24T16:31:44+00:00","article_modified_time":"2023-05-31T13:47:40+00:00","og_image":[{"width":1900,"height":1427,"url":"https:\/\/www.casaldelsinfants.org\/wp-content\/uploads\/1060733.jpg","type":"image\/jpeg"}],"author":"cdiAdmin","twitter_card":"summary_large_image","twitter_creator":"@casalinfants","twitter_site":"@casalinfants","twitter_misc":{"Escrito por":"cdiAdmin","Tiempo de lectura":"4 minutos"},"schema":{"@context":"https:\/\/schema.org","@graph":[{"@type":"Article","@id":"https:\/\/www.casaldelsinfants.org\/es\/actualidad\/20n-todos-los-derechos-para-todos-los-ninos-y-ninas\/#article","isPartOf":{"@id":"https:\/\/www.casaldelsinfants.org\/es\/actualidad\/20n-todos-los-derechos-para-todos-los-ninos-y-ninas\/"},"author":{"name":"cdiAdmin","@id":"https:\/\/www.casaldelsinfants.org\/es\/#\/schema\/person\/97707fc8c64900cf36891127dbf9fba8"},"headline":"20N: Todos los derechos para todos los ni\u00f1os y ni\u00f1as","datePublished":"2018-11-24T16:31:44+00:00","dateModified":"2023-05-31T13:47:40+00:00","mainEntityOfPage":{"@id":"https:\/\/www.casaldelsinfants.org\/es\/actualidad\/20n-todos-los-derechos-para-todos-los-ninos-y-ninas\/"},"wordCount":594,"commentCount":0,"publisher":{"@id":"https:\/\/www.casaldelsinfants.org\/es\/#organization"},"image":{"@id":"https:\/\/www.casaldelsinfants.org\/es\/actualidad\/20n-todos-los-derechos-para-todos-los-ninos-y-ninas\/#primaryimage"},"thumbnailUrl":"https:\/\/www.casaldelsinfants.org\/wp-content\/uploads\/1060733.jpg","articleSection":["Noticia"],"inLanguage":"es","potentialAction":[{"@type":"CommentAction","name":"Comment","target":["https:\/\/www.casaldelsinfants.org\/es\/actualidad\/20n-todos-los-derechos-para-todos-los-ninos-y-ninas\/#respond"]}]},{"@type":"WebPage","@id":"https:\/\/www.casaldelsinfants.org\/es\/actualidad\/20n-todos-los-derechos-para-todos-los-ninos-y-ninas\/","url":"https:\/\/www.casaldelsinfants.org\/es\/actualidad\/20n-todos-los-derechos-para-todos-los-ninos-y-ninas\/","name":"20N: Todos los derechos para todos los ni\u00f1os y ni\u00f1as - Casal dels Infants","isPartOf":{"@id":"https:\/\/www.casaldelsinfants.org\/es\/#website"},"primaryImageOfPage":{"@id":"https:\/\/www.casaldelsinfants.org\/es\/actualidad\/20n-todos-los-derechos-para-todos-los-ninos-y-ninas\/#primaryimage"},"image":{"@id":"https:\/\/www.casaldelsinfants.org\/es\/actualidad\/20n-todos-los-derechos-para-todos-los-ninos-y-ninas\/#primaryimage"},"thumbnailUrl":"https:\/\/www.casaldelsinfants.org\/wp-content\/uploads\/1060733.jpg","datePublished":"2018-11-24T16:31:44+00:00","dateModified":"2023-05-31T13:47:40+00:00","breadcrumb":{"@id":"https:\/\/www.casaldelsinfants.org\/es\/actualidad\/20n-todos-los-derechos-para-todos-los-ninos-y-ninas\/#breadcrumb"},"inLanguage":"es","potentialAction":[{"@type":"ReadAction","target":["https:\/\/www.casaldelsinfants.org\/es\/actualidad\/20n-todos-los-derechos-para-todos-los-ninos-y-ninas\/"]}]},{"@type":"ImageObject","inLanguage":"es","@id":"https:\/\/www.casaldelsinfants.org\/es\/actualidad\/20n-todos-los-derechos-para-todos-los-ninos-y-ninas\/#primaryimage","url":"https:\/\/www.casaldelsinfants.org\/wp-content\/uploads\/1060733.jpg","contentUrl":"https:\/\/www.casaldelsinfants.org\/wp-content\/uploads\/1060733.jpg","width":1900,"height":1427,"caption":"Infant"},{"@type":"BreadcrumbList","@id":"https:\/\/www.casaldelsinfants.org\/es\/actualidad\/20n-todos-los-derechos-para-todos-los-ninos-y-ninas\/#breadcrumb","itemListElement":[{"@type":"ListItem","position":1,"name":"Inici","item":"https:\/\/www.casaldelsinfants.org\/es\/"},{"@type":"ListItem","position":2,"name":"20N: Todos los derechos para todos los ni\u00f1os y ni\u00f1as"}]},{"@type":"WebSite","@id":"https:\/\/www.casaldelsinfants.org\/es\/#website","url":"https:\/\/www.casaldelsinfants.org\/es\/","name":"Casal dels Infants","description":"","publisher":{"@id":"https:\/\/www.casaldelsinfants.org\/es\/#organization"},"potentialAction":[{"@type":"SearchAction","target":{"@type":"EntryPoint","urlTemplate":"https:\/\/www.casaldelsinfants.org\/es\/?s={search_term_string}"},"query-input":{"@type":"PropertyValueSpecification","valueRequired":true,"valueName":"search_term_string"}}],"inLanguage":"es"},{"@type":"Organization","@id":"https:\/\/www.casaldelsinfants.org\/es\/#organization","name":"Casal dels Infants","url":"https:\/\/www.casaldelsinfants.org\/es\/","logo":{"@type":"ImageObject","inLanguage":"es","@id":"https:\/\/www.casaldelsinfants.org\/es\/#\/schema\/logo\/image\/","url":"https:\/\/www.casaldelsinfants.org\/wp-content\/uploads\/logo-mail.png","contentUrl":"https:\/\/www.casaldelsinfants.org\/wp-content\/uploads\/logo-mail.png","width":380,"height":158,"caption":"Casal dels Infants"},"image":{"@id":"https:\/\/www.casaldelsinfants.org\/es\/#\/schema\/logo\/image\/"},"sameAs":["https:\/\/www.facebook.com\/casalinfants","https:\/\/x.com\/casalinfants","https:\/\/www.youtube.com\/user\/CasaldelsInfants1","https:\/\/www.instagram.com\/casalinfants\/","https:\/\/www.linkedin.com\/company\/casaldelsinfants?trk=organization-update_share-update_actor-text"]},{"@type":"Person","@id":"https:\/\/www.casaldelsinfants.org\/es\/#\/schema\/person\/97707fc8c64900cf36891127dbf9fba8","name":"cdiAdmin","sameAs":["https:\/\/casaldelsinfants.org"]}]}},"publishpress_future_action":{"enabled":false,"date":"2026-05-07 11:03:26","action":"change-status","newStatus":"draft","terms":[],"taxonomy":"category","extraData":[]},"publishpress_future_workflow_manual_trigger":{"enabledWorkflows":[]},"_links":{"self":[{"href":"https:\/\/www.casaldelsinfants.org\/es\/wp-json\/wp\/v2\/posts\/4468","targetHints":{"allow":["GET"]}}],"collection":[{"href":"https:\/\/www.casaldelsinfants.org\/es\/wp-json\/wp\/v2\/posts"}],"about":[{"href":"https:\/\/www.casaldelsinfants.org\/es\/wp-json\/wp\/v2\/types\/post"}],"author":[{"embeddable":true,"href":"https:\/\/www.casaldelsinfants.org\/es\/wp-json\/wp\/v2\/users\/1"}],"replies":[{"embeddable":true,"href":"https:\/\/www.casaldelsinfants.org\/es\/wp-json\/wp\/v2\/comments?post=4468"}],"version-history":[{"count":2,"href":"https:\/\/www.casaldelsinfants.org\/es\/wp-json\/wp\/v2\/posts\/4468\/revisions"}],"predecessor-version":[{"id":11780,"href":"https:\/\/www.casaldelsinfants.org\/es\/wp-json\/wp\/v2\/posts\/4468\/revisions\/11780"}],"wp:featuredmedia":[{"embeddable":true,"href":"https:\/\/www.casaldelsinfants.org\/es\/wp-json\/wp\/v2\/media\/3430"}],"wp:attachment":[{"href":"https:\/\/www.casaldelsinfants.org\/es\/wp-json\/wp\/v2\/media?parent=4468"}],"wp:term":[{"taxonomy":"category","embeddable":true,"href":"https:\/\/www.casaldelsinfants.org\/es\/wp-json\/wp\/v2\/categories?post=4468"},{"taxonomy":"post_tag","embeddable":true,"href":"https:\/\/www.casaldelsinfants.org\/es\/wp-json\/wp\/v2\/tags?post=4468"},{"taxonomy":"seus","embeddable":true,"href":"https:\/\/www.casaldelsinfants.org\/es\/wp-json\/wp\/v2\/seus?post=4468"},{"taxonomy":"eixos","embeddable":true,"href":"https:\/\/www.casaldelsinfants.org\/es\/wp-json\/wp\/v2\/eixos?post=4468"}],"curies":[{"name":"wp","href":"https:\/\/api.w.org\/{rel}","templated":true}]}}