{"id":4469,"date":"2018-11-24T17:22:30","date_gmt":"2018-11-24T15:22:30","guid":{"rendered":"https:\/\/casal.puntzero.cat\/noticies\/plantem-cara-les-violencies-masclistes\/"},"modified":"2022-08-17T11:21:13","modified_gmt":"2022-08-17T09:21:13","slug":"plantem-cara-les-violencies-masclistes","status":"publish","type":"post","link":"https:\/\/www.casaldelsinfants.org\/es\/actualidad\/plantemos-cara-las-violencias-machistas\/","title":{"rendered":"Plantemos cara a las violencias machistas"},"content":{"rendered":"<p><span style=\"color:#000000;\">En el Casal dels Infants tenemos el convencimiento que ning\u00fan modelo de intervenci\u00f3n socioeducativa que defienda los derechos humanos y la igualdad de oportunidades puede dejar de lado la igualdad de g\u00e9nero y la lucha contra la violencia machista. Nuestros servicios trabajan con esta perspectiva en su d\u00eda a d\u00eda, y cuando llega el D\u00eda Internacional por la Eliminaci\u00f3n de la Violencia contra las Mujeres, es el momento de alzar especialmente la voz.<\/span><\/p>\n<p>\n<span style=\"color:#000000;\">En Salt, a iniciativa de la Taula d&#8217;Entitats de Dones que integramos varias entidades del municipio junto con t\u00e9cnicos del \u00c0rea d&#8217;Integraci\u00f3 i Conviv\u00e8ncia del Ayuntamiento de Salt y del Servei d&#8217;Informaci\u00f3 i Atenci\u00f3 a la Dona (SIAD) Giron\u00e8s-Salt (ambos servicios convocan y dinamizan la Taula), participantes del proyecto maternoinfantil Vincles han realizado un v\u00eddeo en el que visibilizan diferentes violencias machistas. Lo han presentado este viernes en una marcha en la que todos los participantes vest\u00edan de negro para recordar las 44 mujeres asesinadas por el machismo este a\u00f1o en Espa\u00f1a y decir basta a esta lacra social.<\/span><\/p>\n<p>\n<span style=\"color:#000000;\">El v\u00eddeo refleja diferentes situaciones de violencia machista, indica las se\u00f1ales que nos permiten reconocerlas y nos alerta de c\u00f3mo nuestro cuerpo puede manifestar estas agresiones. Adem\u00e1s, recomienda recursos a los que dirigirse si se sufre o se conoce alg\u00fan caso de violencia machista.<br \/>\nHa sido realizado a partir de los dibujos y bocadillos creados por mujeres del servicio maternoinfantil Vincles del Casal dels Infants y una de las voluntarias del proyecto, Jadiya Sibideh. Chicos y chicas del Casal Obert Adolescent se han encargado de la locuci\u00f3n, concretamente Aysetu Sanneh, Cherif Jallow, Fatoumata Montserrat Samoura, Madou Tangara y Lowretta Sarpong.<\/span><\/p>\n<p>\n<span style=\"color:#000000;\">La marcha del 23 de noviembre empez\u00f3 con una concentraci\u00f3n frente a la Factora Cultural Coma Cros, donde se ley\u00f3 un manifiesto, y de este punto se anduvo hasta el Pavell\u00f3 d\u2019Esports. En esta \u00faltima parada se realiz\u00f3 una intervenci\u00f3n art\u00edstica en memoria de las 44 mujeres que este a\u00f1o han sido asesinadas en Espa\u00f1a debido a agresiones machistas.<\/span><\/p>\n<p class=\"pregunta-entrevista\">\nReivindicaci\u00f3n y autodefensa<br \/>\n<span style=\"color:#000000;\">Tambi\u00e9n en el marco del D\u00eda Internacional por la Eliminaci\u00f3n de la Violencia contra las Mujeres, los chicos y chicas del Casal Obert Adolescent del barrio del Raval de Barcelona han participado en distintas actividades organizadas en el Espai Jove Casa Sagnier.<\/span><\/p>\n<p>\n<span style=\"color:#000000;\">El 13 de noviembre tomaron parte de un taller de estampaci\u00f3n de camisetas feministas y de una exposici\u00f3n de arte feminista, mientras que el 22 de noviembre participaron en un taller de autodefensa femenina.<\/span><br \/>\n\u00a0<\/p>\n<p class=\"pregunta-entrevista\">\u00a0<\/p>\n<p>\u00a0<\/p>\n<p class=\"pregunta-entrevista\">\u00a0<\/p>\n<p>\u00a0<\/p>\n","protected":false},"excerpt":{"rendered":"<div class=\"video-embed-field-responsive-video form-group\"><iframe loading=\"lazy\" width=\"854\" height=\"480\" frameborder=\"0\" allowfullscreen=\"allowfullscreen\" src=\"https:\/\/www.youtube.com\/embed\/xB6-RAYfRxY?autoplay=0&amp;start=0&amp;rel=0\"><\/iframe>\n<\/div>\n","protected":false},"author":1,"featured_media":0,"comment_status":"open","ping_status":"open","sticky":false,"template":"","format":"standard","meta":{"_acf_changed":false,"_et_pb_use_builder":"","_et_pb_old_content":"","_et_gb_content_width":"","inline_featured_image":false,"footnotes":""},"categories":[105],"tags":[],"seus":[],"eixos":[110],"class_list":["post-4469","post","type-post","status-publish","format-standard","hentry","category-reportaje","eixos-comunidad-casal-dels-infants"],"acf":[],"yoast_head":"<!-- This site is optimized with the Yoast SEO plugin v27.4 - https:\/\/yoast.com\/product\/yoast-seo-wordpress\/ -->\n<title>Plantemos cara a las violencias machistas - Casal dels Infants<\/title>\n<meta name=\"robots\" content=\"index, follow, max-snippet:-1, max-image-preview:large, max-video-preview:-1\" \/>\n<link rel=\"canonical\" href=\"https:\/\/www.casaldelsinfants.org\/es\/actualidad\/plantemos-cara-las-violencias-machistas\/\" \/>\n<meta property=\"og:locale\" content=\"es_ES\" \/>\n<meta property=\"og:type\" content=\"article\" \/>\n<meta property=\"og:title\" content=\"Plantemos cara a las violencias machistas - Casal dels Infants\" \/>\n<meta property=\"og:url\" content=\"https:\/\/www.casaldelsinfants.org\/es\/actualidad\/plantemos-cara-las-violencias-machistas\/\" \/>\n<meta property=\"og:site_name\" content=\"Casal dels Infants\" \/>\n<meta property=\"article:publisher\" content=\"https:\/\/www.facebook.com\/casalinfants\" \/>\n<meta property=\"article:published_time\" content=\"2018-11-24T15:22:30+00:00\" \/>\n<meta property=\"article:modified_time\" content=\"2022-08-17T09:21:13+00:00\" \/>\n<meta name=\"author\" content=\"cdiAdmin\" \/>\n<meta name=\"twitter:card\" content=\"summary_large_image\" \/>\n<meta name=\"twitter:creator\" content=\"@casalinfants\" \/>\n<meta name=\"twitter:site\" content=\"@casalinfants\" \/>\n<meta name=\"twitter:label1\" content=\"Escrito por\" \/>\n\t<meta name=\"twitter:data1\" content=\"cdiAdmin\" \/>\n\t<meta name=\"twitter:label2\" content=\"Tiempo de lectura\" \/>\n\t<meta name=\"twitter:data2\" content=\"2 minutos\" \/>\n<script type=\"application\/ld+json\" class=\"yoast-schema-graph\">{\"@context\":\"https:\\\/\\\/schema.org\",\"@graph\":[{\"@type\":\"Article\",\"@id\":\"https:\\\/\\\/www.casaldelsinfants.org\\\/es\\\/actualidad\\\/plantemos-cara-las-violencias-machistas\\\/#article\",\"isPartOf\":{\"@id\":\"https:\\\/\\\/www.casaldelsinfants.org\\\/es\\\/actualidad\\\/plantemos-cara-las-violencias-machistas\\\/\"},\"author\":{\"name\":\"cdiAdmin\",\"@id\":\"https:\\\/\\\/www.casaldelsinfants.org\\\/es\\\/#\\\/schema\\\/person\\\/97707fc8c64900cf36891127dbf9fba8\"},\"headline\":\"Plantemos cara a las violencias machistas\",\"datePublished\":\"2018-11-24T15:22:30+00:00\",\"dateModified\":\"2022-08-17T09:21:13+00:00\",\"mainEntityOfPage\":{\"@id\":\"https:\\\/\\\/www.casaldelsinfants.org\\\/es\\\/actualidad\\\/plantemos-cara-las-violencias-machistas\\\/\"},\"wordCount\":446,\"commentCount\":0,\"publisher\":{\"@id\":\"https:\\\/\\\/www.casaldelsinfants.org\\\/es\\\/#organization\"},\"articleSection\":[\"Reportaje\"],\"inLanguage\":\"es\",\"potentialAction\":[{\"@type\":\"CommentAction\",\"name\":\"Comment\",\"target\":[\"https:\\\/\\\/www.casaldelsinfants.org\\\/es\\\/actualidad\\\/plantemos-cara-las-violencias-machistas\\\/#respond\"]}]},{\"@type\":\"WebPage\",\"@id\":\"https:\\\/\\\/www.casaldelsinfants.org\\\/es\\\/actualidad\\\/plantemos-cara-las-violencias-machistas\\\/\",\"url\":\"https:\\\/\\\/www.casaldelsinfants.org\\\/es\\\/actualidad\\\/plantemos-cara-las-violencias-machistas\\\/\",\"name\":\"Plantemos cara a las violencias machistas - Casal dels Infants\",\"isPartOf\":{\"@id\":\"https:\\\/\\\/www.casaldelsinfants.org\\\/es\\\/#website\"},\"datePublished\":\"2018-11-24T15:22:30+00:00\",\"dateModified\":\"2022-08-17T09:21:13+00:00\",\"breadcrumb\":{\"@id\":\"https:\\\/\\\/www.casaldelsinfants.org\\\/es\\\/actualidad\\\/plantemos-cara-las-violencias-machistas\\\/#breadcrumb\"},\"inLanguage\":\"es\",\"potentialAction\":[{\"@type\":\"ReadAction\",\"target\":[\"https:\\\/\\\/www.casaldelsinfants.org\\\/es\\\/actualidad\\\/plantemos-cara-las-violencias-machistas\\\/\"]}]},{\"@type\":\"BreadcrumbList\",\"@id\":\"https:\\\/\\\/www.casaldelsinfants.org\\\/es\\\/actualidad\\\/plantemos-cara-las-violencias-machistas\\\/#breadcrumb\",\"itemListElement\":[{\"@type\":\"ListItem\",\"position\":1,\"name\":\"Inici\",\"item\":\"https:\\\/\\\/www.casaldelsinfants.org\\\/es\\\/\"},{\"@type\":\"ListItem\",\"position\":2,\"name\":\"Plantemos cara a las violencias machistas\"}]},{\"@type\":\"WebSite\",\"@id\":\"https:\\\/\\\/www.casaldelsinfants.org\\\/es\\\/#website\",\"url\":\"https:\\\/\\\/www.casaldelsinfants.org\\\/es\\\/\",\"name\":\"Casal dels Infants\",\"description\":\"\",\"publisher\":{\"@id\":\"https:\\\/\\\/www.casaldelsinfants.org\\\/es\\\/#organization\"},\"potentialAction\":[{\"@type\":\"SearchAction\",\"target\":{\"@type\":\"EntryPoint\",\"urlTemplate\":\"https:\\\/\\\/www.casaldelsinfants.org\\\/es\\\/?s={search_term_string}\"},\"query-input\":{\"@type\":\"PropertyValueSpecification\",\"valueRequired\":true,\"valueName\":\"search_term_string\"}}],\"inLanguage\":\"es\"},{\"@type\":\"Organization\",\"@id\":\"https:\\\/\\\/www.casaldelsinfants.org\\\/es\\\/#organization\",\"name\":\"Casal dels Infants\",\"url\":\"https:\\\/\\\/www.casaldelsinfants.org\\\/es\\\/\",\"logo\":{\"@type\":\"ImageObject\",\"inLanguage\":\"es\",\"@id\":\"https:\\\/\\\/www.casaldelsinfants.org\\\/es\\\/#\\\/schema\\\/logo\\\/image\\\/\",\"url\":\"https:\\\/\\\/www.casaldelsinfants.org\\\/wp-content\\\/uploads\\\/logo-mail.png\",\"contentUrl\":\"https:\\\/\\\/www.casaldelsinfants.org\\\/wp-content\\\/uploads\\\/logo-mail.png\",\"width\":380,\"height\":158,\"caption\":\"Casal dels Infants\"},\"image\":{\"@id\":\"https:\\\/\\\/www.casaldelsinfants.org\\\/es\\\/#\\\/schema\\\/logo\\\/image\\\/\"},\"sameAs\":[\"https:\\\/\\\/www.facebook.com\\\/casalinfants\",\"https:\\\/\\\/x.com\\\/casalinfants\",\"https:\\\/\\\/www.youtube.com\\\/user\\\/CasaldelsInfants1\",\"https:\\\/\\\/www.instagram.com\\\/casalinfants\\\/\",\"https:\\\/\\\/www.linkedin.com\\\/company\\\/casaldelsinfants?trk=organization-update_share-update_actor-text\"]},{\"@type\":\"Person\",\"@id\":\"https:\\\/\\\/www.casaldelsinfants.org\\\/es\\\/#\\\/schema\\\/person\\\/97707fc8c64900cf36891127dbf9fba8\",\"name\":\"cdiAdmin\",\"sameAs\":[\"https:\\\/\\\/casaldelsinfants.org\"]}]}<\/script>\n<!-- \/ Yoast SEO plugin. -->","yoast_head_json":{"title":"Plantemos cara a las violencias machistas - Casal dels Infants","robots":{"index":"index","follow":"follow","max-snippet":"max-snippet:-1","max-image-preview":"max-image-preview:large","max-video-preview":"max-video-preview:-1"},"canonical":"https:\/\/www.casaldelsinfants.org\/es\/actualidad\/plantemos-cara-las-violencias-machistas\/","og_locale":"es_ES","og_type":"article","og_title":"Plantemos cara a las violencias machistas - Casal dels Infants","og_url":"https:\/\/www.casaldelsinfants.org\/es\/actualidad\/plantemos-cara-las-violencias-machistas\/","og_site_name":"Casal dels Infants","article_publisher":"https:\/\/www.facebook.com\/casalinfants","article_published_time":"2018-11-24T15:22:30+00:00","article_modified_time":"2022-08-17T09:21:13+00:00","author":"cdiAdmin","twitter_card":"summary_large_image","twitter_creator":"@casalinfants","twitter_site":"@casalinfants","twitter_misc":{"Escrito por":"cdiAdmin","Tiempo de lectura":"2 minutos"},"schema":{"@context":"https:\/\/schema.org","@graph":[{"@type":"Article","@id":"https:\/\/www.casaldelsinfants.org\/es\/actualidad\/plantemos-cara-las-violencias-machistas\/#article","isPartOf":{"@id":"https:\/\/www.casaldelsinfants.org\/es\/actualidad\/plantemos-cara-las-violencias-machistas\/"},"author":{"name":"cdiAdmin","@id":"https:\/\/www.casaldelsinfants.org\/es\/#\/schema\/person\/97707fc8c64900cf36891127dbf9fba8"},"headline":"Plantemos cara a las violencias machistas","datePublished":"2018-11-24T15:22:30+00:00","dateModified":"2022-08-17T09:21:13+00:00","mainEntityOfPage":{"@id":"https:\/\/www.casaldelsinfants.org\/es\/actualidad\/plantemos-cara-las-violencias-machistas\/"},"wordCount":446,"commentCount":0,"publisher":{"@id":"https:\/\/www.casaldelsinfants.org\/es\/#organization"},"articleSection":["Reportaje"],"inLanguage":"es","potentialAction":[{"@type":"CommentAction","name":"Comment","target":["https:\/\/www.casaldelsinfants.org\/es\/actualidad\/plantemos-cara-las-violencias-machistas\/#respond"]}]},{"@type":"WebPage","@id":"https:\/\/www.casaldelsinfants.org\/es\/actualidad\/plantemos-cara-las-violencias-machistas\/","url":"https:\/\/www.casaldelsinfants.org\/es\/actualidad\/plantemos-cara-las-violencias-machistas\/","name":"Plantemos cara a las violencias machistas - Casal dels Infants","isPartOf":{"@id":"https:\/\/www.casaldelsinfants.org\/es\/#website"},"datePublished":"2018-11-24T15:22:30+00:00","dateModified":"2022-08-17T09:21:13+00:00","breadcrumb":{"@id":"https:\/\/www.casaldelsinfants.org\/es\/actualidad\/plantemos-cara-las-violencias-machistas\/#breadcrumb"},"inLanguage":"es","potentialAction":[{"@type":"ReadAction","target":["https:\/\/www.casaldelsinfants.org\/es\/actualidad\/plantemos-cara-las-violencias-machistas\/"]}]},{"@type":"BreadcrumbList","@id":"https:\/\/www.casaldelsinfants.org\/es\/actualidad\/plantemos-cara-las-violencias-machistas\/#breadcrumb","itemListElement":[{"@type":"ListItem","position":1,"name":"Inici","item":"https:\/\/www.casaldelsinfants.org\/es\/"},{"@type":"ListItem","position":2,"name":"Plantemos cara a las violencias machistas"}]},{"@type":"WebSite","@id":"https:\/\/www.casaldelsinfants.org\/es\/#website","url":"https:\/\/www.casaldelsinfants.org\/es\/","name":"Casal dels Infants","description":"","publisher":{"@id":"https:\/\/www.casaldelsinfants.org\/es\/#organization"},"potentialAction":[{"@type":"SearchAction","target":{"@type":"EntryPoint","urlTemplate":"https:\/\/www.casaldelsinfants.org\/es\/?s={search_term_string}"},"query-input":{"@type":"PropertyValueSpecification","valueRequired":true,"valueName":"search_term_string"}}],"inLanguage":"es"},{"@type":"Organization","@id":"https:\/\/www.casaldelsinfants.org\/es\/#organization","name":"Casal dels Infants","url":"https:\/\/www.casaldelsinfants.org\/es\/","logo":{"@type":"ImageObject","inLanguage":"es","@id":"https:\/\/www.casaldelsinfants.org\/es\/#\/schema\/logo\/image\/","url":"https:\/\/www.casaldelsinfants.org\/wp-content\/uploads\/logo-mail.png","contentUrl":"https:\/\/www.casaldelsinfants.org\/wp-content\/uploads\/logo-mail.png","width":380,"height":158,"caption":"Casal dels Infants"},"image":{"@id":"https:\/\/www.casaldelsinfants.org\/es\/#\/schema\/logo\/image\/"},"sameAs":["https:\/\/www.facebook.com\/casalinfants","https:\/\/x.com\/casalinfants","https:\/\/www.youtube.com\/user\/CasaldelsInfants1","https:\/\/www.instagram.com\/casalinfants\/","https:\/\/www.linkedin.com\/company\/casaldelsinfants?trk=organization-update_share-update_actor-text"]},{"@type":"Person","@id":"https:\/\/www.casaldelsinfants.org\/es\/#\/schema\/person\/97707fc8c64900cf36891127dbf9fba8","name":"cdiAdmin","sameAs":["https:\/\/casaldelsinfants.org"]}]}},"publishpress_future_action":{"enabled":false,"date":"2026-05-07 10:22:25","action":"change-status","newStatus":"draft","terms":[],"taxonomy":"category","extraData":[]},"publishpress_future_workflow_manual_trigger":{"enabledWorkflows":[]},"_links":{"self":[{"href":"https:\/\/www.casaldelsinfants.org\/es\/wp-json\/wp\/v2\/posts\/4469","targetHints":{"allow":["GET"]}}],"collection":[{"href":"https:\/\/www.casaldelsinfants.org\/es\/wp-json\/wp\/v2\/posts"}],"about":[{"href":"https:\/\/www.casaldelsinfants.org\/es\/wp-json\/wp\/v2\/types\/post"}],"author":[{"embeddable":true,"href":"https:\/\/www.casaldelsinfants.org\/es\/wp-json\/wp\/v2\/users\/1"}],"replies":[{"embeddable":true,"href":"https:\/\/www.casaldelsinfants.org\/es\/wp-json\/wp\/v2\/comments?post=4469"}],"version-history":[{"count":1,"href":"https:\/\/www.casaldelsinfants.org\/es\/wp-json\/wp\/v2\/posts\/4469\/revisions"}],"predecessor-version":[{"id":6401,"href":"https:\/\/www.casaldelsinfants.org\/es\/wp-json\/wp\/v2\/posts\/4469\/revisions\/6401"}],"wp:attachment":[{"href":"https:\/\/www.casaldelsinfants.org\/es\/wp-json\/wp\/v2\/media?parent=4469"}],"wp:term":[{"taxonomy":"category","embeddable":true,"href":"https:\/\/www.casaldelsinfants.org\/es\/wp-json\/wp\/v2\/categories?post=4469"},{"taxonomy":"post_tag","embeddable":true,"href":"https:\/\/www.casaldelsinfants.org\/es\/wp-json\/wp\/v2\/tags?post=4469"},{"taxonomy":"seus","embeddable":true,"href":"https:\/\/www.casaldelsinfants.org\/es\/wp-json\/wp\/v2\/seus?post=4469"},{"taxonomy":"eixos","embeddable":true,"href":"https:\/\/www.casaldelsinfants.org\/es\/wp-json\/wp\/v2\/eixos?post=4469"}],"curies":[{"name":"wp","href":"https:\/\/api.w.org\/{rel}","templated":true}]}}