{"id":4471,"date":"2018-11-07T16:00:11","date_gmt":"2018-11-07T14:00:11","guid":{"rendered":"https:\/\/casal.puntzero.cat\/noticies\/nou-curs-de-la-formacio-en-neteja-industrial-del-rumb-la-feina-lluitar-es-poder\/"},"modified":"2022-08-17T11:21:14","modified_gmt":"2022-08-17T09:21:14","slug":"nou-curs-de-la-formacio-en-neteja-industrial-del-rumb-la-feina-lluitar-es-poder","status":"publish","type":"post","link":"https:\/\/www.casaldelsinfants.org\/es\/actualidad\/nuevo-curso-formacion-limpieza-luchar-es-poder\/","title":{"rendered":"Nuevo curso de la formaci\u00f3n en Limpieza Industrial del Rumb a la feina: \u00a1luchar es poder!"},"content":{"rendered":"<p><span style=\"color:#000000;\">Quince alumnos del servicio Rumb a la feina del Casal dels Infants de Badalona empezaron en octubre la formaci\u00f3n dual en Limpieza Industrial, que la asociaci\u00f3n implementa en colaboraci\u00f3n con <a href=\"http:\/\/www.mullor.com\/\">Mullor<\/a>. Esta formaci\u00f3n se orienta a j\u00f3venes mayores de 18 a\u00f1os desempleados que quien mejorar su ocupabilidad en el \u00e1mbito de la limpieza industrial.<\/span><\/p>\n<p><span style=\"color:#000000;\">Durante las cuatro semanas del curso, los participantes han adquirido competencias transversales para buscar trabajo con el apoyo del equipo educativo del Casal dels Infants. Paralelamente, han adquirido los conocimientos te\u00f3ricos b\u00e1sicos de la limpieza industrial en las instalaciones de Mullor, donde a partir del 13 de noviembre realizar\u00e1n 100 horas de pr\u00e1cticas profesionales para culminar el curso.<\/span><\/p>\n<p><span style=\"color:#000000;\">La formaci\u00f3n en Limpieza Industrial del servicio Rumb a la feina se empez\u00f3 a implementar en el Casal dels Infants de Badalona el a\u00f1o pasado, con un curso cada trimestre. Esta primera experiencia consigui\u00f3 32 inserciones laborales entre los participantes.<\/span><\/p>\n<p><span style=\"color:#000000;\">El Rumb a la Feina, que este a\u00f1o acompa\u00f1ar\u00e1 185 j\u00f3venes, tiene por objetivo empoderar, formar y alentar a las personas participantes en su camino hacia la inserci\u00f3n social y laboral. Lo hace poniendo a su alcance formaciones t\u00e9cnicas, espacios de tutor\u00eda, el acceso a carnets profesionales\u00a0\u2014\u00a0como el de manipulador de alimentos\u2014 y cursos de catal\u00e1n, ingl\u00e9s y castellano. Forma parte del programa <a href=\"https:\/\/fundacionlacaixa.org\/es\/fondo-social-europeo-mas-empleo\">M\u00e1s Empleo<\/a> de \u00abla Caixa\u00bb, impulsado por el Fondo Social Europeo de la Uni\u00f3n Europea y la Obra Social \u00abla Caixa\u00bb.<\/span><\/p>\n","protected":false},"excerpt":{"rendered":"<div class=\"video-embed-field-responsive-video form-group\"><iframe loading=\"lazy\" width=\"854\" height=\"480\" frameborder=\"0\" allowfullscreen=\"allowfullscreen\" src=\"https:\/\/www.youtube.com\/embed\/bvnAwzQhqGg?autoplay=0&amp;start=0&amp;rel=0\"><\/iframe>\n<\/div>\n","protected":false},"author":1,"featured_media":0,"comment_status":"open","ping_status":"open","sticky":false,"template":"","format":"standard","meta":{"_acf_changed":false,"_et_pb_use_builder":"","_et_pb_old_content":"","_et_gb_content_width":"","inline_featured_image":false,"footnotes":""},"categories":[105],"tags":[115,79],"seus":[15],"eixos":[110],"class_list":["post-4471","post","type-post","status-publish","format-standard","hentry","category-reportaje","tag-formacion","tag-rumb-a-la-feina","seus-badalona","eixos-comunidad-casal-dels-infants"],"acf":[],"yoast_head":"<!-- This site is optimized with the Yoast SEO plugin v27.4 - https:\/\/yoast.com\/product\/yoast-seo-wordpress\/ -->\n<title>Nuevo curso de la formaci\u00f3n en Limpieza Industrial del Rumb a la feina: \u00a1luchar es poder! - Casal dels Infants<\/title>\n<meta name=\"robots\" content=\"index, follow, max-snippet:-1, max-image-preview:large, max-video-preview:-1\" \/>\n<link rel=\"canonical\" href=\"https:\/\/www.casaldelsinfants.org\/es\/actualidad\/nuevo-curso-formacion-limpieza-luchar-es-poder\/\" \/>\n<meta property=\"og:locale\" content=\"es_ES\" \/>\n<meta property=\"og:type\" content=\"article\" \/>\n<meta property=\"og:title\" content=\"Nuevo curso de la formaci\u00f3n en Limpieza Industrial del Rumb a la feina: \u00a1luchar es poder! - Casal dels Infants\" \/>\n<meta property=\"og:url\" content=\"https:\/\/www.casaldelsinfants.org\/es\/actualidad\/nuevo-curso-formacion-limpieza-luchar-es-poder\/\" \/>\n<meta property=\"og:site_name\" content=\"Casal dels Infants\" \/>\n<meta property=\"article:publisher\" content=\"https:\/\/www.facebook.com\/casalinfants\" \/>\n<meta property=\"article:published_time\" content=\"2018-11-07T14:00:11+00:00\" \/>\n<meta property=\"article:modified_time\" content=\"2022-08-17T09:21:14+00:00\" \/>\n<meta name=\"author\" content=\"cdiAdmin\" \/>\n<meta name=\"twitter:card\" content=\"summary_large_image\" \/>\n<meta name=\"twitter:creator\" content=\"@casalinfants\" \/>\n<meta name=\"twitter:site\" content=\"@casalinfants\" \/>\n<meta name=\"twitter:label1\" content=\"Escrito por\" \/>\n\t<meta name=\"twitter:data1\" content=\"cdiAdmin\" \/>\n\t<meta name=\"twitter:label2\" content=\"Tiempo de lectura\" \/>\n\t<meta name=\"twitter:data2\" content=\"1 minuto\" \/>\n<script type=\"application\/ld+json\" class=\"yoast-schema-graph\">{\"@context\":\"https:\\\/\\\/schema.org\",\"@graph\":[{\"@type\":\"Article\",\"@id\":\"https:\\\/\\\/www.casaldelsinfants.org\\\/es\\\/actualidad\\\/nuevo-curso-formacion-limpieza-luchar-es-poder\\\/#article\",\"isPartOf\":{\"@id\":\"https:\\\/\\\/www.casaldelsinfants.org\\\/es\\\/actualidad\\\/nuevo-curso-formacion-limpieza-luchar-es-poder\\\/\"},\"author\":{\"name\":\"cdiAdmin\",\"@id\":\"https:\\\/\\\/www.casaldelsinfants.org\\\/es\\\/#\\\/schema\\\/person\\\/97707fc8c64900cf36891127dbf9fba8\"},\"headline\":\"Nuevo curso de la formaci\u00f3n en Limpieza Industrial del Rumb a la feina: \u00a1luchar es poder!\",\"datePublished\":\"2018-11-07T14:00:11+00:00\",\"dateModified\":\"2022-08-17T09:21:14+00:00\",\"mainEntityOfPage\":{\"@id\":\"https:\\\/\\\/www.casaldelsinfants.org\\\/es\\\/actualidad\\\/nuevo-curso-formacion-limpieza-luchar-es-poder\\\/\"},\"wordCount\":271,\"commentCount\":0,\"publisher\":{\"@id\":\"https:\\\/\\\/www.casaldelsinfants.org\\\/es\\\/#organization\"},\"keywords\":[\"formaci\u00f3n\",\"Rumb a la feina\"],\"articleSection\":[\"Reportaje\"],\"inLanguage\":\"es\",\"potentialAction\":[{\"@type\":\"CommentAction\",\"name\":\"Comment\",\"target\":[\"https:\\\/\\\/www.casaldelsinfants.org\\\/es\\\/actualidad\\\/nuevo-curso-formacion-limpieza-luchar-es-poder\\\/#respond\"]}]},{\"@type\":\"WebPage\",\"@id\":\"https:\\\/\\\/www.casaldelsinfants.org\\\/es\\\/actualidad\\\/nuevo-curso-formacion-limpieza-luchar-es-poder\\\/\",\"url\":\"https:\\\/\\\/www.casaldelsinfants.org\\\/es\\\/actualidad\\\/nuevo-curso-formacion-limpieza-luchar-es-poder\\\/\",\"name\":\"Nuevo curso de la formaci\u00f3n en Limpieza Industrial del Rumb a la feina: \u00a1luchar es poder! - Casal dels Infants\",\"isPartOf\":{\"@id\":\"https:\\\/\\\/www.casaldelsinfants.org\\\/es\\\/#website\"},\"datePublished\":\"2018-11-07T14:00:11+00:00\",\"dateModified\":\"2022-08-17T09:21:14+00:00\",\"breadcrumb\":{\"@id\":\"https:\\\/\\\/www.casaldelsinfants.org\\\/es\\\/actualidad\\\/nuevo-curso-formacion-limpieza-luchar-es-poder\\\/#breadcrumb\"},\"inLanguage\":\"es\",\"potentialAction\":[{\"@type\":\"ReadAction\",\"target\":[\"https:\\\/\\\/www.casaldelsinfants.org\\\/es\\\/actualidad\\\/nuevo-curso-formacion-limpieza-luchar-es-poder\\\/\"]}]},{\"@type\":\"BreadcrumbList\",\"@id\":\"https:\\\/\\\/www.casaldelsinfants.org\\\/es\\\/actualidad\\\/nuevo-curso-formacion-limpieza-luchar-es-poder\\\/#breadcrumb\",\"itemListElement\":[{\"@type\":\"ListItem\",\"position\":1,\"name\":\"Inici\",\"item\":\"https:\\\/\\\/www.casaldelsinfants.org\\\/es\\\/\"},{\"@type\":\"ListItem\",\"position\":2,\"name\":\"Nuevo curso de la formaci\u00f3n en Limpieza Industrial del Rumb a la feina: \u00a1luchar es poder!\"}]},{\"@type\":\"WebSite\",\"@id\":\"https:\\\/\\\/www.casaldelsinfants.org\\\/es\\\/#website\",\"url\":\"https:\\\/\\\/www.casaldelsinfants.org\\\/es\\\/\",\"name\":\"Casal dels Infants\",\"description\":\"\",\"publisher\":{\"@id\":\"https:\\\/\\\/www.casaldelsinfants.org\\\/es\\\/#organization\"},\"potentialAction\":[{\"@type\":\"SearchAction\",\"target\":{\"@type\":\"EntryPoint\",\"urlTemplate\":\"https:\\\/\\\/www.casaldelsinfants.org\\\/es\\\/?s={search_term_string}\"},\"query-input\":{\"@type\":\"PropertyValueSpecification\",\"valueRequired\":true,\"valueName\":\"search_term_string\"}}],\"inLanguage\":\"es\"},{\"@type\":\"Organization\",\"@id\":\"https:\\\/\\\/www.casaldelsinfants.org\\\/es\\\/#organization\",\"name\":\"Casal dels Infants\",\"url\":\"https:\\\/\\\/www.casaldelsinfants.org\\\/es\\\/\",\"logo\":{\"@type\":\"ImageObject\",\"inLanguage\":\"es\",\"@id\":\"https:\\\/\\\/www.casaldelsinfants.org\\\/es\\\/#\\\/schema\\\/logo\\\/image\\\/\",\"url\":\"https:\\\/\\\/www.casaldelsinfants.org\\\/wp-content\\\/uploads\\\/logo-mail.png\",\"contentUrl\":\"https:\\\/\\\/www.casaldelsinfants.org\\\/wp-content\\\/uploads\\\/logo-mail.png\",\"width\":380,\"height\":158,\"caption\":\"Casal dels Infants\"},\"image\":{\"@id\":\"https:\\\/\\\/www.casaldelsinfants.org\\\/es\\\/#\\\/schema\\\/logo\\\/image\\\/\"},\"sameAs\":[\"https:\\\/\\\/www.facebook.com\\\/casalinfants\",\"https:\\\/\\\/x.com\\\/casalinfants\",\"https:\\\/\\\/www.youtube.com\\\/user\\\/CasaldelsInfants1\",\"https:\\\/\\\/www.instagram.com\\\/casalinfants\\\/\",\"https:\\\/\\\/www.linkedin.com\\\/company\\\/casaldelsinfants?trk=organization-update_share-update_actor-text\"]},{\"@type\":\"Person\",\"@id\":\"https:\\\/\\\/www.casaldelsinfants.org\\\/es\\\/#\\\/schema\\\/person\\\/97707fc8c64900cf36891127dbf9fba8\",\"name\":\"cdiAdmin\",\"sameAs\":[\"https:\\\/\\\/casaldelsinfants.org\"]}]}<\/script>\n<!-- \/ Yoast SEO plugin. -->","yoast_head_json":{"title":"Nuevo curso de la formaci\u00f3n en Limpieza Industrial del Rumb a la feina: \u00a1luchar es poder! - Casal dels Infants","robots":{"index":"index","follow":"follow","max-snippet":"max-snippet:-1","max-image-preview":"max-image-preview:large","max-video-preview":"max-video-preview:-1"},"canonical":"https:\/\/www.casaldelsinfants.org\/es\/actualidad\/nuevo-curso-formacion-limpieza-luchar-es-poder\/","og_locale":"es_ES","og_type":"article","og_title":"Nuevo curso de la formaci\u00f3n en Limpieza Industrial del Rumb a la feina: \u00a1luchar es poder! - Casal dels Infants","og_url":"https:\/\/www.casaldelsinfants.org\/es\/actualidad\/nuevo-curso-formacion-limpieza-luchar-es-poder\/","og_site_name":"Casal dels Infants","article_publisher":"https:\/\/www.facebook.com\/casalinfants","article_published_time":"2018-11-07T14:00:11+00:00","article_modified_time":"2022-08-17T09:21:14+00:00","author":"cdiAdmin","twitter_card":"summary_large_image","twitter_creator":"@casalinfants","twitter_site":"@casalinfants","twitter_misc":{"Escrito por":"cdiAdmin","Tiempo de lectura":"1 minuto"},"schema":{"@context":"https:\/\/schema.org","@graph":[{"@type":"Article","@id":"https:\/\/www.casaldelsinfants.org\/es\/actualidad\/nuevo-curso-formacion-limpieza-luchar-es-poder\/#article","isPartOf":{"@id":"https:\/\/www.casaldelsinfants.org\/es\/actualidad\/nuevo-curso-formacion-limpieza-luchar-es-poder\/"},"author":{"name":"cdiAdmin","@id":"https:\/\/www.casaldelsinfants.org\/es\/#\/schema\/person\/97707fc8c64900cf36891127dbf9fba8"},"headline":"Nuevo curso de la formaci\u00f3n en Limpieza Industrial del Rumb a la feina: \u00a1luchar es poder!","datePublished":"2018-11-07T14:00:11+00:00","dateModified":"2022-08-17T09:21:14+00:00","mainEntityOfPage":{"@id":"https:\/\/www.casaldelsinfants.org\/es\/actualidad\/nuevo-curso-formacion-limpieza-luchar-es-poder\/"},"wordCount":271,"commentCount":0,"publisher":{"@id":"https:\/\/www.casaldelsinfants.org\/es\/#organization"},"keywords":["formaci\u00f3n","Rumb a la feina"],"articleSection":["Reportaje"],"inLanguage":"es","potentialAction":[{"@type":"CommentAction","name":"Comment","target":["https:\/\/www.casaldelsinfants.org\/es\/actualidad\/nuevo-curso-formacion-limpieza-luchar-es-poder\/#respond"]}]},{"@type":"WebPage","@id":"https:\/\/www.casaldelsinfants.org\/es\/actualidad\/nuevo-curso-formacion-limpieza-luchar-es-poder\/","url":"https:\/\/www.casaldelsinfants.org\/es\/actualidad\/nuevo-curso-formacion-limpieza-luchar-es-poder\/","name":"Nuevo curso de la formaci\u00f3n en Limpieza Industrial del Rumb a la feina: \u00a1luchar es poder! - Casal dels Infants","isPartOf":{"@id":"https:\/\/www.casaldelsinfants.org\/es\/#website"},"datePublished":"2018-11-07T14:00:11+00:00","dateModified":"2022-08-17T09:21:14+00:00","breadcrumb":{"@id":"https:\/\/www.casaldelsinfants.org\/es\/actualidad\/nuevo-curso-formacion-limpieza-luchar-es-poder\/#breadcrumb"},"inLanguage":"es","potentialAction":[{"@type":"ReadAction","target":["https:\/\/www.casaldelsinfants.org\/es\/actualidad\/nuevo-curso-formacion-limpieza-luchar-es-poder\/"]}]},{"@type":"BreadcrumbList","@id":"https:\/\/www.casaldelsinfants.org\/es\/actualidad\/nuevo-curso-formacion-limpieza-luchar-es-poder\/#breadcrumb","itemListElement":[{"@type":"ListItem","position":1,"name":"Inici","item":"https:\/\/www.casaldelsinfants.org\/es\/"},{"@type":"ListItem","position":2,"name":"Nuevo curso de la formaci\u00f3n en Limpieza Industrial del Rumb a la feina: \u00a1luchar es poder!"}]},{"@type":"WebSite","@id":"https:\/\/www.casaldelsinfants.org\/es\/#website","url":"https:\/\/www.casaldelsinfants.org\/es\/","name":"Casal dels Infants","description":"","publisher":{"@id":"https:\/\/www.casaldelsinfants.org\/es\/#organization"},"potentialAction":[{"@type":"SearchAction","target":{"@type":"EntryPoint","urlTemplate":"https:\/\/www.casaldelsinfants.org\/es\/?s={search_term_string}"},"query-input":{"@type":"PropertyValueSpecification","valueRequired":true,"valueName":"search_term_string"}}],"inLanguage":"es"},{"@type":"Organization","@id":"https:\/\/www.casaldelsinfants.org\/es\/#organization","name":"Casal dels Infants","url":"https:\/\/www.casaldelsinfants.org\/es\/","logo":{"@type":"ImageObject","inLanguage":"es","@id":"https:\/\/www.casaldelsinfants.org\/es\/#\/schema\/logo\/image\/","url":"https:\/\/www.casaldelsinfants.org\/wp-content\/uploads\/logo-mail.png","contentUrl":"https:\/\/www.casaldelsinfants.org\/wp-content\/uploads\/logo-mail.png","width":380,"height":158,"caption":"Casal dels Infants"},"image":{"@id":"https:\/\/www.casaldelsinfants.org\/es\/#\/schema\/logo\/image\/"},"sameAs":["https:\/\/www.facebook.com\/casalinfants","https:\/\/x.com\/casalinfants","https:\/\/www.youtube.com\/user\/CasaldelsInfants1","https:\/\/www.instagram.com\/casalinfants\/","https:\/\/www.linkedin.com\/company\/casaldelsinfants?trk=organization-update_share-update_actor-text"]},{"@type":"Person","@id":"https:\/\/www.casaldelsinfants.org\/es\/#\/schema\/person\/97707fc8c64900cf36891127dbf9fba8","name":"cdiAdmin","sameAs":["https:\/\/casaldelsinfants.org"]}]}},"publishpress_future_action":{"enabled":false,"date":"2026-05-07 10:35:49","action":"change-status","newStatus":"draft","terms":[],"taxonomy":"category","extraData":[]},"publishpress_future_workflow_manual_trigger":{"enabledWorkflows":[]},"_links":{"self":[{"href":"https:\/\/www.casaldelsinfants.org\/es\/wp-json\/wp\/v2\/posts\/4471","targetHints":{"allow":["GET"]}}],"collection":[{"href":"https:\/\/www.casaldelsinfants.org\/es\/wp-json\/wp\/v2\/posts"}],"about":[{"href":"https:\/\/www.casaldelsinfants.org\/es\/wp-json\/wp\/v2\/types\/post"}],"author":[{"embeddable":true,"href":"https:\/\/www.casaldelsinfants.org\/es\/wp-json\/wp\/v2\/users\/1"}],"replies":[{"embeddable":true,"href":"https:\/\/www.casaldelsinfants.org\/es\/wp-json\/wp\/v2\/comments?post=4471"}],"version-history":[{"count":1,"href":"https:\/\/www.casaldelsinfants.org\/es\/wp-json\/wp\/v2\/posts\/4471\/revisions"}],"predecessor-version":[{"id":6402,"href":"https:\/\/www.casaldelsinfants.org\/es\/wp-json\/wp\/v2\/posts\/4471\/revisions\/6402"}],"wp:attachment":[{"href":"https:\/\/www.casaldelsinfants.org\/es\/wp-json\/wp\/v2\/media?parent=4471"}],"wp:term":[{"taxonomy":"category","embeddable":true,"href":"https:\/\/www.casaldelsinfants.org\/es\/wp-json\/wp\/v2\/categories?post=4471"},{"taxonomy":"post_tag","embeddable":true,"href":"https:\/\/www.casaldelsinfants.org\/es\/wp-json\/wp\/v2\/tags?post=4471"},{"taxonomy":"seus","embeddable":true,"href":"https:\/\/www.casaldelsinfants.org\/es\/wp-json\/wp\/v2\/seus?post=4471"},{"taxonomy":"eixos","embeddable":true,"href":"https:\/\/www.casaldelsinfants.org\/es\/wp-json\/wp\/v2\/eixos?post=4471"}],"curies":[{"name":"wp","href":"https:\/\/api.w.org\/{rel}","templated":true}]}}