{"id":4473,"date":"2018-10-22T14:53:46","date_gmt":"2018-10-22T12:53:46","guid":{"rendered":"https:\/\/casal.puntzero.cat\/noticies\/7blessed-cantant-santa-coloma-cantant-casa-nostra\/"},"modified":"2023-05-01T19:01:36","modified_gmt":"2023-05-01T17:01:36","slug":"7blessed-cantant-santa-coloma-cantant-casa-nostra","status":"publish","type":"post","link":"https:\/\/www.casaldelsinfants.org\/es\/actualidad\/7blessed-cantant-santa-coloma-cantant-casa-nostra\/","title":{"rendered":"7Blessed: cantando en Santa Coloma, cantando en nuestra casa a Santa Coloma, cantant en nuestra casa"},"content":{"rendered":"","protected":false},"excerpt":{"rendered":"<p class=\"text-align-center\">\u00a0<\/p>\n<p class=\"text-align-center\">Siete participantes del Casal Obert d&#8217;Adolescents de Santa Coloma aceptaron antes del verano un reto: crear una canci\u00f3n para presentarla en el festival: \u00abCan\u00e7\u00f3 de Ciutat\u00bb, que organiza el Ayuntamiento colomense. Este fue el punto de partida de \u00abCalles sin due\u00f1o\u00bb, una experiencia con la que han descubierto su potencial art\u00edstico, la recompensa del esfuerzo, el trabajo en red para la transformaci\u00f3n social&#8230; En definitiva: una nueva mirada de s\u00ed mismos y de\u00a0su ciudad. En este v\u00eddeo cuentan c\u00f3mo lo han vivido, junto con las personas que los han acompa\u00f1ado en el proceso creativo, como Carlos Ladera e Issac Luque.<\/p>\n<div class=\"video-embed-field-responsive-video form-group\"><iframe loading=\"lazy\" width=\"854\" height=\"480\" frameborder=\"0\" allowfullscreen=\"allowfullscreen\" src=\"https:\/\/www.youtube.com\/embed\/jNE8JY2MCOA?autoplay=0&amp;start=0&amp;rel=0\"><\/iframe>\n<\/div>\n<p class=\"text-align-center\">\u00a0<\/p>\n<p class=\"text-align-center\"><a href=\"https:\/\/www.youtube.com\/watch?v=jtXDb1vmnjA\">\u00a0Escuchad tota la canci\u00f3n aqu\u00ed:<\/a><\/p>\n<div class=\"video-embed-field-responsive-video form-group\"><iframe loading=\"lazy\" width=\"854\" height=\"480\" frameborder=\"0\" allowfullscreen=\"allowfullscreen\" src=\"https:\/\/www.youtube.com\/embed\/jtXDb1vmnjA?autoplay=0&amp;start=0&amp;rel=0\"><\/iframe>\n<\/div>\n","protected":false},"author":1,"featured_media":0,"comment_status":"open","ping_status":"open","sticky":false,"template":"","format":"standard","meta":{"_acf_changed":false,"_et_pb_use_builder":"","_et_pb_old_content":"","_et_gb_content_width":"","inline_featured_image":false,"footnotes":""},"categories":[127],"tags":[],"seus":[19],"eixos":[102],"class_list":["post-4473","post","type-post","status-publish","format-standard","hentry","category-entrevista","seus-santa-coloma-de-gramenet","eixos-jovenes"],"acf":[],"yoast_head":"<!-- This site is optimized with the Yoast SEO plugin v27.4 - https:\/\/yoast.com\/product\/yoast-seo-wordpress\/ -->\n<title>Noticias | Casal dels Infants<\/title>\n<meta name=\"description\" content=\"&quot;Calles sin due\u00f1o&quot; es la canci\u00f3n creada por siete adolescentes participantes en el Casal Obert d&#039;Adolescents de Santa Coloma de Gramenet. \u00a1Escucha su testimonio y conoce c\u00f3mo surgi\u00f3 esta iniciativa!\" \/>\n<meta name=\"robots\" content=\"index, follow, max-snippet:-1, max-image-preview:large, max-video-preview:-1\" \/>\n<link rel=\"canonical\" href=\"https:\/\/www.casaldelsinfants.org\/es\/actualidad\/7blessed-cantant-santa-coloma-cantant-casa-nostra\/\" \/>\n<meta property=\"og:locale\" content=\"es_ES\" \/>\n<meta property=\"og:type\" content=\"article\" \/>\n<meta property=\"og:title\" content=\"Noticias | Casal dels Infants\" \/>\n<meta property=\"og:description\" content=\"&quot;Calles sin due\u00f1o&quot; es la canci\u00f3n creada por siete adolescentes participantes en el Casal Obert d&#039;Adolescents de Santa Coloma de Gramenet. \u00a1Escucha su testimonio y conoce c\u00f3mo surgi\u00f3 esta iniciativa!\" \/>\n<meta property=\"og:url\" content=\"https:\/\/www.casaldelsinfants.org\/es\/actualidad\/7blessed-cantant-santa-coloma-cantant-casa-nostra\/\" \/>\n<meta property=\"og:site_name\" content=\"Casal dels Infants\" \/>\n<meta property=\"article:publisher\" content=\"https:\/\/www.facebook.com\/casalinfants\" \/>\n<meta property=\"article:published_time\" content=\"2018-10-22T12:53:46+00:00\" \/>\n<meta property=\"article:modified_time\" content=\"2023-05-01T17:01:36+00:00\" \/>\n<meta name=\"author\" content=\"cdiAdmin\" \/>\n<meta name=\"twitter:card\" content=\"summary_large_image\" \/>\n<meta name=\"twitter:creator\" content=\"@casalinfants\" \/>\n<meta name=\"twitter:site\" content=\"@casalinfants\" \/>\n<meta name=\"twitter:label1\" content=\"Escrito por\" \/>\n\t<meta name=\"twitter:data1\" content=\"cdiAdmin\" \/>\n<script type=\"application\/ld+json\" class=\"yoast-schema-graph\">{\"@context\":\"https:\\\/\\\/schema.org\",\"@graph\":[{\"@type\":\"Article\",\"@id\":\"https:\\\/\\\/www.casaldelsinfants.org\\\/es\\\/actualidad\\\/7blessed-cantant-santa-coloma-cantant-casa-nostra\\\/#article\",\"isPartOf\":{\"@id\":\"https:\\\/\\\/www.casaldelsinfants.org\\\/es\\\/actualidad\\\/7blessed-cantant-santa-coloma-cantant-casa-nostra\\\/\"},\"author\":{\"name\":\"cdiAdmin\",\"@id\":\"https:\\\/\\\/www.casaldelsinfants.org\\\/es\\\/#\\\/schema\\\/person\\\/97707fc8c64900cf36891127dbf9fba8\"},\"headline\":\"7Blessed: cantando en Santa Coloma, cantando en nuestra casa a Santa Coloma, cantant en nuestra casa\",\"datePublished\":\"2018-10-22T12:53:46+00:00\",\"dateModified\":\"2023-05-01T17:01:36+00:00\",\"mainEntityOfPage\":{\"@id\":\"https:\\\/\\\/www.casaldelsinfants.org\\\/es\\\/actualidad\\\/7blessed-cantant-santa-coloma-cantant-casa-nostra\\\/\"},\"wordCount\":16,\"commentCount\":0,\"publisher\":{\"@id\":\"https:\\\/\\\/www.casaldelsinfants.org\\\/es\\\/#organization\"},\"articleSection\":[\"Entrevista\"],\"inLanguage\":\"es\",\"potentialAction\":[{\"@type\":\"CommentAction\",\"name\":\"Comment\",\"target\":[\"https:\\\/\\\/www.casaldelsinfants.org\\\/es\\\/actualidad\\\/7blessed-cantant-santa-coloma-cantant-casa-nostra\\\/#respond\"]}]},{\"@type\":\"WebPage\",\"@id\":\"https:\\\/\\\/www.casaldelsinfants.org\\\/es\\\/actualidad\\\/7blessed-cantant-santa-coloma-cantant-casa-nostra\\\/\",\"url\":\"https:\\\/\\\/www.casaldelsinfants.org\\\/es\\\/actualidad\\\/7blessed-cantant-santa-coloma-cantant-casa-nostra\\\/\",\"name\":\"Noticias | Casal dels Infants\",\"isPartOf\":{\"@id\":\"https:\\\/\\\/www.casaldelsinfants.org\\\/es\\\/#website\"},\"datePublished\":\"2018-10-22T12:53:46+00:00\",\"dateModified\":\"2023-05-01T17:01:36+00:00\",\"description\":\"\\\"Calles sin due\u00f1o\\\" es la canci\u00f3n creada por siete adolescentes participantes en el Casal Obert d'Adolescents de Santa Coloma de Gramenet. \u00a1Escucha su testimonio y conoce c\u00f3mo surgi\u00f3 esta iniciativa!\",\"breadcrumb\":{\"@id\":\"https:\\\/\\\/www.casaldelsinfants.org\\\/es\\\/actualidad\\\/7blessed-cantant-santa-coloma-cantant-casa-nostra\\\/#breadcrumb\"},\"inLanguage\":\"es\",\"potentialAction\":[{\"@type\":\"ReadAction\",\"target\":[\"https:\\\/\\\/www.casaldelsinfants.org\\\/es\\\/actualidad\\\/7blessed-cantant-santa-coloma-cantant-casa-nostra\\\/\"]}]},{\"@type\":\"BreadcrumbList\",\"@id\":\"https:\\\/\\\/www.casaldelsinfants.org\\\/es\\\/actualidad\\\/7blessed-cantant-santa-coloma-cantant-casa-nostra\\\/#breadcrumb\",\"itemListElement\":[{\"@type\":\"ListItem\",\"position\":1,\"name\":\"Inici\",\"item\":\"https:\\\/\\\/www.casaldelsinfants.org\\\/es\\\/\"},{\"@type\":\"ListItem\",\"position\":2,\"name\":\"7Blessed: cantando en Santa Coloma, cantando en nuestra casa a Santa Coloma, cantant en nuestra casa\"}]},{\"@type\":\"WebSite\",\"@id\":\"https:\\\/\\\/www.casaldelsinfants.org\\\/es\\\/#website\",\"url\":\"https:\\\/\\\/www.casaldelsinfants.org\\\/es\\\/\",\"name\":\"Casal dels Infants\",\"description\":\"\",\"publisher\":{\"@id\":\"https:\\\/\\\/www.casaldelsinfants.org\\\/es\\\/#organization\"},\"potentialAction\":[{\"@type\":\"SearchAction\",\"target\":{\"@type\":\"EntryPoint\",\"urlTemplate\":\"https:\\\/\\\/www.casaldelsinfants.org\\\/es\\\/?s={search_term_string}\"},\"query-input\":{\"@type\":\"PropertyValueSpecification\",\"valueRequired\":true,\"valueName\":\"search_term_string\"}}],\"inLanguage\":\"es\"},{\"@type\":\"Organization\",\"@id\":\"https:\\\/\\\/www.casaldelsinfants.org\\\/es\\\/#organization\",\"name\":\"Casal dels Infants\",\"url\":\"https:\\\/\\\/www.casaldelsinfants.org\\\/es\\\/\",\"logo\":{\"@type\":\"ImageObject\",\"inLanguage\":\"es\",\"@id\":\"https:\\\/\\\/www.casaldelsinfants.org\\\/es\\\/#\\\/schema\\\/logo\\\/image\\\/\",\"url\":\"https:\\\/\\\/www.casaldelsinfants.org\\\/wp-content\\\/uploads\\\/logo-mail.png\",\"contentUrl\":\"https:\\\/\\\/www.casaldelsinfants.org\\\/wp-content\\\/uploads\\\/logo-mail.png\",\"width\":380,\"height\":158,\"caption\":\"Casal dels Infants\"},\"image\":{\"@id\":\"https:\\\/\\\/www.casaldelsinfants.org\\\/es\\\/#\\\/schema\\\/logo\\\/image\\\/\"},\"sameAs\":[\"https:\\\/\\\/www.facebook.com\\\/casalinfants\",\"https:\\\/\\\/x.com\\\/casalinfants\",\"https:\\\/\\\/www.youtube.com\\\/user\\\/CasaldelsInfants1\",\"https:\\\/\\\/www.instagram.com\\\/casalinfants\\\/\",\"https:\\\/\\\/www.linkedin.com\\\/company\\\/casaldelsinfants?trk=organization-update_share-update_actor-text\"]},{\"@type\":\"Person\",\"@id\":\"https:\\\/\\\/www.casaldelsinfants.org\\\/es\\\/#\\\/schema\\\/person\\\/97707fc8c64900cf36891127dbf9fba8\",\"name\":\"cdiAdmin\",\"sameAs\":[\"https:\\\/\\\/casaldelsinfants.org\"]}]}<\/script>\n<!-- \/ Yoast SEO plugin. -->","yoast_head_json":{"title":"Noticias | Casal dels Infants","description":"\"Calles sin due\u00f1o\" es la canci\u00f3n creada por siete adolescentes participantes en el Casal Obert d'Adolescents de Santa Coloma de Gramenet. \u00a1Escucha su testimonio y conoce c\u00f3mo surgi\u00f3 esta iniciativa!","robots":{"index":"index","follow":"follow","max-snippet":"max-snippet:-1","max-image-preview":"max-image-preview:large","max-video-preview":"max-video-preview:-1"},"canonical":"https:\/\/www.casaldelsinfants.org\/es\/actualidad\/7blessed-cantant-santa-coloma-cantant-casa-nostra\/","og_locale":"es_ES","og_type":"article","og_title":"Noticias | Casal dels Infants","og_description":"\"Calles sin due\u00f1o\" es la canci\u00f3n creada por siete adolescentes participantes en el Casal Obert d'Adolescents de Santa Coloma de Gramenet. \u00a1Escucha su testimonio y conoce c\u00f3mo surgi\u00f3 esta iniciativa!","og_url":"https:\/\/www.casaldelsinfants.org\/es\/actualidad\/7blessed-cantant-santa-coloma-cantant-casa-nostra\/","og_site_name":"Casal dels Infants","article_publisher":"https:\/\/www.facebook.com\/casalinfants","article_published_time":"2018-10-22T12:53:46+00:00","article_modified_time":"2023-05-01T17:01:36+00:00","author":"cdiAdmin","twitter_card":"summary_large_image","twitter_creator":"@casalinfants","twitter_site":"@casalinfants","twitter_misc":{"Escrito por":"cdiAdmin"},"schema":{"@context":"https:\/\/schema.org","@graph":[{"@type":"Article","@id":"https:\/\/www.casaldelsinfants.org\/es\/actualidad\/7blessed-cantant-santa-coloma-cantant-casa-nostra\/#article","isPartOf":{"@id":"https:\/\/www.casaldelsinfants.org\/es\/actualidad\/7blessed-cantant-santa-coloma-cantant-casa-nostra\/"},"author":{"name":"cdiAdmin","@id":"https:\/\/www.casaldelsinfants.org\/es\/#\/schema\/person\/97707fc8c64900cf36891127dbf9fba8"},"headline":"7Blessed: cantando en Santa Coloma, cantando en nuestra casa a Santa Coloma, cantant en nuestra casa","datePublished":"2018-10-22T12:53:46+00:00","dateModified":"2023-05-01T17:01:36+00:00","mainEntityOfPage":{"@id":"https:\/\/www.casaldelsinfants.org\/es\/actualidad\/7blessed-cantant-santa-coloma-cantant-casa-nostra\/"},"wordCount":16,"commentCount":0,"publisher":{"@id":"https:\/\/www.casaldelsinfants.org\/es\/#organization"},"articleSection":["Entrevista"],"inLanguage":"es","potentialAction":[{"@type":"CommentAction","name":"Comment","target":["https:\/\/www.casaldelsinfants.org\/es\/actualidad\/7blessed-cantant-santa-coloma-cantant-casa-nostra\/#respond"]}]},{"@type":"WebPage","@id":"https:\/\/www.casaldelsinfants.org\/es\/actualidad\/7blessed-cantant-santa-coloma-cantant-casa-nostra\/","url":"https:\/\/www.casaldelsinfants.org\/es\/actualidad\/7blessed-cantant-santa-coloma-cantant-casa-nostra\/","name":"Noticias | Casal dels Infants","isPartOf":{"@id":"https:\/\/www.casaldelsinfants.org\/es\/#website"},"datePublished":"2018-10-22T12:53:46+00:00","dateModified":"2023-05-01T17:01:36+00:00","description":"\"Calles sin due\u00f1o\" es la canci\u00f3n creada por siete adolescentes participantes en el Casal Obert d'Adolescents de Santa Coloma de Gramenet. \u00a1Escucha su testimonio y conoce c\u00f3mo surgi\u00f3 esta iniciativa!","breadcrumb":{"@id":"https:\/\/www.casaldelsinfants.org\/es\/actualidad\/7blessed-cantant-santa-coloma-cantant-casa-nostra\/#breadcrumb"},"inLanguage":"es","potentialAction":[{"@type":"ReadAction","target":["https:\/\/www.casaldelsinfants.org\/es\/actualidad\/7blessed-cantant-santa-coloma-cantant-casa-nostra\/"]}]},{"@type":"BreadcrumbList","@id":"https:\/\/www.casaldelsinfants.org\/es\/actualidad\/7blessed-cantant-santa-coloma-cantant-casa-nostra\/#breadcrumb","itemListElement":[{"@type":"ListItem","position":1,"name":"Inici","item":"https:\/\/www.casaldelsinfants.org\/es\/"},{"@type":"ListItem","position":2,"name":"7Blessed: cantando en Santa Coloma, cantando en nuestra casa a Santa Coloma, cantant en nuestra casa"}]},{"@type":"WebSite","@id":"https:\/\/www.casaldelsinfants.org\/es\/#website","url":"https:\/\/www.casaldelsinfants.org\/es\/","name":"Casal dels Infants","description":"","publisher":{"@id":"https:\/\/www.casaldelsinfants.org\/es\/#organization"},"potentialAction":[{"@type":"SearchAction","target":{"@type":"EntryPoint","urlTemplate":"https:\/\/www.casaldelsinfants.org\/es\/?s={search_term_string}"},"query-input":{"@type":"PropertyValueSpecification","valueRequired":true,"valueName":"search_term_string"}}],"inLanguage":"es"},{"@type":"Organization","@id":"https:\/\/www.casaldelsinfants.org\/es\/#organization","name":"Casal dels Infants","url":"https:\/\/www.casaldelsinfants.org\/es\/","logo":{"@type":"ImageObject","inLanguage":"es","@id":"https:\/\/www.casaldelsinfants.org\/es\/#\/schema\/logo\/image\/","url":"https:\/\/www.casaldelsinfants.org\/wp-content\/uploads\/logo-mail.png","contentUrl":"https:\/\/www.casaldelsinfants.org\/wp-content\/uploads\/logo-mail.png","width":380,"height":158,"caption":"Casal dels Infants"},"image":{"@id":"https:\/\/www.casaldelsinfants.org\/es\/#\/schema\/logo\/image\/"},"sameAs":["https:\/\/www.facebook.com\/casalinfants","https:\/\/x.com\/casalinfants","https:\/\/www.youtube.com\/user\/CasaldelsInfants1","https:\/\/www.instagram.com\/casalinfants\/","https:\/\/www.linkedin.com\/company\/casaldelsinfants?trk=organization-update_share-update_actor-text"]},{"@type":"Person","@id":"https:\/\/www.casaldelsinfants.org\/es\/#\/schema\/person\/97707fc8c64900cf36891127dbf9fba8","name":"cdiAdmin","sameAs":["https:\/\/casaldelsinfants.org"]}]}},"publishpress_future_action":{"enabled":false,"date":"2026-05-06 23:07:25","action":"change-status","newStatus":"draft","terms":[],"taxonomy":"category","extraData":[]},"publishpress_future_workflow_manual_trigger":{"enabledWorkflows":[]},"_links":{"self":[{"href":"https:\/\/www.casaldelsinfants.org\/es\/wp-json\/wp\/v2\/posts\/4473","targetHints":{"allow":["GET"]}}],"collection":[{"href":"https:\/\/www.casaldelsinfants.org\/es\/wp-json\/wp\/v2\/posts"}],"about":[{"href":"https:\/\/www.casaldelsinfants.org\/es\/wp-json\/wp\/v2\/types\/post"}],"author":[{"embeddable":true,"href":"https:\/\/www.casaldelsinfants.org\/es\/wp-json\/wp\/v2\/users\/1"}],"replies":[{"embeddable":true,"href":"https:\/\/www.casaldelsinfants.org\/es\/wp-json\/wp\/v2\/comments?post=4473"}],"version-history":[{"count":1,"href":"https:\/\/www.casaldelsinfants.org\/es\/wp-json\/wp\/v2\/posts\/4473\/revisions"}],"predecessor-version":[{"id":6403,"href":"https:\/\/www.casaldelsinfants.org\/es\/wp-json\/wp\/v2\/posts\/4473\/revisions\/6403"}],"wp:attachment":[{"href":"https:\/\/www.casaldelsinfants.org\/es\/wp-json\/wp\/v2\/media?parent=4473"}],"wp:term":[{"taxonomy":"category","embeddable":true,"href":"https:\/\/www.casaldelsinfants.org\/es\/wp-json\/wp\/v2\/categories?post=4473"},{"taxonomy":"post_tag","embeddable":true,"href":"https:\/\/www.casaldelsinfants.org\/es\/wp-json\/wp\/v2\/tags?post=4473"},{"taxonomy":"seus","embeddable":true,"href":"https:\/\/www.casaldelsinfants.org\/es\/wp-json\/wp\/v2\/seus?post=4473"},{"taxonomy":"eixos","embeddable":true,"href":"https:\/\/www.casaldelsinfants.org\/es\/wp-json\/wp\/v2\/eixos?post=4473"}],"curies":[{"name":"wp","href":"https:\/\/api.w.org\/{rel}","templated":true}]}}