{"id":4475,"date":"2018-10-22T14:21:17","date_gmt":"2018-10-22T12:21:17","guid":{"rendered":"https:\/\/casal.puntzero.cat\/noticies\/el-casal-dels-infants-acull-un-taller-de-comic-del-bigdraw-2018\/"},"modified":"2023-05-01T19:01:44","modified_gmt":"2023-05-01T17:01:44","slug":"el-casal-dels-infants-acull-un-taller-de-comic-del-bigdraw-2018","status":"publish","type":"post","link":"https:\/\/www.casaldelsinfants.org\/es\/actualidad\/el-casal-dels-infants-acoge-un-taller-de-comic-del-bigdraw-2018\/","title":{"rendered":"El Casal dels Infants acoge un taller de c\u00f3mic del BigDraw 2018"},"content":{"rendered":"<p><span style=\"color:#000000;\">El Casal dels Infants participar\u00e1 el domingo 28 de octubre en el\u00a0<\/span><a href=\"https:\/\/www.barcelona.cat\/barcelonadibuixa\/es\/home\"><span style=\"color:#000000;\">BigDraw 2018<\/span><\/a><span style=\"color:#000000;\">, la fiesta del dibujo de Barcelona, con una iniciativa divertida y creativa: un taller gratuito y para todos los p\u00fablicos en el que, entre los participantes y con la dinamizaci\u00f3n del artista Benzo, se crear\u00e1 un c\u00f3mico conjunto.<\/span><\/p>\n<p><span style=\"color:#000000;\">El taller se llamar\u00e1 \u00abPodigiosas proezas an\u00f3nimas. Una habitaci\u00f3n prodigiosa\u00bb. y tendr\u00e1 lugar en el Casal Jove Atles del Raval del Casal dels Infants, en la calle del doctor Dou, 3, entre las 11 h y las 19 h. Cada participante tendr\u00e1 que pensar en una proreza de su vida y escribirla en un papel. Al acabar, tendr\u00e1 que escoger la proeza de otra persona y dibujarla.<\/span><\/p>\n<p><span style=\"color:#000000;\">El BigDraw es una iniciativa del\u00a0l\u2019<\/span><a href=\"http:\/\/lameva.barcelona.cat\/barcelonacultura\/ca\/icub\"><span style=\"color:#000000;\">Institut de Cultura de Barcelona<\/span><\/a><span style=\"color:#000000;\">\u00a0y\u00a0el <\/span><a href=\"http:\/\/www.museupicasso.bcn.cat\/\"><span style=\"color:#000000;\">Museu Picasso<\/span><\/a><span style=\"color:#000000;\"> que pretende acerca la ciudadan\u00eda al arte y la cultura mediante la experiencia de dibujar. Este a\u00f1o ofrece 40 talleres gratuitots y llega a muchos m\u00e1s barrios de la ciudad, con la colaboraci\u00f3n de la\u00a0<\/span><a href=\"https:\/\/www.fmirobcn.org\/ca\/\"><span style=\"color:#000000;\">Fundaci\u00f3 Joan Mir\u00f3<\/span><\/a><span style=\"color:#000000;\">, el <\/span><a href=\"https:\/\/www.macba.cat\/\"><span style=\"color:#000000;\">MACBA<\/span><\/a><span style=\"color:#000000;\">, el <\/span><a href=\"https:\/\/museuciencies.cat\/\"><span style=\"color:#000000;\">Museu de Ci\u00e8ncies Naturals de Barcelona-Parc del F\u00f2rum<\/span><\/a><span style=\"color:#000000;\">, el <\/span><a href=\"http:\/\/ajuntament.barcelona.cat\/museudeldisseny\/ca\"><span style=\"color:#000000;\">Museu del Disseny de Barcelona<\/span><\/a><span style=\"color:#000000;\">\u00a0y\u00a0el <\/span><a href=\"http:\/\/www.museunacional.cat\/ca\"><span style=\"color:#000000;\">Museu Nacional d\u2019Art de Catalunya<\/span><\/a><span style=\"color:#000000;\">.<\/span><\/p>\n","protected":false},"excerpt":{"rendered":"<p>El Casal dels Infants participar\u00e1 el domingo 28 de octubre en el\u00a0BigDraw 2018, la fiesta del dibujo de Barcelona, con una iniciativa divertida y creativa: un taller gratuito y para todos los p\u00fablicos en el que, entre los participantes y con la dinamizaci\u00f3n del artista Benzo, se crear\u00e1 un c\u00f3mico conjunto. El taller se llamar\u00e1 [&hellip;]<\/p>\n","protected":false},"author":1,"featured_media":3436,"comment_status":"open","ping_status":"open","sticky":false,"template":"","format":"standard","meta":{"_acf_changed":false,"_et_pb_use_builder":"","_et_pb_old_content":"","_et_gb_content_width":"","inline_featured_image":false,"footnotes":""},"categories":[125],"tags":[],"seus":[16],"eixos":[110],"class_list":["post-4475","post","type-post","status-publish","format-standard","has-post-thumbnail","hentry","category-noticias","seus-el-raval","eixos-comunidad-casal-dels-infants"],"acf":[],"yoast_head":"<!-- This site is optimized with the Yoast SEO plugin v27.4 - https:\/\/yoast.com\/product\/yoast-seo-wordpress\/ -->\n<title>El Casal dels Infants acoge un taller de c\u00f3mic del BigDraw 2018 - Casal dels Infants<\/title>\n<meta name=\"robots\" content=\"index, follow, max-snippet:-1, max-image-preview:large, max-video-preview:-1\" \/>\n<link rel=\"canonical\" href=\"https:\/\/www.casaldelsinfants.org\/es\/actualidad\/el-casal-dels-infants-acoge-un-taller-de-comic-del-bigdraw-2018\/\" \/>\n<meta property=\"og:locale\" content=\"es_ES\" \/>\n<meta property=\"og:type\" content=\"article\" \/>\n<meta property=\"og:title\" content=\"El Casal dels Infants acoge un taller de c\u00f3mic del BigDraw 2018 - Casal dels Infants\" \/>\n<meta property=\"og:description\" content=\"El Casal dels Infants participar\u00e1 el domingo 28 de octubre en el\u00a0BigDraw 2018, la fiesta del dibujo de Barcelona, con una iniciativa divertida y creativa: un taller gratuito y para todos los p\u00fablicos en el que, entre los participantes y con la dinamizaci\u00f3n del artista Benzo, se crear\u00e1 un c\u00f3mico conjunto. El taller se llamar\u00e1 [&hellip;]\" \/>\n<meta property=\"og:url\" content=\"https:\/\/www.casaldelsinfants.org\/es\/actualidad\/el-casal-dels-infants-acoge-un-taller-de-comic-del-bigdraw-2018\/\" \/>\n<meta property=\"og:site_name\" content=\"Casal dels Infants\" \/>\n<meta property=\"article:publisher\" content=\"https:\/\/www.facebook.com\/casalinfants\" \/>\n<meta property=\"article:published_time\" content=\"2018-10-22T12:21:17+00:00\" \/>\n<meta property=\"article:modified_time\" content=\"2023-05-01T17:01:44+00:00\" \/>\n<meta property=\"og:image\" content=\"https:\/\/www.casaldelsinfants.org\/wp-content\/uploads\/dp8pdulwkaa7oav_1.jpg\" \/>\n\t<meta property=\"og:image:width\" content=\"1920\" \/>\n\t<meta property=\"og:image:height\" content=\"1080\" \/>\n\t<meta property=\"og:image:type\" content=\"image\/jpeg\" \/>\n<meta name=\"author\" content=\"cdiAdmin\" \/>\n<meta name=\"twitter:card\" content=\"summary_large_image\" \/>\n<meta name=\"twitter:creator\" content=\"@casalinfants\" \/>\n<meta name=\"twitter:site\" content=\"@casalinfants\" \/>\n<meta name=\"twitter:label1\" content=\"Escrito por\" \/>\n\t<meta name=\"twitter:data1\" content=\"cdiAdmin\" \/>\n\t<meta name=\"twitter:label2\" content=\"Tiempo de lectura\" \/>\n\t<meta name=\"twitter:data2\" content=\"1 minuto\" \/>\n<script type=\"application\/ld+json\" class=\"yoast-schema-graph\">{\"@context\":\"https:\\\/\\\/schema.org\",\"@graph\":[{\"@type\":\"Article\",\"@id\":\"https:\\\/\\\/www.casaldelsinfants.org\\\/es\\\/actualidad\\\/el-casal-dels-infants-acoge-un-taller-de-comic-del-bigdraw-2018\\\/#article\",\"isPartOf\":{\"@id\":\"https:\\\/\\\/www.casaldelsinfants.org\\\/es\\\/actualidad\\\/el-casal-dels-infants-acoge-un-taller-de-comic-del-bigdraw-2018\\\/\"},\"author\":{\"name\":\"cdiAdmin\",\"@id\":\"https:\\\/\\\/www.casaldelsinfants.org\\\/es\\\/#\\\/schema\\\/person\\\/97707fc8c64900cf36891127dbf9fba8\"},\"headline\":\"El Casal dels Infants acoge un taller de c\u00f3mic del BigDraw 2018\",\"datePublished\":\"2018-10-22T12:21:17+00:00\",\"dateModified\":\"2023-05-01T17:01:44+00:00\",\"mainEntityOfPage\":{\"@id\":\"https:\\\/\\\/www.casaldelsinfants.org\\\/es\\\/actualidad\\\/el-casal-dels-infants-acoge-un-taller-de-comic-del-bigdraw-2018\\\/\"},\"wordCount\":215,\"commentCount\":0,\"publisher\":{\"@id\":\"https:\\\/\\\/www.casaldelsinfants.org\\\/es\\\/#organization\"},\"image\":{\"@id\":\"https:\\\/\\\/www.casaldelsinfants.org\\\/es\\\/actualidad\\\/el-casal-dels-infants-acoge-un-taller-de-comic-del-bigdraw-2018\\\/#primaryimage\"},\"thumbnailUrl\":\"https:\\\/\\\/www.casaldelsinfants.org\\\/wp-content\\\/uploads\\\/dp8pdulwkaa7oav_1.jpg\",\"articleSection\":[\"Noticia\"],\"inLanguage\":\"es\",\"potentialAction\":[{\"@type\":\"CommentAction\",\"name\":\"Comment\",\"target\":[\"https:\\\/\\\/www.casaldelsinfants.org\\\/es\\\/actualidad\\\/el-casal-dels-infants-acoge-un-taller-de-comic-del-bigdraw-2018\\\/#respond\"]}]},{\"@type\":\"WebPage\",\"@id\":\"https:\\\/\\\/www.casaldelsinfants.org\\\/es\\\/actualidad\\\/el-casal-dels-infants-acoge-un-taller-de-comic-del-bigdraw-2018\\\/\",\"url\":\"https:\\\/\\\/www.casaldelsinfants.org\\\/es\\\/actualidad\\\/el-casal-dels-infants-acoge-un-taller-de-comic-del-bigdraw-2018\\\/\",\"name\":\"El Casal dels Infants acoge un taller de c\u00f3mic del BigDraw 2018 - Casal dels Infants\",\"isPartOf\":{\"@id\":\"https:\\\/\\\/www.casaldelsinfants.org\\\/es\\\/#website\"},\"primaryImageOfPage\":{\"@id\":\"https:\\\/\\\/www.casaldelsinfants.org\\\/es\\\/actualidad\\\/el-casal-dels-infants-acoge-un-taller-de-comic-del-bigdraw-2018\\\/#primaryimage\"},\"image\":{\"@id\":\"https:\\\/\\\/www.casaldelsinfants.org\\\/es\\\/actualidad\\\/el-casal-dels-infants-acoge-un-taller-de-comic-del-bigdraw-2018\\\/#primaryimage\"},\"thumbnailUrl\":\"https:\\\/\\\/www.casaldelsinfants.org\\\/wp-content\\\/uploads\\\/dp8pdulwkaa7oav_1.jpg\",\"datePublished\":\"2018-10-22T12:21:17+00:00\",\"dateModified\":\"2023-05-01T17:01:44+00:00\",\"breadcrumb\":{\"@id\":\"https:\\\/\\\/www.casaldelsinfants.org\\\/es\\\/actualidad\\\/el-casal-dels-infants-acoge-un-taller-de-comic-del-bigdraw-2018\\\/#breadcrumb\"},\"inLanguage\":\"es\",\"potentialAction\":[{\"@type\":\"ReadAction\",\"target\":[\"https:\\\/\\\/www.casaldelsinfants.org\\\/es\\\/actualidad\\\/el-casal-dels-infants-acoge-un-taller-de-comic-del-bigdraw-2018\\\/\"]}]},{\"@type\":\"ImageObject\",\"inLanguage\":\"es\",\"@id\":\"https:\\\/\\\/www.casaldelsinfants.org\\\/es\\\/actualidad\\\/el-casal-dels-infants-acoge-un-taller-de-comic-del-bigdraw-2018\\\/#primaryimage\",\"url\":\"https:\\\/\\\/www.casaldelsinfants.org\\\/wp-content\\\/uploads\\\/dp8pdulwkaa7oav_1.jpg\",\"contentUrl\":\"https:\\\/\\\/www.casaldelsinfants.org\\\/wp-content\\\/uploads\\\/dp8pdulwkaa7oav_1.jpg\",\"width\":1920,\"height\":1080,\"caption\":\"El Casal dels Infants acull un taller de c\u00f2mic del BigDraw 2018\"},{\"@type\":\"BreadcrumbList\",\"@id\":\"https:\\\/\\\/www.casaldelsinfants.org\\\/es\\\/actualidad\\\/el-casal-dels-infants-acoge-un-taller-de-comic-del-bigdraw-2018\\\/#breadcrumb\",\"itemListElement\":[{\"@type\":\"ListItem\",\"position\":1,\"name\":\"Inici\",\"item\":\"https:\\\/\\\/www.casaldelsinfants.org\\\/es\\\/\"},{\"@type\":\"ListItem\",\"position\":2,\"name\":\"El Casal dels Infants acoge un taller de c\u00f3mic del BigDraw 2018\"}]},{\"@type\":\"WebSite\",\"@id\":\"https:\\\/\\\/www.casaldelsinfants.org\\\/es\\\/#website\",\"url\":\"https:\\\/\\\/www.casaldelsinfants.org\\\/es\\\/\",\"name\":\"Casal dels Infants\",\"description\":\"\",\"publisher\":{\"@id\":\"https:\\\/\\\/www.casaldelsinfants.org\\\/es\\\/#organization\"},\"potentialAction\":[{\"@type\":\"SearchAction\",\"target\":{\"@type\":\"EntryPoint\",\"urlTemplate\":\"https:\\\/\\\/www.casaldelsinfants.org\\\/es\\\/?s={search_term_string}\"},\"query-input\":{\"@type\":\"PropertyValueSpecification\",\"valueRequired\":true,\"valueName\":\"search_term_string\"}}],\"inLanguage\":\"es\"},{\"@type\":\"Organization\",\"@id\":\"https:\\\/\\\/www.casaldelsinfants.org\\\/es\\\/#organization\",\"name\":\"Casal dels Infants\",\"url\":\"https:\\\/\\\/www.casaldelsinfants.org\\\/es\\\/\",\"logo\":{\"@type\":\"ImageObject\",\"inLanguage\":\"es\",\"@id\":\"https:\\\/\\\/www.casaldelsinfants.org\\\/es\\\/#\\\/schema\\\/logo\\\/image\\\/\",\"url\":\"https:\\\/\\\/www.casaldelsinfants.org\\\/wp-content\\\/uploads\\\/logo-mail.png\",\"contentUrl\":\"https:\\\/\\\/www.casaldelsinfants.org\\\/wp-content\\\/uploads\\\/logo-mail.png\",\"width\":380,\"height\":158,\"caption\":\"Casal dels Infants\"},\"image\":{\"@id\":\"https:\\\/\\\/www.casaldelsinfants.org\\\/es\\\/#\\\/schema\\\/logo\\\/image\\\/\"},\"sameAs\":[\"https:\\\/\\\/www.facebook.com\\\/casalinfants\",\"https:\\\/\\\/x.com\\\/casalinfants\",\"https:\\\/\\\/www.youtube.com\\\/user\\\/CasaldelsInfants1\",\"https:\\\/\\\/www.instagram.com\\\/casalinfants\\\/\",\"https:\\\/\\\/www.linkedin.com\\\/company\\\/casaldelsinfants?trk=organization-update_share-update_actor-text\"]},{\"@type\":\"Person\",\"@id\":\"https:\\\/\\\/www.casaldelsinfants.org\\\/es\\\/#\\\/schema\\\/person\\\/97707fc8c64900cf36891127dbf9fba8\",\"name\":\"cdiAdmin\",\"sameAs\":[\"https:\\\/\\\/casaldelsinfants.org\"]}]}<\/script>\n<!-- \/ Yoast SEO plugin. -->","yoast_head_json":{"title":"El Casal dels Infants acoge un taller de c\u00f3mic del BigDraw 2018 - Casal dels Infants","robots":{"index":"index","follow":"follow","max-snippet":"max-snippet:-1","max-image-preview":"max-image-preview:large","max-video-preview":"max-video-preview:-1"},"canonical":"https:\/\/www.casaldelsinfants.org\/es\/actualidad\/el-casal-dels-infants-acoge-un-taller-de-comic-del-bigdraw-2018\/","og_locale":"es_ES","og_type":"article","og_title":"El Casal dels Infants acoge un taller de c\u00f3mic del BigDraw 2018 - Casal dels Infants","og_description":"El Casal dels Infants participar\u00e1 el domingo 28 de octubre en el\u00a0BigDraw 2018, la fiesta del dibujo de Barcelona, con una iniciativa divertida y creativa: un taller gratuito y para todos los p\u00fablicos en el que, entre los participantes y con la dinamizaci\u00f3n del artista Benzo, se crear\u00e1 un c\u00f3mico conjunto. El taller se llamar\u00e1 [&hellip;]","og_url":"https:\/\/www.casaldelsinfants.org\/es\/actualidad\/el-casal-dels-infants-acoge-un-taller-de-comic-del-bigdraw-2018\/","og_site_name":"Casal dels Infants","article_publisher":"https:\/\/www.facebook.com\/casalinfants","article_published_time":"2018-10-22T12:21:17+00:00","article_modified_time":"2023-05-01T17:01:44+00:00","og_image":[{"width":1920,"height":1080,"url":"https:\/\/www.casaldelsinfants.org\/wp-content\/uploads\/dp8pdulwkaa7oav_1.jpg","type":"image\/jpeg"}],"author":"cdiAdmin","twitter_card":"summary_large_image","twitter_creator":"@casalinfants","twitter_site":"@casalinfants","twitter_misc":{"Escrito por":"cdiAdmin","Tiempo de lectura":"1 minuto"},"schema":{"@context":"https:\/\/schema.org","@graph":[{"@type":"Article","@id":"https:\/\/www.casaldelsinfants.org\/es\/actualidad\/el-casal-dels-infants-acoge-un-taller-de-comic-del-bigdraw-2018\/#article","isPartOf":{"@id":"https:\/\/www.casaldelsinfants.org\/es\/actualidad\/el-casal-dels-infants-acoge-un-taller-de-comic-del-bigdraw-2018\/"},"author":{"name":"cdiAdmin","@id":"https:\/\/www.casaldelsinfants.org\/es\/#\/schema\/person\/97707fc8c64900cf36891127dbf9fba8"},"headline":"El Casal dels Infants acoge un taller de c\u00f3mic del BigDraw 2018","datePublished":"2018-10-22T12:21:17+00:00","dateModified":"2023-05-01T17:01:44+00:00","mainEntityOfPage":{"@id":"https:\/\/www.casaldelsinfants.org\/es\/actualidad\/el-casal-dels-infants-acoge-un-taller-de-comic-del-bigdraw-2018\/"},"wordCount":215,"commentCount":0,"publisher":{"@id":"https:\/\/www.casaldelsinfants.org\/es\/#organization"},"image":{"@id":"https:\/\/www.casaldelsinfants.org\/es\/actualidad\/el-casal-dels-infants-acoge-un-taller-de-comic-del-bigdraw-2018\/#primaryimage"},"thumbnailUrl":"https:\/\/www.casaldelsinfants.org\/wp-content\/uploads\/dp8pdulwkaa7oav_1.jpg","articleSection":["Noticia"],"inLanguage":"es","potentialAction":[{"@type":"CommentAction","name":"Comment","target":["https:\/\/www.casaldelsinfants.org\/es\/actualidad\/el-casal-dels-infants-acoge-un-taller-de-comic-del-bigdraw-2018\/#respond"]}]},{"@type":"WebPage","@id":"https:\/\/www.casaldelsinfants.org\/es\/actualidad\/el-casal-dels-infants-acoge-un-taller-de-comic-del-bigdraw-2018\/","url":"https:\/\/www.casaldelsinfants.org\/es\/actualidad\/el-casal-dels-infants-acoge-un-taller-de-comic-del-bigdraw-2018\/","name":"El Casal dels Infants acoge un taller de c\u00f3mic del BigDraw 2018 - Casal dels Infants","isPartOf":{"@id":"https:\/\/www.casaldelsinfants.org\/es\/#website"},"primaryImageOfPage":{"@id":"https:\/\/www.casaldelsinfants.org\/es\/actualidad\/el-casal-dels-infants-acoge-un-taller-de-comic-del-bigdraw-2018\/#primaryimage"},"image":{"@id":"https:\/\/www.casaldelsinfants.org\/es\/actualidad\/el-casal-dels-infants-acoge-un-taller-de-comic-del-bigdraw-2018\/#primaryimage"},"thumbnailUrl":"https:\/\/www.casaldelsinfants.org\/wp-content\/uploads\/dp8pdulwkaa7oav_1.jpg","datePublished":"2018-10-22T12:21:17+00:00","dateModified":"2023-05-01T17:01:44+00:00","breadcrumb":{"@id":"https:\/\/www.casaldelsinfants.org\/es\/actualidad\/el-casal-dels-infants-acoge-un-taller-de-comic-del-bigdraw-2018\/#breadcrumb"},"inLanguage":"es","potentialAction":[{"@type":"ReadAction","target":["https:\/\/www.casaldelsinfants.org\/es\/actualidad\/el-casal-dels-infants-acoge-un-taller-de-comic-del-bigdraw-2018\/"]}]},{"@type":"ImageObject","inLanguage":"es","@id":"https:\/\/www.casaldelsinfants.org\/es\/actualidad\/el-casal-dels-infants-acoge-un-taller-de-comic-del-bigdraw-2018\/#primaryimage","url":"https:\/\/www.casaldelsinfants.org\/wp-content\/uploads\/dp8pdulwkaa7oav_1.jpg","contentUrl":"https:\/\/www.casaldelsinfants.org\/wp-content\/uploads\/dp8pdulwkaa7oav_1.jpg","width":1920,"height":1080,"caption":"El Casal dels Infants acull un taller de c\u00f2mic del BigDraw 2018"},{"@type":"BreadcrumbList","@id":"https:\/\/www.casaldelsinfants.org\/es\/actualidad\/el-casal-dels-infants-acoge-un-taller-de-comic-del-bigdraw-2018\/#breadcrumb","itemListElement":[{"@type":"ListItem","position":1,"name":"Inici","item":"https:\/\/www.casaldelsinfants.org\/es\/"},{"@type":"ListItem","position":2,"name":"El Casal dels Infants acoge un taller de c\u00f3mic del BigDraw 2018"}]},{"@type":"WebSite","@id":"https:\/\/www.casaldelsinfants.org\/es\/#website","url":"https:\/\/www.casaldelsinfants.org\/es\/","name":"Casal dels Infants","description":"","publisher":{"@id":"https:\/\/www.casaldelsinfants.org\/es\/#organization"},"potentialAction":[{"@type":"SearchAction","target":{"@type":"EntryPoint","urlTemplate":"https:\/\/www.casaldelsinfants.org\/es\/?s={search_term_string}"},"query-input":{"@type":"PropertyValueSpecification","valueRequired":true,"valueName":"search_term_string"}}],"inLanguage":"es"},{"@type":"Organization","@id":"https:\/\/www.casaldelsinfants.org\/es\/#organization","name":"Casal dels Infants","url":"https:\/\/www.casaldelsinfants.org\/es\/","logo":{"@type":"ImageObject","inLanguage":"es","@id":"https:\/\/www.casaldelsinfants.org\/es\/#\/schema\/logo\/image\/","url":"https:\/\/www.casaldelsinfants.org\/wp-content\/uploads\/logo-mail.png","contentUrl":"https:\/\/www.casaldelsinfants.org\/wp-content\/uploads\/logo-mail.png","width":380,"height":158,"caption":"Casal dels Infants"},"image":{"@id":"https:\/\/www.casaldelsinfants.org\/es\/#\/schema\/logo\/image\/"},"sameAs":["https:\/\/www.facebook.com\/casalinfants","https:\/\/x.com\/casalinfants","https:\/\/www.youtube.com\/user\/CasaldelsInfants1","https:\/\/www.instagram.com\/casalinfants\/","https:\/\/www.linkedin.com\/company\/casaldelsinfants?trk=organization-update_share-update_actor-text"]},{"@type":"Person","@id":"https:\/\/www.casaldelsinfants.org\/es\/#\/schema\/person\/97707fc8c64900cf36891127dbf9fba8","name":"cdiAdmin","sameAs":["https:\/\/casaldelsinfants.org"]}]}},"publishpress_future_action":{"enabled":false,"date":"2026-05-07 10:36:23","action":"change-status","newStatus":"draft","terms":[],"taxonomy":"category","extraData":[]},"publishpress_future_workflow_manual_trigger":{"enabledWorkflows":[]},"_links":{"self":[{"href":"https:\/\/www.casaldelsinfants.org\/es\/wp-json\/wp\/v2\/posts\/4475","targetHints":{"allow":["GET"]}}],"collection":[{"href":"https:\/\/www.casaldelsinfants.org\/es\/wp-json\/wp\/v2\/posts"}],"about":[{"href":"https:\/\/www.casaldelsinfants.org\/es\/wp-json\/wp\/v2\/types\/post"}],"author":[{"embeddable":true,"href":"https:\/\/www.casaldelsinfants.org\/es\/wp-json\/wp\/v2\/users\/1"}],"replies":[{"embeddable":true,"href":"https:\/\/www.casaldelsinfants.org\/es\/wp-json\/wp\/v2\/comments?post=4475"}],"version-history":[{"count":1,"href":"https:\/\/www.casaldelsinfants.org\/es\/wp-json\/wp\/v2\/posts\/4475\/revisions"}],"predecessor-version":[{"id":6404,"href":"https:\/\/www.casaldelsinfants.org\/es\/wp-json\/wp\/v2\/posts\/4475\/revisions\/6404"}],"wp:featuredmedia":[{"embeddable":true,"href":"https:\/\/www.casaldelsinfants.org\/es\/wp-json\/wp\/v2\/media\/3436"}],"wp:attachment":[{"href":"https:\/\/www.casaldelsinfants.org\/es\/wp-json\/wp\/v2\/media?parent=4475"}],"wp:term":[{"taxonomy":"category","embeddable":true,"href":"https:\/\/www.casaldelsinfants.org\/es\/wp-json\/wp\/v2\/categories?post=4475"},{"taxonomy":"post_tag","embeddable":true,"href":"https:\/\/www.casaldelsinfants.org\/es\/wp-json\/wp\/v2\/tags?post=4475"},{"taxonomy":"seus","embeddable":true,"href":"https:\/\/www.casaldelsinfants.org\/es\/wp-json\/wp\/v2\/seus?post=4475"},{"taxonomy":"eixos","embeddable":true,"href":"https:\/\/www.casaldelsinfants.org\/es\/wp-json\/wp\/v2\/eixos?post=4475"}],"curies":[{"name":"wp","href":"https:\/\/api.w.org\/{rel}","templated":true}]}}