{"id":4477,"date":"2018-10-17T10:58:36","date_gmt":"2018-10-17T08:58:36","guid":{"rendered":"https:\/\/casal.puntzero.cat\/noticies\/el-casal-dels-infants-i-una-setantena-de-restaurants-presenten-la-8a-edicio-de-la-tapa\/"},"modified":"2023-05-01T19:01:52","modified_gmt":"2023-05-01T17:01:52","slug":"el-casal-dels-infants-i-una-setantena-de-restaurants-presenten-la-8a-edicio-de-la-tapa","status":"publish","type":"post","link":"https:\/\/www.casaldelsinfants.org\/es\/actualidad\/el-casal-dels-infants-y-70-restaurantes-presentan-la-8a-edicion-de-la-tapa-solidaria\/","title":{"rendered":"El Casal dels Infants y 70 restaurantes presentan la 8\u00aa edici\u00f3n de la Tapa Solid\u00e0ria"},"content":{"rendered":"<div>\n<p><span style=\"color:#000000;\">El\u00a0Casal dels Infants\u00a0y representantes de 70 restaurantes catalanes presentaron el s\u00e1bado 13 de febrero la 8a edici\u00f3n de la Tapa Solid\u00e0ria con un desayuno en el restaurante Disfrutar de Barcelona, de los cocineros Eduard Xatruch, Oriol Castro y Mateu Casa\u00f1as. Cada restaurante participante ha elegido una tapa concreta de su carta para la iniciativa, y donar\u00e1 0,50 euros por cada unidad que se venda hasta el 13 de enero.<\/span><\/p>\n<p><span style=\"color:#000000;\">Como en las ediciones previas, los ingresos se destinar\u00e1n al proyecto Vincles del Casal dels Infants, un espacio maternoinfantil que el curso pasado acompa\u00f1\u00f3 a m\u00e1s de 730 madres y sus hijos menores de 3 a\u00f1os en situaci\u00f3n de vulnerabilidad.<\/span><\/p>\n<p><span style=\"color:#000000;\">En Vincles los ni\u00f1os y ni\u00f1as adquieren los h\u00e1bitos y conocimientos b\u00e1sicos para empezar la etapa escolar con garant\u00edas de \u00e9xito. Las madres, a menudo mujeres inmigradas, refuerzan su v\u00ednculo con su hijo o hija en el proceso de crianza, trabajan competencias, conocen los recursos que les ofrece el barrio y construyen una red de apoyo entre ellas.<\/span><\/p>\n<p><span style=\"color:#000000;\">En esta edici\u00f3n, la p\u00e1gina web <\/span><a href=\"http:\/\/www.tapasolidaria.cat\"><span style=\"color:#000000;\">www.tapasolidaria.cat<\/span><\/a><span style=\"color:#000000;\"> ofrecer\u00e1 toda la informaci\u00f3n sobre los restaurantes participantes, las tapas seleccionadas y el impacto que tendr\u00e1 el dinero recaudado para el proyecto Vincles.<\/span><\/p>\n<p><span style=\"color:#000000;\"><strong>Oportunidades contra el fracaso escolar<\/strong><\/span><\/p>\n<p><span style=\"color:#000000;\">Los anfitriones de la presentaci\u00f3n mencionaron el honor que representa para el restaurante Disfrutar acoger la presentaci\u00f3n de la 8\u00aa Tapa Solidaria y destacaron el impacto que la iniciativa supone para muchos ni\u00f1os: \u201cTodos hemos sido ni\u00f1os y j\u00f3venes, y sabemos lo importante que es aprender a confiar en las capacidades de cada uno y poder contar con oportunidades\u201d.<\/span><\/p>\n<\/div>\n<p><span style=\"color:#000000;\">En cuanto a la directora general del Casal dels Infants, Rosa Balaguer, ha agradecido el compromiso de los restaurantes participantes y ha se\u00f1alado que los ni\u00f1os y ni\u00f1as de familias que afrontan situaciones de vulnerabilidad se encuentran con m\u00e1s obst\u00e1culos en los estudios: \u201cGarantizarles espacios de aprendizaje desde bien peque\u00f1os y darles herramientas a sus padres y madres para que puedan participar en el proceso educativo de los ni\u00f1os es clave para luchar contra el fracaso escolar\u201d.<\/span><\/p>\n<p><span style=\"color:#000000;\">Por \u00faltimo, Llu\u00eds Prats, voluntario del Casal dels Infants, se mostr\u00f3 convencido<span style=\"font-size:13.0pt\"><span style=\"background:white\"><span style=\"line-height:115%\"><span style=\"font-family:&quot;MyriadPro-Regular&quot;,&quot;serif&quot;\">de que esta nueva edici\u00f3n de la Tapa Solid\u00e0ria repetir\u00e1 los \u00e9xitos precedentes: <\/span><\/span><\/span><\/span><span lang=\"EN-US\" style=\"font-size:13.0pt\" xml_lang=\"EN-US\"><span style=\"background:white\"><span style=\"line-height:115%\"><span style=\"font-family:&quot;Calibri&quot;,&quot;sans-serif&quot;\">\u201c<\/span><\/span><\/span><\/span><span style=\"font-size:13.0pt\"><span style=\"background:white\"><span style=\"line-height:115%\"><span style=\"font-family:&quot;MyriadPro-Regular&quot;,&quot;serif&quot;\">En estos ocho a\u00f1os, los restaurantes participantes en la Tapa Solid\u00e0ria han demostrado su compromiso con la igualdad de oportunidades recaudando m\u00e1s de 170.000 euros para el Casal dels Infants.<\/span><\/span><\/span><\/span><br \/>\n<br style=\"box-sizing:border-box\" \/><br \/>\nEl desayuno del acto lo elabor\u00f3 el equipo de Escriv\u00e1 y lo sirvieron alumnos del Aula d\u2019Hostaleria, uno de los proyectos de formaci\u00f3n e inserci\u00f3n socioal y laboral del Casal dels Infants.<\/span><span style=\"font-size:13.0pt\"><span style=\"background:white\"><span style=\"line-height:115%\"><span style=\"font-family:&quot;MyriadPro-Regular&quot;,&quot;serif&quot;\"><span style=\"color:black\"> <\/span><\/span><\/span><\/span><\/span><\/p>\n","protected":false},"excerpt":{"rendered":"<p>El\u00a0Casal dels Infants\u00a0y representantes de 70 restaurantes catalanes presentaron el s\u00e1bado 13 de febrero la 8a edici\u00f3n de la Tapa Solid\u00e0ria con un desayuno en el restaurante Disfrutar de Barcelona, de los cocineros Eduard Xatruch, Oriol Castro y Mateu Casa\u00f1as. Cada restaurante participante ha elegido una tapa concreta de su carta para la iniciativa, y [&hellip;]<\/p>\n","protected":false},"author":1,"featured_media":3442,"comment_status":"open","ping_status":"open","sticky":false,"template":"","format":"standard","meta":{"_acf_changed":false,"_et_pb_use_builder":"","_et_pb_old_content":"","_et_gb_content_width":"","inline_featured_image":false,"footnotes":""},"categories":[125],"tags":[],"seus":[],"eixos":[],"class_list":["post-4477","post","type-post","status-publish","format-standard","has-post-thumbnail","hentry","category-noticias"],"acf":[],"yoast_head":"<!-- This site is optimized with the Yoast SEO plugin v27.4 - https:\/\/yoast.com\/product\/yoast-seo-wordpress\/ -->\n<title>El Casal dels Infants y 70 restaurantes presentan la 8\u00aa edici\u00f3n de la Tapa Solid\u00e0ria - Casal dels Infants<\/title>\n<meta name=\"robots\" content=\"index, follow, max-snippet:-1, max-image-preview:large, max-video-preview:-1\" \/>\n<link rel=\"canonical\" href=\"https:\/\/www.casaldelsinfants.org\/es\/actualidad\/el-casal-dels-infants-y-70-restaurantes-presentan-la-8a-edicion-de-la-tapa-solidaria\/\" \/>\n<meta property=\"og:locale\" content=\"es_ES\" \/>\n<meta property=\"og:type\" content=\"article\" \/>\n<meta property=\"og:title\" content=\"El Casal dels Infants y 70 restaurantes presentan la 8\u00aa edici\u00f3n de la Tapa Solid\u00e0ria - Casal dels Infants\" \/>\n<meta property=\"og:description\" content=\"El\u00a0Casal dels Infants\u00a0y representantes de 70 restaurantes catalanes presentaron el s\u00e1bado 13 de febrero la 8a edici\u00f3n de la Tapa Solid\u00e0ria con un desayuno en el restaurante Disfrutar de Barcelona, de los cocineros Eduard Xatruch, Oriol Castro y Mateu Casa\u00f1as. Cada restaurante participante ha elegido una tapa concreta de su carta para la iniciativa, y [&hellip;]\" \/>\n<meta property=\"og:url\" content=\"https:\/\/www.casaldelsinfants.org\/es\/actualidad\/el-casal-dels-infants-y-70-restaurantes-presentan-la-8a-edicion-de-la-tapa-solidaria\/\" \/>\n<meta property=\"og:site_name\" content=\"Casal dels Infants\" \/>\n<meta property=\"article:publisher\" content=\"https:\/\/www.facebook.com\/casalinfants\" \/>\n<meta property=\"article:published_time\" content=\"2018-10-17T08:58:36+00:00\" \/>\n<meta property=\"article:modified_time\" content=\"2023-05-01T17:01:52+00:00\" \/>\n<meta property=\"og:image\" content=\"https:\/\/www.casaldelsinfants.org\/wp-content\/uploads\/foto_presentacio_tapa_solidaria.jpg\" \/>\n\t<meta property=\"og:image:width\" content=\"800\" \/>\n\t<meta property=\"og:image:height\" content=\"600\" \/>\n\t<meta property=\"og:image:type\" content=\"image\/jpeg\" \/>\n<meta name=\"author\" content=\"cdiAdmin\" \/>\n<meta name=\"twitter:card\" content=\"summary_large_image\" \/>\n<meta name=\"twitter:creator\" content=\"@casalinfants\" \/>\n<meta name=\"twitter:site\" content=\"@casalinfants\" \/>\n<meta name=\"twitter:label1\" content=\"Escrito por\" \/>\n\t<meta name=\"twitter:data1\" content=\"cdiAdmin\" \/>\n\t<meta name=\"twitter:label2\" content=\"Tiempo de lectura\" \/>\n\t<meta name=\"twitter:data2\" content=\"2 minutos\" \/>\n<script type=\"application\/ld+json\" class=\"yoast-schema-graph\">{\"@context\":\"https:\\\/\\\/schema.org\",\"@graph\":[{\"@type\":\"Article\",\"@id\":\"https:\\\/\\\/www.casaldelsinfants.org\\\/es\\\/actualidad\\\/el-casal-dels-infants-y-70-restaurantes-presentan-la-8a-edicion-de-la-tapa-solidaria\\\/#article\",\"isPartOf\":{\"@id\":\"https:\\\/\\\/www.casaldelsinfants.org\\\/es\\\/actualidad\\\/el-casal-dels-infants-y-70-restaurantes-presentan-la-8a-edicion-de-la-tapa-solidaria\\\/\"},\"author\":{\"name\":\"cdiAdmin\",\"@id\":\"https:\\\/\\\/www.casaldelsinfants.org\\\/es\\\/#\\\/schema\\\/person\\\/97707fc8c64900cf36891127dbf9fba8\"},\"headline\":\"El Casal dels Infants y 70 restaurantes presentan la 8\u00aa edici\u00f3n de la Tapa Solid\u00e0ria\",\"datePublished\":\"2018-10-17T08:58:36+00:00\",\"dateModified\":\"2023-05-01T17:01:52+00:00\",\"mainEntityOfPage\":{\"@id\":\"https:\\\/\\\/www.casaldelsinfants.org\\\/es\\\/actualidad\\\/el-casal-dels-infants-y-70-restaurantes-presentan-la-8a-edicion-de-la-tapa-solidaria\\\/\"},\"wordCount\":474,\"commentCount\":0,\"publisher\":{\"@id\":\"https:\\\/\\\/www.casaldelsinfants.org\\\/es\\\/#organization\"},\"image\":{\"@id\":\"https:\\\/\\\/www.casaldelsinfants.org\\\/es\\\/actualidad\\\/el-casal-dels-infants-y-70-restaurantes-presentan-la-8a-edicion-de-la-tapa-solidaria\\\/#primaryimage\"},\"thumbnailUrl\":\"https:\\\/\\\/www.casaldelsinfants.org\\\/wp-content\\\/uploads\\\/foto_presentacio_tapa_solidaria.jpg\",\"articleSection\":[\"Noticia\"],\"inLanguage\":\"es\",\"potentialAction\":[{\"@type\":\"CommentAction\",\"name\":\"Comment\",\"target\":[\"https:\\\/\\\/www.casaldelsinfants.org\\\/es\\\/actualidad\\\/el-casal-dels-infants-y-70-restaurantes-presentan-la-8a-edicion-de-la-tapa-solidaria\\\/#respond\"]}]},{\"@type\":\"WebPage\",\"@id\":\"https:\\\/\\\/www.casaldelsinfants.org\\\/es\\\/actualidad\\\/el-casal-dels-infants-y-70-restaurantes-presentan-la-8a-edicion-de-la-tapa-solidaria\\\/\",\"url\":\"https:\\\/\\\/www.casaldelsinfants.org\\\/es\\\/actualidad\\\/el-casal-dels-infants-y-70-restaurantes-presentan-la-8a-edicion-de-la-tapa-solidaria\\\/\",\"name\":\"El Casal dels Infants y 70 restaurantes presentan la 8\u00aa edici\u00f3n de la Tapa Solid\u00e0ria - Casal dels Infants\",\"isPartOf\":{\"@id\":\"https:\\\/\\\/www.casaldelsinfants.org\\\/es\\\/#website\"},\"primaryImageOfPage\":{\"@id\":\"https:\\\/\\\/www.casaldelsinfants.org\\\/es\\\/actualidad\\\/el-casal-dels-infants-y-70-restaurantes-presentan-la-8a-edicion-de-la-tapa-solidaria\\\/#primaryimage\"},\"image\":{\"@id\":\"https:\\\/\\\/www.casaldelsinfants.org\\\/es\\\/actualidad\\\/el-casal-dels-infants-y-70-restaurantes-presentan-la-8a-edicion-de-la-tapa-solidaria\\\/#primaryimage\"},\"thumbnailUrl\":\"https:\\\/\\\/www.casaldelsinfants.org\\\/wp-content\\\/uploads\\\/foto_presentacio_tapa_solidaria.jpg\",\"datePublished\":\"2018-10-17T08:58:36+00:00\",\"dateModified\":\"2023-05-01T17:01:52+00:00\",\"breadcrumb\":{\"@id\":\"https:\\\/\\\/www.casaldelsinfants.org\\\/es\\\/actualidad\\\/el-casal-dels-infants-y-70-restaurantes-presentan-la-8a-edicion-de-la-tapa-solidaria\\\/#breadcrumb\"},\"inLanguage\":\"es\",\"potentialAction\":[{\"@type\":\"ReadAction\",\"target\":[\"https:\\\/\\\/www.casaldelsinfants.org\\\/es\\\/actualidad\\\/el-casal-dels-infants-y-70-restaurantes-presentan-la-8a-edicion-de-la-tapa-solidaria\\\/\"]}]},{\"@type\":\"ImageObject\",\"inLanguage\":\"es\",\"@id\":\"https:\\\/\\\/www.casaldelsinfants.org\\\/es\\\/actualidad\\\/el-casal-dels-infants-y-70-restaurantes-presentan-la-8a-edicion-de-la-tapa-solidaria\\\/#primaryimage\",\"url\":\"https:\\\/\\\/www.casaldelsinfants.org\\\/wp-content\\\/uploads\\\/foto_presentacio_tapa_solidaria.jpg\",\"contentUrl\":\"https:\\\/\\\/www.casaldelsinfants.org\\\/wp-content\\\/uploads\\\/foto_presentacio_tapa_solidaria.jpg\",\"width\":800,\"height\":600,\"caption\":\"Foto de grup dels participants a l'event de la tapa solid\u00e0ria.\"},{\"@type\":\"BreadcrumbList\",\"@id\":\"https:\\\/\\\/www.casaldelsinfants.org\\\/es\\\/actualidad\\\/el-casal-dels-infants-y-70-restaurantes-presentan-la-8a-edicion-de-la-tapa-solidaria\\\/#breadcrumb\",\"itemListElement\":[{\"@type\":\"ListItem\",\"position\":1,\"name\":\"Inici\",\"item\":\"https:\\\/\\\/www.casaldelsinfants.org\\\/es\\\/\"},{\"@type\":\"ListItem\",\"position\":2,\"name\":\"El Casal dels Infants y 70 restaurantes presentan la 8\u00aa edici\u00f3n de la Tapa Solid\u00e0ria\"}]},{\"@type\":\"WebSite\",\"@id\":\"https:\\\/\\\/www.casaldelsinfants.org\\\/es\\\/#website\",\"url\":\"https:\\\/\\\/www.casaldelsinfants.org\\\/es\\\/\",\"name\":\"Casal dels Infants\",\"description\":\"\",\"publisher\":{\"@id\":\"https:\\\/\\\/www.casaldelsinfants.org\\\/es\\\/#organization\"},\"potentialAction\":[{\"@type\":\"SearchAction\",\"target\":{\"@type\":\"EntryPoint\",\"urlTemplate\":\"https:\\\/\\\/www.casaldelsinfants.org\\\/es\\\/?s={search_term_string}\"},\"query-input\":{\"@type\":\"PropertyValueSpecification\",\"valueRequired\":true,\"valueName\":\"search_term_string\"}}],\"inLanguage\":\"es\"},{\"@type\":\"Organization\",\"@id\":\"https:\\\/\\\/www.casaldelsinfants.org\\\/es\\\/#organization\",\"name\":\"Casal dels Infants\",\"url\":\"https:\\\/\\\/www.casaldelsinfants.org\\\/es\\\/\",\"logo\":{\"@type\":\"ImageObject\",\"inLanguage\":\"es\",\"@id\":\"https:\\\/\\\/www.casaldelsinfants.org\\\/es\\\/#\\\/schema\\\/logo\\\/image\\\/\",\"url\":\"https:\\\/\\\/www.casaldelsinfants.org\\\/wp-content\\\/uploads\\\/logo-mail.png\",\"contentUrl\":\"https:\\\/\\\/www.casaldelsinfants.org\\\/wp-content\\\/uploads\\\/logo-mail.png\",\"width\":380,\"height\":158,\"caption\":\"Casal dels Infants\"},\"image\":{\"@id\":\"https:\\\/\\\/www.casaldelsinfants.org\\\/es\\\/#\\\/schema\\\/logo\\\/image\\\/\"},\"sameAs\":[\"https:\\\/\\\/www.facebook.com\\\/casalinfants\",\"https:\\\/\\\/x.com\\\/casalinfants\",\"https:\\\/\\\/www.youtube.com\\\/user\\\/CasaldelsInfants1\",\"https:\\\/\\\/www.instagram.com\\\/casalinfants\\\/\",\"https:\\\/\\\/www.linkedin.com\\\/company\\\/casaldelsinfants?trk=organization-update_share-update_actor-text\"]},{\"@type\":\"Person\",\"@id\":\"https:\\\/\\\/www.casaldelsinfants.org\\\/es\\\/#\\\/schema\\\/person\\\/97707fc8c64900cf36891127dbf9fba8\",\"name\":\"cdiAdmin\",\"sameAs\":[\"https:\\\/\\\/casaldelsinfants.org\"]}]}<\/script>\n<!-- \/ Yoast SEO plugin. -->","yoast_head_json":{"title":"El Casal dels Infants y 70 restaurantes presentan la 8\u00aa edici\u00f3n de la Tapa Solid\u00e0ria - Casal dels Infants","robots":{"index":"index","follow":"follow","max-snippet":"max-snippet:-1","max-image-preview":"max-image-preview:large","max-video-preview":"max-video-preview:-1"},"canonical":"https:\/\/www.casaldelsinfants.org\/es\/actualidad\/el-casal-dels-infants-y-70-restaurantes-presentan-la-8a-edicion-de-la-tapa-solidaria\/","og_locale":"es_ES","og_type":"article","og_title":"El Casal dels Infants y 70 restaurantes presentan la 8\u00aa edici\u00f3n de la Tapa Solid\u00e0ria - Casal dels Infants","og_description":"El\u00a0Casal dels Infants\u00a0y representantes de 70 restaurantes catalanes presentaron el s\u00e1bado 13 de febrero la 8a edici\u00f3n de la Tapa Solid\u00e0ria con un desayuno en el restaurante Disfrutar de Barcelona, de los cocineros Eduard Xatruch, Oriol Castro y Mateu Casa\u00f1as. Cada restaurante participante ha elegido una tapa concreta de su carta para la iniciativa, y [&hellip;]","og_url":"https:\/\/www.casaldelsinfants.org\/es\/actualidad\/el-casal-dels-infants-y-70-restaurantes-presentan-la-8a-edicion-de-la-tapa-solidaria\/","og_site_name":"Casal dels Infants","article_publisher":"https:\/\/www.facebook.com\/casalinfants","article_published_time":"2018-10-17T08:58:36+00:00","article_modified_time":"2023-05-01T17:01:52+00:00","og_image":[{"width":800,"height":600,"url":"https:\/\/www.casaldelsinfants.org\/wp-content\/uploads\/foto_presentacio_tapa_solidaria.jpg","type":"image\/jpeg"}],"author":"cdiAdmin","twitter_card":"summary_large_image","twitter_creator":"@casalinfants","twitter_site":"@casalinfants","twitter_misc":{"Escrito por":"cdiAdmin","Tiempo de lectura":"2 minutos"},"schema":{"@context":"https:\/\/schema.org","@graph":[{"@type":"Article","@id":"https:\/\/www.casaldelsinfants.org\/es\/actualidad\/el-casal-dels-infants-y-70-restaurantes-presentan-la-8a-edicion-de-la-tapa-solidaria\/#article","isPartOf":{"@id":"https:\/\/www.casaldelsinfants.org\/es\/actualidad\/el-casal-dels-infants-y-70-restaurantes-presentan-la-8a-edicion-de-la-tapa-solidaria\/"},"author":{"name":"cdiAdmin","@id":"https:\/\/www.casaldelsinfants.org\/es\/#\/schema\/person\/97707fc8c64900cf36891127dbf9fba8"},"headline":"El Casal dels Infants y 70 restaurantes presentan la 8\u00aa edici\u00f3n de la Tapa Solid\u00e0ria","datePublished":"2018-10-17T08:58:36+00:00","dateModified":"2023-05-01T17:01:52+00:00","mainEntityOfPage":{"@id":"https:\/\/www.casaldelsinfants.org\/es\/actualidad\/el-casal-dels-infants-y-70-restaurantes-presentan-la-8a-edicion-de-la-tapa-solidaria\/"},"wordCount":474,"commentCount":0,"publisher":{"@id":"https:\/\/www.casaldelsinfants.org\/es\/#organization"},"image":{"@id":"https:\/\/www.casaldelsinfants.org\/es\/actualidad\/el-casal-dels-infants-y-70-restaurantes-presentan-la-8a-edicion-de-la-tapa-solidaria\/#primaryimage"},"thumbnailUrl":"https:\/\/www.casaldelsinfants.org\/wp-content\/uploads\/foto_presentacio_tapa_solidaria.jpg","articleSection":["Noticia"],"inLanguage":"es","potentialAction":[{"@type":"CommentAction","name":"Comment","target":["https:\/\/www.casaldelsinfants.org\/es\/actualidad\/el-casal-dels-infants-y-70-restaurantes-presentan-la-8a-edicion-de-la-tapa-solidaria\/#respond"]}]},{"@type":"WebPage","@id":"https:\/\/www.casaldelsinfants.org\/es\/actualidad\/el-casal-dels-infants-y-70-restaurantes-presentan-la-8a-edicion-de-la-tapa-solidaria\/","url":"https:\/\/www.casaldelsinfants.org\/es\/actualidad\/el-casal-dels-infants-y-70-restaurantes-presentan-la-8a-edicion-de-la-tapa-solidaria\/","name":"El Casal dels Infants y 70 restaurantes presentan la 8\u00aa edici\u00f3n de la Tapa Solid\u00e0ria - Casal dels Infants","isPartOf":{"@id":"https:\/\/www.casaldelsinfants.org\/es\/#website"},"primaryImageOfPage":{"@id":"https:\/\/www.casaldelsinfants.org\/es\/actualidad\/el-casal-dels-infants-y-70-restaurantes-presentan-la-8a-edicion-de-la-tapa-solidaria\/#primaryimage"},"image":{"@id":"https:\/\/www.casaldelsinfants.org\/es\/actualidad\/el-casal-dels-infants-y-70-restaurantes-presentan-la-8a-edicion-de-la-tapa-solidaria\/#primaryimage"},"thumbnailUrl":"https:\/\/www.casaldelsinfants.org\/wp-content\/uploads\/foto_presentacio_tapa_solidaria.jpg","datePublished":"2018-10-17T08:58:36+00:00","dateModified":"2023-05-01T17:01:52+00:00","breadcrumb":{"@id":"https:\/\/www.casaldelsinfants.org\/es\/actualidad\/el-casal-dels-infants-y-70-restaurantes-presentan-la-8a-edicion-de-la-tapa-solidaria\/#breadcrumb"},"inLanguage":"es","potentialAction":[{"@type":"ReadAction","target":["https:\/\/www.casaldelsinfants.org\/es\/actualidad\/el-casal-dels-infants-y-70-restaurantes-presentan-la-8a-edicion-de-la-tapa-solidaria\/"]}]},{"@type":"ImageObject","inLanguage":"es","@id":"https:\/\/www.casaldelsinfants.org\/es\/actualidad\/el-casal-dels-infants-y-70-restaurantes-presentan-la-8a-edicion-de-la-tapa-solidaria\/#primaryimage","url":"https:\/\/www.casaldelsinfants.org\/wp-content\/uploads\/foto_presentacio_tapa_solidaria.jpg","contentUrl":"https:\/\/www.casaldelsinfants.org\/wp-content\/uploads\/foto_presentacio_tapa_solidaria.jpg","width":800,"height":600,"caption":"Foto de grup dels participants a l'event de la tapa solid\u00e0ria."},{"@type":"BreadcrumbList","@id":"https:\/\/www.casaldelsinfants.org\/es\/actualidad\/el-casal-dels-infants-y-70-restaurantes-presentan-la-8a-edicion-de-la-tapa-solidaria\/#breadcrumb","itemListElement":[{"@type":"ListItem","position":1,"name":"Inici","item":"https:\/\/www.casaldelsinfants.org\/es\/"},{"@type":"ListItem","position":2,"name":"El Casal dels Infants y 70 restaurantes presentan la 8\u00aa edici\u00f3n de la Tapa Solid\u00e0ria"}]},{"@type":"WebSite","@id":"https:\/\/www.casaldelsinfants.org\/es\/#website","url":"https:\/\/www.casaldelsinfants.org\/es\/","name":"Casal dels Infants","description":"","publisher":{"@id":"https:\/\/www.casaldelsinfants.org\/es\/#organization"},"potentialAction":[{"@type":"SearchAction","target":{"@type":"EntryPoint","urlTemplate":"https:\/\/www.casaldelsinfants.org\/es\/?s={search_term_string}"},"query-input":{"@type":"PropertyValueSpecification","valueRequired":true,"valueName":"search_term_string"}}],"inLanguage":"es"},{"@type":"Organization","@id":"https:\/\/www.casaldelsinfants.org\/es\/#organization","name":"Casal dels Infants","url":"https:\/\/www.casaldelsinfants.org\/es\/","logo":{"@type":"ImageObject","inLanguage":"es","@id":"https:\/\/www.casaldelsinfants.org\/es\/#\/schema\/logo\/image\/","url":"https:\/\/www.casaldelsinfants.org\/wp-content\/uploads\/logo-mail.png","contentUrl":"https:\/\/www.casaldelsinfants.org\/wp-content\/uploads\/logo-mail.png","width":380,"height":158,"caption":"Casal dels Infants"},"image":{"@id":"https:\/\/www.casaldelsinfants.org\/es\/#\/schema\/logo\/image\/"},"sameAs":["https:\/\/www.facebook.com\/casalinfants","https:\/\/x.com\/casalinfants","https:\/\/www.youtube.com\/user\/CasaldelsInfants1","https:\/\/www.instagram.com\/casalinfants\/","https:\/\/www.linkedin.com\/company\/casaldelsinfants?trk=organization-update_share-update_actor-text"]},{"@type":"Person","@id":"https:\/\/www.casaldelsinfants.org\/es\/#\/schema\/person\/97707fc8c64900cf36891127dbf9fba8","name":"cdiAdmin","sameAs":["https:\/\/casaldelsinfants.org"]}]}},"publishpress_future_action":{"enabled":false,"date":"2026-05-07 10:35:57","action":"change-status","newStatus":"draft","terms":[],"taxonomy":"category","extraData":[]},"publishpress_future_workflow_manual_trigger":{"enabledWorkflows":[]},"_links":{"self":[{"href":"https:\/\/www.casaldelsinfants.org\/es\/wp-json\/wp\/v2\/posts\/4477","targetHints":{"allow":["GET"]}}],"collection":[{"href":"https:\/\/www.casaldelsinfants.org\/es\/wp-json\/wp\/v2\/posts"}],"about":[{"href":"https:\/\/www.casaldelsinfants.org\/es\/wp-json\/wp\/v2\/types\/post"}],"author":[{"embeddable":true,"href":"https:\/\/www.casaldelsinfants.org\/es\/wp-json\/wp\/v2\/users\/1"}],"replies":[{"embeddable":true,"href":"https:\/\/www.casaldelsinfants.org\/es\/wp-json\/wp\/v2\/comments?post=4477"}],"version-history":[{"count":1,"href":"https:\/\/www.casaldelsinfants.org\/es\/wp-json\/wp\/v2\/posts\/4477\/revisions"}],"predecessor-version":[{"id":6406,"href":"https:\/\/www.casaldelsinfants.org\/es\/wp-json\/wp\/v2\/posts\/4477\/revisions\/6406"}],"wp:featuredmedia":[{"embeddable":true,"href":"https:\/\/www.casaldelsinfants.org\/es\/wp-json\/wp\/v2\/media\/3442"}],"wp:attachment":[{"href":"https:\/\/www.casaldelsinfants.org\/es\/wp-json\/wp\/v2\/media?parent=4477"}],"wp:term":[{"taxonomy":"category","embeddable":true,"href":"https:\/\/www.casaldelsinfants.org\/es\/wp-json\/wp\/v2\/categories?post=4477"},{"taxonomy":"post_tag","embeddable":true,"href":"https:\/\/www.casaldelsinfants.org\/es\/wp-json\/wp\/v2\/tags?post=4477"},{"taxonomy":"seus","embeddable":true,"href":"https:\/\/www.casaldelsinfants.org\/es\/wp-json\/wp\/v2\/seus?post=4477"},{"taxonomy":"eixos","embeddable":true,"href":"https:\/\/www.casaldelsinfants.org\/es\/wp-json\/wp\/v2\/eixos?post=4477"}],"curies":[{"name":"wp","href":"https:\/\/api.w.org\/{rel}","templated":true}]}}