{"id":4478,"date":"2018-09-18T12:25:31","date_gmt":"2018-09-18T10:25:31","guid":{"rendered":"https:\/\/casal.puntzero.cat\/noticies\/andilana-i-la-professionalitzacio-de-joves-del-casal-dels-infants-10-anys-dexit\/"},"modified":"2023-06-08T12:40:50","modified_gmt":"2023-06-08T10:40:50","slug":"andilana-i-la-professionalitzacio-de-joves-del-casal-dels-infants-10-anys-dexit","status":"publish","type":"post","link":"https:\/\/www.casaldelsinfants.org\/es\/actualidad\/profesionalizacion-jovenes-casal-dels-infants-10-anos\/","title":{"rendered":"Andilana y la profesionalizaci\u00f3n de j\u00f3venes del Casal dels Infants: 10 a\u00f1os de \u00e9xito"},"content":{"rendered":"","protected":false},"excerpt":{"rendered":"<p class=\"text-align-center\">Yeidy entr\u00f3 por primera vez en el Casal dels Infants en 2009, cargada de ilusi\u00f3n y ganas de esforzarse. Lo ten\u00eda muy claro: quer\u00eda aprender bien un oficio, encontrar trabajo y valerse por s\u00ed misma. El camino para conseguirlo empez\u00f3 en el Programa de Formaci\u00f3 i Inserci\u00f3 Sociolaboral, participando en la formaci\u00f3n de ayudante de camarera. Cuando el grupo Andilana le abri\u00f3 las puertas para realizar las pr\u00e1cticas en uno de sus restaurantes, hizo su gran salto: hoy es la directora del restaurante Baltazhar. Este v\u00eddeo es un reconocimiento a su esfuerzo y a los 10 a\u00f1os que lleva apoy\u00e1ndonos el grupo Andilana.<\/p>\n<p class=\"text-align-center\">\u00a0<\/p>\n<div class=\"video-embed-field-responsive-video form-group\"><iframe loading=\"lazy\" width=\"854\" height=\"480\" frameborder=\"0\" allowfullscreen=\"allowfullscreen\" src=\"https:\/\/www.youtube.com\/embed\/Vl35KmEmF3Q?autoplay=0&amp;start=0&amp;rel=0\"><\/iframe>\n<\/div>\n","protected":false},"author":1,"featured_media":0,"comment_status":"open","ping_status":"open","sticky":false,"template":"","format":"standard","meta":{"_acf_changed":false,"_et_pb_use_builder":"","_et_pb_old_content":"","_et_gb_content_width":"","inline_featured_image":false,"footnotes":""},"categories":[105],"tags":[],"seus":[],"eixos":[102],"class_list":["post-4478","post","type-post","status-publish","format-standard","hentry","category-reportaje","eixos-jovenes"],"acf":[],"yoast_head":"<!-- This site is optimized with the Yoast SEO plugin v27.4 - https:\/\/yoast.com\/product\/yoast-seo-wordpress\/ -->\n<title>Noticias | Casal dels Infants<\/title>\n<meta name=\"description\" content=\"Yeidy encontr\u00f3 en el programa de formaci\u00f3n e inserci\u00f3n del Casal dels Infants el apoyo y la formaci\u00f3n que necesitaba para salir adelante y valerse por s\u00ed misma. Gracias a las pr\u00e1cticas realizadas en el restaurante Baltazhar, y al compromiso del grupo Andina con el Casal dels Infants, pudo conseguir su objetivo. Conoce su historia.\" \/>\n<meta name=\"robots\" content=\"index, follow, max-snippet:-1, max-image-preview:large, max-video-preview:-1\" \/>\n<link rel=\"canonical\" href=\"https:\/\/www.casaldelsinfants.org\/es\/actualidad\/profesionalizacion-jovenes-casal-dels-infants-10-anos\/\" \/>\n<meta property=\"og:locale\" content=\"es_ES\" \/>\n<meta property=\"og:type\" content=\"article\" \/>\n<meta property=\"og:title\" content=\"Noticias | Casal dels Infants\" \/>\n<meta property=\"og:description\" content=\"Yeidy encontr\u00f3 en el programa de formaci\u00f3n e inserci\u00f3n del Casal dels Infants el apoyo y la formaci\u00f3n que necesitaba para salir adelante y valerse por s\u00ed misma. Gracias a las pr\u00e1cticas realizadas en el restaurante Baltazhar, y al compromiso del grupo Andina con el Casal dels Infants, pudo conseguir su objetivo. Conoce su historia.\" \/>\n<meta property=\"og:url\" content=\"https:\/\/www.casaldelsinfants.org\/es\/actualidad\/profesionalizacion-jovenes-casal-dels-infants-10-anos\/\" \/>\n<meta property=\"og:site_name\" content=\"Casal dels Infants\" \/>\n<meta property=\"article:publisher\" content=\"https:\/\/www.facebook.com\/casalinfants\" \/>\n<meta property=\"article:published_time\" content=\"2018-09-18T10:25:31+00:00\" \/>\n<meta property=\"article:modified_time\" content=\"2023-06-08T10:40:50+00:00\" \/>\n<meta name=\"author\" content=\"cdiAdmin\" \/>\n<meta name=\"twitter:card\" content=\"summary_large_image\" \/>\n<meta name=\"twitter:creator\" content=\"@casalinfants\" \/>\n<meta name=\"twitter:site\" content=\"@casalinfants\" \/>\n<meta name=\"twitter:label1\" content=\"Escrito por\" \/>\n\t<meta name=\"twitter:data1\" content=\"cdiAdmin\" \/>\n<script type=\"application\/ld+json\" class=\"yoast-schema-graph\">{\"@context\":\"https:\\\/\\\/schema.org\",\"@graph\":[{\"@type\":\"Article\",\"@id\":\"https:\\\/\\\/www.casaldelsinfants.org\\\/es\\\/actualidad\\\/profesionalizacion-jovenes-casal-dels-infants-10-anos\\\/#article\",\"isPartOf\":{\"@id\":\"https:\\\/\\\/www.casaldelsinfants.org\\\/es\\\/actualidad\\\/profesionalizacion-jovenes-casal-dels-infants-10-anos\\\/\"},\"author\":{\"name\":\"cdiAdmin\",\"@id\":\"https:\\\/\\\/www.casaldelsinfants.org\\\/es\\\/#\\\/schema\\\/person\\\/97707fc8c64900cf36891127dbf9fba8\"},\"headline\":\"Andilana y la profesionalizaci\u00f3n de j\u00f3venes del Casal dels Infants: 10 a\u00f1os de \u00e9xito\",\"datePublished\":\"2018-09-18T10:25:31+00:00\",\"dateModified\":\"2023-06-08T10:40:50+00:00\",\"mainEntityOfPage\":{\"@id\":\"https:\\\/\\\/www.casaldelsinfants.org\\\/es\\\/actualidad\\\/profesionalizacion-jovenes-casal-dels-infants-10-anos\\\/\"},\"wordCount\":16,\"commentCount\":0,\"publisher\":{\"@id\":\"https:\\\/\\\/www.casaldelsinfants.org\\\/es\\\/#organization\"},\"articleSection\":[\"Reportaje\"],\"inLanguage\":\"es\",\"potentialAction\":[{\"@type\":\"CommentAction\",\"name\":\"Comment\",\"target\":[\"https:\\\/\\\/www.casaldelsinfants.org\\\/es\\\/actualidad\\\/profesionalizacion-jovenes-casal-dels-infants-10-anos\\\/#respond\"]}]},{\"@type\":\"WebPage\",\"@id\":\"https:\\\/\\\/www.casaldelsinfants.org\\\/es\\\/actualidad\\\/profesionalizacion-jovenes-casal-dels-infants-10-anos\\\/\",\"url\":\"https:\\\/\\\/www.casaldelsinfants.org\\\/es\\\/actualidad\\\/profesionalizacion-jovenes-casal-dels-infants-10-anos\\\/\",\"name\":\"Noticias | Casal dels Infants\",\"isPartOf\":{\"@id\":\"https:\\\/\\\/www.casaldelsinfants.org\\\/es\\\/#website\"},\"datePublished\":\"2018-09-18T10:25:31+00:00\",\"dateModified\":\"2023-06-08T10:40:50+00:00\",\"description\":\"Yeidy encontr\u00f3 en el programa de formaci\u00f3n e inserci\u00f3n del Casal dels Infants el apoyo y la formaci\u00f3n que necesitaba para salir adelante y valerse por s\u00ed misma. Gracias a las pr\u00e1cticas realizadas en el restaurante Baltazhar, y al compromiso del grupo Andina con el Casal dels Infants, pudo conseguir su objetivo. Conoce su historia.\",\"breadcrumb\":{\"@id\":\"https:\\\/\\\/www.casaldelsinfants.org\\\/es\\\/actualidad\\\/profesionalizacion-jovenes-casal-dels-infants-10-anos\\\/#breadcrumb\"},\"inLanguage\":\"es\",\"potentialAction\":[{\"@type\":\"ReadAction\",\"target\":[\"https:\\\/\\\/www.casaldelsinfants.org\\\/es\\\/actualidad\\\/profesionalizacion-jovenes-casal-dels-infants-10-anos\\\/\"]}]},{\"@type\":\"BreadcrumbList\",\"@id\":\"https:\\\/\\\/www.casaldelsinfants.org\\\/es\\\/actualidad\\\/profesionalizacion-jovenes-casal-dels-infants-10-anos\\\/#breadcrumb\",\"itemListElement\":[{\"@type\":\"ListItem\",\"position\":1,\"name\":\"Inici\",\"item\":\"https:\\\/\\\/www.casaldelsinfants.org\\\/es\\\/\"},{\"@type\":\"ListItem\",\"position\":2,\"name\":\"Andilana y la profesionalizaci\u00f3n de j\u00f3venes del Casal dels Infants: 10 a\u00f1os de \u00e9xito\"}]},{\"@type\":\"WebSite\",\"@id\":\"https:\\\/\\\/www.casaldelsinfants.org\\\/es\\\/#website\",\"url\":\"https:\\\/\\\/www.casaldelsinfants.org\\\/es\\\/\",\"name\":\"Casal dels Infants\",\"description\":\"\",\"publisher\":{\"@id\":\"https:\\\/\\\/www.casaldelsinfants.org\\\/es\\\/#organization\"},\"potentialAction\":[{\"@type\":\"SearchAction\",\"target\":{\"@type\":\"EntryPoint\",\"urlTemplate\":\"https:\\\/\\\/www.casaldelsinfants.org\\\/es\\\/?s={search_term_string}\"},\"query-input\":{\"@type\":\"PropertyValueSpecification\",\"valueRequired\":true,\"valueName\":\"search_term_string\"}}],\"inLanguage\":\"es\"},{\"@type\":\"Organization\",\"@id\":\"https:\\\/\\\/www.casaldelsinfants.org\\\/es\\\/#organization\",\"name\":\"Casal dels Infants\",\"url\":\"https:\\\/\\\/www.casaldelsinfants.org\\\/es\\\/\",\"logo\":{\"@type\":\"ImageObject\",\"inLanguage\":\"es\",\"@id\":\"https:\\\/\\\/www.casaldelsinfants.org\\\/es\\\/#\\\/schema\\\/logo\\\/image\\\/\",\"url\":\"https:\\\/\\\/www.casaldelsinfants.org\\\/wp-content\\\/uploads\\\/logo-mail.png\",\"contentUrl\":\"https:\\\/\\\/www.casaldelsinfants.org\\\/wp-content\\\/uploads\\\/logo-mail.png\",\"width\":380,\"height\":158,\"caption\":\"Casal dels Infants\"},\"image\":{\"@id\":\"https:\\\/\\\/www.casaldelsinfants.org\\\/es\\\/#\\\/schema\\\/logo\\\/image\\\/\"},\"sameAs\":[\"https:\\\/\\\/www.facebook.com\\\/casalinfants\",\"https:\\\/\\\/x.com\\\/casalinfants\",\"https:\\\/\\\/www.youtube.com\\\/user\\\/CasaldelsInfants1\",\"https:\\\/\\\/www.instagram.com\\\/casalinfants\\\/\",\"https:\\\/\\\/www.linkedin.com\\\/company\\\/casaldelsinfants?trk=organization-update_share-update_actor-text\"]},{\"@type\":\"Person\",\"@id\":\"https:\\\/\\\/www.casaldelsinfants.org\\\/es\\\/#\\\/schema\\\/person\\\/97707fc8c64900cf36891127dbf9fba8\",\"name\":\"cdiAdmin\",\"sameAs\":[\"https:\\\/\\\/casaldelsinfants.org\"]}]}<\/script>\n<!-- \/ Yoast SEO plugin. -->","yoast_head_json":{"title":"Noticias | Casal dels Infants","description":"Yeidy encontr\u00f3 en el programa de formaci\u00f3n e inserci\u00f3n del Casal dels Infants el apoyo y la formaci\u00f3n que necesitaba para salir adelante y valerse por s\u00ed misma. Gracias a las pr\u00e1cticas realizadas en el restaurante Baltazhar, y al compromiso del grupo Andina con el Casal dels Infants, pudo conseguir su objetivo. Conoce su historia.","robots":{"index":"index","follow":"follow","max-snippet":"max-snippet:-1","max-image-preview":"max-image-preview:large","max-video-preview":"max-video-preview:-1"},"canonical":"https:\/\/www.casaldelsinfants.org\/es\/actualidad\/profesionalizacion-jovenes-casal-dels-infants-10-anos\/","og_locale":"es_ES","og_type":"article","og_title":"Noticias | Casal dels Infants","og_description":"Yeidy encontr\u00f3 en el programa de formaci\u00f3n e inserci\u00f3n del Casal dels Infants el apoyo y la formaci\u00f3n que necesitaba para salir adelante y valerse por s\u00ed misma. Gracias a las pr\u00e1cticas realizadas en el restaurante Baltazhar, y al compromiso del grupo Andina con el Casal dels Infants, pudo conseguir su objetivo. Conoce su historia.","og_url":"https:\/\/www.casaldelsinfants.org\/es\/actualidad\/profesionalizacion-jovenes-casal-dels-infants-10-anos\/","og_site_name":"Casal dels Infants","article_publisher":"https:\/\/www.facebook.com\/casalinfants","article_published_time":"2018-09-18T10:25:31+00:00","article_modified_time":"2023-06-08T10:40:50+00:00","author":"cdiAdmin","twitter_card":"summary_large_image","twitter_creator":"@casalinfants","twitter_site":"@casalinfants","twitter_misc":{"Escrito por":"cdiAdmin"},"schema":{"@context":"https:\/\/schema.org","@graph":[{"@type":"Article","@id":"https:\/\/www.casaldelsinfants.org\/es\/actualidad\/profesionalizacion-jovenes-casal-dels-infants-10-anos\/#article","isPartOf":{"@id":"https:\/\/www.casaldelsinfants.org\/es\/actualidad\/profesionalizacion-jovenes-casal-dels-infants-10-anos\/"},"author":{"name":"cdiAdmin","@id":"https:\/\/www.casaldelsinfants.org\/es\/#\/schema\/person\/97707fc8c64900cf36891127dbf9fba8"},"headline":"Andilana y la profesionalizaci\u00f3n de j\u00f3venes del Casal dels Infants: 10 a\u00f1os de \u00e9xito","datePublished":"2018-09-18T10:25:31+00:00","dateModified":"2023-06-08T10:40:50+00:00","mainEntityOfPage":{"@id":"https:\/\/www.casaldelsinfants.org\/es\/actualidad\/profesionalizacion-jovenes-casal-dels-infants-10-anos\/"},"wordCount":16,"commentCount":0,"publisher":{"@id":"https:\/\/www.casaldelsinfants.org\/es\/#organization"},"articleSection":["Reportaje"],"inLanguage":"es","potentialAction":[{"@type":"CommentAction","name":"Comment","target":["https:\/\/www.casaldelsinfants.org\/es\/actualidad\/profesionalizacion-jovenes-casal-dels-infants-10-anos\/#respond"]}]},{"@type":"WebPage","@id":"https:\/\/www.casaldelsinfants.org\/es\/actualidad\/profesionalizacion-jovenes-casal-dels-infants-10-anos\/","url":"https:\/\/www.casaldelsinfants.org\/es\/actualidad\/profesionalizacion-jovenes-casal-dels-infants-10-anos\/","name":"Noticias | Casal dels Infants","isPartOf":{"@id":"https:\/\/www.casaldelsinfants.org\/es\/#website"},"datePublished":"2018-09-18T10:25:31+00:00","dateModified":"2023-06-08T10:40:50+00:00","description":"Yeidy encontr\u00f3 en el programa de formaci\u00f3n e inserci\u00f3n del Casal dels Infants el apoyo y la formaci\u00f3n que necesitaba para salir adelante y valerse por s\u00ed misma. Gracias a las pr\u00e1cticas realizadas en el restaurante Baltazhar, y al compromiso del grupo Andina con el Casal dels Infants, pudo conseguir su objetivo. Conoce su historia.","breadcrumb":{"@id":"https:\/\/www.casaldelsinfants.org\/es\/actualidad\/profesionalizacion-jovenes-casal-dels-infants-10-anos\/#breadcrumb"},"inLanguage":"es","potentialAction":[{"@type":"ReadAction","target":["https:\/\/www.casaldelsinfants.org\/es\/actualidad\/profesionalizacion-jovenes-casal-dels-infants-10-anos\/"]}]},{"@type":"BreadcrumbList","@id":"https:\/\/www.casaldelsinfants.org\/es\/actualidad\/profesionalizacion-jovenes-casal-dels-infants-10-anos\/#breadcrumb","itemListElement":[{"@type":"ListItem","position":1,"name":"Inici","item":"https:\/\/www.casaldelsinfants.org\/es\/"},{"@type":"ListItem","position":2,"name":"Andilana y la profesionalizaci\u00f3n de j\u00f3venes del Casal dels Infants: 10 a\u00f1os de \u00e9xito"}]},{"@type":"WebSite","@id":"https:\/\/www.casaldelsinfants.org\/es\/#website","url":"https:\/\/www.casaldelsinfants.org\/es\/","name":"Casal dels Infants","description":"","publisher":{"@id":"https:\/\/www.casaldelsinfants.org\/es\/#organization"},"potentialAction":[{"@type":"SearchAction","target":{"@type":"EntryPoint","urlTemplate":"https:\/\/www.casaldelsinfants.org\/es\/?s={search_term_string}"},"query-input":{"@type":"PropertyValueSpecification","valueRequired":true,"valueName":"search_term_string"}}],"inLanguage":"es"},{"@type":"Organization","@id":"https:\/\/www.casaldelsinfants.org\/es\/#organization","name":"Casal dels Infants","url":"https:\/\/www.casaldelsinfants.org\/es\/","logo":{"@type":"ImageObject","inLanguage":"es","@id":"https:\/\/www.casaldelsinfants.org\/es\/#\/schema\/logo\/image\/","url":"https:\/\/www.casaldelsinfants.org\/wp-content\/uploads\/logo-mail.png","contentUrl":"https:\/\/www.casaldelsinfants.org\/wp-content\/uploads\/logo-mail.png","width":380,"height":158,"caption":"Casal dels Infants"},"image":{"@id":"https:\/\/www.casaldelsinfants.org\/es\/#\/schema\/logo\/image\/"},"sameAs":["https:\/\/www.facebook.com\/casalinfants","https:\/\/x.com\/casalinfants","https:\/\/www.youtube.com\/user\/CasaldelsInfants1","https:\/\/www.instagram.com\/casalinfants\/","https:\/\/www.linkedin.com\/company\/casaldelsinfants?trk=organization-update_share-update_actor-text"]},{"@type":"Person","@id":"https:\/\/www.casaldelsinfants.org\/es\/#\/schema\/person\/97707fc8c64900cf36891127dbf9fba8","name":"cdiAdmin","sameAs":["https:\/\/casaldelsinfants.org"]}]}},"publishpress_future_action":{"enabled":false,"date":"2026-05-07 11:23:43","action":"change-status","newStatus":"draft","terms":[],"taxonomy":"category","extraData":[]},"publishpress_future_workflow_manual_trigger":{"enabledWorkflows":[]},"_links":{"self":[{"href":"https:\/\/www.casaldelsinfants.org\/es\/wp-json\/wp\/v2\/posts\/4478","targetHints":{"allow":["GET"]}}],"collection":[{"href":"https:\/\/www.casaldelsinfants.org\/es\/wp-json\/wp\/v2\/posts"}],"about":[{"href":"https:\/\/www.casaldelsinfants.org\/es\/wp-json\/wp\/v2\/types\/post"}],"author":[{"embeddable":true,"href":"https:\/\/www.casaldelsinfants.org\/es\/wp-json\/wp\/v2\/users\/1"}],"replies":[{"embeddable":true,"href":"https:\/\/www.casaldelsinfants.org\/es\/wp-json\/wp\/v2\/comments?post=4478"}],"version-history":[{"count":1,"href":"https:\/\/www.casaldelsinfants.org\/es\/wp-json\/wp\/v2\/posts\/4478\/revisions"}],"predecessor-version":[{"id":6407,"href":"https:\/\/www.casaldelsinfants.org\/es\/wp-json\/wp\/v2\/posts\/4478\/revisions\/6407"}],"wp:attachment":[{"href":"https:\/\/www.casaldelsinfants.org\/es\/wp-json\/wp\/v2\/media?parent=4478"}],"wp:term":[{"taxonomy":"category","embeddable":true,"href":"https:\/\/www.casaldelsinfants.org\/es\/wp-json\/wp\/v2\/categories?post=4478"},{"taxonomy":"post_tag","embeddable":true,"href":"https:\/\/www.casaldelsinfants.org\/es\/wp-json\/wp\/v2\/tags?post=4478"},{"taxonomy":"seus","embeddable":true,"href":"https:\/\/www.casaldelsinfants.org\/es\/wp-json\/wp\/v2\/seus?post=4478"},{"taxonomy":"eixos","embeddable":true,"href":"https:\/\/www.casaldelsinfants.org\/es\/wp-json\/wp\/v2\/eixos?post=4478"}],"curies":[{"name":"wp","href":"https:\/\/api.w.org\/{rel}","templated":true}]}}