{"id":4480,"date":"2018-09-17T17:24:41","date_gmt":"2018-09-17T15:24:41","guid":{"rendered":"https:\/\/casal.puntzero.cat\/noticies\/fins-lany-que-ve-activitats-destiu\/"},"modified":"2023-05-01T19:01:58","modified_gmt":"2023-05-01T17:01:58","slug":"fins-lany-que-ve-activitats-destiu","status":"publish","type":"post","link":"https:\/\/www.casaldelsinfants.org\/es\/actualidad\/hasta-el-ano-que-viene-actividades-de-verano\/","title":{"rendered":"\u00a1Hasta el a\u00f1o que viene, actividades de verano!"},"content":{"rendered":"<p>Cerca de 2.000 ni\u00f1os y ni\u00f1as y j\u00f3venes en situaci\u00f3n de vulnerabilidad han participado estas vacaciones en las actividades de verano del Casal dels Infants: el casal d&#8217;estiu, las colonias,\u00a0el proyecto de refuerzo del catal\u00e1n CatEstiu y los campos de trabajo para j\u00f3venes.<\/p>\n<p>Estas actividades han permitido a estos chicos y chias disfrutar y aprender durante el verano, compartiendo experiencias y descubriendo espacios naturales que a menudo no tienen a su alcance.<\/p>\n<p><font color=\"#000000\">Pasar el verano en el Casal ha servido para pasarlo bien, valorar la importancia del compa\u00f1erismo, reforzar la autonom\u00eda cuando los padres no est\u00e1n cerca, aprender a respetar a los dem\u00e1s y relacionarse con otros colectivos, como la gente mayor y los \u00abescoltes\u00bb. Participar en el Casal dels Infants durante el verano tambi\u00e9n ha ayudado a muchos chicos y chicas a consolidar conocimientos adquiridos en la escuela y a preparar los ex\u00e1menes de recuperaci\u00f3n en los espacios de refuerzo escolar.<\/font><\/p>\n<p><font color=\"#000000\">En julio, la asociaci\u00f3n ofreci\u00f3 1.550 plazas para ni\u00f1os y ni\u00f1as, adolescentes y j\u00f3venes, 675 en agosto. Tambi\u00e9n dispuso de 350 plazas de servicios que ofrece durante el curso y que en verano han adaptado sus contenidos, como el proyecto maternoinfantil Vincles, el Espai Tecnol\u00f2gic Comunitari y el Casal Familiar.\u00a0<\/font><\/p>\n","protected":false},"excerpt":{"rendered":"<p>Cerca de 2.000 ni\u00f1os y ni\u00f1as y j\u00f3venes en situaci\u00f3n de vulnerabilidad han participado estas vacaciones en las actividades de verano del Casal dels Infants: el casal d&#8217;estiu, las colonias,\u00a0el proyecto de refuerzo del catal\u00e1n CatEstiu y los campos de trabajo para j\u00f3venes. Estas actividades han permitido a estos chicos y chias disfrutar y aprender [&hellip;]<\/p>\n","protected":false},"author":1,"featured_media":3446,"comment_status":"open","ping_status":"open","sticky":false,"template":"","format":"standard","meta":{"_acf_changed":false,"_et_pb_use_builder":"","_et_pb_old_content":"","_et_gb_content_width":"","inline_featured_image":false,"footnotes":""},"categories":[125],"tags":[],"seus":[],"eixos":[99],"class_list":["post-4480","post","type-post","status-publish","format-standard","has-post-thumbnail","hentry","category-noticias","eixos-infancia-y-adolescencia"],"acf":[],"yoast_head":"<!-- This site is optimized with the Yoast SEO plugin v27.4 - https:\/\/yoast.com\/product\/yoast-seo-wordpress\/ -->\n<title>\u00a1Hasta el a\u00f1o que viene, actividades de verano! - Casal dels Infants<\/title>\n<meta name=\"robots\" content=\"index, follow, max-snippet:-1, max-image-preview:large, max-video-preview:-1\" \/>\n<link rel=\"canonical\" href=\"https:\/\/www.casaldelsinfants.org\/es\/actualidad\/hasta-el-ano-que-viene-actividades-de-verano\/\" \/>\n<meta property=\"og:locale\" content=\"es_ES\" \/>\n<meta property=\"og:type\" content=\"article\" \/>\n<meta property=\"og:title\" content=\"\u00a1Hasta el a\u00f1o que viene, actividades de verano! - Casal dels Infants\" \/>\n<meta property=\"og:description\" content=\"Cerca de 2.000 ni\u00f1os y ni\u00f1as y j\u00f3venes en situaci\u00f3n de vulnerabilidad han participado estas vacaciones en las actividades de verano del Casal dels Infants: el casal d&#8217;estiu, las colonias,\u00a0el proyecto de refuerzo del catal\u00e1n CatEstiu y los campos de trabajo para j\u00f3venes. Estas actividades han permitido a estos chicos y chias disfrutar y aprender [&hellip;]\" \/>\n<meta property=\"og:url\" content=\"https:\/\/www.casaldelsinfants.org\/es\/actualidad\/hasta-el-ano-que-viene-actividades-de-verano\/\" \/>\n<meta property=\"og:site_name\" content=\"Casal dels Infants\" \/>\n<meta property=\"article:publisher\" content=\"https:\/\/www.facebook.com\/casalinfants\" \/>\n<meta property=\"article:published_time\" content=\"2018-09-17T15:24:41+00:00\" \/>\n<meta property=\"article:modified_time\" content=\"2023-05-01T17:01:58+00:00\" \/>\n<meta property=\"og:image\" content=\"https:\/\/www.casaldelsinfants.org\/wp-content\/uploads\/butlleti_estiu.jpg\" \/>\n\t<meta property=\"og:image:width\" content=\"1080\" \/>\n\t<meta property=\"og:image:height\" content=\"810\" \/>\n\t<meta property=\"og:image:type\" content=\"image\/jpeg\" \/>\n<meta name=\"author\" content=\"cdiAdmin\" \/>\n<meta name=\"twitter:card\" content=\"summary_large_image\" \/>\n<meta name=\"twitter:creator\" content=\"@casalinfants\" \/>\n<meta name=\"twitter:site\" content=\"@casalinfants\" \/>\n<meta name=\"twitter:label1\" content=\"Escrito por\" \/>\n\t<meta name=\"twitter:data1\" content=\"cdiAdmin\" \/>\n\t<meta name=\"twitter:label2\" content=\"Tiempo de lectura\" \/>\n\t<meta name=\"twitter:data2\" content=\"1 minuto\" \/>\n<script type=\"application\/ld+json\" class=\"yoast-schema-graph\">{\"@context\":\"https:\\\/\\\/schema.org\",\"@graph\":[{\"@type\":\"Article\",\"@id\":\"https:\\\/\\\/www.casaldelsinfants.org\\\/es\\\/actualidad\\\/hasta-el-ano-que-viene-actividades-de-verano\\\/#article\",\"isPartOf\":{\"@id\":\"https:\\\/\\\/www.casaldelsinfants.org\\\/es\\\/actualidad\\\/hasta-el-ano-que-viene-actividades-de-verano\\\/\"},\"author\":{\"name\":\"cdiAdmin\",\"@id\":\"https:\\\/\\\/www.casaldelsinfants.org\\\/es\\\/#\\\/schema\\\/person\\\/97707fc8c64900cf36891127dbf9fba8\"},\"headline\":\"\u00a1Hasta el a\u00f1o que viene, actividades de verano!\",\"datePublished\":\"2018-09-17T15:24:41+00:00\",\"dateModified\":\"2023-05-01T17:01:58+00:00\",\"mainEntityOfPage\":{\"@id\":\"https:\\\/\\\/www.casaldelsinfants.org\\\/es\\\/actualidad\\\/hasta-el-ano-que-viene-actividades-de-verano\\\/\"},\"wordCount\":228,\"commentCount\":0,\"publisher\":{\"@id\":\"https:\\\/\\\/www.casaldelsinfants.org\\\/es\\\/#organization\"},\"image\":{\"@id\":\"https:\\\/\\\/www.casaldelsinfants.org\\\/es\\\/actualidad\\\/hasta-el-ano-que-viene-actividades-de-verano\\\/#primaryimage\"},\"thumbnailUrl\":\"https:\\\/\\\/www.casaldelsinfants.org\\\/wp-content\\\/uploads\\\/butlleti_estiu.jpg\",\"articleSection\":[\"Noticia\"],\"inLanguage\":\"es\",\"potentialAction\":[{\"@type\":\"CommentAction\",\"name\":\"Comment\",\"target\":[\"https:\\\/\\\/www.casaldelsinfants.org\\\/es\\\/actualidad\\\/hasta-el-ano-que-viene-actividades-de-verano\\\/#respond\"]}]},{\"@type\":\"WebPage\",\"@id\":\"https:\\\/\\\/www.casaldelsinfants.org\\\/es\\\/actualidad\\\/hasta-el-ano-que-viene-actividades-de-verano\\\/\",\"url\":\"https:\\\/\\\/www.casaldelsinfants.org\\\/es\\\/actualidad\\\/hasta-el-ano-que-viene-actividades-de-verano\\\/\",\"name\":\"\u00a1Hasta el a\u00f1o que viene, actividades de verano! - Casal dels Infants\",\"isPartOf\":{\"@id\":\"https:\\\/\\\/www.casaldelsinfants.org\\\/es\\\/#website\"},\"primaryImageOfPage\":{\"@id\":\"https:\\\/\\\/www.casaldelsinfants.org\\\/es\\\/actualidad\\\/hasta-el-ano-que-viene-actividades-de-verano\\\/#primaryimage\"},\"image\":{\"@id\":\"https:\\\/\\\/www.casaldelsinfants.org\\\/es\\\/actualidad\\\/hasta-el-ano-que-viene-actividades-de-verano\\\/#primaryimage\"},\"thumbnailUrl\":\"https:\\\/\\\/www.casaldelsinfants.org\\\/wp-content\\\/uploads\\\/butlleti_estiu.jpg\",\"datePublished\":\"2018-09-17T15:24:41+00:00\",\"dateModified\":\"2023-05-01T17:01:58+00:00\",\"breadcrumb\":{\"@id\":\"https:\\\/\\\/www.casaldelsinfants.org\\\/es\\\/actualidad\\\/hasta-el-ano-que-viene-actividades-de-verano\\\/#breadcrumb\"},\"inLanguage\":\"es\",\"potentialAction\":[{\"@type\":\"ReadAction\",\"target\":[\"https:\\\/\\\/www.casaldelsinfants.org\\\/es\\\/actualidad\\\/hasta-el-ano-que-viene-actividades-de-verano\\\/\"]}]},{\"@type\":\"ImageObject\",\"inLanguage\":\"es\",\"@id\":\"https:\\\/\\\/www.casaldelsinfants.org\\\/es\\\/actualidad\\\/hasta-el-ano-que-viene-actividades-de-verano\\\/#primaryimage\",\"url\":\"https:\\\/\\\/www.casaldelsinfants.org\\\/wp-content\\\/uploads\\\/butlleti_estiu.jpg\",\"contentUrl\":\"https:\\\/\\\/www.casaldelsinfants.org\\\/wp-content\\\/uploads\\\/butlleti_estiu.jpg\",\"width\":1080,\"height\":810,\"caption\":\"Fins l\u2019any que ve, activitats d\u2019estiu!\"},{\"@type\":\"BreadcrumbList\",\"@id\":\"https:\\\/\\\/www.casaldelsinfants.org\\\/es\\\/actualidad\\\/hasta-el-ano-que-viene-actividades-de-verano\\\/#breadcrumb\",\"itemListElement\":[{\"@type\":\"ListItem\",\"position\":1,\"name\":\"Inici\",\"item\":\"https:\\\/\\\/www.casaldelsinfants.org\\\/es\\\/\"},{\"@type\":\"ListItem\",\"position\":2,\"name\":\"\u00a1Hasta el a\u00f1o que viene, actividades de verano!\"}]},{\"@type\":\"WebSite\",\"@id\":\"https:\\\/\\\/www.casaldelsinfants.org\\\/es\\\/#website\",\"url\":\"https:\\\/\\\/www.casaldelsinfants.org\\\/es\\\/\",\"name\":\"Casal dels Infants\",\"description\":\"\",\"publisher\":{\"@id\":\"https:\\\/\\\/www.casaldelsinfants.org\\\/es\\\/#organization\"},\"potentialAction\":[{\"@type\":\"SearchAction\",\"target\":{\"@type\":\"EntryPoint\",\"urlTemplate\":\"https:\\\/\\\/www.casaldelsinfants.org\\\/es\\\/?s={search_term_string}\"},\"query-input\":{\"@type\":\"PropertyValueSpecification\",\"valueRequired\":true,\"valueName\":\"search_term_string\"}}],\"inLanguage\":\"es\"},{\"@type\":\"Organization\",\"@id\":\"https:\\\/\\\/www.casaldelsinfants.org\\\/es\\\/#organization\",\"name\":\"Casal dels Infants\",\"url\":\"https:\\\/\\\/www.casaldelsinfants.org\\\/es\\\/\",\"logo\":{\"@type\":\"ImageObject\",\"inLanguage\":\"es\",\"@id\":\"https:\\\/\\\/www.casaldelsinfants.org\\\/es\\\/#\\\/schema\\\/logo\\\/image\\\/\",\"url\":\"https:\\\/\\\/www.casaldelsinfants.org\\\/wp-content\\\/uploads\\\/logo-mail.png\",\"contentUrl\":\"https:\\\/\\\/www.casaldelsinfants.org\\\/wp-content\\\/uploads\\\/logo-mail.png\",\"width\":380,\"height\":158,\"caption\":\"Casal dels Infants\"},\"image\":{\"@id\":\"https:\\\/\\\/www.casaldelsinfants.org\\\/es\\\/#\\\/schema\\\/logo\\\/image\\\/\"},\"sameAs\":[\"https:\\\/\\\/www.facebook.com\\\/casalinfants\",\"https:\\\/\\\/x.com\\\/casalinfants\",\"https:\\\/\\\/www.youtube.com\\\/user\\\/CasaldelsInfants1\",\"https:\\\/\\\/www.instagram.com\\\/casalinfants\\\/\",\"https:\\\/\\\/www.linkedin.com\\\/company\\\/casaldelsinfants?trk=organization-update_share-update_actor-text\"]},{\"@type\":\"Person\",\"@id\":\"https:\\\/\\\/www.casaldelsinfants.org\\\/es\\\/#\\\/schema\\\/person\\\/97707fc8c64900cf36891127dbf9fba8\",\"name\":\"cdiAdmin\",\"sameAs\":[\"https:\\\/\\\/casaldelsinfants.org\"]}]}<\/script>\n<!-- \/ Yoast SEO plugin. -->","yoast_head_json":{"title":"\u00a1Hasta el a\u00f1o que viene, actividades de verano! - Casal dels Infants","robots":{"index":"index","follow":"follow","max-snippet":"max-snippet:-1","max-image-preview":"max-image-preview:large","max-video-preview":"max-video-preview:-1"},"canonical":"https:\/\/www.casaldelsinfants.org\/es\/actualidad\/hasta-el-ano-que-viene-actividades-de-verano\/","og_locale":"es_ES","og_type":"article","og_title":"\u00a1Hasta el a\u00f1o que viene, actividades de verano! - Casal dels Infants","og_description":"Cerca de 2.000 ni\u00f1os y ni\u00f1as y j\u00f3venes en situaci\u00f3n de vulnerabilidad han participado estas vacaciones en las actividades de verano del Casal dels Infants: el casal d&#8217;estiu, las colonias,\u00a0el proyecto de refuerzo del catal\u00e1n CatEstiu y los campos de trabajo para j\u00f3venes. Estas actividades han permitido a estos chicos y chias disfrutar y aprender [&hellip;]","og_url":"https:\/\/www.casaldelsinfants.org\/es\/actualidad\/hasta-el-ano-que-viene-actividades-de-verano\/","og_site_name":"Casal dels Infants","article_publisher":"https:\/\/www.facebook.com\/casalinfants","article_published_time":"2018-09-17T15:24:41+00:00","article_modified_time":"2023-05-01T17:01:58+00:00","og_image":[{"width":1080,"height":810,"url":"https:\/\/www.casaldelsinfants.org\/wp-content\/uploads\/butlleti_estiu.jpg","type":"image\/jpeg"}],"author":"cdiAdmin","twitter_card":"summary_large_image","twitter_creator":"@casalinfants","twitter_site":"@casalinfants","twitter_misc":{"Escrito por":"cdiAdmin","Tiempo de lectura":"1 minuto"},"schema":{"@context":"https:\/\/schema.org","@graph":[{"@type":"Article","@id":"https:\/\/www.casaldelsinfants.org\/es\/actualidad\/hasta-el-ano-que-viene-actividades-de-verano\/#article","isPartOf":{"@id":"https:\/\/www.casaldelsinfants.org\/es\/actualidad\/hasta-el-ano-que-viene-actividades-de-verano\/"},"author":{"name":"cdiAdmin","@id":"https:\/\/www.casaldelsinfants.org\/es\/#\/schema\/person\/97707fc8c64900cf36891127dbf9fba8"},"headline":"\u00a1Hasta el a\u00f1o que viene, actividades de verano!","datePublished":"2018-09-17T15:24:41+00:00","dateModified":"2023-05-01T17:01:58+00:00","mainEntityOfPage":{"@id":"https:\/\/www.casaldelsinfants.org\/es\/actualidad\/hasta-el-ano-que-viene-actividades-de-verano\/"},"wordCount":228,"commentCount":0,"publisher":{"@id":"https:\/\/www.casaldelsinfants.org\/es\/#organization"},"image":{"@id":"https:\/\/www.casaldelsinfants.org\/es\/actualidad\/hasta-el-ano-que-viene-actividades-de-verano\/#primaryimage"},"thumbnailUrl":"https:\/\/www.casaldelsinfants.org\/wp-content\/uploads\/butlleti_estiu.jpg","articleSection":["Noticia"],"inLanguage":"es","potentialAction":[{"@type":"CommentAction","name":"Comment","target":["https:\/\/www.casaldelsinfants.org\/es\/actualidad\/hasta-el-ano-que-viene-actividades-de-verano\/#respond"]}]},{"@type":"WebPage","@id":"https:\/\/www.casaldelsinfants.org\/es\/actualidad\/hasta-el-ano-que-viene-actividades-de-verano\/","url":"https:\/\/www.casaldelsinfants.org\/es\/actualidad\/hasta-el-ano-que-viene-actividades-de-verano\/","name":"\u00a1Hasta el a\u00f1o que viene, actividades de verano! - Casal dels Infants","isPartOf":{"@id":"https:\/\/www.casaldelsinfants.org\/es\/#website"},"primaryImageOfPage":{"@id":"https:\/\/www.casaldelsinfants.org\/es\/actualidad\/hasta-el-ano-que-viene-actividades-de-verano\/#primaryimage"},"image":{"@id":"https:\/\/www.casaldelsinfants.org\/es\/actualidad\/hasta-el-ano-que-viene-actividades-de-verano\/#primaryimage"},"thumbnailUrl":"https:\/\/www.casaldelsinfants.org\/wp-content\/uploads\/butlleti_estiu.jpg","datePublished":"2018-09-17T15:24:41+00:00","dateModified":"2023-05-01T17:01:58+00:00","breadcrumb":{"@id":"https:\/\/www.casaldelsinfants.org\/es\/actualidad\/hasta-el-ano-que-viene-actividades-de-verano\/#breadcrumb"},"inLanguage":"es","potentialAction":[{"@type":"ReadAction","target":["https:\/\/www.casaldelsinfants.org\/es\/actualidad\/hasta-el-ano-que-viene-actividades-de-verano\/"]}]},{"@type":"ImageObject","inLanguage":"es","@id":"https:\/\/www.casaldelsinfants.org\/es\/actualidad\/hasta-el-ano-que-viene-actividades-de-verano\/#primaryimage","url":"https:\/\/www.casaldelsinfants.org\/wp-content\/uploads\/butlleti_estiu.jpg","contentUrl":"https:\/\/www.casaldelsinfants.org\/wp-content\/uploads\/butlleti_estiu.jpg","width":1080,"height":810,"caption":"Fins l\u2019any que ve, activitats d\u2019estiu!"},{"@type":"BreadcrumbList","@id":"https:\/\/www.casaldelsinfants.org\/es\/actualidad\/hasta-el-ano-que-viene-actividades-de-verano\/#breadcrumb","itemListElement":[{"@type":"ListItem","position":1,"name":"Inici","item":"https:\/\/www.casaldelsinfants.org\/es\/"},{"@type":"ListItem","position":2,"name":"\u00a1Hasta el a\u00f1o que viene, actividades de verano!"}]},{"@type":"WebSite","@id":"https:\/\/www.casaldelsinfants.org\/es\/#website","url":"https:\/\/www.casaldelsinfants.org\/es\/","name":"Casal dels Infants","description":"","publisher":{"@id":"https:\/\/www.casaldelsinfants.org\/es\/#organization"},"potentialAction":[{"@type":"SearchAction","target":{"@type":"EntryPoint","urlTemplate":"https:\/\/www.casaldelsinfants.org\/es\/?s={search_term_string}"},"query-input":{"@type":"PropertyValueSpecification","valueRequired":true,"valueName":"search_term_string"}}],"inLanguage":"es"},{"@type":"Organization","@id":"https:\/\/www.casaldelsinfants.org\/es\/#organization","name":"Casal dels Infants","url":"https:\/\/www.casaldelsinfants.org\/es\/","logo":{"@type":"ImageObject","inLanguage":"es","@id":"https:\/\/www.casaldelsinfants.org\/es\/#\/schema\/logo\/image\/","url":"https:\/\/www.casaldelsinfants.org\/wp-content\/uploads\/logo-mail.png","contentUrl":"https:\/\/www.casaldelsinfants.org\/wp-content\/uploads\/logo-mail.png","width":380,"height":158,"caption":"Casal dels Infants"},"image":{"@id":"https:\/\/www.casaldelsinfants.org\/es\/#\/schema\/logo\/image\/"},"sameAs":["https:\/\/www.facebook.com\/casalinfants","https:\/\/x.com\/casalinfants","https:\/\/www.youtube.com\/user\/CasaldelsInfants1","https:\/\/www.instagram.com\/casalinfants\/","https:\/\/www.linkedin.com\/company\/casaldelsinfants?trk=organization-update_share-update_actor-text"]},{"@type":"Person","@id":"https:\/\/www.casaldelsinfants.org\/es\/#\/schema\/person\/97707fc8c64900cf36891127dbf9fba8","name":"cdiAdmin","sameAs":["https:\/\/casaldelsinfants.org"]}]}},"publishpress_future_action":{"enabled":false,"date":"2026-05-07 06:05:31","action":"change-status","newStatus":"draft","terms":[],"taxonomy":"category","extraData":[]},"publishpress_future_workflow_manual_trigger":{"enabledWorkflows":[]},"_links":{"self":[{"href":"https:\/\/www.casaldelsinfants.org\/es\/wp-json\/wp\/v2\/posts\/4480","targetHints":{"allow":["GET"]}}],"collection":[{"href":"https:\/\/www.casaldelsinfants.org\/es\/wp-json\/wp\/v2\/posts"}],"about":[{"href":"https:\/\/www.casaldelsinfants.org\/es\/wp-json\/wp\/v2\/types\/post"}],"author":[{"embeddable":true,"href":"https:\/\/www.casaldelsinfants.org\/es\/wp-json\/wp\/v2\/users\/1"}],"replies":[{"embeddable":true,"href":"https:\/\/www.casaldelsinfants.org\/es\/wp-json\/wp\/v2\/comments?post=4480"}],"version-history":[{"count":1,"href":"https:\/\/www.casaldelsinfants.org\/es\/wp-json\/wp\/v2\/posts\/4480\/revisions"}],"predecessor-version":[{"id":6408,"href":"https:\/\/www.casaldelsinfants.org\/es\/wp-json\/wp\/v2\/posts\/4480\/revisions\/6408"}],"wp:featuredmedia":[{"embeddable":true,"href":"https:\/\/www.casaldelsinfants.org\/es\/wp-json\/wp\/v2\/media\/3446"}],"wp:attachment":[{"href":"https:\/\/www.casaldelsinfants.org\/es\/wp-json\/wp\/v2\/media?parent=4480"}],"wp:term":[{"taxonomy":"category","embeddable":true,"href":"https:\/\/www.casaldelsinfants.org\/es\/wp-json\/wp\/v2\/categories?post=4480"},{"taxonomy":"post_tag","embeddable":true,"href":"https:\/\/www.casaldelsinfants.org\/es\/wp-json\/wp\/v2\/tags?post=4480"},{"taxonomy":"seus","embeddable":true,"href":"https:\/\/www.casaldelsinfants.org\/es\/wp-json\/wp\/v2\/seus?post=4480"},{"taxonomy":"eixos","embeddable":true,"href":"https:\/\/www.casaldelsinfants.org\/es\/wp-json\/wp\/v2\/eixos?post=4480"}],"curies":[{"name":"wp","href":"https:\/\/api.w.org\/{rel}","templated":true}]}}