{"id":4481,"date":"2018-09-17T14:53:08","date_gmt":"2018-09-17T12:53:08","guid":{"rendered":"https:\/\/casal.puntzero.cat\/noticies\/la-gran-nit-solidaria-al-liceu-recapta-65000-eu-favor-del-casal-dels-infants\/"},"modified":"2023-10-26T16:44:48","modified_gmt":"2023-10-26T14:44:48","slug":"la-gran-nit-solidaria-al-liceu-recapta-65000-eu-favor-del-casal-dels-infants","status":"publish","type":"post","link":"https:\/\/www.casaldelsinfants.org\/es\/actualidad\/gran-noche-solidaria-liceu-recauda-dinero-casal-infants\/","title":{"rendered":"La Gran Nit Solid\u00e0ria al Liceu recauda 65.000 \u20ac a favor del Casal dels Infants"},"content":{"rendered":"<p><span style=\"color: #000000;\">La\u00a0<strong>Gran Nit Solid\u00e0ria al Liceu<\/strong>, la cena solidaria que se celebr\u00f3 el pasado 6 de septiembre en el Gran Teatre del Liceu con la participaci\u00f3n de los xefs\u00a0<strong>Carles Abellan<\/strong>,\u00a0<strong>Nandu Jubany<\/strong>,\u00a0<strong>Albert Adri\u00e0<\/strong>\u00a0y\u00a0<strong>Carles Gaig<\/strong>, ha recaudado este a\u00f1o\u00a0<strong>65.000 \u20ac<\/strong>\u00a0a favor del\u00a0Casal dels Infants, gracias\u00a0a la venta de\u00a0<strong>410 entrades<\/strong>.<\/span><\/p>\n<p>La asociaci\u00f3n destinar\u00e1 los fondos al acompa\u00f1amiento de m\u00e1s de 1.000 ni\u00f1os y ni\u00f1as, madres y padres en situaci\u00f3n social de vulnerabilidad. Concretamente, los utilizar\u00e1 para apoyar a ni\u00f1os y ni\u00f1as de 0 a 3 a\u00f1os y sus madres, a menudo mujeres inmigradas sin red de apoyo, mediante los servicios maternoinfantiles <a href=\"https:\/\/www.casaldelsinfants.org\/es\/que-hacemos\/ayudar-a-pequena-infancia-y-familias\/\"><strong><span style=\"color: #000000;\">Vincles y\u00a0Min\u00fascula<\/span><\/strong><\/a><span style=\"color: #000000;\">. Tambi\u00e9n los destinar\u00e1 al <strong>Casal Familiar<\/strong>, un servicio de participaci\u00f3n comunitaria y de asesoramiento para familias.<\/span><\/p>\n<p><span style=\"color: #000000;\">La directora general del Casal dels Infants,\u00a0<strong>Rosa Balaguer<\/strong>, agradeci\u00f3 a los chefs y a todas las personas involucradas en la iniciativa su solidaridad: \u00abAhora que empieza el curso, el compromiso de todos y todas nos ayudar\u00e1 a seguir acompa\u00f1ando a aquellos que tienen m\u00e1s obst\u00e1culos para salir adelante\u00bb.<\/span><\/p>\n<p>La Gran Nit Solid\u00e0ria a favor del Casal dels Infants ha sido organizada por <strong>Cavas Gramona<\/strong>, con la colaboraci\u00f3n del\u00a0<strong>Gran Teatre del Liceu<\/strong>,\u00a0<strong>DM Comunicaci\u00f3<\/strong>,\u00a0<strong>Grup GSR<\/strong>,<strong>Con Sentido Com\u00fan<\/strong>\u00a0y\u00a0<strong>Atr\u00e1palo<\/strong>.<\/p>\n<p><strong>Llu\u00eds Prats<\/strong>, representante de Cavas Gramona, reivindic\u00f3 \u00abla suma de esfuerzos y generosidad\u00bb que permite organizar este acto cada a\u00f1o desde 2015. Este a\u00f1o ha sido su tercera edici\u00f3n en el Gran Teatre del Liceu, dado que el a\u00f1o pasado Abellan, Jubany, Adri\u00e0 y Roca ofrecieron la cena solidaria Fiesta Solidaria de las Estrellas a favor del CAsal dels Infants en el restaurante Bravo del Hotel W.<\/p>\n<p><span style=\"color: #000000;\">En el servicio de la cena participaron m\u00e1s de<strong> 100 personas voluntarias<\/strong> del Casal dels Infants, entre las cuales una treintena de <strong>j\u00f3venes formados en el programa de Formaci\u00f3n e Inserci\u00f3n Sociolaboral<\/strong> de la asociaci\u00f3n.<\/span><\/p>\n","protected":false},"excerpt":{"rendered":"<p>La\u00a0Gran Nit Solid\u00e0ria al Liceu, la cena solidaria que se celebr\u00f3 el pasado 6 de septiembre en el Gran Teatre del Liceu con la participaci\u00f3n de los xefs\u00a0Carles Abellan,\u00a0Nandu Jubany,\u00a0Albert Adri\u00e0\u00a0y\u00a0Carles Gaig, ha recaudado este a\u00f1o\u00a065.000 \u20ac\u00a0a favor del\u00a0Casal dels Infants, gracias\u00a0a la venta de\u00a0410 entrades. La asociaci\u00f3n destinar\u00e1 los fondos al acompa\u00f1amiento de m\u00e1s [&hellip;]<\/p>\n","protected":false},"author":1,"featured_media":3449,"comment_status":"open","ping_status":"open","sticky":false,"template":"","format":"standard","meta":{"_acf_changed":false,"_et_pb_use_builder":"","_et_pb_old_content":"","_et_gb_content_width":"","inline_featured_image":false,"footnotes":""},"categories":[125],"tags":[],"seus":[],"eixos":[],"class_list":["post-4481","post","type-post","status-publish","format-standard","has-post-thumbnail","hentry","category-noticias"],"acf":[],"yoast_head":"<!-- This site is optimized with the Yoast SEO plugin v27.4 - https:\/\/yoast.com\/product\/yoast-seo-wordpress\/ -->\n<title>La Gran Nit Solid\u00e0ria al Liceu recauda 65.000 \u20ac a favor del Casal dels Infants - Casal dels Infants<\/title>\n<meta name=\"robots\" content=\"index, follow, max-snippet:-1, max-image-preview:large, max-video-preview:-1\" \/>\n<link rel=\"canonical\" href=\"https:\/\/www.casaldelsinfants.org\/es\/actualidad\/gran-noche-solidaria-liceu-recauda-dinero-casal-infants\/\" \/>\n<meta property=\"og:locale\" content=\"es_ES\" \/>\n<meta property=\"og:type\" content=\"article\" \/>\n<meta property=\"og:title\" content=\"La Gran Nit Solid\u00e0ria al Liceu recauda 65.000 \u20ac a favor del Casal dels Infants - Casal dels Infants\" \/>\n<meta property=\"og:description\" content=\"La\u00a0Gran Nit Solid\u00e0ria al Liceu, la cena solidaria que se celebr\u00f3 el pasado 6 de septiembre en el Gran Teatre del Liceu con la participaci\u00f3n de los xefs\u00a0Carles Abellan,\u00a0Nandu Jubany,\u00a0Albert Adri\u00e0\u00a0y\u00a0Carles Gaig, ha recaudado este a\u00f1o\u00a065.000 \u20ac\u00a0a favor del\u00a0Casal dels Infants, gracias\u00a0a la venta de\u00a0410 entrades. La asociaci\u00f3n destinar\u00e1 los fondos al acompa\u00f1amiento de m\u00e1s [&hellip;]\" \/>\n<meta property=\"og:url\" content=\"https:\/\/www.casaldelsinfants.org\/es\/actualidad\/gran-noche-solidaria-liceu-recauda-dinero-casal-infants\/\" \/>\n<meta property=\"og:site_name\" content=\"Casal dels Infants\" \/>\n<meta property=\"article:publisher\" content=\"https:\/\/www.facebook.com\/casalinfants\" \/>\n<meta property=\"article:published_time\" content=\"2018-09-17T12:53:08+00:00\" \/>\n<meta property=\"article:modified_time\" content=\"2023-10-26T14:44:48+00:00\" \/>\n<meta property=\"og:image\" content=\"https:\/\/www.casaldelsinfants.org\/wp-content\/uploads\/nit_solidaria_liceu-scaled.jpg\" \/>\n\t<meta property=\"og:image:width\" content=\"2560\" \/>\n\t<meta property=\"og:image:height\" content=\"1707\" \/>\n\t<meta property=\"og:image:type\" content=\"image\/jpeg\" \/>\n<meta name=\"author\" content=\"cdiAdmin\" \/>\n<meta name=\"twitter:card\" content=\"summary_large_image\" \/>\n<meta name=\"twitter:creator\" content=\"@casalinfants\" \/>\n<meta name=\"twitter:site\" content=\"@casalinfants\" \/>\n<meta name=\"twitter:label1\" content=\"Escrito por\" \/>\n\t<meta name=\"twitter:data1\" content=\"cdiAdmin\" \/>\n\t<meta name=\"twitter:label2\" content=\"Tiempo de lectura\" \/>\n\t<meta name=\"twitter:data2\" content=\"2 minutos\" \/>\n<script type=\"application\/ld+json\" class=\"yoast-schema-graph\">{\"@context\":\"https:\\\/\\\/schema.org\",\"@graph\":[{\"@type\":\"Article\",\"@id\":\"https:\\\/\\\/www.casaldelsinfants.org\\\/es\\\/actualidad\\\/gran-noche-solidaria-liceu-recauda-dinero-casal-infants\\\/#article\",\"isPartOf\":{\"@id\":\"https:\\\/\\\/www.casaldelsinfants.org\\\/es\\\/actualidad\\\/gran-noche-solidaria-liceu-recauda-dinero-casal-infants\\\/\"},\"author\":{\"name\":\"cdiAdmin\",\"@id\":\"https:\\\/\\\/www.casaldelsinfants.org\\\/es\\\/#\\\/schema\\\/person\\\/97707fc8c64900cf36891127dbf9fba8\"},\"headline\":\"La Gran Nit Solid\u00e0ria al Liceu recauda 65.000 \u20ac a favor del Casal dels Infants\",\"datePublished\":\"2018-09-17T12:53:08+00:00\",\"dateModified\":\"2023-10-26T14:44:48+00:00\",\"mainEntityOfPage\":{\"@id\":\"https:\\\/\\\/www.casaldelsinfants.org\\\/es\\\/actualidad\\\/gran-noche-solidaria-liceu-recauda-dinero-casal-infants\\\/\"},\"wordCount\":348,\"commentCount\":0,\"publisher\":{\"@id\":\"https:\\\/\\\/www.casaldelsinfants.org\\\/es\\\/#organization\"},\"image\":{\"@id\":\"https:\\\/\\\/www.casaldelsinfants.org\\\/es\\\/actualidad\\\/gran-noche-solidaria-liceu-recauda-dinero-casal-infants\\\/#primaryimage\"},\"thumbnailUrl\":\"https:\\\/\\\/www.casaldelsinfants.org\\\/wp-content\\\/uploads\\\/nit_solidaria_liceu-scaled.jpg\",\"articleSection\":[\"Noticia\"],\"inLanguage\":\"es\",\"potentialAction\":[{\"@type\":\"CommentAction\",\"name\":\"Comment\",\"target\":[\"https:\\\/\\\/www.casaldelsinfants.org\\\/es\\\/actualidad\\\/gran-noche-solidaria-liceu-recauda-dinero-casal-infants\\\/#respond\"]}]},{\"@type\":\"WebPage\",\"@id\":\"https:\\\/\\\/www.casaldelsinfants.org\\\/es\\\/actualidad\\\/gran-noche-solidaria-liceu-recauda-dinero-casal-infants\\\/\",\"url\":\"https:\\\/\\\/www.casaldelsinfants.org\\\/es\\\/actualidad\\\/gran-noche-solidaria-liceu-recauda-dinero-casal-infants\\\/\",\"name\":\"La Gran Nit Solid\u00e0ria al Liceu recauda 65.000 \u20ac a favor del Casal dels Infants - Casal dels Infants\",\"isPartOf\":{\"@id\":\"https:\\\/\\\/www.casaldelsinfants.org\\\/es\\\/#website\"},\"primaryImageOfPage\":{\"@id\":\"https:\\\/\\\/www.casaldelsinfants.org\\\/es\\\/actualidad\\\/gran-noche-solidaria-liceu-recauda-dinero-casal-infants\\\/#primaryimage\"},\"image\":{\"@id\":\"https:\\\/\\\/www.casaldelsinfants.org\\\/es\\\/actualidad\\\/gran-noche-solidaria-liceu-recauda-dinero-casal-infants\\\/#primaryimage\"},\"thumbnailUrl\":\"https:\\\/\\\/www.casaldelsinfants.org\\\/wp-content\\\/uploads\\\/nit_solidaria_liceu-scaled.jpg\",\"datePublished\":\"2018-09-17T12:53:08+00:00\",\"dateModified\":\"2023-10-26T14:44:48+00:00\",\"breadcrumb\":{\"@id\":\"https:\\\/\\\/www.casaldelsinfants.org\\\/es\\\/actualidad\\\/gran-noche-solidaria-liceu-recauda-dinero-casal-infants\\\/#breadcrumb\"},\"inLanguage\":\"es\",\"potentialAction\":[{\"@type\":\"ReadAction\",\"target\":[\"https:\\\/\\\/www.casaldelsinfants.org\\\/es\\\/actualidad\\\/gran-noche-solidaria-liceu-recauda-dinero-casal-infants\\\/\"]}]},{\"@type\":\"ImageObject\",\"inLanguage\":\"es\",\"@id\":\"https:\\\/\\\/www.casaldelsinfants.org\\\/es\\\/actualidad\\\/gran-noche-solidaria-liceu-recauda-dinero-casal-infants\\\/#primaryimage\",\"url\":\"https:\\\/\\\/www.casaldelsinfants.org\\\/wp-content\\\/uploads\\\/nit_solidaria_liceu-scaled.jpg\",\"contentUrl\":\"https:\\\/\\\/www.casaldelsinfants.org\\\/wp-content\\\/uploads\\\/nit_solidaria_liceu-scaled.jpg\",\"width\":2560,\"height\":1707,\"caption\":\"Escenari de la gran nit solid\u00e0ria al Liceu\"},{\"@type\":\"BreadcrumbList\",\"@id\":\"https:\\\/\\\/www.casaldelsinfants.org\\\/es\\\/actualidad\\\/gran-noche-solidaria-liceu-recauda-dinero-casal-infants\\\/#breadcrumb\",\"itemListElement\":[{\"@type\":\"ListItem\",\"position\":1,\"name\":\"Inici\",\"item\":\"https:\\\/\\\/www.casaldelsinfants.org\\\/es\\\/\"},{\"@type\":\"ListItem\",\"position\":2,\"name\":\"La Gran Nit Solid\u00e0ria al Liceu recauda 65.000 \u20ac a favor del Casal dels Infants\"}]},{\"@type\":\"WebSite\",\"@id\":\"https:\\\/\\\/www.casaldelsinfants.org\\\/es\\\/#website\",\"url\":\"https:\\\/\\\/www.casaldelsinfants.org\\\/es\\\/\",\"name\":\"Casal dels Infants\",\"description\":\"\",\"publisher\":{\"@id\":\"https:\\\/\\\/www.casaldelsinfants.org\\\/es\\\/#organization\"},\"potentialAction\":[{\"@type\":\"SearchAction\",\"target\":{\"@type\":\"EntryPoint\",\"urlTemplate\":\"https:\\\/\\\/www.casaldelsinfants.org\\\/es\\\/?s={search_term_string}\"},\"query-input\":{\"@type\":\"PropertyValueSpecification\",\"valueRequired\":true,\"valueName\":\"search_term_string\"}}],\"inLanguage\":\"es\"},{\"@type\":\"Organization\",\"@id\":\"https:\\\/\\\/www.casaldelsinfants.org\\\/es\\\/#organization\",\"name\":\"Casal dels Infants\",\"url\":\"https:\\\/\\\/www.casaldelsinfants.org\\\/es\\\/\",\"logo\":{\"@type\":\"ImageObject\",\"inLanguage\":\"es\",\"@id\":\"https:\\\/\\\/www.casaldelsinfants.org\\\/es\\\/#\\\/schema\\\/logo\\\/image\\\/\",\"url\":\"https:\\\/\\\/www.casaldelsinfants.org\\\/wp-content\\\/uploads\\\/logo-mail.png\",\"contentUrl\":\"https:\\\/\\\/www.casaldelsinfants.org\\\/wp-content\\\/uploads\\\/logo-mail.png\",\"width\":380,\"height\":158,\"caption\":\"Casal dels Infants\"},\"image\":{\"@id\":\"https:\\\/\\\/www.casaldelsinfants.org\\\/es\\\/#\\\/schema\\\/logo\\\/image\\\/\"},\"sameAs\":[\"https:\\\/\\\/www.facebook.com\\\/casalinfants\",\"https:\\\/\\\/x.com\\\/casalinfants\",\"https:\\\/\\\/www.youtube.com\\\/user\\\/CasaldelsInfants1\",\"https:\\\/\\\/www.instagram.com\\\/casalinfants\\\/\",\"https:\\\/\\\/www.linkedin.com\\\/company\\\/casaldelsinfants?trk=organization-update_share-update_actor-text\"]},{\"@type\":\"Person\",\"@id\":\"https:\\\/\\\/www.casaldelsinfants.org\\\/es\\\/#\\\/schema\\\/person\\\/97707fc8c64900cf36891127dbf9fba8\",\"name\":\"cdiAdmin\",\"sameAs\":[\"https:\\\/\\\/casaldelsinfants.org\"]}]}<\/script>\n<!-- \/ Yoast SEO plugin. -->","yoast_head_json":{"title":"La Gran Nit Solid\u00e0ria al Liceu recauda 65.000 \u20ac a favor del Casal dels Infants - Casal dels Infants","robots":{"index":"index","follow":"follow","max-snippet":"max-snippet:-1","max-image-preview":"max-image-preview:large","max-video-preview":"max-video-preview:-1"},"canonical":"https:\/\/www.casaldelsinfants.org\/es\/actualidad\/gran-noche-solidaria-liceu-recauda-dinero-casal-infants\/","og_locale":"es_ES","og_type":"article","og_title":"La Gran Nit Solid\u00e0ria al Liceu recauda 65.000 \u20ac a favor del Casal dels Infants - Casal dels Infants","og_description":"La\u00a0Gran Nit Solid\u00e0ria al Liceu, la cena solidaria que se celebr\u00f3 el pasado 6 de septiembre en el Gran Teatre del Liceu con la participaci\u00f3n de los xefs\u00a0Carles Abellan,\u00a0Nandu Jubany,\u00a0Albert Adri\u00e0\u00a0y\u00a0Carles Gaig, ha recaudado este a\u00f1o\u00a065.000 \u20ac\u00a0a favor del\u00a0Casal dels Infants, gracias\u00a0a la venta de\u00a0410 entrades. La asociaci\u00f3n destinar\u00e1 los fondos al acompa\u00f1amiento de m\u00e1s [&hellip;]","og_url":"https:\/\/www.casaldelsinfants.org\/es\/actualidad\/gran-noche-solidaria-liceu-recauda-dinero-casal-infants\/","og_site_name":"Casal dels Infants","article_publisher":"https:\/\/www.facebook.com\/casalinfants","article_published_time":"2018-09-17T12:53:08+00:00","article_modified_time":"2023-10-26T14:44:48+00:00","og_image":[{"width":2560,"height":1707,"url":"https:\/\/www.casaldelsinfants.org\/wp-content\/uploads\/nit_solidaria_liceu-scaled.jpg","type":"image\/jpeg"}],"author":"cdiAdmin","twitter_card":"summary_large_image","twitter_creator":"@casalinfants","twitter_site":"@casalinfants","twitter_misc":{"Escrito por":"cdiAdmin","Tiempo de lectura":"2 minutos"},"schema":{"@context":"https:\/\/schema.org","@graph":[{"@type":"Article","@id":"https:\/\/www.casaldelsinfants.org\/es\/actualidad\/gran-noche-solidaria-liceu-recauda-dinero-casal-infants\/#article","isPartOf":{"@id":"https:\/\/www.casaldelsinfants.org\/es\/actualidad\/gran-noche-solidaria-liceu-recauda-dinero-casal-infants\/"},"author":{"name":"cdiAdmin","@id":"https:\/\/www.casaldelsinfants.org\/es\/#\/schema\/person\/97707fc8c64900cf36891127dbf9fba8"},"headline":"La Gran Nit Solid\u00e0ria al Liceu recauda 65.000 \u20ac a favor del Casal dels Infants","datePublished":"2018-09-17T12:53:08+00:00","dateModified":"2023-10-26T14:44:48+00:00","mainEntityOfPage":{"@id":"https:\/\/www.casaldelsinfants.org\/es\/actualidad\/gran-noche-solidaria-liceu-recauda-dinero-casal-infants\/"},"wordCount":348,"commentCount":0,"publisher":{"@id":"https:\/\/www.casaldelsinfants.org\/es\/#organization"},"image":{"@id":"https:\/\/www.casaldelsinfants.org\/es\/actualidad\/gran-noche-solidaria-liceu-recauda-dinero-casal-infants\/#primaryimage"},"thumbnailUrl":"https:\/\/www.casaldelsinfants.org\/wp-content\/uploads\/nit_solidaria_liceu-scaled.jpg","articleSection":["Noticia"],"inLanguage":"es","potentialAction":[{"@type":"CommentAction","name":"Comment","target":["https:\/\/www.casaldelsinfants.org\/es\/actualidad\/gran-noche-solidaria-liceu-recauda-dinero-casal-infants\/#respond"]}]},{"@type":"WebPage","@id":"https:\/\/www.casaldelsinfants.org\/es\/actualidad\/gran-noche-solidaria-liceu-recauda-dinero-casal-infants\/","url":"https:\/\/www.casaldelsinfants.org\/es\/actualidad\/gran-noche-solidaria-liceu-recauda-dinero-casal-infants\/","name":"La Gran Nit Solid\u00e0ria al Liceu recauda 65.000 \u20ac a favor del Casal dels Infants - Casal dels Infants","isPartOf":{"@id":"https:\/\/www.casaldelsinfants.org\/es\/#website"},"primaryImageOfPage":{"@id":"https:\/\/www.casaldelsinfants.org\/es\/actualidad\/gran-noche-solidaria-liceu-recauda-dinero-casal-infants\/#primaryimage"},"image":{"@id":"https:\/\/www.casaldelsinfants.org\/es\/actualidad\/gran-noche-solidaria-liceu-recauda-dinero-casal-infants\/#primaryimage"},"thumbnailUrl":"https:\/\/www.casaldelsinfants.org\/wp-content\/uploads\/nit_solidaria_liceu-scaled.jpg","datePublished":"2018-09-17T12:53:08+00:00","dateModified":"2023-10-26T14:44:48+00:00","breadcrumb":{"@id":"https:\/\/www.casaldelsinfants.org\/es\/actualidad\/gran-noche-solidaria-liceu-recauda-dinero-casal-infants\/#breadcrumb"},"inLanguage":"es","potentialAction":[{"@type":"ReadAction","target":["https:\/\/www.casaldelsinfants.org\/es\/actualidad\/gran-noche-solidaria-liceu-recauda-dinero-casal-infants\/"]}]},{"@type":"ImageObject","inLanguage":"es","@id":"https:\/\/www.casaldelsinfants.org\/es\/actualidad\/gran-noche-solidaria-liceu-recauda-dinero-casal-infants\/#primaryimage","url":"https:\/\/www.casaldelsinfants.org\/wp-content\/uploads\/nit_solidaria_liceu-scaled.jpg","contentUrl":"https:\/\/www.casaldelsinfants.org\/wp-content\/uploads\/nit_solidaria_liceu-scaled.jpg","width":2560,"height":1707,"caption":"Escenari de la gran nit solid\u00e0ria al Liceu"},{"@type":"BreadcrumbList","@id":"https:\/\/www.casaldelsinfants.org\/es\/actualidad\/gran-noche-solidaria-liceu-recauda-dinero-casal-infants\/#breadcrumb","itemListElement":[{"@type":"ListItem","position":1,"name":"Inici","item":"https:\/\/www.casaldelsinfants.org\/es\/"},{"@type":"ListItem","position":2,"name":"La Gran Nit Solid\u00e0ria al Liceu recauda 65.000 \u20ac a favor del Casal dels Infants"}]},{"@type":"WebSite","@id":"https:\/\/www.casaldelsinfants.org\/es\/#website","url":"https:\/\/www.casaldelsinfants.org\/es\/","name":"Casal dels Infants","description":"","publisher":{"@id":"https:\/\/www.casaldelsinfants.org\/es\/#organization"},"potentialAction":[{"@type":"SearchAction","target":{"@type":"EntryPoint","urlTemplate":"https:\/\/www.casaldelsinfants.org\/es\/?s={search_term_string}"},"query-input":{"@type":"PropertyValueSpecification","valueRequired":true,"valueName":"search_term_string"}}],"inLanguage":"es"},{"@type":"Organization","@id":"https:\/\/www.casaldelsinfants.org\/es\/#organization","name":"Casal dels Infants","url":"https:\/\/www.casaldelsinfants.org\/es\/","logo":{"@type":"ImageObject","inLanguage":"es","@id":"https:\/\/www.casaldelsinfants.org\/es\/#\/schema\/logo\/image\/","url":"https:\/\/www.casaldelsinfants.org\/wp-content\/uploads\/logo-mail.png","contentUrl":"https:\/\/www.casaldelsinfants.org\/wp-content\/uploads\/logo-mail.png","width":380,"height":158,"caption":"Casal dels Infants"},"image":{"@id":"https:\/\/www.casaldelsinfants.org\/es\/#\/schema\/logo\/image\/"},"sameAs":["https:\/\/www.facebook.com\/casalinfants","https:\/\/x.com\/casalinfants","https:\/\/www.youtube.com\/user\/CasaldelsInfants1","https:\/\/www.instagram.com\/casalinfants\/","https:\/\/www.linkedin.com\/company\/casaldelsinfants?trk=organization-update_share-update_actor-text"]},{"@type":"Person","@id":"https:\/\/www.casaldelsinfants.org\/es\/#\/schema\/person\/97707fc8c64900cf36891127dbf9fba8","name":"cdiAdmin","sameAs":["https:\/\/casaldelsinfants.org"]}]}},"publishpress_future_action":{"enabled":false,"date":"2026-05-07 10:23:53","action":"change-status","newStatus":"draft","terms":[],"taxonomy":"category","extraData":[]},"publishpress_future_workflow_manual_trigger":{"enabledWorkflows":[]},"_links":{"self":[{"href":"https:\/\/www.casaldelsinfants.org\/es\/wp-json\/wp\/v2\/posts\/4481","targetHints":{"allow":["GET"]}}],"collection":[{"href":"https:\/\/www.casaldelsinfants.org\/es\/wp-json\/wp\/v2\/posts"}],"about":[{"href":"https:\/\/www.casaldelsinfants.org\/es\/wp-json\/wp\/v2\/types\/post"}],"author":[{"embeddable":true,"href":"https:\/\/www.casaldelsinfants.org\/es\/wp-json\/wp\/v2\/users\/1"}],"replies":[{"embeddable":true,"href":"https:\/\/www.casaldelsinfants.org\/es\/wp-json\/wp\/v2\/comments?post=4481"}],"version-history":[{"count":2,"href":"https:\/\/www.casaldelsinfants.org\/es\/wp-json\/wp\/v2\/posts\/4481\/revisions"}],"predecessor-version":[{"id":14988,"href":"https:\/\/www.casaldelsinfants.org\/es\/wp-json\/wp\/v2\/posts\/4481\/revisions\/14988"}],"wp:featuredmedia":[{"embeddable":true,"href":"https:\/\/www.casaldelsinfants.org\/es\/wp-json\/wp\/v2\/media\/3449"}],"wp:attachment":[{"href":"https:\/\/www.casaldelsinfants.org\/es\/wp-json\/wp\/v2\/media?parent=4481"}],"wp:term":[{"taxonomy":"category","embeddable":true,"href":"https:\/\/www.casaldelsinfants.org\/es\/wp-json\/wp\/v2\/categories?post=4481"},{"taxonomy":"post_tag","embeddable":true,"href":"https:\/\/www.casaldelsinfants.org\/es\/wp-json\/wp\/v2\/tags?post=4481"},{"taxonomy":"seus","embeddable":true,"href":"https:\/\/www.casaldelsinfants.org\/es\/wp-json\/wp\/v2\/seus?post=4481"},{"taxonomy":"eixos","embeddable":true,"href":"https:\/\/www.casaldelsinfants.org\/es\/wp-json\/wp\/v2\/eixos?post=4481"}],"curies":[{"name":"wp","href":"https:\/\/api.w.org\/{rel}","templated":true}]}}