{"id":4482,"date":"2018-09-17T14:34:05","date_gmt":"2018-09-17T12:34:05","guid":{"rendered":"https:\/\/casal.puntzero.cat\/noticies\/nou-curs-nova-suma-desforcos-la-igualtat-doportunitats\/"},"modified":"2023-05-01T19:02:11","modified_gmt":"2023-05-01T17:02:11","slug":"nou-curs-nova-suma-desforcos-la-igualtat-doportunitats","status":"publish","type":"post","link":"https:\/\/www.casaldelsinfants.org\/es\/actualidad\/nuevo-curso-nueva-suma-de-esfuerzos-por-la-igualdad-de-oportunidades\/","title":{"rendered":"Nuevo curso, nueva suma de esfuerzos por la igualdad de oportunidades"},"content":{"rendered":"<p><span style=\"color:#000000;\">En el Casal dels Infants comenzamos el curso 2018-2019 con el reto de seguir acompa\u00f1ando a m\u00e1s de 7.300 ni\u00f1os y ni\u00f1as, j\u00f3venes y familias en situaci\u00f3n de vulnerabilidad. Y lo hacemos ofreciendo 60 servicios educativos, de recreo y de participaci\u00f3n comunitaria que les permitan avanzar hacia la superaci\u00f3n del riesgo de exclusi\u00f3n social.<\/span><\/p>\n<p><span style=\"color:#000000;\">Un septiembre m\u00e1s, nos ponemos a trabajar codo con codo con las escuelas y los institutos de los barrios donde actuamos, con el objetivo de ofrecer una atenci\u00f3n educativa que supere el horario lectivo. Queremos que los chicos y chicas que tienen m\u00e1s necesidades tengan por la tarde espacios de refuerzo escolar y de recreo para consolidar, de una manera m\u00e1s l\u00fadica, lo que hayan aprendido en la escuela.<\/span><\/p>\n<p><span style=\"color:#000000;\">As\u00ed, mantenemos la colaboraci\u00f3n y el trabajo en red con los institutos Mil\u00e0 i Fontanals y Miquel Tarradell del barrio del Raval de Barcelona; el instituto Barri Bes\u00f2s; la escuela Cascavell y el Institut Escola Sant Adri\u00e0 de Bes\u00f2s en el \u00e1rea del Bes\u00f2s y La Mina; las escuelas les Deveses y Silvestre Santal\u00f3 y el instituto Salvador Espriu de Salt; las escuelas Tanit, Gaud\u00ed, Miguel de Unamuno y los institutos Rafael Alberti, Rafael Casanova y el instituto Eugeni d\u2019Ors de Badalona.<\/span><\/p>\n<p><span style=\"color:#000000;\">De esta manera, queremos sumar esfuerzos para revertir situaciones como la del fracaso escolar. Seg\u00fan un estudio reciente del Centre d\u2019Estudis Demogr\u00e0fics de la Universitat Aut\u00f2noma de Barcelona (UAB), en Catalunya el 10% de alumnos de escuelas p\u00fablicas no obtienen el grado de ESO. LA proporci\u00f3n de alumnos que caen en el fracaso escola, sin embargo, es todav\u00eda m\u00e1s significativa si sus padres han nacido en el extranjero (un 17,3%) o si nacieron en el extranjero y llegaron a Catalunya con 7 o m\u00e1s a\u00f1os (el 29,2%).<\/span><\/p>\n<p><span style=\"color:#000000;\">Teniendo en cuenta que en los barrios donde actuamos hay un elevado porcentaje de la ciudadan\u00eda que ha vivido procesos migratorios, queremos contribuir a lograr que el origen del alumnado o de sus familias no condicione su \u00e9xito acad\u00e9mico. Y lo queremos hacer con la participaci\u00f3n activa de las familias, acerc\u00e1ndolas a los dem\u00e1s recursos y servicios de cada barrio.<\/span><\/p>\n<p>\u00a0<\/p>\n<p class=\"pregunta-entrevista\"><span style=\"color:#000000;\">Nueva sede en La Mina, j\u00f3venes e incidencia<\/span><\/p>\n<p><span style=\"color:#000000;\">Una de las novedades del curso ser\u00e1 el inicio de las obras de construcci\u00f3n de la nueva sede del Casal dels Infants del Bes\u00f2s y La Mina, prevista para el a\u00f1o que viene. Este nuevo espacio no s\u00f3lo supondr\u00e1 una mejora de nuestras instalaciones, sino que quiere ser un punto de encuentro que dinamice la participaci\u00f3n comunitaria de las familias del barrio de La Mina y el trabajo en red con los agentes educativos del territorio.<\/span><\/p>\n<p><span style=\"color:#000000;\">Tampoco queremos dejar de dar voz a los j\u00f3venes, dot\u00e1ndoles de espacios de participaci\u00f3n y recursos que refuercen su autonom\u00eda. En el Casal Jove Atles del Raval, por ejemplo, los chicos y chicas pronto empezar\u00e1n a participar en un taller de radio semanal en colaboraci\u00f3n con la R\u00e0dio Ciutat Vella, impulsada por la Associaci\u00f3 de Ve\u00efns del Raval.<\/span><\/p>\n<p><span style=\"color:#000000;\">En cuanto al Programa de Fromaci\u00f3n e Inserci\u00f3n Sociolaboral, este curso ofrecer\u00e1 un centenar de plazas de formaci\u00f3n para j\u00f3venes en cursos de Hosteler\u00eda y cocina (Barcelona), Acondicionamiento urbano y jardiner\u00eda (La Mina) y Limpieza Industrial (Badalona). La Xarxa d\u2019Acc\u00e9s al Treball (XAT) aumentar\u00e1 la carga lectiva dedicada a la ense\u00f1anza del catal\u00e1n y el castellano, teniendo en cuenta que las competencias ling\u00fc\u00edsticas son fundamentales para mejorar la ocupabilidad de los j\u00f3venes. <\/span><\/p>\n<p><span style=\"color:#000000;\">En mayo se celebrar\u00e1n elecciones municipales, y como hacemos habitualmente en per\u00edodos electorales, este curso queremos volver a trasladar al debate p\u00fablico nuestros posicionamientos y propuestas para revertir las desigualdades. Nos pondremos en contacto con los partidos pol\u00edticos para reivindicar pol\u00edticas p\u00fablicas relacionadas con los derechos de la infancia, la juventud y las familias. Especialmente en relaci\u00f3n a derechos b\u00e1sicos que se les est\u00e1n vulnerando, como el acceso a la vivienda, la regularizaci\u00f3n administrativa de las personas inmigradas y la situaci\u00f3n de segregaci\u00f3n escolar que se da en muchos municipios catalanes.<\/span><\/p>\n<p><span style=\"color:#000000;\">Por todo ello, seguiremos necesitando la suma de esfuerzos de la ciudadan\u00eda, de nuestra red de empresas colaboradas y de las administraciones p\u00fablicas. La movilizaci\u00f3n de las personas voluntarias, nuestro principal rasgo identitario desde que nacimos como asociaci\u00f3n en 1983, seguir\u00e1 siendo clave en nuestra lucha para revertir las desigualdades. Tambi\u00e9n lo ser\u00e1 la solidaridad de la ciudadan\u00eda que nos pueda apoyar a trav\u00e9s de donativos. Entre todos y todas, pues, haremos posible un curso en el que los ni\u00f1os y ni\u00f1as que acompa\u00f1emos, sea cual sea su situaci\u00f3n social, puedan salir adelante.<\/span><\/p>\n","protected":false},"excerpt":{"rendered":"<p>En el Casal dels Infants comenzamos el curso 2018-2019 con el reto de seguir acompa\u00f1ando a m\u00e1s de 7.300 ni\u00f1os y ni\u00f1as, j\u00f3venes y familias en situaci\u00f3n de vulnerabilidad. Y lo hacemos ofreciendo 60 servicios educativos, de recreo y de participaci\u00f3n comunitaria que les permitan avanzar hacia la superaci\u00f3n del riesgo de exclusi\u00f3n social. Un [&hellip;]<\/p>\n","protected":false},"author":1,"featured_media":3452,"comment_status":"open","ping_status":"open","sticky":false,"template":"","format":"standard","meta":{"_acf_changed":false,"_et_pb_use_builder":"","_et_pb_old_content":"","_et_gb_content_width":"","inline_featured_image":false,"footnotes":""},"categories":[125],"tags":[],"seus":[],"eixos":[107],"class_list":["post-4482","post","type-post","status-publish","format-standard","has-post-thumbnail","hentry","category-noticias","eixos-pequena-infancia"],"acf":[],"yoast_head":"<!-- This site is optimized with the Yoast SEO plugin v27.4 - https:\/\/yoast.com\/product\/yoast-seo-wordpress\/ -->\n<title>Nuevo curso, nueva suma de esfuerzos por la igualdad de oportunidades - Casal dels Infants<\/title>\n<meta name=\"robots\" content=\"index, follow, max-snippet:-1, max-image-preview:large, max-video-preview:-1\" \/>\n<link rel=\"canonical\" href=\"https:\/\/www.casaldelsinfants.org\/es\/actualidad\/nuevo-curso-nueva-suma-de-esfuerzos-por-la-igualdad-de-oportunidades\/\" \/>\n<meta property=\"og:locale\" content=\"es_ES\" \/>\n<meta property=\"og:type\" content=\"article\" \/>\n<meta property=\"og:title\" content=\"Nuevo curso, nueva suma de esfuerzos por la igualdad de oportunidades - Casal dels Infants\" \/>\n<meta property=\"og:description\" content=\"En el Casal dels Infants comenzamos el curso 2018-2019 con el reto de seguir acompa\u00f1ando a m\u00e1s de 7.300 ni\u00f1os y ni\u00f1as, j\u00f3venes y familias en situaci\u00f3n de vulnerabilidad. Y lo hacemos ofreciendo 60 servicios educativos, de recreo y de participaci\u00f3n comunitaria que les permitan avanzar hacia la superaci\u00f3n del riesgo de exclusi\u00f3n social. Un [&hellip;]\" \/>\n<meta property=\"og:url\" content=\"https:\/\/www.casaldelsinfants.org\/es\/actualidad\/nuevo-curso-nueva-suma-de-esfuerzos-por-la-igualdad-de-oportunidades\/\" \/>\n<meta property=\"og:site_name\" content=\"Casal dels Infants\" \/>\n<meta property=\"article:publisher\" content=\"https:\/\/www.facebook.com\/casalinfants\" \/>\n<meta property=\"article:published_time\" content=\"2018-09-17T12:34:05+00:00\" \/>\n<meta property=\"article:modified_time\" content=\"2023-05-01T17:02:11+00:00\" \/>\n<meta property=\"og:image\" content=\"https:\/\/www.casaldelsinfants.org\/wp-content\/uploads\/frame_reforc_escolar_sant_roc.jpg\" \/>\n\t<meta property=\"og:image:width\" content=\"1920\" \/>\n\t<meta property=\"og:image:height\" content=\"1080\" \/>\n\t<meta property=\"og:image:type\" content=\"image\/jpeg\" \/>\n<meta name=\"author\" content=\"cdiAdmin\" \/>\n<meta name=\"twitter:card\" content=\"summary_large_image\" \/>\n<meta name=\"twitter:creator\" content=\"@casalinfants\" \/>\n<meta name=\"twitter:site\" content=\"@casalinfants\" \/>\n<meta name=\"twitter:label1\" content=\"Escrito por\" \/>\n\t<meta name=\"twitter:data1\" content=\"cdiAdmin\" \/>\n\t<meta name=\"twitter:label2\" content=\"Tiempo de lectura\" \/>\n\t<meta name=\"twitter:data2\" content=\"4 minutos\" \/>\n<script type=\"application\/ld+json\" class=\"yoast-schema-graph\">{\"@context\":\"https:\\\/\\\/schema.org\",\"@graph\":[{\"@type\":\"Article\",\"@id\":\"https:\\\/\\\/www.casaldelsinfants.org\\\/es\\\/actualidad\\\/nuevo-curso-nueva-suma-de-esfuerzos-por-la-igualdad-de-oportunidades\\\/#article\",\"isPartOf\":{\"@id\":\"https:\\\/\\\/www.casaldelsinfants.org\\\/es\\\/actualidad\\\/nuevo-curso-nueva-suma-de-esfuerzos-por-la-igualdad-de-oportunidades\\\/\"},\"author\":{\"name\":\"cdiAdmin\",\"@id\":\"https:\\\/\\\/www.casaldelsinfants.org\\\/es\\\/#\\\/schema\\\/person\\\/97707fc8c64900cf36891127dbf9fba8\"},\"headline\":\"Nuevo curso, nueva suma de esfuerzos por la igualdad de oportunidades\",\"datePublished\":\"2018-09-17T12:34:05+00:00\",\"dateModified\":\"2023-05-01T17:02:11+00:00\",\"mainEntityOfPage\":{\"@id\":\"https:\\\/\\\/www.casaldelsinfants.org\\\/es\\\/actualidad\\\/nuevo-curso-nueva-suma-de-esfuerzos-por-la-igualdad-de-oportunidades\\\/\"},\"wordCount\":837,\"commentCount\":0,\"publisher\":{\"@id\":\"https:\\\/\\\/www.casaldelsinfants.org\\\/es\\\/#organization\"},\"image\":{\"@id\":\"https:\\\/\\\/www.casaldelsinfants.org\\\/es\\\/actualidad\\\/nuevo-curso-nueva-suma-de-esfuerzos-por-la-igualdad-de-oportunidades\\\/#primaryimage\"},\"thumbnailUrl\":\"https:\\\/\\\/www.casaldelsinfants.org\\\/wp-content\\\/uploads\\\/frame_reforc_escolar_sant_roc.jpg\",\"articleSection\":[\"Noticia\"],\"inLanguage\":\"es\",\"potentialAction\":[{\"@type\":\"CommentAction\",\"name\":\"Comment\",\"target\":[\"https:\\\/\\\/www.casaldelsinfants.org\\\/es\\\/actualidad\\\/nuevo-curso-nueva-suma-de-esfuerzos-por-la-igualdad-de-oportunidades\\\/#respond\"]}]},{\"@type\":\"WebPage\",\"@id\":\"https:\\\/\\\/www.casaldelsinfants.org\\\/es\\\/actualidad\\\/nuevo-curso-nueva-suma-de-esfuerzos-por-la-igualdad-de-oportunidades\\\/\",\"url\":\"https:\\\/\\\/www.casaldelsinfants.org\\\/es\\\/actualidad\\\/nuevo-curso-nueva-suma-de-esfuerzos-por-la-igualdad-de-oportunidades\\\/\",\"name\":\"Nuevo curso, nueva suma de esfuerzos por la igualdad de oportunidades - Casal dels Infants\",\"isPartOf\":{\"@id\":\"https:\\\/\\\/www.casaldelsinfants.org\\\/es\\\/#website\"},\"primaryImageOfPage\":{\"@id\":\"https:\\\/\\\/www.casaldelsinfants.org\\\/es\\\/actualidad\\\/nuevo-curso-nueva-suma-de-esfuerzos-por-la-igualdad-de-oportunidades\\\/#primaryimage\"},\"image\":{\"@id\":\"https:\\\/\\\/www.casaldelsinfants.org\\\/es\\\/actualidad\\\/nuevo-curso-nueva-suma-de-esfuerzos-por-la-igualdad-de-oportunidades\\\/#primaryimage\"},\"thumbnailUrl\":\"https:\\\/\\\/www.casaldelsinfants.org\\\/wp-content\\\/uploads\\\/frame_reforc_escolar_sant_roc.jpg\",\"datePublished\":\"2018-09-17T12:34:05+00:00\",\"dateModified\":\"2023-05-01T17:02:11+00:00\",\"breadcrumb\":{\"@id\":\"https:\\\/\\\/www.casaldelsinfants.org\\\/es\\\/actualidad\\\/nuevo-curso-nueva-suma-de-esfuerzos-por-la-igualdad-de-oportunidades\\\/#breadcrumb\"},\"inLanguage\":\"es\",\"potentialAction\":[{\"@type\":\"ReadAction\",\"target\":[\"https:\\\/\\\/www.casaldelsinfants.org\\\/es\\\/actualidad\\\/nuevo-curso-nueva-suma-de-esfuerzos-por-la-igualdad-de-oportunidades\\\/\"]}]},{\"@type\":\"ImageObject\",\"inLanguage\":\"es\",\"@id\":\"https:\\\/\\\/www.casaldelsinfants.org\\\/es\\\/actualidad\\\/nuevo-curso-nueva-suma-de-esfuerzos-por-la-igualdad-de-oportunidades\\\/#primaryimage\",\"url\":\"https:\\\/\\\/www.casaldelsinfants.org\\\/wp-content\\\/uploads\\\/frame_reforc_escolar_sant_roc.jpg\",\"contentUrl\":\"https:\\\/\\\/www.casaldelsinfants.org\\\/wp-content\\\/uploads\\\/frame_reforc_escolar_sant_roc.jpg\",\"width\":1920,\"height\":1080,\"caption\":\"Participants del Casal dels Infants fent deures\"},{\"@type\":\"BreadcrumbList\",\"@id\":\"https:\\\/\\\/www.casaldelsinfants.org\\\/es\\\/actualidad\\\/nuevo-curso-nueva-suma-de-esfuerzos-por-la-igualdad-de-oportunidades\\\/#breadcrumb\",\"itemListElement\":[{\"@type\":\"ListItem\",\"position\":1,\"name\":\"Inici\",\"item\":\"https:\\\/\\\/www.casaldelsinfants.org\\\/es\\\/\"},{\"@type\":\"ListItem\",\"position\":2,\"name\":\"Nuevo curso, nueva suma de esfuerzos por la igualdad de oportunidades\"}]},{\"@type\":\"WebSite\",\"@id\":\"https:\\\/\\\/www.casaldelsinfants.org\\\/es\\\/#website\",\"url\":\"https:\\\/\\\/www.casaldelsinfants.org\\\/es\\\/\",\"name\":\"Casal dels Infants\",\"description\":\"\",\"publisher\":{\"@id\":\"https:\\\/\\\/www.casaldelsinfants.org\\\/es\\\/#organization\"},\"potentialAction\":[{\"@type\":\"SearchAction\",\"target\":{\"@type\":\"EntryPoint\",\"urlTemplate\":\"https:\\\/\\\/www.casaldelsinfants.org\\\/es\\\/?s={search_term_string}\"},\"query-input\":{\"@type\":\"PropertyValueSpecification\",\"valueRequired\":true,\"valueName\":\"search_term_string\"}}],\"inLanguage\":\"es\"},{\"@type\":\"Organization\",\"@id\":\"https:\\\/\\\/www.casaldelsinfants.org\\\/es\\\/#organization\",\"name\":\"Casal dels Infants\",\"url\":\"https:\\\/\\\/www.casaldelsinfants.org\\\/es\\\/\",\"logo\":{\"@type\":\"ImageObject\",\"inLanguage\":\"es\",\"@id\":\"https:\\\/\\\/www.casaldelsinfants.org\\\/es\\\/#\\\/schema\\\/logo\\\/image\\\/\",\"url\":\"https:\\\/\\\/www.casaldelsinfants.org\\\/wp-content\\\/uploads\\\/logo-mail.png\",\"contentUrl\":\"https:\\\/\\\/www.casaldelsinfants.org\\\/wp-content\\\/uploads\\\/logo-mail.png\",\"width\":380,\"height\":158,\"caption\":\"Casal dels Infants\"},\"image\":{\"@id\":\"https:\\\/\\\/www.casaldelsinfants.org\\\/es\\\/#\\\/schema\\\/logo\\\/image\\\/\"},\"sameAs\":[\"https:\\\/\\\/www.facebook.com\\\/casalinfants\",\"https:\\\/\\\/x.com\\\/casalinfants\",\"https:\\\/\\\/www.youtube.com\\\/user\\\/CasaldelsInfants1\",\"https:\\\/\\\/www.instagram.com\\\/casalinfants\\\/\",\"https:\\\/\\\/www.linkedin.com\\\/company\\\/casaldelsinfants?trk=organization-update_share-update_actor-text\"]},{\"@type\":\"Person\",\"@id\":\"https:\\\/\\\/www.casaldelsinfants.org\\\/es\\\/#\\\/schema\\\/person\\\/97707fc8c64900cf36891127dbf9fba8\",\"name\":\"cdiAdmin\",\"sameAs\":[\"https:\\\/\\\/casaldelsinfants.org\"]}]}<\/script>\n<!-- \/ Yoast SEO plugin. -->","yoast_head_json":{"title":"Nuevo curso, nueva suma de esfuerzos por la igualdad de oportunidades - Casal dels Infants","robots":{"index":"index","follow":"follow","max-snippet":"max-snippet:-1","max-image-preview":"max-image-preview:large","max-video-preview":"max-video-preview:-1"},"canonical":"https:\/\/www.casaldelsinfants.org\/es\/actualidad\/nuevo-curso-nueva-suma-de-esfuerzos-por-la-igualdad-de-oportunidades\/","og_locale":"es_ES","og_type":"article","og_title":"Nuevo curso, nueva suma de esfuerzos por la igualdad de oportunidades - Casal dels Infants","og_description":"En el Casal dels Infants comenzamos el curso 2018-2019 con el reto de seguir acompa\u00f1ando a m\u00e1s de 7.300 ni\u00f1os y ni\u00f1as, j\u00f3venes y familias en situaci\u00f3n de vulnerabilidad. Y lo hacemos ofreciendo 60 servicios educativos, de recreo y de participaci\u00f3n comunitaria que les permitan avanzar hacia la superaci\u00f3n del riesgo de exclusi\u00f3n social. Un [&hellip;]","og_url":"https:\/\/www.casaldelsinfants.org\/es\/actualidad\/nuevo-curso-nueva-suma-de-esfuerzos-por-la-igualdad-de-oportunidades\/","og_site_name":"Casal dels Infants","article_publisher":"https:\/\/www.facebook.com\/casalinfants","article_published_time":"2018-09-17T12:34:05+00:00","article_modified_time":"2023-05-01T17:02:11+00:00","og_image":[{"width":1920,"height":1080,"url":"https:\/\/www.casaldelsinfants.org\/wp-content\/uploads\/frame_reforc_escolar_sant_roc.jpg","type":"image\/jpeg"}],"author":"cdiAdmin","twitter_card":"summary_large_image","twitter_creator":"@casalinfants","twitter_site":"@casalinfants","twitter_misc":{"Escrito por":"cdiAdmin","Tiempo de lectura":"4 minutos"},"schema":{"@context":"https:\/\/schema.org","@graph":[{"@type":"Article","@id":"https:\/\/www.casaldelsinfants.org\/es\/actualidad\/nuevo-curso-nueva-suma-de-esfuerzos-por-la-igualdad-de-oportunidades\/#article","isPartOf":{"@id":"https:\/\/www.casaldelsinfants.org\/es\/actualidad\/nuevo-curso-nueva-suma-de-esfuerzos-por-la-igualdad-de-oportunidades\/"},"author":{"name":"cdiAdmin","@id":"https:\/\/www.casaldelsinfants.org\/es\/#\/schema\/person\/97707fc8c64900cf36891127dbf9fba8"},"headline":"Nuevo curso, nueva suma de esfuerzos por la igualdad de oportunidades","datePublished":"2018-09-17T12:34:05+00:00","dateModified":"2023-05-01T17:02:11+00:00","mainEntityOfPage":{"@id":"https:\/\/www.casaldelsinfants.org\/es\/actualidad\/nuevo-curso-nueva-suma-de-esfuerzos-por-la-igualdad-de-oportunidades\/"},"wordCount":837,"commentCount":0,"publisher":{"@id":"https:\/\/www.casaldelsinfants.org\/es\/#organization"},"image":{"@id":"https:\/\/www.casaldelsinfants.org\/es\/actualidad\/nuevo-curso-nueva-suma-de-esfuerzos-por-la-igualdad-de-oportunidades\/#primaryimage"},"thumbnailUrl":"https:\/\/www.casaldelsinfants.org\/wp-content\/uploads\/frame_reforc_escolar_sant_roc.jpg","articleSection":["Noticia"],"inLanguage":"es","potentialAction":[{"@type":"CommentAction","name":"Comment","target":["https:\/\/www.casaldelsinfants.org\/es\/actualidad\/nuevo-curso-nueva-suma-de-esfuerzos-por-la-igualdad-de-oportunidades\/#respond"]}]},{"@type":"WebPage","@id":"https:\/\/www.casaldelsinfants.org\/es\/actualidad\/nuevo-curso-nueva-suma-de-esfuerzos-por-la-igualdad-de-oportunidades\/","url":"https:\/\/www.casaldelsinfants.org\/es\/actualidad\/nuevo-curso-nueva-suma-de-esfuerzos-por-la-igualdad-de-oportunidades\/","name":"Nuevo curso, nueva suma de esfuerzos por la igualdad de oportunidades - Casal dels Infants","isPartOf":{"@id":"https:\/\/www.casaldelsinfants.org\/es\/#website"},"primaryImageOfPage":{"@id":"https:\/\/www.casaldelsinfants.org\/es\/actualidad\/nuevo-curso-nueva-suma-de-esfuerzos-por-la-igualdad-de-oportunidades\/#primaryimage"},"image":{"@id":"https:\/\/www.casaldelsinfants.org\/es\/actualidad\/nuevo-curso-nueva-suma-de-esfuerzos-por-la-igualdad-de-oportunidades\/#primaryimage"},"thumbnailUrl":"https:\/\/www.casaldelsinfants.org\/wp-content\/uploads\/frame_reforc_escolar_sant_roc.jpg","datePublished":"2018-09-17T12:34:05+00:00","dateModified":"2023-05-01T17:02:11+00:00","breadcrumb":{"@id":"https:\/\/www.casaldelsinfants.org\/es\/actualidad\/nuevo-curso-nueva-suma-de-esfuerzos-por-la-igualdad-de-oportunidades\/#breadcrumb"},"inLanguage":"es","potentialAction":[{"@type":"ReadAction","target":["https:\/\/www.casaldelsinfants.org\/es\/actualidad\/nuevo-curso-nueva-suma-de-esfuerzos-por-la-igualdad-de-oportunidades\/"]}]},{"@type":"ImageObject","inLanguage":"es","@id":"https:\/\/www.casaldelsinfants.org\/es\/actualidad\/nuevo-curso-nueva-suma-de-esfuerzos-por-la-igualdad-de-oportunidades\/#primaryimage","url":"https:\/\/www.casaldelsinfants.org\/wp-content\/uploads\/frame_reforc_escolar_sant_roc.jpg","contentUrl":"https:\/\/www.casaldelsinfants.org\/wp-content\/uploads\/frame_reforc_escolar_sant_roc.jpg","width":1920,"height":1080,"caption":"Participants del Casal dels Infants fent deures"},{"@type":"BreadcrumbList","@id":"https:\/\/www.casaldelsinfants.org\/es\/actualidad\/nuevo-curso-nueva-suma-de-esfuerzos-por-la-igualdad-de-oportunidades\/#breadcrumb","itemListElement":[{"@type":"ListItem","position":1,"name":"Inici","item":"https:\/\/www.casaldelsinfants.org\/es\/"},{"@type":"ListItem","position":2,"name":"Nuevo curso, nueva suma de esfuerzos por la igualdad de oportunidades"}]},{"@type":"WebSite","@id":"https:\/\/www.casaldelsinfants.org\/es\/#website","url":"https:\/\/www.casaldelsinfants.org\/es\/","name":"Casal dels Infants","description":"","publisher":{"@id":"https:\/\/www.casaldelsinfants.org\/es\/#organization"},"potentialAction":[{"@type":"SearchAction","target":{"@type":"EntryPoint","urlTemplate":"https:\/\/www.casaldelsinfants.org\/es\/?s={search_term_string}"},"query-input":{"@type":"PropertyValueSpecification","valueRequired":true,"valueName":"search_term_string"}}],"inLanguage":"es"},{"@type":"Organization","@id":"https:\/\/www.casaldelsinfants.org\/es\/#organization","name":"Casal dels Infants","url":"https:\/\/www.casaldelsinfants.org\/es\/","logo":{"@type":"ImageObject","inLanguage":"es","@id":"https:\/\/www.casaldelsinfants.org\/es\/#\/schema\/logo\/image\/","url":"https:\/\/www.casaldelsinfants.org\/wp-content\/uploads\/logo-mail.png","contentUrl":"https:\/\/www.casaldelsinfants.org\/wp-content\/uploads\/logo-mail.png","width":380,"height":158,"caption":"Casal dels Infants"},"image":{"@id":"https:\/\/www.casaldelsinfants.org\/es\/#\/schema\/logo\/image\/"},"sameAs":["https:\/\/www.facebook.com\/casalinfants","https:\/\/x.com\/casalinfants","https:\/\/www.youtube.com\/user\/CasaldelsInfants1","https:\/\/www.instagram.com\/casalinfants\/","https:\/\/www.linkedin.com\/company\/casaldelsinfants?trk=organization-update_share-update_actor-text"]},{"@type":"Person","@id":"https:\/\/www.casaldelsinfants.org\/es\/#\/schema\/person\/97707fc8c64900cf36891127dbf9fba8","name":"cdiAdmin","sameAs":["https:\/\/casaldelsinfants.org"]}]}},"publishpress_future_action":{"enabled":false,"date":"2026-05-07 10:36:23","action":"change-status","newStatus":"draft","terms":[],"taxonomy":"category","extraData":[]},"publishpress_future_workflow_manual_trigger":{"enabledWorkflows":[]},"_links":{"self":[{"href":"https:\/\/www.casaldelsinfants.org\/es\/wp-json\/wp\/v2\/posts\/4482","targetHints":{"allow":["GET"]}}],"collection":[{"href":"https:\/\/www.casaldelsinfants.org\/es\/wp-json\/wp\/v2\/posts"}],"about":[{"href":"https:\/\/www.casaldelsinfants.org\/es\/wp-json\/wp\/v2\/types\/post"}],"author":[{"embeddable":true,"href":"https:\/\/www.casaldelsinfants.org\/es\/wp-json\/wp\/v2\/users\/1"}],"replies":[{"embeddable":true,"href":"https:\/\/www.casaldelsinfants.org\/es\/wp-json\/wp\/v2\/comments?post=4482"}],"version-history":[{"count":1,"href":"https:\/\/www.casaldelsinfants.org\/es\/wp-json\/wp\/v2\/posts\/4482\/revisions"}],"predecessor-version":[{"id":6410,"href":"https:\/\/www.casaldelsinfants.org\/es\/wp-json\/wp\/v2\/posts\/4482\/revisions\/6410"}],"wp:featuredmedia":[{"embeddable":true,"href":"https:\/\/www.casaldelsinfants.org\/es\/wp-json\/wp\/v2\/media\/3452"}],"wp:attachment":[{"href":"https:\/\/www.casaldelsinfants.org\/es\/wp-json\/wp\/v2\/media?parent=4482"}],"wp:term":[{"taxonomy":"category","embeddable":true,"href":"https:\/\/www.casaldelsinfants.org\/es\/wp-json\/wp\/v2\/categories?post=4482"},{"taxonomy":"post_tag","embeddable":true,"href":"https:\/\/www.casaldelsinfants.org\/es\/wp-json\/wp\/v2\/tags?post=4482"},{"taxonomy":"seus","embeddable":true,"href":"https:\/\/www.casaldelsinfants.org\/es\/wp-json\/wp\/v2\/seus?post=4482"},{"taxonomy":"eixos","embeddable":true,"href":"https:\/\/www.casaldelsinfants.org\/es\/wp-json\/wp\/v2\/eixos?post=4482"}],"curies":[{"name":"wp","href":"https:\/\/api.w.org\/{rel}","templated":true}]}}